{"id":74575,"date":"2025-08-28T21:33:16","date_gmt":"2025-08-28T19:33:16","guid":{"rendered":"https:\/\/canfali.com\/?p=74575"},"modified":"2025-08-30T06:08:10","modified_gmt":"2025-08-30T04:08:10","slug":"la-xara-en-festes","status":"publish","type":"post","link":"https:\/\/canfali.com\/ca-es\/la-xara-en-festes\/","title":{"rendered":"La Xara ja est\u00e0 en Festes"},"content":{"rendered":"\n<p>La Xara ha estrenat este dijous les seues festes patronals amb el tradicional preg\u00f3 a c\u00e0rrec dels quintos i el xupina\u00e7o. Les celebracions duraran fins el 7 de setembre amb els tradicionals actes que s\u2019enmarquen en una programaci\u00f3 que ha preparat la Comissi\u00f3 de Festes. Al llarg d\u2019estos dies hi haur\u00e0 m\u00fasica, bous al carrer, carrosses, quintades, coets, festa pels xiquets, \u2026 i, sobretot, la jornada dedicada al patr\u00f3 Sant Mateu, que tindr\u00e0 lloc el diumenge 31 d\u2019agost. A m\u00e9s, este divendres 29 d\u2019agost tindr\u00e0 lloc la presentaci\u00f3.&nbsp;<\/p>\n\n\n\n<p>El programa de festes per a estos dies \u00e9s el seg\u00fcent:<\/p>\n\n\n\n<figure class=\"wp-block-gallery has-nested-images columns-1 is-cropped wp-block-gallery-15 is-layout-flex wp-block-gallery-is-layout-flex\">\n<figure class=\"wp-block-image size-large\"><img fetchpriority=\"high\" decoding=\"async\" width=\"1024\" height=\"683\" data-id=\"74584\" src=\"https:\/\/canfali.com\/app\/uploads\/2025\/08\/5Q0A0014-1024x683.jpg\" alt=\"\" class=\"wp-image-74584\" srcset=\"https:\/\/canfali.com\/app\/uploads\/2025\/08\/5Q0A0014-1024x683.jpg 1024w, https:\/\/canfali.com\/app\/uploads\/2025\/08\/5Q0A0014-300x200.jpg 300w, https:\/\/canfali.com\/app\/uploads\/2025\/08\/5Q0A0014-768x512.jpg 768w, https:\/\/canfali.com\/app\/uploads\/2025\/08\/5Q0A0014-1536x1024.jpg 1536w, https:\/\/canfali.com\/app\/uploads\/2025\/08\/5Q0A0014-2048x1365.jpg 2048w, https:\/\/canfali.com\/app\/uploads\/2025\/08\/5Q0A0014-scaled.jpg 2560w\" sizes=\"(max-width: 1024px) 100vw, 1024px\" \/><\/figure>\n\n\n\n<figure class=\"wp-block-image size-large\"><img decoding=\"async\" width=\"1024\" height=\"683\" data-id=\"74607\" src=\"https:\/\/canfali.com\/app\/uploads\/2025\/08\/lino-rosello-digi-1024x683.jpg\" alt=\"\" class=\"wp-image-74607\" srcset=\"https:\/\/canfali.com\/app\/uploads\/2025\/08\/lino-rosello-digi-1024x683.jpg 1024w, https:\/\/canfali.com\/app\/uploads\/2025\/08\/lino-rosello-digi-300x200.jpg 300w, https:\/\/canfali.com\/app\/uploads\/2025\/08\/lino-rosello-digi-768x512.jpg 768w, https:\/\/canfali.com\/app\/uploads\/2025\/08\/lino-rosello-digi-1536x1024.jpg 1536w, https:\/\/canfali.com\/app\/uploads\/2025\/08\/lino-rosello-digi-2048x1365.jpg 2048w, https:\/\/canfali.com\/app\/uploads\/2025\/08\/lino-rosello-digi-scaled.jpg 2560w\" sizes=\"(max-width: 1024px) 100vw, 1024px\" \/><\/figure>\n\n\n\n<figure class=\"wp-block-image size-large\"><img decoding=\"async\" width=\"1024\" height=\"683\" data-id=\"74578\" src=\"https:\/\/canfali.com\/app\/uploads\/2025\/08\/5Q0A0005-1024x683.jpg\" alt=\"\" class=\"wp-image-74578\" srcset=\"https:\/\/canfali.com\/app\/uploads\/2025\/08\/5Q0A0005-1024x683.jpg 1024w, https:\/\/canfali.com\/app\/uploads\/2025\/08\/5Q0A0005-300x200.jpg 300w, https:\/\/canfali.com\/app\/uploads\/2025\/08\/5Q0A0005-768x512.jpg 768w, https:\/\/canfali.com\/app\/uploads\/2025\/08\/5Q0A0005-1536x1024.jpg 1536w, https:\/\/canfali.com\/app\/uploads\/2025\/08\/5Q0A0005-2048x1365.jpg 2048w, https:\/\/canfali.com\/app\/uploads\/2025\/08\/5Q0A0005-scaled.jpg 2560w\" sizes=\"(max-width: 1024px) 100vw, 1024px\" \/><\/figure>\n\n\n\n<figure class=\"wp-block-image size-large\"><img loading=\"lazy\" decoding=\"async\" width=\"1024\" height=\"683\" data-id=\"74594\" src=\"https:\/\/canfali.com\/app\/uploads\/2025\/08\/5Q0A9997-1024x683.jpg\" alt=\"\" class=\"wp-image-74594\" srcset=\"https:\/\/canfali.com\/app\/uploads\/2025\/08\/5Q0A9997-1024x683.jpg 1024w, https:\/\/canfali.com\/app\/uploads\/2025\/08\/5Q0A9997-300x200.jpg 300w, https:\/\/canfali.com\/app\/uploads\/2025\/08\/5Q0A9997-768x512.jpg 768w, https:\/\/canfali.com\/app\/uploads\/2025\/08\/5Q0A9997-1536x1024.jpg 1536w, https:\/\/canfali.com\/app\/uploads\/2025\/08\/5Q0A9997-2048x1365.jpg 2048w, https:\/\/canfali.com\/app\/uploads\/2025\/08\/5Q0A9997-scaled.jpg 2560w\" sizes=\"(max-width: 1024px) 100vw, 1024px\" \/><\/figure>\n\n\n\n<figure class=\"wp-block-image size-large\"><img loading=\"lazy\" decoding=\"async\" width=\"1024\" height=\"683\" data-id=\"74609\" src=\"https:\/\/canfali.com\/app\/uploads\/2025\/08\/replanell-digi-1024x683.jpg\" alt=\"\" class=\"wp-image-74609\" srcset=\"https:\/\/canfali.com\/app\/uploads\/2025\/08\/replanell-digi-1024x683.jpg 1024w, https:\/\/canfali.com\/app\/uploads\/2025\/08\/replanell-digi-300x200.jpg 300w, https:\/\/canfali.com\/app\/uploads\/2025\/08\/replanell-digi-768x512.jpg 768w, https:\/\/canfali.com\/app\/uploads\/2025\/08\/replanell-digi-1536x1024.jpg 1536w, https:\/\/canfali.com\/app\/uploads\/2025\/08\/replanell-digi-2048x1365.jpg 2048w, https:\/\/canfali.com\/app\/uploads\/2025\/08\/replanell-digi-scaled.jpg 2560w\" sizes=\"(max-width: 1024px) 100vw, 1024px\" \/><\/figure>\n\n\n\n<figure class=\"wp-block-image size-large\"><img loading=\"lazy\" decoding=\"async\" width=\"1024\" height=\"683\" data-id=\"74582\" src=\"https:\/\/canfali.com\/app\/uploads\/2025\/08\/5Q0A0011-1024x683.jpg\" alt=\"\" class=\"wp-image-74582\" srcset=\"https:\/\/canfali.com\/app\/uploads\/2025\/08\/5Q0A0011-1024x683.jpg 1024w, https:\/\/canfali.com\/app\/uploads\/2025\/08\/5Q0A0011-300x200.jpg 300w, https:\/\/canfali.com\/app\/uploads\/2025\/08\/5Q0A0011-768x512.jpg 768w, https:\/\/canfali.com\/app\/uploads\/2025\/08\/5Q0A0011-1536x1024.jpg 1536w, https:\/\/canfali.com\/app\/uploads\/2025\/08\/5Q0A0011-2048x1365.jpg 2048w, https:\/\/canfali.com\/app\/uploads\/2025\/08\/5Q0A0011-scaled.jpg 2560w\" sizes=\"(max-width: 1024px) 100vw, 1024px\" \/><\/figure>\n\n\n\n<figure class=\"wp-block-image size-large\"><img loading=\"lazy\" decoding=\"async\" width=\"1024\" height=\"683\" data-id=\"74592\" src=\"https:\/\/canfali.com\/app\/uploads\/2025\/08\/5Q0A9994-1024x683.jpg\" alt=\"\" class=\"wp-image-74592\" srcset=\"https:\/\/canfali.com\/app\/uploads\/2025\/08\/5Q0A9994-1024x683.jpg 1024w, https:\/\/canfali.com\/app\/uploads\/2025\/08\/5Q0A9994-300x200.jpg 300w, https:\/\/canfali.com\/app\/uploads\/2025\/08\/5Q0A9994-768x512.jpg 768w, https:\/\/canfali.com\/app\/uploads\/2025\/08\/5Q0A9994-1536x1024.jpg 1536w, https:\/\/canfali.com\/app\/uploads\/2025\/08\/5Q0A9994-2048x1365.jpg 2048w, https:\/\/canfali.com\/app\/uploads\/2025\/08\/5Q0A9994-scaled.jpg 2560w\" sizes=\"(max-width: 1024px) 100vw, 1024px\" \/><\/figure>\n\n\n\n<figure class=\"wp-block-image size-large\"><img loading=\"lazy\" decoding=\"async\" width=\"1024\" height=\"683\" data-id=\"74590\" src=\"https:\/\/canfali.com\/app\/uploads\/2025\/08\/5Q0A9991-1024x683.jpg\" alt=\"\" class=\"wp-image-74590\" srcset=\"https:\/\/canfali.com\/app\/uploads\/2025\/08\/5Q0A9991-1024x683.jpg 1024w, https:\/\/canfali.com\/app\/uploads\/2025\/08\/5Q0A9991-300x200.jpg 300w, https:\/\/canfali.com\/app\/uploads\/2025\/08\/5Q0A9991-768x512.jpg 768w, https:\/\/canfali.com\/app\/uploads\/2025\/08\/5Q0A9991-1536x1024.jpg 1536w, https:\/\/canfali.com\/app\/uploads\/2025\/08\/5Q0A9991-2048x1365.jpg 2048w, https:\/\/canfali.com\/app\/uploads\/2025\/08\/5Q0A9991-scaled.jpg 2560w\" sizes=\"(max-width: 1024px) 100vw, 1024px\" \/><\/figure>\n\n\n\n<figure class=\"wp-block-image size-large\"><img loading=\"lazy\" decoding=\"async\" width=\"1024\" height=\"683\" data-id=\"74611\" src=\"https:\/\/canfali.com\/app\/uploads\/2025\/08\/optica-la-xara-digi-1024x683.jpg\" alt=\"\" class=\"wp-image-74611\" srcset=\"https:\/\/canfali.com\/app\/uploads\/2025\/08\/optica-la-xara-digi-1024x683.jpg 1024w, https:\/\/canfali.com\/app\/uploads\/2025\/08\/optica-la-xara-digi-300x200.jpg 300w, https:\/\/canfali.com\/app\/uploads\/2025\/08\/optica-la-xara-digi-768x512.jpg 768w, https:\/\/canfali.com\/app\/uploads\/2025\/08\/optica-la-xara-digi-1536x1024.jpg 1536w, https:\/\/canfali.com\/app\/uploads\/2025\/08\/optica-la-xara-digi-2048x1365.jpg 2048w, https:\/\/canfali.com\/app\/uploads\/2025\/08\/optica-la-xara-digi-scaled.jpg 2560w\" sizes=\"(max-width: 1024px) 100vw, 1024px\" \/><\/figure>\n\n\n\n<figure class=\"wp-block-image size-large\"><img loading=\"lazy\" decoding=\"async\" width=\"1024\" height=\"683\" data-id=\"74588\" src=\"https:\/\/canfali.com\/app\/uploads\/2025\/08\/5Q0A9988-1024x683.jpg\" alt=\"\" class=\"wp-image-74588\" srcset=\"https:\/\/canfali.com\/app\/uploads\/2025\/08\/5Q0A9988-1024x683.jpg 1024w, https:\/\/canfali.com\/app\/uploads\/2025\/08\/5Q0A9988-300x200.jpg 300w, https:\/\/canfali.com\/app\/uploads\/2025\/08\/5Q0A9988-768x512.jpg 768w, https:\/\/canfali.com\/app\/uploads\/2025\/08\/5Q0A9988-1536x1024.jpg 1536w, https:\/\/canfali.com\/app\/uploads\/2025\/08\/5Q0A9988-2048x1365.jpg 2048w, https:\/\/canfali.com\/app\/uploads\/2025\/08\/5Q0A9988-scaled.jpg 2560w\" sizes=\"(max-width: 1024px) 100vw, 1024px\" \/><\/figure>\n\n\n\n<figure class=\"wp-block-image size-large\"><img loading=\"lazy\" decoding=\"async\" width=\"1024\" height=\"683\" data-id=\"74586\" src=\"https:\/\/canfali.com\/app\/uploads\/2025\/08\/5Q0A0017-1024x683.jpg\" alt=\"\" class=\"wp-image-74586\" srcset=\"https:\/\/canfali.com\/app\/uploads\/2025\/08\/5Q0A0017-1024x683.jpg 1024w, https:\/\/canfali.com\/app\/uploads\/2025\/08\/5Q0A0017-300x200.jpg 300w, https:\/\/canfali.com\/app\/uploads\/2025\/08\/5Q0A0017-768x512.jpg 768w, https:\/\/canfali.com\/app\/uploads\/2025\/08\/5Q0A0017-1536x1024.jpg 1536w, https:\/\/canfali.com\/app\/uploads\/2025\/08\/5Q0A0017-2048x1365.jpg 2048w, https:\/\/canfali.com\/app\/uploads\/2025\/08\/5Q0A0017-scaled.jpg 2560w\" sizes=\"(max-width: 1024px) 100vw, 1024px\" \/><\/figure>\n\n\n\n<figure class=\"wp-block-image size-large\"><img loading=\"lazy\" decoding=\"async\" width=\"1024\" height=\"683\" data-id=\"74613\" src=\"https:\/\/canfali.com\/app\/uploads\/2025\/08\/marquez-1024x683.jpg\" alt=\"\" class=\"wp-image-74613\" srcset=\"https:\/\/canfali.com\/app\/uploads\/2025\/08\/marquez-1024x683.jpg 1024w, https:\/\/canfali.com\/app\/uploads\/2025\/08\/marquez-300x200.jpg 300w, https:\/\/canfali.com\/app\/uploads\/2025\/08\/marquez-768x512.jpg 768w, https:\/\/canfali.com\/app\/uploads\/2025\/08\/marquez-1536x1024.jpg 1536w, https:\/\/canfali.com\/app\/uploads\/2025\/08\/marquez-2048x1365.jpg 2048w, https:\/\/canfali.com\/app\/uploads\/2025\/08\/marquez-scaled.jpg 2560w\" sizes=\"(max-width: 1024px) 100vw, 1024px\" \/><\/figure>\n\n\n\n<figure class=\"wp-block-image size-large\"><img loading=\"lazy\" decoding=\"async\" width=\"1024\" height=\"683\" data-id=\"74576\" src=\"https:\/\/canfali.com\/app\/uploads\/2025\/08\/5Q0A0001-1024x683.jpg\" alt=\"\" class=\"wp-image-74576\" srcset=\"https:\/\/canfali.com\/app\/uploads\/2025\/08\/5Q0A0001-1024x683.jpg 1024w, https:\/\/canfali.com\/app\/uploads\/2025\/08\/5Q0A0001-300x200.jpg 300w, https:\/\/canfali.com\/app\/uploads\/2025\/08\/5Q0A0001-768x512.jpg 768w, https:\/\/canfali.com\/app\/uploads\/2025\/08\/5Q0A0001-1536x1024.jpg 1536w, https:\/\/canfali.com\/app\/uploads\/2025\/08\/5Q0A0001-2048x1365.jpg 2048w, https:\/\/canfali.com\/app\/uploads\/2025\/08\/5Q0A0001-scaled.jpg 2560w\" sizes=\"(max-width: 1024px) 100vw, 1024px\" \/><\/figure>\n<\/figure>\n\n\n\n<figure class=\"wp-block-image size-large\"><img loading=\"lazy\" decoding=\"async\" width=\"1024\" height=\"683\" src=\"https:\/\/canfali.com\/app\/uploads\/2025\/08\/tent-costa-digi-1024x683.jpg\" alt=\"\" class=\"wp-image-74615\" srcset=\"https:\/\/canfali.com\/app\/uploads\/2025\/08\/tent-costa-digi-1024x683.jpg 1024w, https:\/\/canfali.com\/app\/uploads\/2025\/08\/tent-costa-digi-300x200.jpg 300w, https:\/\/canfali.com\/app\/uploads\/2025\/08\/tent-costa-digi-768x512.jpg 768w, https:\/\/canfali.com\/app\/uploads\/2025\/08\/tent-costa-digi-1536x1024.jpg 1536w, https:\/\/canfali.com\/app\/uploads\/2025\/08\/tent-costa-digi-2048x1365.jpg 2048w, https:\/\/canfali.com\/app\/uploads\/2025\/08\/tent-costa-digi-scaled.jpg 2560w\" sizes=\"(max-width: 1024px) 100vw, 1024px\" \/><\/figure>\n\n\n\n<p>DIVENDRES 29 D\u2019AGOST<\/p>\n\n\n\n<p>DIA DE LA PRESENTACI\u00d3<\/p>\n\n\n\n<p>&#8211; A les 12 h.: Revoletge de campanes per comen\u00e7ar les Festes 2025.<\/p>\n\n\n\n<p>&#8211; A les 13 h.: Vi d\u2019honor, davant de l\u2019esgl\u00e9sia amb la dol\u00e7aina i tabalet de la Colla la Xareta. Patrocinat per Bodegas Aguilar.<\/p>\n\n\n\n<p>&#8211; A les 20.30 h.: Arreplegada de Quintos i Quintes 2025 amb l\u2019Agrupaci\u00f3 Art\u00edstica Musical de D\u00e9nia.<\/p>\n\n\n\n<p>&#8211; A les 22.30 h.: Presentaci\u00f3 al poliesportiu dels Quintos i Quintes 2025.<\/p>\n\n\n\n<p>&#8211; A les 0.05 h.: Actuaci\u00f3 de l\u2019Orquestra MITO a la pla\u00e7a del Garrofer.<\/p>\n\n\n\n<p>DISSABTE 30 D\u2019AGOST&nbsp;<\/p>\n\n\n\n<p>DIA DE SANT ROC<\/p>\n\n\n\n<p>&#8211; A les 11 h.: Arreplegada de Quintos i Quintes 2025 amb la Xaranga Toca\u2019t un Ou.<\/p>\n\n\n\n<p>&#8211; A les 12 h.: Missa en honor a Sant Roc, cantada pel Cor de La Xara i Cor de Beniarbeig. Es repartir\u00e0 pa bene\u00eft per als assistents. En acabar, cucanyes a la pla\u00e7a de bous.<\/p>\n\n\n\n<p>&#8211; A les 19.30 h.: Arreplegada de Quintos i Quintes 2025 amb l\u2019Agrupaci\u00f3 Art\u00edstica Musical de D\u00e9nia.<\/p>\n\n\n\n<p>&#8211; A les 20.30 h.: Solemne process\u00f3 en honor a Sant Roc amb l\u2019actuaci\u00f3 de la Colla la Xareta i l\u2019Agrupaci\u00f3 Art\u00edstica Musical de D\u00e9nia.<\/p>\n\n\n\n<p>&#8211; A les 21.30 h.: Masclet\u00e0 al carrer Roser Cabrera, a c\u00e0rrec de la pirot\u00e8cnia Zaragozana.<\/p>\n\n\n\n<p>&#8211; A les 0.05 h.: Actuaci\u00f3 de l\u2019Orquestra \u00d2XIDO a la pla\u00e7a del Garrofer.<\/p>\n\n\n\n<p>DIUMENGE 31 D\u2019AGOST&nbsp;<\/p>\n\n\n\n<p>DIA DE SANT MATEU<\/p>\n\n\n\n<p>&#8211; A les 8 h.: Despert\u00e0 amb la Colla la Xareta.<\/p>\n\n\n\n<p>&#8211; A les 11 h.: Arreplegada de Quintos i Quintes 2025 amb la Xaranga Toca\u2019t un Ou.<\/p>\n\n\n\n<p>&#8211; A les 12 h.: Missa en honor a Sant Mateu, cantada pel Cor de La Xara i Cor de Beniarbeig. Es repartir\u00e0 pa bene\u00eft per als assistents. En acabar, cucanyes a la pla\u00e7a de bous.<\/p>\n\n\n\n<p>&#8211; A les 19.30 h.: Arreplegada de Quintos i Quintes 2025 amb l\u2019Agrupaci\u00f3 Art\u00edstica Musical de D\u00e9nia.<\/p>\n\n\n\n<p>&#8211; A les 20.30 h.: Solemne process\u00f3 en honor a Sant Mateu amb l\u2019actuaci\u00f3 de la Colla la Xareta i l\u2019Agrupaci\u00f3 Art\u00edstica Musical de D\u00e9nia.<\/p>\n\n\n\n<p>&#8211; A les 21.30 h.: Masclet\u00e0 al carrer Roser Cabrera, a c\u00e0rrec de la pirot\u00e8cnia Zaragozana.<\/p>\n\n\n\n<p>&#8211; A les 0.05 h.: Actuaci\u00f3 de Vaquetes i Bou a c\u00e0rrec de la Ramaderia Coves.<\/p>\n\n\n\n<p>DILLUNS, 1 DE SETEMBRE<\/p>\n\n\n\n<p>DIA DE LA XICALLA<\/p>\n\n\n\n<ul class=\"wp-block-list\">\n<li>A les 9.30 h.: Despert\u00e0 infantil amb bombetes i casseroles.<\/li>\n<\/ul>\n\n\n\n<p>&#8211; A les 10 h.: Esmorzar infantil a la pla\u00e7a del Cinema. Patrocinat per un ve\u00ed de La Xara.<br>&#8211; A les 10 h.: Jocs infantils aqu\u00e0tics a la pla\u00e7a del Cinema.<br>&#8211; A les 13 h.: Actuaci\u00f3 de Vaquetes a c\u00e0rrec de la Ramaderia La Hermandad.<br>&#8211; A les 14.30 h.: Macarron\u00e0 per a la xicalla a la pla\u00e7a del Cinema. Patrocinada per La Jarina. (Cal apuntar-se).<br>&#8211; A les 17 h.: Carretons a la pla\u00e7a de bous.<br>&#8211; A les 18 h.: Berenar per a la xicalla a la pla\u00e7a del Cinema. Patrocinat per Aqualia.<br>&#8211; A les 19 h.: Actuaci\u00f3 de Vaquetes i Bou a c\u00e0rrec de la Ramaderia Benavent.<br>&#8211; A les 22 h.: Concurs de truita a la pla\u00e7a del Cinema, els festers repartiran olives, patrocinades per OLIVES SAN JUAN, i cervesa patrocinada per DISBODE TORRES. La millor truita tindr\u00e0 premi, ser\u00e0s tu?<br>&#8211; A les 23 h.: Actuaci\u00f3 de Ximo Il\u00b7lusionista en la pla\u00e7a del Cinema.<br>&#8211; A les 24 h.: Actuaci\u00f3 de DJ MONCHO. Patrocinada per la Quinta del 85\/86, la Penya del Foc.<br>&#8211; A les 0.05 h.: Actuaci\u00f3 de Vaquetes i Bou a c\u00e0rrec de la Ramaderia La Hermandad.<br><br>DIMARTS 2 DE SETEMBRE<\/p>\n\n\n\n<p>DIA DELS JUBILATS<br>&#8211; A les 10.30 h.: Sessi\u00f3 de Zumba amb Carolina Abril a la pla\u00e7a del Cinema.<br>&#8211; A les 12 h.: Missa en honor les persones majors.<br>&#8211; A les 13 h.: Actuaci\u00f3 de Bous a c\u00e0rrec de la Ramaderia La Paloma.<br>&#8211; A les 13.30 h.: Dinar de l\u2019Associaci\u00f3 de Jubilats i Pensionistes de La Xara.<br>&#8211; A les 17 h.: Carrera de cintes amb bicicletes al carrer Pintor Segrelles. Al acabar oferirem berenar amb gelats pels participants, patrocinats per GELATS PALACIOS.<br>&#8211; A les 19 h.: Actuaci\u00f3 de Vaquetes i Bou a c\u00e0rrec de la Ramaderia Coves.<br>&#8211; A les 22 h.: Sopar de cabasset a la pla\u00e7a del Cinema. Els festers repartiran olives en salmorra, patrocinades per OLIVES SAN JUAN i fruita (mel\u00f3).<br>&#8211; A les 23 h.: Actuaci\u00f3 de Juanvi Plaza &amp; La Polvarea. Patrocinat per l\u2019Associaci\u00f3 de Jubilats i Pensionistes de La Xara.<br>&#8211; A les 24 h.: Divertid\u00edssim Rally Humor\u00edstic organitzat pels Quintos i Quintes 2025.<br><br>DIMECRES 3 DE SETEMBRE<\/p>\n\n\n\n<p>DIA DEL BOU<\/p>\n\n\n\n<p>&#8211; A les 9 h.: Solta de dos vaquetes de la Ramaderia Coves per a fer fam per esmorzar.<br>&#8211; A les 10 h.: Esmorzar popular patrocinat per Excavacions Ambrosio Carri\u00f3 i Blas Antequera a la pla\u00e7a del Cinema.<br>&#8211; A les 13 h.: Actuaci\u00f3 de Vaquetes i Bou de la Ramaderia Coves.<br>&#8211; A les 17 h.: Carretons patrocinat pels Amics del bou La Xara.<br>&#8211; A les 18 h.: Berenar infantil patrocinat per Limpiezas Sotos.<br>&#8211; A les 19 h.: Especial solta de vaquetes de la Ramaderia Benavent.<br>&#8211; A les 22 h.: Sopar de coques a la pla\u00e7a del Garrofer. Els festers repartiran ra\u00efm. (Cal apuntar-se).<br>&#8211; A les 23 h.: Gran actuaci\u00f3 del humorista Kalderas.<br>&#8211; A les 0.05 h.: Actuaci\u00f3 de Vaquetes i Bou de la Ramaderia Asensi.<br><\/p>\n\n\n\n<p>DIJOUS 4 DE SETEMBRE&nbsp;<\/p>\n\n\n\n<p>DIA DEL COET<\/p>\n\n\n\n<p>&#8211; A les 8 h.: Despert\u00e0 amb La Colla la Xareta.<\/p>\n\n\n\n<p>&#8211; A les 10 h.: Esmorzar Garrofer infantil a la pla\u00e7a del Cinema patrocinat per Menjars L\u2019AVI\u00d3.<\/p>\n\n\n\n<p>&#8211; A les 11 h.: Grand Prix infantil, a la pla\u00e7a del Cinema. Fins 11 anys, cal portar toalla.<\/p>\n\n\n\n<p>&#8211; A les 13 h.: Actuaci\u00f3 de vaquetes a c\u00e0rrec de la Ramaderia Benavent.<\/p>\n\n\n\n<p>&#8211; A les 17 h.: Grand Prix a la pla\u00e7a del Garrofer. Bou a c\u00e0rrec de la Ramaderia Asensi.<\/p>\n\n\n\n<p>&#8211; A les 22 h.: Sopar i entrega dels premis de carrers, comparses, torrat i llonganisses blanques a la pla\u00e7a del Cinema. Els festers repartiran cervesa patrocinada per DISBODE TORRES. (Cal apuntar-se).<\/p>\n\n\n\n<p>&#8211; A les 0.05 h.: Macrodiscom\u00f2bil Falkata On Tour a la pla\u00e7a del Cinema.<\/p>\n\n\n\n<p>&#8211; A les 23 h.: Actuaci\u00f3 del grup de teatre de La Mar Sal\u00e0 amb l&#8217;obra &#8220;Colombaire de profit&#8221;.<\/p>\n\n\n\n<p>DIVENDRES 5 DE SETEMBRE&nbsp;<\/p>\n\n\n\n<p>DIA DE QUINTADES<\/p>\n\n\n\n<p>&#8211; A les 10 h.: Esmorzar popular a la pla\u00e7a del Cinema. La Comissi\u00f3 2026 oferir\u00e0 servei de barra i esmorzars.<\/p>\n\n\n\n<p>&#8211; A les 12.30 h.: Concentraci\u00f3 de quintades a la pla\u00e7a del Garrofer i passacarrer amb La Xaranga Toca&#8217;t un ou fins a la pla\u00e7a del Cinema.<\/p>\n\n\n\n<p>&#8211; A les 14.30 h.: Els Festers 2026 faran dinar per a les quintades que ho desitgen a la pla\u00e7a del Cinema.<\/p>\n\n\n\n<p>&#8211; A les 17 h.: Discom\u00f2bil diurna patrocinada per la Quintada 2005, amb el Dj JM Chornet. Hi haur\u00e0 sorpreses i regals.<\/p>\n\n\n\n<p>&#8211; A les 22 h.: Sopar dia de Quintos a la pla\u00e7a del Cinema. La Comissi\u00f3 2026 oferir\u00e0 servei de barra i sopars.<\/p>\n\n\n\n<p>DISSABTE 6 DE SETEMBRE&nbsp;<\/p>\n\n\n\n<p>DIA DE LES CARROSSES<\/p>\n\n\n\n<p>&#8211; A les 18 h.: Concentraci\u00f3 de carrosses a la pla\u00e7a del Garrofer i espectacular desfilada de carrosses i comparses. A partir de 12 anys.<\/p>\n\n\n\n<p>&#8211; A les 19 h.: Actuaci\u00f3 de Vaquetes, acompanyades per La Xaranga Toca&#8217;t un ou. Al finalitzar, actuaci\u00f3 de carrosses.<\/p>\n\n\n\n<ul class=\"wp-block-list\">\n<li>A les 0.05: Inigualable correfoc amb el grup local FOC I SOM.<\/li>\n<\/ul>\n\n\n\n<p>DIUMENGE 7 DE SETEMBRE&nbsp;<\/p>\n\n\n\n<p>FI DE FESTA<\/p>\n\n\n\n<ul class=\"wp-block-list\">\n<li>A les 12.30 h.: Actuaci\u00f3 del grup de Danses la Muntanyeta, acompanyats per la Colla la Xareta.<\/li>\n\n\n\n<li>A les 13 h.: Actuaci\u00f3 de Vaquetes i Bou a c\u00e0rrec de la Ramaderia Coves.<\/li>\n\n\n\n<li>A les 14.30 h.: Paella gegant a la pla\u00e7a del Cinema, amenitzada per l&#8217;artista local Jos\u00e9 Ram\u00f3n Ivars &#8220;Kreator&#8221;.<\/li>\n\n\n\n<li>A les 18 h.: Actuaci\u00f3 de carretons al recinte taur\u00ed.<\/li>\n\n\n\n<li>A les 19 h.: Actuaci\u00f3 de bous especial a c\u00e0rrec de la Ramaderia La Paloma.<\/li>\n\n\n\n<li>A les 21 h.: Relleu de la Quint\u00e0 2025 a la Quint\u00e0 2026.<\/li>\n\n\n\n<li>A les 21.30 h.: Traca final de fi de festes 2025.<\/li>\n<\/ul>\n\n\n\n<p><\/p>\n","protected":false},"excerpt":{"rendered":"La Xara ha estrenat este dijous les seues festes patronals amb el tradicional preg\u00f3 a c\u00e0rrec dels quintos&hellip;","protected":false},"author":8,"featured_media":74580,"comment_status":"closed","ping_status":"closed","sticky":false,"template":"","format":"standard","meta":{"csco_display_header_overlay":false,"csco_singular_sidebar":"","csco_page_header_type":"","csco_page_load_nextpost":"","csco_post_video_location":[],"csco_post_video_location_hash":"","csco_post_video_url":"","csco_post_video_bg_start_time":0,"csco_post_video_bg_end_time":0,"footnotes":""},"categories":[587,521,1],"tags":[],"class_list":{"0":"post-74575","1":"post","2":"type-post","3":"status-publish","4":"format-standard","5":"has-post-thumbnail","7":"category-festes","8":"category-fiesta","9":"category-sin-categorizar","10":"cs-entry","11":"cs-video-wrap"},"yoast_head":"<!-- This site is optimized with the Yoast SEO Premium plugin v26.6 (Yoast SEO v27.3) - https:\/\/yoast.com\/product\/yoast-seo-premium-wordpress\/ -->\n<title>La Xara ja est\u00e0 en Festes - Canfali<\/title>\n<meta name=\"robots\" content=\"index, follow, max-snippet:-1, max-image-preview:large, max-video-preview:-1\" \/>\n<link rel=\"canonical\" href=\"https:\/\/canfali.com\/ca-es\/la-xara-en-festes\/\" \/>\n<meta property=\"og:locale\" content=\"en_US\" \/>\n<meta property=\"og:type\" content=\"article\" \/>\n<meta property=\"og:title\" content=\"La Xara ja est\u00e0 en Festes\" \/>\n<meta property=\"og:description\" content=\"La Xara ha estrenat este dijous les seues festes patronals amb el tradicional preg\u00f3 a c\u00e0rrec dels quintos&hellip;\" \/>\n<meta property=\"og:url\" content=\"https:\/\/canfali.com\/ca-es\/la-xara-en-festes\/\" \/>\n<meta property=\"og:site_name\" content=\"Canfali\" \/>\n<meta property=\"article:publisher\" content=\"https:\/\/es-es.facebook.com\/CANFALIMarinaAlta\" \/>\n<meta property=\"article:published_time\" content=\"2025-08-28T19:33:16+00:00\" \/>\n<meta property=\"article:modified_time\" content=\"2025-08-30T04:08:10+00:00\" \/>\n<meta property=\"og:image\" content=\"https:\/\/canfali.com\/app\/uploads\/2025\/08\/5Q0A0008-scaled.jpg\" \/>\n\t<meta property=\"og:image:width\" content=\"2560\" \/>\n\t<meta property=\"og:image:height\" content=\"1707\" \/>\n\t<meta property=\"og:image:type\" content=\"image\/jpeg\" \/>\n<meta name=\"author\" content=\"Lluis\" \/>\n<meta name=\"twitter:card\" content=\"summary_large_image\" \/>\n<meta name=\"twitter:creator\" content=\"@canfalima\" \/>\n<meta name=\"twitter:site\" content=\"@canfalima\" \/>\n<meta name=\"twitter:label1\" content=\"Written by\" \/>\n\t<meta name=\"twitter:data1\" content=\"Lluis\" \/>\n\t<meta name=\"twitter:label2\" content=\"Est. reading time\" \/>\n\t<meta name=\"twitter:data2\" content=\"7 minutes\" \/>\n<script type=\"application\/ld+json\" class=\"yoast-schema-graph\">{\"@context\":\"https:\\\/\\\/schema.org\",\"@graph\":[{\"@type\":\"NewsArticle\",\"@id\":\"https:\\\/\\\/canfali.com\\\/ca-es\\\/la-xara-en-festes\\\/#article\",\"isPartOf\":{\"@id\":\"https:\\\/\\\/canfali.com\\\/ca-es\\\/la-xara-en-festes\\\/\"},\"author\":{\"name\":\"Lluis\",\"@id\":\"https:\\\/\\\/canfali.com\\\/ca-es\\\/#\\\/schema\\\/person\\\/f540a86fb33e10daaae53c59ceaa1194\"},\"headline\":\"La Xara ja est\u00e0 en Festes\",\"datePublished\":\"2025-08-28T19:33:16+00:00\",\"dateModified\":\"2025-08-30T04:08:10+00:00\",\"mainEntityOfPage\":{\"@id\":\"https:\\\/\\\/canfali.com\\\/ca-es\\\/la-xara-en-festes\\\/\"},\"wordCount\":1441,\"publisher\":{\"@id\":\"https:\\\/\\\/canfali.com\\\/ca-es\\\/#organization\"},\"image\":{\"@id\":\"https:\\\/\\\/canfali.com\\\/ca-es\\\/la-xara-en-festes\\\/#primaryimage\"},\"thumbnailUrl\":\"https:\\\/\\\/canfali.com\\\/app\\\/uploads\\\/2025\\\/08\\\/5Q0A0008-scaled.jpg\",\"articleSection\":[\"Festes\",\"Fiesta\",\"Sin categorizar\"],\"inLanguage\":\"va-ES\",\"copyrightYear\":\"2025\",\"copyrightHolder\":{\"@id\":\"https:\\\/\\\/canfali.com\\\/#organization\"}},{\"@type\":\"WebPage\",\"@id\":\"https:\\\/\\\/canfali.com\\\/ca-es\\\/la-xara-en-festes\\\/\",\"url\":\"https:\\\/\\\/canfali.com\\\/ca-es\\\/la-xara-en-festes\\\/\",\"name\":\"La Xara ja est\u00e0 en Festes - Canfali\",\"isPartOf\":{\"@id\":\"https:\\\/\\\/canfali.com\\\/ca-es\\\/#website\"},\"primaryImageOfPage\":{\"@id\":\"https:\\\/\\\/canfali.com\\\/ca-es\\\/la-xara-en-festes\\\/#primaryimage\"},\"image\":{\"@id\":\"https:\\\/\\\/canfali.com\\\/ca-es\\\/la-xara-en-festes\\\/#primaryimage\"},\"thumbnailUrl\":\"https:\\\/\\\/canfali.com\\\/app\\\/uploads\\\/2025\\\/08\\\/5Q0A0008-scaled.jpg\",\"datePublished\":\"2025-08-28T19:33:16+00:00\",\"dateModified\":\"2025-08-30T04:08:10+00:00\",\"breadcrumb\":{\"@id\":\"https:\\\/\\\/canfali.com\\\/ca-es\\\/la-xara-en-festes\\\/#breadcrumb\"},\"inLanguage\":\"va-ES\",\"potentialAction\":[{\"@type\":\"ReadAction\",\"target\":[\"https:\\\/\\\/canfali.com\\\/ca-es\\\/la-xara-en-festes\\\/\"]}]},{\"@type\":\"ImageObject\",\"inLanguage\":\"va-ES\",\"@id\":\"https:\\\/\\\/canfali.com\\\/ca-es\\\/la-xara-en-festes\\\/#primaryimage\",\"url\":\"https:\\\/\\\/canfali.com\\\/app\\\/uploads\\\/2025\\\/08\\\/5Q0A0008-scaled.jpg\",\"contentUrl\":\"https:\\\/\\\/canfali.com\\\/app\\\/uploads\\\/2025\\\/08\\\/5Q0A0008-scaled.jpg\",\"width\":2560,\"height\":1707},{\"@type\":\"BreadcrumbList\",\"@id\":\"https:\\\/\\\/canfali.com\\\/ca-es\\\/la-xara-en-festes\\\/#breadcrumb\",\"itemListElement\":[{\"@type\":\"ListItem\",\"position\":1,\"name\":\"Portada\",\"item\":\"https:\\\/\\\/canfali.com\\\/ca-es\\\/\"},{\"@type\":\"ListItem\",\"position\":2,\"name\":\"La Xara ja est\u00e0 en Festes\"}]},{\"@type\":\"WebSite\",\"@id\":\"https:\\\/\\\/canfali.com\\\/ca-es\\\/#website\",\"url\":\"https:\\\/\\\/canfali.com\\\/ca-es\\\/\",\"name\":\"Canfali\",\"description\":\"\",\"publisher\":{\"@id\":\"https:\\\/\\\/canfali.com\\\/ca-es\\\/#organization\"},\"potentialAction\":[{\"@type\":\"SearchAction\",\"target\":{\"@type\":\"EntryPoint\",\"urlTemplate\":\"https:\\\/\\\/canfali.com\\\/ca-es\\\/?s={search_term_string}\"},\"query-input\":{\"@type\":\"PropertyValueSpecification\",\"valueRequired\":true,\"valueName\":\"search_term_string\"}}],\"inLanguage\":\"va-ES\"},{\"@type\":\"Organization\",\"@id\":\"https:\\\/\\\/canfali.com\\\/ca-es\\\/#organization\",\"name\":\"Canfali\",\"url\":\"https:\\\/\\\/canfali.com\\\/ca-es\\\/\",\"logo\":{\"@type\":\"ImageObject\",\"inLanguage\":\"va-ES\",\"@id\":\"https:\\\/\\\/canfali.com\\\/ca-es\\\/#\\\/schema\\\/logo\\\/image\\\/\",\"url\":\"https:\\\/\\\/canfali.com\\\/app\\\/uploads\\\/2025\\\/12\\\/canfali_marina_alta_logo.png\",\"contentUrl\":\"https:\\\/\\\/canfali.com\\\/app\\\/uploads\\\/2025\\\/12\\\/canfali_marina_alta_logo.png\",\"width\":225,\"height\":225,\"caption\":\"Canfali\"},\"image\":{\"@id\":\"https:\\\/\\\/canfali.com\\\/ca-es\\\/#\\\/schema\\\/logo\\\/image\\\/\"},\"sameAs\":[\"https:\\\/\\\/es-es.facebook.com\\\/CANFALIMarinaAlta\",\"https:\\\/\\\/x.com\\\/canfalima\",\"https:\\\/\\\/www.instagram.com\\\/canfalimarinaalta\\\/\"]},{\"@type\":\"Person\",\"@id\":\"https:\\\/\\\/canfali.com\\\/ca-es\\\/#\\\/schema\\\/person\\\/f540a86fb33e10daaae53c59ceaa1194\",\"name\":\"Lluis\",\"image\":{\"@type\":\"ImageObject\",\"inLanguage\":\"va-ES\",\"@id\":\"https:\\\/\\\/secure.gravatar.com\\\/avatar\\\/a21ec8835290e4e02ed0886b8cb327d807d0eb6ec8ccf25d4c2a0a415f506c0d?s=96&d=mm&r=g\",\"url\":\"https:\\\/\\\/secure.gravatar.com\\\/avatar\\\/a21ec8835290e4e02ed0886b8cb327d807d0eb6ec8ccf25d4c2a0a415f506c0d?s=96&d=mm&r=g\",\"contentUrl\":\"https:\\\/\\\/secure.gravatar.com\\\/avatar\\\/a21ec8835290e4e02ed0886b8cb327d807d0eb6ec8ccf25d4c2a0a415f506c0d?s=96&d=mm&r=g\",\"caption\":\"Lluis\"},\"url\":\"https:\\\/\\\/canfali.com\\\/ca-es\\\/author\\\/lluis\\\/\"}]}<\/script>\n<!-- \/ Yoast SEO Premium plugin. -->","yoast_head_json":{"title":"La Xara ja est\u00e0 en Festes - Canfali","robots":{"index":"index","follow":"follow","max-snippet":"max-snippet:-1","max-image-preview":"max-image-preview:large","max-video-preview":"max-video-preview:-1"},"canonical":"https:\/\/canfali.com\/ca-es\/la-xara-en-festes\/","og_locale":"en_US","og_type":"article","og_title":"La Xara ja est\u00e0 en Festes","og_description":"La Xara ha estrenat este dijous les seues festes patronals amb el tradicional preg\u00f3 a c\u00e0rrec dels quintos&hellip;","og_url":"https:\/\/canfali.com\/ca-es\/la-xara-en-festes\/","og_site_name":"Canfali","article_publisher":"https:\/\/es-es.facebook.com\/CANFALIMarinaAlta","article_published_time":"2025-08-28T19:33:16+00:00","article_modified_time":"2025-08-30T04:08:10+00:00","og_image":[{"width":2560,"height":1707,"url":"https:\/\/canfali.com\/app\/uploads\/2025\/08\/5Q0A0008-scaled.jpg","type":"image\/jpeg"}],"author":"Lluis","twitter_card":"summary_large_image","twitter_creator":"@canfalima","twitter_site":"@canfalima","twitter_misc":{"Written by":"Lluis","Est. reading time":"7 minutes"},"schema":{"@context":"https:\/\/schema.org","@graph":[{"@type":"NewsArticle","@id":"https:\/\/canfali.com\/ca-es\/la-xara-en-festes\/#article","isPartOf":{"@id":"https:\/\/canfali.com\/ca-es\/la-xara-en-festes\/"},"author":{"name":"Lluis","@id":"https:\/\/canfali.com\/ca-es\/#\/schema\/person\/f540a86fb33e10daaae53c59ceaa1194"},"headline":"La Xara ja est\u00e0 en Festes","datePublished":"2025-08-28T19:33:16+00:00","dateModified":"2025-08-30T04:08:10+00:00","mainEntityOfPage":{"@id":"https:\/\/canfali.com\/ca-es\/la-xara-en-festes\/"},"wordCount":1441,"publisher":{"@id":"https:\/\/canfali.com\/ca-es\/#organization"},"image":{"@id":"https:\/\/canfali.com\/ca-es\/la-xara-en-festes\/#primaryimage"},"thumbnailUrl":"https:\/\/canfali.com\/app\/uploads\/2025\/08\/5Q0A0008-scaled.jpg","articleSection":["Festes","Fiesta","Sin categorizar"],"inLanguage":"va-ES","copyrightYear":"2025","copyrightHolder":{"@id":"https:\/\/canfali.com\/#organization"}},{"@type":"WebPage","@id":"https:\/\/canfali.com\/ca-es\/la-xara-en-festes\/","url":"https:\/\/canfali.com\/ca-es\/la-xara-en-festes\/","name":"La Xara ja est\u00e0 en Festes - Canfali","isPartOf":{"@id":"https:\/\/canfali.com\/ca-es\/#website"},"primaryImageOfPage":{"@id":"https:\/\/canfali.com\/ca-es\/la-xara-en-festes\/#primaryimage"},"image":{"@id":"https:\/\/canfali.com\/ca-es\/la-xara-en-festes\/#primaryimage"},"thumbnailUrl":"https:\/\/canfali.com\/app\/uploads\/2025\/08\/5Q0A0008-scaled.jpg","datePublished":"2025-08-28T19:33:16+00:00","dateModified":"2025-08-30T04:08:10+00:00","breadcrumb":{"@id":"https:\/\/canfali.com\/ca-es\/la-xara-en-festes\/#breadcrumb"},"inLanguage":"va-ES","potentialAction":[{"@type":"ReadAction","target":["https:\/\/canfali.com\/ca-es\/la-xara-en-festes\/"]}]},{"@type":"ImageObject","inLanguage":"va-ES","@id":"https:\/\/canfali.com\/ca-es\/la-xara-en-festes\/#primaryimage","url":"https:\/\/canfali.com\/app\/uploads\/2025\/08\/5Q0A0008-scaled.jpg","contentUrl":"https:\/\/canfali.com\/app\/uploads\/2025\/08\/5Q0A0008-scaled.jpg","width":2560,"height":1707},{"@type":"BreadcrumbList","@id":"https:\/\/canfali.com\/ca-es\/la-xara-en-festes\/#breadcrumb","itemListElement":[{"@type":"ListItem","position":1,"name":"Portada","item":"https:\/\/canfali.com\/ca-es\/"},{"@type":"ListItem","position":2,"name":"La Xara ja est\u00e0 en Festes"}]},{"@type":"WebSite","@id":"https:\/\/canfali.com\/ca-es\/#website","url":"https:\/\/canfali.com\/ca-es\/","name":"Canfali","description":"","publisher":{"@id":"https:\/\/canfali.com\/ca-es\/#organization"},"potentialAction":[{"@type":"SearchAction","target":{"@type":"EntryPoint","urlTemplate":"https:\/\/canfali.com\/ca-es\/?s={search_term_string}"},"query-input":{"@type":"PropertyValueSpecification","valueRequired":true,"valueName":"search_term_string"}}],"inLanguage":"va-ES"},{"@type":"Organization","@id":"https:\/\/canfali.com\/ca-es\/#organization","name":"Canfali","url":"https:\/\/canfali.com\/ca-es\/","logo":{"@type":"ImageObject","inLanguage":"va-ES","@id":"https:\/\/canfali.com\/ca-es\/#\/schema\/logo\/image\/","url":"https:\/\/canfali.com\/app\/uploads\/2025\/12\/canfali_marina_alta_logo.png","contentUrl":"https:\/\/canfali.com\/app\/uploads\/2025\/12\/canfali_marina_alta_logo.png","width":225,"height":225,"caption":"Canfali"},"image":{"@id":"https:\/\/canfali.com\/ca-es\/#\/schema\/logo\/image\/"},"sameAs":["https:\/\/es-es.facebook.com\/CANFALIMarinaAlta","https:\/\/x.com\/canfalima","https:\/\/www.instagram.com\/canfalimarinaalta\/"]},{"@type":"Person","@id":"https:\/\/canfali.com\/ca-es\/#\/schema\/person\/f540a86fb33e10daaae53c59ceaa1194","name":"Lluis","image":{"@type":"ImageObject","inLanguage":"va-ES","@id":"https:\/\/secure.gravatar.com\/avatar\/a21ec8835290e4e02ed0886b8cb327d807d0eb6ec8ccf25d4c2a0a415f506c0d?s=96&d=mm&r=g","url":"https:\/\/secure.gravatar.com\/avatar\/a21ec8835290e4e02ed0886b8cb327d807d0eb6ec8ccf25d4c2a0a415f506c0d?s=96&d=mm&r=g","contentUrl":"https:\/\/secure.gravatar.com\/avatar\/a21ec8835290e4e02ed0886b8cb327d807d0eb6ec8ccf25d4c2a0a415f506c0d?s=96&d=mm&r=g","caption":"Lluis"},"url":"https:\/\/canfali.com\/ca-es\/author\/lluis\/"}]}},"_links":{"self":[{"href":"https:\/\/canfali.com\/ca-es\/wp-json\/wp\/v2\/posts\/74575","targetHints":{"allow":["GET"]}}],"collection":[{"href":"https:\/\/canfali.com\/ca-es\/wp-json\/wp\/v2\/posts"}],"about":[{"href":"https:\/\/canfali.com\/ca-es\/wp-json\/wp\/v2\/types\/post"}],"author":[{"embeddable":true,"href":"https:\/\/canfali.com\/ca-es\/wp-json\/wp\/v2\/users\/8"}],"replies":[{"embeddable":true,"href":"https:\/\/canfali.com\/ca-es\/wp-json\/wp\/v2\/comments?post=74575"}],"version-history":[{"count":3,"href":"https:\/\/canfali.com\/ca-es\/wp-json\/wp\/v2\/posts\/74575\/revisions"}],"predecessor-version":[{"id":74618,"href":"https:\/\/canfali.com\/ca-es\/wp-json\/wp\/v2\/posts\/74575\/revisions\/74618"}],"wp:featuredmedia":[{"embeddable":true,"href":"https:\/\/canfali.com\/ca-es\/wp-json\/wp\/v2\/media\/74580"}],"wp:attachment":[{"href":"https:\/\/canfali.com\/ca-es\/wp-json\/wp\/v2\/media?parent=74575"}],"wp:term":[{"taxonomy":"category","embeddable":true,"href":"https:\/\/canfali.com\/ca-es\/wp-json\/wp\/v2\/categories?post=74575"},{"taxonomy":"post_tag","embeddable":true,"href":"https:\/\/canfali.com\/ca-es\/wp-json\/wp\/v2\/tags?post=74575"}],"curies":[{"name":"wp","href":"https:\/\/api.w.org\/{rel}","templated":true}]}}