{"id":74360,"date":"2025-08-27T17:38:23","date_gmt":"2025-08-27T15:38:23","guid":{"rendered":"https:\/\/canfali.com\/?p=74360"},"modified":"2025-08-27T17:51:37","modified_gmt":"2025-08-27T15:51:37","slug":"concurs-de-raims-a-la-festa-del-moscatell-de-teulada","status":"publish","type":"post","link":"https:\/\/canfali.com\/ca-es\/concurs-de-raims-a-la-festa-del-moscatell-de-teulada\/","title":{"rendered":"Concurs de ra\u00efms de moscatell a Teulada"},"content":{"rendered":"\n<p>L&#8217;Associaci\u00f3 Cultural Amics de Teulada convoca el concurs de ra\u00efms de moscatell (XXXV edici\u00f3), que enguany s&#8217;ha recuperat un poc despr\u00e9s de la gran sequera de 2024. El concurs se celebrar\u00e0 dissabte 30 d\u2019agost. Podran participar totes les persones que cultiven ra\u00efm de moscatell de la varietat tradicional al municipi de Teulada o a la comarca de la Marina Alta. Cada concursant nom\u00e9s podr\u00e0 presentar un ra\u00efm a concurs, que lliurar\u00e0 a la comissi\u00f3 organitzadora entre les 18 i les 20 hores del mateix dissabte a la Glorieta de Sant Vicent Ferrer. Hi haur\u00e0 premi i obsequi per al ra\u00efm guanyador i tamb\u00e9 per al que obtinga la segon millor puntuaci\u00f3, que s\u2019endur\u00e0 l\u2019acc\u00e8ssit. Els premis es lliuraran eixa nit, a les 23 hores, en el transcurs de la vetlada musical organitzada amb motiu de la Festa del Moscatell.<\/p>\n\n\n\n<p>&nbsp;&nbsp;&nbsp;&nbsp;&nbsp;&nbsp; L\u2019associaci\u00f3 convida a les persones que vulguen participar en la festa a visitar el seu estand, a la Glorieta de Sant Vicent, i a provar el moscatell de Teulada \u2013\u201c\u00fanic en el m\u00f3n\u201d, asseguren- i la coca Maria que elaboren els panaders artesans del poble.<\/p>\n\n\n\n<p><\/p>\n","protected":false},"excerpt":{"rendered":"L&#8217;Associaci\u00f3 Cultural Amics de Teulada convoca el concurs de ra\u00efms de moscatell (XXXV edici\u00f3), que enguany s&#8217;ha recuperat&hellip;","protected":false},"author":6,"featured_media":74358,"comment_status":"closed","ping_status":"closed","sticky":false,"template":"","format":"standard","meta":{"csco_display_header_overlay":false,"csco_singular_sidebar":"","csco_page_header_type":"","csco_page_load_nextpost":"","csco_post_video_location":[],"csco_post_video_location_hash":"","csco_post_video_url":"","csco_post_video_bg_start_time":0,"csco_post_video_bg_end_time":0,"footnotes":""},"categories":[589],"tags":[3874,3871,1114,3870],"class_list":{"0":"post-74360","1":"post","2":"type-post","3":"status-publish","4":"format-standard","5":"has-post-thumbnail","7":"category-gastronomia-ca-es","8":"tag-acat","9":"tag-concurs-de-raim","10":"tag-festa","11":"tag-moscatell","12":"cs-entry","13":"cs-video-wrap"},"yoast_head":"<!-- This site is optimized with the Yoast SEO Premium plugin v26.6 (Yoast SEO v27.3) - https:\/\/yoast.com\/product\/yoast-seo-premium-wordpress\/ -->\n<title>Concurs de ra\u00efms de moscatell a Teulada - Canfali<\/title>\n<meta name=\"robots\" content=\"index, follow, max-snippet:-1, max-image-preview:large, max-video-preview:-1\" \/>\n<link rel=\"canonical\" href=\"https:\/\/canfali.com\/ca-es\/concurs-de-raims-a-la-festa-del-moscatell-de-teulada\/\" \/>\n<meta property=\"og:locale\" content=\"en_US\" \/>\n<meta property=\"og:type\" content=\"article\" \/>\n<meta property=\"og:title\" content=\"Concurs de ra\u00efms de moscatell a Teulada\" \/>\n<meta property=\"og:description\" content=\"L&#8217;Associaci\u00f3 Cultural Amics de Teulada convoca el concurs de ra\u00efms de moscatell (XXXV edici\u00f3), que enguany s&#8217;ha recuperat&hellip;\" \/>\n<meta property=\"og:url\" content=\"https:\/\/canfali.com\/ca-es\/concurs-de-raims-a-la-festa-del-moscatell-de-teulada\/\" \/>\n<meta property=\"og:site_name\" content=\"Canfali\" \/>\n<meta property=\"article:publisher\" content=\"https:\/\/es-es.facebook.com\/CANFALIMarinaAlta\" \/>\n<meta property=\"article:published_time\" content=\"2025-08-27T15:38:23+00:00\" \/>\n<meta property=\"article:modified_time\" content=\"2025-08-27T15:51:37+00:00\" \/>\n<meta property=\"og:image\" content=\"https:\/\/canfali.com\/app\/uploads\/2025\/08\/mosca.jpg\" \/>\n\t<meta property=\"og:image:width\" content=\"611\" \/>\n\t<meta property=\"og:image:height\" content=\"422\" \/>\n\t<meta property=\"og:image:type\" content=\"image\/jpeg\" \/>\n<meta name=\"author\" content=\"Rosa\" \/>\n<meta name=\"twitter:card\" content=\"summary_large_image\" \/>\n<meta name=\"twitter:creator\" content=\"@canfalima\" \/>\n<meta name=\"twitter:site\" content=\"@canfalima\" \/>\n<meta name=\"twitter:label1\" content=\"Written by\" \/>\n\t<meta name=\"twitter:data1\" content=\"Rosa\" \/>\n\t<meta name=\"twitter:label2\" content=\"Est. reading time\" \/>\n\t<meta name=\"twitter:data2\" content=\"1 minute\" \/>\n<script type=\"application\/ld+json\" class=\"yoast-schema-graph\">{\"@context\":\"https:\\\/\\\/schema.org\",\"@graph\":[{\"@type\":\"NewsArticle\",\"@id\":\"https:\\\/\\\/canfali.com\\\/ca-es\\\/concurs-de-raims-a-la-festa-del-moscatell-de-teulada\\\/#article\",\"isPartOf\":{\"@id\":\"https:\\\/\\\/canfali.com\\\/ca-es\\\/concurs-de-raims-a-la-festa-del-moscatell-de-teulada\\\/\"},\"author\":{\"name\":\"Rosa\",\"@id\":\"https:\\\/\\\/canfali.com\\\/ca-es\\\/#\\\/schema\\\/person\\\/c861a7aa2b2495357b95f35bd5d82f88\"},\"headline\":\"Concurs de ra\u00efms de moscatell a Teulada\",\"datePublished\":\"2025-08-27T15:38:23+00:00\",\"dateModified\":\"2025-08-27T15:51:37+00:00\",\"mainEntityOfPage\":{\"@id\":\"https:\\\/\\\/canfali.com\\\/ca-es\\\/concurs-de-raims-a-la-festa-del-moscatell-de-teulada\\\/\"},\"wordCount\":207,\"publisher\":{\"@id\":\"https:\\\/\\\/canfali.com\\\/ca-es\\\/#organization\"},\"image\":{\"@id\":\"https:\\\/\\\/canfali.com\\\/ca-es\\\/concurs-de-raims-a-la-festa-del-moscatell-de-teulada\\\/#primaryimage\"},\"thumbnailUrl\":\"https:\\\/\\\/canfali.com\\\/app\\\/uploads\\\/2025\\\/08\\\/mosca.jpg\",\"keywords\":[\"ACAT\",\"concurs de ra\u00efm\",\"festa\",\"moscatell\"],\"articleSection\":[\"Gastronomia\"],\"inLanguage\":\"va-ES\",\"copyrightYear\":\"2025\",\"copyrightHolder\":{\"@id\":\"https:\\\/\\\/canfali.com\\\/#organization\"}},{\"@type\":\"WebPage\",\"@id\":\"https:\\\/\\\/canfali.com\\\/ca-es\\\/concurs-de-raims-a-la-festa-del-moscatell-de-teulada\\\/\",\"url\":\"https:\\\/\\\/canfali.com\\\/ca-es\\\/concurs-de-raims-a-la-festa-del-moscatell-de-teulada\\\/\",\"name\":\"Concurs de ra\u00efms de moscatell a Teulada - Canfali\",\"isPartOf\":{\"@id\":\"https:\\\/\\\/canfali.com\\\/ca-es\\\/#website\"},\"primaryImageOfPage\":{\"@id\":\"https:\\\/\\\/canfali.com\\\/ca-es\\\/concurs-de-raims-a-la-festa-del-moscatell-de-teulada\\\/#primaryimage\"},\"image\":{\"@id\":\"https:\\\/\\\/canfali.com\\\/ca-es\\\/concurs-de-raims-a-la-festa-del-moscatell-de-teulada\\\/#primaryimage\"},\"thumbnailUrl\":\"https:\\\/\\\/canfali.com\\\/app\\\/uploads\\\/2025\\\/08\\\/mosca.jpg\",\"datePublished\":\"2025-08-27T15:38:23+00:00\",\"dateModified\":\"2025-08-27T15:51:37+00:00\",\"breadcrumb\":{\"@id\":\"https:\\\/\\\/canfali.com\\\/ca-es\\\/concurs-de-raims-a-la-festa-del-moscatell-de-teulada\\\/#breadcrumb\"},\"inLanguage\":\"va-ES\",\"potentialAction\":[{\"@type\":\"ReadAction\",\"target\":[\"https:\\\/\\\/canfali.com\\\/ca-es\\\/concurs-de-raims-a-la-festa-del-moscatell-de-teulada\\\/\"]}]},{\"@type\":\"ImageObject\",\"inLanguage\":\"va-ES\",\"@id\":\"https:\\\/\\\/canfali.com\\\/ca-es\\\/concurs-de-raims-a-la-festa-del-moscatell-de-teulada\\\/#primaryimage\",\"url\":\"https:\\\/\\\/canfali.com\\\/app\\\/uploads\\\/2025\\\/08\\\/mosca.jpg\",\"contentUrl\":\"https:\\\/\\\/canfali.com\\\/app\\\/uploads\\\/2025\\\/08\\\/mosca.jpg\",\"width\":611,\"height\":422},{\"@type\":\"BreadcrumbList\",\"@id\":\"https:\\\/\\\/canfali.com\\\/ca-es\\\/concurs-de-raims-a-la-festa-del-moscatell-de-teulada\\\/#breadcrumb\",\"itemListElement\":[{\"@type\":\"ListItem\",\"position\":1,\"name\":\"Portada\",\"item\":\"https:\\\/\\\/canfali.com\\\/ca-es\\\/\"},{\"@type\":\"ListItem\",\"position\":2,\"name\":\"Concurs de ra\u00efms de moscatell a Teulada\"}]},{\"@type\":\"WebSite\",\"@id\":\"https:\\\/\\\/canfali.com\\\/ca-es\\\/#website\",\"url\":\"https:\\\/\\\/canfali.com\\\/ca-es\\\/\",\"name\":\"Canfali\",\"description\":\"\",\"publisher\":{\"@id\":\"https:\\\/\\\/canfali.com\\\/ca-es\\\/#organization\"},\"potentialAction\":[{\"@type\":\"SearchAction\",\"target\":{\"@type\":\"EntryPoint\",\"urlTemplate\":\"https:\\\/\\\/canfali.com\\\/ca-es\\\/?s={search_term_string}\"},\"query-input\":{\"@type\":\"PropertyValueSpecification\",\"valueRequired\":true,\"valueName\":\"search_term_string\"}}],\"inLanguage\":\"va-ES\"},{\"@type\":\"Organization\",\"@id\":\"https:\\\/\\\/canfali.com\\\/ca-es\\\/#organization\",\"name\":\"Canfali\",\"url\":\"https:\\\/\\\/canfali.com\\\/ca-es\\\/\",\"logo\":{\"@type\":\"ImageObject\",\"inLanguage\":\"va-ES\",\"@id\":\"https:\\\/\\\/canfali.com\\\/ca-es\\\/#\\\/schema\\\/logo\\\/image\\\/\",\"url\":\"https:\\\/\\\/canfali.com\\\/app\\\/uploads\\\/2025\\\/12\\\/canfali_marina_alta_logo.png\",\"contentUrl\":\"https:\\\/\\\/canfali.com\\\/app\\\/uploads\\\/2025\\\/12\\\/canfali_marina_alta_logo.png\",\"width\":225,\"height\":225,\"caption\":\"Canfali\"},\"image\":{\"@id\":\"https:\\\/\\\/canfali.com\\\/ca-es\\\/#\\\/schema\\\/logo\\\/image\\\/\"},\"sameAs\":[\"https:\\\/\\\/es-es.facebook.com\\\/CANFALIMarinaAlta\",\"https:\\\/\\\/x.com\\\/canfalima\",\"https:\\\/\\\/www.instagram.com\\\/canfalimarinaalta\\\/\"]},{\"@type\":\"Person\",\"@id\":\"https:\\\/\\\/canfali.com\\\/ca-es\\\/#\\\/schema\\\/person\\\/c861a7aa2b2495357b95f35bd5d82f88\",\"name\":\"Rosa\",\"image\":{\"@type\":\"ImageObject\",\"inLanguage\":\"va-ES\",\"@id\":\"https:\\\/\\\/secure.gravatar.com\\\/avatar\\\/47fb83d99423a6ef1cf9f83f02a5e91366c671dec76c5c24badf1b0494e1d960?s=96&d=mm&r=g\",\"url\":\"https:\\\/\\\/secure.gravatar.com\\\/avatar\\\/47fb83d99423a6ef1cf9f83f02a5e91366c671dec76c5c24badf1b0494e1d960?s=96&d=mm&r=g\",\"contentUrl\":\"https:\\\/\\\/secure.gravatar.com\\\/avatar\\\/47fb83d99423a6ef1cf9f83f02a5e91366c671dec76c5c24badf1b0494e1d960?s=96&d=mm&r=g\",\"caption\":\"Rosa\"},\"url\":\"https:\\\/\\\/canfali.com\\\/ca-es\\\/author\\\/rosa\\\/\"}]}<\/script>\n<!-- \/ Yoast SEO Premium plugin. -->","yoast_head_json":{"title":"Concurs de ra\u00efms de moscatell a Teulada - Canfali","robots":{"index":"index","follow":"follow","max-snippet":"max-snippet:-1","max-image-preview":"max-image-preview:large","max-video-preview":"max-video-preview:-1"},"canonical":"https:\/\/canfali.com\/ca-es\/concurs-de-raims-a-la-festa-del-moscatell-de-teulada\/","og_locale":"en_US","og_type":"article","og_title":"Concurs de ra\u00efms de moscatell a Teulada","og_description":"L&#8217;Associaci\u00f3 Cultural Amics de Teulada convoca el concurs de ra\u00efms de moscatell (XXXV edici\u00f3), que enguany s&#8217;ha recuperat&hellip;","og_url":"https:\/\/canfali.com\/ca-es\/concurs-de-raims-a-la-festa-del-moscatell-de-teulada\/","og_site_name":"Canfali","article_publisher":"https:\/\/es-es.facebook.com\/CANFALIMarinaAlta","article_published_time":"2025-08-27T15:38:23+00:00","article_modified_time":"2025-08-27T15:51:37+00:00","og_image":[{"width":611,"height":422,"url":"https:\/\/canfali.com\/app\/uploads\/2025\/08\/mosca.jpg","type":"image\/jpeg"}],"author":"Rosa","twitter_card":"summary_large_image","twitter_creator":"@canfalima","twitter_site":"@canfalima","twitter_misc":{"Written by":"Rosa","Est. reading time":"1 minute"},"schema":{"@context":"https:\/\/schema.org","@graph":[{"@type":"NewsArticle","@id":"https:\/\/canfali.com\/ca-es\/concurs-de-raims-a-la-festa-del-moscatell-de-teulada\/#article","isPartOf":{"@id":"https:\/\/canfali.com\/ca-es\/concurs-de-raims-a-la-festa-del-moscatell-de-teulada\/"},"author":{"name":"Rosa","@id":"https:\/\/canfali.com\/ca-es\/#\/schema\/person\/c861a7aa2b2495357b95f35bd5d82f88"},"headline":"Concurs de ra\u00efms de moscatell a Teulada","datePublished":"2025-08-27T15:38:23+00:00","dateModified":"2025-08-27T15:51:37+00:00","mainEntityOfPage":{"@id":"https:\/\/canfali.com\/ca-es\/concurs-de-raims-a-la-festa-del-moscatell-de-teulada\/"},"wordCount":207,"publisher":{"@id":"https:\/\/canfali.com\/ca-es\/#organization"},"image":{"@id":"https:\/\/canfali.com\/ca-es\/concurs-de-raims-a-la-festa-del-moscatell-de-teulada\/#primaryimage"},"thumbnailUrl":"https:\/\/canfali.com\/app\/uploads\/2025\/08\/mosca.jpg","keywords":["ACAT","concurs de ra\u00efm","festa","moscatell"],"articleSection":["Gastronomia"],"inLanguage":"va-ES","copyrightYear":"2025","copyrightHolder":{"@id":"https:\/\/canfali.com\/#organization"}},{"@type":"WebPage","@id":"https:\/\/canfali.com\/ca-es\/concurs-de-raims-a-la-festa-del-moscatell-de-teulada\/","url":"https:\/\/canfali.com\/ca-es\/concurs-de-raims-a-la-festa-del-moscatell-de-teulada\/","name":"Concurs de ra\u00efms de moscatell a Teulada - Canfali","isPartOf":{"@id":"https:\/\/canfali.com\/ca-es\/#website"},"primaryImageOfPage":{"@id":"https:\/\/canfali.com\/ca-es\/concurs-de-raims-a-la-festa-del-moscatell-de-teulada\/#primaryimage"},"image":{"@id":"https:\/\/canfali.com\/ca-es\/concurs-de-raims-a-la-festa-del-moscatell-de-teulada\/#primaryimage"},"thumbnailUrl":"https:\/\/canfali.com\/app\/uploads\/2025\/08\/mosca.jpg","datePublished":"2025-08-27T15:38:23+00:00","dateModified":"2025-08-27T15:51:37+00:00","breadcrumb":{"@id":"https:\/\/canfali.com\/ca-es\/concurs-de-raims-a-la-festa-del-moscatell-de-teulada\/#breadcrumb"},"inLanguage":"va-ES","potentialAction":[{"@type":"ReadAction","target":["https:\/\/canfali.com\/ca-es\/concurs-de-raims-a-la-festa-del-moscatell-de-teulada\/"]}]},{"@type":"ImageObject","inLanguage":"va-ES","@id":"https:\/\/canfali.com\/ca-es\/concurs-de-raims-a-la-festa-del-moscatell-de-teulada\/#primaryimage","url":"https:\/\/canfali.com\/app\/uploads\/2025\/08\/mosca.jpg","contentUrl":"https:\/\/canfali.com\/app\/uploads\/2025\/08\/mosca.jpg","width":611,"height":422},{"@type":"BreadcrumbList","@id":"https:\/\/canfali.com\/ca-es\/concurs-de-raims-a-la-festa-del-moscatell-de-teulada\/#breadcrumb","itemListElement":[{"@type":"ListItem","position":1,"name":"Portada","item":"https:\/\/canfali.com\/ca-es\/"},{"@type":"ListItem","position":2,"name":"Concurs de ra\u00efms de moscatell a Teulada"}]},{"@type":"WebSite","@id":"https:\/\/canfali.com\/ca-es\/#website","url":"https:\/\/canfali.com\/ca-es\/","name":"Canfali","description":"","publisher":{"@id":"https:\/\/canfali.com\/ca-es\/#organization"},"potentialAction":[{"@type":"SearchAction","target":{"@type":"EntryPoint","urlTemplate":"https:\/\/canfali.com\/ca-es\/?s={search_term_string}"},"query-input":{"@type":"PropertyValueSpecification","valueRequired":true,"valueName":"search_term_string"}}],"inLanguage":"va-ES"},{"@type":"Organization","@id":"https:\/\/canfali.com\/ca-es\/#organization","name":"Canfali","url":"https:\/\/canfali.com\/ca-es\/","logo":{"@type":"ImageObject","inLanguage":"va-ES","@id":"https:\/\/canfali.com\/ca-es\/#\/schema\/logo\/image\/","url":"https:\/\/canfali.com\/app\/uploads\/2025\/12\/canfali_marina_alta_logo.png","contentUrl":"https:\/\/canfali.com\/app\/uploads\/2025\/12\/canfali_marina_alta_logo.png","width":225,"height":225,"caption":"Canfali"},"image":{"@id":"https:\/\/canfali.com\/ca-es\/#\/schema\/logo\/image\/"},"sameAs":["https:\/\/es-es.facebook.com\/CANFALIMarinaAlta","https:\/\/x.com\/canfalima","https:\/\/www.instagram.com\/canfalimarinaalta\/"]},{"@type":"Person","@id":"https:\/\/canfali.com\/ca-es\/#\/schema\/person\/c861a7aa2b2495357b95f35bd5d82f88","name":"Rosa","image":{"@type":"ImageObject","inLanguage":"va-ES","@id":"https:\/\/secure.gravatar.com\/avatar\/47fb83d99423a6ef1cf9f83f02a5e91366c671dec76c5c24badf1b0494e1d960?s=96&d=mm&r=g","url":"https:\/\/secure.gravatar.com\/avatar\/47fb83d99423a6ef1cf9f83f02a5e91366c671dec76c5c24badf1b0494e1d960?s=96&d=mm&r=g","contentUrl":"https:\/\/secure.gravatar.com\/avatar\/47fb83d99423a6ef1cf9f83f02a5e91366c671dec76c5c24badf1b0494e1d960?s=96&d=mm&r=g","caption":"Rosa"},"url":"https:\/\/canfali.com\/ca-es\/author\/rosa\/"}]}},"_links":{"self":[{"href":"https:\/\/canfali.com\/ca-es\/wp-json\/wp\/v2\/posts\/74360","targetHints":{"allow":["GET"]}}],"collection":[{"href":"https:\/\/canfali.com\/ca-es\/wp-json\/wp\/v2\/posts"}],"about":[{"href":"https:\/\/canfali.com\/ca-es\/wp-json\/wp\/v2\/types\/post"}],"author":[{"embeddable":true,"href":"https:\/\/canfali.com\/ca-es\/wp-json\/wp\/v2\/users\/6"}],"replies":[{"embeddable":true,"href":"https:\/\/canfali.com\/ca-es\/wp-json\/wp\/v2\/comments?post=74360"}],"version-history":[{"count":4,"href":"https:\/\/canfali.com\/ca-es\/wp-json\/wp\/v2\/posts\/74360\/revisions"}],"predecessor-version":[{"id":74367,"href":"https:\/\/canfali.com\/ca-es\/wp-json\/wp\/v2\/posts\/74360\/revisions\/74367"}],"wp:featuredmedia":[{"embeddable":true,"href":"https:\/\/canfali.com\/ca-es\/wp-json\/wp\/v2\/media\/74358"}],"wp:attachment":[{"href":"https:\/\/canfali.com\/ca-es\/wp-json\/wp\/v2\/media?parent=74360"}],"wp:term":[{"taxonomy":"category","embeddable":true,"href":"https:\/\/canfali.com\/ca-es\/wp-json\/wp\/v2\/categories?post=74360"},{"taxonomy":"post_tag","embeddable":true,"href":"https:\/\/canfali.com\/ca-es\/wp-json\/wp\/v2\/tags?post=74360"}],"curies":[{"name":"wp","href":"https:\/\/api.w.org\/{rel}","templated":true}]}}