{"id":73879,"date":"2025-08-23T07:58:00","date_gmt":"2025-08-23T05:58:00","guid":{"rendered":"https:\/\/canfali.com\/el-nou-fast-ferry-de-balearia-es-botara-en-setembre\/"},"modified":"2025-08-23T07:58:05","modified_gmt":"2025-08-23T05:58:05","slug":"el-nou-fast-ferry-de-balearia-es-botara-en-setembre","status":"publish","type":"post","link":"https:\/\/canfali.com\/ca-es\/el-nou-fast-ferry-de-balearia-es-botara-en-setembre\/","title":{"rendered":"El nou fast ferry de Bale\u00e0ria es botar\u00e0 en setembre"},"content":{"rendered":"\n<p>La naviliera Bale\u00e0ria ultima la construcci\u00f3 del seu tercer fast ferri propulsat per gas natural, el Mercedes Pinto, que ser\u00e0 botat el pr\u00f2xim 19 de setembre en les Drassanes Armon de Gij\u00f3n. El vaixell, que entrar\u00e0 en servici en 2026, se sumar\u00e0 a la flota ecoeficient de la companyia al costat dels seus bessons Eleanor Roosevelt (2021) i Margarita Salas (2023).<br \/>\t<\/p>\n\n<p>Amb 123 metres d&#8217;eslora i capacitat per a 1.200 passatgers i 425 vehicles, el Mercedes Pinto oferir\u00e0 \u00e0mplies prestacions de confort i innovaci\u00f3. Disposar\u00e0 de dos cobertes de salons, cafeteries interiors i exteriors, zona infantil i espais pet-friendly.<br \/>\t<\/p>\n\n<p>Els treballs de construcci\u00f3 es troben en una fase avan\u00e7ada, amb el casc ja completat i la instal\u00b7laci\u00f3 de tancs de gas natural, motors, sistema de propulsi\u00f3, cablejat el\u00e8ctric i canonades en marxa. Ser\u00e0 el dotz\u00e9 vaixell de la naviliera equipat amb motors duals a gas natural, preparats per a operar tamb\u00e9 amb biomet\u00e0 o mescles d&#8217;hidrogen verd, combustibles renovables que redu\u00efxen al m\u00ednim les emissions de CO\u2082.<br \/>\t<\/p>\n\n<p>El nou vaixell portar\u00e0 el nom de l&#8217;escriptora i poetessa de Tenerife Mercedes Pinto, reconeguda pel seu comprom\u00eds amb la just\u00edcia social i els drets civils en el segle XX. La seua labor pionera va incloure la defensa de la modernitzaci\u00f3 de la llei del divorci i una prol\u00edfica traject\u00f2ria com a autora, dramaturga i conferenciant en l&#8217;\u00e0mbit hispanoameric\u00e0.<br \/><\/p>\n","protected":false},"excerpt":{"rendered":"La naviliera Bale\u00e0ria ultima la construcci\u00f3 del seu tercer fast ferri propulsat per gas natural, el Mercedes Pinto,&hellip;","protected":false},"author":7,"featured_media":73877,"comment_status":"closed","ping_status":"closed","sticky":false,"template":"","format":"standard","meta":{"csco_display_header_overlay":false,"csco_singular_sidebar":"","csco_page_header_type":"","csco_page_load_nextpost":"","csco_post_video_location":[],"csco_post_video_location_hash":"","csco_post_video_url":"","csco_post_video_bg_start_time":0,"csco_post_video_bg_end_time":0,"footnotes":""},"categories":[577],"tags":[2701],"class_list":{"0":"post-73879","1":"post","2":"type-post","3":"status-publish","4":"format-standard","5":"has-post-thumbnail","7":"category-economia-y-empresas-2","8":"tag-vaixell","9":"cs-entry","10":"cs-video-wrap"},"yoast_head":"<!-- This site is optimized with the Yoast SEO Premium plugin v26.6 (Yoast SEO v27.3) - https:\/\/yoast.com\/product\/yoast-seo-premium-wordpress\/ -->\n<title>El nou fast ferry de Bale\u00e0ria es botar\u00e0 en setembre - Canfali<\/title>\n<meta name=\"robots\" content=\"index, follow, max-snippet:-1, max-image-preview:large, max-video-preview:-1\" \/>\n<link rel=\"canonical\" href=\"https:\/\/canfali.com\/ca-es\/el-nou-fast-ferry-de-balearia-es-botara-en-setembre\/\" \/>\n<meta property=\"og:locale\" content=\"en_US\" \/>\n<meta property=\"og:type\" content=\"article\" \/>\n<meta property=\"og:title\" content=\"El nou fast ferry de Bale\u00e0ria es botar\u00e0 en setembre\" \/>\n<meta property=\"og:description\" content=\"La naviliera Bale\u00e0ria ultima la construcci\u00f3 del seu tercer fast ferri propulsat per gas natural, el Mercedes Pinto,&hellip;\" \/>\n<meta property=\"og:url\" content=\"https:\/\/canfali.com\/ca-es\/el-nou-fast-ferry-de-balearia-es-botara-en-setembre\/\" \/>\n<meta property=\"og:site_name\" content=\"Canfali\" \/>\n<meta property=\"article:publisher\" content=\"https:\/\/es-es.facebook.com\/CANFALIMarinaAlta\" \/>\n<meta property=\"article:published_time\" content=\"2025-08-23T05:58:00+00:00\" \/>\n<meta property=\"article:modified_time\" content=\"2025-08-23T05:58:05+00:00\" \/>\n<meta property=\"og:image\" content=\"https:\/\/canfali.com\/app\/uploads\/2025\/08\/balearia.jpg\" \/>\n\t<meta property=\"og:image:width\" content=\"2048\" \/>\n\t<meta property=\"og:image:height\" content=\"1536\" \/>\n\t<meta property=\"og:image:type\" content=\"image\/jpeg\" \/>\n<meta name=\"author\" content=\"Bolta\" \/>\n<meta name=\"twitter:card\" content=\"summary_large_image\" \/>\n<meta name=\"twitter:creator\" content=\"@canfalima\" \/>\n<meta name=\"twitter:site\" content=\"@canfalima\" \/>\n<meta name=\"twitter:label1\" content=\"Written by\" \/>\n\t<meta name=\"twitter:data1\" content=\"Bolta\" \/>\n\t<meta name=\"twitter:label2\" content=\"Est. reading time\" \/>\n\t<meta name=\"twitter:data2\" content=\"1 minute\" \/>\n<script type=\"application\/ld+json\" class=\"yoast-schema-graph\">{\"@context\":\"https:\\\/\\\/schema.org\",\"@graph\":[{\"@type\":\"NewsArticle\",\"@id\":\"https:\\\/\\\/canfali.com\\\/ca-es\\\/el-nou-fast-ferry-de-balearia-es-botara-en-setembre\\\/#article\",\"isPartOf\":{\"@id\":\"https:\\\/\\\/canfali.com\\\/ca-es\\\/el-nou-fast-ferry-de-balearia-es-botara-en-setembre\\\/\"},\"author\":{\"name\":\"Bolta\",\"@id\":\"https:\\\/\\\/canfali.com\\\/ca-es\\\/#\\\/schema\\\/person\\\/9c651adc904f3c4e0243f54407751557\"},\"headline\":\"El nou fast ferry de Bale\u00e0ria es botar\u00e0 en setembre\",\"datePublished\":\"2025-08-23T05:58:00+00:00\",\"dateModified\":\"2025-08-23T05:58:05+00:00\",\"mainEntityOfPage\":{\"@id\":\"https:\\\/\\\/canfali.com\\\/ca-es\\\/el-nou-fast-ferry-de-balearia-es-botara-en-setembre\\\/\"},\"wordCount\":246,\"publisher\":{\"@id\":\"https:\\\/\\\/canfali.com\\\/ca-es\\\/#organization\"},\"image\":{\"@id\":\"https:\\\/\\\/canfali.com\\\/ca-es\\\/el-nou-fast-ferry-de-balearia-es-botara-en-setembre\\\/#primaryimage\"},\"thumbnailUrl\":\"https:\\\/\\\/canfali.com\\\/app\\\/uploads\\\/2025\\\/08\\\/balearia.jpg\",\"keywords\":[\"vaixell\"],\"articleSection\":[\"Econom\u00eda y Empresas\"],\"inLanguage\":\"va-ES\",\"copyrightYear\":\"2025\",\"copyrightHolder\":{\"@id\":\"https:\\\/\\\/canfali.com\\\/#organization\"}},{\"@type\":\"WebPage\",\"@id\":\"https:\\\/\\\/canfali.com\\\/ca-es\\\/el-nou-fast-ferry-de-balearia-es-botara-en-setembre\\\/\",\"url\":\"https:\\\/\\\/canfali.com\\\/ca-es\\\/el-nou-fast-ferry-de-balearia-es-botara-en-setembre\\\/\",\"name\":\"El nou fast ferry de Bale\u00e0ria es botar\u00e0 en setembre - Canfali\",\"isPartOf\":{\"@id\":\"https:\\\/\\\/canfali.com\\\/ca-es\\\/#website\"},\"primaryImageOfPage\":{\"@id\":\"https:\\\/\\\/canfali.com\\\/ca-es\\\/el-nou-fast-ferry-de-balearia-es-botara-en-setembre\\\/#primaryimage\"},\"image\":{\"@id\":\"https:\\\/\\\/canfali.com\\\/ca-es\\\/el-nou-fast-ferry-de-balearia-es-botara-en-setembre\\\/#primaryimage\"},\"thumbnailUrl\":\"https:\\\/\\\/canfali.com\\\/app\\\/uploads\\\/2025\\\/08\\\/balearia.jpg\",\"datePublished\":\"2025-08-23T05:58:00+00:00\",\"dateModified\":\"2025-08-23T05:58:05+00:00\",\"breadcrumb\":{\"@id\":\"https:\\\/\\\/canfali.com\\\/ca-es\\\/el-nou-fast-ferry-de-balearia-es-botara-en-setembre\\\/#breadcrumb\"},\"inLanguage\":\"va-ES\",\"potentialAction\":[{\"@type\":\"ReadAction\",\"target\":[\"https:\\\/\\\/canfali.com\\\/ca-es\\\/el-nou-fast-ferry-de-balearia-es-botara-en-setembre\\\/\"]}]},{\"@type\":\"ImageObject\",\"inLanguage\":\"va-ES\",\"@id\":\"https:\\\/\\\/canfali.com\\\/ca-es\\\/el-nou-fast-ferry-de-balearia-es-botara-en-setembre\\\/#primaryimage\",\"url\":\"https:\\\/\\\/canfali.com\\\/app\\\/uploads\\\/2025\\\/08\\\/balearia.jpg\",\"contentUrl\":\"https:\\\/\\\/canfali.com\\\/app\\\/uploads\\\/2025\\\/08\\\/balearia.jpg\",\"width\":2048,\"height\":1536},{\"@type\":\"BreadcrumbList\",\"@id\":\"https:\\\/\\\/canfali.com\\\/ca-es\\\/el-nou-fast-ferry-de-balearia-es-botara-en-setembre\\\/#breadcrumb\",\"itemListElement\":[{\"@type\":\"ListItem\",\"position\":1,\"name\":\"Portada\",\"item\":\"https:\\\/\\\/canfali.com\\\/ca-es\\\/\"},{\"@type\":\"ListItem\",\"position\":2,\"name\":\"El nou fast ferry de Bale\u00e0ria es botar\u00e0 en setembre\"}]},{\"@type\":\"WebSite\",\"@id\":\"https:\\\/\\\/canfali.com\\\/ca-es\\\/#website\",\"url\":\"https:\\\/\\\/canfali.com\\\/ca-es\\\/\",\"name\":\"Canfali\",\"description\":\"\",\"publisher\":{\"@id\":\"https:\\\/\\\/canfali.com\\\/ca-es\\\/#organization\"},\"potentialAction\":[{\"@type\":\"SearchAction\",\"target\":{\"@type\":\"EntryPoint\",\"urlTemplate\":\"https:\\\/\\\/canfali.com\\\/ca-es\\\/?s={search_term_string}\"},\"query-input\":{\"@type\":\"PropertyValueSpecification\",\"valueRequired\":true,\"valueName\":\"search_term_string\"}}],\"inLanguage\":\"va-ES\"},{\"@type\":\"Organization\",\"@id\":\"https:\\\/\\\/canfali.com\\\/ca-es\\\/#organization\",\"name\":\"Canfali\",\"url\":\"https:\\\/\\\/canfali.com\\\/ca-es\\\/\",\"logo\":{\"@type\":\"ImageObject\",\"inLanguage\":\"va-ES\",\"@id\":\"https:\\\/\\\/canfali.com\\\/ca-es\\\/#\\\/schema\\\/logo\\\/image\\\/\",\"url\":\"https:\\\/\\\/canfali.com\\\/app\\\/uploads\\\/2025\\\/12\\\/canfali_marina_alta_logo.png\",\"contentUrl\":\"https:\\\/\\\/canfali.com\\\/app\\\/uploads\\\/2025\\\/12\\\/canfali_marina_alta_logo.png\",\"width\":225,\"height\":225,\"caption\":\"Canfali\"},\"image\":{\"@id\":\"https:\\\/\\\/canfali.com\\\/ca-es\\\/#\\\/schema\\\/logo\\\/image\\\/\"},\"sameAs\":[\"https:\\\/\\\/es-es.facebook.com\\\/CANFALIMarinaAlta\",\"https:\\\/\\\/x.com\\\/canfalima\",\"https:\\\/\\\/www.instagram.com\\\/canfalimarinaalta\\\/\"]},{\"@type\":\"Person\",\"@id\":\"https:\\\/\\\/canfali.com\\\/ca-es\\\/#\\\/schema\\\/person\\\/9c651adc904f3c4e0243f54407751557\",\"name\":\"Bolta\",\"image\":{\"@type\":\"ImageObject\",\"inLanguage\":\"va-ES\",\"@id\":\"https:\\\/\\\/secure.gravatar.com\\\/avatar\\\/550a5d97fe3cfba5caf077b9600e46529e1977e9d14396836e775d6d9d895a81?s=96&d=mm&r=g\",\"url\":\"https:\\\/\\\/secure.gravatar.com\\\/avatar\\\/550a5d97fe3cfba5caf077b9600e46529e1977e9d14396836e775d6d9d895a81?s=96&d=mm&r=g\",\"contentUrl\":\"https:\\\/\\\/secure.gravatar.com\\\/avatar\\\/550a5d97fe3cfba5caf077b9600e46529e1977e9d14396836e775d6d9d895a81?s=96&d=mm&r=g\",\"caption\":\"Bolta\"},\"url\":\"https:\\\/\\\/canfali.com\\\/ca-es\\\/author\\\/bolta\\\/\"}]}<\/script>\n<!-- \/ Yoast SEO Premium plugin. -->","yoast_head_json":{"title":"El nou fast ferry de Bale\u00e0ria es botar\u00e0 en setembre - Canfali","robots":{"index":"index","follow":"follow","max-snippet":"max-snippet:-1","max-image-preview":"max-image-preview:large","max-video-preview":"max-video-preview:-1"},"canonical":"https:\/\/canfali.com\/ca-es\/el-nou-fast-ferry-de-balearia-es-botara-en-setembre\/","og_locale":"en_US","og_type":"article","og_title":"El nou fast ferry de Bale\u00e0ria es botar\u00e0 en setembre","og_description":"La naviliera Bale\u00e0ria ultima la construcci\u00f3 del seu tercer fast ferri propulsat per gas natural, el Mercedes Pinto,&hellip;","og_url":"https:\/\/canfali.com\/ca-es\/el-nou-fast-ferry-de-balearia-es-botara-en-setembre\/","og_site_name":"Canfali","article_publisher":"https:\/\/es-es.facebook.com\/CANFALIMarinaAlta","article_published_time":"2025-08-23T05:58:00+00:00","article_modified_time":"2025-08-23T05:58:05+00:00","og_image":[{"width":2048,"height":1536,"url":"https:\/\/canfali.com\/app\/uploads\/2025\/08\/balearia.jpg","type":"image\/jpeg"}],"author":"Bolta","twitter_card":"summary_large_image","twitter_creator":"@canfalima","twitter_site":"@canfalima","twitter_misc":{"Written by":"Bolta","Est. reading time":"1 minute"},"schema":{"@context":"https:\/\/schema.org","@graph":[{"@type":"NewsArticle","@id":"https:\/\/canfali.com\/ca-es\/el-nou-fast-ferry-de-balearia-es-botara-en-setembre\/#article","isPartOf":{"@id":"https:\/\/canfali.com\/ca-es\/el-nou-fast-ferry-de-balearia-es-botara-en-setembre\/"},"author":{"name":"Bolta","@id":"https:\/\/canfali.com\/ca-es\/#\/schema\/person\/9c651adc904f3c4e0243f54407751557"},"headline":"El nou fast ferry de Bale\u00e0ria es botar\u00e0 en setembre","datePublished":"2025-08-23T05:58:00+00:00","dateModified":"2025-08-23T05:58:05+00:00","mainEntityOfPage":{"@id":"https:\/\/canfali.com\/ca-es\/el-nou-fast-ferry-de-balearia-es-botara-en-setembre\/"},"wordCount":246,"publisher":{"@id":"https:\/\/canfali.com\/ca-es\/#organization"},"image":{"@id":"https:\/\/canfali.com\/ca-es\/el-nou-fast-ferry-de-balearia-es-botara-en-setembre\/#primaryimage"},"thumbnailUrl":"https:\/\/canfali.com\/app\/uploads\/2025\/08\/balearia.jpg","keywords":["vaixell"],"articleSection":["Econom\u00eda y Empresas"],"inLanguage":"va-ES","copyrightYear":"2025","copyrightHolder":{"@id":"https:\/\/canfali.com\/#organization"}},{"@type":"WebPage","@id":"https:\/\/canfali.com\/ca-es\/el-nou-fast-ferry-de-balearia-es-botara-en-setembre\/","url":"https:\/\/canfali.com\/ca-es\/el-nou-fast-ferry-de-balearia-es-botara-en-setembre\/","name":"El nou fast ferry de Bale\u00e0ria es botar\u00e0 en setembre - Canfali","isPartOf":{"@id":"https:\/\/canfali.com\/ca-es\/#website"},"primaryImageOfPage":{"@id":"https:\/\/canfali.com\/ca-es\/el-nou-fast-ferry-de-balearia-es-botara-en-setembre\/#primaryimage"},"image":{"@id":"https:\/\/canfali.com\/ca-es\/el-nou-fast-ferry-de-balearia-es-botara-en-setembre\/#primaryimage"},"thumbnailUrl":"https:\/\/canfali.com\/app\/uploads\/2025\/08\/balearia.jpg","datePublished":"2025-08-23T05:58:00+00:00","dateModified":"2025-08-23T05:58:05+00:00","breadcrumb":{"@id":"https:\/\/canfali.com\/ca-es\/el-nou-fast-ferry-de-balearia-es-botara-en-setembre\/#breadcrumb"},"inLanguage":"va-ES","potentialAction":[{"@type":"ReadAction","target":["https:\/\/canfali.com\/ca-es\/el-nou-fast-ferry-de-balearia-es-botara-en-setembre\/"]}]},{"@type":"ImageObject","inLanguage":"va-ES","@id":"https:\/\/canfali.com\/ca-es\/el-nou-fast-ferry-de-balearia-es-botara-en-setembre\/#primaryimage","url":"https:\/\/canfali.com\/app\/uploads\/2025\/08\/balearia.jpg","contentUrl":"https:\/\/canfali.com\/app\/uploads\/2025\/08\/balearia.jpg","width":2048,"height":1536},{"@type":"BreadcrumbList","@id":"https:\/\/canfali.com\/ca-es\/el-nou-fast-ferry-de-balearia-es-botara-en-setembre\/#breadcrumb","itemListElement":[{"@type":"ListItem","position":1,"name":"Portada","item":"https:\/\/canfali.com\/ca-es\/"},{"@type":"ListItem","position":2,"name":"El nou fast ferry de Bale\u00e0ria es botar\u00e0 en setembre"}]},{"@type":"WebSite","@id":"https:\/\/canfali.com\/ca-es\/#website","url":"https:\/\/canfali.com\/ca-es\/","name":"Canfali","description":"","publisher":{"@id":"https:\/\/canfali.com\/ca-es\/#organization"},"potentialAction":[{"@type":"SearchAction","target":{"@type":"EntryPoint","urlTemplate":"https:\/\/canfali.com\/ca-es\/?s={search_term_string}"},"query-input":{"@type":"PropertyValueSpecification","valueRequired":true,"valueName":"search_term_string"}}],"inLanguage":"va-ES"},{"@type":"Organization","@id":"https:\/\/canfali.com\/ca-es\/#organization","name":"Canfali","url":"https:\/\/canfali.com\/ca-es\/","logo":{"@type":"ImageObject","inLanguage":"va-ES","@id":"https:\/\/canfali.com\/ca-es\/#\/schema\/logo\/image\/","url":"https:\/\/canfali.com\/app\/uploads\/2025\/12\/canfali_marina_alta_logo.png","contentUrl":"https:\/\/canfali.com\/app\/uploads\/2025\/12\/canfali_marina_alta_logo.png","width":225,"height":225,"caption":"Canfali"},"image":{"@id":"https:\/\/canfali.com\/ca-es\/#\/schema\/logo\/image\/"},"sameAs":["https:\/\/es-es.facebook.com\/CANFALIMarinaAlta","https:\/\/x.com\/canfalima","https:\/\/www.instagram.com\/canfalimarinaalta\/"]},{"@type":"Person","@id":"https:\/\/canfali.com\/ca-es\/#\/schema\/person\/9c651adc904f3c4e0243f54407751557","name":"Bolta","image":{"@type":"ImageObject","inLanguage":"va-ES","@id":"https:\/\/secure.gravatar.com\/avatar\/550a5d97fe3cfba5caf077b9600e46529e1977e9d14396836e775d6d9d895a81?s=96&d=mm&r=g","url":"https:\/\/secure.gravatar.com\/avatar\/550a5d97fe3cfba5caf077b9600e46529e1977e9d14396836e775d6d9d895a81?s=96&d=mm&r=g","contentUrl":"https:\/\/secure.gravatar.com\/avatar\/550a5d97fe3cfba5caf077b9600e46529e1977e9d14396836e775d6d9d895a81?s=96&d=mm&r=g","caption":"Bolta"},"url":"https:\/\/canfali.com\/ca-es\/author\/bolta\/"}]}},"_links":{"self":[{"href":"https:\/\/canfali.com\/ca-es\/wp-json\/wp\/v2\/posts\/73879","targetHints":{"allow":["GET"]}}],"collection":[{"href":"https:\/\/canfali.com\/ca-es\/wp-json\/wp\/v2\/posts"}],"about":[{"href":"https:\/\/canfali.com\/ca-es\/wp-json\/wp\/v2\/types\/post"}],"author":[{"embeddable":true,"href":"https:\/\/canfali.com\/ca-es\/wp-json\/wp\/v2\/users\/7"}],"replies":[{"embeddable":true,"href":"https:\/\/canfali.com\/ca-es\/wp-json\/wp\/v2\/comments?post=73879"}],"version-history":[{"count":2,"href":"https:\/\/canfali.com\/ca-es\/wp-json\/wp\/v2\/posts\/73879\/revisions"}],"predecessor-version":[{"id":73948,"href":"https:\/\/canfali.com\/ca-es\/wp-json\/wp\/v2\/posts\/73879\/revisions\/73948"}],"wp:featuredmedia":[{"embeddable":true,"href":"https:\/\/canfali.com\/ca-es\/wp-json\/wp\/v2\/media\/73877"}],"wp:attachment":[{"href":"https:\/\/canfali.com\/ca-es\/wp-json\/wp\/v2\/media?parent=73879"}],"wp:term":[{"taxonomy":"category","embeddable":true,"href":"https:\/\/canfali.com\/ca-es\/wp-json\/wp\/v2\/categories?post=73879"},{"taxonomy":"post_tag","embeddable":true,"href":"https:\/\/canfali.com\/ca-es\/wp-json\/wp\/v2\/tags?post=73879"}],"curies":[{"name":"wp","href":"https:\/\/api.w.org\/{rel}","templated":true}]}}