{"id":71366,"date":"2025-07-30T20:59:40","date_gmt":"2025-07-30T18:59:40","guid":{"rendered":"https:\/\/canfali.com\/?p=71366"},"modified":"2025-07-30T20:59:42","modified_gmt":"2025-07-30T18:59:42","slug":"convocades-les-iv-distincions-9-doctubre-vila-dondara","status":"publish","type":"post","link":"https:\/\/canfali.com\/ca-es\/convocades-les-iv-distincions-9-doctubre-vila-dondara\/","title":{"rendered":"Convocades les IV distincions 9 d\u2019Octubre Vila d\u2019Ondara"},"content":{"rendered":"\n<p><strong>La ciutadania podr\u00e0 formular propostes de candidatures tant en la categoria individual com col\u00b7lectiva fins el 20 de setembre<\/strong><\/p>\n\n\n\n<p>La Regidoria de Cultura d\u2019Ondara ha animat a la ciutadania a presentar candidatures per a la IV edici\u00f3 de les distincions <em>9 d\u2019octubre Vila d\u2019Ondara,<\/em> que tenen obert el termini fins el 20 de setembre via registre general, tant a l\u2019Ajuntament com a la Casa de Cultura d\u2019Ondara.<\/p>\n\n\n\n<p>Segons el Reglament de concessi\u00f3 de condecoracions, honors i distincions de l\u2019Ajuntament d\u2019Ondara, els nomenaments dels \u201cPremis 9 d\u2019Octubre\u201d s\u2019inicien amb la corresponent proposta per qualsevol ve\u00ed o ve\u00efna major de 16 anys o associaci\u00f3 registrada en el Registre d\u2019Associacions de l\u2019Ajuntament d\u2019Ondara, a fi de poder lliurar els guardons el 9 d\u2019octubre a l\u2019acte institucional que ser\u00e0 convocat a l\u2019efecte.<\/p>\n\n\n\n<figure class=\"wp-block-image size-large\"><img fetchpriority=\"high\" decoding=\"async\" width=\"768\" height=\"1024\" src=\"https:\/\/canfali.com\/app\/uploads\/2025\/07\/9octubreondara-laminatoniortola-768x1024.jpg\" alt=\"\" class=\"wp-image-71367\" srcset=\"https:\/\/canfali.com\/app\/uploads\/2025\/07\/9octubreondara-laminatoniortola-768x1024.jpg 768w, https:\/\/canfali.com\/app\/uploads\/2025\/07\/9octubreondara-laminatoniortola-225x300.jpg 225w, https:\/\/canfali.com\/app\/uploads\/2025\/07\/9octubreondara-laminatoniortola-1152x1536.jpg 1152w, https:\/\/canfali.com\/app\/uploads\/2025\/07\/9octubreondara-laminatoniortola-1536x2048.jpg 1536w, https:\/\/canfali.com\/app\/uploads\/2025\/07\/9octubreondara-laminatoniortola-scaled.jpg 1920w\" sizes=\"(max-width: 768px) 100vw, 768px\" \/><figcaption class=\"wp-element-caption\">L\u00e0mina de l&#8217;artista ondarenc, Toni Ortol\u00e0, titolada &#8220;El crit del Pa\u00eds Valenci\u00e0&#8221; que es lliura com a guard\u00f3<\/figcaption><\/figure>\n\n\n\n<p>Des del departament de Cultura s\u2019ha animat a la ciutadania a presentar les candidatures que poden ser en la categoria individual o col\u00b7lectiva per a que siguen avaluades per un jurat independent format per tres persones relacionades amb el m\u00f3n de l\u2019art, la ci\u00e8ncia, l\u2019educaci\u00f3 o qualsevol disciplina cultural relacionada amb les candidatures presentades. Jurat que, una vegada examinades les candidatures i practicat les dilig\u00e8ncies precises per a comprovar els m\u00e8rits o serveis prestats dels proposats, emetr\u00e0 informe fonamentat de les persones o entitats que han de resultar guardonades amb els premis en q\u00fcesti\u00f3 que en les edicions anteriors han tingut al cronista Robert Miralles, Vicent Ortu\u00f1o i V\u00edctor Moreno en el pl\u00e0nol individual i al Club de Pilota d\u2019Ondara, la Uni\u00f3 Musical i un grup de llauradors amb amor per la terra en el col\u00b7lectiu.<\/p>\n","protected":false},"excerpt":{"rendered":"La ciutadania podr\u00e0 formular propostes de candidatures tant en la categoria individual com col\u00b7lectiva fins el 20 de&hellip;","protected":false},"author":4,"featured_media":71364,"comment_status":"closed","ping_status":"closed","sticky":false,"template":"","format":"standard","meta":{"csco_display_header_overlay":false,"csco_singular_sidebar":"","csco_page_header_type":"","csco_page_load_nextpost":"","csco_post_video_location":[],"csco_post_video_location_hash":"","csco_post_video_url":"","csco_post_video_bg_start_time":0,"csco_post_video_bg_end_time":0,"footnotes":""},"categories":[597],"tags":[3522,3525,2793,3524],"class_list":{"0":"post-71366","1":"post","2":"type-post","3":"status-publish","4":"format-standard","5":"has-post-thumbnail","7":"category-cultura-ca-es","8":"tag-9-doctubre-2","9":"tag-convocades-2","10":"tag-distincions","11":"tag-vila-dondara","12":"cs-entry","13":"cs-video-wrap"},"yoast_head":"<!-- This site is optimized with the Yoast SEO Premium plugin v26.6 (Yoast SEO v27.3) - https:\/\/yoast.com\/product\/yoast-seo-premium-wordpress\/ -->\n<title>Convocades les IV distincions 9 d\u2019Octubre Vila d\u2019Ondara - Canfali<\/title>\n<meta name=\"robots\" content=\"index, follow, max-snippet:-1, max-image-preview:large, max-video-preview:-1\" \/>\n<link rel=\"canonical\" href=\"https:\/\/canfali.com\/ca-es\/convocades-les-iv-distincions-9-doctubre-vila-dondara\/\" \/>\n<meta property=\"og:locale\" content=\"en_US\" \/>\n<meta property=\"og:type\" content=\"article\" \/>\n<meta property=\"og:title\" content=\"Convocades les IV distincions 9 d\u2019Octubre Vila d\u2019Ondara\" \/>\n<meta property=\"og:description\" content=\"La ciutadania podr\u00e0 formular propostes de candidatures tant en la categoria individual com col\u00b7lectiva fins el 20 de&hellip;\" \/>\n<meta property=\"og:url\" content=\"https:\/\/canfali.com\/ca-es\/convocades-les-iv-distincions-9-doctubre-vila-dondara\/\" \/>\n<meta property=\"og:site_name\" content=\"Canfali\" \/>\n<meta property=\"article:publisher\" content=\"https:\/\/es-es.facebook.com\/CANFALIMarinaAlta\" \/>\n<meta property=\"article:published_time\" content=\"2025-07-30T18:59:40+00:00\" \/>\n<meta property=\"article:modified_time\" content=\"2025-07-30T18:59:42+00:00\" \/>\n<meta property=\"og:image\" content=\"https:\/\/canfali.com\/app\/uploads\/2025\/07\/9oct-ondaradigi.jpg\" \/>\n\t<meta property=\"og:image:width\" content=\"1420\" \/>\n\t<meta property=\"og:image:height\" content=\"1073\" \/>\n\t<meta property=\"og:image:type\" content=\"image\/jpeg\" \/>\n<meta name=\"author\" content=\"JJ Mas\" \/>\n<meta name=\"twitter:card\" content=\"summary_large_image\" \/>\n<meta name=\"twitter:creator\" content=\"@canfalima\" \/>\n<meta name=\"twitter:site\" content=\"@canfalima\" \/>\n<meta name=\"twitter:label1\" content=\"Written by\" \/>\n\t<meta name=\"twitter:data1\" content=\"JJ Mas\" \/>\n\t<meta name=\"twitter:label2\" content=\"Est. reading time\" \/>\n\t<meta name=\"twitter:data2\" content=\"2 minutes\" \/>\n<script type=\"application\/ld+json\" class=\"yoast-schema-graph\">{\"@context\":\"https:\\\/\\\/schema.org\",\"@graph\":[{\"@type\":\"NewsArticle\",\"@id\":\"https:\\\/\\\/canfali.com\\\/ca-es\\\/convocades-les-iv-distincions-9-doctubre-vila-dondara\\\/#article\",\"isPartOf\":{\"@id\":\"https:\\\/\\\/canfali.com\\\/ca-es\\\/convocades-les-iv-distincions-9-doctubre-vila-dondara\\\/\"},\"author\":{\"name\":\"JJ Mas\",\"@id\":\"https:\\\/\\\/canfali.com\\\/ca-es\\\/#\\\/schema\\\/person\\\/d834d2d4df17cac754d3c314d4c404ef\"},\"headline\":\"Convocades les IV distincions 9 d\u2019Octubre Vila d\u2019Ondara\",\"datePublished\":\"2025-07-30T18:59:40+00:00\",\"dateModified\":\"2025-07-30T18:59:42+00:00\",\"mainEntityOfPage\":{\"@id\":\"https:\\\/\\\/canfali.com\\\/ca-es\\\/convocades-les-iv-distincions-9-doctubre-vila-dondara\\\/\"},\"wordCount\":319,\"publisher\":{\"@id\":\"https:\\\/\\\/canfali.com\\\/ca-es\\\/#organization\"},\"image\":{\"@id\":\"https:\\\/\\\/canfali.com\\\/ca-es\\\/convocades-les-iv-distincions-9-doctubre-vila-dondara\\\/#primaryimage\"},\"thumbnailUrl\":\"https:\\\/\\\/canfali.com\\\/app\\\/uploads\\\/2025\\\/07\\\/9oct-ondaradigi.jpg\",\"keywords\":[\"9 d'Octubre\",\"Convocades\",\"distincions\",\"Vila d'Ondara\"],\"articleSection\":[\"Cultura\"],\"inLanguage\":\"va-ES\",\"copyrightYear\":\"2025\",\"copyrightHolder\":{\"@id\":\"https:\\\/\\\/canfali.com\\\/#organization\"}},{\"@type\":\"WebPage\",\"@id\":\"https:\\\/\\\/canfali.com\\\/ca-es\\\/convocades-les-iv-distincions-9-doctubre-vila-dondara\\\/\",\"url\":\"https:\\\/\\\/canfali.com\\\/ca-es\\\/convocades-les-iv-distincions-9-doctubre-vila-dondara\\\/\",\"name\":\"Convocades les IV distincions 9 d\u2019Octubre Vila d\u2019Ondara - Canfali\",\"isPartOf\":{\"@id\":\"https:\\\/\\\/canfali.com\\\/ca-es\\\/#website\"},\"primaryImageOfPage\":{\"@id\":\"https:\\\/\\\/canfali.com\\\/ca-es\\\/convocades-les-iv-distincions-9-doctubre-vila-dondara\\\/#primaryimage\"},\"image\":{\"@id\":\"https:\\\/\\\/canfali.com\\\/ca-es\\\/convocades-les-iv-distincions-9-doctubre-vila-dondara\\\/#primaryimage\"},\"thumbnailUrl\":\"https:\\\/\\\/canfali.com\\\/app\\\/uploads\\\/2025\\\/07\\\/9oct-ondaradigi.jpg\",\"datePublished\":\"2025-07-30T18:59:40+00:00\",\"dateModified\":\"2025-07-30T18:59:42+00:00\",\"breadcrumb\":{\"@id\":\"https:\\\/\\\/canfali.com\\\/ca-es\\\/convocades-les-iv-distincions-9-doctubre-vila-dondara\\\/#breadcrumb\"},\"inLanguage\":\"va-ES\",\"potentialAction\":[{\"@type\":\"ReadAction\",\"target\":[\"https:\\\/\\\/canfali.com\\\/ca-es\\\/convocades-les-iv-distincions-9-doctubre-vila-dondara\\\/\"]}]},{\"@type\":\"ImageObject\",\"inLanguage\":\"va-ES\",\"@id\":\"https:\\\/\\\/canfali.com\\\/ca-es\\\/convocades-les-iv-distincions-9-doctubre-vila-dondara\\\/#primaryimage\",\"url\":\"https:\\\/\\\/canfali.com\\\/app\\\/uploads\\\/2025\\\/07\\\/9oct-ondaradigi.jpg\",\"contentUrl\":\"https:\\\/\\\/canfali.com\\\/app\\\/uploads\\\/2025\\\/07\\\/9oct-ondaradigi.jpg\",\"width\":1420,\"height\":1073},{\"@type\":\"BreadcrumbList\",\"@id\":\"https:\\\/\\\/canfali.com\\\/ca-es\\\/convocades-les-iv-distincions-9-doctubre-vila-dondara\\\/#breadcrumb\",\"itemListElement\":[{\"@type\":\"ListItem\",\"position\":1,\"name\":\"Portada\",\"item\":\"https:\\\/\\\/canfali.com\\\/ca-es\\\/\"},{\"@type\":\"ListItem\",\"position\":2,\"name\":\"Convocades les IV distincions 9 d\u2019Octubre Vila d\u2019Ondara\"}]},{\"@type\":\"WebSite\",\"@id\":\"https:\\\/\\\/canfali.com\\\/ca-es\\\/#website\",\"url\":\"https:\\\/\\\/canfali.com\\\/ca-es\\\/\",\"name\":\"Canfali\",\"description\":\"\",\"publisher\":{\"@id\":\"https:\\\/\\\/canfali.com\\\/ca-es\\\/#organization\"},\"potentialAction\":[{\"@type\":\"SearchAction\",\"target\":{\"@type\":\"EntryPoint\",\"urlTemplate\":\"https:\\\/\\\/canfali.com\\\/ca-es\\\/?s={search_term_string}\"},\"query-input\":{\"@type\":\"PropertyValueSpecification\",\"valueRequired\":true,\"valueName\":\"search_term_string\"}}],\"inLanguage\":\"va-ES\"},{\"@type\":\"Organization\",\"@id\":\"https:\\\/\\\/canfali.com\\\/ca-es\\\/#organization\",\"name\":\"Canfali\",\"url\":\"https:\\\/\\\/canfali.com\\\/ca-es\\\/\",\"logo\":{\"@type\":\"ImageObject\",\"inLanguage\":\"va-ES\",\"@id\":\"https:\\\/\\\/canfali.com\\\/ca-es\\\/#\\\/schema\\\/logo\\\/image\\\/\",\"url\":\"https:\\\/\\\/canfali.com\\\/app\\\/uploads\\\/2025\\\/12\\\/canfali_marina_alta_logo.png\",\"contentUrl\":\"https:\\\/\\\/canfali.com\\\/app\\\/uploads\\\/2025\\\/12\\\/canfali_marina_alta_logo.png\",\"width\":225,\"height\":225,\"caption\":\"Canfali\"},\"image\":{\"@id\":\"https:\\\/\\\/canfali.com\\\/ca-es\\\/#\\\/schema\\\/logo\\\/image\\\/\"},\"sameAs\":[\"https:\\\/\\\/es-es.facebook.com\\\/CANFALIMarinaAlta\",\"https:\\\/\\\/x.com\\\/canfalima\",\"https:\\\/\\\/www.instagram.com\\\/canfalimarinaalta\\\/\"]},{\"@type\":\"Person\",\"@id\":\"https:\\\/\\\/canfali.com\\\/ca-es\\\/#\\\/schema\\\/person\\\/d834d2d4df17cac754d3c314d4c404ef\",\"name\":\"JJ Mas\",\"image\":{\"@type\":\"ImageObject\",\"inLanguage\":\"va-ES\",\"@id\":\"https:\\\/\\\/secure.gravatar.com\\\/avatar\\\/65a5191f5438bf88c2394f6d1a625a6ff903c8785268e603c623a83bc15ba1ee?s=96&d=mm&r=g\",\"url\":\"https:\\\/\\\/secure.gravatar.com\\\/avatar\\\/65a5191f5438bf88c2394f6d1a625a6ff903c8785268e603c623a83bc15ba1ee?s=96&d=mm&r=g\",\"contentUrl\":\"https:\\\/\\\/secure.gravatar.com\\\/avatar\\\/65a5191f5438bf88c2394f6d1a625a6ff903c8785268e603c623a83bc15ba1ee?s=96&d=mm&r=g\",\"caption\":\"JJ Mas\"},\"url\":\"https:\\\/\\\/canfali.com\\\/ca-es\\\/author\\\/jj\\\/\"}]}<\/script>\n<!-- \/ Yoast SEO Premium plugin. -->","yoast_head_json":{"title":"Convocades les IV distincions 9 d\u2019Octubre Vila d\u2019Ondara - Canfali","robots":{"index":"index","follow":"follow","max-snippet":"max-snippet:-1","max-image-preview":"max-image-preview:large","max-video-preview":"max-video-preview:-1"},"canonical":"https:\/\/canfali.com\/ca-es\/convocades-les-iv-distincions-9-doctubre-vila-dondara\/","og_locale":"en_US","og_type":"article","og_title":"Convocades les IV distincions 9 d\u2019Octubre Vila d\u2019Ondara","og_description":"La ciutadania podr\u00e0 formular propostes de candidatures tant en la categoria individual com col\u00b7lectiva fins el 20 de&hellip;","og_url":"https:\/\/canfali.com\/ca-es\/convocades-les-iv-distincions-9-doctubre-vila-dondara\/","og_site_name":"Canfali","article_publisher":"https:\/\/es-es.facebook.com\/CANFALIMarinaAlta","article_published_time":"2025-07-30T18:59:40+00:00","article_modified_time":"2025-07-30T18:59:42+00:00","og_image":[{"width":1420,"height":1073,"url":"https:\/\/canfali.com\/app\/uploads\/2025\/07\/9oct-ondaradigi.jpg","type":"image\/jpeg"}],"author":"JJ Mas","twitter_card":"summary_large_image","twitter_creator":"@canfalima","twitter_site":"@canfalima","twitter_misc":{"Written by":"JJ Mas","Est. reading time":"2 minutes"},"schema":{"@context":"https:\/\/schema.org","@graph":[{"@type":"NewsArticle","@id":"https:\/\/canfali.com\/ca-es\/convocades-les-iv-distincions-9-doctubre-vila-dondara\/#article","isPartOf":{"@id":"https:\/\/canfali.com\/ca-es\/convocades-les-iv-distincions-9-doctubre-vila-dondara\/"},"author":{"name":"JJ Mas","@id":"https:\/\/canfali.com\/ca-es\/#\/schema\/person\/d834d2d4df17cac754d3c314d4c404ef"},"headline":"Convocades les IV distincions 9 d\u2019Octubre Vila d\u2019Ondara","datePublished":"2025-07-30T18:59:40+00:00","dateModified":"2025-07-30T18:59:42+00:00","mainEntityOfPage":{"@id":"https:\/\/canfali.com\/ca-es\/convocades-les-iv-distincions-9-doctubre-vila-dondara\/"},"wordCount":319,"publisher":{"@id":"https:\/\/canfali.com\/ca-es\/#organization"},"image":{"@id":"https:\/\/canfali.com\/ca-es\/convocades-les-iv-distincions-9-doctubre-vila-dondara\/#primaryimage"},"thumbnailUrl":"https:\/\/canfali.com\/app\/uploads\/2025\/07\/9oct-ondaradigi.jpg","keywords":["9 d'Octubre","Convocades","distincions","Vila d'Ondara"],"articleSection":["Cultura"],"inLanguage":"va-ES","copyrightYear":"2025","copyrightHolder":{"@id":"https:\/\/canfali.com\/#organization"}},{"@type":"WebPage","@id":"https:\/\/canfali.com\/ca-es\/convocades-les-iv-distincions-9-doctubre-vila-dondara\/","url":"https:\/\/canfali.com\/ca-es\/convocades-les-iv-distincions-9-doctubre-vila-dondara\/","name":"Convocades les IV distincions 9 d\u2019Octubre Vila d\u2019Ondara - Canfali","isPartOf":{"@id":"https:\/\/canfali.com\/ca-es\/#website"},"primaryImageOfPage":{"@id":"https:\/\/canfali.com\/ca-es\/convocades-les-iv-distincions-9-doctubre-vila-dondara\/#primaryimage"},"image":{"@id":"https:\/\/canfali.com\/ca-es\/convocades-les-iv-distincions-9-doctubre-vila-dondara\/#primaryimage"},"thumbnailUrl":"https:\/\/canfali.com\/app\/uploads\/2025\/07\/9oct-ondaradigi.jpg","datePublished":"2025-07-30T18:59:40+00:00","dateModified":"2025-07-30T18:59:42+00:00","breadcrumb":{"@id":"https:\/\/canfali.com\/ca-es\/convocades-les-iv-distincions-9-doctubre-vila-dondara\/#breadcrumb"},"inLanguage":"va-ES","potentialAction":[{"@type":"ReadAction","target":["https:\/\/canfali.com\/ca-es\/convocades-les-iv-distincions-9-doctubre-vila-dondara\/"]}]},{"@type":"ImageObject","inLanguage":"va-ES","@id":"https:\/\/canfali.com\/ca-es\/convocades-les-iv-distincions-9-doctubre-vila-dondara\/#primaryimage","url":"https:\/\/canfali.com\/app\/uploads\/2025\/07\/9oct-ondaradigi.jpg","contentUrl":"https:\/\/canfali.com\/app\/uploads\/2025\/07\/9oct-ondaradigi.jpg","width":1420,"height":1073},{"@type":"BreadcrumbList","@id":"https:\/\/canfali.com\/ca-es\/convocades-les-iv-distincions-9-doctubre-vila-dondara\/#breadcrumb","itemListElement":[{"@type":"ListItem","position":1,"name":"Portada","item":"https:\/\/canfali.com\/ca-es\/"},{"@type":"ListItem","position":2,"name":"Convocades les IV distincions 9 d\u2019Octubre Vila d\u2019Ondara"}]},{"@type":"WebSite","@id":"https:\/\/canfali.com\/ca-es\/#website","url":"https:\/\/canfali.com\/ca-es\/","name":"Canfali","description":"","publisher":{"@id":"https:\/\/canfali.com\/ca-es\/#organization"},"potentialAction":[{"@type":"SearchAction","target":{"@type":"EntryPoint","urlTemplate":"https:\/\/canfali.com\/ca-es\/?s={search_term_string}"},"query-input":{"@type":"PropertyValueSpecification","valueRequired":true,"valueName":"search_term_string"}}],"inLanguage":"va-ES"},{"@type":"Organization","@id":"https:\/\/canfali.com\/ca-es\/#organization","name":"Canfali","url":"https:\/\/canfali.com\/ca-es\/","logo":{"@type":"ImageObject","inLanguage":"va-ES","@id":"https:\/\/canfali.com\/ca-es\/#\/schema\/logo\/image\/","url":"https:\/\/canfali.com\/app\/uploads\/2025\/12\/canfali_marina_alta_logo.png","contentUrl":"https:\/\/canfali.com\/app\/uploads\/2025\/12\/canfali_marina_alta_logo.png","width":225,"height":225,"caption":"Canfali"},"image":{"@id":"https:\/\/canfali.com\/ca-es\/#\/schema\/logo\/image\/"},"sameAs":["https:\/\/es-es.facebook.com\/CANFALIMarinaAlta","https:\/\/x.com\/canfalima","https:\/\/www.instagram.com\/canfalimarinaalta\/"]},{"@type":"Person","@id":"https:\/\/canfali.com\/ca-es\/#\/schema\/person\/d834d2d4df17cac754d3c314d4c404ef","name":"JJ Mas","image":{"@type":"ImageObject","inLanguage":"va-ES","@id":"https:\/\/secure.gravatar.com\/avatar\/65a5191f5438bf88c2394f6d1a625a6ff903c8785268e603c623a83bc15ba1ee?s=96&d=mm&r=g","url":"https:\/\/secure.gravatar.com\/avatar\/65a5191f5438bf88c2394f6d1a625a6ff903c8785268e603c623a83bc15ba1ee?s=96&d=mm&r=g","contentUrl":"https:\/\/secure.gravatar.com\/avatar\/65a5191f5438bf88c2394f6d1a625a6ff903c8785268e603c623a83bc15ba1ee?s=96&d=mm&r=g","caption":"JJ Mas"},"url":"https:\/\/canfali.com\/ca-es\/author\/jj\/"}]}},"_links":{"self":[{"href":"https:\/\/canfali.com\/ca-es\/wp-json\/wp\/v2\/posts\/71366","targetHints":{"allow":["GET"]}}],"collection":[{"href":"https:\/\/canfali.com\/ca-es\/wp-json\/wp\/v2\/posts"}],"about":[{"href":"https:\/\/canfali.com\/ca-es\/wp-json\/wp\/v2\/types\/post"}],"author":[{"embeddable":true,"href":"https:\/\/canfali.com\/ca-es\/wp-json\/wp\/v2\/users\/4"}],"replies":[{"embeddable":true,"href":"https:\/\/canfali.com\/ca-es\/wp-json\/wp\/v2\/comments?post=71366"}],"version-history":[{"count":1,"href":"https:\/\/canfali.com\/ca-es\/wp-json\/wp\/v2\/posts\/71366\/revisions"}],"predecessor-version":[{"id":71369,"href":"https:\/\/canfali.com\/ca-es\/wp-json\/wp\/v2\/posts\/71366\/revisions\/71369"}],"wp:featuredmedia":[{"embeddable":true,"href":"https:\/\/canfali.com\/ca-es\/wp-json\/wp\/v2\/media\/71364"}],"wp:attachment":[{"href":"https:\/\/canfali.com\/ca-es\/wp-json\/wp\/v2\/media?parent=71366"}],"wp:term":[{"taxonomy":"category","embeddable":true,"href":"https:\/\/canfali.com\/ca-es\/wp-json\/wp\/v2\/categories?post=71366"},{"taxonomy":"post_tag","embeddable":true,"href":"https:\/\/canfali.com\/ca-es\/wp-json\/wp\/v2\/tags?post=71366"}],"curies":[{"name":"wp","href":"https:\/\/api.w.org\/{rel}","templated":true}]}}