{"id":71352,"date":"2025-07-31T10:00:00","date_gmt":"2025-07-31T08:00:00","guid":{"rendered":"https:\/\/canfali.com\/?p=71352"},"modified":"2025-07-30T20:33:40","modified_gmt":"2025-07-30T18:33:40","slug":"spanish-brass-expandeix-el-sonafilm-cap-a-pego","status":"publish","type":"post","link":"https:\/\/canfali.com\/ca-es\/spanish-brass-expandeix-el-sonafilm-cap-a-pego\/","title":{"rendered":"Spanish Brass expandeix el Sonafilm cap a Pego"},"content":{"rendered":"\n<p><strong>Ha estat incorporat per la Regidoria de Turisme com a reclam d\u2019estiu alternatiu al sol i platja<\/strong><\/p>\n\n\n\n<p>La VII edici\u00f3 del Festival de Cine de la Marina Alta <em>Sonafilm<\/em> recala el proper diumenge en Pego de la m\u00e0 del grup Spanish Brass en la vetlada que tindr\u00e0 lloc al Pati de la Casa de Cultura a partir de les 22 hores.<\/p>\n\n\n\n<p>Aquest quintet de vent i metall, que va aconseguir el Premi Nacional de M\u00fasica 2020 en la modalitat de interpretaci\u00f3 per part del Ministeri de Cultura, despr\u00e9s d\u2019una trentena d\u2019anys de traject\u00f2ria, posar\u00e0 en escena l\u2019espectacle <em>Top secret<\/em> que suposa un recorregut musical pel mon del cinema d\u2019espionatge i suspens on emergeixen peces representatives de la saga 007 o de films dirigits per Alfred Hitchcock.<\/p>\n\n\n\n<p>L\u2019esdeveniment, que compta amb entrada gratu\u00efta fins completar l\u2019aforament, ha estat incorporat per la Regidoria de Turisme com a nou complement a la oferta de promoci\u00f3 del municipi durant els mesos d\u2019estiu com a alternativa a sol i platja de la costa.<\/p>\n\n\n\n<figure class=\"wp-block-image size-large\"><img fetchpriority=\"high\" decoding=\"async\" width=\"1024\" height=\"679\" src=\"https:\/\/canfali.com\/app\/uploads\/2025\/07\/SONAFILMPEGOdigi-1024x679.jpg\" alt=\"\" class=\"wp-image-71357\" srcset=\"https:\/\/canfali.com\/app\/uploads\/2025\/07\/SONAFILMPEGOdigi-1024x679.jpg 1024w, https:\/\/canfali.com\/app\/uploads\/2025\/07\/SONAFILMPEGOdigi-300x199.jpg 300w, https:\/\/canfali.com\/app\/uploads\/2025\/07\/SONAFILMPEGOdigi-768x509.jpg 768w, https:\/\/canfali.com\/app\/uploads\/2025\/07\/SONAFILMPEGOdigi-1536x1019.jpg 1536w, https:\/\/canfali.com\/app\/uploads\/2025\/07\/SONAFILMPEGOdigi-2048x1358.jpg 2048w, https:\/\/canfali.com\/app\/uploads\/2025\/07\/SONAFILMPEGOdigi.jpg 2256w\" sizes=\"(max-width: 1024px) 100vw, 1024px\" \/><figcaption class=\"wp-element-caption\">El director del Sonafllm; Javier Gil,  junt al regidor de Turisme de Pego, Ricardo Sendra<\/figcaption><\/figure>\n\n\n\n<p>\u201cDes del departament de Turisme han vista l\u2019oportunitat de dotar amb un projecte d\u2019este calibre a l\u2019oferta que en els \u00faltims anys hem configurat, pel fet que suposa un reclam rellevant dins de la geografia nacional, i que damunt ens permet vertebrar la comarca a trav\u00e9s de la m\u00fasica junt a altres Ajuntaments com el d\u2019 Ondara, el D\u00e9nia, el de Calp, el de Teulada-Moraira, el de X\u00e0bia o el de Beniarbeig\u201d \u00a0justificava el responsable de l\u2019\u00e0rea Ricardo Sendra en una presentaci\u00f3 on apel\u00b7lava a\u00a0l\u2019arrelament de la m\u00fasica com a part de la idiosincr\u00e0sia del municipi.<\/p>\n\n\n\n<p>SIMBIOSI ENTRE M\u00daSICA I PINTURA CONTEMPOR\u00c0NIA<\/p>\n\n\n\n<p>En eixa din\u00e0mica, el regidor ha justificat l\u2019elecci\u00f3 del pati de la Casa de la Cultura com a escenari per tal de crear l\u2019ambient adequat al voltant dels vestigis de l\u2019antiga muralla medieval i donar la possibilitat de visitar el \u00a0Museu d\u2019Art Contemporani per tal de reivindicar el valor com a patrimoni municipal d\u2019una col\u00b7lecci\u00f3 en la mat\u00e8ria configurada al llarg de les XLIX edicions del prestigi\u00f3s certamen Vila de Pego. Col\u00b7lecci\u00f3 que, segons assenyala, compta amb representants de l\u2019avantguarda art\u00edstica com Ximo Real, Tom\u00e1s Sivera, Jorge Llopis, Javier Palacio, Inma Femenia, Ana Chac\u00f3n o David Marques, els quals han estat elegits per jurats de prestigi al llarg de la traject\u00f2ria que mant\u00e9 el cert\u00e0men des de 1976 entre els que destaquen autoritats en la mat\u00e8ria com Vicent Todol\u00ed, Juan \u00c1ngel Blasco Carrascosa, Rom\u00e1n de la Calle, Joaquin Michavila, Joan Castej\u00f3n, Arcadi Blasco, Ram\u00f3n de Soto, Eusebio Sempere, Antoni Mir\u00f3 o Santiago Am\u00f3n.<\/p>\n","protected":false},"excerpt":{"rendered":"Ha estat incorporat per la Regidoria de Turisme com a reclam d\u2019estiu alternatiu al sol i platja La&hellip;","protected":false},"author":4,"featured_media":71353,"comment_status":"closed","ping_status":"closed","sticky":false,"template":"","format":"standard","meta":{"csco_display_header_overlay":false,"csco_singular_sidebar":"","csco_page_header_type":"","csco_page_load_nextpost":"","csco_post_video_location":[],"csco_post_video_location_hash":"","csco_post_video_url":"","csco_post_video_bg_start_time":0,"csco_post_video_bg_end_time":0,"footnotes":""},"categories":[597],"tags":[3513,642,2277,3514,3515],"class_list":{"0":"post-71352","1":"post","2":"type-post","3":"status-publish","4":"format-standard","5":"has-post-thumbnail","7":"category-cultura-ca-es","8":"tag-incorporacio","9":"tag-pego-2","10":"tag-projecte","11":"tag-sonafilm","12":"tag-spanish-brass","13":"cs-entry","14":"cs-video-wrap"},"yoast_head":"<!-- This site is optimized with the Yoast SEO Premium plugin v26.6 (Yoast SEO v27.3) - https:\/\/yoast.com\/product\/yoast-seo-premium-wordpress\/ -->\n<title>Spanish Brass expandeix el Sonafilm cap a Pego - Canfali<\/title>\n<meta name=\"robots\" content=\"index, follow, max-snippet:-1, max-image-preview:large, max-video-preview:-1\" \/>\n<link rel=\"canonical\" href=\"https:\/\/canfali.com\/ca-es\/spanish-brass-expandeix-el-sonafilm-cap-a-pego\/\" \/>\n<meta property=\"og:locale\" content=\"en_US\" \/>\n<meta property=\"og:type\" content=\"article\" \/>\n<meta property=\"og:title\" content=\"Spanish Brass expandeix el Sonafilm cap a Pego\" \/>\n<meta property=\"og:description\" content=\"Ha estat incorporat per la Regidoria de Turisme com a reclam d\u2019estiu alternatiu al sol i platja La&hellip;\" \/>\n<meta property=\"og:url\" content=\"https:\/\/canfali.com\/ca-es\/spanish-brass-expandeix-el-sonafilm-cap-a-pego\/\" \/>\n<meta property=\"og:site_name\" content=\"Canfali\" \/>\n<meta property=\"article:publisher\" content=\"https:\/\/es-es.facebook.com\/CANFALIMarinaAlta\" \/>\n<meta property=\"article:published_time\" content=\"2025-07-31T08:00:00+00:00\" \/>\n<meta property=\"og:image\" content=\"https:\/\/canfali.com\/app\/uploads\/2025\/07\/sonafilmpego-scaled.jpg\" \/>\n\t<meta property=\"og:image:width\" content=\"1810\" \/>\n\t<meta property=\"og:image:height\" content=\"2560\" \/>\n\t<meta property=\"og:image:type\" content=\"image\/jpeg\" \/>\n<meta name=\"author\" content=\"JJ Mas\" \/>\n<meta name=\"twitter:card\" content=\"summary_large_image\" \/>\n<meta name=\"twitter:creator\" content=\"@canfalima\" \/>\n<meta name=\"twitter:site\" content=\"@canfalima\" \/>\n<meta name=\"twitter:label1\" content=\"Written by\" \/>\n\t<meta name=\"twitter:data1\" content=\"JJ Mas\" \/>\n\t<meta name=\"twitter:label2\" content=\"Est. reading time\" \/>\n\t<meta name=\"twitter:data2\" content=\"2 minutes\" \/>\n<script type=\"application\/ld+json\" class=\"yoast-schema-graph\">{\"@context\":\"https:\\\/\\\/schema.org\",\"@graph\":[{\"@type\":\"NewsArticle\",\"@id\":\"https:\\\/\\\/canfali.com\\\/ca-es\\\/spanish-brass-expandeix-el-sonafilm-cap-a-pego\\\/#article\",\"isPartOf\":{\"@id\":\"https:\\\/\\\/canfali.com\\\/ca-es\\\/spanish-brass-expandeix-el-sonafilm-cap-a-pego\\\/\"},\"author\":{\"name\":\"JJ Mas\",\"@id\":\"https:\\\/\\\/canfali.com\\\/ca-es\\\/#\\\/schema\\\/person\\\/d834d2d4df17cac754d3c314d4c404ef\"},\"headline\":\"Spanish Brass expandeix el Sonafilm cap a Pego\",\"datePublished\":\"2025-07-31T08:00:00+00:00\",\"mainEntityOfPage\":{\"@id\":\"https:\\\/\\\/canfali.com\\\/ca-es\\\/spanish-brass-expandeix-el-sonafilm-cap-a-pego\\\/\"},\"wordCount\":490,\"publisher\":{\"@id\":\"https:\\\/\\\/canfali.com\\\/ca-es\\\/#organization\"},\"image\":{\"@id\":\"https:\\\/\\\/canfali.com\\\/ca-es\\\/spanish-brass-expandeix-el-sonafilm-cap-a-pego\\\/#primaryimage\"},\"thumbnailUrl\":\"https:\\\/\\\/canfali.com\\\/app\\\/uploads\\\/2025\\\/07\\\/sonafilmpego-scaled.jpg\",\"keywords\":[\"Incorporaci\u00f3\",\"Pego\",\"projecte\",\"Sonafilm\",\"Spanish Brass\"],\"articleSection\":[\"Cultura\"],\"inLanguage\":\"va-ES\",\"copyrightYear\":\"2025\",\"copyrightHolder\":{\"@id\":\"https:\\\/\\\/canfali.com\\\/#organization\"}},{\"@type\":\"WebPage\",\"@id\":\"https:\\\/\\\/canfali.com\\\/ca-es\\\/spanish-brass-expandeix-el-sonafilm-cap-a-pego\\\/\",\"url\":\"https:\\\/\\\/canfali.com\\\/ca-es\\\/spanish-brass-expandeix-el-sonafilm-cap-a-pego\\\/\",\"name\":\"Spanish Brass expandeix el Sonafilm cap a Pego - Canfali\",\"isPartOf\":{\"@id\":\"https:\\\/\\\/canfali.com\\\/ca-es\\\/#website\"},\"primaryImageOfPage\":{\"@id\":\"https:\\\/\\\/canfali.com\\\/ca-es\\\/spanish-brass-expandeix-el-sonafilm-cap-a-pego\\\/#primaryimage\"},\"image\":{\"@id\":\"https:\\\/\\\/canfali.com\\\/ca-es\\\/spanish-brass-expandeix-el-sonafilm-cap-a-pego\\\/#primaryimage\"},\"thumbnailUrl\":\"https:\\\/\\\/canfali.com\\\/app\\\/uploads\\\/2025\\\/07\\\/sonafilmpego-scaled.jpg\",\"datePublished\":\"2025-07-31T08:00:00+00:00\",\"breadcrumb\":{\"@id\":\"https:\\\/\\\/canfali.com\\\/ca-es\\\/spanish-brass-expandeix-el-sonafilm-cap-a-pego\\\/#breadcrumb\"},\"inLanguage\":\"va-ES\",\"potentialAction\":[{\"@type\":\"ReadAction\",\"target\":[\"https:\\\/\\\/canfali.com\\\/ca-es\\\/spanish-brass-expandeix-el-sonafilm-cap-a-pego\\\/\"]}]},{\"@type\":\"ImageObject\",\"inLanguage\":\"va-ES\",\"@id\":\"https:\\\/\\\/canfali.com\\\/ca-es\\\/spanish-brass-expandeix-el-sonafilm-cap-a-pego\\\/#primaryimage\",\"url\":\"https:\\\/\\\/canfali.com\\\/app\\\/uploads\\\/2025\\\/07\\\/sonafilmpego-scaled.jpg\",\"contentUrl\":\"https:\\\/\\\/canfali.com\\\/app\\\/uploads\\\/2025\\\/07\\\/sonafilmpego-scaled.jpg\",\"width\":1810,\"height\":2560},{\"@type\":\"BreadcrumbList\",\"@id\":\"https:\\\/\\\/canfali.com\\\/ca-es\\\/spanish-brass-expandeix-el-sonafilm-cap-a-pego\\\/#breadcrumb\",\"itemListElement\":[{\"@type\":\"ListItem\",\"position\":1,\"name\":\"Portada\",\"item\":\"https:\\\/\\\/canfali.com\\\/ca-es\\\/\"},{\"@type\":\"ListItem\",\"position\":2,\"name\":\"Spanish Brass expandeix el Sonafilm cap a Pego\"}]},{\"@type\":\"WebSite\",\"@id\":\"https:\\\/\\\/canfali.com\\\/ca-es\\\/#website\",\"url\":\"https:\\\/\\\/canfali.com\\\/ca-es\\\/\",\"name\":\"Canfali\",\"description\":\"\",\"publisher\":{\"@id\":\"https:\\\/\\\/canfali.com\\\/ca-es\\\/#organization\"},\"potentialAction\":[{\"@type\":\"SearchAction\",\"target\":{\"@type\":\"EntryPoint\",\"urlTemplate\":\"https:\\\/\\\/canfali.com\\\/ca-es\\\/?s={search_term_string}\"},\"query-input\":{\"@type\":\"PropertyValueSpecification\",\"valueRequired\":true,\"valueName\":\"search_term_string\"}}],\"inLanguage\":\"va-ES\"},{\"@type\":\"Organization\",\"@id\":\"https:\\\/\\\/canfali.com\\\/ca-es\\\/#organization\",\"name\":\"Canfali\",\"url\":\"https:\\\/\\\/canfali.com\\\/ca-es\\\/\",\"logo\":{\"@type\":\"ImageObject\",\"inLanguage\":\"va-ES\",\"@id\":\"https:\\\/\\\/canfali.com\\\/ca-es\\\/#\\\/schema\\\/logo\\\/image\\\/\",\"url\":\"https:\\\/\\\/canfali.com\\\/app\\\/uploads\\\/2025\\\/12\\\/canfali_marina_alta_logo.png\",\"contentUrl\":\"https:\\\/\\\/canfali.com\\\/app\\\/uploads\\\/2025\\\/12\\\/canfali_marina_alta_logo.png\",\"width\":225,\"height\":225,\"caption\":\"Canfali\"},\"image\":{\"@id\":\"https:\\\/\\\/canfali.com\\\/ca-es\\\/#\\\/schema\\\/logo\\\/image\\\/\"},\"sameAs\":[\"https:\\\/\\\/es-es.facebook.com\\\/CANFALIMarinaAlta\",\"https:\\\/\\\/x.com\\\/canfalima\",\"https:\\\/\\\/www.instagram.com\\\/canfalimarinaalta\\\/\"]},{\"@type\":\"Person\",\"@id\":\"https:\\\/\\\/canfali.com\\\/ca-es\\\/#\\\/schema\\\/person\\\/d834d2d4df17cac754d3c314d4c404ef\",\"name\":\"JJ Mas\",\"image\":{\"@type\":\"ImageObject\",\"inLanguage\":\"va-ES\",\"@id\":\"https:\\\/\\\/secure.gravatar.com\\\/avatar\\\/65a5191f5438bf88c2394f6d1a625a6ff903c8785268e603c623a83bc15ba1ee?s=96&d=mm&r=g\",\"url\":\"https:\\\/\\\/secure.gravatar.com\\\/avatar\\\/65a5191f5438bf88c2394f6d1a625a6ff903c8785268e603c623a83bc15ba1ee?s=96&d=mm&r=g\",\"contentUrl\":\"https:\\\/\\\/secure.gravatar.com\\\/avatar\\\/65a5191f5438bf88c2394f6d1a625a6ff903c8785268e603c623a83bc15ba1ee?s=96&d=mm&r=g\",\"caption\":\"JJ Mas\"},\"url\":\"https:\\\/\\\/canfali.com\\\/ca-es\\\/author\\\/jj\\\/\"}]}<\/script>\n<!-- \/ Yoast SEO Premium plugin. -->","yoast_head_json":{"title":"Spanish Brass expandeix el Sonafilm cap a Pego - Canfali","robots":{"index":"index","follow":"follow","max-snippet":"max-snippet:-1","max-image-preview":"max-image-preview:large","max-video-preview":"max-video-preview:-1"},"canonical":"https:\/\/canfali.com\/ca-es\/spanish-brass-expandeix-el-sonafilm-cap-a-pego\/","og_locale":"en_US","og_type":"article","og_title":"Spanish Brass expandeix el Sonafilm cap a Pego","og_description":"Ha estat incorporat per la Regidoria de Turisme com a reclam d\u2019estiu alternatiu al sol i platja La&hellip;","og_url":"https:\/\/canfali.com\/ca-es\/spanish-brass-expandeix-el-sonafilm-cap-a-pego\/","og_site_name":"Canfali","article_publisher":"https:\/\/es-es.facebook.com\/CANFALIMarinaAlta","article_published_time":"2025-07-31T08:00:00+00:00","og_image":[{"width":1810,"height":2560,"url":"https:\/\/canfali.com\/app\/uploads\/2025\/07\/sonafilmpego-scaled.jpg","type":"image\/jpeg"}],"author":"JJ Mas","twitter_card":"summary_large_image","twitter_creator":"@canfalima","twitter_site":"@canfalima","twitter_misc":{"Written by":"JJ Mas","Est. reading time":"2 minutes"},"schema":{"@context":"https:\/\/schema.org","@graph":[{"@type":"NewsArticle","@id":"https:\/\/canfali.com\/ca-es\/spanish-brass-expandeix-el-sonafilm-cap-a-pego\/#article","isPartOf":{"@id":"https:\/\/canfali.com\/ca-es\/spanish-brass-expandeix-el-sonafilm-cap-a-pego\/"},"author":{"name":"JJ Mas","@id":"https:\/\/canfali.com\/ca-es\/#\/schema\/person\/d834d2d4df17cac754d3c314d4c404ef"},"headline":"Spanish Brass expandeix el Sonafilm cap a Pego","datePublished":"2025-07-31T08:00:00+00:00","mainEntityOfPage":{"@id":"https:\/\/canfali.com\/ca-es\/spanish-brass-expandeix-el-sonafilm-cap-a-pego\/"},"wordCount":490,"publisher":{"@id":"https:\/\/canfali.com\/ca-es\/#organization"},"image":{"@id":"https:\/\/canfali.com\/ca-es\/spanish-brass-expandeix-el-sonafilm-cap-a-pego\/#primaryimage"},"thumbnailUrl":"https:\/\/canfali.com\/app\/uploads\/2025\/07\/sonafilmpego-scaled.jpg","keywords":["Incorporaci\u00f3","Pego","projecte","Sonafilm","Spanish Brass"],"articleSection":["Cultura"],"inLanguage":"va-ES","copyrightYear":"2025","copyrightHolder":{"@id":"https:\/\/canfali.com\/#organization"}},{"@type":"WebPage","@id":"https:\/\/canfali.com\/ca-es\/spanish-brass-expandeix-el-sonafilm-cap-a-pego\/","url":"https:\/\/canfali.com\/ca-es\/spanish-brass-expandeix-el-sonafilm-cap-a-pego\/","name":"Spanish Brass expandeix el Sonafilm cap a Pego - Canfali","isPartOf":{"@id":"https:\/\/canfali.com\/ca-es\/#website"},"primaryImageOfPage":{"@id":"https:\/\/canfali.com\/ca-es\/spanish-brass-expandeix-el-sonafilm-cap-a-pego\/#primaryimage"},"image":{"@id":"https:\/\/canfali.com\/ca-es\/spanish-brass-expandeix-el-sonafilm-cap-a-pego\/#primaryimage"},"thumbnailUrl":"https:\/\/canfali.com\/app\/uploads\/2025\/07\/sonafilmpego-scaled.jpg","datePublished":"2025-07-31T08:00:00+00:00","breadcrumb":{"@id":"https:\/\/canfali.com\/ca-es\/spanish-brass-expandeix-el-sonafilm-cap-a-pego\/#breadcrumb"},"inLanguage":"va-ES","potentialAction":[{"@type":"ReadAction","target":["https:\/\/canfali.com\/ca-es\/spanish-brass-expandeix-el-sonafilm-cap-a-pego\/"]}]},{"@type":"ImageObject","inLanguage":"va-ES","@id":"https:\/\/canfali.com\/ca-es\/spanish-brass-expandeix-el-sonafilm-cap-a-pego\/#primaryimage","url":"https:\/\/canfali.com\/app\/uploads\/2025\/07\/sonafilmpego-scaled.jpg","contentUrl":"https:\/\/canfali.com\/app\/uploads\/2025\/07\/sonafilmpego-scaled.jpg","width":1810,"height":2560},{"@type":"BreadcrumbList","@id":"https:\/\/canfali.com\/ca-es\/spanish-brass-expandeix-el-sonafilm-cap-a-pego\/#breadcrumb","itemListElement":[{"@type":"ListItem","position":1,"name":"Portada","item":"https:\/\/canfali.com\/ca-es\/"},{"@type":"ListItem","position":2,"name":"Spanish Brass expandeix el Sonafilm cap a Pego"}]},{"@type":"WebSite","@id":"https:\/\/canfali.com\/ca-es\/#website","url":"https:\/\/canfali.com\/ca-es\/","name":"Canfali","description":"","publisher":{"@id":"https:\/\/canfali.com\/ca-es\/#organization"},"potentialAction":[{"@type":"SearchAction","target":{"@type":"EntryPoint","urlTemplate":"https:\/\/canfali.com\/ca-es\/?s={search_term_string}"},"query-input":{"@type":"PropertyValueSpecification","valueRequired":true,"valueName":"search_term_string"}}],"inLanguage":"va-ES"},{"@type":"Organization","@id":"https:\/\/canfali.com\/ca-es\/#organization","name":"Canfali","url":"https:\/\/canfali.com\/ca-es\/","logo":{"@type":"ImageObject","inLanguage":"va-ES","@id":"https:\/\/canfali.com\/ca-es\/#\/schema\/logo\/image\/","url":"https:\/\/canfali.com\/app\/uploads\/2025\/12\/canfali_marina_alta_logo.png","contentUrl":"https:\/\/canfali.com\/app\/uploads\/2025\/12\/canfali_marina_alta_logo.png","width":225,"height":225,"caption":"Canfali"},"image":{"@id":"https:\/\/canfali.com\/ca-es\/#\/schema\/logo\/image\/"},"sameAs":["https:\/\/es-es.facebook.com\/CANFALIMarinaAlta","https:\/\/x.com\/canfalima","https:\/\/www.instagram.com\/canfalimarinaalta\/"]},{"@type":"Person","@id":"https:\/\/canfali.com\/ca-es\/#\/schema\/person\/d834d2d4df17cac754d3c314d4c404ef","name":"JJ Mas","image":{"@type":"ImageObject","inLanguage":"va-ES","@id":"https:\/\/secure.gravatar.com\/avatar\/65a5191f5438bf88c2394f6d1a625a6ff903c8785268e603c623a83bc15ba1ee?s=96&d=mm&r=g","url":"https:\/\/secure.gravatar.com\/avatar\/65a5191f5438bf88c2394f6d1a625a6ff903c8785268e603c623a83bc15ba1ee?s=96&d=mm&r=g","contentUrl":"https:\/\/secure.gravatar.com\/avatar\/65a5191f5438bf88c2394f6d1a625a6ff903c8785268e603c623a83bc15ba1ee?s=96&d=mm&r=g","caption":"JJ Mas"},"url":"https:\/\/canfali.com\/ca-es\/author\/jj\/"}]}},"_links":{"self":[{"href":"https:\/\/canfali.com\/ca-es\/wp-json\/wp\/v2\/posts\/71352","targetHints":{"allow":["GET"]}}],"collection":[{"href":"https:\/\/canfali.com\/ca-es\/wp-json\/wp\/v2\/posts"}],"about":[{"href":"https:\/\/canfali.com\/ca-es\/wp-json\/wp\/v2\/types\/post"}],"author":[{"embeddable":true,"href":"https:\/\/canfali.com\/ca-es\/wp-json\/wp\/v2\/users\/4"}],"replies":[{"embeddable":true,"href":"https:\/\/canfali.com\/ca-es\/wp-json\/wp\/v2\/comments?post=71352"}],"version-history":[{"count":1,"href":"https:\/\/canfali.com\/ca-es\/wp-json\/wp\/v2\/posts\/71352\/revisions"}],"predecessor-version":[{"id":71359,"href":"https:\/\/canfali.com\/ca-es\/wp-json\/wp\/v2\/posts\/71352\/revisions\/71359"}],"wp:featuredmedia":[{"embeddable":true,"href":"https:\/\/canfali.com\/ca-es\/wp-json\/wp\/v2\/media\/71353"}],"wp:attachment":[{"href":"https:\/\/canfali.com\/ca-es\/wp-json\/wp\/v2\/media?parent=71352"}],"wp:term":[{"taxonomy":"category","embeddable":true,"href":"https:\/\/canfali.com\/ca-es\/wp-json\/wp\/v2\/categories?post=71352"},{"taxonomy":"post_tag","embeddable":true,"href":"https:\/\/canfali.com\/ca-es\/wp-json\/wp\/v2\/tags?post=71352"}],"curies":[{"name":"wp","href":"https:\/\/api.w.org\/{rel}","templated":true}]}}