{"id":71125,"date":"2025-07-29T13:41:14","date_gmt":"2025-07-29T11:41:14","guid":{"rendered":"https:\/\/canfali.com\/denia-prorroga-la-suspensio-de-viviendes-turistiques\/"},"modified":"2025-07-29T13:49:13","modified_gmt":"2025-07-29T11:49:13","slug":"denia-prorroga-la-suspensio-de-viviendes-turistiques","status":"publish","type":"post","link":"https:\/\/canfali.com\/ca-es\/denia-prorroga-la-suspensio-de-viviendes-turistiques\/","title":{"rendered":"D\u00e9nia prorroga la suspensi\u00f3 de viviendes tur\u00edstiques"},"content":{"rendered":"\n<p><\/p>\n\n<p>El ple aprovar\u00e0 este dijous la suspensi\u00f3 cautelar de certificats per a obrir vivendes d&#8217;\u00fas tur\u00edstic (VUT) en el nucli urb\u00e0 de D\u00e9nia. La mesura, que prorroga l&#8217;acord d&#8217;agost de 2024, t\u00e9 com a objectiu protegir els barris residencials i, per tant, m\u00e9s vulnerables a l&#8217;efecte de la massificaci\u00f3 de vivenda tur\u00edstica, segons ha informat l&#8217;Ajuntament.<br\/><br\/><\/p>\n\n<p>Actualment, s&#8217;est\u00e0 treballant en la redacci\u00f3 d&#8217;una ordenan\u00e7a reguladora de la concessi\u00f3 de llic\u00e8ncies, que fixar\u00e0 uns percentatges m\u00e0xims segons les caracter\u00edstiques de cada zona.<br\/><br\/><\/p>\n\n<p>L&#8217;estudi de la Universitat d&#8217;Alacant An\u00e0lisi i proposta reguladora del mercat de vivendes d&#8217;\u00fas tur\u00edstic oferits per plataformes en l\u00ednia a D\u00e9nia&#8221; (A. Ortu\u00f1o, J. Vas casar i P. Valenzuela), elaborat l&#8217;any passat a petici\u00f3 del consistori, conclou que: &#8220;Continuant amb el curt termini i amb l&#8217;objectiu de mantindre la identitat i valors culturals de D\u00e9nia, es proposa la limitaci\u00f3 de VUT en el centre urb\u00e0, utilitzant com a indicador el nombre de places VUT per cada 100 habitants, per a aix\u00f2 es proposa un l\u00edmit que se situe entre 30 i 50 places VUT per cada 100 habitants a cada secci\u00f3 censal del centre urb\u00e0&#8221;.<br\/><br\/><\/p>\n\n<p>L&#8217;ajuntament prendr\u00e0 com a punt de partida de la nova ordenan\u00e7a este criteri.<br\/><br\/><\/p>\n\n<p>L&#8217;alcalde, Vicent Grimalt, el vicealcalde i regidor de Vivenda, Rafa Carri\u00f3, i la regidora de Territori, Maria Josep Ripoll, es van reunir la setmana passada amb el secretari auton\u00f2mic de Turisme, Jos\u00e9 Manuel Camarero, per a coordinar el treball que est\u00e0 fent-se des de les respectives administracions, local i auton\u00f2mica, per a regular el mercat de les VUT.\u00a0Cambrer va informar les autoritats municipals que a D\u00e9nia la Conselleria ha donat de baixa 800 vivendes tur\u00edstiques que no havien esmenat les defici\u00e8ncies notificades per a obtindre l&#8217;autoritzaci\u00f3; i que altres 400 estan ara en per\u00edode d&#8217;esmena, despr\u00e9s de ser notificades.<br\/><br\/><\/p>\n\n<p>La pr\u00f2rroga de la suspensi\u00f3 de llic\u00e8ncies per a les VUT entrar\u00e0 en vigor el 12 de setembre. Tamb\u00e9 despr\u00e9s de l&#8217;estiu, la regidora de Territori convocar\u00e0 els representants del sector, a trav\u00e9s d&#8217;AEHTMA, a una reuni\u00f3 de treball per a explicar-los tots els detalls sobre la nova ordenan\u00e7a que veur\u00e0 la llum abans que acabe l&#8217;any.\u00a0<br\/><br\/><\/p>\n\n<p>Maria Josep Ripoll ha insistit que la voluntat de l&#8217;Ajuntament de D\u00e9nia \u00e9s posar fre a la proliferaci\u00f3 de vivenda tur\u00edstica en el nucli residencial, &#8220;on les mol\u00e8sties i els problemes de conviv\u00e8ncia s\u00f3n obvis&#8221;. &#8220;Nosaltres tenim com a ferramenta l&#8217;ordenan\u00e7a municipal de regulaci\u00f3, per\u00f2 la compet\u00e8ncia i establir un control efectiu de les autoritzacions i de les sancions \u00e9s de Conselleria&#8221;.<\/p>\n","protected":false},"excerpt":{"rendered":"El ple aprovar\u00e0 este dijous la suspensi\u00f3 cautelar de certificats per a obrir vivendes d&#8217;\u00fas tur\u00edstic (VUT) en&hellip;","protected":false},"author":7,"featured_media":71123,"comment_status":"closed","ping_status":"closed","sticky":false,"template":"","format":"standard","meta":{"csco_display_header_overlay":false,"csco_singular_sidebar":"","csco_page_header_type":"","csco_page_load_nextpost":"","csco_post_video_location":[],"csco_post_video_location_hash":"","csco_post_video_url":"","csco_post_video_bg_start_time":0,"csco_post_video_bg_end_time":0,"footnotes":""},"categories":[614],"tags":[2760,1226,3490],"class_list":{"0":"post-71125","1":"post","2":"type-post","3":"status-publish","4":"format-standard","5":"has-post-thumbnail","7":"category-municipal-ca-es","8":"tag-conselleria-ca-es","9":"tag-turisme","10":"tag-vivendes-turistiques","11":"cs-entry","12":"cs-video-wrap"},"yoast_head":"<!-- This site is optimized with the Yoast SEO Premium plugin v26.6 (Yoast SEO v27.3) - https:\/\/yoast.com\/product\/yoast-seo-premium-wordpress\/ -->\n<title>D\u00e9nia prorroga la suspensi\u00f3 de viviendes tur\u00edstiques - Canfali<\/title>\n<meta name=\"robots\" content=\"index, follow, max-snippet:-1, max-image-preview:large, max-video-preview:-1\" \/>\n<link rel=\"canonical\" href=\"https:\/\/canfali.com\/ca-es\/denia-prorroga-la-suspensio-de-viviendes-turistiques\/\" \/>\n<meta property=\"og:locale\" content=\"en_US\" \/>\n<meta property=\"og:type\" content=\"article\" \/>\n<meta property=\"og:title\" content=\"D\u00e9nia prorroga la suspensi\u00f3 de viviendes tur\u00edstiques\" \/>\n<meta property=\"og:description\" content=\"El ple aprovar\u00e0 este dijous la suspensi\u00f3 cautelar de certificats per a obrir vivendes d&#8217;\u00fas tur\u00edstic (VUT) en&hellip;\" \/>\n<meta property=\"og:url\" content=\"https:\/\/canfali.com\/ca-es\/denia-prorroga-la-suspensio-de-viviendes-turistiques\/\" \/>\n<meta property=\"og:site_name\" content=\"Canfali\" \/>\n<meta property=\"article:publisher\" content=\"https:\/\/es-es.facebook.com\/CANFALIMarinaAlta\" \/>\n<meta property=\"article:published_time\" content=\"2025-07-29T11:41:14+00:00\" \/>\n<meta property=\"article:modified_time\" content=\"2025-07-29T11:49:13+00:00\" \/>\n<meta property=\"og:image\" content=\"https:\/\/canfali.com\/app\/uploads\/2025\/07\/Centre_urba.jpg\" \/>\n\t<meta property=\"og:image:width\" content=\"2203\" \/>\n\t<meta property=\"og:image:height\" content=\"1715\" \/>\n\t<meta property=\"og:image:type\" content=\"image\/jpeg\" \/>\n<meta name=\"author\" content=\"Bolta\" \/>\n<meta name=\"twitter:card\" content=\"summary_large_image\" \/>\n<meta name=\"twitter:creator\" content=\"@canfalima\" \/>\n<meta name=\"twitter:site\" content=\"@canfalima\" \/>\n<meta name=\"twitter:label1\" content=\"Written by\" \/>\n\t<meta name=\"twitter:data1\" content=\"Bolta\" \/>\n\t<meta name=\"twitter:label2\" content=\"Est. reading time\" \/>\n\t<meta name=\"twitter:data2\" content=\"2 minutes\" \/>\n<script type=\"application\/ld+json\" class=\"yoast-schema-graph\">{\"@context\":\"https:\\\/\\\/schema.org\",\"@graph\":[{\"@type\":\"NewsArticle\",\"@id\":\"https:\\\/\\\/canfali.com\\\/ca-es\\\/denia-prorroga-la-suspensio-de-viviendes-turistiques\\\/#article\",\"isPartOf\":{\"@id\":\"https:\\\/\\\/canfali.com\\\/ca-es\\\/denia-prorroga-la-suspensio-de-viviendes-turistiques\\\/\"},\"author\":{\"name\":\"Bolta\",\"@id\":\"https:\\\/\\\/canfali.com\\\/ca-es\\\/#\\\/schema\\\/person\\\/9c651adc904f3c4e0243f54407751557\"},\"headline\":\"D\u00e9nia prorroga la suspensi\u00f3 de viviendes tur\u00edstiques\",\"datePublished\":\"2025-07-29T11:41:14+00:00\",\"dateModified\":\"2025-07-29T11:49:13+00:00\",\"mainEntityOfPage\":{\"@id\":\"https:\\\/\\\/canfali.com\\\/ca-es\\\/denia-prorroga-la-suspensio-de-viviendes-turistiques\\\/\"},\"wordCount\":476,\"publisher\":{\"@id\":\"https:\\\/\\\/canfali.com\\\/ca-es\\\/#organization\"},\"image\":{\"@id\":\"https:\\\/\\\/canfali.com\\\/ca-es\\\/denia-prorroga-la-suspensio-de-viviendes-turistiques\\\/#primaryimage\"},\"thumbnailUrl\":\"https:\\\/\\\/canfali.com\\\/app\\\/uploads\\\/2025\\\/07\\\/Centre_urba.jpg\",\"keywords\":[\"Conselleria\",\"turisme\",\"vivendes tur\u00edstiques\"],\"articleSection\":[\"Municipal\"],\"inLanguage\":\"va-ES\",\"copyrightYear\":\"2025\",\"copyrightHolder\":{\"@id\":\"https:\\\/\\\/canfali.com\\\/#organization\"}},{\"@type\":\"WebPage\",\"@id\":\"https:\\\/\\\/canfali.com\\\/ca-es\\\/denia-prorroga-la-suspensio-de-viviendes-turistiques\\\/\",\"url\":\"https:\\\/\\\/canfali.com\\\/ca-es\\\/denia-prorroga-la-suspensio-de-viviendes-turistiques\\\/\",\"name\":\"D\u00e9nia prorroga la suspensi\u00f3 de viviendes tur\u00edstiques - Canfali\",\"isPartOf\":{\"@id\":\"https:\\\/\\\/canfali.com\\\/ca-es\\\/#website\"},\"primaryImageOfPage\":{\"@id\":\"https:\\\/\\\/canfali.com\\\/ca-es\\\/denia-prorroga-la-suspensio-de-viviendes-turistiques\\\/#primaryimage\"},\"image\":{\"@id\":\"https:\\\/\\\/canfali.com\\\/ca-es\\\/denia-prorroga-la-suspensio-de-viviendes-turistiques\\\/#primaryimage\"},\"thumbnailUrl\":\"https:\\\/\\\/canfali.com\\\/app\\\/uploads\\\/2025\\\/07\\\/Centre_urba.jpg\",\"datePublished\":\"2025-07-29T11:41:14+00:00\",\"dateModified\":\"2025-07-29T11:49:13+00:00\",\"breadcrumb\":{\"@id\":\"https:\\\/\\\/canfali.com\\\/ca-es\\\/denia-prorroga-la-suspensio-de-viviendes-turistiques\\\/#breadcrumb\"},\"inLanguage\":\"va-ES\",\"potentialAction\":[{\"@type\":\"ReadAction\",\"target\":[\"https:\\\/\\\/canfali.com\\\/ca-es\\\/denia-prorroga-la-suspensio-de-viviendes-turistiques\\\/\"]}]},{\"@type\":\"ImageObject\",\"inLanguage\":\"va-ES\",\"@id\":\"https:\\\/\\\/canfali.com\\\/ca-es\\\/denia-prorroga-la-suspensio-de-viviendes-turistiques\\\/#primaryimage\",\"url\":\"https:\\\/\\\/canfali.com\\\/app\\\/uploads\\\/2025\\\/07\\\/Centre_urba.jpg\",\"contentUrl\":\"https:\\\/\\\/canfali.com\\\/app\\\/uploads\\\/2025\\\/07\\\/Centre_urba.jpg\",\"width\":2203,\"height\":1715},{\"@type\":\"BreadcrumbList\",\"@id\":\"https:\\\/\\\/canfali.com\\\/ca-es\\\/denia-prorroga-la-suspensio-de-viviendes-turistiques\\\/#breadcrumb\",\"itemListElement\":[{\"@type\":\"ListItem\",\"position\":1,\"name\":\"Portada\",\"item\":\"https:\\\/\\\/canfali.com\\\/ca-es\\\/\"},{\"@type\":\"ListItem\",\"position\":2,\"name\":\"D\u00e9nia prorroga la suspensi\u00f3 de viviendes tur\u00edstiques\"}]},{\"@type\":\"WebSite\",\"@id\":\"https:\\\/\\\/canfali.com\\\/ca-es\\\/#website\",\"url\":\"https:\\\/\\\/canfali.com\\\/ca-es\\\/\",\"name\":\"Canfali\",\"description\":\"\",\"publisher\":{\"@id\":\"https:\\\/\\\/canfali.com\\\/ca-es\\\/#organization\"},\"potentialAction\":[{\"@type\":\"SearchAction\",\"target\":{\"@type\":\"EntryPoint\",\"urlTemplate\":\"https:\\\/\\\/canfali.com\\\/ca-es\\\/?s={search_term_string}\"},\"query-input\":{\"@type\":\"PropertyValueSpecification\",\"valueRequired\":true,\"valueName\":\"search_term_string\"}}],\"inLanguage\":\"va-ES\"},{\"@type\":\"Organization\",\"@id\":\"https:\\\/\\\/canfali.com\\\/ca-es\\\/#organization\",\"name\":\"Canfali\",\"url\":\"https:\\\/\\\/canfali.com\\\/ca-es\\\/\",\"logo\":{\"@type\":\"ImageObject\",\"inLanguage\":\"va-ES\",\"@id\":\"https:\\\/\\\/canfali.com\\\/ca-es\\\/#\\\/schema\\\/logo\\\/image\\\/\",\"url\":\"https:\\\/\\\/canfali.com\\\/app\\\/uploads\\\/2025\\\/12\\\/canfali_marina_alta_logo.png\",\"contentUrl\":\"https:\\\/\\\/canfali.com\\\/app\\\/uploads\\\/2025\\\/12\\\/canfali_marina_alta_logo.png\",\"width\":225,\"height\":225,\"caption\":\"Canfali\"},\"image\":{\"@id\":\"https:\\\/\\\/canfali.com\\\/ca-es\\\/#\\\/schema\\\/logo\\\/image\\\/\"},\"sameAs\":[\"https:\\\/\\\/es-es.facebook.com\\\/CANFALIMarinaAlta\",\"https:\\\/\\\/x.com\\\/canfalima\",\"https:\\\/\\\/www.instagram.com\\\/canfalimarinaalta\\\/\"]},{\"@type\":\"Person\",\"@id\":\"https:\\\/\\\/canfali.com\\\/ca-es\\\/#\\\/schema\\\/person\\\/9c651adc904f3c4e0243f54407751557\",\"name\":\"Bolta\",\"image\":{\"@type\":\"ImageObject\",\"inLanguage\":\"va-ES\",\"@id\":\"https:\\\/\\\/secure.gravatar.com\\\/avatar\\\/550a5d97fe3cfba5caf077b9600e46529e1977e9d14396836e775d6d9d895a81?s=96&d=mm&r=g\",\"url\":\"https:\\\/\\\/secure.gravatar.com\\\/avatar\\\/550a5d97fe3cfba5caf077b9600e46529e1977e9d14396836e775d6d9d895a81?s=96&d=mm&r=g\",\"contentUrl\":\"https:\\\/\\\/secure.gravatar.com\\\/avatar\\\/550a5d97fe3cfba5caf077b9600e46529e1977e9d14396836e775d6d9d895a81?s=96&d=mm&r=g\",\"caption\":\"Bolta\"},\"url\":\"https:\\\/\\\/canfali.com\\\/ca-es\\\/author\\\/bolta\\\/\"}]}<\/script>\n<!-- \/ Yoast SEO Premium plugin. -->","yoast_head_json":{"title":"D\u00e9nia prorroga la suspensi\u00f3 de viviendes tur\u00edstiques - Canfali","robots":{"index":"index","follow":"follow","max-snippet":"max-snippet:-1","max-image-preview":"max-image-preview:large","max-video-preview":"max-video-preview:-1"},"canonical":"https:\/\/canfali.com\/ca-es\/denia-prorroga-la-suspensio-de-viviendes-turistiques\/","og_locale":"en_US","og_type":"article","og_title":"D\u00e9nia prorroga la suspensi\u00f3 de viviendes tur\u00edstiques","og_description":"El ple aprovar\u00e0 este dijous la suspensi\u00f3 cautelar de certificats per a obrir vivendes d&#8217;\u00fas tur\u00edstic (VUT) en&hellip;","og_url":"https:\/\/canfali.com\/ca-es\/denia-prorroga-la-suspensio-de-viviendes-turistiques\/","og_site_name":"Canfali","article_publisher":"https:\/\/es-es.facebook.com\/CANFALIMarinaAlta","article_published_time":"2025-07-29T11:41:14+00:00","article_modified_time":"2025-07-29T11:49:13+00:00","og_image":[{"width":2203,"height":1715,"url":"https:\/\/canfali.com\/app\/uploads\/2025\/07\/Centre_urba.jpg","type":"image\/jpeg"}],"author":"Bolta","twitter_card":"summary_large_image","twitter_creator":"@canfalima","twitter_site":"@canfalima","twitter_misc":{"Written by":"Bolta","Est. reading time":"2 minutes"},"schema":{"@context":"https:\/\/schema.org","@graph":[{"@type":"NewsArticle","@id":"https:\/\/canfali.com\/ca-es\/denia-prorroga-la-suspensio-de-viviendes-turistiques\/#article","isPartOf":{"@id":"https:\/\/canfali.com\/ca-es\/denia-prorroga-la-suspensio-de-viviendes-turistiques\/"},"author":{"name":"Bolta","@id":"https:\/\/canfali.com\/ca-es\/#\/schema\/person\/9c651adc904f3c4e0243f54407751557"},"headline":"D\u00e9nia prorroga la suspensi\u00f3 de viviendes tur\u00edstiques","datePublished":"2025-07-29T11:41:14+00:00","dateModified":"2025-07-29T11:49:13+00:00","mainEntityOfPage":{"@id":"https:\/\/canfali.com\/ca-es\/denia-prorroga-la-suspensio-de-viviendes-turistiques\/"},"wordCount":476,"publisher":{"@id":"https:\/\/canfali.com\/ca-es\/#organization"},"image":{"@id":"https:\/\/canfali.com\/ca-es\/denia-prorroga-la-suspensio-de-viviendes-turistiques\/#primaryimage"},"thumbnailUrl":"https:\/\/canfali.com\/app\/uploads\/2025\/07\/Centre_urba.jpg","keywords":["Conselleria","turisme","vivendes tur\u00edstiques"],"articleSection":["Municipal"],"inLanguage":"va-ES","copyrightYear":"2025","copyrightHolder":{"@id":"https:\/\/canfali.com\/#organization"}},{"@type":"WebPage","@id":"https:\/\/canfali.com\/ca-es\/denia-prorroga-la-suspensio-de-viviendes-turistiques\/","url":"https:\/\/canfali.com\/ca-es\/denia-prorroga-la-suspensio-de-viviendes-turistiques\/","name":"D\u00e9nia prorroga la suspensi\u00f3 de viviendes tur\u00edstiques - Canfali","isPartOf":{"@id":"https:\/\/canfali.com\/ca-es\/#website"},"primaryImageOfPage":{"@id":"https:\/\/canfali.com\/ca-es\/denia-prorroga-la-suspensio-de-viviendes-turistiques\/#primaryimage"},"image":{"@id":"https:\/\/canfali.com\/ca-es\/denia-prorroga-la-suspensio-de-viviendes-turistiques\/#primaryimage"},"thumbnailUrl":"https:\/\/canfali.com\/app\/uploads\/2025\/07\/Centre_urba.jpg","datePublished":"2025-07-29T11:41:14+00:00","dateModified":"2025-07-29T11:49:13+00:00","breadcrumb":{"@id":"https:\/\/canfali.com\/ca-es\/denia-prorroga-la-suspensio-de-viviendes-turistiques\/#breadcrumb"},"inLanguage":"va-ES","potentialAction":[{"@type":"ReadAction","target":["https:\/\/canfali.com\/ca-es\/denia-prorroga-la-suspensio-de-viviendes-turistiques\/"]}]},{"@type":"ImageObject","inLanguage":"va-ES","@id":"https:\/\/canfali.com\/ca-es\/denia-prorroga-la-suspensio-de-viviendes-turistiques\/#primaryimage","url":"https:\/\/canfali.com\/app\/uploads\/2025\/07\/Centre_urba.jpg","contentUrl":"https:\/\/canfali.com\/app\/uploads\/2025\/07\/Centre_urba.jpg","width":2203,"height":1715},{"@type":"BreadcrumbList","@id":"https:\/\/canfali.com\/ca-es\/denia-prorroga-la-suspensio-de-viviendes-turistiques\/#breadcrumb","itemListElement":[{"@type":"ListItem","position":1,"name":"Portada","item":"https:\/\/canfali.com\/ca-es\/"},{"@type":"ListItem","position":2,"name":"D\u00e9nia prorroga la suspensi\u00f3 de viviendes tur\u00edstiques"}]},{"@type":"WebSite","@id":"https:\/\/canfali.com\/ca-es\/#website","url":"https:\/\/canfali.com\/ca-es\/","name":"Canfali","description":"","publisher":{"@id":"https:\/\/canfali.com\/ca-es\/#organization"},"potentialAction":[{"@type":"SearchAction","target":{"@type":"EntryPoint","urlTemplate":"https:\/\/canfali.com\/ca-es\/?s={search_term_string}"},"query-input":{"@type":"PropertyValueSpecification","valueRequired":true,"valueName":"search_term_string"}}],"inLanguage":"va-ES"},{"@type":"Organization","@id":"https:\/\/canfali.com\/ca-es\/#organization","name":"Canfali","url":"https:\/\/canfali.com\/ca-es\/","logo":{"@type":"ImageObject","inLanguage":"va-ES","@id":"https:\/\/canfali.com\/ca-es\/#\/schema\/logo\/image\/","url":"https:\/\/canfali.com\/app\/uploads\/2025\/12\/canfali_marina_alta_logo.png","contentUrl":"https:\/\/canfali.com\/app\/uploads\/2025\/12\/canfali_marina_alta_logo.png","width":225,"height":225,"caption":"Canfali"},"image":{"@id":"https:\/\/canfali.com\/ca-es\/#\/schema\/logo\/image\/"},"sameAs":["https:\/\/es-es.facebook.com\/CANFALIMarinaAlta","https:\/\/x.com\/canfalima","https:\/\/www.instagram.com\/canfalimarinaalta\/"]},{"@type":"Person","@id":"https:\/\/canfali.com\/ca-es\/#\/schema\/person\/9c651adc904f3c4e0243f54407751557","name":"Bolta","image":{"@type":"ImageObject","inLanguage":"va-ES","@id":"https:\/\/secure.gravatar.com\/avatar\/550a5d97fe3cfba5caf077b9600e46529e1977e9d14396836e775d6d9d895a81?s=96&d=mm&r=g","url":"https:\/\/secure.gravatar.com\/avatar\/550a5d97fe3cfba5caf077b9600e46529e1977e9d14396836e775d6d9d895a81?s=96&d=mm&r=g","contentUrl":"https:\/\/secure.gravatar.com\/avatar\/550a5d97fe3cfba5caf077b9600e46529e1977e9d14396836e775d6d9d895a81?s=96&d=mm&r=g","caption":"Bolta"},"url":"https:\/\/canfali.com\/ca-es\/author\/bolta\/"}]}},"_links":{"self":[{"href":"https:\/\/canfali.com\/ca-es\/wp-json\/wp\/v2\/posts\/71125","targetHints":{"allow":["GET"]}}],"collection":[{"href":"https:\/\/canfali.com\/ca-es\/wp-json\/wp\/v2\/posts"}],"about":[{"href":"https:\/\/canfali.com\/ca-es\/wp-json\/wp\/v2\/types\/post"}],"author":[{"embeddable":true,"href":"https:\/\/canfali.com\/ca-es\/wp-json\/wp\/v2\/users\/7"}],"replies":[{"embeddable":true,"href":"https:\/\/canfali.com\/ca-es\/wp-json\/wp\/v2\/comments?post=71125"}],"version-history":[{"count":2,"href":"https:\/\/canfali.com\/ca-es\/wp-json\/wp\/v2\/posts\/71125\/revisions"}],"predecessor-version":[{"id":71128,"href":"https:\/\/canfali.com\/ca-es\/wp-json\/wp\/v2\/posts\/71125\/revisions\/71128"}],"wp:featuredmedia":[{"embeddable":true,"href":"https:\/\/canfali.com\/ca-es\/wp-json\/wp\/v2\/media\/71123"}],"wp:attachment":[{"href":"https:\/\/canfali.com\/ca-es\/wp-json\/wp\/v2\/media?parent=71125"}],"wp:term":[{"taxonomy":"category","embeddable":true,"href":"https:\/\/canfali.com\/ca-es\/wp-json\/wp\/v2\/categories?post=71125"},{"taxonomy":"post_tag","embeddable":true,"href":"https:\/\/canfali.com\/ca-es\/wp-json\/wp\/v2\/tags?post=71125"}],"curies":[{"name":"wp","href":"https:\/\/api.w.org\/{rel}","templated":true}]}}