{"id":71119,"date":"2025-07-29T13:24:24","date_gmt":"2025-07-29T11:24:24","guid":{"rendered":"https:\/\/canfali.com\/el-tsj-frena-un-augment-de-ledificabilitat-a-denia\/"},"modified":"2025-07-29T14:07:57","modified_gmt":"2025-07-29T12:07:57","slug":"el-tsj-frena-un-augment-de-ledificabilitat-a-denia","status":"publish","type":"post","link":"https:\/\/canfali.com\/ca-es\/el-tsj-frena-un-augment-de-ledificabilitat-a-denia\/","title":{"rendered":"El TSJ frena un augment de l&#8217;edificabilitat a D\u00e9nia"},"content":{"rendered":"\n<p><\/p>\n\n<p>El Tribunal Superior de Just\u00edcia de la Comunitat Valenciana (TSJCV) ha frenat una maniobra de la Conselleria de Territori que, segons el govern local de D\u00e9nia, suposava una inger\u00e8ncia directa en les compet\u00e8ncies municipals d&#8217;urbanisme. Aix\u00ed ho ha revelat la regidora de Territori, Maria Josep Ripoll, qui ha anunciat que l&#8217;alt tribunal valenci\u00e0 ha anul\u00b7lat per segona vegada un acord entre la Generalitat i promotores privades que permetia augmentar l&#8217;edificabilitat en determinades parcel\u00b7les, a esquena de l&#8217;Ajuntament i en contra del Pla General Estructural (PGE).<br\/>\t<\/p>\n\n<p>El govern municipal, format per PSPV i Comprom\u00eds, ja va denunciar fa unes setmanes estos pactes \u201ctransaccionals\u201d&#8221;, pels quals els promotors es comprometien a retirar recursos judicials contra el planejament urb\u00e0 a canvi que se&#8217;ls concedira m\u00e9s volum de construcci\u00f3 del previst en el PGE.<br\/>\t<\/p>\n\n<p>Ripoll ha manifestat que \u201c\u00e9s la segona sent\u00e8ncia que li per als peus a la conselleria i deixa clar que les compet\u00e8ncies en mat\u00e8ria urban\u00edstica a D\u00e9nia s\u00f3n de l&#8217;Ajuntament\u201d. La regidora ha recordat que la primera d&#8217;estes operacions ja va ser tombada pel TSJ, i ara el tribunal ha tornat a fallar en el mateix sentit, invalidant el segon acord.<br\/>\t<\/p>\n\n<p>En la seua resoluci\u00f3, el TSJ recalca que \u201cl&#8217;ordenaci\u00f3 estructural \u00e9s una compet\u00e8ncia municipal, aix\u00ed com la formulaci\u00f3 i tramitaci\u00f3 dels plans d&#8217;\u00e0mbit municipal, corresponent a l&#8217;Ajuntament la condici\u00f3 d&#8217;\u00f2rgan promotor del PGE\u201d, i subratlla que \u201cl&#8217;ordenaci\u00f3 territorial i la urban\u00edstica s\u00f3n funcions p\u00fabliques no susceptibles de transacci\u00f3\u201d.<br\/>\t<\/p>\n\n<p>Ripoll ha sigut contundent en afirmar que \u201cel m\u00e9s sorprenent ja no \u00e9s la temptativa fallida de la conselleria per colar-se en el nostre planejament, que lamentablement comen\u00e7a a ser habitual, sin\u00f3 que tot un departament auton\u00f2mic d&#8217;Urbanisme no s\u00e0pia de qui s\u00f3n les compet\u00e8ncies en esta mat\u00e8ria\u201d.<br\/>\t<\/p>\n\n<p>L&#8217;equip de govern de D\u00e9nia considera estes sent\u00e8ncies com una vict\u00f2ria clau en la defensa de l&#8217;autonomia municipal enfront del que qualifiquen com a intents de \u201crebentar\u201d el planejament estructural per a afavorir interessos privats. <br\/><br\/><\/p>\n","protected":false},"excerpt":{"rendered":"El Tribunal Superior de Just\u00edcia de la Comunitat Valenciana (TSJCV) ha frenat una maniobra de la Conselleria de&hellip;","protected":false},"author":7,"featured_media":71116,"comment_status":"closed","ping_status":"closed","sticky":false,"template":"","format":"standard","meta":{"csco_display_header_overlay":false,"csco_singular_sidebar":"","csco_page_header_type":"","csco_page_load_nextpost":"","csco_post_video_location":[],"csco_post_video_location_hash":"","csco_post_video_url":"","csco_post_video_bg_start_time":0,"csco_post_video_bg_end_time":0,"footnotes":""},"categories":[614],"tags":[861,3488,3169,2474,2030],"class_list":{"0":"post-71119","1":"post","2":"type-post","3":"status-publish","4":"format-standard","5":"has-post-thumbnail","7":"category-municipal-ca-es","8":"tag-ajuntament","9":"tag-edificabilitat","10":"tag-promotors","11":"tag-tsj-ca-es","12":"tag-urbanisme","13":"cs-entry","14":"cs-video-wrap"},"yoast_head":"<!-- This site is optimized with the Yoast SEO Premium plugin v26.6 (Yoast SEO v27.3) - https:\/\/yoast.com\/product\/yoast-seo-premium-wordpress\/ -->\n<title>El TSJ frena un augment de l&#039;edificabilitat a D\u00e9nia - Canfali<\/title>\n<meta name=\"robots\" content=\"index, follow, max-snippet:-1, max-image-preview:large, max-video-preview:-1\" \/>\n<link rel=\"canonical\" href=\"https:\/\/canfali.com\/ca-es\/el-tsj-frena-un-augment-de-ledificabilitat-a-denia\/\" \/>\n<meta property=\"og:locale\" content=\"en_US\" \/>\n<meta property=\"og:type\" content=\"article\" \/>\n<meta property=\"og:title\" content=\"El TSJ frena un augment de l&#039;edificabilitat a D\u00e9nia\" \/>\n<meta property=\"og:description\" content=\"El Tribunal Superior de Just\u00edcia de la Comunitat Valenciana (TSJCV) ha frenat una maniobra de la Conselleria de&hellip;\" \/>\n<meta property=\"og:url\" content=\"https:\/\/canfali.com\/ca-es\/el-tsj-frena-un-augment-de-ledificabilitat-a-denia\/\" \/>\n<meta property=\"og:site_name\" content=\"Canfali\" \/>\n<meta property=\"article:publisher\" content=\"https:\/\/es-es.facebook.com\/CANFALIMarinaAlta\" \/>\n<meta property=\"article:published_time\" content=\"2025-07-29T11:24:24+00:00\" \/>\n<meta property=\"article:modified_time\" content=\"2025-07-29T12:07:57+00:00\" \/>\n<meta property=\"og:image\" content=\"https:\/\/canfali.com\/app\/uploads\/2025\/07\/524668591_25206842962253914_2355651810409184008_n.jpg\" \/>\n\t<meta property=\"og:image:width\" content=\"1518\" \/>\n\t<meta property=\"og:image:height\" content=\"1297\" \/>\n\t<meta property=\"og:image:type\" content=\"image\/jpeg\" \/>\n<meta name=\"author\" content=\"Bolta\" \/>\n<meta name=\"twitter:card\" content=\"summary_large_image\" \/>\n<meta name=\"twitter:creator\" content=\"@canfalima\" \/>\n<meta name=\"twitter:site\" content=\"@canfalima\" \/>\n<meta name=\"twitter:label1\" content=\"Written by\" \/>\n\t<meta name=\"twitter:data1\" content=\"Bolta\" \/>\n\t<meta name=\"twitter:label2\" content=\"Est. reading time\" \/>\n\t<meta name=\"twitter:data2\" content=\"2 minutes\" \/>\n<script type=\"application\/ld+json\" class=\"yoast-schema-graph\">{\"@context\":\"https:\\\/\\\/schema.org\",\"@graph\":[{\"@type\":\"NewsArticle\",\"@id\":\"https:\\\/\\\/canfali.com\\\/ca-es\\\/el-tsj-frena-un-augment-de-ledificabilitat-a-denia\\\/#article\",\"isPartOf\":{\"@id\":\"https:\\\/\\\/canfali.com\\\/ca-es\\\/el-tsj-frena-un-augment-de-ledificabilitat-a-denia\\\/\"},\"author\":{\"name\":\"Bolta\",\"@id\":\"https:\\\/\\\/canfali.com\\\/ca-es\\\/#\\\/schema\\\/person\\\/9c651adc904f3c4e0243f54407751557\"},\"headline\":\"El TSJ frena un augment de l&#8217;edificabilitat a D\u00e9nia\",\"datePublished\":\"2025-07-29T11:24:24+00:00\",\"dateModified\":\"2025-07-29T12:07:57+00:00\",\"mainEntityOfPage\":{\"@id\":\"https:\\\/\\\/canfali.com\\\/ca-es\\\/el-tsj-frena-un-augment-de-ledificabilitat-a-denia\\\/\"},\"wordCount\":376,\"publisher\":{\"@id\":\"https:\\\/\\\/canfali.com\\\/ca-es\\\/#organization\"},\"image\":{\"@id\":\"https:\\\/\\\/canfali.com\\\/ca-es\\\/el-tsj-frena-un-augment-de-ledificabilitat-a-denia\\\/#primaryimage\"},\"thumbnailUrl\":\"https:\\\/\\\/canfali.com\\\/app\\\/uploads\\\/2025\\\/07\\\/524668591_25206842962253914_2355651810409184008_n.jpg\",\"keywords\":[\"Ajuntament\",\"edificabilitat\",\"promotors\",\"tsj\",\"urbanisme\"],\"articleSection\":[\"Municipal\"],\"inLanguage\":\"va-ES\",\"copyrightYear\":\"2025\",\"copyrightHolder\":{\"@id\":\"https:\\\/\\\/canfali.com\\\/#organization\"}},{\"@type\":\"WebPage\",\"@id\":\"https:\\\/\\\/canfali.com\\\/ca-es\\\/el-tsj-frena-un-augment-de-ledificabilitat-a-denia\\\/\",\"url\":\"https:\\\/\\\/canfali.com\\\/ca-es\\\/el-tsj-frena-un-augment-de-ledificabilitat-a-denia\\\/\",\"name\":\"El TSJ frena un augment de l'edificabilitat a D\u00e9nia - Canfali\",\"isPartOf\":{\"@id\":\"https:\\\/\\\/canfali.com\\\/ca-es\\\/#website\"},\"primaryImageOfPage\":{\"@id\":\"https:\\\/\\\/canfali.com\\\/ca-es\\\/el-tsj-frena-un-augment-de-ledificabilitat-a-denia\\\/#primaryimage\"},\"image\":{\"@id\":\"https:\\\/\\\/canfali.com\\\/ca-es\\\/el-tsj-frena-un-augment-de-ledificabilitat-a-denia\\\/#primaryimage\"},\"thumbnailUrl\":\"https:\\\/\\\/canfali.com\\\/app\\\/uploads\\\/2025\\\/07\\\/524668591_25206842962253914_2355651810409184008_n.jpg\",\"datePublished\":\"2025-07-29T11:24:24+00:00\",\"dateModified\":\"2025-07-29T12:07:57+00:00\",\"breadcrumb\":{\"@id\":\"https:\\\/\\\/canfali.com\\\/ca-es\\\/el-tsj-frena-un-augment-de-ledificabilitat-a-denia\\\/#breadcrumb\"},\"inLanguage\":\"va-ES\",\"potentialAction\":[{\"@type\":\"ReadAction\",\"target\":[\"https:\\\/\\\/canfali.com\\\/ca-es\\\/el-tsj-frena-un-augment-de-ledificabilitat-a-denia\\\/\"]}]},{\"@type\":\"ImageObject\",\"inLanguage\":\"va-ES\",\"@id\":\"https:\\\/\\\/canfali.com\\\/ca-es\\\/el-tsj-frena-un-augment-de-ledificabilitat-a-denia\\\/#primaryimage\",\"url\":\"https:\\\/\\\/canfali.com\\\/app\\\/uploads\\\/2025\\\/07\\\/524668591_25206842962253914_2355651810409184008_n.jpg\",\"contentUrl\":\"https:\\\/\\\/canfali.com\\\/app\\\/uploads\\\/2025\\\/07\\\/524668591_25206842962253914_2355651810409184008_n.jpg\",\"width\":1518,\"height\":1297},{\"@type\":\"BreadcrumbList\",\"@id\":\"https:\\\/\\\/canfali.com\\\/ca-es\\\/el-tsj-frena-un-augment-de-ledificabilitat-a-denia\\\/#breadcrumb\",\"itemListElement\":[{\"@type\":\"ListItem\",\"position\":1,\"name\":\"Portada\",\"item\":\"https:\\\/\\\/canfali.com\\\/ca-es\\\/\"},{\"@type\":\"ListItem\",\"position\":2,\"name\":\"El TSJ frena un augment de l&#8217;edificabilitat a D\u00e9nia\"}]},{\"@type\":\"WebSite\",\"@id\":\"https:\\\/\\\/canfali.com\\\/ca-es\\\/#website\",\"url\":\"https:\\\/\\\/canfali.com\\\/ca-es\\\/\",\"name\":\"Canfali\",\"description\":\"\",\"publisher\":{\"@id\":\"https:\\\/\\\/canfali.com\\\/ca-es\\\/#organization\"},\"potentialAction\":[{\"@type\":\"SearchAction\",\"target\":{\"@type\":\"EntryPoint\",\"urlTemplate\":\"https:\\\/\\\/canfali.com\\\/ca-es\\\/?s={search_term_string}\"},\"query-input\":{\"@type\":\"PropertyValueSpecification\",\"valueRequired\":true,\"valueName\":\"search_term_string\"}}],\"inLanguage\":\"va-ES\"},{\"@type\":\"Organization\",\"@id\":\"https:\\\/\\\/canfali.com\\\/ca-es\\\/#organization\",\"name\":\"Canfali\",\"url\":\"https:\\\/\\\/canfali.com\\\/ca-es\\\/\",\"logo\":{\"@type\":\"ImageObject\",\"inLanguage\":\"va-ES\",\"@id\":\"https:\\\/\\\/canfali.com\\\/ca-es\\\/#\\\/schema\\\/logo\\\/image\\\/\",\"url\":\"https:\\\/\\\/canfali.com\\\/app\\\/uploads\\\/2025\\\/12\\\/canfali_marina_alta_logo.png\",\"contentUrl\":\"https:\\\/\\\/canfali.com\\\/app\\\/uploads\\\/2025\\\/12\\\/canfali_marina_alta_logo.png\",\"width\":225,\"height\":225,\"caption\":\"Canfali\"},\"image\":{\"@id\":\"https:\\\/\\\/canfali.com\\\/ca-es\\\/#\\\/schema\\\/logo\\\/image\\\/\"},\"sameAs\":[\"https:\\\/\\\/es-es.facebook.com\\\/CANFALIMarinaAlta\",\"https:\\\/\\\/x.com\\\/canfalima\",\"https:\\\/\\\/www.instagram.com\\\/canfalimarinaalta\\\/\"]},{\"@type\":\"Person\",\"@id\":\"https:\\\/\\\/canfali.com\\\/ca-es\\\/#\\\/schema\\\/person\\\/9c651adc904f3c4e0243f54407751557\",\"name\":\"Bolta\",\"image\":{\"@type\":\"ImageObject\",\"inLanguage\":\"va-ES\",\"@id\":\"https:\\\/\\\/secure.gravatar.com\\\/avatar\\\/550a5d97fe3cfba5caf077b9600e46529e1977e9d14396836e775d6d9d895a81?s=96&d=mm&r=g\",\"url\":\"https:\\\/\\\/secure.gravatar.com\\\/avatar\\\/550a5d97fe3cfba5caf077b9600e46529e1977e9d14396836e775d6d9d895a81?s=96&d=mm&r=g\",\"contentUrl\":\"https:\\\/\\\/secure.gravatar.com\\\/avatar\\\/550a5d97fe3cfba5caf077b9600e46529e1977e9d14396836e775d6d9d895a81?s=96&d=mm&r=g\",\"caption\":\"Bolta\"},\"url\":\"https:\\\/\\\/canfali.com\\\/ca-es\\\/author\\\/bolta\\\/\"}]}<\/script>\n<!-- \/ Yoast SEO Premium plugin. -->","yoast_head_json":{"title":"El TSJ frena un augment de l'edificabilitat a D\u00e9nia - Canfali","robots":{"index":"index","follow":"follow","max-snippet":"max-snippet:-1","max-image-preview":"max-image-preview:large","max-video-preview":"max-video-preview:-1"},"canonical":"https:\/\/canfali.com\/ca-es\/el-tsj-frena-un-augment-de-ledificabilitat-a-denia\/","og_locale":"en_US","og_type":"article","og_title":"El TSJ frena un augment de l'edificabilitat a D\u00e9nia","og_description":"El Tribunal Superior de Just\u00edcia de la Comunitat Valenciana (TSJCV) ha frenat una maniobra de la Conselleria de&hellip;","og_url":"https:\/\/canfali.com\/ca-es\/el-tsj-frena-un-augment-de-ledificabilitat-a-denia\/","og_site_name":"Canfali","article_publisher":"https:\/\/es-es.facebook.com\/CANFALIMarinaAlta","article_published_time":"2025-07-29T11:24:24+00:00","article_modified_time":"2025-07-29T12:07:57+00:00","og_image":[{"width":1518,"height":1297,"url":"https:\/\/canfali.com\/app\/uploads\/2025\/07\/524668591_25206842962253914_2355651810409184008_n.jpg","type":"image\/jpeg"}],"author":"Bolta","twitter_card":"summary_large_image","twitter_creator":"@canfalima","twitter_site":"@canfalima","twitter_misc":{"Written by":"Bolta","Est. reading time":"2 minutes"},"schema":{"@context":"https:\/\/schema.org","@graph":[{"@type":"NewsArticle","@id":"https:\/\/canfali.com\/ca-es\/el-tsj-frena-un-augment-de-ledificabilitat-a-denia\/#article","isPartOf":{"@id":"https:\/\/canfali.com\/ca-es\/el-tsj-frena-un-augment-de-ledificabilitat-a-denia\/"},"author":{"name":"Bolta","@id":"https:\/\/canfali.com\/ca-es\/#\/schema\/person\/9c651adc904f3c4e0243f54407751557"},"headline":"El TSJ frena un augment de l&#8217;edificabilitat a D\u00e9nia","datePublished":"2025-07-29T11:24:24+00:00","dateModified":"2025-07-29T12:07:57+00:00","mainEntityOfPage":{"@id":"https:\/\/canfali.com\/ca-es\/el-tsj-frena-un-augment-de-ledificabilitat-a-denia\/"},"wordCount":376,"publisher":{"@id":"https:\/\/canfali.com\/ca-es\/#organization"},"image":{"@id":"https:\/\/canfali.com\/ca-es\/el-tsj-frena-un-augment-de-ledificabilitat-a-denia\/#primaryimage"},"thumbnailUrl":"https:\/\/canfali.com\/app\/uploads\/2025\/07\/524668591_25206842962253914_2355651810409184008_n.jpg","keywords":["Ajuntament","edificabilitat","promotors","tsj","urbanisme"],"articleSection":["Municipal"],"inLanguage":"va-ES","copyrightYear":"2025","copyrightHolder":{"@id":"https:\/\/canfali.com\/#organization"}},{"@type":"WebPage","@id":"https:\/\/canfali.com\/ca-es\/el-tsj-frena-un-augment-de-ledificabilitat-a-denia\/","url":"https:\/\/canfali.com\/ca-es\/el-tsj-frena-un-augment-de-ledificabilitat-a-denia\/","name":"El TSJ frena un augment de l'edificabilitat a D\u00e9nia - Canfali","isPartOf":{"@id":"https:\/\/canfali.com\/ca-es\/#website"},"primaryImageOfPage":{"@id":"https:\/\/canfali.com\/ca-es\/el-tsj-frena-un-augment-de-ledificabilitat-a-denia\/#primaryimage"},"image":{"@id":"https:\/\/canfali.com\/ca-es\/el-tsj-frena-un-augment-de-ledificabilitat-a-denia\/#primaryimage"},"thumbnailUrl":"https:\/\/canfali.com\/app\/uploads\/2025\/07\/524668591_25206842962253914_2355651810409184008_n.jpg","datePublished":"2025-07-29T11:24:24+00:00","dateModified":"2025-07-29T12:07:57+00:00","breadcrumb":{"@id":"https:\/\/canfali.com\/ca-es\/el-tsj-frena-un-augment-de-ledificabilitat-a-denia\/#breadcrumb"},"inLanguage":"va-ES","potentialAction":[{"@type":"ReadAction","target":["https:\/\/canfali.com\/ca-es\/el-tsj-frena-un-augment-de-ledificabilitat-a-denia\/"]}]},{"@type":"ImageObject","inLanguage":"va-ES","@id":"https:\/\/canfali.com\/ca-es\/el-tsj-frena-un-augment-de-ledificabilitat-a-denia\/#primaryimage","url":"https:\/\/canfali.com\/app\/uploads\/2025\/07\/524668591_25206842962253914_2355651810409184008_n.jpg","contentUrl":"https:\/\/canfali.com\/app\/uploads\/2025\/07\/524668591_25206842962253914_2355651810409184008_n.jpg","width":1518,"height":1297},{"@type":"BreadcrumbList","@id":"https:\/\/canfali.com\/ca-es\/el-tsj-frena-un-augment-de-ledificabilitat-a-denia\/#breadcrumb","itemListElement":[{"@type":"ListItem","position":1,"name":"Portada","item":"https:\/\/canfali.com\/ca-es\/"},{"@type":"ListItem","position":2,"name":"El TSJ frena un augment de l&#8217;edificabilitat a D\u00e9nia"}]},{"@type":"WebSite","@id":"https:\/\/canfali.com\/ca-es\/#website","url":"https:\/\/canfali.com\/ca-es\/","name":"Canfali","description":"","publisher":{"@id":"https:\/\/canfali.com\/ca-es\/#organization"},"potentialAction":[{"@type":"SearchAction","target":{"@type":"EntryPoint","urlTemplate":"https:\/\/canfali.com\/ca-es\/?s={search_term_string}"},"query-input":{"@type":"PropertyValueSpecification","valueRequired":true,"valueName":"search_term_string"}}],"inLanguage":"va-ES"},{"@type":"Organization","@id":"https:\/\/canfali.com\/ca-es\/#organization","name":"Canfali","url":"https:\/\/canfali.com\/ca-es\/","logo":{"@type":"ImageObject","inLanguage":"va-ES","@id":"https:\/\/canfali.com\/ca-es\/#\/schema\/logo\/image\/","url":"https:\/\/canfali.com\/app\/uploads\/2025\/12\/canfali_marina_alta_logo.png","contentUrl":"https:\/\/canfali.com\/app\/uploads\/2025\/12\/canfali_marina_alta_logo.png","width":225,"height":225,"caption":"Canfali"},"image":{"@id":"https:\/\/canfali.com\/ca-es\/#\/schema\/logo\/image\/"},"sameAs":["https:\/\/es-es.facebook.com\/CANFALIMarinaAlta","https:\/\/x.com\/canfalima","https:\/\/www.instagram.com\/canfalimarinaalta\/"]},{"@type":"Person","@id":"https:\/\/canfali.com\/ca-es\/#\/schema\/person\/9c651adc904f3c4e0243f54407751557","name":"Bolta","image":{"@type":"ImageObject","inLanguage":"va-ES","@id":"https:\/\/secure.gravatar.com\/avatar\/550a5d97fe3cfba5caf077b9600e46529e1977e9d14396836e775d6d9d895a81?s=96&d=mm&r=g","url":"https:\/\/secure.gravatar.com\/avatar\/550a5d97fe3cfba5caf077b9600e46529e1977e9d14396836e775d6d9d895a81?s=96&d=mm&r=g","contentUrl":"https:\/\/secure.gravatar.com\/avatar\/550a5d97fe3cfba5caf077b9600e46529e1977e9d14396836e775d6d9d895a81?s=96&d=mm&r=g","caption":"Bolta"},"url":"https:\/\/canfali.com\/ca-es\/author\/bolta\/"}]}},"_links":{"self":[{"href":"https:\/\/canfali.com\/ca-es\/wp-json\/wp\/v2\/posts\/71119","targetHints":{"allow":["GET"]}}],"collection":[{"href":"https:\/\/canfali.com\/ca-es\/wp-json\/wp\/v2\/posts"}],"about":[{"href":"https:\/\/canfali.com\/ca-es\/wp-json\/wp\/v2\/types\/post"}],"author":[{"embeddable":true,"href":"https:\/\/canfali.com\/ca-es\/wp-json\/wp\/v2\/users\/7"}],"replies":[{"embeddable":true,"href":"https:\/\/canfali.com\/ca-es\/wp-json\/wp\/v2\/comments?post=71119"}],"version-history":[{"count":1,"href":"https:\/\/canfali.com\/ca-es\/wp-json\/wp\/v2\/posts\/71119\/revisions"}],"predecessor-version":[{"id":71120,"href":"https:\/\/canfali.com\/ca-es\/wp-json\/wp\/v2\/posts\/71119\/revisions\/71120"}],"wp:featuredmedia":[{"embeddable":true,"href":"https:\/\/canfali.com\/ca-es\/wp-json\/wp\/v2\/media\/71116"}],"wp:attachment":[{"href":"https:\/\/canfali.com\/ca-es\/wp-json\/wp\/v2\/media?parent=71119"}],"wp:term":[{"taxonomy":"category","embeddable":true,"href":"https:\/\/canfali.com\/ca-es\/wp-json\/wp\/v2\/categories?post=71119"},{"taxonomy":"post_tag","embeddable":true,"href":"https:\/\/canfali.com\/ca-es\/wp-json\/wp\/v2\/tags?post=71119"}],"curies":[{"name":"wp","href":"https:\/\/api.w.org\/{rel}","templated":true}]}}