{"id":70798,"date":"2025-07-28T12:11:19","date_gmt":"2025-07-28T10:11:19","guid":{"rendered":"https:\/\/canfali.com\/la-piscina-de-calp-tancara-en-agost-per-obres\/"},"modified":"2025-07-28T12:12:51","modified_gmt":"2025-07-28T10:12:51","slug":"la-piscina-de-calp-tancara-en-agost-per-obres","status":"publish","type":"post","link":"https:\/\/canfali.com\/ca-es\/la-piscina-de-calp-tancara-en-agost-per-obres\/","title":{"rendered":"La piscina de Calp tancar\u00e0 en agost per obres"},"content":{"rendered":"\n<p><\/p>\n\n<p>Calp tanca la piscina municipal a l&#8217;agost per a dur a terme obres de millora en les instal\u00b7lacions<br\/><br\/>Calp (28\/07\/24). A partir del 2 d&#8217;agost la piscina municipal tancar\u00e0 les seues portes provisionalment per a dur a terme diverses obres de manteniment i millora en les instal\u00b7lacions. La piscina tornar\u00e0 a obrir l&#8217;1 de setembre amb classes i bany lliure, encara que els dies 28 i 29 d&#8217;agost la instal\u00b7laci\u00f3 obrir\u00e0 exclusivament per a la inscripci\u00f3 en els cursos de la nova temporada.<br\/>Durant el mes d&#8217;agost est\u00e0 previst dur a terme diverses obres en estes instal\u00b7lacions esportives, aix\u00ed es reparar\u00e0 la deshumectadora i es repararan 4 calderes de gasoil per a poder garantir el servici en cas de fallada de la caldera de biomassa. A m\u00e9s se substituiran quadres el\u00e8ctrics i es repararen la bombes de distribuci\u00f3. Tamb\u00e9 est\u00e0 prevista l&#8217;automatitzaci\u00f3 de tota la maquin\u00e0ria mitjan\u00e7ant PLC sistems, amb una aplicaci\u00f3 que permetr\u00e0 con\u00e9ixer en tot moment l&#8217;estat de la piscina.<br\/>Tots estos treballs compten amb una inversi\u00f3 de 78.484,77\u20ac i s\u00f3n les anunciades al mar\u00e7 de posada a punt de la piscina. S&#8217;ha retardat l&#8217;execuci\u00f3 definitiva fins ara ja que requerien el tancament de la piscina i agost \u00e9s el mes que menys afecta a l&#8217;activitat ordin\u00e0ria.<br\/><br\/>\u00a0<\/p>\n\n<p>D&#8217;altra banda, s&#8217;instal\u00b7lar\u00e0 un sistema fotovoltaic de 57,2 kW en la coberta, amb inversor que permetr\u00e0 ser autosuficient en cas de fallada del sistema el\u00e8ctric. T\u00e9 una inversi\u00f3 de 22.100\u20ac i ha sigut adjudicat a l&#8217;empresa Energies Renovables HG, d&#8217;Ondara. Este mes tamb\u00e9 s&#8217;instal\u00b7laran torns per al control autom\u00e0tic de l&#8217;acc\u00e9s amb una inversi\u00f3 de 16.100\u20ac<br\/><br\/><\/p>\n\n<p>Finalment, per mitj\u00e0 del contracte de manteniment, formalitzat fa un parell de mesos, se substituiran les plaques de la coberta amb floridura i a reparar tota la franja lateral d&#8217;aglomerat que est\u00e0 deteriorada. Tamb\u00e9 se substituir\u00e0 el s\u00f2l de l&#8217;entrada per epoxi i la porta de ferro d&#8217;acc\u00e9s a l&#8217;aparcament. Tot aix\u00f2 amb un cost de 18.500\u20ac.<br\/><br\/><\/p>\n\n<p>Ja al setembre, amb la piscina reoberta, es procedir\u00e0 a sanejar tota la fa\u00e7ana exterior i a netejar els cristalls. Tota esta actuaci\u00f3 permetr\u00e0 tindre la piscina completament renovada i a punt per a la seua reobertura l&#8217;1 de setembre.<\/p>\n","protected":false},"excerpt":{"rendered":"Calp tanca la piscina municipal a l&#8217;agost per a dur a terme obres de millora en les instal\u00b7lacions&hellip;","protected":false},"author":5,"featured_media":70796,"comment_status":"closed","ping_status":"closed","sticky":false,"template":"","format":"standard","meta":{"csco_display_header_overlay":false,"csco_singular_sidebar":"","csco_page_header_type":"","csco_page_load_nextpost":"","csco_post_video_location":[],"csco_post_video_location_hash":"","csco_post_video_url":"","csco_post_video_bg_start_time":0,"csco_post_video_bg_end_time":0,"footnotes":""},"categories":[614],"tags":[861,3448],"class_list":{"0":"post-70798","1":"post","2":"type-post","3":"status-publish","4":"format-standard","5":"has-post-thumbnail","7":"category-municipal-ca-es","8":"tag-ajuntament","9":"tag-piscina-ca-es","10":"cs-entry","11":"cs-video-wrap"},"yoast_head":"<!-- This site is optimized with the Yoast SEO Premium plugin v26.6 (Yoast SEO v27.3) - https:\/\/yoast.com\/product\/yoast-seo-premium-wordpress\/ -->\n<title>La piscina de Calp tancar\u00e0 en agost per obres - Canfali<\/title>\n<meta name=\"robots\" content=\"index, follow, max-snippet:-1, max-image-preview:large, max-video-preview:-1\" \/>\n<link rel=\"canonical\" href=\"https:\/\/canfali.com\/ca-es\/la-piscina-de-calp-tancara-en-agost-per-obres\/\" \/>\n<meta property=\"og:locale\" content=\"en_US\" \/>\n<meta property=\"og:type\" content=\"article\" \/>\n<meta property=\"og:title\" content=\"La piscina de Calp tancar\u00e0 en agost per obres\" \/>\n<meta property=\"og:description\" content=\"Calp tanca la piscina municipal a l&#8217;agost per a dur a terme obres de millora en les instal\u00b7lacions&hellip;\" \/>\n<meta property=\"og:url\" content=\"https:\/\/canfali.com\/ca-es\/la-piscina-de-calp-tancara-en-agost-per-obres\/\" \/>\n<meta property=\"og:site_name\" content=\"Canfali\" \/>\n<meta property=\"article:publisher\" content=\"https:\/\/es-es.facebook.com\/CANFALIMarinaAlta\" \/>\n<meta property=\"article:published_time\" content=\"2025-07-28T10:11:19+00:00\" \/>\n<meta property=\"article:modified_time\" content=\"2025-07-28T10:12:51+00:00\" \/>\n<meta property=\"og:image\" content=\"https:\/\/canfali.com\/app\/uploads\/2025\/07\/0T2A0633-7.jpg\" \/>\n\t<meta property=\"og:image:width\" content=\"1620\" \/>\n\t<meta property=\"og:image:height\" content=\"1080\" \/>\n\t<meta property=\"og:image:type\" content=\"image\/jpeg\" \/>\n<meta name=\"author\" content=\"D\u00eddac\" \/>\n<meta name=\"twitter:card\" content=\"summary_large_image\" \/>\n<meta name=\"twitter:creator\" content=\"@canfalima\" \/>\n<meta name=\"twitter:site\" content=\"@canfalima\" \/>\n<meta name=\"twitter:label1\" content=\"Written by\" \/>\n\t<meta name=\"twitter:data1\" content=\"D\u00eddac\" \/>\n\t<meta name=\"twitter:label2\" content=\"Est. reading time\" \/>\n\t<meta name=\"twitter:data2\" content=\"2 minutes\" \/>\n<script type=\"application\/ld+json\" class=\"yoast-schema-graph\">{\"@context\":\"https:\\\/\\\/schema.org\",\"@graph\":[{\"@type\":\"NewsArticle\",\"@id\":\"https:\\\/\\\/canfali.com\\\/ca-es\\\/la-piscina-de-calp-tancara-en-agost-per-obres\\\/#article\",\"isPartOf\":{\"@id\":\"https:\\\/\\\/canfali.com\\\/ca-es\\\/la-piscina-de-calp-tancara-en-agost-per-obres\\\/\"},\"author\":{\"name\":\"D\u00eddac\",\"@id\":\"https:\\\/\\\/canfali.com\\\/ca-es\\\/#\\\/schema\\\/person\\\/5211f51be1ed486a218e6a4f53355b6d\"},\"headline\":\"La piscina de Calp tancar\u00e0 en agost per obres\",\"datePublished\":\"2025-07-28T10:11:19+00:00\",\"dateModified\":\"2025-07-28T10:12:51+00:00\",\"mainEntityOfPage\":{\"@id\":\"https:\\\/\\\/canfali.com\\\/ca-es\\\/la-piscina-de-calp-tancara-en-agost-per-obres\\\/\"},\"wordCount\":399,\"publisher\":{\"@id\":\"https:\\\/\\\/canfali.com\\\/ca-es\\\/#organization\"},\"image\":{\"@id\":\"https:\\\/\\\/canfali.com\\\/ca-es\\\/la-piscina-de-calp-tancara-en-agost-per-obres\\\/#primaryimage\"},\"thumbnailUrl\":\"https:\\\/\\\/canfali.com\\\/app\\\/uploads\\\/2025\\\/07\\\/0T2A0633-7.jpg\",\"keywords\":[\"Ajuntament\",\"piscina\"],\"articleSection\":[\"Municipal\"],\"inLanguage\":\"va-ES\",\"copyrightYear\":\"2025\",\"copyrightHolder\":{\"@id\":\"https:\\\/\\\/canfali.com\\\/#organization\"}},{\"@type\":\"WebPage\",\"@id\":\"https:\\\/\\\/canfali.com\\\/ca-es\\\/la-piscina-de-calp-tancara-en-agost-per-obres\\\/\",\"url\":\"https:\\\/\\\/canfali.com\\\/ca-es\\\/la-piscina-de-calp-tancara-en-agost-per-obres\\\/\",\"name\":\"La piscina de Calp tancar\u00e0 en agost per obres - Canfali\",\"isPartOf\":{\"@id\":\"https:\\\/\\\/canfali.com\\\/ca-es\\\/#website\"},\"primaryImageOfPage\":{\"@id\":\"https:\\\/\\\/canfali.com\\\/ca-es\\\/la-piscina-de-calp-tancara-en-agost-per-obres\\\/#primaryimage\"},\"image\":{\"@id\":\"https:\\\/\\\/canfali.com\\\/ca-es\\\/la-piscina-de-calp-tancara-en-agost-per-obres\\\/#primaryimage\"},\"thumbnailUrl\":\"https:\\\/\\\/canfali.com\\\/app\\\/uploads\\\/2025\\\/07\\\/0T2A0633-7.jpg\",\"datePublished\":\"2025-07-28T10:11:19+00:00\",\"dateModified\":\"2025-07-28T10:12:51+00:00\",\"breadcrumb\":{\"@id\":\"https:\\\/\\\/canfali.com\\\/ca-es\\\/la-piscina-de-calp-tancara-en-agost-per-obres\\\/#breadcrumb\"},\"inLanguage\":\"va-ES\",\"potentialAction\":[{\"@type\":\"ReadAction\",\"target\":[\"https:\\\/\\\/canfali.com\\\/ca-es\\\/la-piscina-de-calp-tancara-en-agost-per-obres\\\/\"]}]},{\"@type\":\"ImageObject\",\"inLanguage\":\"va-ES\",\"@id\":\"https:\\\/\\\/canfali.com\\\/ca-es\\\/la-piscina-de-calp-tancara-en-agost-per-obres\\\/#primaryimage\",\"url\":\"https:\\\/\\\/canfali.com\\\/app\\\/uploads\\\/2025\\\/07\\\/0T2A0633-7.jpg\",\"contentUrl\":\"https:\\\/\\\/canfali.com\\\/app\\\/uploads\\\/2025\\\/07\\\/0T2A0633-7.jpg\",\"width\":1620,\"height\":1080},{\"@type\":\"BreadcrumbList\",\"@id\":\"https:\\\/\\\/canfali.com\\\/ca-es\\\/la-piscina-de-calp-tancara-en-agost-per-obres\\\/#breadcrumb\",\"itemListElement\":[{\"@type\":\"ListItem\",\"position\":1,\"name\":\"Portada\",\"item\":\"https:\\\/\\\/canfali.com\\\/ca-es\\\/\"},{\"@type\":\"ListItem\",\"position\":2,\"name\":\"La piscina de Calp tancar\u00e0 en agost per obres\"}]},{\"@type\":\"WebSite\",\"@id\":\"https:\\\/\\\/canfali.com\\\/ca-es\\\/#website\",\"url\":\"https:\\\/\\\/canfali.com\\\/ca-es\\\/\",\"name\":\"Canfali\",\"description\":\"\",\"publisher\":{\"@id\":\"https:\\\/\\\/canfali.com\\\/ca-es\\\/#organization\"},\"potentialAction\":[{\"@type\":\"SearchAction\",\"target\":{\"@type\":\"EntryPoint\",\"urlTemplate\":\"https:\\\/\\\/canfali.com\\\/ca-es\\\/?s={search_term_string}\"},\"query-input\":{\"@type\":\"PropertyValueSpecification\",\"valueRequired\":true,\"valueName\":\"search_term_string\"}}],\"inLanguage\":\"va-ES\"},{\"@type\":\"Organization\",\"@id\":\"https:\\\/\\\/canfali.com\\\/ca-es\\\/#organization\",\"name\":\"Canfali\",\"url\":\"https:\\\/\\\/canfali.com\\\/ca-es\\\/\",\"logo\":{\"@type\":\"ImageObject\",\"inLanguage\":\"va-ES\",\"@id\":\"https:\\\/\\\/canfali.com\\\/ca-es\\\/#\\\/schema\\\/logo\\\/image\\\/\",\"url\":\"https:\\\/\\\/canfali.com\\\/app\\\/uploads\\\/2025\\\/12\\\/canfali_marina_alta_logo.png\",\"contentUrl\":\"https:\\\/\\\/canfali.com\\\/app\\\/uploads\\\/2025\\\/12\\\/canfali_marina_alta_logo.png\",\"width\":225,\"height\":225,\"caption\":\"Canfali\"},\"image\":{\"@id\":\"https:\\\/\\\/canfali.com\\\/ca-es\\\/#\\\/schema\\\/logo\\\/image\\\/\"},\"sameAs\":[\"https:\\\/\\\/es-es.facebook.com\\\/CANFALIMarinaAlta\",\"https:\\\/\\\/x.com\\\/canfalima\",\"https:\\\/\\\/www.instagram.com\\\/canfalimarinaalta\\\/\"]},{\"@type\":\"Person\",\"@id\":\"https:\\\/\\\/canfali.com\\\/ca-es\\\/#\\\/schema\\\/person\\\/5211f51be1ed486a218e6a4f53355b6d\",\"name\":\"D\u00eddac\",\"image\":{\"@type\":\"ImageObject\",\"inLanguage\":\"va-ES\",\"@id\":\"https:\\\/\\\/secure.gravatar.com\\\/avatar\\\/a68a2078c12da8a6dd6cff4f3f3f69f7eb69a2d31ac1aac4da61c3761e4557f4?s=96&d=mm&r=g\",\"url\":\"https:\\\/\\\/secure.gravatar.com\\\/avatar\\\/a68a2078c12da8a6dd6cff4f3f3f69f7eb69a2d31ac1aac4da61c3761e4557f4?s=96&d=mm&r=g\",\"contentUrl\":\"https:\\\/\\\/secure.gravatar.com\\\/avatar\\\/a68a2078c12da8a6dd6cff4f3f3f69f7eb69a2d31ac1aac4da61c3761e4557f4?s=96&d=mm&r=g\",\"caption\":\"D\u00eddac\"},\"url\":\"https:\\\/\\\/canfali.com\\\/ca-es\\\/author\\\/didac\\\/\"}]}<\/script>\n<!-- \/ Yoast SEO Premium plugin. -->","yoast_head_json":{"title":"La piscina de Calp tancar\u00e0 en agost per obres - Canfali","robots":{"index":"index","follow":"follow","max-snippet":"max-snippet:-1","max-image-preview":"max-image-preview:large","max-video-preview":"max-video-preview:-1"},"canonical":"https:\/\/canfali.com\/ca-es\/la-piscina-de-calp-tancara-en-agost-per-obres\/","og_locale":"en_US","og_type":"article","og_title":"La piscina de Calp tancar\u00e0 en agost per obres","og_description":"Calp tanca la piscina municipal a l&#8217;agost per a dur a terme obres de millora en les instal\u00b7lacions&hellip;","og_url":"https:\/\/canfali.com\/ca-es\/la-piscina-de-calp-tancara-en-agost-per-obres\/","og_site_name":"Canfali","article_publisher":"https:\/\/es-es.facebook.com\/CANFALIMarinaAlta","article_published_time":"2025-07-28T10:11:19+00:00","article_modified_time":"2025-07-28T10:12:51+00:00","og_image":[{"width":1620,"height":1080,"url":"https:\/\/canfali.com\/app\/uploads\/2025\/07\/0T2A0633-7.jpg","type":"image\/jpeg"}],"author":"D\u00eddac","twitter_card":"summary_large_image","twitter_creator":"@canfalima","twitter_site":"@canfalima","twitter_misc":{"Written by":"D\u00eddac","Est. reading time":"2 minutes"},"schema":{"@context":"https:\/\/schema.org","@graph":[{"@type":"NewsArticle","@id":"https:\/\/canfali.com\/ca-es\/la-piscina-de-calp-tancara-en-agost-per-obres\/#article","isPartOf":{"@id":"https:\/\/canfali.com\/ca-es\/la-piscina-de-calp-tancara-en-agost-per-obres\/"},"author":{"name":"D\u00eddac","@id":"https:\/\/canfali.com\/ca-es\/#\/schema\/person\/5211f51be1ed486a218e6a4f53355b6d"},"headline":"La piscina de Calp tancar\u00e0 en agost per obres","datePublished":"2025-07-28T10:11:19+00:00","dateModified":"2025-07-28T10:12:51+00:00","mainEntityOfPage":{"@id":"https:\/\/canfali.com\/ca-es\/la-piscina-de-calp-tancara-en-agost-per-obres\/"},"wordCount":399,"publisher":{"@id":"https:\/\/canfali.com\/ca-es\/#organization"},"image":{"@id":"https:\/\/canfali.com\/ca-es\/la-piscina-de-calp-tancara-en-agost-per-obres\/#primaryimage"},"thumbnailUrl":"https:\/\/canfali.com\/app\/uploads\/2025\/07\/0T2A0633-7.jpg","keywords":["Ajuntament","piscina"],"articleSection":["Municipal"],"inLanguage":"va-ES","copyrightYear":"2025","copyrightHolder":{"@id":"https:\/\/canfali.com\/#organization"}},{"@type":"WebPage","@id":"https:\/\/canfali.com\/ca-es\/la-piscina-de-calp-tancara-en-agost-per-obres\/","url":"https:\/\/canfali.com\/ca-es\/la-piscina-de-calp-tancara-en-agost-per-obres\/","name":"La piscina de Calp tancar\u00e0 en agost per obres - Canfali","isPartOf":{"@id":"https:\/\/canfali.com\/ca-es\/#website"},"primaryImageOfPage":{"@id":"https:\/\/canfali.com\/ca-es\/la-piscina-de-calp-tancara-en-agost-per-obres\/#primaryimage"},"image":{"@id":"https:\/\/canfali.com\/ca-es\/la-piscina-de-calp-tancara-en-agost-per-obres\/#primaryimage"},"thumbnailUrl":"https:\/\/canfali.com\/app\/uploads\/2025\/07\/0T2A0633-7.jpg","datePublished":"2025-07-28T10:11:19+00:00","dateModified":"2025-07-28T10:12:51+00:00","breadcrumb":{"@id":"https:\/\/canfali.com\/ca-es\/la-piscina-de-calp-tancara-en-agost-per-obres\/#breadcrumb"},"inLanguage":"va-ES","potentialAction":[{"@type":"ReadAction","target":["https:\/\/canfali.com\/ca-es\/la-piscina-de-calp-tancara-en-agost-per-obres\/"]}]},{"@type":"ImageObject","inLanguage":"va-ES","@id":"https:\/\/canfali.com\/ca-es\/la-piscina-de-calp-tancara-en-agost-per-obres\/#primaryimage","url":"https:\/\/canfali.com\/app\/uploads\/2025\/07\/0T2A0633-7.jpg","contentUrl":"https:\/\/canfali.com\/app\/uploads\/2025\/07\/0T2A0633-7.jpg","width":1620,"height":1080},{"@type":"BreadcrumbList","@id":"https:\/\/canfali.com\/ca-es\/la-piscina-de-calp-tancara-en-agost-per-obres\/#breadcrumb","itemListElement":[{"@type":"ListItem","position":1,"name":"Portada","item":"https:\/\/canfali.com\/ca-es\/"},{"@type":"ListItem","position":2,"name":"La piscina de Calp tancar\u00e0 en agost per obres"}]},{"@type":"WebSite","@id":"https:\/\/canfali.com\/ca-es\/#website","url":"https:\/\/canfali.com\/ca-es\/","name":"Canfali","description":"","publisher":{"@id":"https:\/\/canfali.com\/ca-es\/#organization"},"potentialAction":[{"@type":"SearchAction","target":{"@type":"EntryPoint","urlTemplate":"https:\/\/canfali.com\/ca-es\/?s={search_term_string}"},"query-input":{"@type":"PropertyValueSpecification","valueRequired":true,"valueName":"search_term_string"}}],"inLanguage":"va-ES"},{"@type":"Organization","@id":"https:\/\/canfali.com\/ca-es\/#organization","name":"Canfali","url":"https:\/\/canfali.com\/ca-es\/","logo":{"@type":"ImageObject","inLanguage":"va-ES","@id":"https:\/\/canfali.com\/ca-es\/#\/schema\/logo\/image\/","url":"https:\/\/canfali.com\/app\/uploads\/2025\/12\/canfali_marina_alta_logo.png","contentUrl":"https:\/\/canfali.com\/app\/uploads\/2025\/12\/canfali_marina_alta_logo.png","width":225,"height":225,"caption":"Canfali"},"image":{"@id":"https:\/\/canfali.com\/ca-es\/#\/schema\/logo\/image\/"},"sameAs":["https:\/\/es-es.facebook.com\/CANFALIMarinaAlta","https:\/\/x.com\/canfalima","https:\/\/www.instagram.com\/canfalimarinaalta\/"]},{"@type":"Person","@id":"https:\/\/canfali.com\/ca-es\/#\/schema\/person\/5211f51be1ed486a218e6a4f53355b6d","name":"D\u00eddac","image":{"@type":"ImageObject","inLanguage":"va-ES","@id":"https:\/\/secure.gravatar.com\/avatar\/a68a2078c12da8a6dd6cff4f3f3f69f7eb69a2d31ac1aac4da61c3761e4557f4?s=96&d=mm&r=g","url":"https:\/\/secure.gravatar.com\/avatar\/a68a2078c12da8a6dd6cff4f3f3f69f7eb69a2d31ac1aac4da61c3761e4557f4?s=96&d=mm&r=g","contentUrl":"https:\/\/secure.gravatar.com\/avatar\/a68a2078c12da8a6dd6cff4f3f3f69f7eb69a2d31ac1aac4da61c3761e4557f4?s=96&d=mm&r=g","caption":"D\u00eddac"},"url":"https:\/\/canfali.com\/ca-es\/author\/didac\/"}]}},"_links":{"self":[{"href":"https:\/\/canfali.com\/ca-es\/wp-json\/wp\/v2\/posts\/70798","targetHints":{"allow":["GET"]}}],"collection":[{"href":"https:\/\/canfali.com\/ca-es\/wp-json\/wp\/v2\/posts"}],"about":[{"href":"https:\/\/canfali.com\/ca-es\/wp-json\/wp\/v2\/types\/post"}],"author":[{"embeddable":true,"href":"https:\/\/canfali.com\/ca-es\/wp-json\/wp\/v2\/users\/5"}],"replies":[{"embeddable":true,"href":"https:\/\/canfali.com\/ca-es\/wp-json\/wp\/v2\/comments?post=70798"}],"version-history":[{"count":1,"href":"https:\/\/canfali.com\/ca-es\/wp-json\/wp\/v2\/posts\/70798\/revisions"}],"predecessor-version":[{"id":70799,"href":"https:\/\/canfali.com\/ca-es\/wp-json\/wp\/v2\/posts\/70798\/revisions\/70799"}],"wp:featuredmedia":[{"embeddable":true,"href":"https:\/\/canfali.com\/ca-es\/wp-json\/wp\/v2\/media\/70796"}],"wp:attachment":[{"href":"https:\/\/canfali.com\/ca-es\/wp-json\/wp\/v2\/media?parent=70798"}],"wp:term":[{"taxonomy":"category","embeddable":true,"href":"https:\/\/canfali.com\/ca-es\/wp-json\/wp\/v2\/categories?post=70798"},{"taxonomy":"post_tag","embeddable":true,"href":"https:\/\/canfali.com\/ca-es\/wp-json\/wp\/v2\/tags?post=70798"}],"curies":[{"name":"wp","href":"https:\/\/api.w.org\/{rel}","templated":true}]}}