{"id":70685,"date":"2025-07-24T20:21:03","date_gmt":"2025-07-24T18:21:03","guid":{"rendered":"https:\/\/canfali.com\/?p=70685"},"modified":"2025-07-24T20:21:05","modified_gmt":"2025-07-24T18:21:05","slug":"el-comerc-de-pego-rasca-proximitat-i-personalitzacio","status":"publish","type":"post","link":"https:\/\/canfali.com\/ca-es\/el-comerc-de-pego-rasca-proximitat-i-personalitzacio\/","title":{"rendered":"El comer\u00e7 de Pego rasca proximitat i personalitzaci\u00f3"},"content":{"rendered":"\n<p><strong>La Regidoria de Promoci\u00f3 Econ\u00f3mica i Creama i \u00a0l\u2019associaci\u00f3 de comerciants posen en marxa una campanya per a repartir 1.000 obsequis promocionals<\/strong><\/p>\n\n\n\n<p>El regidor de Promoci\u00f3 Econ\u00f2mica i Creama, Ra\u00fal Tamarit, la t\u00e8cnica de Desenvolupament, Alicia Carbonell i la vicepresidente de l\u2019associaci\u00f3 Comer\u00e7 i Professionals de Pego han presentat la campanya promocional <em>El rasca i guanya de l\u2019estiu de Pego.<\/em><\/p>\n\n\n\n<p><em>&nbsp;&nbsp;&nbsp;&nbsp;&nbsp;&nbsp; <\/em>La iniciativa, segons han explicat, preveu repartir un miler d\u2019obsequis com para-sols, altaveus inal\u00e0mbrics, fundes d\u2019ulleres, motxilles, pales de platja amb jocs afegits, borses de compra o botellers port\u00e0tils a la clientela entre les 12.000 paperetes que seran distribu\u00efdes del 1 al 31 d\u2019agost pels cinquanta-un establiments adscrits a ra\u00f3 d\u2019un m\u00ednim de 20 euros de compra. En concret, ho faran \u2060Babaanca, \u2060Capritx,\u2060 \u2060Nou Estil, \u2060Pedr\u00f3s assessors, \u2060\u2060la Placeta Bistro Pizza, \u2060Habitat Pego, \u2060Shaddai, \u2060Tot en Mobles, \u2060Tot cuina, \u2060Hoy Pizza, \u2060Sai Ingenier\u00eda, Llibreria papereria Isabel, Terra Viatges, Lenceria Maria, Bobey, \u2060\u2060\u00d2ptica Pego, La cuina de Xarito, \u2060\u2060Fil a Fil, Sunsioneta Inform\u00e0tica, Publicitat Les Valls, Electropons, Tramuntanet, Gr\u00e0fiques Cuquerella, Manolo fot\u00f3grafo, Milar Climent-Vidal, \u2060Coopego, \u2060Cl\u00ednica Ortol\u00e0 Siscar, Mascarell joiers, Angels boutique, Darrere de tu, Las Olas, Moda MM, Minimenuts, \u2060Naturanimals, Gent d\u2019ac\u00ed, 36. Joieria La pla\u00e7a, Xics, Nexo, El Sauri d\u2019Or, \u2060Pepa Gonz\u00e1lez, Flors \u2060Mandr\u00e0gora, \u2060Al Natural herborister\u00edas, La Rous Productions, Congelats Daimus, New House Project, &nbsp;Florister\u00eda el Baladre, Arial, \u2060Atleet, Das -Ding\/Saga\u00f1es, El raconet de la Potingues i \u2060Guillermo Miralles.<\/p>\n\n\n\n<figure class=\"wp-block-image size-large\"><img fetchpriority=\"high\" decoding=\"async\" width=\"1024\" height=\"809\" src=\"https:\/\/canfali.com\/app\/uploads\/2025\/07\/rascaiguanya-digi2-1024x809.jpg\" alt=\"\" class=\"wp-image-70688\" srcset=\"https:\/\/canfali.com\/app\/uploads\/2025\/07\/rascaiguanya-digi2-1024x809.jpg 1024w, https:\/\/canfali.com\/app\/uploads\/2025\/07\/rascaiguanya-digi2-300x237.jpg 300w, https:\/\/canfali.com\/app\/uploads\/2025\/07\/rascaiguanya-digi2-768x607.jpg 768w, https:\/\/canfali.com\/app\/uploads\/2025\/07\/rascaiguanya-digi2-1536x1213.jpg 1536w, https:\/\/canfali.com\/app\/uploads\/2025\/07\/rascaiguanya-digi2.jpg 1817w\" sizes=\"(max-width: 1024px) 100vw, 1024px\" \/><\/figure>\n\n\n\n<p>DE L\u20191 AL 31 D\u2019AGOST<\/p>\n\n\n\n<p>&nbsp;&nbsp;&nbsp;&nbsp;&nbsp;&nbsp; Tots ells, segons la t\u00e8cnica, s\u00f3n la millor prova de la diversitat del sector comercial pegol\u00ed en productes i serveis i de la necessitat de la seua dinamitzaci\u00f3.<\/p>\n\n\n\n<p>\u201cAquesta acci\u00f3 va destinada a que el comer\u00e7 local resulte atractiu durant els mes d\u2019agost on la gent est\u00e0 estiuejant al mar i o a la muntanya per tal de recompensar la fidelitat de clientela\u201d ha justificat Tamarit per a especificat que aquesta segona campanya de desestacionalitzaci\u00f3 ha estat possible mitjan\u00e7ant el suport financer de la Conselleria d\u2019Innovaci\u00f3, Industria i Turisme de la Generalitat a l\u2019Ajuntament i a la Uni\u00f3 Gremial on s\u2019integra el col\u00b7lectiu de comerciants.<\/p>\n\n\n\n<p>Per la seua banda, Pastor ha remarcat que els articles del rasca i guanya d\u2019aquesta segona edici\u00f3 porten el segell de <em>Comprat a Pego, el cor de la Marina<\/em>, per tal d\u2019unificar els logos amb els de la campanya promocional de primavera. Campanya que, desenvolupada sota el lema <em>Passeja pel mon l\u2019orgull de comprar a Pego <\/em>segons ha afirmat, \u201cestem molt contents de que haja fomentar el sentit d\u2019identitat que suposa ser del nostre poble, de fet ha resultat molt emocionant que els pegolins i pegolines que vivint tan lluny han contactat amb el personal de l\u2019oficina del CREAMA o l\u2019associaci\u00f3 per tal de que els enviarem la bossa, a banda que aquesta ha estat emportada pels viatgers a destins que van des de Nova York a Australia, i aix\u00ed es pot constatar amb les fotos que han penjat junt als llocs m\u00e9s emblem\u00e0tics de cada pa\u00eds a les xarxes socials de l\u2019Ajuntament i Comer\u00e7 de Pego\u201d.<\/p>\n\n\n\n<p>CONJUGAR QUALITAT I SOSTENIBILITAT<\/p>\n\n\n\n<p>Aquesta consideraci\u00f3 ha estat compartida per la t\u00e8cnica ADL per a posar de relleu que han fet primer la qualitat que dels obsequis front a la quantitat per a que reuniren les caracter\u00edstiques de conjugar el que foren did\u00e0ctics amb la comoditat i la sostenibilitat. Per a Carbonell \u201cel que es pret\u00e9n amb aquesta campanya es millorar el tr\u00e0nsit de clients i vendes, l\u2019optimitzaci\u00f3 de la visibilitat comercial i foment de la participaci\u00f3 en una acci\u00f3 conjunta que genere un impacte unitari local\u201d.<\/p>\n\n\n\n<p>Aix\u00ed mateix, ha incidit en que el premi estrela que suposa un cap de setmana d\u2019allotjament a un hotel per a dos persones.<\/p>\n\n\n\n<p>Finalment, tant el regidor com la portaveu dels comerciants pegolins ha subratllat la necessitat d\u2019aprofundir en la promoci\u00f3 del sector en Pego davant de l\u2019augment del turisme que despr\u00e9s de molt d\u2019esfor\u00e7 han aconseguit l\u2019Ajuntament i l\u2019associaci\u00f3 per tal de satisfer la demanda d\u2019eixa potencial nova clientela.<\/p>\n","protected":false},"excerpt":{"rendered":"La Regidoria de Promoci\u00f3 Econ\u00f3mica i Creama i \u00a0l\u2019associaci\u00f3 de comerciants posen en marxa una campanya per a&hellip;","protected":false},"author":4,"featured_media":70686,"comment_status":"closed","ping_status":"closed","sticky":false,"template":"","format":"standard","meta":{"csco_display_header_overlay":false,"csco_singular_sidebar":"","csco_page_header_type":"","csco_page_load_nextpost":"","csco_post_video_location":[],"csco_post_video_location_hash":"","csco_post_video_url":"","csco_post_video_bg_start_time":0,"csco_post_video_bg_end_time":0,"footnotes":""},"categories":[607],"tags":[1142,1144,811,2139,642,3157],"class_list":{"0":"post-70685","1":"post","2":"type-post","3":"status-publish","4":"format-standard","5":"has-post-thumbnail","7":"category-economia-i-empreses","8":"tag-campanya","9":"tag-comerc","10":"tag-creama-ca-es","11":"tag-estiu","12":"tag-pego-2","13":"tag-promocio-economica","14":"cs-entry","15":"cs-video-wrap"},"yoast_head":"<!-- This site is optimized with the Yoast SEO Premium plugin v26.6 (Yoast SEO v27.3) - https:\/\/yoast.com\/product\/yoast-seo-premium-wordpress\/ -->\n<title>El comer\u00e7 de Pego rasca proximitat i personalitzaci\u00f3 - Canfali<\/title>\n<meta name=\"robots\" content=\"index, follow, max-snippet:-1, max-image-preview:large, max-video-preview:-1\" \/>\n<link rel=\"canonical\" href=\"https:\/\/canfali.com\/ca-es\/el-comerc-de-pego-rasca-proximitat-i-personalitzacio\/\" \/>\n<meta property=\"og:locale\" content=\"en_US\" \/>\n<meta property=\"og:type\" content=\"article\" \/>\n<meta property=\"og:title\" content=\"El comer\u00e7 de Pego rasca proximitat i personalitzaci\u00f3\" \/>\n<meta property=\"og:description\" content=\"La Regidoria de Promoci\u00f3 Econ\u00f3mica i Creama i \u00a0l\u2019associaci\u00f3 de comerciants posen en marxa una campanya per a&hellip;\" \/>\n<meta property=\"og:url\" content=\"https:\/\/canfali.com\/ca-es\/el-comerc-de-pego-rasca-proximitat-i-personalitzacio\/\" \/>\n<meta property=\"og:site_name\" content=\"Canfali\" \/>\n<meta property=\"article:publisher\" content=\"https:\/\/es-es.facebook.com\/CANFALIMarinaAlta\" \/>\n<meta property=\"article:published_time\" content=\"2025-07-24T18:21:03+00:00\" \/>\n<meta property=\"article:modified_time\" content=\"2025-07-24T18:21:05+00:00\" \/>\n<meta property=\"og:image\" content=\"https:\/\/canfali.com\/app\/uploads\/2025\/07\/rascaiguanya-digi1.jpg\" \/>\n\t<meta property=\"og:image:width\" content=\"2256\" \/>\n\t<meta property=\"og:image:height\" content=\"1496\" \/>\n\t<meta property=\"og:image:type\" content=\"image\/jpeg\" \/>\n<meta name=\"author\" content=\"JJ Mas\" \/>\n<meta name=\"twitter:card\" content=\"summary_large_image\" \/>\n<meta name=\"twitter:creator\" content=\"@canfalima\" \/>\n<meta name=\"twitter:site\" content=\"@canfalima\" \/>\n<meta name=\"twitter:label1\" content=\"Written by\" \/>\n\t<meta name=\"twitter:data1\" content=\"JJ Mas\" \/>\n\t<meta name=\"twitter:label2\" content=\"Est. reading time\" \/>\n\t<meta name=\"twitter:data2\" content=\"4 minutes\" \/>\n<script type=\"application\/ld+json\" class=\"yoast-schema-graph\">{\"@context\":\"https:\\\/\\\/schema.org\",\"@graph\":[{\"@type\":\"NewsArticle\",\"@id\":\"https:\\\/\\\/canfali.com\\\/ca-es\\\/el-comerc-de-pego-rasca-proximitat-i-personalitzacio\\\/#article\",\"isPartOf\":{\"@id\":\"https:\\\/\\\/canfali.com\\\/ca-es\\\/el-comerc-de-pego-rasca-proximitat-i-personalitzacio\\\/\"},\"author\":{\"name\":\"JJ Mas\",\"@id\":\"https:\\\/\\\/canfali.com\\\/ca-es\\\/#\\\/schema\\\/person\\\/d834d2d4df17cac754d3c314d4c404ef\"},\"headline\":\"El comer\u00e7 de Pego rasca proximitat i personalitzaci\u00f3\",\"datePublished\":\"2025-07-24T18:21:03+00:00\",\"dateModified\":\"2025-07-24T18:21:05+00:00\",\"mainEntityOfPage\":{\"@id\":\"https:\\\/\\\/canfali.com\\\/ca-es\\\/el-comerc-de-pego-rasca-proximitat-i-personalitzacio\\\/\"},\"wordCount\":732,\"publisher\":{\"@id\":\"https:\\\/\\\/canfali.com\\\/ca-es\\\/#organization\"},\"image\":{\"@id\":\"https:\\\/\\\/canfali.com\\\/ca-es\\\/el-comerc-de-pego-rasca-proximitat-i-personalitzacio\\\/#primaryimage\"},\"thumbnailUrl\":\"https:\\\/\\\/canfali.com\\\/app\\\/uploads\\\/2025\\\/07\\\/rascaiguanya-digi1.jpg\",\"keywords\":[\"campanya\",\"comer\u00e7\",\"Creama\",\"estiu\",\"Pego\",\"Promoci\u00f3 Econ\u00f2mica\"],\"articleSection\":[\"Economia i Empreses\"],\"inLanguage\":\"va-ES\",\"copyrightYear\":\"2025\",\"copyrightHolder\":{\"@id\":\"https:\\\/\\\/canfali.com\\\/#organization\"}},{\"@type\":\"WebPage\",\"@id\":\"https:\\\/\\\/canfali.com\\\/ca-es\\\/el-comerc-de-pego-rasca-proximitat-i-personalitzacio\\\/\",\"url\":\"https:\\\/\\\/canfali.com\\\/ca-es\\\/el-comerc-de-pego-rasca-proximitat-i-personalitzacio\\\/\",\"name\":\"El comer\u00e7 de Pego rasca proximitat i personalitzaci\u00f3 - Canfali\",\"isPartOf\":{\"@id\":\"https:\\\/\\\/canfali.com\\\/ca-es\\\/#website\"},\"primaryImageOfPage\":{\"@id\":\"https:\\\/\\\/canfali.com\\\/ca-es\\\/el-comerc-de-pego-rasca-proximitat-i-personalitzacio\\\/#primaryimage\"},\"image\":{\"@id\":\"https:\\\/\\\/canfali.com\\\/ca-es\\\/el-comerc-de-pego-rasca-proximitat-i-personalitzacio\\\/#primaryimage\"},\"thumbnailUrl\":\"https:\\\/\\\/canfali.com\\\/app\\\/uploads\\\/2025\\\/07\\\/rascaiguanya-digi1.jpg\",\"datePublished\":\"2025-07-24T18:21:03+00:00\",\"dateModified\":\"2025-07-24T18:21:05+00:00\",\"breadcrumb\":{\"@id\":\"https:\\\/\\\/canfali.com\\\/ca-es\\\/el-comerc-de-pego-rasca-proximitat-i-personalitzacio\\\/#breadcrumb\"},\"inLanguage\":\"va-ES\",\"potentialAction\":[{\"@type\":\"ReadAction\",\"target\":[\"https:\\\/\\\/canfali.com\\\/ca-es\\\/el-comerc-de-pego-rasca-proximitat-i-personalitzacio\\\/\"]}]},{\"@type\":\"ImageObject\",\"inLanguage\":\"va-ES\",\"@id\":\"https:\\\/\\\/canfali.com\\\/ca-es\\\/el-comerc-de-pego-rasca-proximitat-i-personalitzacio\\\/#primaryimage\",\"url\":\"https:\\\/\\\/canfali.com\\\/app\\\/uploads\\\/2025\\\/07\\\/rascaiguanya-digi1.jpg\",\"contentUrl\":\"https:\\\/\\\/canfali.com\\\/app\\\/uploads\\\/2025\\\/07\\\/rascaiguanya-digi1.jpg\",\"width\":2256,\"height\":1496},{\"@type\":\"BreadcrumbList\",\"@id\":\"https:\\\/\\\/canfali.com\\\/ca-es\\\/el-comerc-de-pego-rasca-proximitat-i-personalitzacio\\\/#breadcrumb\",\"itemListElement\":[{\"@type\":\"ListItem\",\"position\":1,\"name\":\"Portada\",\"item\":\"https:\\\/\\\/canfali.com\\\/ca-es\\\/\"},{\"@type\":\"ListItem\",\"position\":2,\"name\":\"El comer\u00e7 de Pego rasca proximitat i personalitzaci\u00f3\"}]},{\"@type\":\"WebSite\",\"@id\":\"https:\\\/\\\/canfali.com\\\/ca-es\\\/#website\",\"url\":\"https:\\\/\\\/canfali.com\\\/ca-es\\\/\",\"name\":\"Canfali\",\"description\":\"\",\"publisher\":{\"@id\":\"https:\\\/\\\/canfali.com\\\/ca-es\\\/#organization\"},\"potentialAction\":[{\"@type\":\"SearchAction\",\"target\":{\"@type\":\"EntryPoint\",\"urlTemplate\":\"https:\\\/\\\/canfali.com\\\/ca-es\\\/?s={search_term_string}\"},\"query-input\":{\"@type\":\"PropertyValueSpecification\",\"valueRequired\":true,\"valueName\":\"search_term_string\"}}],\"inLanguage\":\"va-ES\"},{\"@type\":\"Organization\",\"@id\":\"https:\\\/\\\/canfali.com\\\/ca-es\\\/#organization\",\"name\":\"Canfali\",\"url\":\"https:\\\/\\\/canfali.com\\\/ca-es\\\/\",\"logo\":{\"@type\":\"ImageObject\",\"inLanguage\":\"va-ES\",\"@id\":\"https:\\\/\\\/canfali.com\\\/ca-es\\\/#\\\/schema\\\/logo\\\/image\\\/\",\"url\":\"https:\\\/\\\/canfali.com\\\/app\\\/uploads\\\/2025\\\/12\\\/canfali_marina_alta_logo.png\",\"contentUrl\":\"https:\\\/\\\/canfali.com\\\/app\\\/uploads\\\/2025\\\/12\\\/canfali_marina_alta_logo.png\",\"width\":225,\"height\":225,\"caption\":\"Canfali\"},\"image\":{\"@id\":\"https:\\\/\\\/canfali.com\\\/ca-es\\\/#\\\/schema\\\/logo\\\/image\\\/\"},\"sameAs\":[\"https:\\\/\\\/es-es.facebook.com\\\/CANFALIMarinaAlta\",\"https:\\\/\\\/x.com\\\/canfalima\",\"https:\\\/\\\/www.instagram.com\\\/canfalimarinaalta\\\/\"]},{\"@type\":\"Person\",\"@id\":\"https:\\\/\\\/canfali.com\\\/ca-es\\\/#\\\/schema\\\/person\\\/d834d2d4df17cac754d3c314d4c404ef\",\"name\":\"JJ Mas\",\"image\":{\"@type\":\"ImageObject\",\"inLanguage\":\"va-ES\",\"@id\":\"https:\\\/\\\/secure.gravatar.com\\\/avatar\\\/65a5191f5438bf88c2394f6d1a625a6ff903c8785268e603c623a83bc15ba1ee?s=96&d=mm&r=g\",\"url\":\"https:\\\/\\\/secure.gravatar.com\\\/avatar\\\/65a5191f5438bf88c2394f6d1a625a6ff903c8785268e603c623a83bc15ba1ee?s=96&d=mm&r=g\",\"contentUrl\":\"https:\\\/\\\/secure.gravatar.com\\\/avatar\\\/65a5191f5438bf88c2394f6d1a625a6ff903c8785268e603c623a83bc15ba1ee?s=96&d=mm&r=g\",\"caption\":\"JJ Mas\"},\"url\":\"https:\\\/\\\/canfali.com\\\/ca-es\\\/author\\\/jj\\\/\"}]}<\/script>\n<!-- \/ Yoast SEO Premium plugin. -->","yoast_head_json":{"title":"El comer\u00e7 de Pego rasca proximitat i personalitzaci\u00f3 - Canfali","robots":{"index":"index","follow":"follow","max-snippet":"max-snippet:-1","max-image-preview":"max-image-preview:large","max-video-preview":"max-video-preview:-1"},"canonical":"https:\/\/canfali.com\/ca-es\/el-comerc-de-pego-rasca-proximitat-i-personalitzacio\/","og_locale":"en_US","og_type":"article","og_title":"El comer\u00e7 de Pego rasca proximitat i personalitzaci\u00f3","og_description":"La Regidoria de Promoci\u00f3 Econ\u00f3mica i Creama i \u00a0l\u2019associaci\u00f3 de comerciants posen en marxa una campanya per a&hellip;","og_url":"https:\/\/canfali.com\/ca-es\/el-comerc-de-pego-rasca-proximitat-i-personalitzacio\/","og_site_name":"Canfali","article_publisher":"https:\/\/es-es.facebook.com\/CANFALIMarinaAlta","article_published_time":"2025-07-24T18:21:03+00:00","article_modified_time":"2025-07-24T18:21:05+00:00","og_image":[{"width":2256,"height":1496,"url":"https:\/\/canfali.com\/app\/uploads\/2025\/07\/rascaiguanya-digi1.jpg","type":"image\/jpeg"}],"author":"JJ Mas","twitter_card":"summary_large_image","twitter_creator":"@canfalima","twitter_site":"@canfalima","twitter_misc":{"Written by":"JJ Mas","Est. reading time":"4 minutes"},"schema":{"@context":"https:\/\/schema.org","@graph":[{"@type":"NewsArticle","@id":"https:\/\/canfali.com\/ca-es\/el-comerc-de-pego-rasca-proximitat-i-personalitzacio\/#article","isPartOf":{"@id":"https:\/\/canfali.com\/ca-es\/el-comerc-de-pego-rasca-proximitat-i-personalitzacio\/"},"author":{"name":"JJ Mas","@id":"https:\/\/canfali.com\/ca-es\/#\/schema\/person\/d834d2d4df17cac754d3c314d4c404ef"},"headline":"El comer\u00e7 de Pego rasca proximitat i personalitzaci\u00f3","datePublished":"2025-07-24T18:21:03+00:00","dateModified":"2025-07-24T18:21:05+00:00","mainEntityOfPage":{"@id":"https:\/\/canfali.com\/ca-es\/el-comerc-de-pego-rasca-proximitat-i-personalitzacio\/"},"wordCount":732,"publisher":{"@id":"https:\/\/canfali.com\/ca-es\/#organization"},"image":{"@id":"https:\/\/canfali.com\/ca-es\/el-comerc-de-pego-rasca-proximitat-i-personalitzacio\/#primaryimage"},"thumbnailUrl":"https:\/\/canfali.com\/app\/uploads\/2025\/07\/rascaiguanya-digi1.jpg","keywords":["campanya","comer\u00e7","Creama","estiu","Pego","Promoci\u00f3 Econ\u00f2mica"],"articleSection":["Economia i Empreses"],"inLanguage":"va-ES","copyrightYear":"2025","copyrightHolder":{"@id":"https:\/\/canfali.com\/#organization"}},{"@type":"WebPage","@id":"https:\/\/canfali.com\/ca-es\/el-comerc-de-pego-rasca-proximitat-i-personalitzacio\/","url":"https:\/\/canfali.com\/ca-es\/el-comerc-de-pego-rasca-proximitat-i-personalitzacio\/","name":"El comer\u00e7 de Pego rasca proximitat i personalitzaci\u00f3 - Canfali","isPartOf":{"@id":"https:\/\/canfali.com\/ca-es\/#website"},"primaryImageOfPage":{"@id":"https:\/\/canfali.com\/ca-es\/el-comerc-de-pego-rasca-proximitat-i-personalitzacio\/#primaryimage"},"image":{"@id":"https:\/\/canfali.com\/ca-es\/el-comerc-de-pego-rasca-proximitat-i-personalitzacio\/#primaryimage"},"thumbnailUrl":"https:\/\/canfali.com\/app\/uploads\/2025\/07\/rascaiguanya-digi1.jpg","datePublished":"2025-07-24T18:21:03+00:00","dateModified":"2025-07-24T18:21:05+00:00","breadcrumb":{"@id":"https:\/\/canfali.com\/ca-es\/el-comerc-de-pego-rasca-proximitat-i-personalitzacio\/#breadcrumb"},"inLanguage":"va-ES","potentialAction":[{"@type":"ReadAction","target":["https:\/\/canfali.com\/ca-es\/el-comerc-de-pego-rasca-proximitat-i-personalitzacio\/"]}]},{"@type":"ImageObject","inLanguage":"va-ES","@id":"https:\/\/canfali.com\/ca-es\/el-comerc-de-pego-rasca-proximitat-i-personalitzacio\/#primaryimage","url":"https:\/\/canfali.com\/app\/uploads\/2025\/07\/rascaiguanya-digi1.jpg","contentUrl":"https:\/\/canfali.com\/app\/uploads\/2025\/07\/rascaiguanya-digi1.jpg","width":2256,"height":1496},{"@type":"BreadcrumbList","@id":"https:\/\/canfali.com\/ca-es\/el-comerc-de-pego-rasca-proximitat-i-personalitzacio\/#breadcrumb","itemListElement":[{"@type":"ListItem","position":1,"name":"Portada","item":"https:\/\/canfali.com\/ca-es\/"},{"@type":"ListItem","position":2,"name":"El comer\u00e7 de Pego rasca proximitat i personalitzaci\u00f3"}]},{"@type":"WebSite","@id":"https:\/\/canfali.com\/ca-es\/#website","url":"https:\/\/canfali.com\/ca-es\/","name":"Canfali","description":"","publisher":{"@id":"https:\/\/canfali.com\/ca-es\/#organization"},"potentialAction":[{"@type":"SearchAction","target":{"@type":"EntryPoint","urlTemplate":"https:\/\/canfali.com\/ca-es\/?s={search_term_string}"},"query-input":{"@type":"PropertyValueSpecification","valueRequired":true,"valueName":"search_term_string"}}],"inLanguage":"va-ES"},{"@type":"Organization","@id":"https:\/\/canfali.com\/ca-es\/#organization","name":"Canfali","url":"https:\/\/canfali.com\/ca-es\/","logo":{"@type":"ImageObject","inLanguage":"va-ES","@id":"https:\/\/canfali.com\/ca-es\/#\/schema\/logo\/image\/","url":"https:\/\/canfali.com\/app\/uploads\/2025\/12\/canfali_marina_alta_logo.png","contentUrl":"https:\/\/canfali.com\/app\/uploads\/2025\/12\/canfali_marina_alta_logo.png","width":225,"height":225,"caption":"Canfali"},"image":{"@id":"https:\/\/canfali.com\/ca-es\/#\/schema\/logo\/image\/"},"sameAs":["https:\/\/es-es.facebook.com\/CANFALIMarinaAlta","https:\/\/x.com\/canfalima","https:\/\/www.instagram.com\/canfalimarinaalta\/"]},{"@type":"Person","@id":"https:\/\/canfali.com\/ca-es\/#\/schema\/person\/d834d2d4df17cac754d3c314d4c404ef","name":"JJ Mas","image":{"@type":"ImageObject","inLanguage":"va-ES","@id":"https:\/\/secure.gravatar.com\/avatar\/65a5191f5438bf88c2394f6d1a625a6ff903c8785268e603c623a83bc15ba1ee?s=96&d=mm&r=g","url":"https:\/\/secure.gravatar.com\/avatar\/65a5191f5438bf88c2394f6d1a625a6ff903c8785268e603c623a83bc15ba1ee?s=96&d=mm&r=g","contentUrl":"https:\/\/secure.gravatar.com\/avatar\/65a5191f5438bf88c2394f6d1a625a6ff903c8785268e603c623a83bc15ba1ee?s=96&d=mm&r=g","caption":"JJ Mas"},"url":"https:\/\/canfali.com\/ca-es\/author\/jj\/"}]}},"_links":{"self":[{"href":"https:\/\/canfali.com\/ca-es\/wp-json\/wp\/v2\/posts\/70685","targetHints":{"allow":["GET"]}}],"collection":[{"href":"https:\/\/canfali.com\/ca-es\/wp-json\/wp\/v2\/posts"}],"about":[{"href":"https:\/\/canfali.com\/ca-es\/wp-json\/wp\/v2\/types\/post"}],"author":[{"embeddable":true,"href":"https:\/\/canfali.com\/ca-es\/wp-json\/wp\/v2\/users\/4"}],"replies":[{"embeddable":true,"href":"https:\/\/canfali.com\/ca-es\/wp-json\/wp\/v2\/comments?post=70685"}],"version-history":[{"count":1,"href":"https:\/\/canfali.com\/ca-es\/wp-json\/wp\/v2\/posts\/70685\/revisions"}],"predecessor-version":[{"id":70690,"href":"https:\/\/canfali.com\/ca-es\/wp-json\/wp\/v2\/posts\/70685\/revisions\/70690"}],"wp:featuredmedia":[{"embeddable":true,"href":"https:\/\/canfali.com\/ca-es\/wp-json\/wp\/v2\/media\/70686"}],"wp:attachment":[{"href":"https:\/\/canfali.com\/ca-es\/wp-json\/wp\/v2\/media?parent=70685"}],"wp:term":[{"taxonomy":"category","embeddable":true,"href":"https:\/\/canfali.com\/ca-es\/wp-json\/wp\/v2\/categories?post=70685"},{"taxonomy":"post_tag","embeddable":true,"href":"https:\/\/canfali.com\/ca-es\/wp-json\/wp\/v2\/tags?post=70685"}],"curies":[{"name":"wp","href":"https:\/\/api.w.org\/{rel}","templated":true}]}}