{"id":70502,"date":"2025-07-22T10:57:03","date_gmt":"2025-07-22T08:57:03","guid":{"rendered":"https:\/\/canfali.com\/dos-detinguts-per-robar-en-vehicules-en-les-platges\/"},"modified":"2025-07-22T13:05:37","modified_gmt":"2025-07-22T11:05:37","slug":"dos-detinguts-per-robar-en-vehicules-en-les-platges","status":"publish","type":"post","link":"https:\/\/canfali.com\/ca-es\/dos-detinguts-per-robar-en-vehicules-en-les-platges\/","title":{"rendered":"Dos detinguts per robar en veh\u00edcules en les platges"},"content":{"rendered":"\n<p><\/p>\n\n<blockquote class=\"wp-block-quote is-layout-flow wp-block-quote-is-layout-flow\">\n<p>Eren reclamats a Fran\u00e7a per delictes grus, com el d&#8217;homicidi i de fugida de la pres\u00f3<\/p>\n<\/blockquote>\n\n<p>La Gu\u00e0rdia Civil ha detingut a Calp a dos persones per una desena de robatoris comesos en vehicles aparcats en les platges de la Marina Alta. Els detinguts, reclamats a Fran\u00e7a per diversos delictes greus -entre ells els d&#8217;homicidi i fugida de pres\u00f3- aprofitaven que els propietaris es trobaven a la platja per a for\u00e7ar finestres i sostreure objectes de valor. Els agents han intervingut gran quantitat de diners, material fotogr\u00e0fic i eines utilitzades en els robatoris.<br\/><br\/><br\/><br\/><br\/><br\/><br\/><\/p>\n\n<p><br\/>Els robatoris es van cometre principalment a Calp, Moraira i X\u00e0bia. El modus operandi, segons ha informat la Gu\u00e0rdia Civil, era el seg\u00fcent: els autors es despla\u00e7aven fins als voltants de platges molt concorregudes, localitzaven vehicles estacionats en aparcaments de terra sense vigilar i, despr\u00e9s d&#8217;assegurar-se que els propietaris no eren presents, for\u00e7aven portes o finestres per a accedir a l&#8217;interior. Sostreien efectes de valor, especialment joies, diners o dispositius electr\u00f2nics<br\/><br\/><\/p>\n\n<figure class=\"wp-block-gallery has-nested-images columns-default is-cropped wp-block-gallery-15 is-layout-flex wp-block-gallery-is-layout-flex\">\n<figure class=\"wp-block-image size-large\"><img fetchpriority=\"high\" decoding=\"async\" width=\"960\" height=\"720\" data-id=\"70466\" src=\"https:\/\/canfali.com\/app\/uploads\/2025\/07\/objetos-y-dinero.jpg\" alt=\"\" class=\"wp-image-70466\" srcset=\"https:\/\/canfali.com\/app\/uploads\/2025\/07\/objetos-y-dinero.jpg 960w, https:\/\/canfali.com\/app\/uploads\/2025\/07\/objetos-y-dinero-300x225.jpg 300w, https:\/\/canfali.com\/app\/uploads\/2025\/07\/objetos-y-dinero-768x576.jpg 768w\" sizes=\"(max-width: 960px) 100vw, 960px\" \/><\/figure>\n<\/figure>\n\n<p>La recerca, iniciada per l&#8217;\u00c0rea de Recerca de Calp, va comen\u00e7ar el mes de maig davant el notable increment de robatoris ocorreguts en platges freq\u00fcentades per turistes. Durant un dels dispositius de vigil\u00e0ncia, els investigadors van observar un vehicle ocupat per dos homes que van aixecar sospites i van comprovar com un d&#8217;ells es desfeia d&#8217;una motxilla en un contenidor.<\/p>\n\n<p>En el registre del vehicle es van trobar nombrosos objectes presumptament sostrets, com una c\u00e0mera esportiva, tr\u00edpode, pal selfie, bateria externa, joies, perfums de gamma alta i 1.500 euros en efectiu. Tamb\u00e9 es van localitzar eines per a for\u00e7ar vehicles. La motxilla recuperada en el contenidor va ser reconeguda per una turista estrangera com a seva, igual que la resta del material fotogr\u00e0fic que contenia.<\/p>\n\n<p>Despr\u00e9s de les detencions, es va comprovar que tots dos estaven reclamats per les autoritats judicials de Fran\u00e7a mitjan\u00e7ant ordres europees de detenci\u00f3, constant-li a un d&#8217;ells la imputaci\u00f3 d&#8217;un delicte d&#8217;homicidi, a m\u00e9s d&#8217;una requisit\u00f2ria a Espanya per robatori amb viol\u00e8ncia. L&#8217;altre detingut s&#8217;havia escapolit d&#8217;una pres\u00f3 francesa on complia condemna per delictes de robatori, estafa, extorsi\u00f3 i frau.<\/p>\n\n<figure class=\"wp-block-gallery has-nested-images columns-default is-cropped wp-block-gallery-16 is-layout-flex wp-block-gallery-is-layout-flex\">\n<figure class=\"wp-block-image size-large\"><img decoding=\"async\" width=\"960\" height=\"720\" data-id=\"70468\" src=\"https:\/\/canfali.com\/app\/uploads\/2025\/07\/detenido-Calpe-2.jpg\" alt=\"\" class=\"wp-image-70468\" srcset=\"https:\/\/canfali.com\/app\/uploads\/2025\/07\/detenido-Calpe-2.jpg 960w, https:\/\/canfali.com\/app\/uploads\/2025\/07\/detenido-Calpe-2-300x225.jpg 300w, https:\/\/canfali.com\/app\/uploads\/2025\/07\/detenido-Calpe-2-768x576.jpg 768w\" sizes=\"(max-width: 960px) 100vw, 960px\" \/><\/figure>\n<\/figure>\n\n<p>Els detinguts s\u00f3n dos homes de nacionalitat algeriana, de 42 i 31 anys, que van ser posats a la disposici\u00f3 del Jutjat d&#8217;Instrucci\u00f3 de gu\u00e0rdia de D\u00e9nia pels delictes de robatori amb for\u00e7a. Posteriorment van ser posats a la disposici\u00f3 de l&#8217;Audi\u00e8ncia Nacional per les ordres europees d&#8217;extradici\u00f3.<\/p>\n\n<p><strong>La Gu\u00e0rdia Civil ha donat una s\u00e8rie de recomanacions per a evitar robatoris en vehicles estacionats en zones tur\u00edstiques:<\/strong><br\/>\u2022 No deixar objectes de valor a la vista a l&#8217;interior del vehicle.<br\/>\u2022 Estacionar, sempre que siga possible, en zones amb bona visibilitat, p\u00e0rquings vigilats o zones amb tr\u00e0nsit per als vianants.<br\/>\u2022 Comprovar el tancament complet del vehicle abans d&#8217;allunyar-se.<br\/>\u2022 Denunciar immediatament qualsevol fet delictiu o sospit\u00f3s.<br\/>\u2022 Utilitzar l&#8217;aplicaci\u00f3 gratu\u00efta AlertCops per a comunicar de manera r\u00e0pida i directa qualsevol incid\u00e8ncia o telefona al 062.<\/p>\n\n<p> <\/p>\n\n<p> <\/p>\n\n<p> <\/p>\n\n<p> <\/p>\n\n<p> <\/p>\n\n<p><\/p>\n","protected":false},"excerpt":{"rendered":"Eren reclamats a Fran\u00e7a per delictes grus, com el d&#8217;homicidi i de fugida de la pres\u00f3 La Gu\u00e0rdia&hellip;","protected":false},"author":6,"featured_media":70465,"comment_status":"closed","ping_status":"closed","sticky":false,"template":"","format":"standard","meta":{"csco_display_header_overlay":false,"csco_singular_sidebar":"","csco_page_header_type":"","csco_page_load_nextpost":"","csco_post_video_location":[],"csco_post_video_location_hash":"","csco_post_video_url":"","csco_post_video_bg_start_time":0,"csco_post_video_bg_end_time":0,"footnotes":""},"categories":[615],"tags":[3374,1156,934],"class_list":{"0":"post-70502","1":"post","2":"type-post","3":"status-publish","4":"format-standard","5":"has-post-thumbnail","7":"category-successos","8":"tag-extradicio","9":"tag-platges","10":"tag-robatoris","11":"cs-entry","12":"cs-video-wrap"},"yoast_head":"<!-- This site is optimized with the Yoast SEO Premium plugin v26.6 (Yoast SEO v27.3) - https:\/\/yoast.com\/product\/yoast-seo-premium-wordpress\/ -->\n<title>Dos detinguts per robar en veh\u00edcules en les platges - Canfali<\/title>\n<meta name=\"robots\" content=\"index, follow, max-snippet:-1, max-image-preview:large, max-video-preview:-1\" \/>\n<link rel=\"canonical\" href=\"https:\/\/canfali.com\/ca-es\/dos-detinguts-per-robar-en-vehicules-en-les-platges\/\" \/>\n<meta property=\"og:locale\" content=\"en_US\" \/>\n<meta property=\"og:type\" content=\"article\" \/>\n<meta property=\"og:title\" content=\"Dos detinguts per robar en veh\u00edcules en les platges\" \/>\n<meta property=\"og:description\" content=\"Eren reclamats a Fran\u00e7a per delictes grus, com el d&#8217;homicidi i de fugida de la pres\u00f3 La Gu\u00e0rdia&hellip;\" \/>\n<meta property=\"og:url\" content=\"https:\/\/canfali.com\/ca-es\/dos-detinguts-per-robar-en-vehicules-en-les-platges\/\" \/>\n<meta property=\"og:site_name\" content=\"Canfali\" \/>\n<meta property=\"article:publisher\" content=\"https:\/\/es-es.facebook.com\/CANFALIMarinaAlta\" \/>\n<meta property=\"article:published_time\" content=\"2025-07-22T08:57:03+00:00\" \/>\n<meta property=\"article:modified_time\" content=\"2025-07-22T11:05:37+00:00\" \/>\n<meta property=\"og:image\" content=\"https:\/\/canfali.com\/app\/uploads\/2025\/07\/detenido-Calpe-1.jpg\" \/>\n\t<meta property=\"og:image:width\" content=\"960\" \/>\n\t<meta property=\"og:image:height\" content=\"720\" \/>\n\t<meta property=\"og:image:type\" content=\"image\/jpeg\" \/>\n<meta name=\"author\" content=\"Rosa\" \/>\n<meta name=\"twitter:card\" content=\"summary_large_image\" \/>\n<meta name=\"twitter:creator\" content=\"@canfalima\" \/>\n<meta name=\"twitter:site\" content=\"@canfalima\" \/>\n<meta name=\"twitter:label1\" content=\"Written by\" \/>\n\t<meta name=\"twitter:data1\" content=\"Rosa\" \/>\n\t<meta name=\"twitter:label2\" content=\"Est. reading time\" \/>\n\t<meta name=\"twitter:data2\" content=\"3 minutes\" \/>\n<script type=\"application\/ld+json\" class=\"yoast-schema-graph\">{\"@context\":\"https:\\\/\\\/schema.org\",\"@graph\":[{\"@type\":\"NewsArticle\",\"@id\":\"https:\\\/\\\/canfali.com\\\/ca-es\\\/dos-detinguts-per-robar-en-vehicules-en-les-platges\\\/#article\",\"isPartOf\":{\"@id\":\"https:\\\/\\\/canfali.com\\\/ca-es\\\/dos-detinguts-per-robar-en-vehicules-en-les-platges\\\/\"},\"author\":{\"name\":\"Rosa\",\"@id\":\"https:\\\/\\\/canfali.com\\\/ca-es\\\/#\\\/schema\\\/person\\\/c861a7aa2b2495357b95f35bd5d82f88\"},\"headline\":\"Dos detinguts per robar en veh\u00edcules en les platges\",\"datePublished\":\"2025-07-22T08:57:03+00:00\",\"dateModified\":\"2025-07-22T11:05:37+00:00\",\"mainEntityOfPage\":{\"@id\":\"https:\\\/\\\/canfali.com\\\/ca-es\\\/dos-detinguts-per-robar-en-vehicules-en-les-platges\\\/\"},\"wordCount\":546,\"publisher\":{\"@id\":\"https:\\\/\\\/canfali.com\\\/ca-es\\\/#organization\"},\"image\":{\"@id\":\"https:\\\/\\\/canfali.com\\\/ca-es\\\/dos-detinguts-per-robar-en-vehicules-en-les-platges\\\/#primaryimage\"},\"thumbnailUrl\":\"https:\\\/\\\/canfali.com\\\/app\\\/uploads\\\/2025\\\/07\\\/detenido-Calpe-1.jpg\",\"keywords\":[\"extradici\u00f3\",\"platges\",\"robatoris\"],\"articleSection\":[\"Successos\"],\"inLanguage\":\"va-ES\",\"copyrightYear\":\"2025\",\"copyrightHolder\":{\"@id\":\"https:\\\/\\\/canfali.com\\\/#organization\"}},{\"@type\":\"WebPage\",\"@id\":\"https:\\\/\\\/canfali.com\\\/ca-es\\\/dos-detinguts-per-robar-en-vehicules-en-les-platges\\\/\",\"url\":\"https:\\\/\\\/canfali.com\\\/ca-es\\\/dos-detinguts-per-robar-en-vehicules-en-les-platges\\\/\",\"name\":\"Dos detinguts per robar en veh\u00edcules en les platges - Canfali\",\"isPartOf\":{\"@id\":\"https:\\\/\\\/canfali.com\\\/ca-es\\\/#website\"},\"primaryImageOfPage\":{\"@id\":\"https:\\\/\\\/canfali.com\\\/ca-es\\\/dos-detinguts-per-robar-en-vehicules-en-les-platges\\\/#primaryimage\"},\"image\":{\"@id\":\"https:\\\/\\\/canfali.com\\\/ca-es\\\/dos-detinguts-per-robar-en-vehicules-en-les-platges\\\/#primaryimage\"},\"thumbnailUrl\":\"https:\\\/\\\/canfali.com\\\/app\\\/uploads\\\/2025\\\/07\\\/detenido-Calpe-1.jpg\",\"datePublished\":\"2025-07-22T08:57:03+00:00\",\"dateModified\":\"2025-07-22T11:05:37+00:00\",\"breadcrumb\":{\"@id\":\"https:\\\/\\\/canfali.com\\\/ca-es\\\/dos-detinguts-per-robar-en-vehicules-en-les-platges\\\/#breadcrumb\"},\"inLanguage\":\"va-ES\",\"potentialAction\":[{\"@type\":\"ReadAction\",\"target\":[\"https:\\\/\\\/canfali.com\\\/ca-es\\\/dos-detinguts-per-robar-en-vehicules-en-les-platges\\\/\"]}]},{\"@type\":\"ImageObject\",\"inLanguage\":\"va-ES\",\"@id\":\"https:\\\/\\\/canfali.com\\\/ca-es\\\/dos-detinguts-per-robar-en-vehicules-en-les-platges\\\/#primaryimage\",\"url\":\"https:\\\/\\\/canfali.com\\\/app\\\/uploads\\\/2025\\\/07\\\/detenido-Calpe-1.jpg\",\"contentUrl\":\"https:\\\/\\\/canfali.com\\\/app\\\/uploads\\\/2025\\\/07\\\/detenido-Calpe-1.jpg\",\"width\":960,\"height\":720},{\"@type\":\"BreadcrumbList\",\"@id\":\"https:\\\/\\\/canfali.com\\\/ca-es\\\/dos-detinguts-per-robar-en-vehicules-en-les-platges\\\/#breadcrumb\",\"itemListElement\":[{\"@type\":\"ListItem\",\"position\":1,\"name\":\"Portada\",\"item\":\"https:\\\/\\\/canfali.com\\\/ca-es\\\/\"},{\"@type\":\"ListItem\",\"position\":2,\"name\":\"Dos detinguts per robar en veh\u00edcules en les platges\"}]},{\"@type\":\"WebSite\",\"@id\":\"https:\\\/\\\/canfali.com\\\/ca-es\\\/#website\",\"url\":\"https:\\\/\\\/canfali.com\\\/ca-es\\\/\",\"name\":\"Canfali\",\"description\":\"\",\"publisher\":{\"@id\":\"https:\\\/\\\/canfali.com\\\/ca-es\\\/#organization\"},\"potentialAction\":[{\"@type\":\"SearchAction\",\"target\":{\"@type\":\"EntryPoint\",\"urlTemplate\":\"https:\\\/\\\/canfali.com\\\/ca-es\\\/?s={search_term_string}\"},\"query-input\":{\"@type\":\"PropertyValueSpecification\",\"valueRequired\":true,\"valueName\":\"search_term_string\"}}],\"inLanguage\":\"va-ES\"},{\"@type\":\"Organization\",\"@id\":\"https:\\\/\\\/canfali.com\\\/ca-es\\\/#organization\",\"name\":\"Canfali\",\"url\":\"https:\\\/\\\/canfali.com\\\/ca-es\\\/\",\"logo\":{\"@type\":\"ImageObject\",\"inLanguage\":\"va-ES\",\"@id\":\"https:\\\/\\\/canfali.com\\\/ca-es\\\/#\\\/schema\\\/logo\\\/image\\\/\",\"url\":\"https:\\\/\\\/canfali.com\\\/app\\\/uploads\\\/2025\\\/12\\\/canfali_marina_alta_logo.png\",\"contentUrl\":\"https:\\\/\\\/canfali.com\\\/app\\\/uploads\\\/2025\\\/12\\\/canfali_marina_alta_logo.png\",\"width\":225,\"height\":225,\"caption\":\"Canfali\"},\"image\":{\"@id\":\"https:\\\/\\\/canfali.com\\\/ca-es\\\/#\\\/schema\\\/logo\\\/image\\\/\"},\"sameAs\":[\"https:\\\/\\\/es-es.facebook.com\\\/CANFALIMarinaAlta\",\"https:\\\/\\\/x.com\\\/canfalima\",\"https:\\\/\\\/www.instagram.com\\\/canfalimarinaalta\\\/\"]},{\"@type\":\"Person\",\"@id\":\"https:\\\/\\\/canfali.com\\\/ca-es\\\/#\\\/schema\\\/person\\\/c861a7aa2b2495357b95f35bd5d82f88\",\"name\":\"Rosa\",\"image\":{\"@type\":\"ImageObject\",\"inLanguage\":\"va-ES\",\"@id\":\"https:\\\/\\\/secure.gravatar.com\\\/avatar\\\/47fb83d99423a6ef1cf9f83f02a5e91366c671dec76c5c24badf1b0494e1d960?s=96&d=mm&r=g\",\"url\":\"https:\\\/\\\/secure.gravatar.com\\\/avatar\\\/47fb83d99423a6ef1cf9f83f02a5e91366c671dec76c5c24badf1b0494e1d960?s=96&d=mm&r=g\",\"contentUrl\":\"https:\\\/\\\/secure.gravatar.com\\\/avatar\\\/47fb83d99423a6ef1cf9f83f02a5e91366c671dec76c5c24badf1b0494e1d960?s=96&d=mm&r=g\",\"caption\":\"Rosa\"},\"url\":\"https:\\\/\\\/canfali.com\\\/ca-es\\\/author\\\/rosa\\\/\"}]}<\/script>\n<!-- \/ Yoast SEO Premium plugin. -->","yoast_head_json":{"title":"Dos detinguts per robar en veh\u00edcules en les platges - Canfali","robots":{"index":"index","follow":"follow","max-snippet":"max-snippet:-1","max-image-preview":"max-image-preview:large","max-video-preview":"max-video-preview:-1"},"canonical":"https:\/\/canfali.com\/ca-es\/dos-detinguts-per-robar-en-vehicules-en-les-platges\/","og_locale":"en_US","og_type":"article","og_title":"Dos detinguts per robar en veh\u00edcules en les platges","og_description":"Eren reclamats a Fran\u00e7a per delictes grus, com el d&#8217;homicidi i de fugida de la pres\u00f3 La Gu\u00e0rdia&hellip;","og_url":"https:\/\/canfali.com\/ca-es\/dos-detinguts-per-robar-en-vehicules-en-les-platges\/","og_site_name":"Canfali","article_publisher":"https:\/\/es-es.facebook.com\/CANFALIMarinaAlta","article_published_time":"2025-07-22T08:57:03+00:00","article_modified_time":"2025-07-22T11:05:37+00:00","og_image":[{"width":960,"height":720,"url":"https:\/\/canfali.com\/app\/uploads\/2025\/07\/detenido-Calpe-1.jpg","type":"image\/jpeg"}],"author":"Rosa","twitter_card":"summary_large_image","twitter_creator":"@canfalima","twitter_site":"@canfalima","twitter_misc":{"Written by":"Rosa","Est. reading time":"3 minutes"},"schema":{"@context":"https:\/\/schema.org","@graph":[{"@type":"NewsArticle","@id":"https:\/\/canfali.com\/ca-es\/dos-detinguts-per-robar-en-vehicules-en-les-platges\/#article","isPartOf":{"@id":"https:\/\/canfali.com\/ca-es\/dos-detinguts-per-robar-en-vehicules-en-les-platges\/"},"author":{"name":"Rosa","@id":"https:\/\/canfali.com\/ca-es\/#\/schema\/person\/c861a7aa2b2495357b95f35bd5d82f88"},"headline":"Dos detinguts per robar en veh\u00edcules en les platges","datePublished":"2025-07-22T08:57:03+00:00","dateModified":"2025-07-22T11:05:37+00:00","mainEntityOfPage":{"@id":"https:\/\/canfali.com\/ca-es\/dos-detinguts-per-robar-en-vehicules-en-les-platges\/"},"wordCount":546,"publisher":{"@id":"https:\/\/canfali.com\/ca-es\/#organization"},"image":{"@id":"https:\/\/canfali.com\/ca-es\/dos-detinguts-per-robar-en-vehicules-en-les-platges\/#primaryimage"},"thumbnailUrl":"https:\/\/canfali.com\/app\/uploads\/2025\/07\/detenido-Calpe-1.jpg","keywords":["extradici\u00f3","platges","robatoris"],"articleSection":["Successos"],"inLanguage":"va-ES","copyrightYear":"2025","copyrightHolder":{"@id":"https:\/\/canfali.com\/#organization"}},{"@type":"WebPage","@id":"https:\/\/canfali.com\/ca-es\/dos-detinguts-per-robar-en-vehicules-en-les-platges\/","url":"https:\/\/canfali.com\/ca-es\/dos-detinguts-per-robar-en-vehicules-en-les-platges\/","name":"Dos detinguts per robar en veh\u00edcules en les platges - Canfali","isPartOf":{"@id":"https:\/\/canfali.com\/ca-es\/#website"},"primaryImageOfPage":{"@id":"https:\/\/canfali.com\/ca-es\/dos-detinguts-per-robar-en-vehicules-en-les-platges\/#primaryimage"},"image":{"@id":"https:\/\/canfali.com\/ca-es\/dos-detinguts-per-robar-en-vehicules-en-les-platges\/#primaryimage"},"thumbnailUrl":"https:\/\/canfali.com\/app\/uploads\/2025\/07\/detenido-Calpe-1.jpg","datePublished":"2025-07-22T08:57:03+00:00","dateModified":"2025-07-22T11:05:37+00:00","breadcrumb":{"@id":"https:\/\/canfali.com\/ca-es\/dos-detinguts-per-robar-en-vehicules-en-les-platges\/#breadcrumb"},"inLanguage":"va-ES","potentialAction":[{"@type":"ReadAction","target":["https:\/\/canfali.com\/ca-es\/dos-detinguts-per-robar-en-vehicules-en-les-platges\/"]}]},{"@type":"ImageObject","inLanguage":"va-ES","@id":"https:\/\/canfali.com\/ca-es\/dos-detinguts-per-robar-en-vehicules-en-les-platges\/#primaryimage","url":"https:\/\/canfali.com\/app\/uploads\/2025\/07\/detenido-Calpe-1.jpg","contentUrl":"https:\/\/canfali.com\/app\/uploads\/2025\/07\/detenido-Calpe-1.jpg","width":960,"height":720},{"@type":"BreadcrumbList","@id":"https:\/\/canfali.com\/ca-es\/dos-detinguts-per-robar-en-vehicules-en-les-platges\/#breadcrumb","itemListElement":[{"@type":"ListItem","position":1,"name":"Portada","item":"https:\/\/canfali.com\/ca-es\/"},{"@type":"ListItem","position":2,"name":"Dos detinguts per robar en veh\u00edcules en les platges"}]},{"@type":"WebSite","@id":"https:\/\/canfali.com\/ca-es\/#website","url":"https:\/\/canfali.com\/ca-es\/","name":"Canfali","description":"","publisher":{"@id":"https:\/\/canfali.com\/ca-es\/#organization"},"potentialAction":[{"@type":"SearchAction","target":{"@type":"EntryPoint","urlTemplate":"https:\/\/canfali.com\/ca-es\/?s={search_term_string}"},"query-input":{"@type":"PropertyValueSpecification","valueRequired":true,"valueName":"search_term_string"}}],"inLanguage":"va-ES"},{"@type":"Organization","@id":"https:\/\/canfali.com\/ca-es\/#organization","name":"Canfali","url":"https:\/\/canfali.com\/ca-es\/","logo":{"@type":"ImageObject","inLanguage":"va-ES","@id":"https:\/\/canfali.com\/ca-es\/#\/schema\/logo\/image\/","url":"https:\/\/canfali.com\/app\/uploads\/2025\/12\/canfali_marina_alta_logo.png","contentUrl":"https:\/\/canfali.com\/app\/uploads\/2025\/12\/canfali_marina_alta_logo.png","width":225,"height":225,"caption":"Canfali"},"image":{"@id":"https:\/\/canfali.com\/ca-es\/#\/schema\/logo\/image\/"},"sameAs":["https:\/\/es-es.facebook.com\/CANFALIMarinaAlta","https:\/\/x.com\/canfalima","https:\/\/www.instagram.com\/canfalimarinaalta\/"]},{"@type":"Person","@id":"https:\/\/canfali.com\/ca-es\/#\/schema\/person\/c861a7aa2b2495357b95f35bd5d82f88","name":"Rosa","image":{"@type":"ImageObject","inLanguage":"va-ES","@id":"https:\/\/secure.gravatar.com\/avatar\/47fb83d99423a6ef1cf9f83f02a5e91366c671dec76c5c24badf1b0494e1d960?s=96&d=mm&r=g","url":"https:\/\/secure.gravatar.com\/avatar\/47fb83d99423a6ef1cf9f83f02a5e91366c671dec76c5c24badf1b0494e1d960?s=96&d=mm&r=g","contentUrl":"https:\/\/secure.gravatar.com\/avatar\/47fb83d99423a6ef1cf9f83f02a5e91366c671dec76c5c24badf1b0494e1d960?s=96&d=mm&r=g","caption":"Rosa"},"url":"https:\/\/canfali.com\/ca-es\/author\/rosa\/"}]}},"_links":{"self":[{"href":"https:\/\/canfali.com\/ca-es\/wp-json\/wp\/v2\/posts\/70502","targetHints":{"allow":["GET"]}}],"collection":[{"href":"https:\/\/canfali.com\/ca-es\/wp-json\/wp\/v2\/posts"}],"about":[{"href":"https:\/\/canfali.com\/ca-es\/wp-json\/wp\/v2\/types\/post"}],"author":[{"embeddable":true,"href":"https:\/\/canfali.com\/ca-es\/wp-json\/wp\/v2\/users\/6"}],"replies":[{"embeddable":true,"href":"https:\/\/canfali.com\/ca-es\/wp-json\/wp\/v2\/comments?post=70502"}],"version-history":[{"count":1,"href":"https:\/\/canfali.com\/ca-es\/wp-json\/wp\/v2\/posts\/70502\/revisions"}],"predecessor-version":[{"id":70503,"href":"https:\/\/canfali.com\/ca-es\/wp-json\/wp\/v2\/posts\/70502\/revisions\/70503"}],"wp:featuredmedia":[{"embeddable":true,"href":"https:\/\/canfali.com\/ca-es\/wp-json\/wp\/v2\/media\/70465"}],"wp:attachment":[{"href":"https:\/\/canfali.com\/ca-es\/wp-json\/wp\/v2\/media?parent=70502"}],"wp:term":[{"taxonomy":"category","embeddable":true,"href":"https:\/\/canfali.com\/ca-es\/wp-json\/wp\/v2\/categories?post=70502"},{"taxonomy":"post_tag","embeddable":true,"href":"https:\/\/canfali.com\/ca-es\/wp-json\/wp\/v2\/tags?post=70502"}],"curies":[{"name":"wp","href":"https:\/\/api.w.org\/{rel}","templated":true}]}}