{"id":69873,"date":"2025-07-15T11:46:10","date_gmt":"2025-07-15T09:46:10","guid":{"rendered":"https:\/\/canfali.com\/quasi-7-500-persones-aturades-a-la-marina-alta\/"},"modified":"2025-07-15T11:48:01","modified_gmt":"2025-07-15T09:48:01","slug":"quasi-7-500-persones-aturades-a-la-marina-alta","status":"publish","type":"post","link":"https:\/\/canfali.com\/ca-es\/quasi-7-500-persones-aturades-a-la-marina-alta\/","title":{"rendered":"Quasi 7.500 persones aturades a la Marina Alta"},"content":{"rendered":"\n<p>La Marina Alta ha comen\u00e7at la temporada estival amb excel\u00b7lents not\u00edcies en l&#8217;\u00e0mbit laboral. Segons les dades de l&#8217;Observatori de CREAMA, el mes de juny de 2025 ha registrat un significatiu increment en l&#8217;afiliaci\u00f3 a la Seguretat Social i una notable reducci\u00f3 de la desocupaci\u00f3, aconseguint xifres no vistes en quasi dos d\u00e8cades.<br\/>El mercat laboral de la comarca va sumar 892 noves afiliacions al juny, elevant el total a un nou r\u00e8cord de 65.383 afiliats a la Seguretat Social. Este impuls es deu principalment a l&#8217;arrancada de la campanya tur\u00edstica d&#8217;estiu, que ha enfortit sectors clau com el comer\u00e7 i l&#8217;hostaleria.<br\/>L&#8217;hostaleria va liderar el creixement amb la incorporaci\u00f3 de 575 persones, aconseguint els 13.178 afiliats, mentres que el comer\u00e7 va sumar 390 nous ocupats, arribant als 11.907. Este augment va compensar l&#8217;habitual caiguda de 364 afiliats en el sector educatiu despr\u00e9s del tancament del curs escolar.<br\/>En paral\u00b7lel, el nombre de persones en atur registrat es va reduir en 245 individus, situant-se en 7.478 aturats. Esta xifra representa la m\u00e9s baixa per a un mes de juny des de 2008, fa 17 anys, acostant-se als nivells previs a la crisi. La reducci\u00f3 de l&#8217;atur va afectar de manera similar a h\u00f2mens i dones, i \u00e9s especialment destacable el retroc\u00e9s de l&#8217;atur juvenil, amb 54 menors de 25 anys menys en les llistes, marcant un nou m\u00ednim hist\u00f2ric de 305 j\u00f3vens desocupats.<br\/>Encara que juny de 2025 ha sigut el millor sext mes de tota la s\u00e8rie hist\u00f2rica a la comarca en termes d&#8217;ocupaci\u00f3, el ritme de creixement de l&#8217;afiliaci\u00f3 (+1,38% mensual i +1,36% interanual) ha sigut m\u00e9s moderat que en anys anteriors, com 2023 i 2024, i se situa per davall de la mitjana de l&#8217;\u00faltima d\u00e8cada. Aix\u00f2, segons l&#8217;Observatori, suggerix una evoluci\u00f3 positiva per\u00f2 amb una desacceleraci\u00f3 en la velocitat d&#8217;expansi\u00f3 de l&#8217;ocupaci\u00f3.<br\/>Quant a la contractaci\u00f3, es va registrar un augment del 40,90% respecte a maig, amb un creixement m\u00e9s acusat en els contractes temporals (+85,96%) enfront dels indefinits (+21,83%). No obstant aix\u00f2, des de la reforma laboral de juny de 2022, la xifra de contractes indefinits ha disminu\u00eft en 1.399 persones (-35,98%), sent la majoria dels contractes indefinits a temps parcial o fixos discontinus (set de cada deu).<br\/>La taxa de desocupaci\u00f3 estimada a la Marina Alta se situa en un 10,26%, xifra inferior a la registrada al juny de 2024 (11,16%) i significativament m\u00e9s baixa que la mitjana de la prov\u00edncia d&#8217;Alacant (13,31%) i de la Comunitat Valenciana (11,76%). Aix\u00f2 subratlla la solidesa del mercat laboral de la comarca en comparaci\u00f3 amb el seu entorn.<br\/>Estes dades confirmen que la Marina Alta afronta l&#8217;estiu amb una base d&#8217;ocupaci\u00f3 s\u00f2lida, impulsada per la for\u00e7a del seu sector tur\u00edstic, i amb unes xifres de desocupaci\u00f3 que reflectixen una recuperaci\u00f3 sostinguda.<br\/><\/p>\n\n<p>  <\/p>\n\n<p>    <\/p>\n\n<p>    <\/p>\n\n<p>       <\/p>\n\n<p>        <\/p>\n\n<p>         <\/p>\n\n<p>       <\/p>\n\n<p><\/p>\n","protected":false},"excerpt":{"rendered":"La Marina Alta ha comen\u00e7at la temporada estival amb excel\u00b7lents not\u00edcies en l&#8217;\u00e0mbit laboral. Segons les dades de&hellip;","protected":false},"author":7,"featured_media":69870,"comment_status":"closed","ping_status":"closed","sticky":false,"template":"","format":"standard","meta":{"csco_display_header_overlay":false,"csco_singular_sidebar":"","csco_page_header_type":"","csco_page_load_nextpost":"","csco_post_video_location":[],"csco_post_video_location_hash":"","csco_post_video_url":"","csco_post_video_bg_start_time":0,"csco_post_video_bg_end_time":0,"footnotes":""},"categories":[607],"tags":[2649,2870,689,1226],"class_list":{"0":"post-69873","1":"post","2":"type-post","3":"status-publish","4":"format-standard","5":"has-post-thumbnail","7":"category-economia-i-empreses","8":"tag-atur","9":"tag-contractes","10":"tag-hostaleria","11":"tag-turisme","12":"cs-entry","13":"cs-video-wrap"},"yoast_head":"<!-- This site is optimized with the Yoast SEO Premium plugin v26.6 (Yoast SEO v27.3) - https:\/\/yoast.com\/product\/yoast-seo-premium-wordpress\/ -->\n<title>Quasi 7.500 persones aturades a la Marina Alta - Canfali<\/title>\n<meta name=\"robots\" content=\"index, follow, max-snippet:-1, max-image-preview:large, max-video-preview:-1\" \/>\n<link rel=\"canonical\" href=\"https:\/\/canfali.com\/ca-es\/quasi-7-500-persones-aturades-a-la-marina-alta\/\" \/>\n<meta property=\"og:locale\" content=\"en_US\" \/>\n<meta property=\"og:type\" content=\"article\" \/>\n<meta property=\"og:title\" content=\"Quasi 7.500 persones aturades a la Marina Alta\" \/>\n<meta property=\"og:description\" content=\"La Marina Alta ha comen\u00e7at la temporada estival amb excel\u00b7lents not\u00edcies en l&#8217;\u00e0mbit laboral. Segons les dades de&hellip;\" \/>\n<meta property=\"og:url\" content=\"https:\/\/canfali.com\/ca-es\/quasi-7-500-persones-aturades-a-la-marina-alta\/\" \/>\n<meta property=\"og:site_name\" content=\"Canfali\" \/>\n<meta property=\"article:publisher\" content=\"https:\/\/es-es.facebook.com\/CANFALIMarinaAlta\" \/>\n<meta property=\"article:published_time\" content=\"2025-07-15T09:46:10+00:00\" \/>\n<meta property=\"article:modified_time\" content=\"2025-07-15T09:48:01+00:00\" \/>\n<meta property=\"og:image\" content=\"https:\/\/canfali.com\/app\/uploads\/2025\/07\/Mercado-Laboral-JUNIO25-CAST-comp.png\" \/>\n\t<meta property=\"og:image:width\" content=\"1200\" \/>\n\t<meta property=\"og:image:height\" content=\"1716\" \/>\n\t<meta property=\"og:image:type\" content=\"image\/png\" \/>\n<meta name=\"author\" content=\"Bolta\" \/>\n<meta name=\"twitter:card\" content=\"summary_large_image\" \/>\n<meta name=\"twitter:creator\" content=\"@canfalima\" \/>\n<meta name=\"twitter:site\" content=\"@canfalima\" \/>\n<meta name=\"twitter:label1\" content=\"Written by\" \/>\n\t<meta name=\"twitter:data1\" content=\"Bolta\" \/>\n\t<meta name=\"twitter:label2\" content=\"Est. reading time\" \/>\n\t<meta name=\"twitter:data2\" content=\"2 minutes\" \/>\n<script type=\"application\/ld+json\" class=\"yoast-schema-graph\">{\"@context\":\"https:\\\/\\\/schema.org\",\"@graph\":[{\"@type\":\"NewsArticle\",\"@id\":\"https:\\\/\\\/canfali.com\\\/ca-es\\\/quasi-7-500-persones-aturades-a-la-marina-alta\\\/#article\",\"isPartOf\":{\"@id\":\"https:\\\/\\\/canfali.com\\\/ca-es\\\/quasi-7-500-persones-aturades-a-la-marina-alta\\\/\"},\"author\":{\"name\":\"Bolta\",\"@id\":\"https:\\\/\\\/canfali.com\\\/ca-es\\\/#\\\/schema\\\/person\\\/9c651adc904f3c4e0243f54407751557\"},\"headline\":\"Quasi 7.500 persones aturades a la Marina Alta\",\"datePublished\":\"2025-07-15T09:46:10+00:00\",\"dateModified\":\"2025-07-15T09:48:01+00:00\",\"mainEntityOfPage\":{\"@id\":\"https:\\\/\\\/canfali.com\\\/ca-es\\\/quasi-7-500-persones-aturades-a-la-marina-alta\\\/\"},\"wordCount\":485,\"publisher\":{\"@id\":\"https:\\\/\\\/canfali.com\\\/ca-es\\\/#organization\"},\"image\":{\"@id\":\"https:\\\/\\\/canfali.com\\\/ca-es\\\/quasi-7-500-persones-aturades-a-la-marina-alta\\\/#primaryimage\"},\"thumbnailUrl\":\"https:\\\/\\\/canfali.com\\\/app\\\/uploads\\\/2025\\\/07\\\/Mercado-Laboral-JUNIO25-CAST-comp.png\",\"keywords\":[\"atur\",\"contractes\",\"hostaleria\",\"turisme\"],\"articleSection\":[\"Economia i Empreses\"],\"inLanguage\":\"va-ES\",\"copyrightYear\":\"2025\",\"copyrightHolder\":{\"@id\":\"https:\\\/\\\/canfali.com\\\/#organization\"}},{\"@type\":\"WebPage\",\"@id\":\"https:\\\/\\\/canfali.com\\\/ca-es\\\/quasi-7-500-persones-aturades-a-la-marina-alta\\\/\",\"url\":\"https:\\\/\\\/canfali.com\\\/ca-es\\\/quasi-7-500-persones-aturades-a-la-marina-alta\\\/\",\"name\":\"Quasi 7.500 persones aturades a la Marina Alta - Canfali\",\"isPartOf\":{\"@id\":\"https:\\\/\\\/canfali.com\\\/ca-es\\\/#website\"},\"primaryImageOfPage\":{\"@id\":\"https:\\\/\\\/canfali.com\\\/ca-es\\\/quasi-7-500-persones-aturades-a-la-marina-alta\\\/#primaryimage\"},\"image\":{\"@id\":\"https:\\\/\\\/canfali.com\\\/ca-es\\\/quasi-7-500-persones-aturades-a-la-marina-alta\\\/#primaryimage\"},\"thumbnailUrl\":\"https:\\\/\\\/canfali.com\\\/app\\\/uploads\\\/2025\\\/07\\\/Mercado-Laboral-JUNIO25-CAST-comp.png\",\"datePublished\":\"2025-07-15T09:46:10+00:00\",\"dateModified\":\"2025-07-15T09:48:01+00:00\",\"breadcrumb\":{\"@id\":\"https:\\\/\\\/canfali.com\\\/ca-es\\\/quasi-7-500-persones-aturades-a-la-marina-alta\\\/#breadcrumb\"},\"inLanguage\":\"va-ES\",\"potentialAction\":[{\"@type\":\"ReadAction\",\"target\":[\"https:\\\/\\\/canfali.com\\\/ca-es\\\/quasi-7-500-persones-aturades-a-la-marina-alta\\\/\"]}]},{\"@type\":\"ImageObject\",\"inLanguage\":\"va-ES\",\"@id\":\"https:\\\/\\\/canfali.com\\\/ca-es\\\/quasi-7-500-persones-aturades-a-la-marina-alta\\\/#primaryimage\",\"url\":\"https:\\\/\\\/canfali.com\\\/app\\\/uploads\\\/2025\\\/07\\\/Mercado-Laboral-JUNIO25-CAST-comp.png\",\"contentUrl\":\"https:\\\/\\\/canfali.com\\\/app\\\/uploads\\\/2025\\\/07\\\/Mercado-Laboral-JUNIO25-CAST-comp.png\",\"width\":1200,\"height\":1716},{\"@type\":\"BreadcrumbList\",\"@id\":\"https:\\\/\\\/canfali.com\\\/ca-es\\\/quasi-7-500-persones-aturades-a-la-marina-alta\\\/#breadcrumb\",\"itemListElement\":[{\"@type\":\"ListItem\",\"position\":1,\"name\":\"Portada\",\"item\":\"https:\\\/\\\/canfali.com\\\/ca-es\\\/\"},{\"@type\":\"ListItem\",\"position\":2,\"name\":\"Quasi 7.500 persones aturades a la Marina Alta\"}]},{\"@type\":\"WebSite\",\"@id\":\"https:\\\/\\\/canfali.com\\\/ca-es\\\/#website\",\"url\":\"https:\\\/\\\/canfali.com\\\/ca-es\\\/\",\"name\":\"Canfali\",\"description\":\"\",\"publisher\":{\"@id\":\"https:\\\/\\\/canfali.com\\\/ca-es\\\/#organization\"},\"potentialAction\":[{\"@type\":\"SearchAction\",\"target\":{\"@type\":\"EntryPoint\",\"urlTemplate\":\"https:\\\/\\\/canfali.com\\\/ca-es\\\/?s={search_term_string}\"},\"query-input\":{\"@type\":\"PropertyValueSpecification\",\"valueRequired\":true,\"valueName\":\"search_term_string\"}}],\"inLanguage\":\"va-ES\"},{\"@type\":\"Organization\",\"@id\":\"https:\\\/\\\/canfali.com\\\/ca-es\\\/#organization\",\"name\":\"Canfali\",\"url\":\"https:\\\/\\\/canfali.com\\\/ca-es\\\/\",\"logo\":{\"@type\":\"ImageObject\",\"inLanguage\":\"va-ES\",\"@id\":\"https:\\\/\\\/canfali.com\\\/ca-es\\\/#\\\/schema\\\/logo\\\/image\\\/\",\"url\":\"https:\\\/\\\/canfali.com\\\/app\\\/uploads\\\/2025\\\/12\\\/canfali_marina_alta_logo.png\",\"contentUrl\":\"https:\\\/\\\/canfali.com\\\/app\\\/uploads\\\/2025\\\/12\\\/canfali_marina_alta_logo.png\",\"width\":225,\"height\":225,\"caption\":\"Canfali\"},\"image\":{\"@id\":\"https:\\\/\\\/canfali.com\\\/ca-es\\\/#\\\/schema\\\/logo\\\/image\\\/\"},\"sameAs\":[\"https:\\\/\\\/es-es.facebook.com\\\/CANFALIMarinaAlta\",\"https:\\\/\\\/x.com\\\/canfalima\",\"https:\\\/\\\/www.instagram.com\\\/canfalimarinaalta\\\/\"]},{\"@type\":\"Person\",\"@id\":\"https:\\\/\\\/canfali.com\\\/ca-es\\\/#\\\/schema\\\/person\\\/9c651adc904f3c4e0243f54407751557\",\"name\":\"Bolta\",\"image\":{\"@type\":\"ImageObject\",\"inLanguage\":\"va-ES\",\"@id\":\"https:\\\/\\\/secure.gravatar.com\\\/avatar\\\/550a5d97fe3cfba5caf077b9600e46529e1977e9d14396836e775d6d9d895a81?s=96&d=mm&r=g\",\"url\":\"https:\\\/\\\/secure.gravatar.com\\\/avatar\\\/550a5d97fe3cfba5caf077b9600e46529e1977e9d14396836e775d6d9d895a81?s=96&d=mm&r=g\",\"contentUrl\":\"https:\\\/\\\/secure.gravatar.com\\\/avatar\\\/550a5d97fe3cfba5caf077b9600e46529e1977e9d14396836e775d6d9d895a81?s=96&d=mm&r=g\",\"caption\":\"Bolta\"},\"url\":\"https:\\\/\\\/canfali.com\\\/ca-es\\\/author\\\/bolta\\\/\"}]}<\/script>\n<!-- \/ Yoast SEO Premium plugin. -->","yoast_head_json":{"title":"Quasi 7.500 persones aturades a la Marina Alta - Canfali","robots":{"index":"index","follow":"follow","max-snippet":"max-snippet:-1","max-image-preview":"max-image-preview:large","max-video-preview":"max-video-preview:-1"},"canonical":"https:\/\/canfali.com\/ca-es\/quasi-7-500-persones-aturades-a-la-marina-alta\/","og_locale":"en_US","og_type":"article","og_title":"Quasi 7.500 persones aturades a la Marina Alta","og_description":"La Marina Alta ha comen\u00e7at la temporada estival amb excel\u00b7lents not\u00edcies en l&#8217;\u00e0mbit laboral. Segons les dades de&hellip;","og_url":"https:\/\/canfali.com\/ca-es\/quasi-7-500-persones-aturades-a-la-marina-alta\/","og_site_name":"Canfali","article_publisher":"https:\/\/es-es.facebook.com\/CANFALIMarinaAlta","article_published_time":"2025-07-15T09:46:10+00:00","article_modified_time":"2025-07-15T09:48:01+00:00","og_image":[{"width":1200,"height":1716,"url":"https:\/\/canfali.com\/app\/uploads\/2025\/07\/Mercado-Laboral-JUNIO25-CAST-comp.png","type":"image\/png"}],"author":"Bolta","twitter_card":"summary_large_image","twitter_creator":"@canfalima","twitter_site":"@canfalima","twitter_misc":{"Written by":"Bolta","Est. reading time":"2 minutes"},"schema":{"@context":"https:\/\/schema.org","@graph":[{"@type":"NewsArticle","@id":"https:\/\/canfali.com\/ca-es\/quasi-7-500-persones-aturades-a-la-marina-alta\/#article","isPartOf":{"@id":"https:\/\/canfali.com\/ca-es\/quasi-7-500-persones-aturades-a-la-marina-alta\/"},"author":{"name":"Bolta","@id":"https:\/\/canfali.com\/ca-es\/#\/schema\/person\/9c651adc904f3c4e0243f54407751557"},"headline":"Quasi 7.500 persones aturades a la Marina Alta","datePublished":"2025-07-15T09:46:10+00:00","dateModified":"2025-07-15T09:48:01+00:00","mainEntityOfPage":{"@id":"https:\/\/canfali.com\/ca-es\/quasi-7-500-persones-aturades-a-la-marina-alta\/"},"wordCount":485,"publisher":{"@id":"https:\/\/canfali.com\/ca-es\/#organization"},"image":{"@id":"https:\/\/canfali.com\/ca-es\/quasi-7-500-persones-aturades-a-la-marina-alta\/#primaryimage"},"thumbnailUrl":"https:\/\/canfali.com\/app\/uploads\/2025\/07\/Mercado-Laboral-JUNIO25-CAST-comp.png","keywords":["atur","contractes","hostaleria","turisme"],"articleSection":["Economia i Empreses"],"inLanguage":"va-ES","copyrightYear":"2025","copyrightHolder":{"@id":"https:\/\/canfali.com\/#organization"}},{"@type":"WebPage","@id":"https:\/\/canfali.com\/ca-es\/quasi-7-500-persones-aturades-a-la-marina-alta\/","url":"https:\/\/canfali.com\/ca-es\/quasi-7-500-persones-aturades-a-la-marina-alta\/","name":"Quasi 7.500 persones aturades a la Marina Alta - Canfali","isPartOf":{"@id":"https:\/\/canfali.com\/ca-es\/#website"},"primaryImageOfPage":{"@id":"https:\/\/canfali.com\/ca-es\/quasi-7-500-persones-aturades-a-la-marina-alta\/#primaryimage"},"image":{"@id":"https:\/\/canfali.com\/ca-es\/quasi-7-500-persones-aturades-a-la-marina-alta\/#primaryimage"},"thumbnailUrl":"https:\/\/canfali.com\/app\/uploads\/2025\/07\/Mercado-Laboral-JUNIO25-CAST-comp.png","datePublished":"2025-07-15T09:46:10+00:00","dateModified":"2025-07-15T09:48:01+00:00","breadcrumb":{"@id":"https:\/\/canfali.com\/ca-es\/quasi-7-500-persones-aturades-a-la-marina-alta\/#breadcrumb"},"inLanguage":"va-ES","potentialAction":[{"@type":"ReadAction","target":["https:\/\/canfali.com\/ca-es\/quasi-7-500-persones-aturades-a-la-marina-alta\/"]}]},{"@type":"ImageObject","inLanguage":"va-ES","@id":"https:\/\/canfali.com\/ca-es\/quasi-7-500-persones-aturades-a-la-marina-alta\/#primaryimage","url":"https:\/\/canfali.com\/app\/uploads\/2025\/07\/Mercado-Laboral-JUNIO25-CAST-comp.png","contentUrl":"https:\/\/canfali.com\/app\/uploads\/2025\/07\/Mercado-Laboral-JUNIO25-CAST-comp.png","width":1200,"height":1716},{"@type":"BreadcrumbList","@id":"https:\/\/canfali.com\/ca-es\/quasi-7-500-persones-aturades-a-la-marina-alta\/#breadcrumb","itemListElement":[{"@type":"ListItem","position":1,"name":"Portada","item":"https:\/\/canfali.com\/ca-es\/"},{"@type":"ListItem","position":2,"name":"Quasi 7.500 persones aturades a la Marina Alta"}]},{"@type":"WebSite","@id":"https:\/\/canfali.com\/ca-es\/#website","url":"https:\/\/canfali.com\/ca-es\/","name":"Canfali","description":"","publisher":{"@id":"https:\/\/canfali.com\/ca-es\/#organization"},"potentialAction":[{"@type":"SearchAction","target":{"@type":"EntryPoint","urlTemplate":"https:\/\/canfali.com\/ca-es\/?s={search_term_string}"},"query-input":{"@type":"PropertyValueSpecification","valueRequired":true,"valueName":"search_term_string"}}],"inLanguage":"va-ES"},{"@type":"Organization","@id":"https:\/\/canfali.com\/ca-es\/#organization","name":"Canfali","url":"https:\/\/canfali.com\/ca-es\/","logo":{"@type":"ImageObject","inLanguage":"va-ES","@id":"https:\/\/canfali.com\/ca-es\/#\/schema\/logo\/image\/","url":"https:\/\/canfali.com\/app\/uploads\/2025\/12\/canfali_marina_alta_logo.png","contentUrl":"https:\/\/canfali.com\/app\/uploads\/2025\/12\/canfali_marina_alta_logo.png","width":225,"height":225,"caption":"Canfali"},"image":{"@id":"https:\/\/canfali.com\/ca-es\/#\/schema\/logo\/image\/"},"sameAs":["https:\/\/es-es.facebook.com\/CANFALIMarinaAlta","https:\/\/x.com\/canfalima","https:\/\/www.instagram.com\/canfalimarinaalta\/"]},{"@type":"Person","@id":"https:\/\/canfali.com\/ca-es\/#\/schema\/person\/9c651adc904f3c4e0243f54407751557","name":"Bolta","image":{"@type":"ImageObject","inLanguage":"va-ES","@id":"https:\/\/secure.gravatar.com\/avatar\/550a5d97fe3cfba5caf077b9600e46529e1977e9d14396836e775d6d9d895a81?s=96&d=mm&r=g","url":"https:\/\/secure.gravatar.com\/avatar\/550a5d97fe3cfba5caf077b9600e46529e1977e9d14396836e775d6d9d895a81?s=96&d=mm&r=g","contentUrl":"https:\/\/secure.gravatar.com\/avatar\/550a5d97fe3cfba5caf077b9600e46529e1977e9d14396836e775d6d9d895a81?s=96&d=mm&r=g","caption":"Bolta"},"url":"https:\/\/canfali.com\/ca-es\/author\/bolta\/"}]}},"_links":{"self":[{"href":"https:\/\/canfali.com\/ca-es\/wp-json\/wp\/v2\/posts\/69873","targetHints":{"allow":["GET"]}}],"collection":[{"href":"https:\/\/canfali.com\/ca-es\/wp-json\/wp\/v2\/posts"}],"about":[{"href":"https:\/\/canfali.com\/ca-es\/wp-json\/wp\/v2\/types\/post"}],"author":[{"embeddable":true,"href":"https:\/\/canfali.com\/ca-es\/wp-json\/wp\/v2\/users\/7"}],"replies":[{"embeddable":true,"href":"https:\/\/canfali.com\/ca-es\/wp-json\/wp\/v2\/comments?post=69873"}],"version-history":[{"count":1,"href":"https:\/\/canfali.com\/ca-es\/wp-json\/wp\/v2\/posts\/69873\/revisions"}],"predecessor-version":[{"id":69874,"href":"https:\/\/canfali.com\/ca-es\/wp-json\/wp\/v2\/posts\/69873\/revisions\/69874"}],"wp:featuredmedia":[{"embeddable":true,"href":"https:\/\/canfali.com\/ca-es\/wp-json\/wp\/v2\/media\/69870"}],"wp:attachment":[{"href":"https:\/\/canfali.com\/ca-es\/wp-json\/wp\/v2\/media?parent=69873"}],"wp:term":[{"taxonomy":"category","embeddable":true,"href":"https:\/\/canfali.com\/ca-es\/wp-json\/wp\/v2\/categories?post=69873"},{"taxonomy":"post_tag","embeddable":true,"href":"https:\/\/canfali.com\/ca-es\/wp-json\/wp\/v2\/tags?post=69873"}],"curies":[{"name":"wp","href":"https:\/\/api.w.org\/{rel}","templated":true}]}}