{"id":69744,"date":"2025-07-14T11:28:29","date_gmt":"2025-07-14T09:28:29","guid":{"rendered":"https:\/\/canfali.com\/denia-impulsa-la-prevencio-daddicions-en-les-aules\/"},"modified":"2025-07-14T11:35:10","modified_gmt":"2025-07-14T09:35:10","slug":"denia-impulsa-la-prevencio-daddicions-en-les-aules","status":"publish","type":"post","link":"https:\/\/canfali.com\/ca-es\/denia-impulsa-la-prevencio-daddicions-en-les-aules\/","title":{"rendered":"D\u00e9nia impulsa la prevenci\u00f3 d&#8217;addicions en les aules"},"content":{"rendered":"\n<p><\/p>\n\n<figure class=\"wp-block-image size-large\"><img fetchpriority=\"high\" decoding=\"async\" width=\"1024\" height=\"812\" src=\"https:\/\/canfali.com\/app\/uploads\/2025\/07\/uppca-2-1024x812.jpeg\" alt=\"\" class=\"wp-image-69735\" srcset=\"https:\/\/canfali.com\/app\/uploads\/2025\/07\/uppca-2-1024x812.jpeg 1024w, https:\/\/canfali.com\/app\/uploads\/2025\/07\/uppca-2-300x238.jpeg 300w, https:\/\/canfali.com\/app\/uploads\/2025\/07\/uppca-2-768x609.jpeg 768w, https:\/\/canfali.com\/app\/uploads\/2025\/07\/uppca-2-1536x1217.jpeg 1536w, https:\/\/canfali.com\/app\/uploads\/2025\/07\/uppca-2.jpeg 1600w\" sizes=\"(max-width: 1024px) 100vw, 1024px\" \/><\/figure>\n\n<p><\/p>\n\n<p>\u00a0<br\/><br\/>La Unitat de Prevenci\u00f3 Comunit\u00e0ria en Conductes Addictives (UPCCA) de l&#8217;Ajuntament de D\u00e9nia posar\u00e0 en marxa el pr\u00f2xim curs escolar el Programa escolar per a la promoci\u00f3 del benestar emocional i la prevenci\u00f3 d\u2019addiccions. Esta iniciativa, conjunta amb les conselleria de Sanitat i d\u2019Educaci\u00f3, t\u00e9 com a objectiu principal fomentar el desenvolupament saludable de l\u2019alumnat i prevenir conductes de risc mitjan\u00e7ant l&#8217;educaci\u00f3 socioemocional i la promoci\u00f3 d&#8217;h\u00e0bits de vida saludables des dels 6 fins als 16 anys.<br\/>El programa s&#8217;implementar\u00e0 en els centres p\u00fablics i concertats que ho sol\u00b7licitin, oferint quatre programes curriculars de prevenci\u00f3 dissenyats per a cada etapa educativa. En Educaci\u00f3 Prim\u00e0ria, \u2018Contes per a conversar\u2019 (1r i 2n de Prim\u00e0ria) i \u2018L\u2019Aventura de la vida\u2019 (de 3r a 6\u00e8 de Prim\u00e0ria). En ESO, \u2018Unplugged\u2019 (1r i 2n d&#8217;ESO) i<br\/>\u2018Habilitats per a la vida i adolesc\u00e8ncia\u2019 (3r i 4t d&#8217;ESO i FP B\u00e0sica).<br\/>Aquests programes, basats en evid\u00e8ncia cient\u00edfica i alineats amb est\u00e0ndards internacionals de qualitat, seran impartits directament pel professorat dins de l&#8217;aula, integrant-se en la tasca educativa habitual. Per a m\u00e9s informaci\u00f3, es pot consultar la web oficial del programa: https:\/\/www.bienestaremocional.san.gva.es\/<br\/>El personal t\u00e8cnic de la UPCCA actuar\u00e0 com a referent especialitzat, oferint assessorament, formaci\u00f3 i acompanyament constant al personal docent. Aquest model col\u00b7laboratiu busca assegurar la qualitat i l\u2019adaptaci\u00f3 del programa a la realitat de cada centre, refor\u00e7ant el paper de la comunitat educativa en la construcci\u00f3 del benestar emocional dels estudiants.<br\/>El passat 8 de juliol es va iniciar una ronda de reunions amb els centres educatius de D\u00e9nia, la Xara i Jes\u00fas Pobre per difondre i implementar aquests programes. El CEIP Llebeig va ser el primer a rebre la presentaci\u00f3 dels materials de \u2018Contes per a conversar\u2019 i \u2018L\u2019Aventura de la vida\u2019, que treballen habilitats cognitives, emocionals i socials.<br\/>La directora del CEIP Llebeig, Luz Mart\u00edn, va mostrar una actitud molt receptiva, valorant positivament la proposta i assenyalant que \u201cencaixa plenament amb els projectes educatius i les accions que ja es duen a terme al centre\u201d.<br\/>La UPCCA de D\u00e9nia pret\u00e9n que, com a m\u00ednim, durant el pr\u00f2xim curs escolar, estos programes s&#8217;implementin de forma sistem\u00e0tica en el primer cicle de prim\u00e0ria als centres educatius del municipi. Per aix\u00f2, es fa una crida a la resta de centres de D\u00e9nia, la Xara i Jes\u00fas Pobre a posar-se en contacte amb el servei per con\u00e8ixer els materials i planificar-ne la incorporaci\u00f3.<br\/>Esta iniciativa s&#8217;uneix al programa Joves Competents, que la UPCCA ja desenvolupa des de fa 20 anys. Durant el curs passat, aquest programa va arribar a 2.378 alumnes de 14 centres educatius, demostrant el ferm comprom\u00eds del municipi amb la prevenci\u00f3. Amb aquest nou pas, D\u00e9nia continua avan\u00e7ant cap a una educaci\u00f3 integral que fomenta el benestar emocional, la resili\u00e8ncia i la presa de decisions saludables des de la inf\u00e0ncia fins a l\u2019adolesc\u00e8ncia.<\/p>\n\n<p><\/p>\n\n<p><\/p>\n\n<p><\/p>\n\n<figure class=\"wp-block-image size-large\"><img decoding=\"async\" width=\"1024\" height=\"812\" src=\"https:\/\/canfali.com\/app\/uploads\/2025\/07\/uppca-2-1-1024x812.jpeg\" alt=\"\" class=\"wp-image-69739\" srcset=\"https:\/\/canfali.com\/app\/uploads\/2025\/07\/uppca-2-1-1024x812.jpeg 1024w, https:\/\/canfali.com\/app\/uploads\/2025\/07\/uppca-2-1-300x238.jpeg 300w, https:\/\/canfali.com\/app\/uploads\/2025\/07\/uppca-2-1-768x609.jpeg 768w, https:\/\/canfali.com\/app\/uploads\/2025\/07\/uppca-2-1-1536x1217.jpeg 1536w, https:\/\/canfali.com\/app\/uploads\/2025\/07\/uppca-2-1.jpeg 1600w\" sizes=\"(max-width: 1024px) 100vw, 1024px\" \/><\/figure>\n","protected":false},"excerpt":{"rendered":"\u00a0 La Unitat de Prevenci\u00f3 Comunit\u00e0ria en Conductes Addictives (UPCCA) de l&#8217;Ajuntament de D\u00e9nia posar\u00e0 en marxa el&hellip;","protected":false},"author":7,"featured_media":69734,"comment_status":"closed","ping_status":"closed","sticky":false,"template":"","format":"standard","meta":{"csco_display_header_overlay":false,"csco_singular_sidebar":"","csco_page_header_type":"","csco_page_load_nextpost":"","csco_post_video_location":[],"csco_post_video_location_hash":"","csco_post_video_url":"","csco_post_video_bg_start_time":0,"csco_post_video_bg_end_time":0,"footnotes":""},"categories":[574],"tags":[764,1242,763,2928],"class_list":{"0":"post-69744","1":"post","2":"type-post","3":"status-publish","4":"format-standard","5":"has-post-thumbnail","7":"category-sociedad-2","8":"tag-collegis","9":"tag-drogues","10":"tag-educacio","11":"tag-prevencio-ca-es","12":"cs-entry","13":"cs-video-wrap"},"yoast_head":"<!-- This site is optimized with the Yoast SEO Premium plugin v26.6 (Yoast SEO v27.3) - https:\/\/yoast.com\/product\/yoast-seo-premium-wordpress\/ -->\n<title>D\u00e9nia impulsa la prevenci\u00f3 d&#039;addicions en les aules - Canfali<\/title>\n<meta name=\"robots\" content=\"index, follow, max-snippet:-1, max-image-preview:large, max-video-preview:-1\" \/>\n<link rel=\"canonical\" href=\"https:\/\/canfali.com\/ca-es\/denia-impulsa-la-prevencio-daddicions-en-les-aules\/\" \/>\n<meta property=\"og:locale\" content=\"en_US\" \/>\n<meta property=\"og:type\" content=\"article\" \/>\n<meta property=\"og:title\" content=\"D\u00e9nia impulsa la prevenci\u00f3 d&#039;addicions en les aules\" \/>\n<meta property=\"og:description\" content=\"\u00a0 La Unitat de Prevenci\u00f3 Comunit\u00e0ria en Conductes Addictives (UPCCA) de l&#8217;Ajuntament de D\u00e9nia posar\u00e0 en marxa el&hellip;\" \/>\n<meta property=\"og:url\" content=\"https:\/\/canfali.com\/ca-es\/denia-impulsa-la-prevencio-daddicions-en-les-aules\/\" \/>\n<meta property=\"og:site_name\" content=\"Canfali\" \/>\n<meta property=\"article:publisher\" content=\"https:\/\/es-es.facebook.com\/CANFALIMarinaAlta\" \/>\n<meta property=\"article:published_time\" content=\"2025-07-14T09:28:29+00:00\" \/>\n<meta property=\"article:modified_time\" content=\"2025-07-14T09:35:10+00:00\" \/>\n<meta property=\"og:image\" content=\"https:\/\/canfali.com\/app\/uploads\/2025\/07\/uppca-1.jpeg\" \/>\n\t<meta property=\"og:image:width\" content=\"1600\" \/>\n\t<meta property=\"og:image:height\" content=\"1486\" \/>\n\t<meta property=\"og:image:type\" content=\"image\/jpeg\" \/>\n<meta name=\"author\" content=\"Bolta\" \/>\n<meta name=\"twitter:card\" content=\"summary_large_image\" \/>\n<meta name=\"twitter:creator\" content=\"@canfalima\" \/>\n<meta name=\"twitter:site\" content=\"@canfalima\" \/>\n<meta name=\"twitter:label1\" content=\"Written by\" \/>\n\t<meta name=\"twitter:data1\" content=\"Bolta\" \/>\n\t<meta name=\"twitter:label2\" content=\"Est. reading time\" \/>\n\t<meta name=\"twitter:data2\" content=\"3 minutes\" \/>\n<script type=\"application\/ld+json\" class=\"yoast-schema-graph\">{\"@context\":\"https:\\\/\\\/schema.org\",\"@graph\":[{\"@type\":\"NewsArticle\",\"@id\":\"https:\\\/\\\/canfali.com\\\/ca-es\\\/denia-impulsa-la-prevencio-daddicions-en-les-aules\\\/#article\",\"isPartOf\":{\"@id\":\"https:\\\/\\\/canfali.com\\\/ca-es\\\/denia-impulsa-la-prevencio-daddicions-en-les-aules\\\/\"},\"author\":{\"name\":\"Bolta\",\"@id\":\"https:\\\/\\\/canfali.com\\\/ca-es\\\/#\\\/schema\\\/person\\\/9c651adc904f3c4e0243f54407751557\"},\"headline\":\"D\u00e9nia impulsa la prevenci\u00f3 d&#8217;addicions en les aules\",\"datePublished\":\"2025-07-14T09:28:29+00:00\",\"dateModified\":\"2025-07-14T09:35:10+00:00\",\"mainEntityOfPage\":{\"@id\":\"https:\\\/\\\/canfali.com\\\/ca-es\\\/denia-impulsa-la-prevencio-daddicions-en-les-aules\\\/\"},\"wordCount\":532,\"publisher\":{\"@id\":\"https:\\\/\\\/canfali.com\\\/ca-es\\\/#organization\"},\"image\":{\"@id\":\"https:\\\/\\\/canfali.com\\\/ca-es\\\/denia-impulsa-la-prevencio-daddicions-en-les-aules\\\/#primaryimage\"},\"thumbnailUrl\":\"https:\\\/\\\/canfali.com\\\/app\\\/uploads\\\/2025\\\/07\\\/uppca-1.jpeg\",\"keywords\":[\"col\u00b7legis\",\"drogues\",\"educaci\u00f3\",\"prevenci\u00f3\"],\"articleSection\":[\"Sociedad\"],\"inLanguage\":\"va-ES\",\"copyrightYear\":\"2025\",\"copyrightHolder\":{\"@id\":\"https:\\\/\\\/canfali.com\\\/#organization\"}},{\"@type\":\"WebPage\",\"@id\":\"https:\\\/\\\/canfali.com\\\/ca-es\\\/denia-impulsa-la-prevencio-daddicions-en-les-aules\\\/\",\"url\":\"https:\\\/\\\/canfali.com\\\/ca-es\\\/denia-impulsa-la-prevencio-daddicions-en-les-aules\\\/\",\"name\":\"D\u00e9nia impulsa la prevenci\u00f3 d'addicions en les aules - Canfali\",\"isPartOf\":{\"@id\":\"https:\\\/\\\/canfali.com\\\/ca-es\\\/#website\"},\"primaryImageOfPage\":{\"@id\":\"https:\\\/\\\/canfali.com\\\/ca-es\\\/denia-impulsa-la-prevencio-daddicions-en-les-aules\\\/#primaryimage\"},\"image\":{\"@id\":\"https:\\\/\\\/canfali.com\\\/ca-es\\\/denia-impulsa-la-prevencio-daddicions-en-les-aules\\\/#primaryimage\"},\"thumbnailUrl\":\"https:\\\/\\\/canfali.com\\\/app\\\/uploads\\\/2025\\\/07\\\/uppca-1.jpeg\",\"datePublished\":\"2025-07-14T09:28:29+00:00\",\"dateModified\":\"2025-07-14T09:35:10+00:00\",\"breadcrumb\":{\"@id\":\"https:\\\/\\\/canfali.com\\\/ca-es\\\/denia-impulsa-la-prevencio-daddicions-en-les-aules\\\/#breadcrumb\"},\"inLanguage\":\"va-ES\",\"potentialAction\":[{\"@type\":\"ReadAction\",\"target\":[\"https:\\\/\\\/canfali.com\\\/ca-es\\\/denia-impulsa-la-prevencio-daddicions-en-les-aules\\\/\"]}]},{\"@type\":\"ImageObject\",\"inLanguage\":\"va-ES\",\"@id\":\"https:\\\/\\\/canfali.com\\\/ca-es\\\/denia-impulsa-la-prevencio-daddicions-en-les-aules\\\/#primaryimage\",\"url\":\"https:\\\/\\\/canfali.com\\\/app\\\/uploads\\\/2025\\\/07\\\/uppca-1.jpeg\",\"contentUrl\":\"https:\\\/\\\/canfali.com\\\/app\\\/uploads\\\/2025\\\/07\\\/uppca-1.jpeg\",\"width\":1600,\"height\":1486},{\"@type\":\"BreadcrumbList\",\"@id\":\"https:\\\/\\\/canfali.com\\\/ca-es\\\/denia-impulsa-la-prevencio-daddicions-en-les-aules\\\/#breadcrumb\",\"itemListElement\":[{\"@type\":\"ListItem\",\"position\":1,\"name\":\"Portada\",\"item\":\"https:\\\/\\\/canfali.com\\\/ca-es\\\/\"},{\"@type\":\"ListItem\",\"position\":2,\"name\":\"D\u00e9nia impulsa la prevenci\u00f3 d&#8217;addicions en les aules\"}]},{\"@type\":\"WebSite\",\"@id\":\"https:\\\/\\\/canfali.com\\\/ca-es\\\/#website\",\"url\":\"https:\\\/\\\/canfali.com\\\/ca-es\\\/\",\"name\":\"Canfali\",\"description\":\"\",\"publisher\":{\"@id\":\"https:\\\/\\\/canfali.com\\\/ca-es\\\/#organization\"},\"potentialAction\":[{\"@type\":\"SearchAction\",\"target\":{\"@type\":\"EntryPoint\",\"urlTemplate\":\"https:\\\/\\\/canfali.com\\\/ca-es\\\/?s={search_term_string}\"},\"query-input\":{\"@type\":\"PropertyValueSpecification\",\"valueRequired\":true,\"valueName\":\"search_term_string\"}}],\"inLanguage\":\"va-ES\"},{\"@type\":\"Organization\",\"@id\":\"https:\\\/\\\/canfali.com\\\/ca-es\\\/#organization\",\"name\":\"Canfali\",\"url\":\"https:\\\/\\\/canfali.com\\\/ca-es\\\/\",\"logo\":{\"@type\":\"ImageObject\",\"inLanguage\":\"va-ES\",\"@id\":\"https:\\\/\\\/canfali.com\\\/ca-es\\\/#\\\/schema\\\/logo\\\/image\\\/\",\"url\":\"https:\\\/\\\/canfali.com\\\/app\\\/uploads\\\/2025\\\/12\\\/canfali_marina_alta_logo.png\",\"contentUrl\":\"https:\\\/\\\/canfali.com\\\/app\\\/uploads\\\/2025\\\/12\\\/canfali_marina_alta_logo.png\",\"width\":225,\"height\":225,\"caption\":\"Canfali\"},\"image\":{\"@id\":\"https:\\\/\\\/canfali.com\\\/ca-es\\\/#\\\/schema\\\/logo\\\/image\\\/\"},\"sameAs\":[\"https:\\\/\\\/es-es.facebook.com\\\/CANFALIMarinaAlta\",\"https:\\\/\\\/x.com\\\/canfalima\",\"https:\\\/\\\/www.instagram.com\\\/canfalimarinaalta\\\/\"]},{\"@type\":\"Person\",\"@id\":\"https:\\\/\\\/canfali.com\\\/ca-es\\\/#\\\/schema\\\/person\\\/9c651adc904f3c4e0243f54407751557\",\"name\":\"Bolta\",\"image\":{\"@type\":\"ImageObject\",\"inLanguage\":\"va-ES\",\"@id\":\"https:\\\/\\\/secure.gravatar.com\\\/avatar\\\/550a5d97fe3cfba5caf077b9600e46529e1977e9d14396836e775d6d9d895a81?s=96&d=mm&r=g\",\"url\":\"https:\\\/\\\/secure.gravatar.com\\\/avatar\\\/550a5d97fe3cfba5caf077b9600e46529e1977e9d14396836e775d6d9d895a81?s=96&d=mm&r=g\",\"contentUrl\":\"https:\\\/\\\/secure.gravatar.com\\\/avatar\\\/550a5d97fe3cfba5caf077b9600e46529e1977e9d14396836e775d6d9d895a81?s=96&d=mm&r=g\",\"caption\":\"Bolta\"},\"url\":\"https:\\\/\\\/canfali.com\\\/ca-es\\\/author\\\/bolta\\\/\"}]}<\/script>\n<!-- \/ Yoast SEO Premium plugin. -->","yoast_head_json":{"title":"D\u00e9nia impulsa la prevenci\u00f3 d'addicions en les aules - Canfali","robots":{"index":"index","follow":"follow","max-snippet":"max-snippet:-1","max-image-preview":"max-image-preview:large","max-video-preview":"max-video-preview:-1"},"canonical":"https:\/\/canfali.com\/ca-es\/denia-impulsa-la-prevencio-daddicions-en-les-aules\/","og_locale":"en_US","og_type":"article","og_title":"D\u00e9nia impulsa la prevenci\u00f3 d'addicions en les aules","og_description":"\u00a0 La Unitat de Prevenci\u00f3 Comunit\u00e0ria en Conductes Addictives (UPCCA) de l&#8217;Ajuntament de D\u00e9nia posar\u00e0 en marxa el&hellip;","og_url":"https:\/\/canfali.com\/ca-es\/denia-impulsa-la-prevencio-daddicions-en-les-aules\/","og_site_name":"Canfali","article_publisher":"https:\/\/es-es.facebook.com\/CANFALIMarinaAlta","article_published_time":"2025-07-14T09:28:29+00:00","article_modified_time":"2025-07-14T09:35:10+00:00","og_image":[{"width":1600,"height":1486,"url":"https:\/\/canfali.com\/app\/uploads\/2025\/07\/uppca-1.jpeg","type":"image\/jpeg"}],"author":"Bolta","twitter_card":"summary_large_image","twitter_creator":"@canfalima","twitter_site":"@canfalima","twitter_misc":{"Written by":"Bolta","Est. reading time":"3 minutes"},"schema":{"@context":"https:\/\/schema.org","@graph":[{"@type":"NewsArticle","@id":"https:\/\/canfali.com\/ca-es\/denia-impulsa-la-prevencio-daddicions-en-les-aules\/#article","isPartOf":{"@id":"https:\/\/canfali.com\/ca-es\/denia-impulsa-la-prevencio-daddicions-en-les-aules\/"},"author":{"name":"Bolta","@id":"https:\/\/canfali.com\/ca-es\/#\/schema\/person\/9c651adc904f3c4e0243f54407751557"},"headline":"D\u00e9nia impulsa la prevenci\u00f3 d&#8217;addicions en les aules","datePublished":"2025-07-14T09:28:29+00:00","dateModified":"2025-07-14T09:35:10+00:00","mainEntityOfPage":{"@id":"https:\/\/canfali.com\/ca-es\/denia-impulsa-la-prevencio-daddicions-en-les-aules\/"},"wordCount":532,"publisher":{"@id":"https:\/\/canfali.com\/ca-es\/#organization"},"image":{"@id":"https:\/\/canfali.com\/ca-es\/denia-impulsa-la-prevencio-daddicions-en-les-aules\/#primaryimage"},"thumbnailUrl":"https:\/\/canfali.com\/app\/uploads\/2025\/07\/uppca-1.jpeg","keywords":["col\u00b7legis","drogues","educaci\u00f3","prevenci\u00f3"],"articleSection":["Sociedad"],"inLanguage":"va-ES","copyrightYear":"2025","copyrightHolder":{"@id":"https:\/\/canfali.com\/#organization"}},{"@type":"WebPage","@id":"https:\/\/canfali.com\/ca-es\/denia-impulsa-la-prevencio-daddicions-en-les-aules\/","url":"https:\/\/canfali.com\/ca-es\/denia-impulsa-la-prevencio-daddicions-en-les-aules\/","name":"D\u00e9nia impulsa la prevenci\u00f3 d'addicions en les aules - Canfali","isPartOf":{"@id":"https:\/\/canfali.com\/ca-es\/#website"},"primaryImageOfPage":{"@id":"https:\/\/canfali.com\/ca-es\/denia-impulsa-la-prevencio-daddicions-en-les-aules\/#primaryimage"},"image":{"@id":"https:\/\/canfali.com\/ca-es\/denia-impulsa-la-prevencio-daddicions-en-les-aules\/#primaryimage"},"thumbnailUrl":"https:\/\/canfali.com\/app\/uploads\/2025\/07\/uppca-1.jpeg","datePublished":"2025-07-14T09:28:29+00:00","dateModified":"2025-07-14T09:35:10+00:00","breadcrumb":{"@id":"https:\/\/canfali.com\/ca-es\/denia-impulsa-la-prevencio-daddicions-en-les-aules\/#breadcrumb"},"inLanguage":"va-ES","potentialAction":[{"@type":"ReadAction","target":["https:\/\/canfali.com\/ca-es\/denia-impulsa-la-prevencio-daddicions-en-les-aules\/"]}]},{"@type":"ImageObject","inLanguage":"va-ES","@id":"https:\/\/canfali.com\/ca-es\/denia-impulsa-la-prevencio-daddicions-en-les-aules\/#primaryimage","url":"https:\/\/canfali.com\/app\/uploads\/2025\/07\/uppca-1.jpeg","contentUrl":"https:\/\/canfali.com\/app\/uploads\/2025\/07\/uppca-1.jpeg","width":1600,"height":1486},{"@type":"BreadcrumbList","@id":"https:\/\/canfali.com\/ca-es\/denia-impulsa-la-prevencio-daddicions-en-les-aules\/#breadcrumb","itemListElement":[{"@type":"ListItem","position":1,"name":"Portada","item":"https:\/\/canfali.com\/ca-es\/"},{"@type":"ListItem","position":2,"name":"D\u00e9nia impulsa la prevenci\u00f3 d&#8217;addicions en les aules"}]},{"@type":"WebSite","@id":"https:\/\/canfali.com\/ca-es\/#website","url":"https:\/\/canfali.com\/ca-es\/","name":"Canfali","description":"","publisher":{"@id":"https:\/\/canfali.com\/ca-es\/#organization"},"potentialAction":[{"@type":"SearchAction","target":{"@type":"EntryPoint","urlTemplate":"https:\/\/canfali.com\/ca-es\/?s={search_term_string}"},"query-input":{"@type":"PropertyValueSpecification","valueRequired":true,"valueName":"search_term_string"}}],"inLanguage":"va-ES"},{"@type":"Organization","@id":"https:\/\/canfali.com\/ca-es\/#organization","name":"Canfali","url":"https:\/\/canfali.com\/ca-es\/","logo":{"@type":"ImageObject","inLanguage":"va-ES","@id":"https:\/\/canfali.com\/ca-es\/#\/schema\/logo\/image\/","url":"https:\/\/canfali.com\/app\/uploads\/2025\/12\/canfali_marina_alta_logo.png","contentUrl":"https:\/\/canfali.com\/app\/uploads\/2025\/12\/canfali_marina_alta_logo.png","width":225,"height":225,"caption":"Canfali"},"image":{"@id":"https:\/\/canfali.com\/ca-es\/#\/schema\/logo\/image\/"},"sameAs":["https:\/\/es-es.facebook.com\/CANFALIMarinaAlta","https:\/\/x.com\/canfalima","https:\/\/www.instagram.com\/canfalimarinaalta\/"]},{"@type":"Person","@id":"https:\/\/canfali.com\/ca-es\/#\/schema\/person\/9c651adc904f3c4e0243f54407751557","name":"Bolta","image":{"@type":"ImageObject","inLanguage":"va-ES","@id":"https:\/\/secure.gravatar.com\/avatar\/550a5d97fe3cfba5caf077b9600e46529e1977e9d14396836e775d6d9d895a81?s=96&d=mm&r=g","url":"https:\/\/secure.gravatar.com\/avatar\/550a5d97fe3cfba5caf077b9600e46529e1977e9d14396836e775d6d9d895a81?s=96&d=mm&r=g","contentUrl":"https:\/\/secure.gravatar.com\/avatar\/550a5d97fe3cfba5caf077b9600e46529e1977e9d14396836e775d6d9d895a81?s=96&d=mm&r=g","caption":"Bolta"},"url":"https:\/\/canfali.com\/ca-es\/author\/bolta\/"}]}},"_links":{"self":[{"href":"https:\/\/canfali.com\/ca-es\/wp-json\/wp\/v2\/posts\/69744","targetHints":{"allow":["GET"]}}],"collection":[{"href":"https:\/\/canfali.com\/ca-es\/wp-json\/wp\/v2\/posts"}],"about":[{"href":"https:\/\/canfali.com\/ca-es\/wp-json\/wp\/v2\/types\/post"}],"author":[{"embeddable":true,"href":"https:\/\/canfali.com\/ca-es\/wp-json\/wp\/v2\/users\/7"}],"replies":[{"embeddable":true,"href":"https:\/\/canfali.com\/ca-es\/wp-json\/wp\/v2\/comments?post=69744"}],"version-history":[{"count":1,"href":"https:\/\/canfali.com\/ca-es\/wp-json\/wp\/v2\/posts\/69744\/revisions"}],"predecessor-version":[{"id":69745,"href":"https:\/\/canfali.com\/ca-es\/wp-json\/wp\/v2\/posts\/69744\/revisions\/69745"}],"wp:featuredmedia":[{"embeddable":true,"href":"https:\/\/canfali.com\/ca-es\/wp-json\/wp\/v2\/media\/69734"}],"wp:attachment":[{"href":"https:\/\/canfali.com\/ca-es\/wp-json\/wp\/v2\/media?parent=69744"}],"wp:term":[{"taxonomy":"category","embeddable":true,"href":"https:\/\/canfali.com\/ca-es\/wp-json\/wp\/v2\/categories?post=69744"},{"taxonomy":"post_tag","embeddable":true,"href":"https:\/\/canfali.com\/ca-es\/wp-json\/wp\/v2\/tags?post=69744"}],"curies":[{"name":"wp","href":"https:\/\/api.w.org\/{rel}","templated":true}]}}