{"id":69495,"date":"2025-07-11T18:17:51","date_gmt":"2025-07-11T16:17:51","guid":{"rendered":"https:\/\/canfali.com\/campanya-de-promocio-de-les-compres-a-denia\/"},"modified":"2025-07-11T18:23:21","modified_gmt":"2025-07-11T16:23:21","slug":"campanya-de-promocio-de-les-compres-a-denia","status":"publish","type":"post","link":"https:\/\/canfali.com\/ca-es\/campanya-de-promocio-de-les-compres-a-denia\/","title":{"rendered":"Campanya de promoci\u00f3 de les compres a D\u00e9nia"},"content":{"rendered":"\n<p><\/p>\n\n<p>L\u2019Ajuntament de D\u00e9nia posa en marxa la campanya \u201cCom m\u00e9s comer\u00e7, m\u00e9s cultura\u201d, una acci\u00f3 promocional que premiar\u00e0 els compres en els establiments de la ciutat amb entrades per a actes culturals i festius durant els mesos de juliol i agost. A m\u00e9s, \u00e9s pret\u00e9n incentivar l\u2019\u00fas de l\u2019app municipal D-D\u00e9nia, a trav\u00e9s de la qual \u00e9s canalitzar\u00e0 la participaci\u00f3. <br\/>\t<\/p>\n\n<p>\u00c9s tracta d\u2019una iniciativa de la Regidoria de Comer\u00e7 amb la col.laboraci\u00f3 del Creama. Podr\u00e0 participar qualsevol persona major d\u2019edat que realitze una compra en els comer\u00e7os minoristes o de serveis ubicats al terme municipal de D\u00e9nia entre l\u201911 de juliol i el 19 d\u2019agost de 2025. Per a fer-ho, simplement haur\u00e0 de licitar una fotografia del tiquet de compra a trav\u00e9s de l\u2019apartat \u201cPromocions \/ Sortejos\u201d de l\u2019app D-D\u00e9nia.<br\/>\t<\/p>\n\n<p>Cada 10 \u20ac de compra generaren una participaci\u00f3 autom\u00e0tica en els sortejos setmanals. S\u2019admetran tiquets de qualsevol import, que aniran acumulant-es. Queden fora d\u2019aquesta promoci\u00f3 els tiquets procedents de bena ambulant, farm\u00e0cies, grans superf\u00edcies d\u2019alimentaci\u00f3, gasolineres, estancs, hostaleria, allotjament, serveis recreatius i punts de bena de loteries i apostes.<br\/>\t<\/p>\n\n<p>\u00c9s repartiran entrades per a diversos espectacles culturals i festius programats a D\u00e9nia durant l\u2019estiu. Cada dimecres, abans de la celebraci\u00f3 de l\u2019esdeveniment, \u00e9s far\u00e0 un sorteig entre totes els persones participants.<br\/>\t <\/p>\n\n<p>\u201cCom m\u00e9s comer\u00e7 m\u00e9s cultura\u201d \u00e9s una a posta pel consum responsable, l\u2019economia de proximitat i la vida cultural de la nostra ciutat.<br\/>\t<\/p>\n\n<p>La regidora de Comer\u00e7, Maria Jos\u00e9 Garcia, ha destacat que \u201camb aquesta campanya fem visible el vincle tan valu\u00f3s que existeix entre el comer\u00e7 local i la cultura. Donar suport als nostres comer\u00e7os \u00e9s, al mateix temps, donar suport a la vida que volem per a D\u00e9nia: una ciutat viva, amb gent als carrers, amb cultura, m\u00fasica, arts i festes per a compartir\u201d.<br\/>\t<\/p>\n\n<p>Garcia tamb\u00e9 ha volgut posar en valor el paper de l&#8217;app D-D\u00e9nia com a eina de dinamitzaci\u00f3 local: \u201cVolem que la ciutadania conega els possibilitats que ofereix l\u2019app D-D\u00e9nia i que la tinga com a refer\u00e8ncia per estar informada i participar activament en els iniciatives municipals\u201d. <br\/><\/p>\n","protected":false},"excerpt":{"rendered":"L\u2019Ajuntament de D\u00e9nia posa en marxa la campanya \u201cCom m\u00e9s comer\u00e7, m\u00e9s cultura\u201d, una acci\u00f3 promocional que premiar\u00e0&hellip;","protected":false},"author":7,"featured_media":69493,"comment_status":"closed","ping_status":"closed","sticky":false,"template":"","format":"standard","meta":{"csco_display_header_overlay":false,"csco_singular_sidebar":"","csco_page_header_type":"","csco_page_load_nextpost":"","csco_post_video_location":[],"csco_post_video_location_hash":"","csco_post_video_url":"","csco_post_video_bg_start_time":0,"csco_post_video_bg_end_time":0,"footnotes":""},"categories":[607],"tags":[2154,2181,2579],"class_list":{"0":"post-69495","1":"post","2":"type-post","3":"status-publish","4":"format-standard","5":"has-post-thumbnail","7":"category-economia-i-empreses","8":"tag-comerc-ca-es","9":"tag-compras-ca-es","10":"tag-promocio-ca-es-2","11":"cs-entry","12":"cs-video-wrap"},"yoast_head":"<!-- This site is optimized with the Yoast SEO Premium plugin v26.6 (Yoast SEO v27.3) - https:\/\/yoast.com\/product\/yoast-seo-premium-wordpress\/ -->\n<title>Campanya de promoci\u00f3 de les compres a D\u00e9nia - Canfali<\/title>\n<meta name=\"robots\" content=\"index, follow, max-snippet:-1, max-image-preview:large, max-video-preview:-1\" \/>\n<link rel=\"canonical\" href=\"https:\/\/canfali.com\/ca-es\/campanya-de-promocio-de-les-compres-a-denia\/\" \/>\n<meta property=\"og:locale\" content=\"en_US\" \/>\n<meta property=\"og:type\" content=\"article\" \/>\n<meta property=\"og:title\" content=\"Campanya de promoci\u00f3 de les compres a D\u00e9nia\" \/>\n<meta property=\"og:description\" content=\"L\u2019Ajuntament de D\u00e9nia posa en marxa la campanya \u201cCom m\u00e9s comer\u00e7, m\u00e9s cultura\u201d, una acci\u00f3 promocional que premiar\u00e0&hellip;\" \/>\n<meta property=\"og:url\" content=\"https:\/\/canfali.com\/ca-es\/campanya-de-promocio-de-les-compres-a-denia\/\" \/>\n<meta property=\"og:site_name\" content=\"Canfali\" \/>\n<meta property=\"article:publisher\" content=\"https:\/\/es-es.facebook.com\/CANFALIMarinaAlta\" \/>\n<meta property=\"article:published_time\" content=\"2025-07-11T16:17:51+00:00\" \/>\n<meta property=\"article:modified_time\" content=\"2025-07-11T16:23:21+00:00\" \/>\n<meta property=\"og:image\" content=\"https:\/\/canfali.com\/app\/uploads\/2025\/07\/7407f1.jpg\" \/>\n\t<meta property=\"og:image:width\" content=\"650\" \/>\n\t<meta property=\"og:image:height\" content=\"919\" \/>\n\t<meta property=\"og:image:type\" content=\"image\/jpeg\" \/>\n<meta name=\"author\" content=\"Bolta\" \/>\n<meta name=\"twitter:card\" content=\"summary_large_image\" \/>\n<meta name=\"twitter:creator\" content=\"@canfalima\" \/>\n<meta name=\"twitter:site\" content=\"@canfalima\" \/>\n<meta name=\"twitter:label1\" content=\"Written by\" \/>\n\t<meta name=\"twitter:data1\" content=\"Bolta\" \/>\n\t<meta name=\"twitter:label2\" content=\"Est. reading time\" \/>\n\t<meta name=\"twitter:data2\" content=\"2 minutes\" \/>\n<script type=\"application\/ld+json\" class=\"yoast-schema-graph\">{\"@context\":\"https:\\\/\\\/schema.org\",\"@graph\":[{\"@type\":\"NewsArticle\",\"@id\":\"https:\\\/\\\/canfali.com\\\/ca-es\\\/campanya-de-promocio-de-les-compres-a-denia\\\/#article\",\"isPartOf\":{\"@id\":\"https:\\\/\\\/canfali.com\\\/ca-es\\\/campanya-de-promocio-de-les-compres-a-denia\\\/\"},\"author\":{\"name\":\"Bolta\",\"@id\":\"https:\\\/\\\/canfali.com\\\/ca-es\\\/#\\\/schema\\\/person\\\/9c651adc904f3c4e0243f54407751557\"},\"headline\":\"Campanya de promoci\u00f3 de les compres a D\u00e9nia\",\"datePublished\":\"2025-07-11T16:17:51+00:00\",\"dateModified\":\"2025-07-11T16:23:21+00:00\",\"mainEntityOfPage\":{\"@id\":\"https:\\\/\\\/canfali.com\\\/ca-es\\\/campanya-de-promocio-de-les-compres-a-denia\\\/\"},\"wordCount\":388,\"publisher\":{\"@id\":\"https:\\\/\\\/canfali.com\\\/ca-es\\\/#organization\"},\"image\":{\"@id\":\"https:\\\/\\\/canfali.com\\\/ca-es\\\/campanya-de-promocio-de-les-compres-a-denia\\\/#primaryimage\"},\"thumbnailUrl\":\"https:\\\/\\\/canfali.com\\\/app\\\/uploads\\\/2025\\\/07\\\/7407f1.jpg\",\"keywords\":[\"comer\u00e7\",\"compras\",\"promoci\u00f3\"],\"articleSection\":[\"Economia i Empreses\"],\"inLanguage\":\"va-ES\",\"copyrightYear\":\"2025\",\"copyrightHolder\":{\"@id\":\"https:\\\/\\\/canfali.com\\\/#organization\"}},{\"@type\":\"WebPage\",\"@id\":\"https:\\\/\\\/canfali.com\\\/ca-es\\\/campanya-de-promocio-de-les-compres-a-denia\\\/\",\"url\":\"https:\\\/\\\/canfali.com\\\/ca-es\\\/campanya-de-promocio-de-les-compres-a-denia\\\/\",\"name\":\"Campanya de promoci\u00f3 de les compres a D\u00e9nia - Canfali\",\"isPartOf\":{\"@id\":\"https:\\\/\\\/canfali.com\\\/ca-es\\\/#website\"},\"primaryImageOfPage\":{\"@id\":\"https:\\\/\\\/canfali.com\\\/ca-es\\\/campanya-de-promocio-de-les-compres-a-denia\\\/#primaryimage\"},\"image\":{\"@id\":\"https:\\\/\\\/canfali.com\\\/ca-es\\\/campanya-de-promocio-de-les-compres-a-denia\\\/#primaryimage\"},\"thumbnailUrl\":\"https:\\\/\\\/canfali.com\\\/app\\\/uploads\\\/2025\\\/07\\\/7407f1.jpg\",\"datePublished\":\"2025-07-11T16:17:51+00:00\",\"dateModified\":\"2025-07-11T16:23:21+00:00\",\"breadcrumb\":{\"@id\":\"https:\\\/\\\/canfali.com\\\/ca-es\\\/campanya-de-promocio-de-les-compres-a-denia\\\/#breadcrumb\"},\"inLanguage\":\"va-ES\",\"potentialAction\":[{\"@type\":\"ReadAction\",\"target\":[\"https:\\\/\\\/canfali.com\\\/ca-es\\\/campanya-de-promocio-de-les-compres-a-denia\\\/\"]}]},{\"@type\":\"ImageObject\",\"inLanguage\":\"va-ES\",\"@id\":\"https:\\\/\\\/canfali.com\\\/ca-es\\\/campanya-de-promocio-de-les-compres-a-denia\\\/#primaryimage\",\"url\":\"https:\\\/\\\/canfali.com\\\/app\\\/uploads\\\/2025\\\/07\\\/7407f1.jpg\",\"contentUrl\":\"https:\\\/\\\/canfali.com\\\/app\\\/uploads\\\/2025\\\/07\\\/7407f1.jpg\",\"width\":650,\"height\":919},{\"@type\":\"BreadcrumbList\",\"@id\":\"https:\\\/\\\/canfali.com\\\/ca-es\\\/campanya-de-promocio-de-les-compres-a-denia\\\/#breadcrumb\",\"itemListElement\":[{\"@type\":\"ListItem\",\"position\":1,\"name\":\"Portada\",\"item\":\"https:\\\/\\\/canfali.com\\\/ca-es\\\/\"},{\"@type\":\"ListItem\",\"position\":2,\"name\":\"Campanya de promoci\u00f3 de les compres a D\u00e9nia\"}]},{\"@type\":\"WebSite\",\"@id\":\"https:\\\/\\\/canfali.com\\\/ca-es\\\/#website\",\"url\":\"https:\\\/\\\/canfali.com\\\/ca-es\\\/\",\"name\":\"Canfali\",\"description\":\"\",\"publisher\":{\"@id\":\"https:\\\/\\\/canfali.com\\\/ca-es\\\/#organization\"},\"potentialAction\":[{\"@type\":\"SearchAction\",\"target\":{\"@type\":\"EntryPoint\",\"urlTemplate\":\"https:\\\/\\\/canfali.com\\\/ca-es\\\/?s={search_term_string}\"},\"query-input\":{\"@type\":\"PropertyValueSpecification\",\"valueRequired\":true,\"valueName\":\"search_term_string\"}}],\"inLanguage\":\"va-ES\"},{\"@type\":\"Organization\",\"@id\":\"https:\\\/\\\/canfali.com\\\/ca-es\\\/#organization\",\"name\":\"Canfali\",\"url\":\"https:\\\/\\\/canfali.com\\\/ca-es\\\/\",\"logo\":{\"@type\":\"ImageObject\",\"inLanguage\":\"va-ES\",\"@id\":\"https:\\\/\\\/canfali.com\\\/ca-es\\\/#\\\/schema\\\/logo\\\/image\\\/\",\"url\":\"https:\\\/\\\/canfali.com\\\/app\\\/uploads\\\/2025\\\/12\\\/canfali_marina_alta_logo.png\",\"contentUrl\":\"https:\\\/\\\/canfali.com\\\/app\\\/uploads\\\/2025\\\/12\\\/canfali_marina_alta_logo.png\",\"width\":225,\"height\":225,\"caption\":\"Canfali\"},\"image\":{\"@id\":\"https:\\\/\\\/canfali.com\\\/ca-es\\\/#\\\/schema\\\/logo\\\/image\\\/\"},\"sameAs\":[\"https:\\\/\\\/es-es.facebook.com\\\/CANFALIMarinaAlta\",\"https:\\\/\\\/x.com\\\/canfalima\",\"https:\\\/\\\/www.instagram.com\\\/canfalimarinaalta\\\/\"]},{\"@type\":\"Person\",\"@id\":\"https:\\\/\\\/canfali.com\\\/ca-es\\\/#\\\/schema\\\/person\\\/9c651adc904f3c4e0243f54407751557\",\"name\":\"Bolta\",\"image\":{\"@type\":\"ImageObject\",\"inLanguage\":\"va-ES\",\"@id\":\"https:\\\/\\\/secure.gravatar.com\\\/avatar\\\/550a5d97fe3cfba5caf077b9600e46529e1977e9d14396836e775d6d9d895a81?s=96&d=mm&r=g\",\"url\":\"https:\\\/\\\/secure.gravatar.com\\\/avatar\\\/550a5d97fe3cfba5caf077b9600e46529e1977e9d14396836e775d6d9d895a81?s=96&d=mm&r=g\",\"contentUrl\":\"https:\\\/\\\/secure.gravatar.com\\\/avatar\\\/550a5d97fe3cfba5caf077b9600e46529e1977e9d14396836e775d6d9d895a81?s=96&d=mm&r=g\",\"caption\":\"Bolta\"},\"url\":\"https:\\\/\\\/canfali.com\\\/ca-es\\\/author\\\/bolta\\\/\"}]}<\/script>\n<!-- \/ Yoast SEO Premium plugin. -->","yoast_head_json":{"title":"Campanya de promoci\u00f3 de les compres a D\u00e9nia - Canfali","robots":{"index":"index","follow":"follow","max-snippet":"max-snippet:-1","max-image-preview":"max-image-preview:large","max-video-preview":"max-video-preview:-1"},"canonical":"https:\/\/canfali.com\/ca-es\/campanya-de-promocio-de-les-compres-a-denia\/","og_locale":"en_US","og_type":"article","og_title":"Campanya de promoci\u00f3 de les compres a D\u00e9nia","og_description":"L\u2019Ajuntament de D\u00e9nia posa en marxa la campanya \u201cCom m\u00e9s comer\u00e7, m\u00e9s cultura\u201d, una acci\u00f3 promocional que premiar\u00e0&hellip;","og_url":"https:\/\/canfali.com\/ca-es\/campanya-de-promocio-de-les-compres-a-denia\/","og_site_name":"Canfali","article_publisher":"https:\/\/es-es.facebook.com\/CANFALIMarinaAlta","article_published_time":"2025-07-11T16:17:51+00:00","article_modified_time":"2025-07-11T16:23:21+00:00","og_image":[{"width":650,"height":919,"url":"https:\/\/canfali.com\/app\/uploads\/2025\/07\/7407f1.jpg","type":"image\/jpeg"}],"author":"Bolta","twitter_card":"summary_large_image","twitter_creator":"@canfalima","twitter_site":"@canfalima","twitter_misc":{"Written by":"Bolta","Est. reading time":"2 minutes"},"schema":{"@context":"https:\/\/schema.org","@graph":[{"@type":"NewsArticle","@id":"https:\/\/canfali.com\/ca-es\/campanya-de-promocio-de-les-compres-a-denia\/#article","isPartOf":{"@id":"https:\/\/canfali.com\/ca-es\/campanya-de-promocio-de-les-compres-a-denia\/"},"author":{"name":"Bolta","@id":"https:\/\/canfali.com\/ca-es\/#\/schema\/person\/9c651adc904f3c4e0243f54407751557"},"headline":"Campanya de promoci\u00f3 de les compres a D\u00e9nia","datePublished":"2025-07-11T16:17:51+00:00","dateModified":"2025-07-11T16:23:21+00:00","mainEntityOfPage":{"@id":"https:\/\/canfali.com\/ca-es\/campanya-de-promocio-de-les-compres-a-denia\/"},"wordCount":388,"publisher":{"@id":"https:\/\/canfali.com\/ca-es\/#organization"},"image":{"@id":"https:\/\/canfali.com\/ca-es\/campanya-de-promocio-de-les-compres-a-denia\/#primaryimage"},"thumbnailUrl":"https:\/\/canfali.com\/app\/uploads\/2025\/07\/7407f1.jpg","keywords":["comer\u00e7","compras","promoci\u00f3"],"articleSection":["Economia i Empreses"],"inLanguage":"va-ES","copyrightYear":"2025","copyrightHolder":{"@id":"https:\/\/canfali.com\/#organization"}},{"@type":"WebPage","@id":"https:\/\/canfali.com\/ca-es\/campanya-de-promocio-de-les-compres-a-denia\/","url":"https:\/\/canfali.com\/ca-es\/campanya-de-promocio-de-les-compres-a-denia\/","name":"Campanya de promoci\u00f3 de les compres a D\u00e9nia - Canfali","isPartOf":{"@id":"https:\/\/canfali.com\/ca-es\/#website"},"primaryImageOfPage":{"@id":"https:\/\/canfali.com\/ca-es\/campanya-de-promocio-de-les-compres-a-denia\/#primaryimage"},"image":{"@id":"https:\/\/canfali.com\/ca-es\/campanya-de-promocio-de-les-compres-a-denia\/#primaryimage"},"thumbnailUrl":"https:\/\/canfali.com\/app\/uploads\/2025\/07\/7407f1.jpg","datePublished":"2025-07-11T16:17:51+00:00","dateModified":"2025-07-11T16:23:21+00:00","breadcrumb":{"@id":"https:\/\/canfali.com\/ca-es\/campanya-de-promocio-de-les-compres-a-denia\/#breadcrumb"},"inLanguage":"va-ES","potentialAction":[{"@type":"ReadAction","target":["https:\/\/canfali.com\/ca-es\/campanya-de-promocio-de-les-compres-a-denia\/"]}]},{"@type":"ImageObject","inLanguage":"va-ES","@id":"https:\/\/canfali.com\/ca-es\/campanya-de-promocio-de-les-compres-a-denia\/#primaryimage","url":"https:\/\/canfali.com\/app\/uploads\/2025\/07\/7407f1.jpg","contentUrl":"https:\/\/canfali.com\/app\/uploads\/2025\/07\/7407f1.jpg","width":650,"height":919},{"@type":"BreadcrumbList","@id":"https:\/\/canfali.com\/ca-es\/campanya-de-promocio-de-les-compres-a-denia\/#breadcrumb","itemListElement":[{"@type":"ListItem","position":1,"name":"Portada","item":"https:\/\/canfali.com\/ca-es\/"},{"@type":"ListItem","position":2,"name":"Campanya de promoci\u00f3 de les compres a D\u00e9nia"}]},{"@type":"WebSite","@id":"https:\/\/canfali.com\/ca-es\/#website","url":"https:\/\/canfali.com\/ca-es\/","name":"Canfali","description":"","publisher":{"@id":"https:\/\/canfali.com\/ca-es\/#organization"},"potentialAction":[{"@type":"SearchAction","target":{"@type":"EntryPoint","urlTemplate":"https:\/\/canfali.com\/ca-es\/?s={search_term_string}"},"query-input":{"@type":"PropertyValueSpecification","valueRequired":true,"valueName":"search_term_string"}}],"inLanguage":"va-ES"},{"@type":"Organization","@id":"https:\/\/canfali.com\/ca-es\/#organization","name":"Canfali","url":"https:\/\/canfali.com\/ca-es\/","logo":{"@type":"ImageObject","inLanguage":"va-ES","@id":"https:\/\/canfali.com\/ca-es\/#\/schema\/logo\/image\/","url":"https:\/\/canfali.com\/app\/uploads\/2025\/12\/canfali_marina_alta_logo.png","contentUrl":"https:\/\/canfali.com\/app\/uploads\/2025\/12\/canfali_marina_alta_logo.png","width":225,"height":225,"caption":"Canfali"},"image":{"@id":"https:\/\/canfali.com\/ca-es\/#\/schema\/logo\/image\/"},"sameAs":["https:\/\/es-es.facebook.com\/CANFALIMarinaAlta","https:\/\/x.com\/canfalima","https:\/\/www.instagram.com\/canfalimarinaalta\/"]},{"@type":"Person","@id":"https:\/\/canfali.com\/ca-es\/#\/schema\/person\/9c651adc904f3c4e0243f54407751557","name":"Bolta","image":{"@type":"ImageObject","inLanguage":"va-ES","@id":"https:\/\/secure.gravatar.com\/avatar\/550a5d97fe3cfba5caf077b9600e46529e1977e9d14396836e775d6d9d895a81?s=96&d=mm&r=g","url":"https:\/\/secure.gravatar.com\/avatar\/550a5d97fe3cfba5caf077b9600e46529e1977e9d14396836e775d6d9d895a81?s=96&d=mm&r=g","contentUrl":"https:\/\/secure.gravatar.com\/avatar\/550a5d97fe3cfba5caf077b9600e46529e1977e9d14396836e775d6d9d895a81?s=96&d=mm&r=g","caption":"Bolta"},"url":"https:\/\/canfali.com\/ca-es\/author\/bolta\/"}]}},"_links":{"self":[{"href":"https:\/\/canfali.com\/ca-es\/wp-json\/wp\/v2\/posts\/69495","targetHints":{"allow":["GET"]}}],"collection":[{"href":"https:\/\/canfali.com\/ca-es\/wp-json\/wp\/v2\/posts"}],"about":[{"href":"https:\/\/canfali.com\/ca-es\/wp-json\/wp\/v2\/types\/post"}],"author":[{"embeddable":true,"href":"https:\/\/canfali.com\/ca-es\/wp-json\/wp\/v2\/users\/7"}],"replies":[{"embeddable":true,"href":"https:\/\/canfali.com\/ca-es\/wp-json\/wp\/v2\/comments?post=69495"}],"version-history":[{"count":1,"href":"https:\/\/canfali.com\/ca-es\/wp-json\/wp\/v2\/posts\/69495\/revisions"}],"predecessor-version":[{"id":69496,"href":"https:\/\/canfali.com\/ca-es\/wp-json\/wp\/v2\/posts\/69495\/revisions\/69496"}],"wp:featuredmedia":[{"embeddable":true,"href":"https:\/\/canfali.com\/ca-es\/wp-json\/wp\/v2\/media\/69493"}],"wp:attachment":[{"href":"https:\/\/canfali.com\/ca-es\/wp-json\/wp\/v2\/media?parent=69495"}],"wp:term":[{"taxonomy":"category","embeddable":true,"href":"https:\/\/canfali.com\/ca-es\/wp-json\/wp\/v2\/categories?post=69495"},{"taxonomy":"post_tag","embeddable":true,"href":"https:\/\/canfali.com\/ca-es\/wp-json\/wp\/v2\/tags?post=69495"}],"curies":[{"name":"wp","href":"https:\/\/api.w.org\/{rel}","templated":true}]}}