{"id":69364,"date":"2025-07-08T11:59:52","date_gmt":"2025-07-08T09:59:52","guid":{"rendered":"https:\/\/canfali.com\/?p=69364"},"modified":"2025-07-08T12:00:46","modified_gmt":"2025-07-08T10:00:46","slug":"comenca-la-segona-fase-del-xi-taller-docupacio-dondara","status":"publish","type":"post","link":"https:\/\/canfali.com\/ca-es\/comenca-la-segona-fase-del-xi-taller-docupacio-dondara\/","title":{"rendered":"Comen\u00e7a la segona fase del XI Taller d\u2019Ocupaci\u00f3 d\u2019Ondara"},"content":{"rendered":"\n<p><strong>Compta amb una vintena de persones que opten al certificat de professionalitat de nivell II en manteniment d\u2019edificis, parcs i jardins p\u00fablics<\/strong><\/p>\n\n\n\n<p>Una vegada culminada la formaci\u00f3 inicial de nivell I la vintena d\u2019integrants del XI <em>Taller d\u2019Ocupaci\u00f3 Ondara apostem pel teu futur <\/em>encaren una segona fase per a obtenir els certificats de professionalitat de nivell II de pintura decorativa en construcci\u00f3, i d\u2019instal\u00b7laci\u00f3 i manteniment de jardins i zones verds.<\/p>\n\n\n\n<p>\u00a0\u00a0\u00a0\u00a0\u00a0\u00a0 Segons han apuntat en una nota des de l\u2019Ajuntament els treballs dels pr\u00f2xims mesos se centraran en la pintura decorativa d\u2019edificis municipals, com la Casa de la Cultura o l\u2019Ajuntament, i l&#8217;acondiciament i millora dels parcs i jardins p\u00fablics del municipi. El comunicat recorda que la iniciativa que permet el seu desenvolupament des de febrer de 2025 a eixe mateix mes de 2026, ha estat possible mitjan\u00e7ant la subvenci\u00f3 de 549.528,00 euros concedida pel Labora \u2013 Servei Valenci\u00e0 d\u2019Ocupaci\u00f3 i Formaci\u00f3 i tramitada des de l\u2019oficina ADL-AFIC.<\/p>\n\n\n\n<figure class=\"wp-block-image size-large\"><img fetchpriority=\"high\" decoding=\"async\" width=\"768\" height=\"1024\" src=\"https:\/\/canfali.com\/app\/uploads\/2025\/07\/taller-digi2-768x1024.jpg\" alt=\"\" class=\"wp-image-69370\" srcset=\"https:\/\/canfali.com\/app\/uploads\/2025\/07\/taller-digi2-768x1024.jpg 768w, https:\/\/canfali.com\/app\/uploads\/2025\/07\/taller-digi2-225x300.jpg 225w, https:\/\/canfali.com\/app\/uploads\/2025\/07\/taller-digi2-1152x1536.jpg 1152w, https:\/\/canfali.com\/app\/uploads\/2025\/07\/taller-digi2.jpg 1500w\" sizes=\"(max-width: 768px) 100vw, 768px\" \/><\/figure>\n\n\n\n<p>&nbsp;&nbsp;&nbsp;&nbsp;&nbsp;&nbsp; Aix\u00ed mateix, des de la Regidoria de Promoci\u00f3 Econ\u00f2mica s\u2019informa que amb els certificats de professionalitat de nivell II, els deu alumnes de l\u2019especialitat d\u2019auxiliar d\u2019obra i pintura realitzaran operacions auxiliars d\u2019obra de f\u00e0briques i cobertes en els murs de Mol\u00ed Cov\u00ed i de pintura decorativa en edificis municipals com l\u2019Ajuntament &nbsp;Casa de Cultura, el Prado, Llavador, o Poliesportiu, entre altres. Per la seua banda, la desena de l\u2019especialitat d\u2019activitats auxiliars en vivers, jardins i centres de jardineria i instal\u00b7laci\u00f3 i manteniment de jardins i zones verdes realitzaran tasques per condicionar i millorar els parcs p\u00fablics com el de Seg\u00e0ria o de les partides Marjals i Tossals.<\/p>\n","protected":false},"excerpt":{"rendered":"Compta amb una vintena de persones que opten al certificat de professionalitat de nivell II en manteniment d\u2019edificis,&hellip;","protected":false},"author":4,"featured_media":69368,"comment_status":"closed","ping_status":"closed","sticky":false,"template":"","format":"standard","meta":{"csco_display_header_overlay":false,"csco_singular_sidebar":"","csco_page_header_type":"","csco_page_load_nextpost":"","csco_post_video_location":[],"csco_post_video_location_hash":"","csco_post_video_url":"","csco_post_video_bg_start_time":0,"csco_post_video_bg_end_time":0,"footnotes":""},"categories":[607],"tags":[3226,2869,661,3225,3224],"class_list":{"0":"post-69364","1":"post","2":"type-post","3":"status-publish","4":"format-standard","5":"has-post-thumbnail","7":"category-economia-i-empreses","8":"tag-fase","9":"tag-ocupacio","10":"tag-ondara-2","11":"tag-segona","12":"tag-taller","13":"cs-entry","14":"cs-video-wrap"},"yoast_head":"<!-- This site is optimized with the Yoast SEO Premium plugin v26.6 (Yoast SEO v27.3) - https:\/\/yoast.com\/product\/yoast-seo-premium-wordpress\/ -->\n<title>Comen\u00e7a la segona fase del XI Taller d\u2019Ocupaci\u00f3 d\u2019Ondara - Canfali<\/title>\n<meta name=\"robots\" content=\"index, follow, max-snippet:-1, max-image-preview:large, max-video-preview:-1\" \/>\n<link rel=\"canonical\" href=\"https:\/\/canfali.com\/ca-es\/comenca-la-segona-fase-del-xi-taller-docupacio-dondara\/\" \/>\n<meta property=\"og:locale\" content=\"en_US\" \/>\n<meta property=\"og:type\" content=\"article\" \/>\n<meta property=\"og:title\" content=\"Comen\u00e7a la segona fase del XI Taller d\u2019Ocupaci\u00f3 d\u2019Ondara\" \/>\n<meta property=\"og:description\" content=\"Compta amb una vintena de persones que opten al certificat de professionalitat de nivell II en manteniment d\u2019edificis,&hellip;\" \/>\n<meta property=\"og:url\" content=\"https:\/\/canfali.com\/ca-es\/comenca-la-segona-fase-del-xi-taller-docupacio-dondara\/\" \/>\n<meta property=\"og:site_name\" content=\"Canfali\" \/>\n<meta property=\"article:publisher\" content=\"https:\/\/es-es.facebook.com\/CANFALIMarinaAlta\" \/>\n<meta property=\"article:published_time\" content=\"2025-07-08T09:59:52+00:00\" \/>\n<meta property=\"article:modified_time\" content=\"2025-07-08T10:00:46+00:00\" \/>\n<meta property=\"og:image\" content=\"https:\/\/canfali.com\/app\/uploads\/2025\/07\/taller-digi1.jpg\" \/>\n\t<meta property=\"og:image:width\" content=\"2000\" \/>\n\t<meta property=\"og:image:height\" content=\"1500\" \/>\n\t<meta property=\"og:image:type\" content=\"image\/jpeg\" \/>\n<meta name=\"author\" content=\"JJ Mas\" \/>\n<meta name=\"twitter:card\" content=\"summary_large_image\" \/>\n<meta name=\"twitter:creator\" content=\"@canfalima\" \/>\n<meta name=\"twitter:site\" content=\"@canfalima\" \/>\n<meta name=\"twitter:label1\" content=\"Written by\" \/>\n\t<meta name=\"twitter:data1\" content=\"JJ Mas\" \/>\n\t<meta name=\"twitter:label2\" content=\"Est. reading time\" \/>\n\t<meta name=\"twitter:data2\" content=\"1 minute\" \/>\n<script type=\"application\/ld+json\" class=\"yoast-schema-graph\">{\"@context\":\"https:\\\/\\\/schema.org\",\"@graph\":[{\"@type\":\"NewsArticle\",\"@id\":\"https:\\\/\\\/canfali.com\\\/ca-es\\\/comenca-la-segona-fase-del-xi-taller-docupacio-dondara\\\/#article\",\"isPartOf\":{\"@id\":\"https:\\\/\\\/canfali.com\\\/ca-es\\\/comenca-la-segona-fase-del-xi-taller-docupacio-dondara\\\/\"},\"author\":{\"name\":\"JJ Mas\",\"@id\":\"https:\\\/\\\/canfali.com\\\/ca-es\\\/#\\\/schema\\\/person\\\/d834d2d4df17cac754d3c314d4c404ef\"},\"headline\":\"Comen\u00e7a la segona fase del XI Taller d\u2019Ocupaci\u00f3 d\u2019Ondara\",\"datePublished\":\"2025-07-08T09:59:52+00:00\",\"dateModified\":\"2025-07-08T10:00:46+00:00\",\"mainEntityOfPage\":{\"@id\":\"https:\\\/\\\/canfali.com\\\/ca-es\\\/comenca-la-segona-fase-del-xi-taller-docupacio-dondara\\\/\"},\"wordCount\":308,\"publisher\":{\"@id\":\"https:\\\/\\\/canfali.com\\\/ca-es\\\/#organization\"},\"image\":{\"@id\":\"https:\\\/\\\/canfali.com\\\/ca-es\\\/comenca-la-segona-fase-del-xi-taller-docupacio-dondara\\\/#primaryimage\"},\"thumbnailUrl\":\"https:\\\/\\\/canfali.com\\\/app\\\/uploads\\\/2025\\\/07\\\/taller-digi1.jpg\",\"keywords\":[\"fase\",\"ocupaci\u00f3\",\"Ondara\",\"segona\",\"taller\"],\"articleSection\":[\"Economia i Empreses\"],\"inLanguage\":\"va-ES\",\"copyrightYear\":\"2025\",\"copyrightHolder\":{\"@id\":\"https:\\\/\\\/canfali.com\\\/#organization\"}},{\"@type\":\"WebPage\",\"@id\":\"https:\\\/\\\/canfali.com\\\/ca-es\\\/comenca-la-segona-fase-del-xi-taller-docupacio-dondara\\\/\",\"url\":\"https:\\\/\\\/canfali.com\\\/ca-es\\\/comenca-la-segona-fase-del-xi-taller-docupacio-dondara\\\/\",\"name\":\"Comen\u00e7a la segona fase del XI Taller d\u2019Ocupaci\u00f3 d\u2019Ondara - Canfali\",\"isPartOf\":{\"@id\":\"https:\\\/\\\/canfali.com\\\/ca-es\\\/#website\"},\"primaryImageOfPage\":{\"@id\":\"https:\\\/\\\/canfali.com\\\/ca-es\\\/comenca-la-segona-fase-del-xi-taller-docupacio-dondara\\\/#primaryimage\"},\"image\":{\"@id\":\"https:\\\/\\\/canfali.com\\\/ca-es\\\/comenca-la-segona-fase-del-xi-taller-docupacio-dondara\\\/#primaryimage\"},\"thumbnailUrl\":\"https:\\\/\\\/canfali.com\\\/app\\\/uploads\\\/2025\\\/07\\\/taller-digi1.jpg\",\"datePublished\":\"2025-07-08T09:59:52+00:00\",\"dateModified\":\"2025-07-08T10:00:46+00:00\",\"breadcrumb\":{\"@id\":\"https:\\\/\\\/canfali.com\\\/ca-es\\\/comenca-la-segona-fase-del-xi-taller-docupacio-dondara\\\/#breadcrumb\"},\"inLanguage\":\"va-ES\",\"potentialAction\":[{\"@type\":\"ReadAction\",\"target\":[\"https:\\\/\\\/canfali.com\\\/ca-es\\\/comenca-la-segona-fase-del-xi-taller-docupacio-dondara\\\/\"]}]},{\"@type\":\"ImageObject\",\"inLanguage\":\"va-ES\",\"@id\":\"https:\\\/\\\/canfali.com\\\/ca-es\\\/comenca-la-segona-fase-del-xi-taller-docupacio-dondara\\\/#primaryimage\",\"url\":\"https:\\\/\\\/canfali.com\\\/app\\\/uploads\\\/2025\\\/07\\\/taller-digi1.jpg\",\"contentUrl\":\"https:\\\/\\\/canfali.com\\\/app\\\/uploads\\\/2025\\\/07\\\/taller-digi1.jpg\",\"width\":2000,\"height\":1500},{\"@type\":\"BreadcrumbList\",\"@id\":\"https:\\\/\\\/canfali.com\\\/ca-es\\\/comenca-la-segona-fase-del-xi-taller-docupacio-dondara\\\/#breadcrumb\",\"itemListElement\":[{\"@type\":\"ListItem\",\"position\":1,\"name\":\"Portada\",\"item\":\"https:\\\/\\\/canfali.com\\\/ca-es\\\/\"},{\"@type\":\"ListItem\",\"position\":2,\"name\":\"Comen\u00e7a la segona fase del XI Taller d\u2019Ocupaci\u00f3 d\u2019Ondara\"}]},{\"@type\":\"WebSite\",\"@id\":\"https:\\\/\\\/canfali.com\\\/ca-es\\\/#website\",\"url\":\"https:\\\/\\\/canfali.com\\\/ca-es\\\/\",\"name\":\"Canfali\",\"description\":\"\",\"publisher\":{\"@id\":\"https:\\\/\\\/canfali.com\\\/ca-es\\\/#organization\"},\"potentialAction\":[{\"@type\":\"SearchAction\",\"target\":{\"@type\":\"EntryPoint\",\"urlTemplate\":\"https:\\\/\\\/canfali.com\\\/ca-es\\\/?s={search_term_string}\"},\"query-input\":{\"@type\":\"PropertyValueSpecification\",\"valueRequired\":true,\"valueName\":\"search_term_string\"}}],\"inLanguage\":\"va-ES\"},{\"@type\":\"Organization\",\"@id\":\"https:\\\/\\\/canfali.com\\\/ca-es\\\/#organization\",\"name\":\"Canfali\",\"url\":\"https:\\\/\\\/canfali.com\\\/ca-es\\\/\",\"logo\":{\"@type\":\"ImageObject\",\"inLanguage\":\"va-ES\",\"@id\":\"https:\\\/\\\/canfali.com\\\/ca-es\\\/#\\\/schema\\\/logo\\\/image\\\/\",\"url\":\"https:\\\/\\\/canfali.com\\\/app\\\/uploads\\\/2025\\\/12\\\/canfali_marina_alta_logo.png\",\"contentUrl\":\"https:\\\/\\\/canfali.com\\\/app\\\/uploads\\\/2025\\\/12\\\/canfali_marina_alta_logo.png\",\"width\":225,\"height\":225,\"caption\":\"Canfali\"},\"image\":{\"@id\":\"https:\\\/\\\/canfali.com\\\/ca-es\\\/#\\\/schema\\\/logo\\\/image\\\/\"},\"sameAs\":[\"https:\\\/\\\/es-es.facebook.com\\\/CANFALIMarinaAlta\",\"https:\\\/\\\/x.com\\\/canfalima\",\"https:\\\/\\\/www.instagram.com\\\/canfalimarinaalta\\\/\"]},{\"@type\":\"Person\",\"@id\":\"https:\\\/\\\/canfali.com\\\/ca-es\\\/#\\\/schema\\\/person\\\/d834d2d4df17cac754d3c314d4c404ef\",\"name\":\"JJ Mas\",\"image\":{\"@type\":\"ImageObject\",\"inLanguage\":\"va-ES\",\"@id\":\"https:\\\/\\\/secure.gravatar.com\\\/avatar\\\/65a5191f5438bf88c2394f6d1a625a6ff903c8785268e603c623a83bc15ba1ee?s=96&d=mm&r=g\",\"url\":\"https:\\\/\\\/secure.gravatar.com\\\/avatar\\\/65a5191f5438bf88c2394f6d1a625a6ff903c8785268e603c623a83bc15ba1ee?s=96&d=mm&r=g\",\"contentUrl\":\"https:\\\/\\\/secure.gravatar.com\\\/avatar\\\/65a5191f5438bf88c2394f6d1a625a6ff903c8785268e603c623a83bc15ba1ee?s=96&d=mm&r=g\",\"caption\":\"JJ Mas\"},\"url\":\"https:\\\/\\\/canfali.com\\\/ca-es\\\/author\\\/jj\\\/\"}]}<\/script>\n<!-- \/ Yoast SEO Premium plugin. -->","yoast_head_json":{"title":"Comen\u00e7a la segona fase del XI Taller d\u2019Ocupaci\u00f3 d\u2019Ondara - Canfali","robots":{"index":"index","follow":"follow","max-snippet":"max-snippet:-1","max-image-preview":"max-image-preview:large","max-video-preview":"max-video-preview:-1"},"canonical":"https:\/\/canfali.com\/ca-es\/comenca-la-segona-fase-del-xi-taller-docupacio-dondara\/","og_locale":"en_US","og_type":"article","og_title":"Comen\u00e7a la segona fase del XI Taller d\u2019Ocupaci\u00f3 d\u2019Ondara","og_description":"Compta amb una vintena de persones que opten al certificat de professionalitat de nivell II en manteniment d\u2019edificis,&hellip;","og_url":"https:\/\/canfali.com\/ca-es\/comenca-la-segona-fase-del-xi-taller-docupacio-dondara\/","og_site_name":"Canfali","article_publisher":"https:\/\/es-es.facebook.com\/CANFALIMarinaAlta","article_published_time":"2025-07-08T09:59:52+00:00","article_modified_time":"2025-07-08T10:00:46+00:00","og_image":[{"width":2000,"height":1500,"url":"https:\/\/canfali.com\/app\/uploads\/2025\/07\/taller-digi1.jpg","type":"image\/jpeg"}],"author":"JJ Mas","twitter_card":"summary_large_image","twitter_creator":"@canfalima","twitter_site":"@canfalima","twitter_misc":{"Written by":"JJ Mas","Est. reading time":"1 minute"},"schema":{"@context":"https:\/\/schema.org","@graph":[{"@type":"NewsArticle","@id":"https:\/\/canfali.com\/ca-es\/comenca-la-segona-fase-del-xi-taller-docupacio-dondara\/#article","isPartOf":{"@id":"https:\/\/canfali.com\/ca-es\/comenca-la-segona-fase-del-xi-taller-docupacio-dondara\/"},"author":{"name":"JJ Mas","@id":"https:\/\/canfali.com\/ca-es\/#\/schema\/person\/d834d2d4df17cac754d3c314d4c404ef"},"headline":"Comen\u00e7a la segona fase del XI Taller d\u2019Ocupaci\u00f3 d\u2019Ondara","datePublished":"2025-07-08T09:59:52+00:00","dateModified":"2025-07-08T10:00:46+00:00","mainEntityOfPage":{"@id":"https:\/\/canfali.com\/ca-es\/comenca-la-segona-fase-del-xi-taller-docupacio-dondara\/"},"wordCount":308,"publisher":{"@id":"https:\/\/canfali.com\/ca-es\/#organization"},"image":{"@id":"https:\/\/canfali.com\/ca-es\/comenca-la-segona-fase-del-xi-taller-docupacio-dondara\/#primaryimage"},"thumbnailUrl":"https:\/\/canfali.com\/app\/uploads\/2025\/07\/taller-digi1.jpg","keywords":["fase","ocupaci\u00f3","Ondara","segona","taller"],"articleSection":["Economia i Empreses"],"inLanguage":"va-ES","copyrightYear":"2025","copyrightHolder":{"@id":"https:\/\/canfali.com\/#organization"}},{"@type":"WebPage","@id":"https:\/\/canfali.com\/ca-es\/comenca-la-segona-fase-del-xi-taller-docupacio-dondara\/","url":"https:\/\/canfali.com\/ca-es\/comenca-la-segona-fase-del-xi-taller-docupacio-dondara\/","name":"Comen\u00e7a la segona fase del XI Taller d\u2019Ocupaci\u00f3 d\u2019Ondara - Canfali","isPartOf":{"@id":"https:\/\/canfali.com\/ca-es\/#website"},"primaryImageOfPage":{"@id":"https:\/\/canfali.com\/ca-es\/comenca-la-segona-fase-del-xi-taller-docupacio-dondara\/#primaryimage"},"image":{"@id":"https:\/\/canfali.com\/ca-es\/comenca-la-segona-fase-del-xi-taller-docupacio-dondara\/#primaryimage"},"thumbnailUrl":"https:\/\/canfali.com\/app\/uploads\/2025\/07\/taller-digi1.jpg","datePublished":"2025-07-08T09:59:52+00:00","dateModified":"2025-07-08T10:00:46+00:00","breadcrumb":{"@id":"https:\/\/canfali.com\/ca-es\/comenca-la-segona-fase-del-xi-taller-docupacio-dondara\/#breadcrumb"},"inLanguage":"va-ES","potentialAction":[{"@type":"ReadAction","target":["https:\/\/canfali.com\/ca-es\/comenca-la-segona-fase-del-xi-taller-docupacio-dondara\/"]}]},{"@type":"ImageObject","inLanguage":"va-ES","@id":"https:\/\/canfali.com\/ca-es\/comenca-la-segona-fase-del-xi-taller-docupacio-dondara\/#primaryimage","url":"https:\/\/canfali.com\/app\/uploads\/2025\/07\/taller-digi1.jpg","contentUrl":"https:\/\/canfali.com\/app\/uploads\/2025\/07\/taller-digi1.jpg","width":2000,"height":1500},{"@type":"BreadcrumbList","@id":"https:\/\/canfali.com\/ca-es\/comenca-la-segona-fase-del-xi-taller-docupacio-dondara\/#breadcrumb","itemListElement":[{"@type":"ListItem","position":1,"name":"Portada","item":"https:\/\/canfali.com\/ca-es\/"},{"@type":"ListItem","position":2,"name":"Comen\u00e7a la segona fase del XI Taller d\u2019Ocupaci\u00f3 d\u2019Ondara"}]},{"@type":"WebSite","@id":"https:\/\/canfali.com\/ca-es\/#website","url":"https:\/\/canfali.com\/ca-es\/","name":"Canfali","description":"","publisher":{"@id":"https:\/\/canfali.com\/ca-es\/#organization"},"potentialAction":[{"@type":"SearchAction","target":{"@type":"EntryPoint","urlTemplate":"https:\/\/canfali.com\/ca-es\/?s={search_term_string}"},"query-input":{"@type":"PropertyValueSpecification","valueRequired":true,"valueName":"search_term_string"}}],"inLanguage":"va-ES"},{"@type":"Organization","@id":"https:\/\/canfali.com\/ca-es\/#organization","name":"Canfali","url":"https:\/\/canfali.com\/ca-es\/","logo":{"@type":"ImageObject","inLanguage":"va-ES","@id":"https:\/\/canfali.com\/ca-es\/#\/schema\/logo\/image\/","url":"https:\/\/canfali.com\/app\/uploads\/2025\/12\/canfali_marina_alta_logo.png","contentUrl":"https:\/\/canfali.com\/app\/uploads\/2025\/12\/canfali_marina_alta_logo.png","width":225,"height":225,"caption":"Canfali"},"image":{"@id":"https:\/\/canfali.com\/ca-es\/#\/schema\/logo\/image\/"},"sameAs":["https:\/\/es-es.facebook.com\/CANFALIMarinaAlta","https:\/\/x.com\/canfalima","https:\/\/www.instagram.com\/canfalimarinaalta\/"]},{"@type":"Person","@id":"https:\/\/canfali.com\/ca-es\/#\/schema\/person\/d834d2d4df17cac754d3c314d4c404ef","name":"JJ Mas","image":{"@type":"ImageObject","inLanguage":"va-ES","@id":"https:\/\/secure.gravatar.com\/avatar\/65a5191f5438bf88c2394f6d1a625a6ff903c8785268e603c623a83bc15ba1ee?s=96&d=mm&r=g","url":"https:\/\/secure.gravatar.com\/avatar\/65a5191f5438bf88c2394f6d1a625a6ff903c8785268e603c623a83bc15ba1ee?s=96&d=mm&r=g","contentUrl":"https:\/\/secure.gravatar.com\/avatar\/65a5191f5438bf88c2394f6d1a625a6ff903c8785268e603c623a83bc15ba1ee?s=96&d=mm&r=g","caption":"JJ Mas"},"url":"https:\/\/canfali.com\/ca-es\/author\/jj\/"}]}},"_links":{"self":[{"href":"https:\/\/canfali.com\/ca-es\/wp-json\/wp\/v2\/posts\/69364","targetHints":{"allow":["GET"]}}],"collection":[{"href":"https:\/\/canfali.com\/ca-es\/wp-json\/wp\/v2\/posts"}],"about":[{"href":"https:\/\/canfali.com\/ca-es\/wp-json\/wp\/v2\/types\/post"}],"author":[{"embeddable":true,"href":"https:\/\/canfali.com\/ca-es\/wp-json\/wp\/v2\/users\/4"}],"replies":[{"embeddable":true,"href":"https:\/\/canfali.com\/ca-es\/wp-json\/wp\/v2\/comments?post=69364"}],"version-history":[{"count":1,"href":"https:\/\/canfali.com\/ca-es\/wp-json\/wp\/v2\/posts\/69364\/revisions"}],"predecessor-version":[{"id":69372,"href":"https:\/\/canfali.com\/ca-es\/wp-json\/wp\/v2\/posts\/69364\/revisions\/69372"}],"wp:featuredmedia":[{"embeddable":true,"href":"https:\/\/canfali.com\/ca-es\/wp-json\/wp\/v2\/media\/69368"}],"wp:attachment":[{"href":"https:\/\/canfali.com\/ca-es\/wp-json\/wp\/v2\/media?parent=69364"}],"wp:term":[{"taxonomy":"category","embeddable":true,"href":"https:\/\/canfali.com\/ca-es\/wp-json\/wp\/v2\/categories?post=69364"},{"taxonomy":"post_tag","embeddable":true,"href":"https:\/\/canfali.com\/ca-es\/wp-json\/wp\/v2\/tags?post=69364"}],"curies":[{"name":"wp","href":"https:\/\/api.w.org\/{rel}","templated":true}]}}