{"id":69208,"date":"2025-07-07T11:15:03","date_gmt":"2025-07-07T09:15:03","guid":{"rendered":"https:\/\/canfali.com\/?p=69208"},"modified":"2025-07-07T11:26:32","modified_gmt":"2025-07-07T09:26:32","slug":"nit-de-deus-i-aire-nou-per-a-la-banda-de-denia","status":"publish","type":"post","link":"https:\/\/canfali.com\/ca-es\/nit-de-deus-i-aire-nou-per-a-la-banda-de-denia\/","title":{"rendered":"Nit de deus i aire nou per a la Banda de D\u00e9nia"},"content":{"rendered":"\n<figure class=\"wp-block-pullquote\"><blockquote><p>Javier Pinto no defrauda en el seu primer concert de la Sant\u00edssima Sang com a director de l&#8217;Agrupaci\u00f3 Art\u00edstica Musical <\/p><\/blockquote><\/figure>\n\n\n\n<p>La Banda de D\u00e9nia no deixa de sorprendre\u2019ns. Ho fa especialment en dos ocasions, en el concert de Santa Cec\u00edlia i en el de la Sant\u00edssima Sang, que se celebra durant la setmana de festes. Diumenge actuava davant un p\u00fablic fidel i entregat, com sempre, dirigida ara per Javier Pinto, m\u00fasic, director i compositor criat a la casa. Assumia la responsabilitat de conduir l\u2019Agrupaci\u00f3 Art\u00edstica Musical de D\u00e9nia en una de les actuacions principals de l\u2019any. El seu antecessor, Frank de Vuyst, havia deixat el llist\u00f3 ben alt despr\u00e9s de molts grans concerts de Festa Major. El repte, per tant, era gran. Dalt l\u2019escenari, m\u00e9s de setanta m\u00fasics recrearen els deus de l\u2019Olimp en una gran actuaci\u00f3. El resultat, prova superada i amb nota en una calorosa nit d\u2019estiu.<\/p>\n\n\n\n<figure class=\"wp-block-gallery has-nested-images columns-default is-cropped wp-block-gallery-15 is-layout-flex wp-block-gallery-is-layout-flex\">\n<figure class=\"wp-block-image size-large\"><img fetchpriority=\"high\" decoding=\"async\" width=\"1024\" height=\"678\" data-id=\"69214\" src=\"https:\/\/canfali.com\/app\/uploads\/2025\/07\/concertbanda-16-1024x678.jpg\" alt=\"\" class=\"wp-image-69214\" srcset=\"https:\/\/canfali.com\/app\/uploads\/2025\/07\/concertbanda-16-1024x678.jpg 1024w, https:\/\/canfali.com\/app\/uploads\/2025\/07\/concertbanda-16-300x199.jpg 300w, https:\/\/canfali.com\/app\/uploads\/2025\/07\/concertbanda-16-768x509.jpg 768w, https:\/\/canfali.com\/app\/uploads\/2025\/07\/concertbanda-16-1536x1017.jpg 1536w, https:\/\/canfali.com\/app\/uploads\/2025\/07\/concertbanda-16-2048x1356.jpg 2048w, https:\/\/canfali.com\/app\/uploads\/2025\/07\/concertbanda-16-scaled.jpg 2560w\" sizes=\"(max-width: 1024px) 100vw, 1024px\" \/><\/figure>\n<\/figure>\n\n\n\n<p>L\u2019obra central del concert de la Sant\u00edssima Sang, una magn\u00edfica pe\u00e7a descriptiva sobre la mitologia grega del compositor \u00d3scar Navarro, no era precisament una d\u2019eixes composicions conegudes o de tonada f\u00e0cil que l\u2019espectador poc donat a apostes m\u00e9s arriscades aplaudeix sense m\u00e9s. <em>El Olimpo de los Dioses<\/em> s\u2019estructura en deu moviments que representen els dotze deus grecs. L\u2019actor Tom\u00e0s Mestre -encarnaci\u00f3 de Zeus, el rei de l\u2019Olimp- donava entrada a cadascun dels moviments i de les de\u00eftats.<\/p>\n\n\n\n<figure class=\"wp-block-gallery has-nested-images columns-default is-cropped wp-block-gallery-16 is-layout-flex wp-block-gallery-is-layout-flex\">\n<figure class=\"wp-block-image size-large\"><img decoding=\"async\" width=\"1024\" height=\"678\" data-id=\"69218\" src=\"https:\/\/canfali.com\/app\/uploads\/2025\/07\/concertbanda-21-1024x678.jpg\" alt=\"\" class=\"wp-image-69218\" srcset=\"https:\/\/canfali.com\/app\/uploads\/2025\/07\/concertbanda-21-1024x678.jpg 1024w, https:\/\/canfali.com\/app\/uploads\/2025\/07\/concertbanda-21-300x199.jpg 300w, https:\/\/canfali.com\/app\/uploads\/2025\/07\/concertbanda-21-768x509.jpg 768w, https:\/\/canfali.com\/app\/uploads\/2025\/07\/concertbanda-21-1536x1017.jpg 1536w, https:\/\/canfali.com\/app\/uploads\/2025\/07\/concertbanda-21-2048x1356.jpg 2048w, https:\/\/canfali.com\/app\/uploads\/2025\/07\/concertbanda-21-scaled.jpg 2560w\" sizes=\"(max-width: 1024px) 100vw, 1024px\" \/><\/figure>\n<\/figure>\n\n\n\n<p>Junt amb les paraules de Mestre -a partir d\u2019un text escrit per Joan Nave- un gran tro feia de fil conductor de l\u2019obra. Hi hagu\u00e9 moviments especialment brillants, com el dedicat a Posid\u00f3; altres apote\u00f2siques, com el del rei i la reina de l\u2019Olimp, la deessa Hera, que tancava esta aventura mitol\u00f2gica. La m\u00fasica recre\u00e0 tamb\u00e9 Hermes, Artemisa, Hades, Dem\u00e9ter, Hefest, Apol\u00b7lo, Afrodita, Ares i Atenea. Dotze deus per a una nit de m\u00e0gia i color, amb jocs de llum i de fum i la introducci\u00f3 d\u2019alguns instruments poc habituals en una banda.<\/p>\n\n\n\n<figure class=\"wp-block-gallery has-nested-images columns-default is-cropped wp-block-gallery-17 is-layout-flex wp-block-gallery-is-layout-flex\">\n<figure class=\"wp-block-image size-large\"><img decoding=\"async\" width=\"1024\" height=\"678\" data-id=\"69224\" src=\"https:\/\/canfali.com\/app\/uploads\/2025\/07\/concertbanda-23-1024x678.jpg\" alt=\"\" class=\"wp-image-69224\" srcset=\"https:\/\/canfali.com\/app\/uploads\/2025\/07\/concertbanda-23-1024x678.jpg 1024w, https:\/\/canfali.com\/app\/uploads\/2025\/07\/concertbanda-23-300x199.jpg 300w, https:\/\/canfali.com\/app\/uploads\/2025\/07\/concertbanda-23-768x509.jpg 768w, https:\/\/canfali.com\/app\/uploads\/2025\/07\/concertbanda-23-1536x1017.jpg 1536w, https:\/\/canfali.com\/app\/uploads\/2025\/07\/concertbanda-23-2048x1356.jpg 2048w, https:\/\/canfali.com\/app\/uploads\/2025\/07\/concertbanda-23-scaled.jpg 2560w\" sizes=\"(max-width: 1024px) 100vw, 1024px\" \/><\/figure>\n<\/figure>\n\n\n\n<figure class=\"wp-block-gallery has-nested-images columns-default is-cropped wp-block-gallery-18 is-layout-flex wp-block-gallery-is-layout-flex\">\n<figure class=\"wp-block-image size-large\"><img loading=\"lazy\" decoding=\"async\" width=\"1024\" height=\"678\" data-id=\"69216\" src=\"https:\/\/canfali.com\/app\/uploads\/2025\/07\/concertbanda-12-1024x678.jpg\" alt=\"\" class=\"wp-image-69216\" srcset=\"https:\/\/canfali.com\/app\/uploads\/2025\/07\/concertbanda-12-1024x678.jpg 1024w, https:\/\/canfali.com\/app\/uploads\/2025\/07\/concertbanda-12-300x199.jpg 300w, https:\/\/canfali.com\/app\/uploads\/2025\/07\/concertbanda-12-768x509.jpg 768w, https:\/\/canfali.com\/app\/uploads\/2025\/07\/concertbanda-12-1536x1017.jpg 1536w, https:\/\/canfali.com\/app\/uploads\/2025\/07\/concertbanda-12-2048x1356.jpg 2048w, https:\/\/canfali.com\/app\/uploads\/2025\/07\/concertbanda-12-scaled.jpg 2560w\" sizes=\"(max-width: 1024px) 100vw, 1024px\" \/><\/figure>\n<\/figure>\n\n\n\n<p>Per\u00f2 aix\u00f2 no va ser tot. El concert arrancava amb <em>Maido<\/em>, un conegut pasdoble de Jos\u00e9 Rafael Pascual Vilaplana, molt aplaudit per un p\u00fablic sempre agra\u00eft amb les peces cl\u00e0ssiques del repertori band\u00edstic. Com a colof\u00f3, en el bis, <em>My way,<\/em> el tema popularitzat per Frank Sinatra del qual s\u2019han fet moltes versions. La de diumenge, vora la mitja nit, va ser com la cirereta del past\u00eds. B\u00e9 acaba el que b\u00e9 comen\u00e7a, que diuen.<\/p>\n\n\n\n<figure class=\"wp-block-gallery has-nested-images columns-default is-cropped wp-block-gallery-19 is-layout-flex wp-block-gallery-is-layout-flex\">\n<figure class=\"wp-block-image size-large\"><img loading=\"lazy\" decoding=\"async\" width=\"1024\" height=\"678\" data-id=\"69220\" src=\"https:\/\/canfali.com\/app\/uploads\/2025\/07\/concertbanda-3-1024x678.jpg\" alt=\"\" class=\"wp-image-69220\" srcset=\"https:\/\/canfali.com\/app\/uploads\/2025\/07\/concertbanda-3-1024x678.jpg 1024w, https:\/\/canfali.com\/app\/uploads\/2025\/07\/concertbanda-3-300x199.jpg 300w, https:\/\/canfali.com\/app\/uploads\/2025\/07\/concertbanda-3-768x509.jpg 768w, https:\/\/canfali.com\/app\/uploads\/2025\/07\/concertbanda-3-1536x1017.jpg 1536w, https:\/\/canfali.com\/app\/uploads\/2025\/07\/concertbanda-3-2048x1356.jpg 2048w, https:\/\/canfali.com\/app\/uploads\/2025\/07\/concertbanda-3-scaled.jpg 2560w\" sizes=\"(max-width: 1024px) 100vw, 1024px\" \/><\/figure>\n<\/figure>\n\n\n\n<figure class=\"wp-block-gallery has-nested-images columns-default is-cropped wp-block-gallery-20 is-layout-flex wp-block-gallery-is-layout-flex\">\n<figure class=\"wp-block-image size-large\"><img loading=\"lazy\" decoding=\"async\" width=\"1024\" height=\"678\" data-id=\"69222\" src=\"https:\/\/canfali.com\/app\/uploads\/2025\/07\/concertbanda-5-1024x678.jpg\" alt=\"\" class=\"wp-image-69222\" srcset=\"https:\/\/canfali.com\/app\/uploads\/2025\/07\/concertbanda-5-1024x678.jpg 1024w, https:\/\/canfali.com\/app\/uploads\/2025\/07\/concertbanda-5-300x199.jpg 300w, https:\/\/canfali.com\/app\/uploads\/2025\/07\/concertbanda-5-768x509.jpg 768w, https:\/\/canfali.com\/app\/uploads\/2025\/07\/concertbanda-5-1536x1017.jpg 1536w, https:\/\/canfali.com\/app\/uploads\/2025\/07\/concertbanda-5-2048x1356.jpg 2048w, https:\/\/canfali.com\/app\/uploads\/2025\/07\/concertbanda-5-scaled.jpg 2560w\" sizes=\"(max-width: 1024px) 100vw, 1024px\" \/><\/figure>\n<\/figure>\n\n\n\n<p><\/p>\n","protected":false},"excerpt":{"rendered":"Javier Pinto no defrauda en el seu primer concert de la Sant\u00edssima Sang com a director de l&#8217;Agrupaci\u00f3&hellip;","protected":false},"author":6,"featured_media":69211,"comment_status":"closed","ping_status":"closed","sticky":false,"template":"","format":"standard","meta":{"csco_display_header_overlay":false,"csco_singular_sidebar":"","csco_page_header_type":"","csco_page_load_nextpost":"","csco_post_video_location":[],"csco_post_video_location_hash":"","csco_post_video_url":"","csco_post_video_bg_start_time":0,"csco_post_video_bg_end_time":0,"footnotes":""},"categories":[597],"tags":[3150,2664,3189,1691,3152],"class_list":{"0":"post-69208","1":"post","2":"type-post","3":"status-publish","4":"format-standard","5":"has-post-thumbnail","7":"category-cultura-ca-es","8":"tag-agrupacio-artistica-musical-de-denia","9":"tag-festa-major","10":"tag-javier-pinto","11":"tag-musica-ca-es","12":"tag-santissima-sang","13":"cs-entry","14":"cs-video-wrap"},"yoast_head":"<!-- This site is optimized with the Yoast SEO Premium plugin v26.6 (Yoast SEO v27.3) - https:\/\/yoast.com\/product\/yoast-seo-premium-wordpress\/ -->\n<title>Nit de deus i aire nou per a la Banda de D\u00e9nia - Canfali<\/title>\n<meta name=\"robots\" content=\"index, follow, max-snippet:-1, max-image-preview:large, max-video-preview:-1\" \/>\n<link rel=\"canonical\" href=\"https:\/\/canfali.com\/ca-es\/nit-de-deus-i-aire-nou-per-a-la-banda-de-denia\/\" \/>\n<meta property=\"og:locale\" content=\"en_US\" \/>\n<meta property=\"og:type\" content=\"article\" \/>\n<meta property=\"og:title\" content=\"Nit de deus i aire nou per a la Banda de D\u00e9nia\" \/>\n<meta property=\"og:description\" content=\"Javier Pinto no defrauda en el seu primer concert de la Sant\u00edssima Sang com a director de l&#8217;Agrupaci\u00f3&hellip;\" \/>\n<meta property=\"og:url\" content=\"https:\/\/canfali.com\/ca-es\/nit-de-deus-i-aire-nou-per-a-la-banda-de-denia\/\" \/>\n<meta property=\"og:site_name\" content=\"Canfali\" \/>\n<meta property=\"article:publisher\" content=\"https:\/\/es-es.facebook.com\/CANFALIMarinaAlta\" \/>\n<meta property=\"article:published_time\" content=\"2025-07-07T09:15:03+00:00\" \/>\n<meta property=\"article:modified_time\" content=\"2025-07-07T09:26:32+00:00\" \/>\n<meta property=\"og:image\" content=\"https:\/\/canfali.com\/app\/uploads\/2025\/07\/concertbanda-10-scaled.jpg\" \/>\n\t<meta property=\"og:image:width\" content=\"2560\" \/>\n\t<meta property=\"og:image:height\" content=\"1696\" \/>\n\t<meta property=\"og:image:type\" content=\"image\/jpeg\" \/>\n<meta name=\"author\" content=\"Rosa\" \/>\n<meta name=\"twitter:card\" content=\"summary_large_image\" \/>\n<meta name=\"twitter:creator\" content=\"@canfalima\" \/>\n<meta name=\"twitter:site\" content=\"@canfalima\" \/>\n<meta name=\"twitter:label1\" content=\"Written by\" \/>\n\t<meta name=\"twitter:data1\" content=\"Rosa\" \/>\n\t<meta name=\"twitter:label2\" content=\"Est. reading time\" \/>\n\t<meta name=\"twitter:data2\" content=\"2 minutes\" \/>\n<script type=\"application\/ld+json\" class=\"yoast-schema-graph\">{\"@context\":\"https:\\\/\\\/schema.org\",\"@graph\":[{\"@type\":\"NewsArticle\",\"@id\":\"https:\\\/\\\/canfali.com\\\/ca-es\\\/nit-de-deus-i-aire-nou-per-a-la-banda-de-denia\\\/#article\",\"isPartOf\":{\"@id\":\"https:\\\/\\\/canfali.com\\\/ca-es\\\/nit-de-deus-i-aire-nou-per-a-la-banda-de-denia\\\/\"},\"author\":{\"name\":\"Rosa\",\"@id\":\"https:\\\/\\\/canfali.com\\\/ca-es\\\/#\\\/schema\\\/person\\\/c861a7aa2b2495357b95f35bd5d82f88\"},\"headline\":\"Nit de deus i aire nou per a la Banda de D\u00e9nia\",\"datePublished\":\"2025-07-07T09:15:03+00:00\",\"dateModified\":\"2025-07-07T09:26:32+00:00\",\"mainEntityOfPage\":{\"@id\":\"https:\\\/\\\/canfali.com\\\/ca-es\\\/nit-de-deus-i-aire-nou-per-a-la-banda-de-denia\\\/\"},\"wordCount\":457,\"publisher\":{\"@id\":\"https:\\\/\\\/canfali.com\\\/ca-es\\\/#organization\"},\"image\":{\"@id\":\"https:\\\/\\\/canfali.com\\\/ca-es\\\/nit-de-deus-i-aire-nou-per-a-la-banda-de-denia\\\/#primaryimage\"},\"thumbnailUrl\":\"https:\\\/\\\/canfali.com\\\/app\\\/uploads\\\/2025\\\/07\\\/concertbanda-10-scaled.jpg\",\"keywords\":[\"Agrupaci\u00f3 Art\u00edstica Musical de D\u00e9nia\",\"festa major\",\"Javier Pinto\",\"m\u00fasica\",\"Sant\u00edssima Sang\"],\"articleSection\":[\"Cultura\"],\"inLanguage\":\"va-ES\",\"copyrightYear\":\"2025\",\"copyrightHolder\":{\"@id\":\"https:\\\/\\\/canfali.com\\\/#organization\"}},{\"@type\":\"WebPage\",\"@id\":\"https:\\\/\\\/canfali.com\\\/ca-es\\\/nit-de-deus-i-aire-nou-per-a-la-banda-de-denia\\\/\",\"url\":\"https:\\\/\\\/canfali.com\\\/ca-es\\\/nit-de-deus-i-aire-nou-per-a-la-banda-de-denia\\\/\",\"name\":\"Nit de deus i aire nou per a la Banda de D\u00e9nia - Canfali\",\"isPartOf\":{\"@id\":\"https:\\\/\\\/canfali.com\\\/ca-es\\\/#website\"},\"primaryImageOfPage\":{\"@id\":\"https:\\\/\\\/canfali.com\\\/ca-es\\\/nit-de-deus-i-aire-nou-per-a-la-banda-de-denia\\\/#primaryimage\"},\"image\":{\"@id\":\"https:\\\/\\\/canfali.com\\\/ca-es\\\/nit-de-deus-i-aire-nou-per-a-la-banda-de-denia\\\/#primaryimage\"},\"thumbnailUrl\":\"https:\\\/\\\/canfali.com\\\/app\\\/uploads\\\/2025\\\/07\\\/concertbanda-10-scaled.jpg\",\"datePublished\":\"2025-07-07T09:15:03+00:00\",\"dateModified\":\"2025-07-07T09:26:32+00:00\",\"breadcrumb\":{\"@id\":\"https:\\\/\\\/canfali.com\\\/ca-es\\\/nit-de-deus-i-aire-nou-per-a-la-banda-de-denia\\\/#breadcrumb\"},\"inLanguage\":\"va-ES\",\"potentialAction\":[{\"@type\":\"ReadAction\",\"target\":[\"https:\\\/\\\/canfali.com\\\/ca-es\\\/nit-de-deus-i-aire-nou-per-a-la-banda-de-denia\\\/\"]}]},{\"@type\":\"ImageObject\",\"inLanguage\":\"va-ES\",\"@id\":\"https:\\\/\\\/canfali.com\\\/ca-es\\\/nit-de-deus-i-aire-nou-per-a-la-banda-de-denia\\\/#primaryimage\",\"url\":\"https:\\\/\\\/canfali.com\\\/app\\\/uploads\\\/2025\\\/07\\\/concertbanda-10-scaled.jpg\",\"contentUrl\":\"https:\\\/\\\/canfali.com\\\/app\\\/uploads\\\/2025\\\/07\\\/concertbanda-10-scaled.jpg\",\"width\":2560,\"height\":1696},{\"@type\":\"BreadcrumbList\",\"@id\":\"https:\\\/\\\/canfali.com\\\/ca-es\\\/nit-de-deus-i-aire-nou-per-a-la-banda-de-denia\\\/#breadcrumb\",\"itemListElement\":[{\"@type\":\"ListItem\",\"position\":1,\"name\":\"Portada\",\"item\":\"https:\\\/\\\/canfali.com\\\/ca-es\\\/\"},{\"@type\":\"ListItem\",\"position\":2,\"name\":\"Nit de deus i aire nou per a la Banda de D\u00e9nia\"}]},{\"@type\":\"WebSite\",\"@id\":\"https:\\\/\\\/canfali.com\\\/ca-es\\\/#website\",\"url\":\"https:\\\/\\\/canfali.com\\\/ca-es\\\/\",\"name\":\"Canfali\",\"description\":\"\",\"publisher\":{\"@id\":\"https:\\\/\\\/canfali.com\\\/ca-es\\\/#organization\"},\"potentialAction\":[{\"@type\":\"SearchAction\",\"target\":{\"@type\":\"EntryPoint\",\"urlTemplate\":\"https:\\\/\\\/canfali.com\\\/ca-es\\\/?s={search_term_string}\"},\"query-input\":{\"@type\":\"PropertyValueSpecification\",\"valueRequired\":true,\"valueName\":\"search_term_string\"}}],\"inLanguage\":\"va-ES\"},{\"@type\":\"Organization\",\"@id\":\"https:\\\/\\\/canfali.com\\\/ca-es\\\/#organization\",\"name\":\"Canfali\",\"url\":\"https:\\\/\\\/canfali.com\\\/ca-es\\\/\",\"logo\":{\"@type\":\"ImageObject\",\"inLanguage\":\"va-ES\",\"@id\":\"https:\\\/\\\/canfali.com\\\/ca-es\\\/#\\\/schema\\\/logo\\\/image\\\/\",\"url\":\"https:\\\/\\\/canfali.com\\\/app\\\/uploads\\\/2025\\\/12\\\/canfali_marina_alta_logo.png\",\"contentUrl\":\"https:\\\/\\\/canfali.com\\\/app\\\/uploads\\\/2025\\\/12\\\/canfali_marina_alta_logo.png\",\"width\":225,\"height\":225,\"caption\":\"Canfali\"},\"image\":{\"@id\":\"https:\\\/\\\/canfali.com\\\/ca-es\\\/#\\\/schema\\\/logo\\\/image\\\/\"},\"sameAs\":[\"https:\\\/\\\/es-es.facebook.com\\\/CANFALIMarinaAlta\",\"https:\\\/\\\/x.com\\\/canfalima\",\"https:\\\/\\\/www.instagram.com\\\/canfalimarinaalta\\\/\"]},{\"@type\":\"Person\",\"@id\":\"https:\\\/\\\/canfali.com\\\/ca-es\\\/#\\\/schema\\\/person\\\/c861a7aa2b2495357b95f35bd5d82f88\",\"name\":\"Rosa\",\"image\":{\"@type\":\"ImageObject\",\"inLanguage\":\"va-ES\",\"@id\":\"https:\\\/\\\/secure.gravatar.com\\\/avatar\\\/47fb83d99423a6ef1cf9f83f02a5e91366c671dec76c5c24badf1b0494e1d960?s=96&d=mm&r=g\",\"url\":\"https:\\\/\\\/secure.gravatar.com\\\/avatar\\\/47fb83d99423a6ef1cf9f83f02a5e91366c671dec76c5c24badf1b0494e1d960?s=96&d=mm&r=g\",\"contentUrl\":\"https:\\\/\\\/secure.gravatar.com\\\/avatar\\\/47fb83d99423a6ef1cf9f83f02a5e91366c671dec76c5c24badf1b0494e1d960?s=96&d=mm&r=g\",\"caption\":\"Rosa\"},\"url\":\"https:\\\/\\\/canfali.com\\\/ca-es\\\/author\\\/rosa\\\/\"}]}<\/script>\n<!-- \/ Yoast SEO Premium plugin. -->","yoast_head_json":{"title":"Nit de deus i aire nou per a la Banda de D\u00e9nia - Canfali","robots":{"index":"index","follow":"follow","max-snippet":"max-snippet:-1","max-image-preview":"max-image-preview:large","max-video-preview":"max-video-preview:-1"},"canonical":"https:\/\/canfali.com\/ca-es\/nit-de-deus-i-aire-nou-per-a-la-banda-de-denia\/","og_locale":"en_US","og_type":"article","og_title":"Nit de deus i aire nou per a la Banda de D\u00e9nia","og_description":"Javier Pinto no defrauda en el seu primer concert de la Sant\u00edssima Sang com a director de l&#8217;Agrupaci\u00f3&hellip;","og_url":"https:\/\/canfali.com\/ca-es\/nit-de-deus-i-aire-nou-per-a-la-banda-de-denia\/","og_site_name":"Canfali","article_publisher":"https:\/\/es-es.facebook.com\/CANFALIMarinaAlta","article_published_time":"2025-07-07T09:15:03+00:00","article_modified_time":"2025-07-07T09:26:32+00:00","og_image":[{"width":2560,"height":1696,"url":"https:\/\/canfali.com\/app\/uploads\/2025\/07\/concertbanda-10-scaled.jpg","type":"image\/jpeg"}],"author":"Rosa","twitter_card":"summary_large_image","twitter_creator":"@canfalima","twitter_site":"@canfalima","twitter_misc":{"Written by":"Rosa","Est. reading time":"2 minutes"},"schema":{"@context":"https:\/\/schema.org","@graph":[{"@type":"NewsArticle","@id":"https:\/\/canfali.com\/ca-es\/nit-de-deus-i-aire-nou-per-a-la-banda-de-denia\/#article","isPartOf":{"@id":"https:\/\/canfali.com\/ca-es\/nit-de-deus-i-aire-nou-per-a-la-banda-de-denia\/"},"author":{"name":"Rosa","@id":"https:\/\/canfali.com\/ca-es\/#\/schema\/person\/c861a7aa2b2495357b95f35bd5d82f88"},"headline":"Nit de deus i aire nou per a la Banda de D\u00e9nia","datePublished":"2025-07-07T09:15:03+00:00","dateModified":"2025-07-07T09:26:32+00:00","mainEntityOfPage":{"@id":"https:\/\/canfali.com\/ca-es\/nit-de-deus-i-aire-nou-per-a-la-banda-de-denia\/"},"wordCount":457,"publisher":{"@id":"https:\/\/canfali.com\/ca-es\/#organization"},"image":{"@id":"https:\/\/canfali.com\/ca-es\/nit-de-deus-i-aire-nou-per-a-la-banda-de-denia\/#primaryimage"},"thumbnailUrl":"https:\/\/canfali.com\/app\/uploads\/2025\/07\/concertbanda-10-scaled.jpg","keywords":["Agrupaci\u00f3 Art\u00edstica Musical de D\u00e9nia","festa major","Javier Pinto","m\u00fasica","Sant\u00edssima Sang"],"articleSection":["Cultura"],"inLanguage":"va-ES","copyrightYear":"2025","copyrightHolder":{"@id":"https:\/\/canfali.com\/#organization"}},{"@type":"WebPage","@id":"https:\/\/canfali.com\/ca-es\/nit-de-deus-i-aire-nou-per-a-la-banda-de-denia\/","url":"https:\/\/canfali.com\/ca-es\/nit-de-deus-i-aire-nou-per-a-la-banda-de-denia\/","name":"Nit de deus i aire nou per a la Banda de D\u00e9nia - Canfali","isPartOf":{"@id":"https:\/\/canfali.com\/ca-es\/#website"},"primaryImageOfPage":{"@id":"https:\/\/canfali.com\/ca-es\/nit-de-deus-i-aire-nou-per-a-la-banda-de-denia\/#primaryimage"},"image":{"@id":"https:\/\/canfali.com\/ca-es\/nit-de-deus-i-aire-nou-per-a-la-banda-de-denia\/#primaryimage"},"thumbnailUrl":"https:\/\/canfali.com\/app\/uploads\/2025\/07\/concertbanda-10-scaled.jpg","datePublished":"2025-07-07T09:15:03+00:00","dateModified":"2025-07-07T09:26:32+00:00","breadcrumb":{"@id":"https:\/\/canfali.com\/ca-es\/nit-de-deus-i-aire-nou-per-a-la-banda-de-denia\/#breadcrumb"},"inLanguage":"va-ES","potentialAction":[{"@type":"ReadAction","target":["https:\/\/canfali.com\/ca-es\/nit-de-deus-i-aire-nou-per-a-la-banda-de-denia\/"]}]},{"@type":"ImageObject","inLanguage":"va-ES","@id":"https:\/\/canfali.com\/ca-es\/nit-de-deus-i-aire-nou-per-a-la-banda-de-denia\/#primaryimage","url":"https:\/\/canfali.com\/app\/uploads\/2025\/07\/concertbanda-10-scaled.jpg","contentUrl":"https:\/\/canfali.com\/app\/uploads\/2025\/07\/concertbanda-10-scaled.jpg","width":2560,"height":1696},{"@type":"BreadcrumbList","@id":"https:\/\/canfali.com\/ca-es\/nit-de-deus-i-aire-nou-per-a-la-banda-de-denia\/#breadcrumb","itemListElement":[{"@type":"ListItem","position":1,"name":"Portada","item":"https:\/\/canfali.com\/ca-es\/"},{"@type":"ListItem","position":2,"name":"Nit de deus i aire nou per a la Banda de D\u00e9nia"}]},{"@type":"WebSite","@id":"https:\/\/canfali.com\/ca-es\/#website","url":"https:\/\/canfali.com\/ca-es\/","name":"Canfali","description":"","publisher":{"@id":"https:\/\/canfali.com\/ca-es\/#organization"},"potentialAction":[{"@type":"SearchAction","target":{"@type":"EntryPoint","urlTemplate":"https:\/\/canfali.com\/ca-es\/?s={search_term_string}"},"query-input":{"@type":"PropertyValueSpecification","valueRequired":true,"valueName":"search_term_string"}}],"inLanguage":"va-ES"},{"@type":"Organization","@id":"https:\/\/canfali.com\/ca-es\/#organization","name":"Canfali","url":"https:\/\/canfali.com\/ca-es\/","logo":{"@type":"ImageObject","inLanguage":"va-ES","@id":"https:\/\/canfali.com\/ca-es\/#\/schema\/logo\/image\/","url":"https:\/\/canfali.com\/app\/uploads\/2025\/12\/canfali_marina_alta_logo.png","contentUrl":"https:\/\/canfali.com\/app\/uploads\/2025\/12\/canfali_marina_alta_logo.png","width":225,"height":225,"caption":"Canfali"},"image":{"@id":"https:\/\/canfali.com\/ca-es\/#\/schema\/logo\/image\/"},"sameAs":["https:\/\/es-es.facebook.com\/CANFALIMarinaAlta","https:\/\/x.com\/canfalima","https:\/\/www.instagram.com\/canfalimarinaalta\/"]},{"@type":"Person","@id":"https:\/\/canfali.com\/ca-es\/#\/schema\/person\/c861a7aa2b2495357b95f35bd5d82f88","name":"Rosa","image":{"@type":"ImageObject","inLanguage":"va-ES","@id":"https:\/\/secure.gravatar.com\/avatar\/47fb83d99423a6ef1cf9f83f02a5e91366c671dec76c5c24badf1b0494e1d960?s=96&d=mm&r=g","url":"https:\/\/secure.gravatar.com\/avatar\/47fb83d99423a6ef1cf9f83f02a5e91366c671dec76c5c24badf1b0494e1d960?s=96&d=mm&r=g","contentUrl":"https:\/\/secure.gravatar.com\/avatar\/47fb83d99423a6ef1cf9f83f02a5e91366c671dec76c5c24badf1b0494e1d960?s=96&d=mm&r=g","caption":"Rosa"},"url":"https:\/\/canfali.com\/ca-es\/author\/rosa\/"}]}},"_links":{"self":[{"href":"https:\/\/canfali.com\/ca-es\/wp-json\/wp\/v2\/posts\/69208","targetHints":{"allow":["GET"]}}],"collection":[{"href":"https:\/\/canfali.com\/ca-es\/wp-json\/wp\/v2\/posts"}],"about":[{"href":"https:\/\/canfali.com\/ca-es\/wp-json\/wp\/v2\/types\/post"}],"author":[{"embeddable":true,"href":"https:\/\/canfali.com\/ca-es\/wp-json\/wp\/v2\/users\/6"}],"replies":[{"embeddable":true,"href":"https:\/\/canfali.com\/ca-es\/wp-json\/wp\/v2\/comments?post=69208"}],"version-history":[{"count":1,"href":"https:\/\/canfali.com\/ca-es\/wp-json\/wp\/v2\/posts\/69208\/revisions"}],"predecessor-version":[{"id":69227,"href":"https:\/\/canfali.com\/ca-es\/wp-json\/wp\/v2\/posts\/69208\/revisions\/69227"}],"wp:featuredmedia":[{"embeddable":true,"href":"https:\/\/canfali.com\/ca-es\/wp-json\/wp\/v2\/media\/69211"}],"wp:attachment":[{"href":"https:\/\/canfali.com\/ca-es\/wp-json\/wp\/v2\/media?parent=69208"}],"wp:term":[{"taxonomy":"category","embeddable":true,"href":"https:\/\/canfali.com\/ca-es\/wp-json\/wp\/v2\/categories?post=69208"},{"taxonomy":"post_tag","embeddable":true,"href":"https:\/\/canfali.com\/ca-es\/wp-json\/wp\/v2\/tags?post=69208"}],"curies":[{"name":"wp","href":"https:\/\/api.w.org\/{rel}","templated":true}]}}