{"id":68797,"date":"2025-07-07T09:07:00","date_gmt":"2025-07-07T07:07:00","guid":{"rendered":"https:\/\/canfali.com\/?p=68797"},"modified":"2025-07-03T11:22:49","modified_gmt":"2025-07-03T09:22:49","slug":"entrevista-amb-jimmy-higueras","status":"publish","type":"post","link":"https:\/\/canfali.com\/ca-es\/entrevista-amb-jimmy-higueras\/","title":{"rendered":"Entrevista amb Jimmy Higueras"},"content":{"rendered":"\n<p><\/p>\n\n<blockquote class=\"wp-block-quote is-layout-flow wp-block-quote-is-layout-flow\">\n<p>\u201cEl treball \u00e9s un gran pas per a la inclusi\u00f3\u201d<\/p>\n<\/blockquote>\n\n<p><strong>Jimmy Higueras va con\u00e8ixer D\u00e9nia en 1969, on va arribar de vacances amb la fam\u00edlia. Tornava als estius i, a partir dels 17 anys, va compaginar la seua estada amb el treball en diverses piscines. \u201cEm vaig enamorar de D\u00e9nia per moltes coses\u201d, indica, \u201cpel clima, perqu\u00e8 econ\u00f2micament era m\u00e9s f\u00e0cil viure aqu\u00ed que a Madrid, per la gent, per la qualitat de vida\u201d. La seua vinculaci\u00f3 amb l&#8217;IES Maria Ibars, on exerceix com a professor d&#8217;educaci\u00f3 f\u00edsica de forma continuada des de fa 22 anys, es remunta a una mica abans, quan va arribar com a inter\u00ed al vell IFP del castell. \u201cSoc l&#8217;\u00fanic que queda d&#8217;aquells professors que inaugurem el Maria Ibars\u201d, precisa. Per\u00f2 si per alguna cosa \u00e9s conegut a la comarca \u00e9s per ser l&#8217;\u00e0nima de l&#8217;associaci\u00f3 Condenados al Bordillo.<\/strong><\/p>\n\n<p>\u00a0<\/p>\n\n<p>  <\/p>\n\n<p><strong>PREGUNTA: Vint-i-quatre anys de reptes, projectes i assoliments amb Condenados al Bordillo. Quina ha estat la major satisfacci\u00f3?<\/strong><br\/><br\/>R: Tal vegada que hi haja gent amb diferent tipus de discapacitat que ha pogut treballar amb nosaltres.<br\/><br\/><strong>P: Parlem de diversitat funcional, de discapacitat, de capacitats diferents o utilitzem qualsevol de les tres denominacions?<\/strong><br\/><br\/>R: Quan parles de diversitat funcional, de quina parles. Els LGTBI, monoparentals\u2026 no se sap. No \u00e9s un terme que identifique. Podem parlar de persones amb discapacitat o persones amb capacitats diferents. Jo abans parlava de persones amb capacitats diferents, per\u00f2 si no est\u00e0s situat, si no saps que est\u00e0s parlant de discapacitat, hi ha gent que no pot captar a qu\u00e8 et refereixes. Ara prefereix parlar de persones discapacitades, especifiques m\u00e9s. El que no has de dir s\u00f3n persones amb minusvalidesa, mongols, subnormales\u2026 Pol\u00edticament correcte \u00e9s tamb\u00e9 persones amb diversitat. La paraula \u00e9s important per\u00f2 \u00e9s m\u00e9s important el que es fa amb ells.<\/p>\n\n<p>  <\/p>\n\n<blockquote class=\"wp-block-quote is-layout-flow wp-block-quote-is-layout-flow\">\n<p><strong>\u201cEls grans dependents necessiten molts recursos i aix\u00f2 no es veu\u201d<\/strong><\/p>\n<\/blockquote>\n\n<p><strong>P: Perqu\u00e8 la integraci\u00f3 d&#8217;aquestes persones siga real, han de ser acceptades. Ha canviat la mirada de la societat cap al col\u00b7lectiu?<\/strong><br\/><br\/>R: En l&#8217;\u00faltima d\u00e8cada ha canviat molt. No s\u00e9 si \u00e9s perqu\u00e8 s&#8217;ha visibilitzat molt\u00edssim m\u00e9s o perqu\u00e8 s&#8217;han pres decisions pol\u00edtiques importants. El 70% del nostre pressupost procedeix d&#8217;empreses privades. El 30% restant, de decisions pol\u00edtiques. A D\u00e9nia ens donaven 1.250 euros i va entrar un regidor que ens en va donar 30.000. A nivell de gent del carrer, hi ha major visibilitat i col\u00b7laboraci\u00f3. Per\u00f2 m\u00e9s que caritat necessitem continu\u00eftat i const\u00e0ncia, gent que conega i confie en el projecte. Els donatius s\u00f3n benvinguts per\u00f2 es necessita un canvi de paradigma, que en certa manera s&#8217;ha produ\u00eft. La clau s\u00f3n els grans dependents, que necessiten molts recursos. I aix\u00f2 la gent que no est\u00e0 molt ficada en el tema no ho veu. Dins de la inclusi\u00f3, a vegades es produeix una exclusi\u00f3 sense adonar-te\u2019n. El director \u00e9s molt bo per\u00f2 la pel\u00b7l\u00edcula <em>Campeones<\/em> ha fet mal, no \u00e9s la realitat. Els molt dependents no es mostren. Aix\u00f2 existeix encara, no es normalitza. Per\u00f2 clar, \u00e9s dif\u00edcil, no tothom t\u00e9 capacitat per a estar amb una persona que no parla, que l&#8217;has de llavar i canviar el bolquer, que agredeix\u2026<br\/><br\/><strong>P: En aquesta l\u00ednia de donar visibilitat est\u00e0 el programa \u2018Som iguals, som diferents\u2019 que porten als col\u00b7legis.<\/strong><br\/><br\/>R: Funciona de manera espectacular. T\u00e9 un impacte real i m\u00e9s positiu que en els adults. Els xavals encara no tenen capes. Fem com 15 jornades a l&#8217;any a la comarca.<br\/><br\/><strong>P: Continua sent dif\u00edcil l&#8217;acc\u00e9s al mercat laboral?<\/strong><br\/><br\/>R: Nosaltres tenim 10 treballadors, 5 d&#8217;ells amb discapacitat. El treball \u00e9s un gran pas per a la inclusi\u00f3. Per a ells \u00e9s molt important, et sents \u00fatil, surts del teu entorn, et relaciones amb altres persones, assumeixes una responsabilitat, veus que ets capa\u00e7 de fer coses, et sents m\u00e9s integrat. A vegades es contracta mirant els avantatges fiscals, que varien d&#8217;una comunitat a una altra. El percentatge de contractaci\u00f3 \u00e9s major en persones amb menor grau de discapacitat. Segons el grau, es requereixen perfils molt concrets. Ha de ser un treball adaptat a aquestes persones i l\u2019empresari ha de saber com rendiran.<br\/><br\/><strong>P: Una de les seues aspiracions era aconseguir un habitatge que facilit\u00e9s la vida aut\u00f2noma. Com est\u00e0 funcionant?<\/strong><br\/><br\/>R: En 2020 l&#8217;Ajuntament ens va cedir l&#8217;habitatge, una casa destrossada que reformem sencera. F\u00e8iem respirs de cap de setmana per\u00f2 estem col\u00b7lapsats i hem prioritzat realitzar activitats di\u00e0riament, ensenyar a llegir, a escriure, a cuinar, ter\u00e0pies, tallers cognitius. All\u00ed treballem sobretot amb persones amb nivells alts de depend\u00e8ncia i que no tenen un centre al qual acudir als matins. \u00c9s un centre de suport i a vegades anem tamb\u00e9 a menjar o a sopar.<\/p>\n\n<p>\u00a0<\/p>\n\n<p>\u00a0<\/p>\n\n<p>  <\/p>\n\n<p>\u00a0<\/p>\n\n<p>  <\/p>\n\n<p>\u00a0<\/p>\n\n<p>  <\/p>\n\n<blockquote class=\"wp-block-quote is-layout-flow wp-block-quote-is-layout-flow\">\n<p><strong>\u201cEl perfil del voluntariat ha canviat, ha vingut gent m\u00e9s major\u201d<\/strong><\/p>\n<\/blockquote>\n\n<p><strong>P: Qu\u00e8 seria de l&#8217;associaci\u00f3 sense el voluntariat?<\/strong><br\/><br\/>R: Ha canviat el perfil. Ara hi ha gent m\u00e9s major, ha vingut gent de 60 i de 70 anys. Abans ten\u00edem 80 o 90 voluntaris joves a l&#8217;any, ara tinc uns 25, ha baixat molt. Tots s\u00f3n molt necessaris, fan un paper important i si no estiguesre haur\u00edem de pagar a persones que realitzaren aquestes funcions.<br\/><br\/><strong>P: En repassar la traject\u00f2ria de l&#8217;associaci\u00f3 no puc evitar relacionar-la amb l&#8217;esport.<\/strong><br\/><br\/>R: L&#8217;activitat esportiva \u00e9s la clau. A mi m&#8217;agrada aquest m\u00f3n. Per\u00f2 no estic parlant de l&#8217;esport d&#8217;alt rendiment ni competitiu, que exclou. Nosaltres li hem donat a l&#8217;activitat f\u00edsica un enfocament centrat en valors com compartir amb altres persones, interactuar, relacionar-se, donar un respir a la fam\u00edlia, veure gent diferent, integrar-se\u2026 Qu\u00e8 passa? Que la gent que destaca, la m\u00e9s aut\u00f2noma, se l&#8217;emporten a fer esport competitiu. Per\u00f2 no passa res. Tenim bon material espec\u00edfic i muntem una activitat esportiva recreativa en la qual t\u00e9 cabuda tothom. Evidentment, hi ha tamb\u00e9 un treball de mobilitat i relacionat amb la salut.<br\/><br\/><strong>P: Encara hi ha llista d&#8217;espera a l&#8217;Escola Municipal d&#8217;Esport Adaptat?<\/strong><br\/><br\/>R: Per al pr\u00f2xim curs portem ja 103 matr\u00edcules. Moltes s\u00f3n del col\u00b7legi Raquel Pay\u00e1, on portem tamb\u00e9 l&#8217;activitat tots els matins. Per les vesprades tindrem unes 80 persones. Per a afirmar que s\u00f3n moltes o poques, haurem de fixar-nos en el grau de depend\u00e8ncia, no \u00e9s el mateix atendre\u2019n a 50 poc dependents que si tenen un gran de depend\u00e8ncia elevat.<br\/><br\/><strong>P: Parlant d&#8217;esport, quin gest m\u00e9s bonic el dels ciclistes d&#8217;Angers i la seva Carrera Solid\u00e0ria. Vuit edicions ja l&#8217;any que ve!<\/strong><br\/><br\/>R: Aix\u00f2 \u00e9s preci\u00f3s. Enguany hem presentat a Fran\u00e7a un documental de la carrera. Ens van con\u00e8ixer i confien plenament en nosaltres. Com la Fundaci\u00f3 Marqu\u00e9s de Dos Aguas, que tamb\u00e9 col\u00b7labora des de fa anys.<br\/><br\/><strong>P: Quina repercussi\u00f3 han tingut el llibre <em>Els Colors de Pascual<\/em> i els documentals que s&#8217;han fet sobre l&#8217;associaci\u00f3?<\/strong><br\/><br\/>R: Els documentals ens han obert portes. Les dues coses ens han ajudat molt\u00edssim, ens han donat molta visibilitat. Arran del segon documental vam obtenir la col\u00b7laboraci\u00f3 de Pfizer, 25.000 euros tots els anys.<br\/><br\/><strong>P: El paper que fa l&#8217;associaci\u00f3 \u00e9s important per a les fam\u00edlies.<\/strong><br\/><br\/>R: A mi m&#8217;agrada parlar de respir, \u00e9s necessari. Hi ha gent humil, treballadora, que a l&#8217;estiu va de cap amb la feina. Aqu\u00ed, a l&#8217;escola d&#8217;estiu que ara ha comen\u00e7at, podria haver-hi 20 persones m\u00e9s. Tenim llista d&#8217;espera. Per\u00f2 \u00e9s inviable econ\u00f2micament, estructuralment, professionalment, \u00e9s dif\u00edcil. No \u00e9s una queixa, \u00e9s una realitat.<\/p>\n\n<p>  <\/p>\n\n<p>\u00a0<\/p>\n\n<p>  <\/p>\n\n<p>\u00a0<\/p>\n\n<p>  <\/p>\n\n<p>\u00a0<\/p>\n\n<p>  <\/p>\n\n<p>\u00a0<\/p>\n\n<p>  <\/p>\n\n<p>\u00a0<\/p>\n\n<p>  <\/p>\n\n<blockquote class=\"wp-block-quote is-layout-flow wp-block-quote-is-layout-flow\">\n<p><strong>\u201cEl copia \u2013 pega limita la capacitat de crear, de pensar i d&#8217;aprendre\u201d<\/strong><\/p>\n<\/blockquote>\n\n<p><strong>MOLT PERSONAL<\/strong><\/p>\n\n<p><strong>P: Per qu\u00e8 Jimmy i no Jaime?<\/strong><br\/><br\/>R: Soc ex mel\u00f2man. Era col\u00b7leccionista de vinils, en tinc milers a casa. El nom ve d&#8217;una can\u00e7\u00f3 de The Clash que es deia <em>Jimmy Jazz<\/em>. En la meva fam\u00edlia soc Jaime per\u00f2, fora d&#8217;ella, ning\u00fa em coneix amb aquest nom.<br\/><br\/><strong>P: Vost\u00e8 est\u00e0 acostumat a bregar amb adolescents. Tasca dif\u00edcil!<\/strong><br\/><br\/>R: M&#8217;agrada molt. \u00c9s m\u00e9s, segons han anat passant els anys, m&#8217;agrada m\u00e9s treballar amb els de l&#8217;ESO. S\u00f3n m\u00e9s actius, m\u00e9s din\u00e0mics i m\u00e9s innocents, no estan tan contaminats.<br\/><br\/><strong>P: La tecnologia i la IA estan canviant el m\u00f3n, com ho nota en els joves?<\/strong><br\/><br\/>R: He fet classe tamb\u00e9 en la universitat durant 14 anys i he notat una baixada brutal, impressionant, en la comprensi\u00f3 lectora i un \u00fas m\u00e9s feble, menys culte, de la terminologia. El copia \u2013 pega limita la capacitat de crear, de pensar i d&#8217;aprendre, de raciocini. I la intel\u00b7lig\u00e8ncia artificial, tamb\u00e9. La tecnologia t\u00e9 molts avantatges, per\u00f2 tamb\u00e9 desavantatges.<br\/><br\/><strong>P: L&#8217;IES Maria Ibars \u00e9s la \u2018base d&#8217;operacions\u2019 de Condenados al Bordillo. Note que aqu\u00ed el volen molt.<\/strong><br\/><br\/>R: Soc un veter\u00e0 del Maria Ibars. Aqu\u00ed s&#8217;ha institucionalitzat aix\u00f2 de Condenados, l\u2019institut \u00e9s fonamental en la seva hist\u00f2ria. Alguns alumnes i profes, encara que continua sent una minoria, han normalitzat aix\u00f2 de la discapacitat perqu\u00e8 veuen als xicons tots els dies. Aqu\u00ed m&#8217;han donat suport sempre.<br\/><br\/><strong>P: Per qu\u00e8 s&#8217;ha bolcat amb les persones amb discapacitat?<\/strong><br\/><br\/>R: Hi ha un abans i un despr\u00e9s del meu accident. Vaig tenir una experi\u00e8ncia pr\u00f2xima a la mort, vaig viure de prop la mort i el sofriment. Em van deixar tirat en la carretera morint-me i no em van ajudar. Per\u00f2, a m\u00e9s, des de petit vaig tenir sempre una inquietud, alguna cosa que em ve de s\u00e8rie. Quan vivia a Madrid veia a persones alcoh\u00f2liques o amb dificultats i les cuidava, vaig anar tamb\u00e9 a Bol\u00edvia a cuidar a gent. Despr\u00e9s de l&#8217;accident, en el qual vaig perdre els quatre dits de la m\u00e0, van sorgir aquestes ganes de fer coses pels altres que duia dins i vaig comen\u00e7ar a aprofundir en l&#8217;\u00e9sser hum\u00e0, a llegir molt de psicologia i de temes de consci\u00e8ncia. L&#8217;any 1994 vaig contactar amb un xicon que es despla\u00e7ava en cadira de rodes, Juan Luis, i en 1996 forj\u00e0rem Condenados. En 2001 li vam donar forma oficial.<br\/><br\/><strong>P: Ha pensat a viure de nou a Madrid?<\/strong><br\/><br\/>R: Em vaig criar en un poble, a Navacerrada, all\u00ed \u00e9s on vaig fer amics. D\u00e9nia em va captivar. Aqu\u00ed es viu molt b\u00e9, hi ha qualitat de vida i gent molt maca. \u00c9s molt diferent la gent mediterr\u00e0nia, ni millor ni pitjor, i crec que el clima \u00e9s determinant. Em vaig trobar un entorn excel\u00b7lent. La meua exdona, Ana, tamb\u00e9 \u00e9s de D\u00e9nia. Tinc a les meues filles i als meus amics aqu\u00ed. Tornaria a Madrid de maig a octubre, per\u00f2 a la Serra.<br\/><br\/><strong>P: Les Rotes, millor a l&#8217;hivern?<\/strong><br\/><br\/>R: M&#8217;encanten. En els \u00faltims 5 o 6 anys s&#8217;han donat a con\u00e8ixer m\u00e9s i ara est\u00e0 m\u00e9s ple. A l&#8217;hivern \u00e9s un parad\u00eds. M&#8217;agrada tamb\u00e9 molt l&#8217;interior de la comarca, \u00e9s brutal.<br\/><br\/><strong>P: En una campanya de Turisme, durant la covid, donava vost\u00e8 una recepta per a tirar endavant: escoltar el nostre cor. Escolta vost\u00e8 el seu sovint?<\/strong><br\/><br\/>R: S\u00ed. Ens costa fer-nos les preguntes profundes. Cal escoltar el cor i als altres. La millor medicina \u00e9s voler i ser estimat.<\/p>\n\n<p>\u00a0<\/p>\n\n<p>\u00a0<\/p>\n\n<p>  <\/p>\n\n<p>\u00a0<\/p>\n\n<p>  <\/p>\n\n<p>\u00a0<\/p>\n\n<p>  <\/p>\n\n<p>\u00a0<\/p>\n\n<p>  <\/p>\n\n<p>\u00a0<\/p>\n\n<p>  <\/p>\n\n<p>\u00a0<\/p>\n\n<p>  <\/p>\n\n<p>\u00a0<\/p>\n\n<p>  <\/p>\n","protected":false},"excerpt":{"rendered":"\u201cEl treball \u00e9s un gran pas per a la inclusi\u00f3\u201d Jimmy Higueras va con\u00e8ixer D\u00e9nia en 1969, on&hellip;","protected":false},"author":6,"featured_media":68795,"comment_status":"closed","ping_status":"closed","sticky":false,"template":"","format":"standard","meta":{"csco_display_header_overlay":false,"csco_singular_sidebar":"","csco_page_header_type":"","csco_page_load_nextpost":"","csco_post_video_location":[],"csco_post_video_location_hash":"","csco_post_video_url":"","csco_post_video_bg_start_time":0,"csco_post_video_bg_end_time":0,"footnotes":""},"categories":[574],"tags":[3109,3113,3114,2467],"class_list":{"0":"post-68797","1":"post","2":"type-post","3":"status-publish","4":"format-standard","5":"has-post-thumbnail","7":"category-sociedad-2","8":"tag-condenados-al-bordillo","9":"tag-discapacitat","10":"tag-escola-desport-adaptat","11":"tag-inclusio","12":"cs-entry","13":"cs-video-wrap"},"yoast_head":"<!-- This site is optimized with the Yoast SEO Premium plugin v26.6 (Yoast SEO v27.3) - https:\/\/yoast.com\/product\/yoast-seo-premium-wordpress\/ -->\n<title>Entrevista amb Jimmy Higueras - Canfali<\/title>\n<meta name=\"robots\" content=\"index, follow, max-snippet:-1, max-image-preview:large, max-video-preview:-1\" \/>\n<link rel=\"canonical\" href=\"https:\/\/canfali.com\/ca-es\/entrevista-amb-jimmy-higueras\/\" \/>\n<meta property=\"og:locale\" content=\"en_US\" \/>\n<meta property=\"og:type\" content=\"article\" \/>\n<meta property=\"og:title\" content=\"Entrevista amb Jimmy Higueras\" \/>\n<meta property=\"og:description\" content=\"\u201cEl treball \u00e9s un gran pas per a la inclusi\u00f3\u201d Jimmy Higueras va con\u00e8ixer D\u00e9nia en 1969, on&hellip;\" \/>\n<meta property=\"og:url\" content=\"https:\/\/canfali.com\/ca-es\/entrevista-amb-jimmy-higueras\/\" \/>\n<meta property=\"og:site_name\" content=\"Canfali\" \/>\n<meta property=\"article:publisher\" content=\"https:\/\/es-es.facebook.com\/CANFALIMarinaAlta\" \/>\n<meta property=\"article:published_time\" content=\"2025-07-07T07:07:00+00:00\" \/>\n<meta property=\"og:image\" content=\"https:\/\/canfali.com\/app\/uploads\/2025\/07\/JIMMY-1-scaled.jpg\" \/>\n\t<meta property=\"og:image:width\" content=\"2560\" \/>\n\t<meta property=\"og:image:height\" content=\"1696\" \/>\n\t<meta property=\"og:image:type\" content=\"image\/jpeg\" \/>\n<meta name=\"author\" content=\"Rosa\" \/>\n<meta name=\"twitter:card\" content=\"summary_large_image\" \/>\n<meta name=\"twitter:creator\" content=\"@canfalima\" \/>\n<meta name=\"twitter:site\" content=\"@canfalima\" \/>\n<meta name=\"twitter:label1\" content=\"Written by\" \/>\n\t<meta name=\"twitter:data1\" content=\"Rosa\" \/>\n\t<meta name=\"twitter:label2\" content=\"Est. reading time\" \/>\n\t<meta name=\"twitter:data2\" content=\"10 minutes\" \/>\n<script type=\"application\/ld+json\" class=\"yoast-schema-graph\">{\"@context\":\"https:\\\/\\\/schema.org\",\"@graph\":[{\"@type\":\"NewsArticle\",\"@id\":\"https:\\\/\\\/canfali.com\\\/ca-es\\\/entrevista-amb-jimmy-higueras\\\/#article\",\"isPartOf\":{\"@id\":\"https:\\\/\\\/canfali.com\\\/ca-es\\\/entrevista-amb-jimmy-higueras\\\/\"},\"author\":{\"name\":\"Rosa\",\"@id\":\"https:\\\/\\\/canfali.com\\\/ca-es\\\/#\\\/schema\\\/person\\\/c861a7aa2b2495357b95f35bd5d82f88\"},\"headline\":\"Entrevista amb Jimmy Higueras\",\"datePublished\":\"2025-07-07T07:07:00+00:00\",\"mainEntityOfPage\":{\"@id\":\"https:\\\/\\\/canfali.com\\\/ca-es\\\/entrevista-amb-jimmy-higueras\\\/\"},\"wordCount\":1967,\"publisher\":{\"@id\":\"https:\\\/\\\/canfali.com\\\/ca-es\\\/#organization\"},\"image\":{\"@id\":\"https:\\\/\\\/canfali.com\\\/ca-es\\\/entrevista-amb-jimmy-higueras\\\/#primaryimage\"},\"thumbnailUrl\":\"https:\\\/\\\/canfali.com\\\/app\\\/uploads\\\/2025\\\/07\\\/JIMMY-1-scaled.jpg\",\"keywords\":[\"Condenados al Bordillo\",\"discapacitat\",\"Escola d'Esport Adaptat\",\"inclusi\u00f3\"],\"articleSection\":[\"Sociedad\"],\"inLanguage\":\"va-ES\",\"copyrightYear\":\"2025\",\"copyrightHolder\":{\"@id\":\"https:\\\/\\\/canfali.com\\\/#organization\"}},{\"@type\":\"WebPage\",\"@id\":\"https:\\\/\\\/canfali.com\\\/ca-es\\\/entrevista-amb-jimmy-higueras\\\/\",\"url\":\"https:\\\/\\\/canfali.com\\\/ca-es\\\/entrevista-amb-jimmy-higueras\\\/\",\"name\":\"Entrevista amb Jimmy Higueras - Canfali\",\"isPartOf\":{\"@id\":\"https:\\\/\\\/canfali.com\\\/ca-es\\\/#website\"},\"primaryImageOfPage\":{\"@id\":\"https:\\\/\\\/canfali.com\\\/ca-es\\\/entrevista-amb-jimmy-higueras\\\/#primaryimage\"},\"image\":{\"@id\":\"https:\\\/\\\/canfali.com\\\/ca-es\\\/entrevista-amb-jimmy-higueras\\\/#primaryimage\"},\"thumbnailUrl\":\"https:\\\/\\\/canfali.com\\\/app\\\/uploads\\\/2025\\\/07\\\/JIMMY-1-scaled.jpg\",\"datePublished\":\"2025-07-07T07:07:00+00:00\",\"breadcrumb\":{\"@id\":\"https:\\\/\\\/canfali.com\\\/ca-es\\\/entrevista-amb-jimmy-higueras\\\/#breadcrumb\"},\"inLanguage\":\"va-ES\",\"potentialAction\":[{\"@type\":\"ReadAction\",\"target\":[\"https:\\\/\\\/canfali.com\\\/ca-es\\\/entrevista-amb-jimmy-higueras\\\/\"]}]},{\"@type\":\"ImageObject\",\"inLanguage\":\"va-ES\",\"@id\":\"https:\\\/\\\/canfali.com\\\/ca-es\\\/entrevista-amb-jimmy-higueras\\\/#primaryimage\",\"url\":\"https:\\\/\\\/canfali.com\\\/app\\\/uploads\\\/2025\\\/07\\\/JIMMY-1-scaled.jpg\",\"contentUrl\":\"https:\\\/\\\/canfali.com\\\/app\\\/uploads\\\/2025\\\/07\\\/JIMMY-1-scaled.jpg\",\"width\":2560,\"height\":1696},{\"@type\":\"BreadcrumbList\",\"@id\":\"https:\\\/\\\/canfali.com\\\/ca-es\\\/entrevista-amb-jimmy-higueras\\\/#breadcrumb\",\"itemListElement\":[{\"@type\":\"ListItem\",\"position\":1,\"name\":\"Portada\",\"item\":\"https:\\\/\\\/canfali.com\\\/ca-es\\\/\"},{\"@type\":\"ListItem\",\"position\":2,\"name\":\"Entrevista amb Jimmy Higueras\"}]},{\"@type\":\"WebSite\",\"@id\":\"https:\\\/\\\/canfali.com\\\/ca-es\\\/#website\",\"url\":\"https:\\\/\\\/canfali.com\\\/ca-es\\\/\",\"name\":\"Canfali\",\"description\":\"\",\"publisher\":{\"@id\":\"https:\\\/\\\/canfali.com\\\/ca-es\\\/#organization\"},\"potentialAction\":[{\"@type\":\"SearchAction\",\"target\":{\"@type\":\"EntryPoint\",\"urlTemplate\":\"https:\\\/\\\/canfali.com\\\/ca-es\\\/?s={search_term_string}\"},\"query-input\":{\"@type\":\"PropertyValueSpecification\",\"valueRequired\":true,\"valueName\":\"search_term_string\"}}],\"inLanguage\":\"va-ES\"},{\"@type\":\"Organization\",\"@id\":\"https:\\\/\\\/canfali.com\\\/ca-es\\\/#organization\",\"name\":\"Canfali\",\"url\":\"https:\\\/\\\/canfali.com\\\/ca-es\\\/\",\"logo\":{\"@type\":\"ImageObject\",\"inLanguage\":\"va-ES\",\"@id\":\"https:\\\/\\\/canfali.com\\\/ca-es\\\/#\\\/schema\\\/logo\\\/image\\\/\",\"url\":\"https:\\\/\\\/canfali.com\\\/app\\\/uploads\\\/2025\\\/12\\\/canfali_marina_alta_logo.png\",\"contentUrl\":\"https:\\\/\\\/canfali.com\\\/app\\\/uploads\\\/2025\\\/12\\\/canfali_marina_alta_logo.png\",\"width\":225,\"height\":225,\"caption\":\"Canfali\"},\"image\":{\"@id\":\"https:\\\/\\\/canfali.com\\\/ca-es\\\/#\\\/schema\\\/logo\\\/image\\\/\"},\"sameAs\":[\"https:\\\/\\\/es-es.facebook.com\\\/CANFALIMarinaAlta\",\"https:\\\/\\\/x.com\\\/canfalima\",\"https:\\\/\\\/www.instagram.com\\\/canfalimarinaalta\\\/\"]},{\"@type\":\"Person\",\"@id\":\"https:\\\/\\\/canfali.com\\\/ca-es\\\/#\\\/schema\\\/person\\\/c861a7aa2b2495357b95f35bd5d82f88\",\"name\":\"Rosa\",\"image\":{\"@type\":\"ImageObject\",\"inLanguage\":\"va-ES\",\"@id\":\"https:\\\/\\\/secure.gravatar.com\\\/avatar\\\/47fb83d99423a6ef1cf9f83f02a5e91366c671dec76c5c24badf1b0494e1d960?s=96&d=mm&r=g\",\"url\":\"https:\\\/\\\/secure.gravatar.com\\\/avatar\\\/47fb83d99423a6ef1cf9f83f02a5e91366c671dec76c5c24badf1b0494e1d960?s=96&d=mm&r=g\",\"contentUrl\":\"https:\\\/\\\/secure.gravatar.com\\\/avatar\\\/47fb83d99423a6ef1cf9f83f02a5e91366c671dec76c5c24badf1b0494e1d960?s=96&d=mm&r=g\",\"caption\":\"Rosa\"},\"url\":\"https:\\\/\\\/canfali.com\\\/ca-es\\\/author\\\/rosa\\\/\"}]}<\/script>\n<!-- \/ Yoast SEO Premium plugin. -->","yoast_head_json":{"title":"Entrevista amb Jimmy Higueras - Canfali","robots":{"index":"index","follow":"follow","max-snippet":"max-snippet:-1","max-image-preview":"max-image-preview:large","max-video-preview":"max-video-preview:-1"},"canonical":"https:\/\/canfali.com\/ca-es\/entrevista-amb-jimmy-higueras\/","og_locale":"en_US","og_type":"article","og_title":"Entrevista amb Jimmy Higueras","og_description":"\u201cEl treball \u00e9s un gran pas per a la inclusi\u00f3\u201d Jimmy Higueras va con\u00e8ixer D\u00e9nia en 1969, on&hellip;","og_url":"https:\/\/canfali.com\/ca-es\/entrevista-amb-jimmy-higueras\/","og_site_name":"Canfali","article_publisher":"https:\/\/es-es.facebook.com\/CANFALIMarinaAlta","article_published_time":"2025-07-07T07:07:00+00:00","og_image":[{"width":2560,"height":1696,"url":"https:\/\/canfali.com\/app\/uploads\/2025\/07\/JIMMY-1-scaled.jpg","type":"image\/jpeg"}],"author":"Rosa","twitter_card":"summary_large_image","twitter_creator":"@canfalima","twitter_site":"@canfalima","twitter_misc":{"Written by":"Rosa","Est. reading time":"10 minutes"},"schema":{"@context":"https:\/\/schema.org","@graph":[{"@type":"NewsArticle","@id":"https:\/\/canfali.com\/ca-es\/entrevista-amb-jimmy-higueras\/#article","isPartOf":{"@id":"https:\/\/canfali.com\/ca-es\/entrevista-amb-jimmy-higueras\/"},"author":{"name":"Rosa","@id":"https:\/\/canfali.com\/ca-es\/#\/schema\/person\/c861a7aa2b2495357b95f35bd5d82f88"},"headline":"Entrevista amb Jimmy Higueras","datePublished":"2025-07-07T07:07:00+00:00","mainEntityOfPage":{"@id":"https:\/\/canfali.com\/ca-es\/entrevista-amb-jimmy-higueras\/"},"wordCount":1967,"publisher":{"@id":"https:\/\/canfali.com\/ca-es\/#organization"},"image":{"@id":"https:\/\/canfali.com\/ca-es\/entrevista-amb-jimmy-higueras\/#primaryimage"},"thumbnailUrl":"https:\/\/canfali.com\/app\/uploads\/2025\/07\/JIMMY-1-scaled.jpg","keywords":["Condenados al Bordillo","discapacitat","Escola d'Esport Adaptat","inclusi\u00f3"],"articleSection":["Sociedad"],"inLanguage":"va-ES","copyrightYear":"2025","copyrightHolder":{"@id":"https:\/\/canfali.com\/#organization"}},{"@type":"WebPage","@id":"https:\/\/canfali.com\/ca-es\/entrevista-amb-jimmy-higueras\/","url":"https:\/\/canfali.com\/ca-es\/entrevista-amb-jimmy-higueras\/","name":"Entrevista amb Jimmy Higueras - Canfali","isPartOf":{"@id":"https:\/\/canfali.com\/ca-es\/#website"},"primaryImageOfPage":{"@id":"https:\/\/canfali.com\/ca-es\/entrevista-amb-jimmy-higueras\/#primaryimage"},"image":{"@id":"https:\/\/canfali.com\/ca-es\/entrevista-amb-jimmy-higueras\/#primaryimage"},"thumbnailUrl":"https:\/\/canfali.com\/app\/uploads\/2025\/07\/JIMMY-1-scaled.jpg","datePublished":"2025-07-07T07:07:00+00:00","breadcrumb":{"@id":"https:\/\/canfali.com\/ca-es\/entrevista-amb-jimmy-higueras\/#breadcrumb"},"inLanguage":"va-ES","potentialAction":[{"@type":"ReadAction","target":["https:\/\/canfali.com\/ca-es\/entrevista-amb-jimmy-higueras\/"]}]},{"@type":"ImageObject","inLanguage":"va-ES","@id":"https:\/\/canfali.com\/ca-es\/entrevista-amb-jimmy-higueras\/#primaryimage","url":"https:\/\/canfali.com\/app\/uploads\/2025\/07\/JIMMY-1-scaled.jpg","contentUrl":"https:\/\/canfali.com\/app\/uploads\/2025\/07\/JIMMY-1-scaled.jpg","width":2560,"height":1696},{"@type":"BreadcrumbList","@id":"https:\/\/canfali.com\/ca-es\/entrevista-amb-jimmy-higueras\/#breadcrumb","itemListElement":[{"@type":"ListItem","position":1,"name":"Portada","item":"https:\/\/canfali.com\/ca-es\/"},{"@type":"ListItem","position":2,"name":"Entrevista amb Jimmy Higueras"}]},{"@type":"WebSite","@id":"https:\/\/canfali.com\/ca-es\/#website","url":"https:\/\/canfali.com\/ca-es\/","name":"Canfali","description":"","publisher":{"@id":"https:\/\/canfali.com\/ca-es\/#organization"},"potentialAction":[{"@type":"SearchAction","target":{"@type":"EntryPoint","urlTemplate":"https:\/\/canfali.com\/ca-es\/?s={search_term_string}"},"query-input":{"@type":"PropertyValueSpecification","valueRequired":true,"valueName":"search_term_string"}}],"inLanguage":"va-ES"},{"@type":"Organization","@id":"https:\/\/canfali.com\/ca-es\/#organization","name":"Canfali","url":"https:\/\/canfali.com\/ca-es\/","logo":{"@type":"ImageObject","inLanguage":"va-ES","@id":"https:\/\/canfali.com\/ca-es\/#\/schema\/logo\/image\/","url":"https:\/\/canfali.com\/app\/uploads\/2025\/12\/canfali_marina_alta_logo.png","contentUrl":"https:\/\/canfali.com\/app\/uploads\/2025\/12\/canfali_marina_alta_logo.png","width":225,"height":225,"caption":"Canfali"},"image":{"@id":"https:\/\/canfali.com\/ca-es\/#\/schema\/logo\/image\/"},"sameAs":["https:\/\/es-es.facebook.com\/CANFALIMarinaAlta","https:\/\/x.com\/canfalima","https:\/\/www.instagram.com\/canfalimarinaalta\/"]},{"@type":"Person","@id":"https:\/\/canfali.com\/ca-es\/#\/schema\/person\/c861a7aa2b2495357b95f35bd5d82f88","name":"Rosa","image":{"@type":"ImageObject","inLanguage":"va-ES","@id":"https:\/\/secure.gravatar.com\/avatar\/47fb83d99423a6ef1cf9f83f02a5e91366c671dec76c5c24badf1b0494e1d960?s=96&d=mm&r=g","url":"https:\/\/secure.gravatar.com\/avatar\/47fb83d99423a6ef1cf9f83f02a5e91366c671dec76c5c24badf1b0494e1d960?s=96&d=mm&r=g","contentUrl":"https:\/\/secure.gravatar.com\/avatar\/47fb83d99423a6ef1cf9f83f02a5e91366c671dec76c5c24badf1b0494e1d960?s=96&d=mm&r=g","caption":"Rosa"},"url":"https:\/\/canfali.com\/ca-es\/author\/rosa\/"}]}},"_links":{"self":[{"href":"https:\/\/canfali.com\/ca-es\/wp-json\/wp\/v2\/posts\/68797","targetHints":{"allow":["GET"]}}],"collection":[{"href":"https:\/\/canfali.com\/ca-es\/wp-json\/wp\/v2\/posts"}],"about":[{"href":"https:\/\/canfali.com\/ca-es\/wp-json\/wp\/v2\/types\/post"}],"author":[{"embeddable":true,"href":"https:\/\/canfali.com\/ca-es\/wp-json\/wp\/v2\/users\/6"}],"replies":[{"embeddable":true,"href":"https:\/\/canfali.com\/ca-es\/wp-json\/wp\/v2\/comments?post=68797"}],"version-history":[{"count":1,"href":"https:\/\/canfali.com\/ca-es\/wp-json\/wp\/v2\/posts\/68797\/revisions"}],"predecessor-version":[{"id":68798,"href":"https:\/\/canfali.com\/ca-es\/wp-json\/wp\/v2\/posts\/68797\/revisions\/68798"}],"wp:featuredmedia":[{"embeddable":true,"href":"https:\/\/canfali.com\/ca-es\/wp-json\/wp\/v2\/media\/68795"}],"wp:attachment":[{"href":"https:\/\/canfali.com\/ca-es\/wp-json\/wp\/v2\/media?parent=68797"}],"wp:term":[{"taxonomy":"category","embeddable":true,"href":"https:\/\/canfali.com\/ca-es\/wp-json\/wp\/v2\/categories?post=68797"},{"taxonomy":"post_tag","embeddable":true,"href":"https:\/\/canfali.com\/ca-es\/wp-json\/wp\/v2\/tags?post=68797"}],"curies":[{"name":"wp","href":"https:\/\/api.w.org\/{rel}","templated":true}]}}