{"id":67910,"date":"2025-06-25T12:38:16","date_gmt":"2025-06-25T10:38:16","guid":{"rendered":"https:\/\/canfali.com\/?p=67910"},"modified":"2025-06-25T12:45:03","modified_gmt":"2025-06-25T10:45:03","slug":"amjasa-y-los-plazos-para-la-gestion-de-la-desladora","status":"publish","type":"post","link":"https:\/\/canfali.com\/ca-es\/amjasa-y-los-plazos-para-la-gestion-de-la-desladora\/","title":{"rendered":"Amjasa y els terminis per a la gesti\u00f3 de la dessaladora"},"content":{"rendered":"\n<p><\/p>\n\n\n\n<blockquote class=\"wp-block-quote is-layout-flow wp-block-quote-is-layout-flow\">\n<p><br><strong>La alcaldesa de X\u00e0bia espanta els fantasmes sobre la possible privatizaci\u00f3 de la planta <\/strong><\/p>\n<\/blockquote>\n\n\n\n<p><br><br>\u201cSi poguera ser dem\u00e0, seria dem\u00e0\u201d. L&#8217;alcaldessa de X\u00e0bia, <strong>Rosa Cardona<\/strong>, va respondre d&#8217;aquesta manera als terminis perqu\u00e8 el govern municipal cedisca la gesti\u00f3 de la planta dessaladora a l&#8217;empresa p\u00fablica <strong>Amjasa<\/strong>, i que es dissipen d&#8217;una vegada els fantasmes sobre la seua possible privatitzaci\u00f3. Cardona adverteix, per\u00f2, que aquest pas es tracta d&#8217;un proc\u00e9s administratiu que porta el seu temps, per la qual cosa evita parlar de terminis.<\/p>\n\n\n\n<blockquote class=\"wp-block-quote is-layout-flow wp-block-quote-is-layout-flow\">\n<p><br><strong>Ciudadanos por J\u00e1vea, soci del govern junt a PP i Vox, t\u00e9 pressa<\/strong><\/p>\n<\/blockquote>\n\n\n\n<p><br>Qui ha exigit dates, per\u00f2, i crida l&#8217;atenci\u00f3 per la manera en qu\u00e8 ho ha fet, a trav\u00e9s de les xarxes, \u00e9s el grup de <strong>Ciutadans per X\u00e0bia (CPJ)<\/strong> en el govern. \u201cDonat que ja es compleixen les condicions per a la reversi\u00f3 a l&#8217;Ajuntament, i que l&#8217;expedient es troba en un grau avan\u00e7at de tramitaci\u00f3, estimem que en un termini de dos a tres mesos la gesti\u00f3 ser\u00e0 municipal i podr\u00e0 ser assumida per <strong>Amjasa<\/strong>\u201d, apunten des de la formaci\u00f3 que lidera <strong>Mavi P\u00e9rez<\/strong>. \u201cLa nostra postura, de la qual no ens hem apartat i que continuem defensant hui dia, \u00e9s la d&#8217;una gesti\u00f3 p\u00fablica i directa a trav\u00e9s de l&#8217;empresa <strong>Amjasa<\/strong>, ja que partim de la convicci\u00f3 que, en ple segle XXI, la gesti\u00f3 del cicle integral de l&#8217;aigua ha de ser p\u00fablica\u201d. Aquestes declaracions van generar desconfian\u00e7a en el si de l&#8217;executiu que forma <strong>CpJ<\/strong> juntament amb <strong>PP<\/strong> i <strong>Vox<\/strong>, com un av\u00eds p\u00fablic als seus socis de govern, es podria interpretar.<\/p>\n\n\n\n<p><br>Tamb\u00e9 des del <strong>PSOE de X\u00e0bia<\/strong> s&#8217;ha incidit en la necessitat que la gesti\u00f3 siga p\u00fablica, i que s&#8217;acelere la tramitaci\u00f3. Tamb\u00e9 donen uns mesos de termini. Despr\u00e9s de l&#8217;estiu ser\u00e0.<\/p>\n","protected":false},"excerpt":{"rendered":"La alcaldesa de X\u00e0bia espanta els fantasmes sobre la possible privatizaci\u00f3 de la planta \u201cSi poguera ser dem\u00e0,&hellip;","protected":false},"author":8,"featured_media":67911,"comment_status":"closed","ping_status":"closed","sticky":false,"template":"","format":"standard","meta":{"csco_display_header_overlay":false,"csco_singular_sidebar":"","csco_page_header_type":"","csco_page_load_nextpost":"","csco_post_video_location":[],"csco_post_video_location_hash":"","csco_post_video_url":"","csco_post_video_bg_start_time":0,"csco_post_video_bg_end_time":0,"footnotes":""},"categories":[1],"tags":[],"class_list":{"0":"post-67910","1":"post","2":"type-post","3":"status-publish","4":"format-standard","5":"has-post-thumbnail","7":"category-sin-categorizar","8":"cs-entry","9":"cs-video-wrap"},"yoast_head":"<!-- This site is optimized with the Yoast SEO Premium plugin v26.6 (Yoast SEO v27.3) - https:\/\/yoast.com\/product\/yoast-seo-premium-wordpress\/ -->\n<title>Amjasa y els terminis per a la gesti\u00f3 de la dessaladora - Canfali<\/title>\n<meta name=\"robots\" content=\"index, follow, max-snippet:-1, max-image-preview:large, max-video-preview:-1\" \/>\n<link rel=\"canonical\" href=\"https:\/\/canfali.com\/ca-es\/amjasa-y-los-plazos-para-la-gestion-de-la-desladora\/\" \/>\n<meta property=\"og:locale\" content=\"en_US\" \/>\n<meta property=\"og:type\" content=\"article\" \/>\n<meta property=\"og:title\" content=\"Amjasa y els terminis per a la gesti\u00f3 de la dessaladora\" \/>\n<meta property=\"og:description\" content=\"La alcaldesa de X\u00e0bia espanta els fantasmes sobre la possible privatizaci\u00f3 de la planta \u201cSi poguera ser dem\u00e0,&hellip;\" \/>\n<meta property=\"og:url\" content=\"https:\/\/canfali.com\/ca-es\/amjasa-y-los-plazos-para-la-gestion-de-la-desladora\/\" \/>\n<meta property=\"og:site_name\" content=\"Canfali\" \/>\n<meta property=\"article:publisher\" content=\"https:\/\/es-es.facebook.com\/CANFALIMarinaAlta\" \/>\n<meta property=\"article:published_time\" content=\"2025-06-25T10:38:16+00:00\" \/>\n<meta property=\"article:modified_time\" content=\"2025-06-25T10:45:03+00:00\" \/>\n<meta property=\"og:image\" content=\"https:\/\/canfali.com\/app\/uploads\/2025\/06\/8desaladora.jpg\" \/>\n\t<meta property=\"og:image:width\" content=\"1200\" \/>\n\t<meta property=\"og:image:height\" content=\"675\" \/>\n\t<meta property=\"og:image:type\" content=\"image\/jpeg\" \/>\n<meta name=\"author\" content=\"Lluis\" \/>\n<meta name=\"twitter:card\" content=\"summary_large_image\" \/>\n<meta name=\"twitter:creator\" content=\"@canfalima\" \/>\n<meta name=\"twitter:site\" content=\"@canfalima\" \/>\n<meta name=\"twitter:label1\" content=\"Written by\" \/>\n\t<meta name=\"twitter:data1\" content=\"Lluis\" \/>\n\t<meta name=\"twitter:label2\" content=\"Est. reading time\" \/>\n\t<meta name=\"twitter:data2\" content=\"2 minutes\" \/>\n<script type=\"application\/ld+json\" class=\"yoast-schema-graph\">{\"@context\":\"https:\\\/\\\/schema.org\",\"@graph\":[{\"@type\":\"NewsArticle\",\"@id\":\"https:\\\/\\\/canfali.com\\\/ca-es\\\/amjasa-y-los-plazos-para-la-gestion-de-la-desladora\\\/#article\",\"isPartOf\":{\"@id\":\"https:\\\/\\\/canfali.com\\\/ca-es\\\/amjasa-y-los-plazos-para-la-gestion-de-la-desladora\\\/\"},\"author\":{\"name\":\"Lluis\",\"@id\":\"https:\\\/\\\/canfali.com\\\/ca-es\\\/#\\\/schema\\\/person\\\/f540a86fb33e10daaae53c59ceaa1194\"},\"headline\":\"Amjasa y els terminis per a la gesti\u00f3 de la dessaladora\",\"datePublished\":\"2025-06-25T10:38:16+00:00\",\"dateModified\":\"2025-06-25T10:45:03+00:00\",\"mainEntityOfPage\":{\"@id\":\"https:\\\/\\\/canfali.com\\\/ca-es\\\/amjasa-y-los-plazos-para-la-gestion-de-la-desladora\\\/\"},\"wordCount\":336,\"publisher\":{\"@id\":\"https:\\\/\\\/canfali.com\\\/ca-es\\\/#organization\"},\"image\":{\"@id\":\"https:\\\/\\\/canfali.com\\\/ca-es\\\/amjasa-y-los-plazos-para-la-gestion-de-la-desladora\\\/#primaryimage\"},\"thumbnailUrl\":\"https:\\\/\\\/canfali.com\\\/app\\\/uploads\\\/2025\\\/06\\\/8desaladora.jpg\",\"articleSection\":[\"Sin categorizar\"],\"inLanguage\":\"va-ES\",\"copyrightYear\":\"2025\",\"copyrightHolder\":{\"@id\":\"https:\\\/\\\/canfali.com\\\/#organization\"}},{\"@type\":\"WebPage\",\"@id\":\"https:\\\/\\\/canfali.com\\\/ca-es\\\/amjasa-y-los-plazos-para-la-gestion-de-la-desladora\\\/\",\"url\":\"https:\\\/\\\/canfali.com\\\/ca-es\\\/amjasa-y-los-plazos-para-la-gestion-de-la-desladora\\\/\",\"name\":\"Amjasa y els terminis per a la gesti\u00f3 de la dessaladora - Canfali\",\"isPartOf\":{\"@id\":\"https:\\\/\\\/canfali.com\\\/ca-es\\\/#website\"},\"primaryImageOfPage\":{\"@id\":\"https:\\\/\\\/canfali.com\\\/ca-es\\\/amjasa-y-los-plazos-para-la-gestion-de-la-desladora\\\/#primaryimage\"},\"image\":{\"@id\":\"https:\\\/\\\/canfali.com\\\/ca-es\\\/amjasa-y-los-plazos-para-la-gestion-de-la-desladora\\\/#primaryimage\"},\"thumbnailUrl\":\"https:\\\/\\\/canfali.com\\\/app\\\/uploads\\\/2025\\\/06\\\/8desaladora.jpg\",\"datePublished\":\"2025-06-25T10:38:16+00:00\",\"dateModified\":\"2025-06-25T10:45:03+00:00\",\"breadcrumb\":{\"@id\":\"https:\\\/\\\/canfali.com\\\/ca-es\\\/amjasa-y-los-plazos-para-la-gestion-de-la-desladora\\\/#breadcrumb\"},\"inLanguage\":\"va-ES\",\"potentialAction\":[{\"@type\":\"ReadAction\",\"target\":[\"https:\\\/\\\/canfali.com\\\/ca-es\\\/amjasa-y-los-plazos-para-la-gestion-de-la-desladora\\\/\"]}]},{\"@type\":\"ImageObject\",\"inLanguage\":\"va-ES\",\"@id\":\"https:\\\/\\\/canfali.com\\\/ca-es\\\/amjasa-y-los-plazos-para-la-gestion-de-la-desladora\\\/#primaryimage\",\"url\":\"https:\\\/\\\/canfali.com\\\/app\\\/uploads\\\/2025\\\/06\\\/8desaladora.jpg\",\"contentUrl\":\"https:\\\/\\\/canfali.com\\\/app\\\/uploads\\\/2025\\\/06\\\/8desaladora.jpg\",\"width\":1200,\"height\":675},{\"@type\":\"BreadcrumbList\",\"@id\":\"https:\\\/\\\/canfali.com\\\/ca-es\\\/amjasa-y-los-plazos-para-la-gestion-de-la-desladora\\\/#breadcrumb\",\"itemListElement\":[{\"@type\":\"ListItem\",\"position\":1,\"name\":\"Portada\",\"item\":\"https:\\\/\\\/canfali.com\\\/ca-es\\\/\"},{\"@type\":\"ListItem\",\"position\":2,\"name\":\"Amjasa y els terminis per a la gesti\u00f3 de la dessaladora\"}]},{\"@type\":\"WebSite\",\"@id\":\"https:\\\/\\\/canfali.com\\\/ca-es\\\/#website\",\"url\":\"https:\\\/\\\/canfali.com\\\/ca-es\\\/\",\"name\":\"Canfali\",\"description\":\"\",\"publisher\":{\"@id\":\"https:\\\/\\\/canfali.com\\\/ca-es\\\/#organization\"},\"potentialAction\":[{\"@type\":\"SearchAction\",\"target\":{\"@type\":\"EntryPoint\",\"urlTemplate\":\"https:\\\/\\\/canfali.com\\\/ca-es\\\/?s={search_term_string}\"},\"query-input\":{\"@type\":\"PropertyValueSpecification\",\"valueRequired\":true,\"valueName\":\"search_term_string\"}}],\"inLanguage\":\"va-ES\"},{\"@type\":\"Organization\",\"@id\":\"https:\\\/\\\/canfali.com\\\/ca-es\\\/#organization\",\"name\":\"Canfali\",\"url\":\"https:\\\/\\\/canfali.com\\\/ca-es\\\/\",\"logo\":{\"@type\":\"ImageObject\",\"inLanguage\":\"va-ES\",\"@id\":\"https:\\\/\\\/canfali.com\\\/ca-es\\\/#\\\/schema\\\/logo\\\/image\\\/\",\"url\":\"https:\\\/\\\/canfali.com\\\/app\\\/uploads\\\/2025\\\/12\\\/canfali_marina_alta_logo.png\",\"contentUrl\":\"https:\\\/\\\/canfali.com\\\/app\\\/uploads\\\/2025\\\/12\\\/canfali_marina_alta_logo.png\",\"width\":225,\"height\":225,\"caption\":\"Canfali\"},\"image\":{\"@id\":\"https:\\\/\\\/canfali.com\\\/ca-es\\\/#\\\/schema\\\/logo\\\/image\\\/\"},\"sameAs\":[\"https:\\\/\\\/es-es.facebook.com\\\/CANFALIMarinaAlta\",\"https:\\\/\\\/x.com\\\/canfalima\",\"https:\\\/\\\/www.instagram.com\\\/canfalimarinaalta\\\/\"]},{\"@type\":\"Person\",\"@id\":\"https:\\\/\\\/canfali.com\\\/ca-es\\\/#\\\/schema\\\/person\\\/f540a86fb33e10daaae53c59ceaa1194\",\"name\":\"Lluis\",\"image\":{\"@type\":\"ImageObject\",\"inLanguage\":\"va-ES\",\"@id\":\"https:\\\/\\\/secure.gravatar.com\\\/avatar\\\/a21ec8835290e4e02ed0886b8cb327d807d0eb6ec8ccf25d4c2a0a415f506c0d?s=96&d=mm&r=g\",\"url\":\"https:\\\/\\\/secure.gravatar.com\\\/avatar\\\/a21ec8835290e4e02ed0886b8cb327d807d0eb6ec8ccf25d4c2a0a415f506c0d?s=96&d=mm&r=g\",\"contentUrl\":\"https:\\\/\\\/secure.gravatar.com\\\/avatar\\\/a21ec8835290e4e02ed0886b8cb327d807d0eb6ec8ccf25d4c2a0a415f506c0d?s=96&d=mm&r=g\",\"caption\":\"Lluis\"},\"url\":\"https:\\\/\\\/canfali.com\\\/ca-es\\\/author\\\/lluis\\\/\"}]}<\/script>\n<!-- \/ Yoast SEO Premium plugin. -->","yoast_head_json":{"title":"Amjasa y els terminis per a la gesti\u00f3 de la dessaladora - Canfali","robots":{"index":"index","follow":"follow","max-snippet":"max-snippet:-1","max-image-preview":"max-image-preview:large","max-video-preview":"max-video-preview:-1"},"canonical":"https:\/\/canfali.com\/ca-es\/amjasa-y-los-plazos-para-la-gestion-de-la-desladora\/","og_locale":"en_US","og_type":"article","og_title":"Amjasa y els terminis per a la gesti\u00f3 de la dessaladora","og_description":"La alcaldesa de X\u00e0bia espanta els fantasmes sobre la possible privatizaci\u00f3 de la planta \u201cSi poguera ser dem\u00e0,&hellip;","og_url":"https:\/\/canfali.com\/ca-es\/amjasa-y-los-plazos-para-la-gestion-de-la-desladora\/","og_site_name":"Canfali","article_publisher":"https:\/\/es-es.facebook.com\/CANFALIMarinaAlta","article_published_time":"2025-06-25T10:38:16+00:00","article_modified_time":"2025-06-25T10:45:03+00:00","og_image":[{"width":1200,"height":675,"url":"https:\/\/canfali.com\/app\/uploads\/2025\/06\/8desaladora.jpg","type":"image\/jpeg"}],"author":"Lluis","twitter_card":"summary_large_image","twitter_creator":"@canfalima","twitter_site":"@canfalima","twitter_misc":{"Written by":"Lluis","Est. reading time":"2 minutes"},"schema":{"@context":"https:\/\/schema.org","@graph":[{"@type":"NewsArticle","@id":"https:\/\/canfali.com\/ca-es\/amjasa-y-los-plazos-para-la-gestion-de-la-desladora\/#article","isPartOf":{"@id":"https:\/\/canfali.com\/ca-es\/amjasa-y-los-plazos-para-la-gestion-de-la-desladora\/"},"author":{"name":"Lluis","@id":"https:\/\/canfali.com\/ca-es\/#\/schema\/person\/f540a86fb33e10daaae53c59ceaa1194"},"headline":"Amjasa y els terminis per a la gesti\u00f3 de la dessaladora","datePublished":"2025-06-25T10:38:16+00:00","dateModified":"2025-06-25T10:45:03+00:00","mainEntityOfPage":{"@id":"https:\/\/canfali.com\/ca-es\/amjasa-y-los-plazos-para-la-gestion-de-la-desladora\/"},"wordCount":336,"publisher":{"@id":"https:\/\/canfali.com\/ca-es\/#organization"},"image":{"@id":"https:\/\/canfali.com\/ca-es\/amjasa-y-los-plazos-para-la-gestion-de-la-desladora\/#primaryimage"},"thumbnailUrl":"https:\/\/canfali.com\/app\/uploads\/2025\/06\/8desaladora.jpg","articleSection":["Sin categorizar"],"inLanguage":"va-ES","copyrightYear":"2025","copyrightHolder":{"@id":"https:\/\/canfali.com\/#organization"}},{"@type":"WebPage","@id":"https:\/\/canfali.com\/ca-es\/amjasa-y-los-plazos-para-la-gestion-de-la-desladora\/","url":"https:\/\/canfali.com\/ca-es\/amjasa-y-los-plazos-para-la-gestion-de-la-desladora\/","name":"Amjasa y els terminis per a la gesti\u00f3 de la dessaladora - Canfali","isPartOf":{"@id":"https:\/\/canfali.com\/ca-es\/#website"},"primaryImageOfPage":{"@id":"https:\/\/canfali.com\/ca-es\/amjasa-y-los-plazos-para-la-gestion-de-la-desladora\/#primaryimage"},"image":{"@id":"https:\/\/canfali.com\/ca-es\/amjasa-y-los-plazos-para-la-gestion-de-la-desladora\/#primaryimage"},"thumbnailUrl":"https:\/\/canfali.com\/app\/uploads\/2025\/06\/8desaladora.jpg","datePublished":"2025-06-25T10:38:16+00:00","dateModified":"2025-06-25T10:45:03+00:00","breadcrumb":{"@id":"https:\/\/canfali.com\/ca-es\/amjasa-y-los-plazos-para-la-gestion-de-la-desladora\/#breadcrumb"},"inLanguage":"va-ES","potentialAction":[{"@type":"ReadAction","target":["https:\/\/canfali.com\/ca-es\/amjasa-y-los-plazos-para-la-gestion-de-la-desladora\/"]}]},{"@type":"ImageObject","inLanguage":"va-ES","@id":"https:\/\/canfali.com\/ca-es\/amjasa-y-los-plazos-para-la-gestion-de-la-desladora\/#primaryimage","url":"https:\/\/canfali.com\/app\/uploads\/2025\/06\/8desaladora.jpg","contentUrl":"https:\/\/canfali.com\/app\/uploads\/2025\/06\/8desaladora.jpg","width":1200,"height":675},{"@type":"BreadcrumbList","@id":"https:\/\/canfali.com\/ca-es\/amjasa-y-los-plazos-para-la-gestion-de-la-desladora\/#breadcrumb","itemListElement":[{"@type":"ListItem","position":1,"name":"Portada","item":"https:\/\/canfali.com\/ca-es\/"},{"@type":"ListItem","position":2,"name":"Amjasa y els terminis per a la gesti\u00f3 de la dessaladora"}]},{"@type":"WebSite","@id":"https:\/\/canfali.com\/ca-es\/#website","url":"https:\/\/canfali.com\/ca-es\/","name":"Canfali","description":"","publisher":{"@id":"https:\/\/canfali.com\/ca-es\/#organization"},"potentialAction":[{"@type":"SearchAction","target":{"@type":"EntryPoint","urlTemplate":"https:\/\/canfali.com\/ca-es\/?s={search_term_string}"},"query-input":{"@type":"PropertyValueSpecification","valueRequired":true,"valueName":"search_term_string"}}],"inLanguage":"va-ES"},{"@type":"Organization","@id":"https:\/\/canfali.com\/ca-es\/#organization","name":"Canfali","url":"https:\/\/canfali.com\/ca-es\/","logo":{"@type":"ImageObject","inLanguage":"va-ES","@id":"https:\/\/canfali.com\/ca-es\/#\/schema\/logo\/image\/","url":"https:\/\/canfali.com\/app\/uploads\/2025\/12\/canfali_marina_alta_logo.png","contentUrl":"https:\/\/canfali.com\/app\/uploads\/2025\/12\/canfali_marina_alta_logo.png","width":225,"height":225,"caption":"Canfali"},"image":{"@id":"https:\/\/canfali.com\/ca-es\/#\/schema\/logo\/image\/"},"sameAs":["https:\/\/es-es.facebook.com\/CANFALIMarinaAlta","https:\/\/x.com\/canfalima","https:\/\/www.instagram.com\/canfalimarinaalta\/"]},{"@type":"Person","@id":"https:\/\/canfali.com\/ca-es\/#\/schema\/person\/f540a86fb33e10daaae53c59ceaa1194","name":"Lluis","image":{"@type":"ImageObject","inLanguage":"va-ES","@id":"https:\/\/secure.gravatar.com\/avatar\/a21ec8835290e4e02ed0886b8cb327d807d0eb6ec8ccf25d4c2a0a415f506c0d?s=96&d=mm&r=g","url":"https:\/\/secure.gravatar.com\/avatar\/a21ec8835290e4e02ed0886b8cb327d807d0eb6ec8ccf25d4c2a0a415f506c0d?s=96&d=mm&r=g","contentUrl":"https:\/\/secure.gravatar.com\/avatar\/a21ec8835290e4e02ed0886b8cb327d807d0eb6ec8ccf25d4c2a0a415f506c0d?s=96&d=mm&r=g","caption":"Lluis"},"url":"https:\/\/canfali.com\/ca-es\/author\/lluis\/"}]}},"_links":{"self":[{"href":"https:\/\/canfali.com\/ca-es\/wp-json\/wp\/v2\/posts\/67910","targetHints":{"allow":["GET"]}}],"collection":[{"href":"https:\/\/canfali.com\/ca-es\/wp-json\/wp\/v2\/posts"}],"about":[{"href":"https:\/\/canfali.com\/ca-es\/wp-json\/wp\/v2\/types\/post"}],"author":[{"embeddable":true,"href":"https:\/\/canfali.com\/ca-es\/wp-json\/wp\/v2\/users\/8"}],"replies":[{"embeddable":true,"href":"https:\/\/canfali.com\/ca-es\/wp-json\/wp\/v2\/comments?post=67910"}],"version-history":[{"count":2,"href":"https:\/\/canfali.com\/ca-es\/wp-json\/wp\/v2\/posts\/67910\/revisions"}],"predecessor-version":[{"id":67921,"href":"https:\/\/canfali.com\/ca-es\/wp-json\/wp\/v2\/posts\/67910\/revisions\/67921"}],"wp:featuredmedia":[{"embeddable":true,"href":"https:\/\/canfali.com\/ca-es\/wp-json\/wp\/v2\/media\/67911"}],"wp:attachment":[{"href":"https:\/\/canfali.com\/ca-es\/wp-json\/wp\/v2\/media?parent=67910"}],"wp:term":[{"taxonomy":"category","embeddable":true,"href":"https:\/\/canfali.com\/ca-es\/wp-json\/wp\/v2\/categories?post=67910"},{"taxonomy":"post_tag","embeddable":true,"href":"https:\/\/canfali.com\/ca-es\/wp-json\/wp\/v2\/tags?post=67910"}],"curies":[{"name":"wp","href":"https:\/\/api.w.org\/{rel}","templated":true}]}}