{"id":67671,"date":"2025-06-23T11:14:51","date_gmt":"2025-06-23T09:14:51","guid":{"rendered":"https:\/\/canfali.com\/?p=67671"},"modified":"2025-06-24T08:04:45","modified_gmt":"2025-06-24T06:04:45","slug":"de-la-foscor-i-el-cresol-a-la-llum-electrica-a-teulada","status":"publish","type":"post","link":"https:\/\/canfali.com\/ca-es\/de-la-foscor-i-el-cresol-a-la-llum-electrica-a-teulada\/","title":{"rendered":"De la foscor i el cresol, a la llum el\u00e8ctrica a Teulada"},"content":{"rendered":"\n<p>En un dels seus nombrosos treballs publicats en els llibres de festes, el mestre i historiador Joan Ivars conta com va arribar la llum el\u00e8ctrica a Teulada. I fa menci\u00f3 que en la cultura romana s\u2019utilitzava una esp\u00e8cie de l\u00e0mpada o ll\u00e0ntia feta de terrissa, terracota o pedra on una metxa sobreeixia per un forat d\u2019un xicotet dep\u00f2sit ple d\u2019oli, a la qual se li prenia foc. Aquesta lucerna \u00e9s el precedent del nostre cresol, un recipient de llanda generalment quadrat que, a cada punta dels quatre angles, tenia una eixida per a la metxa que, impregnada d\u2019oli d\u2019oliva, feia llum despr\u00e9s d\u2019haver-se li aplicat un misto o qualsevol flama. Una variant d\u2019aquest cresol, per\u00f2 en pla m\u00e9s fi i menys popular, \u00e9s el que s\u2019anomena llumenera, molt m\u00e9s elegant i, per suposat, m\u00e9s car d\u2019adquirir. Es tractava d\u2019un utensili de llaut\u00f3 o coure que tenia un petit dip\u00f2sit d\u2019oli en la part superior des d\u2019on eixia la tor\u00e7uda ja impregnada d\u2019oli. La llanterna era una altra manera d\u2019utensili a oli que consistia en un petit fanalet amb metxa a la qual se li pega foc.<\/p>\n\n\n\n<p>&nbsp;&nbsp;&nbsp;&nbsp;&nbsp;&nbsp;&nbsp;&nbsp;&nbsp;&nbsp;&nbsp; A m\u00e9s de l\u2019oli, una altre producte que s\u2019ha usat molt per a fer llum \u00e9s la cera. A hores d\u2019ara, l\u2019\u00fas dels ciris queda molt restringit per a funcions religioses o per a les processons. A casa tenien les palmat\u00f2ries, utensilis per a transportar els ciris i fer llum, sobretot quan se n\u2019anava l\u2019el\u00e8ctrica.<\/p>\n\n\n\n<p>&nbsp;&nbsp;&nbsp;&nbsp;&nbsp;&nbsp;&nbsp;&nbsp;&nbsp;&nbsp;&nbsp; Un altre producte popular de la segona meitat del segle XX va ser l\u2019\u00fas del carbur de calci que en contacte amb l\u2019aigua produeix el gas acetil\u00e8. L\u2019utensili que es feia servir era el carburer, que consistia b\u00e0sicament en un recipient per a la pedra de carbur que es tapava ben subjecta amb una part superior, des d\u2019on eixia un tub a l\u2019extrem del qual es posava, enroscada, la bugia, pe\u00e7a per on surtia el gas acetil\u00e8 al qual se li aplicava un misto i aix\u00ed es produ\u00efa una flama que feia llum. Totes les casetes de camp dels anys 40 a 60, al riurau, a la naia o al fornal, comptaven amb aquest utensili.<\/p>\n\n\n\n<figure class=\"wp-block-image size-large\"><img fetchpriority=\"high\" decoding=\"async\" width=\"1024\" height=\"683\" src=\"https:\/\/canfali.com\/app\/uploads\/2025\/06\/llum-teulada-2-1024x683.jpg\" alt=\"\" class=\"wp-image-67674\" srcset=\"https:\/\/canfali.com\/app\/uploads\/2025\/06\/llum-teulada-2-1024x683.jpg 1024w, https:\/\/canfali.com\/app\/uploads\/2025\/06\/llum-teulada-2-300x200.jpg 300w, https:\/\/canfali.com\/app\/uploads\/2025\/06\/llum-teulada-2-768x512.jpg 768w, https:\/\/canfali.com\/app\/uploads\/2025\/06\/llum-teulada-2-1536x1024.jpg 1536w, https:\/\/canfali.com\/app\/uploads\/2025\/06\/llum-teulada-2-2048x1365.jpg 2048w, https:\/\/canfali.com\/app\/uploads\/2025\/06\/llum-teulada-2-scaled.jpg 2560w\" sizes=\"(max-width: 1024px) 100vw, 1024px\" \/><\/figure>\n\n\n\n<p>&nbsp;&nbsp;&nbsp;&nbsp;&nbsp;&nbsp;&nbsp;&nbsp;&nbsp;&nbsp;&nbsp; Abans de l\u2019arribada de l\u2019energia el\u00e8ctrica hi hagu\u00e9 una altra font de llum. Se sap que en 1883 es van comprar vint-i-cinc fanals, tubs i petroli per a l\u2019enllumenat p\u00fablic de Teulada. I, uns anys m\u00e9s tard, es posarien tamb\u00e9 a Moraira.<\/p>\n\n\n\n<p>&nbsp;&nbsp;&nbsp;&nbsp;&nbsp;&nbsp;&nbsp;&nbsp;&nbsp;&nbsp;&nbsp; I despr\u00e9s de poc m\u00e9s de 20 anys d\u2019enllumenament p\u00fablic amb faroles alimentades per petroli, conta Ivars, arriba l\u2019energia el\u00e8ctrica. A Teulada hi ha documents que indiquen que la il\u00b7luminaci\u00f3 p\u00fablica va arribar en 1903 i en una anotaci\u00f3 de 1909 hi ha const\u00e0ncia que el primer electricista que s\u2019encarrega del manteniment de tota la instal\u00b7laci\u00f3 de l\u2019enllumenat p\u00fablic \u00e9s Vicente Blasco. I tamb\u00e9 estan les factures de llum que l\u2019Ajuntament de Teulada paga a la companyia Sociedad Hidroel\u00e9ctrica del Algar, subministradora de l\u2019energia a Teulada i molts pobles de la comarca.<\/p>\n\n\n\n<figure class=\"wp-block-image size-full\"><img decoding=\"async\" width=\"612\" height=\"725\" src=\"https:\/\/canfali.com\/app\/uploads\/2025\/06\/llum-teulada-3.jpg\" alt=\"\" class=\"wp-image-67676\" srcset=\"https:\/\/canfali.com\/app\/uploads\/2025\/06\/llum-teulada-3.jpg 612w, https:\/\/canfali.com\/app\/uploads\/2025\/06\/llum-teulada-3-253x300.jpg 253w\" sizes=\"(max-width: 612px) 100vw, 612px\" \/><\/figure>\n\n\n\n<p>&nbsp;&nbsp;&nbsp;&nbsp;&nbsp;&nbsp;&nbsp;&nbsp;&nbsp;&nbsp;&nbsp; Vicente Blasco va continuar sent l\u2019encarregat del manteniment de l\u2019enllumenat p\u00fablic de Teulada fins ben entrats els anys quaranta. En 1947 es va encarregar del manteniment de l\u2019enllumenat el denier Bautista Catal\u00e0 Pastor. Ell va ser l\u2019encarregat de gestionar la compra de la casa que la companyia el\u00e8ctrica va adquirir al carrer Nou. La companyia prove\u00efdora de l\u2019energia ja estava en mans de l\u2019Electricista Alcoyana i despr\u00e9s aquesta va ser absorbida per Hidroel\u00e9ctrica Espa\u00f1ola. En aquesta casa vivia Bautista Catal\u00e0 amb la seua fam\u00edlia i all\u00ed va n\u00e0ixer una de les seues filles, Paquita Catal\u00e0.<\/p>\n\n\n\n<p>&nbsp;&nbsp;&nbsp;&nbsp;&nbsp;&nbsp;&nbsp;&nbsp;&nbsp;&nbsp;&nbsp; Bautista Catal\u00e0 va marxar a D\u00e9nia cap a 1952 i en el seu lloc va arribar com a electricista de Teulada Pepe Ortega, de X\u00e0tiva. Aqu\u00ed va casar amb una teuladina i va tindre fills. Despr\u00e9s d\u2019uns anys de treball es va traslladar a D\u00e9nia per a operar des de les oficines on es centralitzaven tots els serveis comarcals. Pepe Ortega va ser l\u2019\u00faltim electricista de la companyia a Teulada. Posteriorment, tots els problemes relacionats amb les instal\u00b7lacions han estat i segueixen estant dirigits des de D\u00e9nia.<\/p>\n\n\n\n<p>&nbsp;&nbsp;&nbsp;&nbsp;&nbsp;&nbsp;&nbsp;&nbsp;&nbsp;&nbsp;&nbsp; La llum el\u00e8ctrica va arribar a Moraira 50 anys m\u00e9s tard, concretament el 25 de juliol de 1959. El mateix Joan Ivars ho conta en primera persona: \u201cEstava jo pescant amb un tio meu vora al castell de Moraira. Ja s\u2019havia fet fosc i de colp i repent els cels es van omplir de carcasses i coets per celebrar l\u2019arribada de la llum a Moraira. Van ser uns moments de molta emoci\u00f3. En aquell estiu estava rodant-se la pel\u00b7l\u00edcula <em>El hombre de la isla<\/em>, que tenia com a protagonistes Paco Rabal i Marga L\u00f3pez\u201d.<\/p>\n\n\n\n<p>&nbsp;&nbsp;&nbsp;&nbsp;&nbsp;&nbsp;&nbsp;&nbsp;&nbsp;&nbsp;&nbsp; A finals dels anys 40 encara hi havia una sola bombeta a la majoria de les cases. Durant alguns anys, pel dia no hi havia electricitat i, ja cap al tardet, arribava el fluid el\u00e8ctric. En aquells temps, la llum se n\u2019anava cada dos per tres i una simple pluja era suficient per quedar-se a fosques. Aleshores calia buscar la palmat\u00f2ria o el cresol, per anar per casa, o el \u201ccarburero\u201d si est\u00e0vem a la caseta. Les claus d\u2019obrir i tancar la llum, quan s\u2019humien, enrampaven.<\/p>\n\n\n\n<p>&nbsp;&nbsp;&nbsp;&nbsp;&nbsp;&nbsp;&nbsp;&nbsp;&nbsp;&nbsp;&nbsp; Joan Ivars fa menci\u00f3 tamb\u00e9 d\u2019altres utensilis per a obtenir llum, com ara els petromax, usats sobretot per a la pesca de la sardina a Moraira i per enllumenar carrers en dies de festa, els molinets de vent amb bateria d\u2019alguns ve\u00efns de Benimarco, el c\u00e0mping gas o el quinqu\u00e9.<\/p>\n","protected":false},"excerpt":{"rendered":"En un dels seus nombrosos treballs publicats en els llibres de festes, el mestre i historiador Joan Ivars&hellip;","protected":false},"author":5,"featured_media":67672,"comment_status":"closed","ping_status":"closed","sticky":false,"template":"","format":"standard","meta":{"csco_display_header_overlay":false,"csco_singular_sidebar":"","csco_page_header_type":"","csco_page_load_nextpost":"","csco_post_video_location":[],"csco_post_video_location_hash":"","csco_post_video_url":"","csco_post_video_bg_start_time":0,"csco_post_video_bg_end_time":0,"footnotes":""},"categories":[594],"tags":[2974,2972,2973],"class_list":{"0":"post-67671","1":"post","2":"type-post","3":"status-publish","4":"format-standard","5":"has-post-thumbnail","7":"category-societat","8":"tag-historia-local","9":"tag-llum-electrica","10":"tag-tradicions","11":"cs-entry","12":"cs-video-wrap"},"yoast_head":"<!-- This site is optimized with the Yoast SEO Premium plugin v26.6 (Yoast SEO v27.3) - https:\/\/yoast.com\/product\/yoast-seo-premium-wordpress\/ -->\n<title>De la foscor i el cresol, a la llum el\u00e8ctrica a Teulada - Canfali<\/title>\n<meta name=\"robots\" content=\"index, follow, max-snippet:-1, max-image-preview:large, max-video-preview:-1\" \/>\n<link rel=\"canonical\" href=\"https:\/\/canfali.com\/ca-es\/de-la-foscor-i-el-cresol-a-la-llum-electrica-a-teulada\/\" \/>\n<meta property=\"og:locale\" content=\"en_US\" \/>\n<meta property=\"og:type\" content=\"article\" \/>\n<meta property=\"og:title\" content=\"De la foscor i el cresol, a la llum el\u00e8ctrica a Teulada\" \/>\n<meta property=\"og:description\" content=\"En un dels seus nombrosos treballs publicats en els llibres de festes, el mestre i historiador Joan Ivars&hellip;\" \/>\n<meta property=\"og:url\" content=\"https:\/\/canfali.com\/ca-es\/de-la-foscor-i-el-cresol-a-la-llum-electrica-a-teulada\/\" \/>\n<meta property=\"og:site_name\" content=\"Canfali\" \/>\n<meta property=\"article:publisher\" content=\"https:\/\/es-es.facebook.com\/CANFALIMarinaAlta\" \/>\n<meta property=\"article:published_time\" content=\"2025-06-23T09:14:51+00:00\" \/>\n<meta property=\"article:modified_time\" content=\"2025-06-24T06:04:45+00:00\" \/>\n<meta property=\"og:image\" content=\"https:\/\/canfali.com\/app\/uploads\/2025\/06\/llum-teulada-1.jpg\" \/>\n\t<meta property=\"og:image:width\" content=\"630\" \/>\n\t<meta property=\"og:image:height\" content=\"944\" \/>\n\t<meta property=\"og:image:type\" content=\"image\/jpeg\" \/>\n<meta name=\"author\" content=\"D\u00eddac\" \/>\n<meta name=\"twitter:card\" content=\"summary_large_image\" \/>\n<meta name=\"twitter:creator\" content=\"@canfalima\" \/>\n<meta name=\"twitter:site\" content=\"@canfalima\" \/>\n<meta name=\"twitter:label1\" content=\"Written by\" \/>\n\t<meta name=\"twitter:data1\" content=\"D\u00eddac\" \/>\n\t<meta name=\"twitter:label2\" content=\"Est. reading time\" \/>\n\t<meta name=\"twitter:data2\" content=\"5 minutes\" \/>\n<script type=\"application\/ld+json\" class=\"yoast-schema-graph\">{\"@context\":\"https:\\\/\\\/schema.org\",\"@graph\":[{\"@type\":\"NewsArticle\",\"@id\":\"https:\\\/\\\/canfali.com\\\/ca-es\\\/de-la-foscor-i-el-cresol-a-la-llum-electrica-a-teulada\\\/#article\",\"isPartOf\":{\"@id\":\"https:\\\/\\\/canfali.com\\\/ca-es\\\/de-la-foscor-i-el-cresol-a-la-llum-electrica-a-teulada\\\/\"},\"author\":{\"name\":\"D\u00eddac\",\"@id\":\"https:\\\/\\\/canfali.com\\\/ca-es\\\/#\\\/schema\\\/person\\\/5211f51be1ed486a218e6a4f53355b6d\"},\"headline\":\"De la foscor i el cresol, a la llum el\u00e8ctrica a Teulada\",\"datePublished\":\"2025-06-23T09:14:51+00:00\",\"dateModified\":\"2025-06-24T06:04:45+00:00\",\"mainEntityOfPage\":{\"@id\":\"https:\\\/\\\/canfali.com\\\/ca-es\\\/de-la-foscor-i-el-cresol-a-la-llum-electrica-a-teulada\\\/\"},\"wordCount\":1105,\"publisher\":{\"@id\":\"https:\\\/\\\/canfali.com\\\/ca-es\\\/#organization\"},\"image\":{\"@id\":\"https:\\\/\\\/canfali.com\\\/ca-es\\\/de-la-foscor-i-el-cresol-a-la-llum-electrica-a-teulada\\\/#primaryimage\"},\"thumbnailUrl\":\"https:\\\/\\\/canfali.com\\\/app\\\/uploads\\\/2025\\\/06\\\/llum-teulada-1.jpg\",\"keywords\":[\"#hist\u00f2ria local\",\"#llum el\u00e9ctrica\",\"#tradicions\"],\"articleSection\":[\"Societat\"],\"inLanguage\":\"va-ES\",\"copyrightYear\":\"2025\",\"copyrightHolder\":{\"@id\":\"https:\\\/\\\/canfali.com\\\/#organization\"}},{\"@type\":\"WebPage\",\"@id\":\"https:\\\/\\\/canfali.com\\\/ca-es\\\/de-la-foscor-i-el-cresol-a-la-llum-electrica-a-teulada\\\/\",\"url\":\"https:\\\/\\\/canfali.com\\\/ca-es\\\/de-la-foscor-i-el-cresol-a-la-llum-electrica-a-teulada\\\/\",\"name\":\"De la foscor i el cresol, a la llum el\u00e8ctrica a Teulada - Canfali\",\"isPartOf\":{\"@id\":\"https:\\\/\\\/canfali.com\\\/ca-es\\\/#website\"},\"primaryImageOfPage\":{\"@id\":\"https:\\\/\\\/canfali.com\\\/ca-es\\\/de-la-foscor-i-el-cresol-a-la-llum-electrica-a-teulada\\\/#primaryimage\"},\"image\":{\"@id\":\"https:\\\/\\\/canfali.com\\\/ca-es\\\/de-la-foscor-i-el-cresol-a-la-llum-electrica-a-teulada\\\/#primaryimage\"},\"thumbnailUrl\":\"https:\\\/\\\/canfali.com\\\/app\\\/uploads\\\/2025\\\/06\\\/llum-teulada-1.jpg\",\"datePublished\":\"2025-06-23T09:14:51+00:00\",\"dateModified\":\"2025-06-24T06:04:45+00:00\",\"breadcrumb\":{\"@id\":\"https:\\\/\\\/canfali.com\\\/ca-es\\\/de-la-foscor-i-el-cresol-a-la-llum-electrica-a-teulada\\\/#breadcrumb\"},\"inLanguage\":\"va-ES\",\"potentialAction\":[{\"@type\":\"ReadAction\",\"target\":[\"https:\\\/\\\/canfali.com\\\/ca-es\\\/de-la-foscor-i-el-cresol-a-la-llum-electrica-a-teulada\\\/\"]}]},{\"@type\":\"ImageObject\",\"inLanguage\":\"va-ES\",\"@id\":\"https:\\\/\\\/canfali.com\\\/ca-es\\\/de-la-foscor-i-el-cresol-a-la-llum-electrica-a-teulada\\\/#primaryimage\",\"url\":\"https:\\\/\\\/canfali.com\\\/app\\\/uploads\\\/2025\\\/06\\\/llum-teulada-1.jpg\",\"contentUrl\":\"https:\\\/\\\/canfali.com\\\/app\\\/uploads\\\/2025\\\/06\\\/llum-teulada-1.jpg\",\"width\":630,\"height\":944},{\"@type\":\"BreadcrumbList\",\"@id\":\"https:\\\/\\\/canfali.com\\\/ca-es\\\/de-la-foscor-i-el-cresol-a-la-llum-electrica-a-teulada\\\/#breadcrumb\",\"itemListElement\":[{\"@type\":\"ListItem\",\"position\":1,\"name\":\"Portada\",\"item\":\"https:\\\/\\\/canfali.com\\\/ca-es\\\/\"},{\"@type\":\"ListItem\",\"position\":2,\"name\":\"De la foscor i el cresol, a la llum el\u00e8ctrica a Teulada\"}]},{\"@type\":\"WebSite\",\"@id\":\"https:\\\/\\\/canfali.com\\\/ca-es\\\/#website\",\"url\":\"https:\\\/\\\/canfali.com\\\/ca-es\\\/\",\"name\":\"Canfali\",\"description\":\"\",\"publisher\":{\"@id\":\"https:\\\/\\\/canfali.com\\\/ca-es\\\/#organization\"},\"potentialAction\":[{\"@type\":\"SearchAction\",\"target\":{\"@type\":\"EntryPoint\",\"urlTemplate\":\"https:\\\/\\\/canfali.com\\\/ca-es\\\/?s={search_term_string}\"},\"query-input\":{\"@type\":\"PropertyValueSpecification\",\"valueRequired\":true,\"valueName\":\"search_term_string\"}}],\"inLanguage\":\"va-ES\"},{\"@type\":\"Organization\",\"@id\":\"https:\\\/\\\/canfali.com\\\/ca-es\\\/#organization\",\"name\":\"Canfali\",\"url\":\"https:\\\/\\\/canfali.com\\\/ca-es\\\/\",\"logo\":{\"@type\":\"ImageObject\",\"inLanguage\":\"va-ES\",\"@id\":\"https:\\\/\\\/canfali.com\\\/ca-es\\\/#\\\/schema\\\/logo\\\/image\\\/\",\"url\":\"https:\\\/\\\/canfali.com\\\/app\\\/uploads\\\/2025\\\/12\\\/canfali_marina_alta_logo.png\",\"contentUrl\":\"https:\\\/\\\/canfali.com\\\/app\\\/uploads\\\/2025\\\/12\\\/canfali_marina_alta_logo.png\",\"width\":225,\"height\":225,\"caption\":\"Canfali\"},\"image\":{\"@id\":\"https:\\\/\\\/canfali.com\\\/ca-es\\\/#\\\/schema\\\/logo\\\/image\\\/\"},\"sameAs\":[\"https:\\\/\\\/es-es.facebook.com\\\/CANFALIMarinaAlta\",\"https:\\\/\\\/x.com\\\/canfalima\",\"https:\\\/\\\/www.instagram.com\\\/canfalimarinaalta\\\/\"]},{\"@type\":\"Person\",\"@id\":\"https:\\\/\\\/canfali.com\\\/ca-es\\\/#\\\/schema\\\/person\\\/5211f51be1ed486a218e6a4f53355b6d\",\"name\":\"D\u00eddac\",\"image\":{\"@type\":\"ImageObject\",\"inLanguage\":\"va-ES\",\"@id\":\"https:\\\/\\\/secure.gravatar.com\\\/avatar\\\/a68a2078c12da8a6dd6cff4f3f3f69f7eb69a2d31ac1aac4da61c3761e4557f4?s=96&d=mm&r=g\",\"url\":\"https:\\\/\\\/secure.gravatar.com\\\/avatar\\\/a68a2078c12da8a6dd6cff4f3f3f69f7eb69a2d31ac1aac4da61c3761e4557f4?s=96&d=mm&r=g\",\"contentUrl\":\"https:\\\/\\\/secure.gravatar.com\\\/avatar\\\/a68a2078c12da8a6dd6cff4f3f3f69f7eb69a2d31ac1aac4da61c3761e4557f4?s=96&d=mm&r=g\",\"caption\":\"D\u00eddac\"},\"url\":\"https:\\\/\\\/canfali.com\\\/ca-es\\\/author\\\/didac\\\/\"}]}<\/script>\n<!-- \/ Yoast SEO Premium plugin. -->","yoast_head_json":{"title":"De la foscor i el cresol, a la llum el\u00e8ctrica a Teulada - Canfali","robots":{"index":"index","follow":"follow","max-snippet":"max-snippet:-1","max-image-preview":"max-image-preview:large","max-video-preview":"max-video-preview:-1"},"canonical":"https:\/\/canfali.com\/ca-es\/de-la-foscor-i-el-cresol-a-la-llum-electrica-a-teulada\/","og_locale":"en_US","og_type":"article","og_title":"De la foscor i el cresol, a la llum el\u00e8ctrica a Teulada","og_description":"En un dels seus nombrosos treballs publicats en els llibres de festes, el mestre i historiador Joan Ivars&hellip;","og_url":"https:\/\/canfali.com\/ca-es\/de-la-foscor-i-el-cresol-a-la-llum-electrica-a-teulada\/","og_site_name":"Canfali","article_publisher":"https:\/\/es-es.facebook.com\/CANFALIMarinaAlta","article_published_time":"2025-06-23T09:14:51+00:00","article_modified_time":"2025-06-24T06:04:45+00:00","og_image":[{"width":630,"height":944,"url":"https:\/\/canfali.com\/app\/uploads\/2025\/06\/llum-teulada-1.jpg","type":"image\/jpeg"}],"author":"D\u00eddac","twitter_card":"summary_large_image","twitter_creator":"@canfalima","twitter_site":"@canfalima","twitter_misc":{"Written by":"D\u00eddac","Est. reading time":"5 minutes"},"schema":{"@context":"https:\/\/schema.org","@graph":[{"@type":"NewsArticle","@id":"https:\/\/canfali.com\/ca-es\/de-la-foscor-i-el-cresol-a-la-llum-electrica-a-teulada\/#article","isPartOf":{"@id":"https:\/\/canfali.com\/ca-es\/de-la-foscor-i-el-cresol-a-la-llum-electrica-a-teulada\/"},"author":{"name":"D\u00eddac","@id":"https:\/\/canfali.com\/ca-es\/#\/schema\/person\/5211f51be1ed486a218e6a4f53355b6d"},"headline":"De la foscor i el cresol, a la llum el\u00e8ctrica a Teulada","datePublished":"2025-06-23T09:14:51+00:00","dateModified":"2025-06-24T06:04:45+00:00","mainEntityOfPage":{"@id":"https:\/\/canfali.com\/ca-es\/de-la-foscor-i-el-cresol-a-la-llum-electrica-a-teulada\/"},"wordCount":1105,"publisher":{"@id":"https:\/\/canfali.com\/ca-es\/#organization"},"image":{"@id":"https:\/\/canfali.com\/ca-es\/de-la-foscor-i-el-cresol-a-la-llum-electrica-a-teulada\/#primaryimage"},"thumbnailUrl":"https:\/\/canfali.com\/app\/uploads\/2025\/06\/llum-teulada-1.jpg","keywords":["#hist\u00f2ria local","#llum el\u00e9ctrica","#tradicions"],"articleSection":["Societat"],"inLanguage":"va-ES","copyrightYear":"2025","copyrightHolder":{"@id":"https:\/\/canfali.com\/#organization"}},{"@type":"WebPage","@id":"https:\/\/canfali.com\/ca-es\/de-la-foscor-i-el-cresol-a-la-llum-electrica-a-teulada\/","url":"https:\/\/canfali.com\/ca-es\/de-la-foscor-i-el-cresol-a-la-llum-electrica-a-teulada\/","name":"De la foscor i el cresol, a la llum el\u00e8ctrica a Teulada - Canfali","isPartOf":{"@id":"https:\/\/canfali.com\/ca-es\/#website"},"primaryImageOfPage":{"@id":"https:\/\/canfali.com\/ca-es\/de-la-foscor-i-el-cresol-a-la-llum-electrica-a-teulada\/#primaryimage"},"image":{"@id":"https:\/\/canfali.com\/ca-es\/de-la-foscor-i-el-cresol-a-la-llum-electrica-a-teulada\/#primaryimage"},"thumbnailUrl":"https:\/\/canfali.com\/app\/uploads\/2025\/06\/llum-teulada-1.jpg","datePublished":"2025-06-23T09:14:51+00:00","dateModified":"2025-06-24T06:04:45+00:00","breadcrumb":{"@id":"https:\/\/canfali.com\/ca-es\/de-la-foscor-i-el-cresol-a-la-llum-electrica-a-teulada\/#breadcrumb"},"inLanguage":"va-ES","potentialAction":[{"@type":"ReadAction","target":["https:\/\/canfali.com\/ca-es\/de-la-foscor-i-el-cresol-a-la-llum-electrica-a-teulada\/"]}]},{"@type":"ImageObject","inLanguage":"va-ES","@id":"https:\/\/canfali.com\/ca-es\/de-la-foscor-i-el-cresol-a-la-llum-electrica-a-teulada\/#primaryimage","url":"https:\/\/canfali.com\/app\/uploads\/2025\/06\/llum-teulada-1.jpg","contentUrl":"https:\/\/canfali.com\/app\/uploads\/2025\/06\/llum-teulada-1.jpg","width":630,"height":944},{"@type":"BreadcrumbList","@id":"https:\/\/canfali.com\/ca-es\/de-la-foscor-i-el-cresol-a-la-llum-electrica-a-teulada\/#breadcrumb","itemListElement":[{"@type":"ListItem","position":1,"name":"Portada","item":"https:\/\/canfali.com\/ca-es\/"},{"@type":"ListItem","position":2,"name":"De la foscor i el cresol, a la llum el\u00e8ctrica a Teulada"}]},{"@type":"WebSite","@id":"https:\/\/canfali.com\/ca-es\/#website","url":"https:\/\/canfali.com\/ca-es\/","name":"Canfali","description":"","publisher":{"@id":"https:\/\/canfali.com\/ca-es\/#organization"},"potentialAction":[{"@type":"SearchAction","target":{"@type":"EntryPoint","urlTemplate":"https:\/\/canfali.com\/ca-es\/?s={search_term_string}"},"query-input":{"@type":"PropertyValueSpecification","valueRequired":true,"valueName":"search_term_string"}}],"inLanguage":"va-ES"},{"@type":"Organization","@id":"https:\/\/canfali.com\/ca-es\/#organization","name":"Canfali","url":"https:\/\/canfali.com\/ca-es\/","logo":{"@type":"ImageObject","inLanguage":"va-ES","@id":"https:\/\/canfali.com\/ca-es\/#\/schema\/logo\/image\/","url":"https:\/\/canfali.com\/app\/uploads\/2025\/12\/canfali_marina_alta_logo.png","contentUrl":"https:\/\/canfali.com\/app\/uploads\/2025\/12\/canfali_marina_alta_logo.png","width":225,"height":225,"caption":"Canfali"},"image":{"@id":"https:\/\/canfali.com\/ca-es\/#\/schema\/logo\/image\/"},"sameAs":["https:\/\/es-es.facebook.com\/CANFALIMarinaAlta","https:\/\/x.com\/canfalima","https:\/\/www.instagram.com\/canfalimarinaalta\/"]},{"@type":"Person","@id":"https:\/\/canfali.com\/ca-es\/#\/schema\/person\/5211f51be1ed486a218e6a4f53355b6d","name":"D\u00eddac","image":{"@type":"ImageObject","inLanguage":"va-ES","@id":"https:\/\/secure.gravatar.com\/avatar\/a68a2078c12da8a6dd6cff4f3f3f69f7eb69a2d31ac1aac4da61c3761e4557f4?s=96&d=mm&r=g","url":"https:\/\/secure.gravatar.com\/avatar\/a68a2078c12da8a6dd6cff4f3f3f69f7eb69a2d31ac1aac4da61c3761e4557f4?s=96&d=mm&r=g","contentUrl":"https:\/\/secure.gravatar.com\/avatar\/a68a2078c12da8a6dd6cff4f3f3f69f7eb69a2d31ac1aac4da61c3761e4557f4?s=96&d=mm&r=g","caption":"D\u00eddac"},"url":"https:\/\/canfali.com\/ca-es\/author\/didac\/"}]}},"_links":{"self":[{"href":"https:\/\/canfali.com\/ca-es\/wp-json\/wp\/v2\/posts\/67671","targetHints":{"allow":["GET"]}}],"collection":[{"href":"https:\/\/canfali.com\/ca-es\/wp-json\/wp\/v2\/posts"}],"about":[{"href":"https:\/\/canfali.com\/ca-es\/wp-json\/wp\/v2\/types\/post"}],"author":[{"embeddable":true,"href":"https:\/\/canfali.com\/ca-es\/wp-json\/wp\/v2\/users\/5"}],"replies":[{"embeddable":true,"href":"https:\/\/canfali.com\/ca-es\/wp-json\/wp\/v2\/comments?post=67671"}],"version-history":[{"count":1,"href":"https:\/\/canfali.com\/ca-es\/wp-json\/wp\/v2\/posts\/67671\/revisions"}],"predecessor-version":[{"id":67678,"href":"https:\/\/canfali.com\/ca-es\/wp-json\/wp\/v2\/posts\/67671\/revisions\/67678"}],"wp:featuredmedia":[{"embeddable":true,"href":"https:\/\/canfali.com\/ca-es\/wp-json\/wp\/v2\/media\/67672"}],"wp:attachment":[{"href":"https:\/\/canfali.com\/ca-es\/wp-json\/wp\/v2\/media?parent=67671"}],"wp:term":[{"taxonomy":"category","embeddable":true,"href":"https:\/\/canfali.com\/ca-es\/wp-json\/wp\/v2\/categories?post=67671"},{"taxonomy":"post_tag","embeddable":true,"href":"https:\/\/canfali.com\/ca-es\/wp-json\/wp\/v2\/tags?post=67671"}],"curies":[{"name":"wp","href":"https:\/\/api.w.org\/{rel}","templated":true}]}}