{"id":67270,"date":"2025-06-19T17:50:09","date_gmt":"2025-06-19T15:50:09","guid":{"rendered":"https:\/\/canfali.com\/pla-i-oriol-guanyen-el-juan-perianez-de-tennis\/"},"modified":"2025-06-19T18:03:44","modified_gmt":"2025-06-19T16:03:44","slug":"pla-i-oriol-guanyen-el-juan-perianez-de-tennis","status":"publish","type":"post","link":"https:\/\/canfali.com\/ca-es\/pla-i-oriol-guanyen-el-juan-perianez-de-tennis\/","title":{"rendered":"Pla i Oriol guanyen el Juan Peri\u00e1\u00f1ez de tennis"},"content":{"rendered":"\n<p><p class=\"p1\"><b>Eduardo Pla<\/b>, en individual mascul\u00ed, i <b>Lidia Oriol<\/b>, en femen\u00ed, han sigut els guanyadors del <b>Memorial Juan Peri\u00e1\u00f1ez de Tennis<\/b>, que s&#8217;ha resolt aquest passat cap de setmana en la seua duod\u00e8cima edici\u00f3 disputada a les instal\u00b7lacions del <b>CT D\u00e9nia<\/b>. <b>Lidia Oriol<\/b> es va coronar campiona despr\u00e9s de v\u00e8ncer a <b>Sandra Waernes<\/b>, mentre que <b>Eduardo Pla<\/b> va fer el mateix front a <b>Luis P\u00e9rez<\/b>.<\/p><\/p>\n\n<figure class=\"wp-block-image size-large\"><img fetchpriority=\"high\" decoding=\"async\" width=\"1024\" height=\"768\" src=\"https:\/\/canfali.com\/app\/uploads\/2025\/06\/8memorial10-1024x768.jpeg\" alt=\"\" class=\"wp-image-67264\" srcset=\"https:\/\/canfali.com\/app\/uploads\/2025\/06\/8memorial10-1024x768.jpeg 1024w, https:\/\/canfali.com\/app\/uploads\/2025\/06\/8memorial10-300x225.jpeg 300w, https:\/\/canfali.com\/app\/uploads\/2025\/06\/8memorial10-768x576.jpeg 768w, https:\/\/canfali.com\/app\/uploads\/2025\/06\/8memorial10-1536x1152.jpeg 1536w, https:\/\/canfali.com\/app\/uploads\/2025\/06\/8memorial10.jpeg 1600w\" sizes=\"(max-width: 1024px) 100vw, 1024px\" \/><\/figure>\n\n<p><p class=\"p1\">Despr\u00e9s de la conclusi\u00f3 de la final masculina, es va dur a terme la cerim\u00f2nia d&#8217;entrega de premis, on <b>Juan Peri\u00e1\u00f1ez<\/b> i <b>Elvira Llopis<\/b>, juntament amb la presidenta del <b>CT D\u00e9nia<\/b>, <b>Elsa Bordehore<\/b>, i <b>Maria Attard<\/b>, van ser els encarregats d&#8217;entregar els trofeus als campions i finalistes de les distintes categories. Des del <b>CT D\u00e9nia<\/b> es va manifestar l&#8217;agra\u00efment a la fam\u00edlia de <b>Juan Peri\u00e1\u00f1ez<\/b> per la seua pres\u00e8ncia en aquest acte tan especial.<\/p><\/p>\n\n<figure class=\"wp-block-image size-large\"><img decoding=\"async\" width=\"1024\" height=\"768\" src=\"https:\/\/canfali.com\/app\/uploads\/2025\/06\/8memorial9-1024x768.jpeg\" alt=\"\" class=\"wp-image-67262\" srcset=\"https:\/\/canfali.com\/app\/uploads\/2025\/06\/8memorial9-1024x768.jpeg 1024w, https:\/\/canfali.com\/app\/uploads\/2025\/06\/8memorial9-300x225.jpeg 300w, https:\/\/canfali.com\/app\/uploads\/2025\/06\/8memorial9-768x576.jpeg 768w, https:\/\/canfali.com\/app\/uploads\/2025\/06\/8memorial9-1536x1152.jpeg 1536w, https:\/\/canfali.com\/app\/uploads\/2025\/06\/8memorial9.jpeg 1600w\" sizes=\"(max-width: 1024px) 100vw, 1024px\" \/><\/figure>\n\n<p>Els campions i finalistes del torneig van ser els seg\u00fcents:<\/p>\n\n<ul class=\"wp-block-list\">\n<li><p class=\"p1\"><b>Individual Mascul\u00ed:<\/b><\/p>\n<ul class=\"wp-block-list\">\n<li><p class=\"p1\">Campi\u00f3: <b>Eduardo Pla<\/b><\/p><\/li>\n\n\n\n<li><p class=\"p1\">Finalista: <b>Luis P\u00e9rez<\/b><\/p><\/li>\n<\/ul>\n<\/li>\n\n\n\n<li><p class=\"p1\"><b>Individual Femen\u00ed:<\/b><\/p>\n<ul class=\"wp-block-list\">\n<li><p class=\"p1\">Campiona: <b>Lidia Oriol<\/b><\/p><\/li>\n\n\n\n<li><p class=\"p1\">Finalista: <b>Sandra Waernes<\/b><\/p><\/li>\n<\/ul>\n<\/li>\n\n\n\n<li><p class=\"p1\"><b>Individual Mascul\u00ed +60:<\/b><\/p>\n<ul class=\"wp-block-list\">\n<li><p class=\"p1\">Campi\u00f3: <b>Daniel Berdat<\/b><\/p><\/li>\n\n\n\n<li><p class=\"p1\">Finalista: <b>Eugenio Torr\u00f3<\/b><\/p><\/li>\n<\/ul>\n<\/li>\n\n\n\n<li><p class=\"p1\"><b>Dobles Mascul\u00ed:<\/b><\/p>\n<ul class=\"wp-block-list\">\n<li><p class=\"p1\">Campions: <b>Stewart Jorda i Kikoles Romany<\/b><\/p><\/li>\n\n\n\n<li><p class=\"p1\">Finalistes: <b>Luis P\u00e9rez i Juanan Ochoa<\/b><b><\/b><\/p><\/li>\n<\/ul>\n<\/li>\n\n\n\n<li><p class=\"p1\"><b>Dobles Mascul\u00ed +60:<\/b><\/p>\n<ul class=\"wp-block-list\">\n<li><p class=\"p1\">Campions: <b>Murray Chapman i Nick Eley<\/b><\/p><\/li>\n\n\n\n<li><p class=\"p1\">Finalistes: <b>Eugenio Torr\u00f3 i Daniel Berdat<\/b><\/p><\/li>\n<\/ul>\n<\/li>\n\n\n\n<li><p class=\"p1\"><b>Dobles Femen\u00ed:<\/b><\/p>\n<ul class=\"wp-block-list\">\n<li><p class=\"p1\">Campiones: <b>Elena Romany i Sandra D\u00edaz<\/b><\/p><\/li>\n\n\n\n<li><p class=\"p1\">Finalistes: <b>Maria Attard i Cristina Romany<\/b><\/p><\/li>\n<\/ul>\n<\/li>\n\n\n\n<li><p class=\"p1\"><b>Dobles Mixt<\/b><\/p>\n<ul class=\"wp-block-list\">\n<li><p class=\"p1\">Campions: <b>Maria Attard i Sebastien Celma<\/b><\/p><\/li>\n\n\n\n<li><p class=\"p1\">Finalistes: <b>Elsa Bordehore i Juan C. Alvarez<\/b><b><\/b><\/p><\/li>\n<\/ul>\n<\/li>\n\n\n\n<li><p class=\"p1\"><b>Individual Mascul\u00ed Consolaci\u00f3:<\/b><\/p>\n<ul class=\"wp-block-list\">\n<li><p class=\"p1\">Campi\u00f3: <b>C\u00e9sar Parra<\/b><\/p><\/li>\n\n\n\n<li><p class=\"p1\">Finalista: <b>Eugenio Torr\u00f3<\/b><\/p><\/li>\n<\/ul>\n<\/li>\n\n\n\n<li><p class=\"p1\"><b>Individual Femen\u00ed Consolaci\u00f3:<\/b><\/p>\n<ul class=\"wp-block-list\">\n<li><p class=\"p1\">Campiona: <b>Raquel Molina<\/b><\/p><\/li>\n\n\n\n<li><p class=\"p1\">Finalista: <b>Vanessa Terol<\/b><\/p><\/li>\n<\/ul>\n<\/li>\n\n\n\n<li><p class=\"p1\"><b>Individual Mascul\u00ed +60 Consolaci\u00f3:<\/b><\/p>\n<ul class=\"wp-block-list\">\n<li><p class=\"p1\">Campi\u00f3: <b>Roberto van der Hoeven<\/b><\/p><\/li>\n\n\n\n<li><p class=\"p1\">Finalista: <b>Julio Ca\u00f1as<\/b><b><\/b><\/p><\/li>\n<\/ul>\n<\/li>\n\n\n\n<li><p class=\"p1\"><b>Dobles Mascul\u00ed Consolaci\u00f3:<\/b><\/p>\n<ul class=\"wp-block-list\">\n<li><p class=\"p1\">Campions: <b>Eugenio Torr\u00f3 i Daniel Berdat<\/b><\/p><\/li>\n\n\n\n<li><p class=\"p1\">Finalistes: <b>Fran Lozano i Marcel Teriete<\/b><\/p><\/li>\n<\/ul>\n<\/li>\n\n\n\n<li><p class=\"p1\"><b>Dobles Mascul\u00ed Consolaci\u00f3 +60:<\/b><\/p>\n<ul class=\"wp-block-list\">\n<li><p class=\"p1\">Campions: <b>Roberto v.d. Hoeven i Vicente Argudo<\/b><\/p><\/li>\n\n\n\n<li><p class=\"p1\">Finalistes: <b>Fran Lozano i Jes\u00fas Mart\u00ednez<\/b><b><\/b><\/p><\/li>\n<\/ul>\n<\/li>\n\n\n\n<li><p class=\"p1\"><b>Dobles Femen\u00ed Consolaci\u00f3:<\/b><\/p>\n<ul class=\"wp-block-list\">\n<li><p class=\"p1\">Campiones: <b>Socorro Escriv\u00e1 i Paola Ortiz<\/b><\/p><\/li>\n\n\n\n<li><p class=\"p1\">Finalistes: <b>Sulma Miralles i Paola Ortiz<\/b><b><\/b><\/p><\/li>\n<\/ul>\n<\/li>\n\n\n\n<li><p class=\"p1\"><b>Dobles Mixt Consolaci\u00f3:<\/b><\/p>\n<ul class=\"wp-block-list\">\n<li><p class=\"p1\">Campions: <b>Luis Vill\u00f3 i Elena Roman<\/b><\/p><\/li>\n\n\n\n<li><p class=\"p1\">Finalistes: <b>Sergi Mezquida i Vanessa Terol<\/b><b><\/b><\/p><\/li>\n<\/ul>\n<\/li>\n<\/ul>\n\n<p><p class=\"p1\"><b>T\u00cdTOL PER A SOF\u00cdA CAMINO<\/b><\/p><\/p>\n\n<figure class=\"wp-block-image size-large\"><img decoding=\"async\" width=\"768\" height=\"1024\" src=\"https:\/\/canfali.com\/app\/uploads\/2025\/06\/8memorial6-768x1024.jpg\" alt=\"\" class=\"wp-image-67256\" srcset=\"https:\/\/canfali.com\/app\/uploads\/2025\/06\/8memorial6-768x1024.jpg 768w, https:\/\/canfali.com\/app\/uploads\/2025\/06\/8memorial6-225x300.jpg 225w, https:\/\/canfali.com\/app\/uploads\/2025\/06\/8memorial6-1152x1536.jpg 1152w, https:\/\/canfali.com\/app\/uploads\/2025\/06\/8memorial6.jpg 1536w\" sizes=\"(max-width: 768px) 100vw, 768px\" \/><\/figure>\n\n<p><p class=\"p1\">Per altra banda, <b>Sof\u00eda Camino Strelkova<\/b> es va proclamar campiona en la categoria <b>Sub 10<\/b> del <b>Torneig Champions Cup<\/b>, celebrat al <b>CT Valencia<\/b>. <b>Sof\u00eda<\/b> va aconseguir la vict\u00f2ria en la final contra <b>Paloma Cortina Corts<\/b>, amb un resultat de <b>4\/2 1\/4 10\/7<\/b>.<\/p><\/p>\n\n<p><p class=\"p1\">En la categoria <b>Sub-13<\/b>, <b>Fedor Milagkin<\/b> va arribar a la final, per\u00f2 no va aconseguir la vict\u00f2ria en caure davant <b>Martin Ram\u00edrez<\/b> amb un resultat de <b>2\/6 1\/6<\/b>.<\/p><\/p>\n\n<p><p class=\"p2\"><b>CLAUSURA DE LA LIGA COMARCAL<\/b><\/p><\/p>\n\n<figure class=\"wp-block-image size-large\"><img loading=\"lazy\" decoding=\"async\" width=\"768\" height=\"1024\" src=\"https:\/\/canfali.com\/app\/uploads\/2025\/06\/8memorial5-768x1024.jpg\" alt=\"\" class=\"wp-image-67254\" srcset=\"https:\/\/canfali.com\/app\/uploads\/2025\/06\/8memorial5-768x1024.jpg 768w, https:\/\/canfali.com\/app\/uploads\/2025\/06\/8memorial5-225x300.jpg 225w, https:\/\/canfali.com\/app\/uploads\/2025\/06\/8memorial5-1152x1536.jpg 1152w, https:\/\/canfali.com\/app\/uploads\/2025\/06\/8memorial5-1536x2048.jpg 1536w, https:\/\/canfali.com\/app\/uploads\/2025\/06\/8memorial5-scaled.jpg 1920w\" sizes=\"(max-width: 768px) 100vw, 768px\" \/><\/figure>\n\n<p><p class=\"p1\">Els jugadors del <b>CT D\u00e9nia<\/b> van brillar en l&#8217;\u00faltima jornada de la <b>Lliga Comarcal<\/b>, disputada a <b>La Sella<\/b>, i en la classificaci\u00f3 final.<\/p><\/p>\n\n<ul class=\"wp-block-list\">\n<li><p class=\"p1\">En <b>Alev\u00ed Femen\u00ed<\/b>, <b>Gema Morat\u00f3<\/b> va ser campiona de la jornada.<\/p><\/li>\n\n\n\n<li><p class=\"p1\">n <b>Alev\u00ed Mascul\u00ed<\/b>, <b>Izan Laso<\/b> es va al\u00e7ar amb el triomf i el primer lloc en la classificaci\u00f3 final.<\/p><\/li>\n\n\n\n<li>En <b>Cadet<\/b>, <b>Alvaro Morat\u00f3<\/b> va ser campi\u00f3 de la jornada i 3r en la classificaci\u00f3 final, mentre que <b>Cris Costa<\/b> va aconseguir la 1a posici\u00f3 en la classificaci\u00f3 final.<\/li>\n\n\n\n<li><p class=\"p1\">En <b>J\u00fanior<\/b>, <b>V\u00edctor Alemany<\/b> va ser campi\u00f3 de la jornada i va aconseguir la 1a posici\u00f3 en la classificaci\u00f3 final.<\/p><\/li>\n<\/ul>\n","protected":false},"excerpt":{"rendered":"Eduardo Pla, en individual mascul\u00ed, i Lidia Oriol, en femen\u00ed, han sigut els guanyadors del Memorial Juan Peri\u00e1\u00f1ez de Tennis.","protected":false},"author":8,"featured_media":67267,"comment_status":"closed","ping_status":"closed","sticky":false,"template":"","format":"standard","meta":{"csco_display_header_overlay":false,"csco_singular_sidebar":"","csco_page_header_type":"","csco_page_load_nextpost":"","csco_post_video_location":[],"csco_post_video_location_hash":"","csco_post_video_url":"","csco_post_video_bg_start_time":0,"csco_post_video_bg_end_time":0,"footnotes":""},"categories":[598],"tags":[],"class_list":{"0":"post-67270","1":"post","2":"type-post","3":"status-publish","4":"format-standard","5":"has-post-thumbnail","7":"category-esports","8":"cs-entry","9":"cs-video-wrap"},"yoast_head":"<!-- This site is optimized with the Yoast SEO Premium plugin v26.6 (Yoast SEO v27.3) - https:\/\/yoast.com\/product\/yoast-seo-premium-wordpress\/ -->\n<title>Pla i Oriol guanyen el Juan Peri\u00e1\u00f1ez de tennis - Canfali<\/title>\n<meta name=\"robots\" content=\"index, follow, max-snippet:-1, max-image-preview:large, max-video-preview:-1\" \/>\n<link rel=\"canonical\" href=\"https:\/\/canfali.com\/ca-es\/pla-i-oriol-guanyen-el-juan-perianez-de-tennis\/\" \/>\n<meta property=\"og:locale\" content=\"en_US\" \/>\n<meta property=\"og:type\" content=\"article\" \/>\n<meta property=\"og:title\" content=\"Pla i Oriol guanyen el Juan Peri\u00e1\u00f1ez de tennis\" \/>\n<meta property=\"og:description\" content=\"Eduardo Pla, en individual mascul\u00ed, i Lidia Oriol, en femen\u00ed, han sigut els guanyadors del Memorial Juan Peri\u00e1\u00f1ez de Tennis.\" \/>\n<meta property=\"og:url\" content=\"https:\/\/canfali.com\/ca-es\/pla-i-oriol-guanyen-el-juan-perianez-de-tennis\/\" \/>\n<meta property=\"og:site_name\" content=\"Canfali\" \/>\n<meta property=\"article:publisher\" content=\"https:\/\/es-es.facebook.com\/CANFALIMarinaAlta\" \/>\n<meta property=\"article:published_time\" content=\"2025-06-19T15:50:09+00:00\" \/>\n<meta property=\"article:modified_time\" content=\"2025-06-19T16:03:44+00:00\" \/>\n<meta property=\"og:image\" content=\"https:\/\/canfali.com\/app\/uploads\/2025\/06\/8memorial11.jpeg\" \/>\n\t<meta property=\"og:image:width\" content=\"1600\" \/>\n\t<meta property=\"og:image:height\" content=\"1200\" \/>\n\t<meta property=\"og:image:type\" content=\"image\/jpeg\" \/>\n<meta name=\"author\" content=\"Lluis\" \/>\n<meta name=\"twitter:card\" content=\"summary_large_image\" \/>\n<meta name=\"twitter:creator\" content=\"@canfalima\" \/>\n<meta name=\"twitter:site\" content=\"@canfalima\" \/>\n<meta name=\"twitter:label1\" content=\"Written by\" \/>\n\t<meta name=\"twitter:data1\" content=\"Lluis\" \/>\n\t<meta name=\"twitter:label2\" content=\"Est. reading time\" \/>\n\t<meta name=\"twitter:data2\" content=\"3 minutes\" \/>\n<script type=\"application\/ld+json\" class=\"yoast-schema-graph\">{\"@context\":\"https:\\\/\\\/schema.org\",\"@graph\":[{\"@type\":\"NewsArticle\",\"@id\":\"https:\\\/\\\/canfali.com\\\/ca-es\\\/pla-i-oriol-guanyen-el-juan-perianez-de-tennis\\\/#article\",\"isPartOf\":{\"@id\":\"https:\\\/\\\/canfali.com\\\/ca-es\\\/pla-i-oriol-guanyen-el-juan-perianez-de-tennis\\\/\"},\"author\":{\"name\":\"Lluis\",\"@id\":\"https:\\\/\\\/canfali.com\\\/ca-es\\\/#\\\/schema\\\/person\\\/f540a86fb33e10daaae53c59ceaa1194\"},\"headline\":\"Pla i Oriol guanyen el Juan Peri\u00e1\u00f1ez de tennis\",\"datePublished\":\"2025-06-19T15:50:09+00:00\",\"dateModified\":\"2025-06-19T16:03:44+00:00\",\"mainEntityOfPage\":{\"@id\":\"https:\\\/\\\/canfali.com\\\/ca-es\\\/pla-i-oriol-guanyen-el-juan-perianez-de-tennis\\\/\"},\"wordCount\":546,\"publisher\":{\"@id\":\"https:\\\/\\\/canfali.com\\\/ca-es\\\/#organization\"},\"image\":{\"@id\":\"https:\\\/\\\/canfali.com\\\/ca-es\\\/pla-i-oriol-guanyen-el-juan-perianez-de-tennis\\\/#primaryimage\"},\"thumbnailUrl\":\"https:\\\/\\\/canfali.com\\\/app\\\/uploads\\\/2025\\\/06\\\/8memorial11.jpeg\",\"articleSection\":[\"Esports\"],\"inLanguage\":\"va-ES\",\"copyrightYear\":\"2025\",\"copyrightHolder\":{\"@id\":\"https:\\\/\\\/canfali.com\\\/#organization\"}},{\"@type\":\"WebPage\",\"@id\":\"https:\\\/\\\/canfali.com\\\/ca-es\\\/pla-i-oriol-guanyen-el-juan-perianez-de-tennis\\\/\",\"url\":\"https:\\\/\\\/canfali.com\\\/ca-es\\\/pla-i-oriol-guanyen-el-juan-perianez-de-tennis\\\/\",\"name\":\"Pla i Oriol guanyen el Juan Peri\u00e1\u00f1ez de tennis - Canfali\",\"isPartOf\":{\"@id\":\"https:\\\/\\\/canfali.com\\\/ca-es\\\/#website\"},\"primaryImageOfPage\":{\"@id\":\"https:\\\/\\\/canfali.com\\\/ca-es\\\/pla-i-oriol-guanyen-el-juan-perianez-de-tennis\\\/#primaryimage\"},\"image\":{\"@id\":\"https:\\\/\\\/canfali.com\\\/ca-es\\\/pla-i-oriol-guanyen-el-juan-perianez-de-tennis\\\/#primaryimage\"},\"thumbnailUrl\":\"https:\\\/\\\/canfali.com\\\/app\\\/uploads\\\/2025\\\/06\\\/8memorial11.jpeg\",\"datePublished\":\"2025-06-19T15:50:09+00:00\",\"dateModified\":\"2025-06-19T16:03:44+00:00\",\"breadcrumb\":{\"@id\":\"https:\\\/\\\/canfali.com\\\/ca-es\\\/pla-i-oriol-guanyen-el-juan-perianez-de-tennis\\\/#breadcrumb\"},\"inLanguage\":\"va-ES\",\"potentialAction\":[{\"@type\":\"ReadAction\",\"target\":[\"https:\\\/\\\/canfali.com\\\/ca-es\\\/pla-i-oriol-guanyen-el-juan-perianez-de-tennis\\\/\"]}]},{\"@type\":\"ImageObject\",\"inLanguage\":\"va-ES\",\"@id\":\"https:\\\/\\\/canfali.com\\\/ca-es\\\/pla-i-oriol-guanyen-el-juan-perianez-de-tennis\\\/#primaryimage\",\"url\":\"https:\\\/\\\/canfali.com\\\/app\\\/uploads\\\/2025\\\/06\\\/8memorial11.jpeg\",\"contentUrl\":\"https:\\\/\\\/canfali.com\\\/app\\\/uploads\\\/2025\\\/06\\\/8memorial11.jpeg\",\"width\":1600,\"height\":1200},{\"@type\":\"BreadcrumbList\",\"@id\":\"https:\\\/\\\/canfali.com\\\/ca-es\\\/pla-i-oriol-guanyen-el-juan-perianez-de-tennis\\\/#breadcrumb\",\"itemListElement\":[{\"@type\":\"ListItem\",\"position\":1,\"name\":\"Portada\",\"item\":\"https:\\\/\\\/canfali.com\\\/ca-es\\\/\"},{\"@type\":\"ListItem\",\"position\":2,\"name\":\"Pla i Oriol guanyen el Juan Peri\u00e1\u00f1ez de tennis\"}]},{\"@type\":\"WebSite\",\"@id\":\"https:\\\/\\\/canfali.com\\\/ca-es\\\/#website\",\"url\":\"https:\\\/\\\/canfali.com\\\/ca-es\\\/\",\"name\":\"Canfali\",\"description\":\"\",\"publisher\":{\"@id\":\"https:\\\/\\\/canfali.com\\\/ca-es\\\/#organization\"},\"potentialAction\":[{\"@type\":\"SearchAction\",\"target\":{\"@type\":\"EntryPoint\",\"urlTemplate\":\"https:\\\/\\\/canfali.com\\\/ca-es\\\/?s={search_term_string}\"},\"query-input\":{\"@type\":\"PropertyValueSpecification\",\"valueRequired\":true,\"valueName\":\"search_term_string\"}}],\"inLanguage\":\"va-ES\"},{\"@type\":\"Organization\",\"@id\":\"https:\\\/\\\/canfali.com\\\/ca-es\\\/#organization\",\"name\":\"Canfali\",\"url\":\"https:\\\/\\\/canfali.com\\\/ca-es\\\/\",\"logo\":{\"@type\":\"ImageObject\",\"inLanguage\":\"va-ES\",\"@id\":\"https:\\\/\\\/canfali.com\\\/ca-es\\\/#\\\/schema\\\/logo\\\/image\\\/\",\"url\":\"https:\\\/\\\/canfali.com\\\/app\\\/uploads\\\/2025\\\/12\\\/canfali_marina_alta_logo.png\",\"contentUrl\":\"https:\\\/\\\/canfali.com\\\/app\\\/uploads\\\/2025\\\/12\\\/canfali_marina_alta_logo.png\",\"width\":225,\"height\":225,\"caption\":\"Canfali\"},\"image\":{\"@id\":\"https:\\\/\\\/canfali.com\\\/ca-es\\\/#\\\/schema\\\/logo\\\/image\\\/\"},\"sameAs\":[\"https:\\\/\\\/es-es.facebook.com\\\/CANFALIMarinaAlta\",\"https:\\\/\\\/x.com\\\/canfalima\",\"https:\\\/\\\/www.instagram.com\\\/canfalimarinaalta\\\/\"]},{\"@type\":\"Person\",\"@id\":\"https:\\\/\\\/canfali.com\\\/ca-es\\\/#\\\/schema\\\/person\\\/f540a86fb33e10daaae53c59ceaa1194\",\"name\":\"Lluis\",\"image\":{\"@type\":\"ImageObject\",\"inLanguage\":\"va-ES\",\"@id\":\"https:\\\/\\\/secure.gravatar.com\\\/avatar\\\/a21ec8835290e4e02ed0886b8cb327d807d0eb6ec8ccf25d4c2a0a415f506c0d?s=96&d=mm&r=g\",\"url\":\"https:\\\/\\\/secure.gravatar.com\\\/avatar\\\/a21ec8835290e4e02ed0886b8cb327d807d0eb6ec8ccf25d4c2a0a415f506c0d?s=96&d=mm&r=g\",\"contentUrl\":\"https:\\\/\\\/secure.gravatar.com\\\/avatar\\\/a21ec8835290e4e02ed0886b8cb327d807d0eb6ec8ccf25d4c2a0a415f506c0d?s=96&d=mm&r=g\",\"caption\":\"Lluis\"},\"url\":\"https:\\\/\\\/canfali.com\\\/ca-es\\\/author\\\/lluis\\\/\"}]}<\/script>\n<!-- \/ Yoast SEO Premium plugin. -->","yoast_head_json":{"title":"Pla i Oriol guanyen el Juan Peri\u00e1\u00f1ez de tennis - Canfali","robots":{"index":"index","follow":"follow","max-snippet":"max-snippet:-1","max-image-preview":"max-image-preview:large","max-video-preview":"max-video-preview:-1"},"canonical":"https:\/\/canfali.com\/ca-es\/pla-i-oriol-guanyen-el-juan-perianez-de-tennis\/","og_locale":"en_US","og_type":"article","og_title":"Pla i Oriol guanyen el Juan Peri\u00e1\u00f1ez de tennis","og_description":"Eduardo Pla, en individual mascul\u00ed, i Lidia Oriol, en femen\u00ed, han sigut els guanyadors del Memorial Juan Peri\u00e1\u00f1ez de Tennis.","og_url":"https:\/\/canfali.com\/ca-es\/pla-i-oriol-guanyen-el-juan-perianez-de-tennis\/","og_site_name":"Canfali","article_publisher":"https:\/\/es-es.facebook.com\/CANFALIMarinaAlta","article_published_time":"2025-06-19T15:50:09+00:00","article_modified_time":"2025-06-19T16:03:44+00:00","og_image":[{"width":1600,"height":1200,"url":"https:\/\/canfali.com\/app\/uploads\/2025\/06\/8memorial11.jpeg","type":"image\/jpeg"}],"author":"Lluis","twitter_card":"summary_large_image","twitter_creator":"@canfalima","twitter_site":"@canfalima","twitter_misc":{"Written by":"Lluis","Est. reading time":"3 minutes"},"schema":{"@context":"https:\/\/schema.org","@graph":[{"@type":"NewsArticle","@id":"https:\/\/canfali.com\/ca-es\/pla-i-oriol-guanyen-el-juan-perianez-de-tennis\/#article","isPartOf":{"@id":"https:\/\/canfali.com\/ca-es\/pla-i-oriol-guanyen-el-juan-perianez-de-tennis\/"},"author":{"name":"Lluis","@id":"https:\/\/canfali.com\/ca-es\/#\/schema\/person\/f540a86fb33e10daaae53c59ceaa1194"},"headline":"Pla i Oriol guanyen el Juan Peri\u00e1\u00f1ez de tennis","datePublished":"2025-06-19T15:50:09+00:00","dateModified":"2025-06-19T16:03:44+00:00","mainEntityOfPage":{"@id":"https:\/\/canfali.com\/ca-es\/pla-i-oriol-guanyen-el-juan-perianez-de-tennis\/"},"wordCount":546,"publisher":{"@id":"https:\/\/canfali.com\/ca-es\/#organization"},"image":{"@id":"https:\/\/canfali.com\/ca-es\/pla-i-oriol-guanyen-el-juan-perianez-de-tennis\/#primaryimage"},"thumbnailUrl":"https:\/\/canfali.com\/app\/uploads\/2025\/06\/8memorial11.jpeg","articleSection":["Esports"],"inLanguage":"va-ES","copyrightYear":"2025","copyrightHolder":{"@id":"https:\/\/canfali.com\/#organization"}},{"@type":"WebPage","@id":"https:\/\/canfali.com\/ca-es\/pla-i-oriol-guanyen-el-juan-perianez-de-tennis\/","url":"https:\/\/canfali.com\/ca-es\/pla-i-oriol-guanyen-el-juan-perianez-de-tennis\/","name":"Pla i Oriol guanyen el Juan Peri\u00e1\u00f1ez de tennis - Canfali","isPartOf":{"@id":"https:\/\/canfali.com\/ca-es\/#website"},"primaryImageOfPage":{"@id":"https:\/\/canfali.com\/ca-es\/pla-i-oriol-guanyen-el-juan-perianez-de-tennis\/#primaryimage"},"image":{"@id":"https:\/\/canfali.com\/ca-es\/pla-i-oriol-guanyen-el-juan-perianez-de-tennis\/#primaryimage"},"thumbnailUrl":"https:\/\/canfali.com\/app\/uploads\/2025\/06\/8memorial11.jpeg","datePublished":"2025-06-19T15:50:09+00:00","dateModified":"2025-06-19T16:03:44+00:00","breadcrumb":{"@id":"https:\/\/canfali.com\/ca-es\/pla-i-oriol-guanyen-el-juan-perianez-de-tennis\/#breadcrumb"},"inLanguage":"va-ES","potentialAction":[{"@type":"ReadAction","target":["https:\/\/canfali.com\/ca-es\/pla-i-oriol-guanyen-el-juan-perianez-de-tennis\/"]}]},{"@type":"ImageObject","inLanguage":"va-ES","@id":"https:\/\/canfali.com\/ca-es\/pla-i-oriol-guanyen-el-juan-perianez-de-tennis\/#primaryimage","url":"https:\/\/canfali.com\/app\/uploads\/2025\/06\/8memorial11.jpeg","contentUrl":"https:\/\/canfali.com\/app\/uploads\/2025\/06\/8memorial11.jpeg","width":1600,"height":1200},{"@type":"BreadcrumbList","@id":"https:\/\/canfali.com\/ca-es\/pla-i-oriol-guanyen-el-juan-perianez-de-tennis\/#breadcrumb","itemListElement":[{"@type":"ListItem","position":1,"name":"Portada","item":"https:\/\/canfali.com\/ca-es\/"},{"@type":"ListItem","position":2,"name":"Pla i Oriol guanyen el Juan Peri\u00e1\u00f1ez de tennis"}]},{"@type":"WebSite","@id":"https:\/\/canfali.com\/ca-es\/#website","url":"https:\/\/canfali.com\/ca-es\/","name":"Canfali","description":"","publisher":{"@id":"https:\/\/canfali.com\/ca-es\/#organization"},"potentialAction":[{"@type":"SearchAction","target":{"@type":"EntryPoint","urlTemplate":"https:\/\/canfali.com\/ca-es\/?s={search_term_string}"},"query-input":{"@type":"PropertyValueSpecification","valueRequired":true,"valueName":"search_term_string"}}],"inLanguage":"va-ES"},{"@type":"Organization","@id":"https:\/\/canfali.com\/ca-es\/#organization","name":"Canfali","url":"https:\/\/canfali.com\/ca-es\/","logo":{"@type":"ImageObject","inLanguage":"va-ES","@id":"https:\/\/canfali.com\/ca-es\/#\/schema\/logo\/image\/","url":"https:\/\/canfali.com\/app\/uploads\/2025\/12\/canfali_marina_alta_logo.png","contentUrl":"https:\/\/canfali.com\/app\/uploads\/2025\/12\/canfali_marina_alta_logo.png","width":225,"height":225,"caption":"Canfali"},"image":{"@id":"https:\/\/canfali.com\/ca-es\/#\/schema\/logo\/image\/"},"sameAs":["https:\/\/es-es.facebook.com\/CANFALIMarinaAlta","https:\/\/x.com\/canfalima","https:\/\/www.instagram.com\/canfalimarinaalta\/"]},{"@type":"Person","@id":"https:\/\/canfali.com\/ca-es\/#\/schema\/person\/f540a86fb33e10daaae53c59ceaa1194","name":"Lluis","image":{"@type":"ImageObject","inLanguage":"va-ES","@id":"https:\/\/secure.gravatar.com\/avatar\/a21ec8835290e4e02ed0886b8cb327d807d0eb6ec8ccf25d4c2a0a415f506c0d?s=96&d=mm&r=g","url":"https:\/\/secure.gravatar.com\/avatar\/a21ec8835290e4e02ed0886b8cb327d807d0eb6ec8ccf25d4c2a0a415f506c0d?s=96&d=mm&r=g","contentUrl":"https:\/\/secure.gravatar.com\/avatar\/a21ec8835290e4e02ed0886b8cb327d807d0eb6ec8ccf25d4c2a0a415f506c0d?s=96&d=mm&r=g","caption":"Lluis"},"url":"https:\/\/canfali.com\/ca-es\/author\/lluis\/"}]}},"_links":{"self":[{"href":"https:\/\/canfali.com\/ca-es\/wp-json\/wp\/v2\/posts\/67270","targetHints":{"allow":["GET"]}}],"collection":[{"href":"https:\/\/canfali.com\/ca-es\/wp-json\/wp\/v2\/posts"}],"about":[{"href":"https:\/\/canfali.com\/ca-es\/wp-json\/wp\/v2\/types\/post"}],"author":[{"embeddable":true,"href":"https:\/\/canfali.com\/ca-es\/wp-json\/wp\/v2\/users\/8"}],"replies":[{"embeddable":true,"href":"https:\/\/canfali.com\/ca-es\/wp-json\/wp\/v2\/comments?post=67270"}],"version-history":[{"count":1,"href":"https:\/\/canfali.com\/ca-es\/wp-json\/wp\/v2\/posts\/67270\/revisions"}],"predecessor-version":[{"id":67271,"href":"https:\/\/canfali.com\/ca-es\/wp-json\/wp\/v2\/posts\/67270\/revisions\/67271"}],"wp:featuredmedia":[{"embeddable":true,"href":"https:\/\/canfali.com\/ca-es\/wp-json\/wp\/v2\/media\/67267"}],"wp:attachment":[{"href":"https:\/\/canfali.com\/ca-es\/wp-json\/wp\/v2\/media?parent=67270"}],"wp:term":[{"taxonomy":"category","embeddable":true,"href":"https:\/\/canfali.com\/ca-es\/wp-json\/wp\/v2\/categories?post=67270"},{"taxonomy":"post_tag","embeddable":true,"href":"https:\/\/canfali.com\/ca-es\/wp-json\/wp\/v2\/tags?post=67270"}],"curies":[{"name":"wp","href":"https:\/\/api.w.org\/{rel}","templated":true}]}}