{"id":66909,"date":"2025-06-17T09:16:29","date_gmt":"2025-06-17T07:16:29","guid":{"rendered":"https:\/\/canfali.com\/?p=66909"},"modified":"2025-06-17T09:18:29","modified_gmt":"2025-06-17T07:18:29","slug":"gala-del-circuit-a-peu-marina-alta-2025","status":"publish","type":"post","link":"https:\/\/canfali.com\/ca-es\/gala-del-circuit-a-peu-marina-alta-2025\/","title":{"rendered":"Gala del Circuit a Peu Marina Alta 2025"},"content":{"rendered":"\n<p>La familia del atletismo comarcal e intercomarcal se reuni\u00f3 este pasado viernes para rendir homenaje a los mejores de 2025, en una gala que fue retransmitida en directo por streaming. En esta edici\u00f3n, Mar\u00eda Isabel Ferrer y Jos\u00e9 Manuel Garc\u00eda Barrag\u00e1n se consagraron como ganadores absolutos de la clasificaci\u00f3n femenina y masculina, respectivamente, mientras que el C.E. Llebeig X\u00e0bia se coron\u00f3 como campe\u00f3n de la clasificaci\u00f3n general por equipos, y el C.A. Publidom como vencedor en la categor\u00eda femenina de equipos.<\/p>\n\n\n\n<figure class=\"wp-block-image size-large\"><img fetchpriority=\"high\" decoding=\"async\" width=\"1024\" height=\"683\" src=\"https:\/\/canfali.com\/app\/uploads\/2025\/06\/8gala7-1024x683.jpg\" alt=\"\" class=\"wp-image-66922\" srcset=\"https:\/\/canfali.com\/app\/uploads\/2025\/06\/8gala7-1024x683.jpg 1024w, https:\/\/canfali.com\/app\/uploads\/2025\/06\/8gala7-300x200.jpg 300w, https:\/\/canfali.com\/app\/uploads\/2025\/06\/8gala7-768x512.jpg 768w, https:\/\/canfali.com\/app\/uploads\/2025\/06\/8gala7-1536x1024.jpg 1536w, https:\/\/canfali.com\/app\/uploads\/2025\/06\/8gala7.jpg 2048w\" sizes=\"(max-width: 1024px) 100vw, 1024px\" \/><\/figure>\n\n\n\n<p>La Gala de Entrega de Premios del Circuit a Peu Marina Alta 2025 se celebr\u00f3 en los Salones Carrasco de X\u00e0bia y reconoci\u00f3 a los atletas y clubes vencedores de las distintas categor\u00edas del Circuito. Adem\u00e1s, se entregaron menciones especiales a las instituciones, empresas y medios de comunicaci\u00f3n que han colaborado con el desarrollo del Circuito a lo largo de este 2025.<\/p>\n\n\n\n<figure class=\"wp-block-image size-large\"><img decoding=\"async\" width=\"1024\" height=\"683\" src=\"https:\/\/canfali.com\/app\/uploads\/2025\/06\/8gala9-1024x683.jpg\" alt=\"\" class=\"wp-image-66926\" srcset=\"https:\/\/canfali.com\/app\/uploads\/2025\/06\/8gala9-1024x683.jpg 1024w, https:\/\/canfali.com\/app\/uploads\/2025\/06\/8gala9-300x200.jpg 300w, https:\/\/canfali.com\/app\/uploads\/2025\/06\/8gala9-768x512.jpg 768w, https:\/\/canfali.com\/app\/uploads\/2025\/06\/8gala9-1536x1024.jpg 1536w, https:\/\/canfali.com\/app\/uploads\/2025\/06\/8gala9.jpg 2048w\" sizes=\"(max-width: 1024px) 100vw, 1024px\" \/><\/figure>\n\n\n\n<p>La gala fue presentada por la periodista y presentadora de televisi\u00f3n Mar\u00eda Jos\u00e9 Berbegall, junto al locutor Toni Arribas, quien ha acompa\u00f1ado a la familia de atletas durante todo el Circuito. Juntos, dirigieron el evento de manera amena y profesional ante m\u00e1s de 200 personas. La velada estuvo amenizada por la DJ Alison, poniendo el toque final a la vig\u00e9sima s\u00e9ptima edici\u00f3n, despu\u00e9s de cinco meses de carreras populares.<\/p>\n\n\n\n<p><strong>GRANDES MOMENTOS DE LA NOCHE<\/strong><\/p>\n\n\n\n<p>La primera parte de la gala estuvo dedicada a los m\u00e1s peque\u00f1os, quienes fueron los primeros en recibir su trofeo. A lo largo de las trece pruebas, m\u00e1s de 3.000 ni\u00f1os y ni\u00f1as participaron en el Circuito, desde benjamines hasta juveniles, consolid\u00e1ndose como la gran base del evento.<\/p>\n\n\n\n<p>Despu\u00e9s de la cena, lleg\u00f3 el momento m\u00e1s esperado: la entrega de trofeos y premios de las categor\u00edas mayores, as\u00ed como los premios por equipos en la clasificaci\u00f3n general de clubes y equipos femeninos.<\/p>\n\n\n\n<figure class=\"wp-block-image size-large\"><img decoding=\"async\" width=\"1024\" height=\"683\" src=\"https:\/\/canfali.com\/app\/uploads\/2025\/06\/8gala10-1024x683.jpg\" alt=\"\" class=\"wp-image-66928\" srcset=\"https:\/\/canfali.com\/app\/uploads\/2025\/06\/8gala10-1024x683.jpg 1024w, https:\/\/canfali.com\/app\/uploads\/2025\/06\/8gala10-300x200.jpg 300w, https:\/\/canfali.com\/app\/uploads\/2025\/06\/8gala10-768x512.jpg 768w, https:\/\/canfali.com\/app\/uploads\/2025\/06\/8gala10-1536x1024.jpg 1536w, https:\/\/canfali.com\/app\/uploads\/2025\/06\/8gala10.jpg 2048w\" sizes=\"(max-width: 1024px) 100vw, 1024px\" \/><\/figure>\n\n\n\n<p>Un momento especialmente emotivo fue la entrega del Premio Fundaci\u00f3n Bale\u00e0ria, que fue otorgado a Jos\u00e9 Ivars Flores, un atleta independiente de 81 a\u00f1os. Con su incansable esfuerzo y determinaci\u00f3n, ha participado en el Circuito desde 2007, completando siete maratones a los 70 a\u00f1os. Esta menci\u00f3n arranc\u00f3 uno de los mayores aplausos de la noche, con la entrega del trofeo por parte de Estefan\u00eda Mart\u00ed, en representaci\u00f3n de la Fundaci\u00f3n Bale\u00e0ria.<\/p>\n\n\n\n<p><strong>SOLIDARIDAD Y PREMIO AL ESFUERZO<\/strong><\/p>\n\n\n\n<p>La vig\u00e9sima s\u00e9ptima edici\u00f3n tambi\u00e9n otorg\u00f3 por tercera vez el Euro Solidario del Circuit a Peu a la Marina, que en esta edici\u00f3n fue destinado a la Asociaci\u00f3n CARENA. El cheque por valor de 1.600 \u20ac fue entregado por el presidente del Circuito, Miguel Moreno, junto a Juan Jaime Forn\u00e9s, del C.A. Gata, a Pepa Signes, vicepresidenta local de CARENA, y la secretaria Ga\u00e9lle Daurat.<\/p>\n\n\n\n<figure class=\"wp-block-image size-large\"><img loading=\"lazy\" decoding=\"async\" width=\"1024\" height=\"683\" src=\"https:\/\/canfali.com\/app\/uploads\/2025\/06\/8gala3-1024x683.jpg\" alt=\"\" class=\"wp-image-66914\" srcset=\"https:\/\/canfali.com\/app\/uploads\/2025\/06\/8gala3-1024x683.jpg 1024w, https:\/\/canfali.com\/app\/uploads\/2025\/06\/8gala3-300x200.jpg 300w, https:\/\/canfali.com\/app\/uploads\/2025\/06\/8gala3-768x512.jpg 768w, https:\/\/canfali.com\/app\/uploads\/2025\/06\/8gala3-1536x1024.jpg 1536w, https:\/\/canfali.com\/app\/uploads\/2025\/06\/8gala3.jpg 2048w\" sizes=\"(max-width: 1024px) 100vw, 1024px\" \/><\/figure>\n\n\n\n<p>Adem\u00e1s, se hizo un reconocimiento sorpresa a Vicente Esteve, miembro del CD l&#8217;Espenta de Oliva y presidente del Circuito Safor Valldigna, por su labor divulgativa a trav\u00e9s de la fotograf\u00eda de las carreras del Circuito. A pesar de no haber podido correr este a\u00f1o debido a una operaci\u00f3n, Vicente ha seguido el evento con su c\u00e1mara, capturando momentos inolvidables.<\/p>\n\n\n\n<p><strong>RECONOCIMIENTOS Y HOMENAJES<\/strong><\/p>\n\n\n\n<figure class=\"wp-block-image size-large\"><img loading=\"lazy\" decoding=\"async\" width=\"1024\" height=\"683\" src=\"https:\/\/canfali.com\/app\/uploads\/2025\/06\/8gala6-1024x683.jpg\" alt=\"\" class=\"wp-image-66920\" srcset=\"https:\/\/canfali.com\/app\/uploads\/2025\/06\/8gala6-1024x683.jpg 1024w, https:\/\/canfali.com\/app\/uploads\/2025\/06\/8gala6-300x200.jpg 300w, https:\/\/canfali.com\/app\/uploads\/2025\/06\/8gala6-768x512.jpg 768w, https:\/\/canfali.com\/app\/uploads\/2025\/06\/8gala6-1536x1024.jpg 1536w, https:\/\/canfali.com\/app\/uploads\/2025\/06\/8gala6.jpg 2048w\" sizes=\"(max-width: 1024px) 100vw, 1024px\" \/><\/figure>\n\n\n\n<p>La gala continu\u00f3 con el reconocimiento a los patrocinadores y colaboradores del Circuito, destacando su importante apoyo. Estefan\u00eda Mart\u00ed (Fundaci\u00f3n Bale\u00e0ria), Noelia Forn\u00e9s (masymas supermercados), Blas Dom\u00ednguez (EXCOM), Yasmina Segu\u00ed (Hyundai Autoalmenar), y Gema Pascual (La Terreta Esport i Aventura) fueron algunos de los homenajeados.<\/p>\n\n\n\n<p>El evento culmin\u00f3 con un homenaje a Juan Zaragoz\u00ed, expresidente del Circuito, quien recibi\u00f3 un reconocimiento por su labor al frente de la presidencia durante cinco a\u00f1os, un gesto que fue acompa\u00f1ado por su antiguo vicepresidente, Juan Bolta.<\/p>\n\n\n\n<p><strong>EL CIRCUITO EN CIFRAS<\/strong><\/p>\n\n\n\n<p>Con esta celebraci\u00f3n, se cerr\u00f3 la vig\u00e9sima s\u00e9ptima edici\u00f3n del Circuito a Peu Marina Alta, que ha sumado un total de 122.800 metros recorridos, con la participaci\u00f3n de m\u00e1s de 17.000 corredores y 2.982 ni\u00f1os en las carreras infantiles. La participaci\u00f3n femenina ha alcanzado las 4.003 mujeres, representando un 27% del total de participantes, lo que refleja el crecimiento y la inclusi\u00f3n del Circuito.<\/p>\n\n\n\n<p>El presidente del Circuito, Miguel Moreno, destac\u00f3 la buena salud del evento, con una media de 987 finishers por carrera, y mostr\u00f3 su disposici\u00f3n a continuar en la presidencia en 2026 si los clubes lo desean.<\/p>\n\n\n\n<p><\/p>\n","protected":false},"excerpt":{"rendered":"La familia del atletismo comarcal e intercomarcal se reuni\u00f3 este pasado viernes para rendir homenaje a los mejores de 2025","protected":false},"author":8,"featured_media":66918,"comment_status":"closed","ping_status":"closed","sticky":false,"template":"","format":"standard","meta":{"csco_display_header_overlay":false,"csco_singular_sidebar":"","csco_page_header_type":"","csco_page_load_nextpost":"","csco_post_video_location":[],"csco_post_video_location_hash":"","csco_post_video_url":"","csco_post_video_bg_start_time":0,"csco_post_video_bg_end_time":0,"footnotes":""},"categories":[599,573,554],"tags":[],"class_list":{"0":"post-66909","1":"post","2":"type-post","3":"status-publish","4":"format-standard","5":"has-post-thumbnail","7":"category-atletisme-ca-es","8":"category-deportes-2","9":"category-mas-deportes-3","10":"cs-entry","11":"cs-video-wrap"},"yoast_head":"<!-- This site is optimized with the Yoast SEO Premium plugin v26.6 (Yoast SEO v27.3) - https:\/\/yoast.com\/product\/yoast-seo-premium-wordpress\/ -->\n<title>Gala del Circuit a Peu Marina Alta 2025 - Canfali<\/title>\n<meta name=\"robots\" content=\"index, follow, max-snippet:-1, max-image-preview:large, max-video-preview:-1\" \/>\n<link rel=\"canonical\" href=\"https:\/\/canfali.com\/ca-es\/gala-del-circuit-a-peu-marina-alta-2025\/\" \/>\n<meta property=\"og:locale\" content=\"en_US\" \/>\n<meta property=\"og:type\" content=\"article\" \/>\n<meta property=\"og:title\" content=\"Gala del Circuit a Peu Marina Alta 2025\" \/>\n<meta property=\"og:description\" content=\"La familia del atletismo comarcal e intercomarcal se reuni\u00f3 este pasado viernes para rendir homenaje a los mejores de 2025\" \/>\n<meta property=\"og:url\" content=\"https:\/\/canfali.com\/ca-es\/gala-del-circuit-a-peu-marina-alta-2025\/\" \/>\n<meta property=\"og:site_name\" content=\"Canfali\" \/>\n<meta property=\"article:publisher\" content=\"https:\/\/es-es.facebook.com\/CANFALIMarinaAlta\" \/>\n<meta property=\"article:published_time\" content=\"2025-06-17T07:16:29+00:00\" \/>\n<meta property=\"article:modified_time\" content=\"2025-06-17T07:18:29+00:00\" \/>\n<meta property=\"og:image\" content=\"https:\/\/canfali.com\/app\/uploads\/2025\/06\/8gala5-1024x683.jpg\" \/>\n\t<meta property=\"og:image:width\" content=\"1024\" \/>\n\t<meta property=\"og:image:height\" content=\"683\" \/>\n\t<meta property=\"og:image:type\" content=\"image\/jpeg\" \/>\n<meta name=\"author\" content=\"Lluis\" \/>\n<meta name=\"twitter:card\" content=\"summary_large_image\" \/>\n<meta name=\"twitter:creator\" content=\"@canfalima\" \/>\n<meta name=\"twitter:site\" content=\"@canfalima\" \/>\n<meta name=\"twitter:label1\" content=\"Written by\" \/>\n\t<meta name=\"twitter:data1\" content=\"Lluis\" \/>\n\t<meta name=\"twitter:label2\" content=\"Est. reading time\" \/>\n\t<meta name=\"twitter:data2\" content=\"4 minutes\" \/>\n<script type=\"application\/ld+json\" class=\"yoast-schema-graph\">{\"@context\":\"https:\\\/\\\/schema.org\",\"@graph\":[{\"@type\":\"NewsArticle\",\"@id\":\"https:\\\/\\\/canfali.com\\\/ca-es\\\/gala-del-circuit-a-peu-marina-alta-2025\\\/#article\",\"isPartOf\":{\"@id\":\"https:\\\/\\\/canfali.com\\\/ca-es\\\/gala-del-circuit-a-peu-marina-alta-2025\\\/\"},\"author\":{\"name\":\"Lluis\",\"@id\":\"https:\\\/\\\/canfali.com\\\/ca-es\\\/#\\\/schema\\\/person\\\/f540a86fb33e10daaae53c59ceaa1194\"},\"headline\":\"Gala del Circuit a Peu Marina Alta 2025\",\"datePublished\":\"2025-06-17T07:16:29+00:00\",\"dateModified\":\"2025-06-17T07:18:29+00:00\",\"mainEntityOfPage\":{\"@id\":\"https:\\\/\\\/canfali.com\\\/ca-es\\\/gala-del-circuit-a-peu-marina-alta-2025\\\/\"},\"wordCount\":755,\"publisher\":{\"@id\":\"https:\\\/\\\/canfali.com\\\/ca-es\\\/#organization\"},\"image\":{\"@id\":\"https:\\\/\\\/canfali.com\\\/ca-es\\\/gala-del-circuit-a-peu-marina-alta-2025\\\/#primaryimage\"},\"thumbnailUrl\":\"https:\\\/\\\/canfali.com\\\/app\\\/uploads\\\/2025\\\/06\\\/8gala5.jpg\",\"articleSection\":[\"Atletisme\",\"Deportes\",\"Mas deportes\"],\"inLanguage\":\"va-ES\",\"copyrightYear\":\"2025\",\"copyrightHolder\":{\"@id\":\"https:\\\/\\\/canfali.com\\\/#organization\"}},{\"@type\":\"WebPage\",\"@id\":\"https:\\\/\\\/canfali.com\\\/ca-es\\\/gala-del-circuit-a-peu-marina-alta-2025\\\/\",\"url\":\"https:\\\/\\\/canfali.com\\\/ca-es\\\/gala-del-circuit-a-peu-marina-alta-2025\\\/\",\"name\":\"Gala del Circuit a Peu Marina Alta 2025 - Canfali\",\"isPartOf\":{\"@id\":\"https:\\\/\\\/canfali.com\\\/ca-es\\\/#website\"},\"primaryImageOfPage\":{\"@id\":\"https:\\\/\\\/canfali.com\\\/ca-es\\\/gala-del-circuit-a-peu-marina-alta-2025\\\/#primaryimage\"},\"image\":{\"@id\":\"https:\\\/\\\/canfali.com\\\/ca-es\\\/gala-del-circuit-a-peu-marina-alta-2025\\\/#primaryimage\"},\"thumbnailUrl\":\"https:\\\/\\\/canfali.com\\\/app\\\/uploads\\\/2025\\\/06\\\/8gala5.jpg\",\"datePublished\":\"2025-06-17T07:16:29+00:00\",\"dateModified\":\"2025-06-17T07:18:29+00:00\",\"breadcrumb\":{\"@id\":\"https:\\\/\\\/canfali.com\\\/ca-es\\\/gala-del-circuit-a-peu-marina-alta-2025\\\/#breadcrumb\"},\"inLanguage\":\"va-ES\",\"potentialAction\":[{\"@type\":\"ReadAction\",\"target\":[\"https:\\\/\\\/canfali.com\\\/ca-es\\\/gala-del-circuit-a-peu-marina-alta-2025\\\/\"]}]},{\"@type\":\"ImageObject\",\"inLanguage\":\"va-ES\",\"@id\":\"https:\\\/\\\/canfali.com\\\/ca-es\\\/gala-del-circuit-a-peu-marina-alta-2025\\\/#primaryimage\",\"url\":\"https:\\\/\\\/canfali.com\\\/app\\\/uploads\\\/2025\\\/06\\\/8gala5.jpg\",\"contentUrl\":\"https:\\\/\\\/canfali.com\\\/app\\\/uploads\\\/2025\\\/06\\\/8gala5.jpg\",\"width\":2048,\"height\":1365},{\"@type\":\"BreadcrumbList\",\"@id\":\"https:\\\/\\\/canfali.com\\\/ca-es\\\/gala-del-circuit-a-peu-marina-alta-2025\\\/#breadcrumb\",\"itemListElement\":[{\"@type\":\"ListItem\",\"position\":1,\"name\":\"Portada\",\"item\":\"https:\\\/\\\/canfali.com\\\/ca-es\\\/\"},{\"@type\":\"ListItem\",\"position\":2,\"name\":\"Gala del Circuit a Peu Marina Alta 2025\"}]},{\"@type\":\"WebSite\",\"@id\":\"https:\\\/\\\/canfali.com\\\/ca-es\\\/#website\",\"url\":\"https:\\\/\\\/canfali.com\\\/ca-es\\\/\",\"name\":\"Canfali\",\"description\":\"\",\"publisher\":{\"@id\":\"https:\\\/\\\/canfali.com\\\/ca-es\\\/#organization\"},\"potentialAction\":[{\"@type\":\"SearchAction\",\"target\":{\"@type\":\"EntryPoint\",\"urlTemplate\":\"https:\\\/\\\/canfali.com\\\/ca-es\\\/?s={search_term_string}\"},\"query-input\":{\"@type\":\"PropertyValueSpecification\",\"valueRequired\":true,\"valueName\":\"search_term_string\"}}],\"inLanguage\":\"va-ES\"},{\"@type\":\"Organization\",\"@id\":\"https:\\\/\\\/canfali.com\\\/ca-es\\\/#organization\",\"name\":\"Canfali\",\"url\":\"https:\\\/\\\/canfali.com\\\/ca-es\\\/\",\"logo\":{\"@type\":\"ImageObject\",\"inLanguage\":\"va-ES\",\"@id\":\"https:\\\/\\\/canfali.com\\\/ca-es\\\/#\\\/schema\\\/logo\\\/image\\\/\",\"url\":\"https:\\\/\\\/canfali.com\\\/app\\\/uploads\\\/2025\\\/12\\\/canfali_marina_alta_logo.png\",\"contentUrl\":\"https:\\\/\\\/canfali.com\\\/app\\\/uploads\\\/2025\\\/12\\\/canfali_marina_alta_logo.png\",\"width\":225,\"height\":225,\"caption\":\"Canfali\"},\"image\":{\"@id\":\"https:\\\/\\\/canfali.com\\\/ca-es\\\/#\\\/schema\\\/logo\\\/image\\\/\"},\"sameAs\":[\"https:\\\/\\\/es-es.facebook.com\\\/CANFALIMarinaAlta\",\"https:\\\/\\\/x.com\\\/canfalima\",\"https:\\\/\\\/www.instagram.com\\\/canfalimarinaalta\\\/\"]},{\"@type\":\"Person\",\"@id\":\"https:\\\/\\\/canfali.com\\\/ca-es\\\/#\\\/schema\\\/person\\\/f540a86fb33e10daaae53c59ceaa1194\",\"name\":\"Lluis\",\"image\":{\"@type\":\"ImageObject\",\"inLanguage\":\"va-ES\",\"@id\":\"https:\\\/\\\/secure.gravatar.com\\\/avatar\\\/a21ec8835290e4e02ed0886b8cb327d807d0eb6ec8ccf25d4c2a0a415f506c0d?s=96&d=mm&r=g\",\"url\":\"https:\\\/\\\/secure.gravatar.com\\\/avatar\\\/a21ec8835290e4e02ed0886b8cb327d807d0eb6ec8ccf25d4c2a0a415f506c0d?s=96&d=mm&r=g\",\"contentUrl\":\"https:\\\/\\\/secure.gravatar.com\\\/avatar\\\/a21ec8835290e4e02ed0886b8cb327d807d0eb6ec8ccf25d4c2a0a415f506c0d?s=96&d=mm&r=g\",\"caption\":\"Lluis\"},\"url\":\"https:\\\/\\\/canfali.com\\\/ca-es\\\/author\\\/lluis\\\/\"}]}<\/script>\n<!-- \/ Yoast SEO Premium plugin. -->","yoast_head_json":{"title":"Gala del Circuit a Peu Marina Alta 2025 - Canfali","robots":{"index":"index","follow":"follow","max-snippet":"max-snippet:-1","max-image-preview":"max-image-preview:large","max-video-preview":"max-video-preview:-1"},"canonical":"https:\/\/canfali.com\/ca-es\/gala-del-circuit-a-peu-marina-alta-2025\/","og_locale":"en_US","og_type":"article","og_title":"Gala del Circuit a Peu Marina Alta 2025","og_description":"La familia del atletismo comarcal e intercomarcal se reuni\u00f3 este pasado viernes para rendir homenaje a los mejores de 2025","og_url":"https:\/\/canfali.com\/ca-es\/gala-del-circuit-a-peu-marina-alta-2025\/","og_site_name":"Canfali","article_publisher":"https:\/\/es-es.facebook.com\/CANFALIMarinaAlta","article_published_time":"2025-06-17T07:16:29+00:00","article_modified_time":"2025-06-17T07:18:29+00:00","og_image":[{"width":1024,"height":683,"url":"https:\/\/canfali.com\/app\/uploads\/2025\/06\/8gala5-1024x683.jpg","type":"image\/jpeg"}],"author":"Lluis","twitter_card":"summary_large_image","twitter_creator":"@canfalima","twitter_site":"@canfalima","twitter_misc":{"Written by":"Lluis","Est. reading time":"4 minutes"},"schema":{"@context":"https:\/\/schema.org","@graph":[{"@type":"NewsArticle","@id":"https:\/\/canfali.com\/ca-es\/gala-del-circuit-a-peu-marina-alta-2025\/#article","isPartOf":{"@id":"https:\/\/canfali.com\/ca-es\/gala-del-circuit-a-peu-marina-alta-2025\/"},"author":{"name":"Lluis","@id":"https:\/\/canfali.com\/ca-es\/#\/schema\/person\/f540a86fb33e10daaae53c59ceaa1194"},"headline":"Gala del Circuit a Peu Marina Alta 2025","datePublished":"2025-06-17T07:16:29+00:00","dateModified":"2025-06-17T07:18:29+00:00","mainEntityOfPage":{"@id":"https:\/\/canfali.com\/ca-es\/gala-del-circuit-a-peu-marina-alta-2025\/"},"wordCount":755,"publisher":{"@id":"https:\/\/canfali.com\/ca-es\/#organization"},"image":{"@id":"https:\/\/canfali.com\/ca-es\/gala-del-circuit-a-peu-marina-alta-2025\/#primaryimage"},"thumbnailUrl":"https:\/\/canfali.com\/app\/uploads\/2025\/06\/8gala5.jpg","articleSection":["Atletisme","Deportes","Mas deportes"],"inLanguage":"va-ES","copyrightYear":"2025","copyrightHolder":{"@id":"https:\/\/canfali.com\/#organization"}},{"@type":"WebPage","@id":"https:\/\/canfali.com\/ca-es\/gala-del-circuit-a-peu-marina-alta-2025\/","url":"https:\/\/canfali.com\/ca-es\/gala-del-circuit-a-peu-marina-alta-2025\/","name":"Gala del Circuit a Peu Marina Alta 2025 - Canfali","isPartOf":{"@id":"https:\/\/canfali.com\/ca-es\/#website"},"primaryImageOfPage":{"@id":"https:\/\/canfali.com\/ca-es\/gala-del-circuit-a-peu-marina-alta-2025\/#primaryimage"},"image":{"@id":"https:\/\/canfali.com\/ca-es\/gala-del-circuit-a-peu-marina-alta-2025\/#primaryimage"},"thumbnailUrl":"https:\/\/canfali.com\/app\/uploads\/2025\/06\/8gala5.jpg","datePublished":"2025-06-17T07:16:29+00:00","dateModified":"2025-06-17T07:18:29+00:00","breadcrumb":{"@id":"https:\/\/canfali.com\/ca-es\/gala-del-circuit-a-peu-marina-alta-2025\/#breadcrumb"},"inLanguage":"va-ES","potentialAction":[{"@type":"ReadAction","target":["https:\/\/canfali.com\/ca-es\/gala-del-circuit-a-peu-marina-alta-2025\/"]}]},{"@type":"ImageObject","inLanguage":"va-ES","@id":"https:\/\/canfali.com\/ca-es\/gala-del-circuit-a-peu-marina-alta-2025\/#primaryimage","url":"https:\/\/canfali.com\/app\/uploads\/2025\/06\/8gala5.jpg","contentUrl":"https:\/\/canfali.com\/app\/uploads\/2025\/06\/8gala5.jpg","width":2048,"height":1365},{"@type":"BreadcrumbList","@id":"https:\/\/canfali.com\/ca-es\/gala-del-circuit-a-peu-marina-alta-2025\/#breadcrumb","itemListElement":[{"@type":"ListItem","position":1,"name":"Portada","item":"https:\/\/canfali.com\/ca-es\/"},{"@type":"ListItem","position":2,"name":"Gala del Circuit a Peu Marina Alta 2025"}]},{"@type":"WebSite","@id":"https:\/\/canfali.com\/ca-es\/#website","url":"https:\/\/canfali.com\/ca-es\/","name":"Canfali","description":"","publisher":{"@id":"https:\/\/canfali.com\/ca-es\/#organization"},"potentialAction":[{"@type":"SearchAction","target":{"@type":"EntryPoint","urlTemplate":"https:\/\/canfali.com\/ca-es\/?s={search_term_string}"},"query-input":{"@type":"PropertyValueSpecification","valueRequired":true,"valueName":"search_term_string"}}],"inLanguage":"va-ES"},{"@type":"Organization","@id":"https:\/\/canfali.com\/ca-es\/#organization","name":"Canfali","url":"https:\/\/canfali.com\/ca-es\/","logo":{"@type":"ImageObject","inLanguage":"va-ES","@id":"https:\/\/canfali.com\/ca-es\/#\/schema\/logo\/image\/","url":"https:\/\/canfali.com\/app\/uploads\/2025\/12\/canfali_marina_alta_logo.png","contentUrl":"https:\/\/canfali.com\/app\/uploads\/2025\/12\/canfali_marina_alta_logo.png","width":225,"height":225,"caption":"Canfali"},"image":{"@id":"https:\/\/canfali.com\/ca-es\/#\/schema\/logo\/image\/"},"sameAs":["https:\/\/es-es.facebook.com\/CANFALIMarinaAlta","https:\/\/x.com\/canfalima","https:\/\/www.instagram.com\/canfalimarinaalta\/"]},{"@type":"Person","@id":"https:\/\/canfali.com\/ca-es\/#\/schema\/person\/f540a86fb33e10daaae53c59ceaa1194","name":"Lluis","image":{"@type":"ImageObject","inLanguage":"va-ES","@id":"https:\/\/secure.gravatar.com\/avatar\/a21ec8835290e4e02ed0886b8cb327d807d0eb6ec8ccf25d4c2a0a415f506c0d?s=96&d=mm&r=g","url":"https:\/\/secure.gravatar.com\/avatar\/a21ec8835290e4e02ed0886b8cb327d807d0eb6ec8ccf25d4c2a0a415f506c0d?s=96&d=mm&r=g","contentUrl":"https:\/\/secure.gravatar.com\/avatar\/a21ec8835290e4e02ed0886b8cb327d807d0eb6ec8ccf25d4c2a0a415f506c0d?s=96&d=mm&r=g","caption":"Lluis"},"url":"https:\/\/canfali.com\/ca-es\/author\/lluis\/"}]}},"_links":{"self":[{"href":"https:\/\/canfali.com\/ca-es\/wp-json\/wp\/v2\/posts\/66909","targetHints":{"allow":["GET"]}}],"collection":[{"href":"https:\/\/canfali.com\/ca-es\/wp-json\/wp\/v2\/posts"}],"about":[{"href":"https:\/\/canfali.com\/ca-es\/wp-json\/wp\/v2\/types\/post"}],"author":[{"embeddable":true,"href":"https:\/\/canfali.com\/ca-es\/wp-json\/wp\/v2\/users\/8"}],"replies":[{"embeddable":true,"href":"https:\/\/canfali.com\/ca-es\/wp-json\/wp\/v2\/comments?post=66909"}],"version-history":[{"count":3,"href":"https:\/\/canfali.com\/ca-es\/wp-json\/wp\/v2\/posts\/66909\/revisions"}],"predecessor-version":[{"id":66945,"href":"https:\/\/canfali.com\/ca-es\/wp-json\/wp\/v2\/posts\/66909\/revisions\/66945"}],"wp:featuredmedia":[{"embeddable":true,"href":"https:\/\/canfali.com\/ca-es\/wp-json\/wp\/v2\/media\/66918"}],"wp:attachment":[{"href":"https:\/\/canfali.com\/ca-es\/wp-json\/wp\/v2\/media?parent=66909"}],"wp:term":[{"taxonomy":"category","embeddable":true,"href":"https:\/\/canfali.com\/ca-es\/wp-json\/wp\/v2\/categories?post=66909"},{"taxonomy":"post_tag","embeddable":true,"href":"https:\/\/canfali.com\/ca-es\/wp-json\/wp\/v2\/tags?post=66909"}],"curies":[{"name":"wp","href":"https:\/\/api.w.org\/{rel}","templated":true}]}}