{"id":66753,"date":"2025-06-16T12:33:28","date_gmt":"2025-06-16T10:33:28","guid":{"rendered":"https:\/\/canfali.com\/?p=66753"},"modified":"2025-06-16T12:33:30","modified_gmt":"2025-06-16T10:33:30","slug":"preambul-medieval-a-les-festes-de-pego","status":"publish","type":"post","link":"https:\/\/canfali.com\/ca-es\/preambul-medieval-a-les-festes-de-pego\/","title":{"rendered":"Pre\u00e0mbul medieval a les festes de Pego"},"content":{"rendered":"\n<p><strong>Desenes de fam\u00edlies gaudeixen de tallers i jocs d\u2019habilitat que la Regidoria ha disposat com a una de les novetats del programa d\u2019enguany<\/strong><\/p>\n\n\n\n<p>Les festes patronals que Pego dedica a l\u2019Ecce-Homo han tingut el seu tret d\u2019eixida ofici\u00f3s amb els tallers medievals per als m\u00e9s menuts al passeig organitzats des de la Regidoria com a reclam per tal de fer arrelar els Moros i Cristians com a un dels pilars m\u00e9s participatius de l\u2019agenda festera pegolina.<\/p>\n\n\n\n<figure class=\"wp-block-image size-large\"><img fetchpriority=\"high\" decoding=\"async\" width=\"1024\" height=\"679\" src=\"https:\/\/canfali.com\/app\/uploads\/2025\/06\/festespego-digi2-1024x679.jpg\" alt=\"\" class=\"wp-image-66756\" srcset=\"https:\/\/canfali.com\/app\/uploads\/2025\/06\/festespego-digi2-1024x679.jpg 1024w, https:\/\/canfali.com\/app\/uploads\/2025\/06\/festespego-digi2-300x199.jpg 300w, https:\/\/canfali.com\/app\/uploads\/2025\/06\/festespego-digi2-768x509.jpg 768w, https:\/\/canfali.com\/app\/uploads\/2025\/06\/festespego-digi2-1536x1019.jpg 1536w, https:\/\/canfali.com\/app\/uploads\/2025\/06\/festespego-digi2-2048x1358.jpg 2048w, https:\/\/canfali.com\/app\/uploads\/2025\/06\/festespego-digi2.jpg 2256w\" sizes=\"(max-width: 1024px) 100vw, 1024px\" \/><\/figure>\n\n\n\n<p>Desenes de xiquets i xiquetes, acompanyats per pares i mares han gaudit d\u2019arcs, llances, jocs d\u2019habilitat, curses de vaixells, samboris habilitats amb un riu imaginari i altres jocs d\u2019habilitat presidits per un drac durant una jornada que ha marcat el tret d\u2019eixida del programa fester. La regidora de Festes, Paula Orihuel, s\u2019ha congratulat de la participaci\u00f3 de les fam\u00edlies que ha suscitat un acte a les que ha agra\u00eft el detall d\u2019apropar-se i formar part d\u2019un inici fester de forma tan activa que l\u2019han convertit en especial. Aix\u00ed mateix, ha aprofitat la circumst\u00e0ncia per a recordar que els dies 23 i 24 el p\u00fablic infantil tornar\u00e0 a tindre al seu abast noves activitats al passeig.<\/p>\n\n\n\n<figure class=\"wp-block-image size-large\"><img decoding=\"async\" width=\"1024\" height=\"679\" src=\"https:\/\/canfali.com\/app\/uploads\/2025\/06\/festespego-digi3-1024x679.jpg\" alt=\"\" class=\"wp-image-66758\" srcset=\"https:\/\/canfali.com\/app\/uploads\/2025\/06\/festespego-digi3-1024x679.jpg 1024w, https:\/\/canfali.com\/app\/uploads\/2025\/06\/festespego-digi3-300x199.jpg 300w, https:\/\/canfali.com\/app\/uploads\/2025\/06\/festespego-digi3-768x509.jpg 768w, https:\/\/canfali.com\/app\/uploads\/2025\/06\/festespego-digi3-1536x1019.jpg 1536w, https:\/\/canfali.com\/app\/uploads\/2025\/06\/festespego-digi3-2048x1358.jpg 2048w, https:\/\/canfali.com\/app\/uploads\/2025\/06\/festespego-digi3.jpg 2256w\" sizes=\"(max-width: 1024px) 100vw, 1024px\" \/><\/figure>\n\n\n\n<p>L\u2019esdeveniment ha marcat un pre\u00e0mbul que t\u00e9 previst barrejar al llarg de tota la setmana els actes musicals amb els culturals, socials i tradicionals com el tir i arrossegament. Pre\u00e0mbul que compta el proper dissabte amb el Dia de les Quintades com a plat fort, que la Regidoria ha optat per traslladar al pre\u00e0mbul de les festes i potenciar-lo amb una ginkama jove i un <em>tardeo <\/em>des de la vesprada la matinada al Poliesportiu Municipal<em>.<\/em><\/p>\n\n\n\n<figure class=\"wp-block-image size-large\"><img decoding=\"async\" width=\"1024\" height=\"679\" src=\"https:\/\/canfali.com\/app\/uploads\/2025\/06\/festespego-digi4-1024x679.jpg\" alt=\"\" class=\"wp-image-66760\" srcset=\"https:\/\/canfali.com\/app\/uploads\/2025\/06\/festespego-digi4-1024x679.jpg 1024w, https:\/\/canfali.com\/app\/uploads\/2025\/06\/festespego-digi4-300x199.jpg 300w, https:\/\/canfali.com\/app\/uploads\/2025\/06\/festespego-digi4-768x509.jpg 768w, https:\/\/canfali.com\/app\/uploads\/2025\/06\/festespego-digi4-1536x1019.jpg 1536w, https:\/\/canfali.com\/app\/uploads\/2025\/06\/festespego-digi4-2048x1358.jpg 2048w, https:\/\/canfali.com\/app\/uploads\/2025\/06\/festespego-digi4.jpg 2256w\" sizes=\"(max-width: 1024px) 100vw, 1024px\" \/><\/figure>\n\n\n\n<p>&nbsp;&nbsp;&nbsp;&nbsp;&nbsp;&nbsp; &nbsp;&nbsp;&nbsp;&nbsp;&nbsp;&nbsp; L\u2019agenda d\u2019actes i horaris fins del proper dissabte \u00e9s la seg\u00fcent:<\/p>\n\n\n\n<p>DIJOUS 19<\/p>\n\n\n\n<p>&nbsp;&nbsp;&nbsp;&nbsp;&nbsp;&nbsp; -A les 22 h.: Cinema a la fresca amb <em>Mariposas negras<\/em> al passeig Cervantes, amb la presentaci\u00f3 a c\u00e0rrec de Mari Carmen Cambrils.<\/p>\n\n\n\n<p>DIVENDRES 20<\/p>\n\n\n\n<p>&nbsp;&nbsp;&nbsp;&nbsp;&nbsp;&nbsp; -A partir de les 9 h.: LI Concurs de Tir i Arrosegament de Pego al camp del cam\u00ed de Sant Antoni.<\/p>\n\n\n\n<p>-A les 20 h.: Actuacions de l\u2019escola de ball d\u2019An\u00e0lia al passeig Cervantes.<\/p>\n\n\n\n<p>DISSABTE 21<\/p>\n\n\n\n<p>&nbsp;&nbsp;&nbsp;&nbsp;&nbsp;&nbsp; -A partir de les 9 h.: LI Concurs de Tir i Arrosegament de Pego al camp del cam\u00ed de Sant Antoni.<\/p>\n\n\n\n<p>-De 18 a 20 h.: Gimcana Jove per a majors de 16 anys al Pl\u00e0 de la Font.<\/p>\n\n\n\n<p>-De 20.30 h. a 05 h.: Tardeo al Poliesportiu Municipal amb l\u2019orquestra La Besta.<\/p>\n\n\n\n<p>-A les 20 h.: Paelles de la Societat de Ca\u00e7adors al carrer Calvari Vell.<\/p>\n\n\n\n<p>-A les 22 h.: Nit del Major amb Sopar i ball amb l\u2019actuaci\u00f3 de Serrucho al passeig Cervantes.<\/p>\n","protected":false},"excerpt":{"rendered":"Desenes de fam\u00edlies gaudeixen de tallers i jocs d\u2019habilitat que la Regidoria ha disposat com a una de&hellip;","protected":false},"author":4,"featured_media":66754,"comment_status":"closed","ping_status":"closed","sticky":false,"template":"","format":"standard","meta":{"csco_display_header_overlay":false,"csco_singular_sidebar":"","csco_page_header_type":"","csco_page_load_nextpost":"","csco_post_video_location":[],"csco_post_video_location_hash":"","csco_post_video_url":"","csco_post_video_bg_start_time":0,"csco_post_video_bg_end_time":0,"footnotes":""},"categories":[587],"tags":[1223,2876,2877],"class_list":{"0":"post-66753","1":"post","2":"type-post","3":"status-publish","4":"format-standard","5":"has-post-thumbnail","7":"category-festes","8":"tag-festes","9":"tag-inici","10":"tag-tallers-medievals","11":"cs-entry","12":"cs-video-wrap"},"yoast_head":"<!-- This site is optimized with the Yoast SEO Premium plugin v26.6 (Yoast SEO v27.3) - https:\/\/yoast.com\/product\/yoast-seo-premium-wordpress\/ -->\n<title>Pre\u00e0mbul medieval a les festes de Pego - Canfali<\/title>\n<meta name=\"robots\" content=\"index, follow, max-snippet:-1, max-image-preview:large, max-video-preview:-1\" \/>\n<link rel=\"canonical\" href=\"https:\/\/canfali.com\/ca-es\/preambul-medieval-a-les-festes-de-pego\/\" \/>\n<meta property=\"og:locale\" content=\"en_US\" \/>\n<meta property=\"og:type\" content=\"article\" \/>\n<meta property=\"og:title\" content=\"Pre\u00e0mbul medieval a les festes de Pego\" \/>\n<meta property=\"og:description\" content=\"Desenes de fam\u00edlies gaudeixen de tallers i jocs d\u2019habilitat que la Regidoria ha disposat com a una de&hellip;\" \/>\n<meta property=\"og:url\" content=\"https:\/\/canfali.com\/ca-es\/preambul-medieval-a-les-festes-de-pego\/\" \/>\n<meta property=\"og:site_name\" content=\"Canfali\" \/>\n<meta property=\"article:publisher\" content=\"https:\/\/es-es.facebook.com\/CANFALIMarinaAlta\" \/>\n<meta property=\"article:published_time\" content=\"2025-06-16T10:33:28+00:00\" \/>\n<meta property=\"article:modified_time\" content=\"2025-06-16T10:33:30+00:00\" \/>\n<meta property=\"og:image\" content=\"https:\/\/canfali.com\/app\/uploads\/2025\/06\/festespego-digi1.jpg\" \/>\n\t<meta property=\"og:image:width\" content=\"2256\" \/>\n\t<meta property=\"og:image:height\" content=\"1496\" \/>\n\t<meta property=\"og:image:type\" content=\"image\/jpeg\" \/>\n<meta name=\"author\" content=\"JJ Mas\" \/>\n<meta name=\"twitter:card\" content=\"summary_large_image\" \/>\n<meta name=\"twitter:creator\" content=\"@canfalima\" \/>\n<meta name=\"twitter:site\" content=\"@canfalima\" \/>\n<meta name=\"twitter:label1\" content=\"Written by\" \/>\n\t<meta name=\"twitter:data1\" content=\"JJ Mas\" \/>\n\t<meta name=\"twitter:label2\" content=\"Est. reading time\" \/>\n\t<meta name=\"twitter:data2\" content=\"2 minutes\" \/>\n<script type=\"application\/ld+json\" class=\"yoast-schema-graph\">{\"@context\":\"https:\\\/\\\/schema.org\",\"@graph\":[{\"@type\":\"NewsArticle\",\"@id\":\"https:\\\/\\\/canfali.com\\\/ca-es\\\/preambul-medieval-a-les-festes-de-pego\\\/#article\",\"isPartOf\":{\"@id\":\"https:\\\/\\\/canfali.com\\\/ca-es\\\/preambul-medieval-a-les-festes-de-pego\\\/\"},\"author\":{\"name\":\"JJ Mas\",\"@id\":\"https:\\\/\\\/canfali.com\\\/ca-es\\\/#\\\/schema\\\/person\\\/d834d2d4df17cac754d3c314d4c404ef\"},\"headline\":\"Pre\u00e0mbul medieval a les festes de Pego\",\"datePublished\":\"2025-06-16T10:33:28+00:00\",\"dateModified\":\"2025-06-16T10:33:30+00:00\",\"mainEntityOfPage\":{\"@id\":\"https:\\\/\\\/canfali.com\\\/ca-es\\\/preambul-medieval-a-les-festes-de-pego\\\/\"},\"wordCount\":482,\"publisher\":{\"@id\":\"https:\\\/\\\/canfali.com\\\/ca-es\\\/#organization\"},\"image\":{\"@id\":\"https:\\\/\\\/canfali.com\\\/ca-es\\\/preambul-medieval-a-les-festes-de-pego\\\/#primaryimage\"},\"thumbnailUrl\":\"https:\\\/\\\/canfali.com\\\/app\\\/uploads\\\/2025\\\/06\\\/festespego-digi1.jpg\",\"keywords\":[\"festes\",\"Inici\",\"tallers medievals\"],\"articleSection\":[\"Festes\"],\"inLanguage\":\"va-ES\",\"copyrightYear\":\"2025\",\"copyrightHolder\":{\"@id\":\"https:\\\/\\\/canfali.com\\\/#organization\"}},{\"@type\":\"WebPage\",\"@id\":\"https:\\\/\\\/canfali.com\\\/ca-es\\\/preambul-medieval-a-les-festes-de-pego\\\/\",\"url\":\"https:\\\/\\\/canfali.com\\\/ca-es\\\/preambul-medieval-a-les-festes-de-pego\\\/\",\"name\":\"Pre\u00e0mbul medieval a les festes de Pego - Canfali\",\"isPartOf\":{\"@id\":\"https:\\\/\\\/canfali.com\\\/ca-es\\\/#website\"},\"primaryImageOfPage\":{\"@id\":\"https:\\\/\\\/canfali.com\\\/ca-es\\\/preambul-medieval-a-les-festes-de-pego\\\/#primaryimage\"},\"image\":{\"@id\":\"https:\\\/\\\/canfali.com\\\/ca-es\\\/preambul-medieval-a-les-festes-de-pego\\\/#primaryimage\"},\"thumbnailUrl\":\"https:\\\/\\\/canfali.com\\\/app\\\/uploads\\\/2025\\\/06\\\/festespego-digi1.jpg\",\"datePublished\":\"2025-06-16T10:33:28+00:00\",\"dateModified\":\"2025-06-16T10:33:30+00:00\",\"breadcrumb\":{\"@id\":\"https:\\\/\\\/canfali.com\\\/ca-es\\\/preambul-medieval-a-les-festes-de-pego\\\/#breadcrumb\"},\"inLanguage\":\"va-ES\",\"potentialAction\":[{\"@type\":\"ReadAction\",\"target\":[\"https:\\\/\\\/canfali.com\\\/ca-es\\\/preambul-medieval-a-les-festes-de-pego\\\/\"]}]},{\"@type\":\"ImageObject\",\"inLanguage\":\"va-ES\",\"@id\":\"https:\\\/\\\/canfali.com\\\/ca-es\\\/preambul-medieval-a-les-festes-de-pego\\\/#primaryimage\",\"url\":\"https:\\\/\\\/canfali.com\\\/app\\\/uploads\\\/2025\\\/06\\\/festespego-digi1.jpg\",\"contentUrl\":\"https:\\\/\\\/canfali.com\\\/app\\\/uploads\\\/2025\\\/06\\\/festespego-digi1.jpg\",\"width\":2256,\"height\":1496},{\"@type\":\"BreadcrumbList\",\"@id\":\"https:\\\/\\\/canfali.com\\\/ca-es\\\/preambul-medieval-a-les-festes-de-pego\\\/#breadcrumb\",\"itemListElement\":[{\"@type\":\"ListItem\",\"position\":1,\"name\":\"Portada\",\"item\":\"https:\\\/\\\/canfali.com\\\/ca-es\\\/\"},{\"@type\":\"ListItem\",\"position\":2,\"name\":\"Pre\u00e0mbul medieval a les festes de Pego\"}]},{\"@type\":\"WebSite\",\"@id\":\"https:\\\/\\\/canfali.com\\\/ca-es\\\/#website\",\"url\":\"https:\\\/\\\/canfali.com\\\/ca-es\\\/\",\"name\":\"Canfali\",\"description\":\"\",\"publisher\":{\"@id\":\"https:\\\/\\\/canfali.com\\\/ca-es\\\/#organization\"},\"potentialAction\":[{\"@type\":\"SearchAction\",\"target\":{\"@type\":\"EntryPoint\",\"urlTemplate\":\"https:\\\/\\\/canfali.com\\\/ca-es\\\/?s={search_term_string}\"},\"query-input\":{\"@type\":\"PropertyValueSpecification\",\"valueRequired\":true,\"valueName\":\"search_term_string\"}}],\"inLanguage\":\"va-ES\"},{\"@type\":\"Organization\",\"@id\":\"https:\\\/\\\/canfali.com\\\/ca-es\\\/#organization\",\"name\":\"Canfali\",\"url\":\"https:\\\/\\\/canfali.com\\\/ca-es\\\/\",\"logo\":{\"@type\":\"ImageObject\",\"inLanguage\":\"va-ES\",\"@id\":\"https:\\\/\\\/canfali.com\\\/ca-es\\\/#\\\/schema\\\/logo\\\/image\\\/\",\"url\":\"https:\\\/\\\/canfali.com\\\/app\\\/uploads\\\/2025\\\/12\\\/canfali_marina_alta_logo.png\",\"contentUrl\":\"https:\\\/\\\/canfali.com\\\/app\\\/uploads\\\/2025\\\/12\\\/canfali_marina_alta_logo.png\",\"width\":225,\"height\":225,\"caption\":\"Canfali\"},\"image\":{\"@id\":\"https:\\\/\\\/canfali.com\\\/ca-es\\\/#\\\/schema\\\/logo\\\/image\\\/\"},\"sameAs\":[\"https:\\\/\\\/es-es.facebook.com\\\/CANFALIMarinaAlta\",\"https:\\\/\\\/x.com\\\/canfalima\",\"https:\\\/\\\/www.instagram.com\\\/canfalimarinaalta\\\/\"]},{\"@type\":\"Person\",\"@id\":\"https:\\\/\\\/canfali.com\\\/ca-es\\\/#\\\/schema\\\/person\\\/d834d2d4df17cac754d3c314d4c404ef\",\"name\":\"JJ Mas\",\"image\":{\"@type\":\"ImageObject\",\"inLanguage\":\"va-ES\",\"@id\":\"https:\\\/\\\/secure.gravatar.com\\\/avatar\\\/65a5191f5438bf88c2394f6d1a625a6ff903c8785268e603c623a83bc15ba1ee?s=96&d=mm&r=g\",\"url\":\"https:\\\/\\\/secure.gravatar.com\\\/avatar\\\/65a5191f5438bf88c2394f6d1a625a6ff903c8785268e603c623a83bc15ba1ee?s=96&d=mm&r=g\",\"contentUrl\":\"https:\\\/\\\/secure.gravatar.com\\\/avatar\\\/65a5191f5438bf88c2394f6d1a625a6ff903c8785268e603c623a83bc15ba1ee?s=96&d=mm&r=g\",\"caption\":\"JJ Mas\"},\"url\":\"https:\\\/\\\/canfali.com\\\/ca-es\\\/author\\\/jj\\\/\"}]}<\/script>\n<!-- \/ Yoast SEO Premium plugin. -->","yoast_head_json":{"title":"Pre\u00e0mbul medieval a les festes de Pego - Canfali","robots":{"index":"index","follow":"follow","max-snippet":"max-snippet:-1","max-image-preview":"max-image-preview:large","max-video-preview":"max-video-preview:-1"},"canonical":"https:\/\/canfali.com\/ca-es\/preambul-medieval-a-les-festes-de-pego\/","og_locale":"en_US","og_type":"article","og_title":"Pre\u00e0mbul medieval a les festes de Pego","og_description":"Desenes de fam\u00edlies gaudeixen de tallers i jocs d\u2019habilitat que la Regidoria ha disposat com a una de&hellip;","og_url":"https:\/\/canfali.com\/ca-es\/preambul-medieval-a-les-festes-de-pego\/","og_site_name":"Canfali","article_publisher":"https:\/\/es-es.facebook.com\/CANFALIMarinaAlta","article_published_time":"2025-06-16T10:33:28+00:00","article_modified_time":"2025-06-16T10:33:30+00:00","og_image":[{"width":2256,"height":1496,"url":"https:\/\/canfali.com\/app\/uploads\/2025\/06\/festespego-digi1.jpg","type":"image\/jpeg"}],"author":"JJ Mas","twitter_card":"summary_large_image","twitter_creator":"@canfalima","twitter_site":"@canfalima","twitter_misc":{"Written by":"JJ Mas","Est. reading time":"2 minutes"},"schema":{"@context":"https:\/\/schema.org","@graph":[{"@type":"NewsArticle","@id":"https:\/\/canfali.com\/ca-es\/preambul-medieval-a-les-festes-de-pego\/#article","isPartOf":{"@id":"https:\/\/canfali.com\/ca-es\/preambul-medieval-a-les-festes-de-pego\/"},"author":{"name":"JJ Mas","@id":"https:\/\/canfali.com\/ca-es\/#\/schema\/person\/d834d2d4df17cac754d3c314d4c404ef"},"headline":"Pre\u00e0mbul medieval a les festes de Pego","datePublished":"2025-06-16T10:33:28+00:00","dateModified":"2025-06-16T10:33:30+00:00","mainEntityOfPage":{"@id":"https:\/\/canfali.com\/ca-es\/preambul-medieval-a-les-festes-de-pego\/"},"wordCount":482,"publisher":{"@id":"https:\/\/canfali.com\/ca-es\/#organization"},"image":{"@id":"https:\/\/canfali.com\/ca-es\/preambul-medieval-a-les-festes-de-pego\/#primaryimage"},"thumbnailUrl":"https:\/\/canfali.com\/app\/uploads\/2025\/06\/festespego-digi1.jpg","keywords":["festes","Inici","tallers medievals"],"articleSection":["Festes"],"inLanguage":"va-ES","copyrightYear":"2025","copyrightHolder":{"@id":"https:\/\/canfali.com\/#organization"}},{"@type":"WebPage","@id":"https:\/\/canfali.com\/ca-es\/preambul-medieval-a-les-festes-de-pego\/","url":"https:\/\/canfali.com\/ca-es\/preambul-medieval-a-les-festes-de-pego\/","name":"Pre\u00e0mbul medieval a les festes de Pego - Canfali","isPartOf":{"@id":"https:\/\/canfali.com\/ca-es\/#website"},"primaryImageOfPage":{"@id":"https:\/\/canfali.com\/ca-es\/preambul-medieval-a-les-festes-de-pego\/#primaryimage"},"image":{"@id":"https:\/\/canfali.com\/ca-es\/preambul-medieval-a-les-festes-de-pego\/#primaryimage"},"thumbnailUrl":"https:\/\/canfali.com\/app\/uploads\/2025\/06\/festespego-digi1.jpg","datePublished":"2025-06-16T10:33:28+00:00","dateModified":"2025-06-16T10:33:30+00:00","breadcrumb":{"@id":"https:\/\/canfali.com\/ca-es\/preambul-medieval-a-les-festes-de-pego\/#breadcrumb"},"inLanguage":"va-ES","potentialAction":[{"@type":"ReadAction","target":["https:\/\/canfali.com\/ca-es\/preambul-medieval-a-les-festes-de-pego\/"]}]},{"@type":"ImageObject","inLanguage":"va-ES","@id":"https:\/\/canfali.com\/ca-es\/preambul-medieval-a-les-festes-de-pego\/#primaryimage","url":"https:\/\/canfali.com\/app\/uploads\/2025\/06\/festespego-digi1.jpg","contentUrl":"https:\/\/canfali.com\/app\/uploads\/2025\/06\/festespego-digi1.jpg","width":2256,"height":1496},{"@type":"BreadcrumbList","@id":"https:\/\/canfali.com\/ca-es\/preambul-medieval-a-les-festes-de-pego\/#breadcrumb","itemListElement":[{"@type":"ListItem","position":1,"name":"Portada","item":"https:\/\/canfali.com\/ca-es\/"},{"@type":"ListItem","position":2,"name":"Pre\u00e0mbul medieval a les festes de Pego"}]},{"@type":"WebSite","@id":"https:\/\/canfali.com\/ca-es\/#website","url":"https:\/\/canfali.com\/ca-es\/","name":"Canfali","description":"","publisher":{"@id":"https:\/\/canfali.com\/ca-es\/#organization"},"potentialAction":[{"@type":"SearchAction","target":{"@type":"EntryPoint","urlTemplate":"https:\/\/canfali.com\/ca-es\/?s={search_term_string}"},"query-input":{"@type":"PropertyValueSpecification","valueRequired":true,"valueName":"search_term_string"}}],"inLanguage":"va-ES"},{"@type":"Organization","@id":"https:\/\/canfali.com\/ca-es\/#organization","name":"Canfali","url":"https:\/\/canfali.com\/ca-es\/","logo":{"@type":"ImageObject","inLanguage":"va-ES","@id":"https:\/\/canfali.com\/ca-es\/#\/schema\/logo\/image\/","url":"https:\/\/canfali.com\/app\/uploads\/2025\/12\/canfali_marina_alta_logo.png","contentUrl":"https:\/\/canfali.com\/app\/uploads\/2025\/12\/canfali_marina_alta_logo.png","width":225,"height":225,"caption":"Canfali"},"image":{"@id":"https:\/\/canfali.com\/ca-es\/#\/schema\/logo\/image\/"},"sameAs":["https:\/\/es-es.facebook.com\/CANFALIMarinaAlta","https:\/\/x.com\/canfalima","https:\/\/www.instagram.com\/canfalimarinaalta\/"]},{"@type":"Person","@id":"https:\/\/canfali.com\/ca-es\/#\/schema\/person\/d834d2d4df17cac754d3c314d4c404ef","name":"JJ Mas","image":{"@type":"ImageObject","inLanguage":"va-ES","@id":"https:\/\/secure.gravatar.com\/avatar\/65a5191f5438bf88c2394f6d1a625a6ff903c8785268e603c623a83bc15ba1ee?s=96&d=mm&r=g","url":"https:\/\/secure.gravatar.com\/avatar\/65a5191f5438bf88c2394f6d1a625a6ff903c8785268e603c623a83bc15ba1ee?s=96&d=mm&r=g","contentUrl":"https:\/\/secure.gravatar.com\/avatar\/65a5191f5438bf88c2394f6d1a625a6ff903c8785268e603c623a83bc15ba1ee?s=96&d=mm&r=g","caption":"JJ Mas"},"url":"https:\/\/canfali.com\/ca-es\/author\/jj\/"}]}},"_links":{"self":[{"href":"https:\/\/canfali.com\/ca-es\/wp-json\/wp\/v2\/posts\/66753","targetHints":{"allow":["GET"]}}],"collection":[{"href":"https:\/\/canfali.com\/ca-es\/wp-json\/wp\/v2\/posts"}],"about":[{"href":"https:\/\/canfali.com\/ca-es\/wp-json\/wp\/v2\/types\/post"}],"author":[{"embeddable":true,"href":"https:\/\/canfali.com\/ca-es\/wp-json\/wp\/v2\/users\/4"}],"replies":[{"embeddable":true,"href":"https:\/\/canfali.com\/ca-es\/wp-json\/wp\/v2\/comments?post=66753"}],"version-history":[{"count":1,"href":"https:\/\/canfali.com\/ca-es\/wp-json\/wp\/v2\/posts\/66753\/revisions"}],"predecessor-version":[{"id":66762,"href":"https:\/\/canfali.com\/ca-es\/wp-json\/wp\/v2\/posts\/66753\/revisions\/66762"}],"wp:featuredmedia":[{"embeddable":true,"href":"https:\/\/canfali.com\/ca-es\/wp-json\/wp\/v2\/media\/66754"}],"wp:attachment":[{"href":"https:\/\/canfali.com\/ca-es\/wp-json\/wp\/v2\/media?parent=66753"}],"wp:term":[{"taxonomy":"category","embeddable":true,"href":"https:\/\/canfali.com\/ca-es\/wp-json\/wp\/v2\/categories?post=66753"},{"taxonomy":"post_tag","embeddable":true,"href":"https:\/\/canfali.com\/ca-es\/wp-json\/wp\/v2\/tags?post=66753"}],"curies":[{"name":"wp","href":"https:\/\/api.w.org\/{rel}","templated":true}]}}