{"id":66120,"date":"2025-06-11T20:17:22","date_gmt":"2025-06-11T18:17:22","guid":{"rendered":"https:\/\/canfali.com\/?p=66120"},"modified":"2025-06-11T20:19:17","modified_gmt":"2025-06-11T18:19:17","slug":"tres-representacions-com-a-cloenda-del-curs-de-teatre-a-ondara","status":"publish","type":"post","link":"https:\/\/canfali.com\/ca-es\/tres-representacions-com-a-cloenda-del-curs-de-teatre-a-ondara\/","title":{"rendered":"Tres representacions com a cloenda del curs de teatre a Ondara"},"content":{"rendered":"\n<p>Una representaci\u00f3 esc\u00e8nica de car\u00e0cter familiar, una altra juvenil i una per a adults oferir\u00e0 l\u2019Escola Municipal de Teatre d\u2019Ondara a l\u2019Auditori Valeri\u00e0 Gil com a cloenda del curs 2024-2025 que ha estat dirigit per Rosa Catal\u00e1n.<\/p>\n\n\n\n<figure class=\"wp-block-image size-large\"><img fetchpriority=\"high\" decoding=\"async\" width=\"642\" height=\"1024\" src=\"https:\/\/canfali.com\/app\/uploads\/2025\/06\/ETM-MUSICS-DE-BREMEN-1-642x1024.png\" alt=\"\" class=\"wp-image-66123\" srcset=\"https:\/\/canfali.com\/app\/uploads\/2025\/06\/ETM-MUSICS-DE-BREMEN-1-642x1024.png 642w, https:\/\/canfali.com\/app\/uploads\/2025\/06\/ETM-MUSICS-DE-BREMEN-1-188x300.png 188w, https:\/\/canfali.com\/app\/uploads\/2025\/06\/ETM-MUSICS-DE-BREMEN-1-768x1226.png 768w, https:\/\/canfali.com\/app\/uploads\/2025\/06\/ETM-MUSICS-DE-BREMEN-1.png 846w\" sizes=\"(max-width: 642px) 100vw, 642px\" \/><\/figure>\n\n\n\n<p>&nbsp;&nbsp;&nbsp;&nbsp;&nbsp;&nbsp; La primera tindr\u00e0 lloc el diumenge 22 en format de doble sessi\u00f3 on, a partir de les 12 hores el grup infantil representar\u00e0 \u2018adaptaci\u00f3 teatral del popular conte <em>Els m\u00fasics de Bremen<\/em> dels germans Grimm, i a les 17 el grup infantil posar\u00e0 en escena la proposta titulada <em>L\u2019univers<\/em> que permetr\u00e0 descobrir secrets inesperats sobre el funcionament de la gal\u00e0xia amb l\u2019ajuda de caragols i bolets m\u00e0gics.<\/p>\n\n\n\n<figure class=\"wp-block-image size-large\"><img decoding=\"async\" width=\"642\" height=\"1024\" src=\"https:\/\/canfali.com\/app\/uploads\/2025\/06\/ETM-LUNIVERS-1-642x1024.png\" alt=\"\" class=\"wp-image-66125\" srcset=\"https:\/\/canfali.com\/app\/uploads\/2025\/06\/ETM-LUNIVERS-1-642x1024.png 642w, https:\/\/canfali.com\/app\/uploads\/2025\/06\/ETM-LUNIVERS-1-188x300.png 188w, https:\/\/canfali.com\/app\/uploads\/2025\/06\/ETM-LUNIVERS-1-768x1226.png 768w, https:\/\/canfali.com\/app\/uploads\/2025\/06\/ETM-LUNIVERS-1.png 846w\" sizes=\"(max-width: 642px) 100vw, 642px\" \/><\/figure>\n\n\n\n<p>&nbsp;&nbsp;&nbsp;&nbsp;&nbsp;&nbsp; Finalment, el grup adult oferir\u00e0 el dissabte 5 de juliol, a partir de les 20 hores, una versi\u00f3 intensa i emocionant de <em>La Casa de Bernarda Alba<\/em> de Federico Garc\u00eda Lorca, que explora el paper de la dona, la repressi\u00f3 i la llibertat.<\/p>\n","protected":false},"excerpt":{"rendered":"L\u2019Escola Municipal protagonitzar\u00e0 tres representacions a l&#8217;Auditori Valeri\u00e0 Gil","protected":false},"author":4,"featured_media":66121,"comment_status":"closed","ping_status":"closed","sticky":false,"template":"","format":"standard","meta":{"csco_display_header_overlay":false,"csco_singular_sidebar":"","csco_page_header_type":"","csco_page_load_nextpost":"","csco_post_video_location":[],"csco_post_video_location_hash":"","csco_post_video_url":"","csco_post_video_bg_start_time":0,"csco_post_video_bg_end_time":0,"footnotes":""},"categories":[579],"tags":[2815,2814,661,2816],"class_list":{"0":"post-66120","1":"post","2":"type-post","3":"status-publish","4":"format-standard","5":"has-post-thumbnail","7":"category-cultura-2","8":"tag-cloenda","9":"tag-escola-teatre","10":"tag-ondara-2","11":"tag-temporada","12":"cs-entry","13":"cs-video-wrap"},"yoast_head":"<!-- This site is optimized with the Yoast SEO Premium plugin v26.6 (Yoast SEO v27.3) - https:\/\/yoast.com\/product\/yoast-seo-premium-wordpress\/ -->\n<title>Tres representacions com a cloenda del curs de teatre a Ondara - Canfali<\/title>\n<meta name=\"robots\" content=\"index, follow, max-snippet:-1, max-image-preview:large, max-video-preview:-1\" \/>\n<link rel=\"canonical\" href=\"https:\/\/canfali.com\/ca-es\/tres-representacions-com-a-cloenda-del-curs-de-teatre-a-ondara\/\" \/>\n<meta property=\"og:locale\" content=\"en_US\" \/>\n<meta property=\"og:type\" content=\"article\" \/>\n<meta property=\"og:title\" content=\"Tres representacions com a cloenda del curs de teatre a Ondara\" \/>\n<meta property=\"og:description\" content=\"L\u2019Escola Municipal protagonitzar\u00e0 tres representacions a l&#039;Auditori Valeri\u00e0 Gil\" \/>\n<meta property=\"og:url\" content=\"https:\/\/canfali.com\/ca-es\/tres-representacions-com-a-cloenda-del-curs-de-teatre-a-ondara\/\" \/>\n<meta property=\"og:site_name\" content=\"Canfali\" \/>\n<meta property=\"article:publisher\" content=\"https:\/\/es-es.facebook.com\/CANFALIMarinaAlta\" \/>\n<meta property=\"article:published_time\" content=\"2025-06-11T18:17:22+00:00\" \/>\n<meta property=\"article:modified_time\" content=\"2025-06-11T18:19:17+00:00\" \/>\n<meta property=\"og:image\" content=\"https:\/\/canfali.com\/app\/uploads\/2025\/06\/ETM-CASA-BERNARDA-ALBA-1.png\" \/>\n\t<meta property=\"og:image:width\" content=\"1200\" \/>\n\t<meta property=\"og:image:height\" content=\"848\" \/>\n\t<meta property=\"og:image:type\" content=\"image\/png\" \/>\n<meta name=\"author\" content=\"JJ Mas\" \/>\n<meta name=\"twitter:card\" content=\"summary_large_image\" \/>\n<meta name=\"twitter:creator\" content=\"@canfalima\" \/>\n<meta name=\"twitter:site\" content=\"@canfalima\" \/>\n<meta name=\"twitter:label1\" content=\"Written by\" \/>\n\t<meta name=\"twitter:data1\" content=\"JJ Mas\" \/>\n\t<meta name=\"twitter:label2\" content=\"Est. reading time\" \/>\n\t<meta name=\"twitter:data2\" content=\"1 minute\" \/>\n<script type=\"application\/ld+json\" class=\"yoast-schema-graph\">{\"@context\":\"https:\\\/\\\/schema.org\",\"@graph\":[{\"@type\":\"NewsArticle\",\"@id\":\"https:\\\/\\\/canfali.com\\\/ca-es\\\/tres-representacions-com-a-cloenda-del-curs-de-teatre-a-ondara\\\/#article\",\"isPartOf\":{\"@id\":\"https:\\\/\\\/canfali.com\\\/ca-es\\\/tres-representacions-com-a-cloenda-del-curs-de-teatre-a-ondara\\\/\"},\"author\":{\"name\":\"JJ Mas\",\"@id\":\"https:\\\/\\\/canfali.com\\\/ca-es\\\/#\\\/schema\\\/person\\\/d834d2d4df17cac754d3c314d4c404ef\"},\"headline\":\"Tres representacions com a cloenda del curs de teatre a Ondara\",\"datePublished\":\"2025-06-11T18:17:22+00:00\",\"dateModified\":\"2025-06-11T18:19:17+00:00\",\"mainEntityOfPage\":{\"@id\":\"https:\\\/\\\/canfali.com\\\/ca-es\\\/tres-representacions-com-a-cloenda-del-curs-de-teatre-a-ondara\\\/\"},\"wordCount\":177,\"publisher\":{\"@id\":\"https:\\\/\\\/canfali.com\\\/ca-es\\\/#organization\"},\"image\":{\"@id\":\"https:\\\/\\\/canfali.com\\\/ca-es\\\/tres-representacions-com-a-cloenda-del-curs-de-teatre-a-ondara\\\/#primaryimage\"},\"thumbnailUrl\":\"https:\\\/\\\/canfali.com\\\/app\\\/uploads\\\/2025\\\/06\\\/ETM-CASA-BERNARDA-ALBA-1.png\",\"keywords\":[\"Cloenda\",\"Escola teatre\",\"Ondara\",\"temporada\"],\"articleSection\":[\"Cultura\"],\"inLanguage\":\"va-ES\",\"copyrightYear\":\"2025\",\"copyrightHolder\":{\"@id\":\"https:\\\/\\\/canfali.com\\\/#organization\"}},{\"@type\":\"WebPage\",\"@id\":\"https:\\\/\\\/canfali.com\\\/ca-es\\\/tres-representacions-com-a-cloenda-del-curs-de-teatre-a-ondara\\\/\",\"url\":\"https:\\\/\\\/canfali.com\\\/ca-es\\\/tres-representacions-com-a-cloenda-del-curs-de-teatre-a-ondara\\\/\",\"name\":\"Tres representacions com a cloenda del curs de teatre a Ondara - Canfali\",\"isPartOf\":{\"@id\":\"https:\\\/\\\/canfali.com\\\/ca-es\\\/#website\"},\"primaryImageOfPage\":{\"@id\":\"https:\\\/\\\/canfali.com\\\/ca-es\\\/tres-representacions-com-a-cloenda-del-curs-de-teatre-a-ondara\\\/#primaryimage\"},\"image\":{\"@id\":\"https:\\\/\\\/canfali.com\\\/ca-es\\\/tres-representacions-com-a-cloenda-del-curs-de-teatre-a-ondara\\\/#primaryimage\"},\"thumbnailUrl\":\"https:\\\/\\\/canfali.com\\\/app\\\/uploads\\\/2025\\\/06\\\/ETM-CASA-BERNARDA-ALBA-1.png\",\"datePublished\":\"2025-06-11T18:17:22+00:00\",\"dateModified\":\"2025-06-11T18:19:17+00:00\",\"breadcrumb\":{\"@id\":\"https:\\\/\\\/canfali.com\\\/ca-es\\\/tres-representacions-com-a-cloenda-del-curs-de-teatre-a-ondara\\\/#breadcrumb\"},\"inLanguage\":\"va-ES\",\"potentialAction\":[{\"@type\":\"ReadAction\",\"target\":[\"https:\\\/\\\/canfali.com\\\/ca-es\\\/tres-representacions-com-a-cloenda-del-curs-de-teatre-a-ondara\\\/\"]}]},{\"@type\":\"ImageObject\",\"inLanguage\":\"va-ES\",\"@id\":\"https:\\\/\\\/canfali.com\\\/ca-es\\\/tres-representacions-com-a-cloenda-del-curs-de-teatre-a-ondara\\\/#primaryimage\",\"url\":\"https:\\\/\\\/canfali.com\\\/app\\\/uploads\\\/2025\\\/06\\\/ETM-CASA-BERNARDA-ALBA-1.png\",\"contentUrl\":\"https:\\\/\\\/canfali.com\\\/app\\\/uploads\\\/2025\\\/06\\\/ETM-CASA-BERNARDA-ALBA-1.png\",\"width\":1200,\"height\":848},{\"@type\":\"BreadcrumbList\",\"@id\":\"https:\\\/\\\/canfali.com\\\/ca-es\\\/tres-representacions-com-a-cloenda-del-curs-de-teatre-a-ondara\\\/#breadcrumb\",\"itemListElement\":[{\"@type\":\"ListItem\",\"position\":1,\"name\":\"Portada\",\"item\":\"https:\\\/\\\/canfali.com\\\/ca-es\\\/\"},{\"@type\":\"ListItem\",\"position\":2,\"name\":\"Tres representacions com a cloenda del curs de teatre a Ondara\"}]},{\"@type\":\"WebSite\",\"@id\":\"https:\\\/\\\/canfali.com\\\/ca-es\\\/#website\",\"url\":\"https:\\\/\\\/canfali.com\\\/ca-es\\\/\",\"name\":\"Canfali\",\"description\":\"\",\"publisher\":{\"@id\":\"https:\\\/\\\/canfali.com\\\/ca-es\\\/#organization\"},\"potentialAction\":[{\"@type\":\"SearchAction\",\"target\":{\"@type\":\"EntryPoint\",\"urlTemplate\":\"https:\\\/\\\/canfali.com\\\/ca-es\\\/?s={search_term_string}\"},\"query-input\":{\"@type\":\"PropertyValueSpecification\",\"valueRequired\":true,\"valueName\":\"search_term_string\"}}],\"inLanguage\":\"va-ES\"},{\"@type\":\"Organization\",\"@id\":\"https:\\\/\\\/canfali.com\\\/ca-es\\\/#organization\",\"name\":\"Canfali\",\"url\":\"https:\\\/\\\/canfali.com\\\/ca-es\\\/\",\"logo\":{\"@type\":\"ImageObject\",\"inLanguage\":\"va-ES\",\"@id\":\"https:\\\/\\\/canfali.com\\\/ca-es\\\/#\\\/schema\\\/logo\\\/image\\\/\",\"url\":\"https:\\\/\\\/canfali.com\\\/app\\\/uploads\\\/2025\\\/12\\\/canfali_marina_alta_logo.png\",\"contentUrl\":\"https:\\\/\\\/canfali.com\\\/app\\\/uploads\\\/2025\\\/12\\\/canfali_marina_alta_logo.png\",\"width\":225,\"height\":225,\"caption\":\"Canfali\"},\"image\":{\"@id\":\"https:\\\/\\\/canfali.com\\\/ca-es\\\/#\\\/schema\\\/logo\\\/image\\\/\"},\"sameAs\":[\"https:\\\/\\\/es-es.facebook.com\\\/CANFALIMarinaAlta\",\"https:\\\/\\\/x.com\\\/canfalima\",\"https:\\\/\\\/www.instagram.com\\\/canfalimarinaalta\\\/\"]},{\"@type\":\"Person\",\"@id\":\"https:\\\/\\\/canfali.com\\\/ca-es\\\/#\\\/schema\\\/person\\\/d834d2d4df17cac754d3c314d4c404ef\",\"name\":\"JJ Mas\",\"image\":{\"@type\":\"ImageObject\",\"inLanguage\":\"va-ES\",\"@id\":\"https:\\\/\\\/secure.gravatar.com\\\/avatar\\\/65a5191f5438bf88c2394f6d1a625a6ff903c8785268e603c623a83bc15ba1ee?s=96&d=mm&r=g\",\"url\":\"https:\\\/\\\/secure.gravatar.com\\\/avatar\\\/65a5191f5438bf88c2394f6d1a625a6ff903c8785268e603c623a83bc15ba1ee?s=96&d=mm&r=g\",\"contentUrl\":\"https:\\\/\\\/secure.gravatar.com\\\/avatar\\\/65a5191f5438bf88c2394f6d1a625a6ff903c8785268e603c623a83bc15ba1ee?s=96&d=mm&r=g\",\"caption\":\"JJ Mas\"},\"url\":\"https:\\\/\\\/canfali.com\\\/ca-es\\\/author\\\/jj\\\/\"}]}<\/script>\n<!-- \/ Yoast SEO Premium plugin. -->","yoast_head_json":{"title":"Tres representacions com a cloenda del curs de teatre a Ondara - Canfali","robots":{"index":"index","follow":"follow","max-snippet":"max-snippet:-1","max-image-preview":"max-image-preview:large","max-video-preview":"max-video-preview:-1"},"canonical":"https:\/\/canfali.com\/ca-es\/tres-representacions-com-a-cloenda-del-curs-de-teatre-a-ondara\/","og_locale":"en_US","og_type":"article","og_title":"Tres representacions com a cloenda del curs de teatre a Ondara","og_description":"L\u2019Escola Municipal protagonitzar\u00e0 tres representacions a l'Auditori Valeri\u00e0 Gil","og_url":"https:\/\/canfali.com\/ca-es\/tres-representacions-com-a-cloenda-del-curs-de-teatre-a-ondara\/","og_site_name":"Canfali","article_publisher":"https:\/\/es-es.facebook.com\/CANFALIMarinaAlta","article_published_time":"2025-06-11T18:17:22+00:00","article_modified_time":"2025-06-11T18:19:17+00:00","og_image":[{"width":1200,"height":848,"url":"https:\/\/canfali.com\/app\/uploads\/2025\/06\/ETM-CASA-BERNARDA-ALBA-1.png","type":"image\/png"}],"author":"JJ Mas","twitter_card":"summary_large_image","twitter_creator":"@canfalima","twitter_site":"@canfalima","twitter_misc":{"Written by":"JJ Mas","Est. reading time":"1 minute"},"schema":{"@context":"https:\/\/schema.org","@graph":[{"@type":"NewsArticle","@id":"https:\/\/canfali.com\/ca-es\/tres-representacions-com-a-cloenda-del-curs-de-teatre-a-ondara\/#article","isPartOf":{"@id":"https:\/\/canfali.com\/ca-es\/tres-representacions-com-a-cloenda-del-curs-de-teatre-a-ondara\/"},"author":{"name":"JJ Mas","@id":"https:\/\/canfali.com\/ca-es\/#\/schema\/person\/d834d2d4df17cac754d3c314d4c404ef"},"headline":"Tres representacions com a cloenda del curs de teatre a Ondara","datePublished":"2025-06-11T18:17:22+00:00","dateModified":"2025-06-11T18:19:17+00:00","mainEntityOfPage":{"@id":"https:\/\/canfali.com\/ca-es\/tres-representacions-com-a-cloenda-del-curs-de-teatre-a-ondara\/"},"wordCount":177,"publisher":{"@id":"https:\/\/canfali.com\/ca-es\/#organization"},"image":{"@id":"https:\/\/canfali.com\/ca-es\/tres-representacions-com-a-cloenda-del-curs-de-teatre-a-ondara\/#primaryimage"},"thumbnailUrl":"https:\/\/canfali.com\/app\/uploads\/2025\/06\/ETM-CASA-BERNARDA-ALBA-1.png","keywords":["Cloenda","Escola teatre","Ondara","temporada"],"articleSection":["Cultura"],"inLanguage":"va-ES","copyrightYear":"2025","copyrightHolder":{"@id":"https:\/\/canfali.com\/#organization"}},{"@type":"WebPage","@id":"https:\/\/canfali.com\/ca-es\/tres-representacions-com-a-cloenda-del-curs-de-teatre-a-ondara\/","url":"https:\/\/canfali.com\/ca-es\/tres-representacions-com-a-cloenda-del-curs-de-teatre-a-ondara\/","name":"Tres representacions com a cloenda del curs de teatre a Ondara - Canfali","isPartOf":{"@id":"https:\/\/canfali.com\/ca-es\/#website"},"primaryImageOfPage":{"@id":"https:\/\/canfali.com\/ca-es\/tres-representacions-com-a-cloenda-del-curs-de-teatre-a-ondara\/#primaryimage"},"image":{"@id":"https:\/\/canfali.com\/ca-es\/tres-representacions-com-a-cloenda-del-curs-de-teatre-a-ondara\/#primaryimage"},"thumbnailUrl":"https:\/\/canfali.com\/app\/uploads\/2025\/06\/ETM-CASA-BERNARDA-ALBA-1.png","datePublished":"2025-06-11T18:17:22+00:00","dateModified":"2025-06-11T18:19:17+00:00","breadcrumb":{"@id":"https:\/\/canfali.com\/ca-es\/tres-representacions-com-a-cloenda-del-curs-de-teatre-a-ondara\/#breadcrumb"},"inLanguage":"va-ES","potentialAction":[{"@type":"ReadAction","target":["https:\/\/canfali.com\/ca-es\/tres-representacions-com-a-cloenda-del-curs-de-teatre-a-ondara\/"]}]},{"@type":"ImageObject","inLanguage":"va-ES","@id":"https:\/\/canfali.com\/ca-es\/tres-representacions-com-a-cloenda-del-curs-de-teatre-a-ondara\/#primaryimage","url":"https:\/\/canfali.com\/app\/uploads\/2025\/06\/ETM-CASA-BERNARDA-ALBA-1.png","contentUrl":"https:\/\/canfali.com\/app\/uploads\/2025\/06\/ETM-CASA-BERNARDA-ALBA-1.png","width":1200,"height":848},{"@type":"BreadcrumbList","@id":"https:\/\/canfali.com\/ca-es\/tres-representacions-com-a-cloenda-del-curs-de-teatre-a-ondara\/#breadcrumb","itemListElement":[{"@type":"ListItem","position":1,"name":"Portada","item":"https:\/\/canfali.com\/ca-es\/"},{"@type":"ListItem","position":2,"name":"Tres representacions com a cloenda del curs de teatre a Ondara"}]},{"@type":"WebSite","@id":"https:\/\/canfali.com\/ca-es\/#website","url":"https:\/\/canfali.com\/ca-es\/","name":"Canfali","description":"","publisher":{"@id":"https:\/\/canfali.com\/ca-es\/#organization"},"potentialAction":[{"@type":"SearchAction","target":{"@type":"EntryPoint","urlTemplate":"https:\/\/canfali.com\/ca-es\/?s={search_term_string}"},"query-input":{"@type":"PropertyValueSpecification","valueRequired":true,"valueName":"search_term_string"}}],"inLanguage":"va-ES"},{"@type":"Organization","@id":"https:\/\/canfali.com\/ca-es\/#organization","name":"Canfali","url":"https:\/\/canfali.com\/ca-es\/","logo":{"@type":"ImageObject","inLanguage":"va-ES","@id":"https:\/\/canfali.com\/ca-es\/#\/schema\/logo\/image\/","url":"https:\/\/canfali.com\/app\/uploads\/2025\/12\/canfali_marina_alta_logo.png","contentUrl":"https:\/\/canfali.com\/app\/uploads\/2025\/12\/canfali_marina_alta_logo.png","width":225,"height":225,"caption":"Canfali"},"image":{"@id":"https:\/\/canfali.com\/ca-es\/#\/schema\/logo\/image\/"},"sameAs":["https:\/\/es-es.facebook.com\/CANFALIMarinaAlta","https:\/\/x.com\/canfalima","https:\/\/www.instagram.com\/canfalimarinaalta\/"]},{"@type":"Person","@id":"https:\/\/canfali.com\/ca-es\/#\/schema\/person\/d834d2d4df17cac754d3c314d4c404ef","name":"JJ Mas","image":{"@type":"ImageObject","inLanguage":"va-ES","@id":"https:\/\/secure.gravatar.com\/avatar\/65a5191f5438bf88c2394f6d1a625a6ff903c8785268e603c623a83bc15ba1ee?s=96&d=mm&r=g","url":"https:\/\/secure.gravatar.com\/avatar\/65a5191f5438bf88c2394f6d1a625a6ff903c8785268e603c623a83bc15ba1ee?s=96&d=mm&r=g","contentUrl":"https:\/\/secure.gravatar.com\/avatar\/65a5191f5438bf88c2394f6d1a625a6ff903c8785268e603c623a83bc15ba1ee?s=96&d=mm&r=g","caption":"JJ Mas"},"url":"https:\/\/canfali.com\/ca-es\/author\/jj\/"}]}},"_links":{"self":[{"href":"https:\/\/canfali.com\/ca-es\/wp-json\/wp\/v2\/posts\/66120","targetHints":{"allow":["GET"]}}],"collection":[{"href":"https:\/\/canfali.com\/ca-es\/wp-json\/wp\/v2\/posts"}],"about":[{"href":"https:\/\/canfali.com\/ca-es\/wp-json\/wp\/v2\/types\/post"}],"author":[{"embeddable":true,"href":"https:\/\/canfali.com\/ca-es\/wp-json\/wp\/v2\/users\/4"}],"replies":[{"embeddable":true,"href":"https:\/\/canfali.com\/ca-es\/wp-json\/wp\/v2\/comments?post=66120"}],"version-history":[{"count":3,"href":"https:\/\/canfali.com\/ca-es\/wp-json\/wp\/v2\/posts\/66120\/revisions"}],"predecessor-version":[{"id":66129,"href":"https:\/\/canfali.com\/ca-es\/wp-json\/wp\/v2\/posts\/66120\/revisions\/66129"}],"wp:featuredmedia":[{"embeddable":true,"href":"https:\/\/canfali.com\/ca-es\/wp-json\/wp\/v2\/media\/66121"}],"wp:attachment":[{"href":"https:\/\/canfali.com\/ca-es\/wp-json\/wp\/v2\/media?parent=66120"}],"wp:term":[{"taxonomy":"category","embeddable":true,"href":"https:\/\/canfali.com\/ca-es\/wp-json\/wp\/v2\/categories?post=66120"},{"taxonomy":"post_tag","embeddable":true,"href":"https:\/\/canfali.com\/ca-es\/wp-json\/wp\/v2\/tags?post=66120"}],"curies":[{"name":"wp","href":"https:\/\/api.w.org\/{rel}","templated":true}]}}