{"id":66062,"date":"2025-06-11T11:17:42","date_gmt":"2025-06-11T09:17:42","guid":{"rendered":"https:\/\/canfali.com\/?p=66062"},"modified":"2025-06-11T11:19:18","modified_gmt":"2025-06-11T09:19:18","slug":"la-xii-gala-de-lesport-de-pego-reconeix-marc-lorca-i-lorena-siscar","status":"publish","type":"post","link":"https:\/\/canfali.com\/ca-es\/la-xii-gala-de-lesport-de-pego-reconeix-marc-lorca-i-lorena-siscar\/","title":{"rendered":"La XII Gala de l\u2019Esport de Pego reconeix Marc Lorca i Lorena Siscar"},"content":{"rendered":"\n<p><strong>La Regidoria destaca les respectives traject\u00f2ries en muay thai i tir i arrossegament<\/strong><\/p>\n\n\n\n<p>Els clubs i escoles esportives de Pego han participat multitudin\u00e0riament en la dotzena edici\u00f3 de la Gala de l\u2019Esport que organitza la Regidoria hom\u00f2nima per a clausurar la temporada.<\/p>\n\n\n\n<p>\u00a0\u00a0\u00a0\u00a0\u00a0\u00a0 L\u2019esdeveniment ha deparat les distincions al m\u00e8rit esportiu al pegol\u00ed campi\u00f3 d\u2019Espanya de Muay Thai, Marc Lorca, i a practicant de tir i arrossegament Lorena Siscar com a exemple d\u2019empoderament femen\u00ed en aquest esport tradicional, els quals han rebut l\u2019acreditaci\u00f3 i el detall de mans de l\u2019alcalde, Enrique Moll, i del regidor d\u2019Esports, Ra\u00fal Tamarit. Aquest \u00faltim s\u2019ha congratulat de donar la benvinguda als nombrosos assistents en el que, segons ell, suposava \u201cuna nit mols especial per a recon\u00e8ixer l\u2019esfor\u00e7, el sacrifici i la passi\u00f3 de totes aquelles persones que dia rere dia fan cr\u00e9ixer l\u2019esport al nostre poble. En eixa din\u00e0mica, ha agra\u00eft al departament d\u2019Esports de l\u2019Ajuntament la seua dedicaci\u00f3 constant i en especial al coordinador Josep Llorca i al monitor \u00d3scar per la seua implicaci\u00f3 i energia amb els joves esportistes.<\/p>\n\n\n\n<figure class=\"wp-block-image size-large\"><img fetchpriority=\"high\" decoding=\"async\" width=\"1024\" height=\"684\" src=\"https:\/\/canfali.com\/app\/uploads\/2025\/06\/galaesportdigi4-1024x684.jpg\" alt=\"\" class=\"wp-image-66073\" srcset=\"https:\/\/canfali.com\/app\/uploads\/2025\/06\/galaesportdigi4-1024x684.jpg 1024w, https:\/\/canfali.com\/app\/uploads\/2025\/06\/galaesportdigi4-300x200.jpg 300w, https:\/\/canfali.com\/app\/uploads\/2025\/06\/galaesportdigi4-768x513.jpg 768w, https:\/\/canfali.com\/app\/uploads\/2025\/06\/galaesportdigi4-1536x1026.jpg 1536w, https:\/\/canfali.com\/app\/uploads\/2025\/06\/galaesportdigi4-2048x1368.jpg 2048w, https:\/\/canfali.com\/app\/uploads\/2025\/06\/galaesportdigi4-scaled.jpg 2560w\" sizes=\"(max-width: 1024px) 100vw, 1024px\" \/><\/figure>\n\n\n\n<p>&nbsp;&nbsp;&nbsp;&nbsp;&nbsp;&nbsp; \u201cEsta gala es molt m\u00e9s que una entrega de premis. \u00c9s un reconeixement als valors que transmet l\u2019esport com l\u2019esfor\u00e7, el treball en equip, la const\u00e0ncia i els respecte, perqu\u00e8 aix\u00f2 \u00e9s el que representeu tots vosaltres, esportistes, clubs, entrenadors, fam\u00edlies i afici\u00f3.<\/p>\n\n\n\n<p>&nbsp;&nbsp;&nbsp;&nbsp;&nbsp;&nbsp; Aix\u00ed mateix, ha confirmat l\u2019aposta des de l\u2019actual Regidoria d\u2019Esports per una pr\u00e0ctica esportiva accessible, inclusiva i de qualitat amb la corresponent millora d\u2019infraestructures, el suport als clubs i la creaci\u00f3 de noves oportunitats per a totes les edats.<\/p>\n\n\n\n<figure class=\"wp-block-image size-large\"><img decoding=\"async\" width=\"1024\" height=\"683\" src=\"https:\/\/canfali.com\/app\/uploads\/2025\/06\/galaesportdigi3-1024x683.jpg\" alt=\"\" class=\"wp-image-66069\" srcset=\"https:\/\/canfali.com\/app\/uploads\/2025\/06\/galaesportdigi3-1024x683.jpg 1024w, https:\/\/canfali.com\/app\/uploads\/2025\/06\/galaesportdigi3-300x200.jpg 300w, https:\/\/canfali.com\/app\/uploads\/2025\/06\/galaesportdigi3-768x512.jpg 768w, https:\/\/canfali.com\/app\/uploads\/2025\/06\/galaesportdigi3-1536x1024.jpg 1536w, https:\/\/canfali.com\/app\/uploads\/2025\/06\/galaesportdigi3-2048x1365.jpg 2048w, https:\/\/canfali.com\/app\/uploads\/2025\/06\/galaesportdigi3-scaled.jpg 2560w\" sizes=\"(max-width: 1024px) 100vw, 1024px\" \/><\/figure>\n\n\n\n<p>&nbsp;&nbsp;&nbsp;&nbsp;&nbsp;&nbsp; Per al regidor \u201ces un orgull tindre al poble gent com vosaltres, perqu\u00e8 esteu fent poble, aix\u00ed que als premiats enhorabona i a tots els que no heu pujat a l\u2019escenari per\u00f2 esteu cada dia a peu de can\u00f3, entrenant, animant, organitzant tamb\u00e9 sou fonamentals\u201d.<\/p>\n\n\n\n<figure class=\"wp-block-gallery has-nested-images columns-default is-cropped wp-block-gallery-15 is-layout-flex wp-block-gallery-is-layout-flex\">\n<figure class=\"wp-block-image size-large\"><img decoding=\"async\" width=\"1024\" height=\"683\" data-id=\"66071\" src=\"https:\/\/canfali.com\/app\/uploads\/2025\/06\/galaesport-digi6-1024x683.jpg\" alt=\"\" class=\"wp-image-66071\" srcset=\"https:\/\/canfali.com\/app\/uploads\/2025\/06\/galaesport-digi6-1024x683.jpg 1024w, https:\/\/canfali.com\/app\/uploads\/2025\/06\/galaesport-digi6-300x200.jpg 300w, https:\/\/canfali.com\/app\/uploads\/2025\/06\/galaesport-digi6-768x512.jpg 768w, https:\/\/canfali.com\/app\/uploads\/2025\/06\/galaesport-digi6-1536x1024.jpg 1536w, https:\/\/canfali.com\/app\/uploads\/2025\/06\/galaesport-digi6-2048x1365.jpg 2048w, https:\/\/canfali.com\/app\/uploads\/2025\/06\/galaesport-digi6-scaled.jpg 2560w\" sizes=\"(max-width: 1024px) 100vw, 1024px\" \/><\/figure>\n<\/figure>\n\n\n\n<p>&nbsp;&nbsp;&nbsp;&nbsp;&nbsp;&nbsp; Ambd\u00f3s guardons han estat el m\u00e9s rellevant d\u2019una vetlada de germanor on tant menuts com majors pujaren a l\u2019escenari on reberen la corresponent medalla commemorativa en reconeixement a l\u2019esfor\u00e7 i voluntat esportiva entre les ovacions del p\u00fablic present.<\/p>\n","protected":false},"excerpt":{"rendered":"La Regidoria destaca les respectives traject\u00f2ries en muay thai i tir i arrossegament","protected":false},"author":4,"featured_media":66065,"comment_status":"closed","ping_status":"closed","sticky":false,"template":"","format":"standard","meta":{"csco_display_header_overlay":false,"csco_singular_sidebar":"","csco_page_header_type":"","csco_page_load_nextpost":"","csco_post_video_location":[],"csco_post_video_location_hash":"","csco_post_video_url":"","csco_post_video_bg_start_time":0,"csco_post_video_bg_end_time":0,"footnotes":""},"categories":[598],"tags":[2793,2794,2796,642],"class_list":{"0":"post-66062","1":"post","2":"type-post","3":"status-publish","4":"format-standard","5":"has-post-thumbnail","7":"category-esports","8":"tag-distincions","9":"tag-gala-esport","10":"tag-lorena-siscar","11":"tag-pego-2","12":"cs-entry","13":"cs-video-wrap"},"yoast_head":"<!-- This site is optimized with the Yoast SEO Premium plugin v26.6 (Yoast SEO v27.3) - https:\/\/yoast.com\/product\/yoast-seo-premium-wordpress\/ -->\n<title>La XII Gala de l\u2019Esport de Pego reconeix Marc Lorca i Lorena Siscar - Canfali<\/title>\n<meta name=\"robots\" content=\"index, follow, max-snippet:-1, max-image-preview:large, max-video-preview:-1\" \/>\n<link rel=\"canonical\" href=\"https:\/\/canfali.com\/ca-es\/la-xii-gala-de-lesport-de-pego-reconeix-marc-lorca-i-lorena-siscar\/\" \/>\n<meta property=\"og:locale\" content=\"en_US\" \/>\n<meta property=\"og:type\" content=\"article\" \/>\n<meta property=\"og:title\" content=\"La XII Gala de l\u2019Esport de Pego reconeix Marc Lorca i Lorena Siscar\" \/>\n<meta property=\"og:description\" content=\"La Regidoria destaca les respectives traject\u00f2ries en muay thai i tir i arrossegament\" \/>\n<meta property=\"og:url\" content=\"https:\/\/canfali.com\/ca-es\/la-xii-gala-de-lesport-de-pego-reconeix-marc-lorca-i-lorena-siscar\/\" \/>\n<meta property=\"og:site_name\" content=\"Canfali\" \/>\n<meta property=\"article:publisher\" content=\"https:\/\/es-es.facebook.com\/CANFALIMarinaAlta\" \/>\n<meta property=\"article:published_time\" content=\"2025-06-11T09:17:42+00:00\" \/>\n<meta property=\"article:modified_time\" content=\"2025-06-11T09:19:18+00:00\" \/>\n<meta property=\"og:image\" content=\"https:\/\/canfali.com\/app\/uploads\/2025\/06\/galaesport-digi-1-scaled.jpg\" \/>\n\t<meta property=\"og:image:width\" content=\"2560\" \/>\n\t<meta property=\"og:image:height\" content=\"1707\" \/>\n\t<meta property=\"og:image:type\" content=\"image\/jpeg\" \/>\n<meta name=\"author\" content=\"JJ Mas\" \/>\n<meta name=\"twitter:card\" content=\"summary_large_image\" \/>\n<meta name=\"twitter:creator\" content=\"@canfalima\" \/>\n<meta name=\"twitter:site\" content=\"@canfalima\" \/>\n<meta name=\"twitter:label1\" content=\"Written by\" \/>\n\t<meta name=\"twitter:data1\" content=\"JJ Mas\" \/>\n\t<meta name=\"twitter:label2\" content=\"Est. reading time\" \/>\n\t<meta name=\"twitter:data2\" content=\"2 minutes\" \/>\n<script type=\"application\/ld+json\" class=\"yoast-schema-graph\">{\"@context\":\"https:\\\/\\\/schema.org\",\"@graph\":[{\"@type\":\"NewsArticle\",\"@id\":\"https:\\\/\\\/canfali.com\\\/ca-es\\\/la-xii-gala-de-lesport-de-pego-reconeix-marc-lorca-i-lorena-siscar\\\/#article\",\"isPartOf\":{\"@id\":\"https:\\\/\\\/canfali.com\\\/ca-es\\\/la-xii-gala-de-lesport-de-pego-reconeix-marc-lorca-i-lorena-siscar\\\/\"},\"author\":{\"name\":\"JJ Mas\",\"@id\":\"https:\\\/\\\/canfali.com\\\/ca-es\\\/#\\\/schema\\\/person\\\/d834d2d4df17cac754d3c314d4c404ef\"},\"headline\":\"La XII Gala de l\u2019Esport de Pego reconeix Marc Lorca i Lorena Siscar\",\"datePublished\":\"2025-06-11T09:17:42+00:00\",\"dateModified\":\"2025-06-11T09:19:18+00:00\",\"mainEntityOfPage\":{\"@id\":\"https:\\\/\\\/canfali.com\\\/ca-es\\\/la-xii-gala-de-lesport-de-pego-reconeix-marc-lorca-i-lorena-siscar\\\/\"},\"wordCount\":417,\"publisher\":{\"@id\":\"https:\\\/\\\/canfali.com\\\/ca-es\\\/#organization\"},\"image\":{\"@id\":\"https:\\\/\\\/canfali.com\\\/ca-es\\\/la-xii-gala-de-lesport-de-pego-reconeix-marc-lorca-i-lorena-siscar\\\/#primaryimage\"},\"thumbnailUrl\":\"https:\\\/\\\/canfali.com\\\/app\\\/uploads\\\/2025\\\/06\\\/galaesport-digi-1-scaled.jpg\",\"keywords\":[\"distincions\",\"gala esport\",\"Lorena Siscar\",\"Pego\"],\"articleSection\":[\"Esports\"],\"inLanguage\":\"va-ES\",\"copyrightYear\":\"2025\",\"copyrightHolder\":{\"@id\":\"https:\\\/\\\/canfali.com\\\/#organization\"}},{\"@type\":\"WebPage\",\"@id\":\"https:\\\/\\\/canfali.com\\\/ca-es\\\/la-xii-gala-de-lesport-de-pego-reconeix-marc-lorca-i-lorena-siscar\\\/\",\"url\":\"https:\\\/\\\/canfali.com\\\/ca-es\\\/la-xii-gala-de-lesport-de-pego-reconeix-marc-lorca-i-lorena-siscar\\\/\",\"name\":\"La XII Gala de l\u2019Esport de Pego reconeix Marc Lorca i Lorena Siscar - Canfali\",\"isPartOf\":{\"@id\":\"https:\\\/\\\/canfali.com\\\/ca-es\\\/#website\"},\"primaryImageOfPage\":{\"@id\":\"https:\\\/\\\/canfali.com\\\/ca-es\\\/la-xii-gala-de-lesport-de-pego-reconeix-marc-lorca-i-lorena-siscar\\\/#primaryimage\"},\"image\":{\"@id\":\"https:\\\/\\\/canfali.com\\\/ca-es\\\/la-xii-gala-de-lesport-de-pego-reconeix-marc-lorca-i-lorena-siscar\\\/#primaryimage\"},\"thumbnailUrl\":\"https:\\\/\\\/canfali.com\\\/app\\\/uploads\\\/2025\\\/06\\\/galaesport-digi-1-scaled.jpg\",\"datePublished\":\"2025-06-11T09:17:42+00:00\",\"dateModified\":\"2025-06-11T09:19:18+00:00\",\"breadcrumb\":{\"@id\":\"https:\\\/\\\/canfali.com\\\/ca-es\\\/la-xii-gala-de-lesport-de-pego-reconeix-marc-lorca-i-lorena-siscar\\\/#breadcrumb\"},\"inLanguage\":\"va-ES\",\"potentialAction\":[{\"@type\":\"ReadAction\",\"target\":[\"https:\\\/\\\/canfali.com\\\/ca-es\\\/la-xii-gala-de-lesport-de-pego-reconeix-marc-lorca-i-lorena-siscar\\\/\"]}]},{\"@type\":\"ImageObject\",\"inLanguage\":\"va-ES\",\"@id\":\"https:\\\/\\\/canfali.com\\\/ca-es\\\/la-xii-gala-de-lesport-de-pego-reconeix-marc-lorca-i-lorena-siscar\\\/#primaryimage\",\"url\":\"https:\\\/\\\/canfali.com\\\/app\\\/uploads\\\/2025\\\/06\\\/galaesport-digi-1-scaled.jpg\",\"contentUrl\":\"https:\\\/\\\/canfali.com\\\/app\\\/uploads\\\/2025\\\/06\\\/galaesport-digi-1-scaled.jpg\",\"width\":2560,\"height\":1707},{\"@type\":\"BreadcrumbList\",\"@id\":\"https:\\\/\\\/canfali.com\\\/ca-es\\\/la-xii-gala-de-lesport-de-pego-reconeix-marc-lorca-i-lorena-siscar\\\/#breadcrumb\",\"itemListElement\":[{\"@type\":\"ListItem\",\"position\":1,\"name\":\"Portada\",\"item\":\"https:\\\/\\\/canfali.com\\\/ca-es\\\/\"},{\"@type\":\"ListItem\",\"position\":2,\"name\":\"La XII Gala de l\u2019Esport de Pego reconeix Marc Lorca i Lorena Siscar\"}]},{\"@type\":\"WebSite\",\"@id\":\"https:\\\/\\\/canfali.com\\\/ca-es\\\/#website\",\"url\":\"https:\\\/\\\/canfali.com\\\/ca-es\\\/\",\"name\":\"Canfali\",\"description\":\"\",\"publisher\":{\"@id\":\"https:\\\/\\\/canfali.com\\\/ca-es\\\/#organization\"},\"potentialAction\":[{\"@type\":\"SearchAction\",\"target\":{\"@type\":\"EntryPoint\",\"urlTemplate\":\"https:\\\/\\\/canfali.com\\\/ca-es\\\/?s={search_term_string}\"},\"query-input\":{\"@type\":\"PropertyValueSpecification\",\"valueRequired\":true,\"valueName\":\"search_term_string\"}}],\"inLanguage\":\"va-ES\"},{\"@type\":\"Organization\",\"@id\":\"https:\\\/\\\/canfali.com\\\/ca-es\\\/#organization\",\"name\":\"Canfali\",\"url\":\"https:\\\/\\\/canfali.com\\\/ca-es\\\/\",\"logo\":{\"@type\":\"ImageObject\",\"inLanguage\":\"va-ES\",\"@id\":\"https:\\\/\\\/canfali.com\\\/ca-es\\\/#\\\/schema\\\/logo\\\/image\\\/\",\"url\":\"https:\\\/\\\/canfali.com\\\/app\\\/uploads\\\/2025\\\/12\\\/canfali_marina_alta_logo.png\",\"contentUrl\":\"https:\\\/\\\/canfali.com\\\/app\\\/uploads\\\/2025\\\/12\\\/canfali_marina_alta_logo.png\",\"width\":225,\"height\":225,\"caption\":\"Canfali\"},\"image\":{\"@id\":\"https:\\\/\\\/canfali.com\\\/ca-es\\\/#\\\/schema\\\/logo\\\/image\\\/\"},\"sameAs\":[\"https:\\\/\\\/es-es.facebook.com\\\/CANFALIMarinaAlta\",\"https:\\\/\\\/x.com\\\/canfalima\",\"https:\\\/\\\/www.instagram.com\\\/canfalimarinaalta\\\/\"]},{\"@type\":\"Person\",\"@id\":\"https:\\\/\\\/canfali.com\\\/ca-es\\\/#\\\/schema\\\/person\\\/d834d2d4df17cac754d3c314d4c404ef\",\"name\":\"JJ Mas\",\"image\":{\"@type\":\"ImageObject\",\"inLanguage\":\"va-ES\",\"@id\":\"https:\\\/\\\/secure.gravatar.com\\\/avatar\\\/65a5191f5438bf88c2394f6d1a625a6ff903c8785268e603c623a83bc15ba1ee?s=96&d=mm&r=g\",\"url\":\"https:\\\/\\\/secure.gravatar.com\\\/avatar\\\/65a5191f5438bf88c2394f6d1a625a6ff903c8785268e603c623a83bc15ba1ee?s=96&d=mm&r=g\",\"contentUrl\":\"https:\\\/\\\/secure.gravatar.com\\\/avatar\\\/65a5191f5438bf88c2394f6d1a625a6ff903c8785268e603c623a83bc15ba1ee?s=96&d=mm&r=g\",\"caption\":\"JJ Mas\"},\"url\":\"https:\\\/\\\/canfali.com\\\/ca-es\\\/author\\\/jj\\\/\"}]}<\/script>\n<!-- \/ Yoast SEO Premium plugin. -->","yoast_head_json":{"title":"La XII Gala de l\u2019Esport de Pego reconeix Marc Lorca i Lorena Siscar - Canfali","robots":{"index":"index","follow":"follow","max-snippet":"max-snippet:-1","max-image-preview":"max-image-preview:large","max-video-preview":"max-video-preview:-1"},"canonical":"https:\/\/canfali.com\/ca-es\/la-xii-gala-de-lesport-de-pego-reconeix-marc-lorca-i-lorena-siscar\/","og_locale":"en_US","og_type":"article","og_title":"La XII Gala de l\u2019Esport de Pego reconeix Marc Lorca i Lorena Siscar","og_description":"La Regidoria destaca les respectives traject\u00f2ries en muay thai i tir i arrossegament","og_url":"https:\/\/canfali.com\/ca-es\/la-xii-gala-de-lesport-de-pego-reconeix-marc-lorca-i-lorena-siscar\/","og_site_name":"Canfali","article_publisher":"https:\/\/es-es.facebook.com\/CANFALIMarinaAlta","article_published_time":"2025-06-11T09:17:42+00:00","article_modified_time":"2025-06-11T09:19:18+00:00","og_image":[{"width":2560,"height":1707,"url":"https:\/\/canfali.com\/app\/uploads\/2025\/06\/galaesport-digi-1-scaled.jpg","type":"image\/jpeg"}],"author":"JJ Mas","twitter_card":"summary_large_image","twitter_creator":"@canfalima","twitter_site":"@canfalima","twitter_misc":{"Written by":"JJ Mas","Est. reading time":"2 minutes"},"schema":{"@context":"https:\/\/schema.org","@graph":[{"@type":"NewsArticle","@id":"https:\/\/canfali.com\/ca-es\/la-xii-gala-de-lesport-de-pego-reconeix-marc-lorca-i-lorena-siscar\/#article","isPartOf":{"@id":"https:\/\/canfali.com\/ca-es\/la-xii-gala-de-lesport-de-pego-reconeix-marc-lorca-i-lorena-siscar\/"},"author":{"name":"JJ Mas","@id":"https:\/\/canfali.com\/ca-es\/#\/schema\/person\/d834d2d4df17cac754d3c314d4c404ef"},"headline":"La XII Gala de l\u2019Esport de Pego reconeix Marc Lorca i Lorena Siscar","datePublished":"2025-06-11T09:17:42+00:00","dateModified":"2025-06-11T09:19:18+00:00","mainEntityOfPage":{"@id":"https:\/\/canfali.com\/ca-es\/la-xii-gala-de-lesport-de-pego-reconeix-marc-lorca-i-lorena-siscar\/"},"wordCount":417,"publisher":{"@id":"https:\/\/canfali.com\/ca-es\/#organization"},"image":{"@id":"https:\/\/canfali.com\/ca-es\/la-xii-gala-de-lesport-de-pego-reconeix-marc-lorca-i-lorena-siscar\/#primaryimage"},"thumbnailUrl":"https:\/\/canfali.com\/app\/uploads\/2025\/06\/galaesport-digi-1-scaled.jpg","keywords":["distincions","gala esport","Lorena Siscar","Pego"],"articleSection":["Esports"],"inLanguage":"va-ES","copyrightYear":"2025","copyrightHolder":{"@id":"https:\/\/canfali.com\/#organization"}},{"@type":"WebPage","@id":"https:\/\/canfali.com\/ca-es\/la-xii-gala-de-lesport-de-pego-reconeix-marc-lorca-i-lorena-siscar\/","url":"https:\/\/canfali.com\/ca-es\/la-xii-gala-de-lesport-de-pego-reconeix-marc-lorca-i-lorena-siscar\/","name":"La XII Gala de l\u2019Esport de Pego reconeix Marc Lorca i Lorena Siscar - Canfali","isPartOf":{"@id":"https:\/\/canfali.com\/ca-es\/#website"},"primaryImageOfPage":{"@id":"https:\/\/canfali.com\/ca-es\/la-xii-gala-de-lesport-de-pego-reconeix-marc-lorca-i-lorena-siscar\/#primaryimage"},"image":{"@id":"https:\/\/canfali.com\/ca-es\/la-xii-gala-de-lesport-de-pego-reconeix-marc-lorca-i-lorena-siscar\/#primaryimage"},"thumbnailUrl":"https:\/\/canfali.com\/app\/uploads\/2025\/06\/galaesport-digi-1-scaled.jpg","datePublished":"2025-06-11T09:17:42+00:00","dateModified":"2025-06-11T09:19:18+00:00","breadcrumb":{"@id":"https:\/\/canfali.com\/ca-es\/la-xii-gala-de-lesport-de-pego-reconeix-marc-lorca-i-lorena-siscar\/#breadcrumb"},"inLanguage":"va-ES","potentialAction":[{"@type":"ReadAction","target":["https:\/\/canfali.com\/ca-es\/la-xii-gala-de-lesport-de-pego-reconeix-marc-lorca-i-lorena-siscar\/"]}]},{"@type":"ImageObject","inLanguage":"va-ES","@id":"https:\/\/canfali.com\/ca-es\/la-xii-gala-de-lesport-de-pego-reconeix-marc-lorca-i-lorena-siscar\/#primaryimage","url":"https:\/\/canfali.com\/app\/uploads\/2025\/06\/galaesport-digi-1-scaled.jpg","contentUrl":"https:\/\/canfali.com\/app\/uploads\/2025\/06\/galaesport-digi-1-scaled.jpg","width":2560,"height":1707},{"@type":"BreadcrumbList","@id":"https:\/\/canfali.com\/ca-es\/la-xii-gala-de-lesport-de-pego-reconeix-marc-lorca-i-lorena-siscar\/#breadcrumb","itemListElement":[{"@type":"ListItem","position":1,"name":"Portada","item":"https:\/\/canfali.com\/ca-es\/"},{"@type":"ListItem","position":2,"name":"La XII Gala de l\u2019Esport de Pego reconeix Marc Lorca i Lorena Siscar"}]},{"@type":"WebSite","@id":"https:\/\/canfali.com\/ca-es\/#website","url":"https:\/\/canfali.com\/ca-es\/","name":"Canfali","description":"","publisher":{"@id":"https:\/\/canfali.com\/ca-es\/#organization"},"potentialAction":[{"@type":"SearchAction","target":{"@type":"EntryPoint","urlTemplate":"https:\/\/canfali.com\/ca-es\/?s={search_term_string}"},"query-input":{"@type":"PropertyValueSpecification","valueRequired":true,"valueName":"search_term_string"}}],"inLanguage":"va-ES"},{"@type":"Organization","@id":"https:\/\/canfali.com\/ca-es\/#organization","name":"Canfali","url":"https:\/\/canfali.com\/ca-es\/","logo":{"@type":"ImageObject","inLanguage":"va-ES","@id":"https:\/\/canfali.com\/ca-es\/#\/schema\/logo\/image\/","url":"https:\/\/canfali.com\/app\/uploads\/2025\/12\/canfali_marina_alta_logo.png","contentUrl":"https:\/\/canfali.com\/app\/uploads\/2025\/12\/canfali_marina_alta_logo.png","width":225,"height":225,"caption":"Canfali"},"image":{"@id":"https:\/\/canfali.com\/ca-es\/#\/schema\/logo\/image\/"},"sameAs":["https:\/\/es-es.facebook.com\/CANFALIMarinaAlta","https:\/\/x.com\/canfalima","https:\/\/www.instagram.com\/canfalimarinaalta\/"]},{"@type":"Person","@id":"https:\/\/canfali.com\/ca-es\/#\/schema\/person\/d834d2d4df17cac754d3c314d4c404ef","name":"JJ Mas","image":{"@type":"ImageObject","inLanguage":"va-ES","@id":"https:\/\/secure.gravatar.com\/avatar\/65a5191f5438bf88c2394f6d1a625a6ff903c8785268e603c623a83bc15ba1ee?s=96&d=mm&r=g","url":"https:\/\/secure.gravatar.com\/avatar\/65a5191f5438bf88c2394f6d1a625a6ff903c8785268e603c623a83bc15ba1ee?s=96&d=mm&r=g","contentUrl":"https:\/\/secure.gravatar.com\/avatar\/65a5191f5438bf88c2394f6d1a625a6ff903c8785268e603c623a83bc15ba1ee?s=96&d=mm&r=g","caption":"JJ Mas"},"url":"https:\/\/canfali.com\/ca-es\/author\/jj\/"}]}},"_links":{"self":[{"href":"https:\/\/canfali.com\/ca-es\/wp-json\/wp\/v2\/posts\/66062","targetHints":{"allow":["GET"]}}],"collection":[{"href":"https:\/\/canfali.com\/ca-es\/wp-json\/wp\/v2\/posts"}],"about":[{"href":"https:\/\/canfali.com\/ca-es\/wp-json\/wp\/v2\/types\/post"}],"author":[{"embeddable":true,"href":"https:\/\/canfali.com\/ca-es\/wp-json\/wp\/v2\/users\/4"}],"replies":[{"embeddable":true,"href":"https:\/\/canfali.com\/ca-es\/wp-json\/wp\/v2\/comments?post=66062"}],"version-history":[{"count":2,"href":"https:\/\/canfali.com\/ca-es\/wp-json\/wp\/v2\/posts\/66062\/revisions"}],"predecessor-version":[{"id":66076,"href":"https:\/\/canfali.com\/ca-es\/wp-json\/wp\/v2\/posts\/66062\/revisions\/66076"}],"wp:featuredmedia":[{"embeddable":true,"href":"https:\/\/canfali.com\/ca-es\/wp-json\/wp\/v2\/media\/66065"}],"wp:attachment":[{"href":"https:\/\/canfali.com\/ca-es\/wp-json\/wp\/v2\/media?parent=66062"}],"wp:term":[{"taxonomy":"category","embeddable":true,"href":"https:\/\/canfali.com\/ca-es\/wp-json\/wp\/v2\/categories?post=66062"},{"taxonomy":"post_tag","embeddable":true,"href":"https:\/\/canfali.com\/ca-es\/wp-json\/wp\/v2\/tags?post=66062"}],"curies":[{"name":"wp","href":"https:\/\/api.w.org\/{rel}","templated":true}]}}