{"id":66056,"date":"2025-06-11T10:48:16","date_gmt":"2025-06-11T08:48:16","guid":{"rendered":"https:\/\/canfali.com\/?p=66056"},"modified":"2025-06-11T10:49:22","modified_gmt":"2025-06-11T08:49:22","slug":"polemica-al-voltant-de-lorganitzacio-dels-bous-a-les-festes-de-sant-jaume-dondara","status":"publish","type":"post","link":"https:\/\/canfali.com\/ca-es\/polemica-al-voltant-de-lorganitzacio-dels-bous-a-les-festes-de-sant-jaume-dondara\/","title":{"rendered":"Pol\u00e8mica al voltant de l\u2019organitzaci\u00f3 dels bous a les festes de Sant Jaume d\u2019Ondara"},"content":{"rendered":"\n<p><strong>L\u2019Associaci\u00f3 Cultural Taurina Joia Llevantina anuncia que deixa de col\u00b7laborar en la infraestructura log\u00edstica<\/strong><\/p>\n\n\n\n<p>L\u2019anunci de l\u2019Associaci\u00f3 Cultural Taurina Joia Llevantina d\u2019Ondara de deixar de col\u00b7laborar amb l\u2019Ajuntament en la log\u00edstica dels bous de les Festes de Sant Jaume ha al\u00e7at una certa polseguera medi\u00e0tica encara que des de la Regidoria de Festes es donava un missatge de tranquil\u00b7litat que confirmava la celebraci\u00f3 dels actes taurins que suposen el pilar m\u00e9s tradicional del programa fester.<\/p>\n\n\n\n<p>&nbsp;&nbsp;&nbsp;&nbsp;&nbsp;&nbsp; La controv\u00e8rsia es desencadenava despr\u00e9s de que els responsables de l\u2019associaci\u00f3 mantingueren una reuni\u00f3 amb l\u2019alcalde i el regidor de Festes, Miguel Gomis per a comunicar-li la decisi\u00f3 i remetien un comunicat per a informar que la causa de la decisi\u00f3 era \u201cel \u201cdesacord amb l\u2019actitud de l\u2019equip de govern cap a alguns esdeveniments amb els quals col\u00b7labora l\u2019Associaci\u00f3 Cultural Taurina Joia Llevantina d\u2019Ondara\u201d:<\/p>\n\n\n\n<p>La nota incidia en qu\u00e8 \u201cfa molts anys que organitzem les festes populars de Sant Jaume, amb tot el que aix\u00f2 comporta; un dels nostres prop\u00f2sits ha sigut oferir unes festes de la major qualitat possible, mai per davall del que mereixen tots i totes les ciutadanes d\u2019Ondara\u201d. En aix\u00f2 reivindicaven que \u201caquesta tasca, no tan visible, ens porta molt de temps de planificaci\u00f3, acci\u00f3 i posada en escena, des de l\u2019elaboraci\u00f3 del programa taur\u00ed i la gesti\u00f3 amb ramaders fins a la contractaci\u00f3 de retalladors, col\u00b7laboradors taurins o personal sanitari, per la qual cosa la nostra principal preocupaci\u00f3 sempre ha sigut la seguretat, tant dels participants com dels assistents a aquest festeig, des de la col\u00b7locaci\u00f3 pertinent de les barreres fins a la supervisi\u00f3 cont\u00ednua durant les sessions taurines, per\u00f2 ha arribat el moment de dir ad\u00e9u\u201d.<\/p>\n\n\n\n<p>Tot i aix\u00f2, afirmen que \u201cdeixem tancada tota la programaci\u00f3 taurina de les festes populars 2025 d\u2019acord amb el pressupost que ten\u00edem assignat\u201d, per tal de subratllar que \u00e9s susceptible de patir qualsevol canvi per part de l\u2019Ajuntament i agrair la confian\u00e7a dipositada durant tots els vint-i-un anys de traject\u00f2ria on han portat a cap des de jocs taurins, cavalcades de Reis, concursos de retalls, desencajonades amb bous cerrils, concursos de dibuix infantil, carretons als col\u00b7legis, aix\u00ed com diferents esdeveniments solidaris tant per a associacions locals com per a afectats per la DANA o la riuada d\u2019El Verger.<\/p>\n\n\n\n<p>LA REGIDORIA DE FESTES GARANTEIX ELS ACTES TAURINS<\/p>\n\n\n\n<p>La not\u00edcia ha estat replicada des de la Regidoria de Festes i Tradicions per a incidir en que \u201cmalgrat la proximitat dels festejos i el poc marge de maniobra que se li ha atorgat a l&#8217;Ajuntament, s\u2019assegura que la celebraci\u00f3 de tots i cadascun dels actes taurins previstos, que porten contractats des de fa temps, est\u00e0 garantida amb total normalitat i seguretat, ja que l&#8217;Ajuntament gestionar\u00e0 l&#8217;adequada substituci\u00f3 de les funcions que fins ara realitzava la Penya Taurina\u201d.<\/p>\n\n\n\n<p>&nbsp;&nbsp;&nbsp;&nbsp;&nbsp;&nbsp; No obstant aix\u00f2, des de l\u2019Ajuntament es lamentava que questa associaci\u00f3 del poble, que durant anys ha col\u00b7laborat en l&#8217;organitzaci\u00f3 dels festejos, haja pres aquesta decisi\u00f3, i que l&#8217;haja comunicada amb poca antelaci\u00f3, encara que agra\u00efa dita col\u00b7laboraci\u00f3 durant aquests \u00faltims anys. Aix\u00ed mateix, han aprofitat la circumst\u00e0ncia per a matisar que la col\u00b7laboraci\u00f3 de la Penya Taurina amb l&#8217;Ajuntament en els actes taurins comporta aparellada una subvenci\u00f3 anual, com a associaci\u00f3.<\/p>\n","protected":false},"excerpt":{"rendered":"L\u2019Associaci\u00f3 Cultural Taurina Joia Llevantina anuncia que deixa de col\u00b7laborar en la infraestructura log\u00edstica L\u2019anunci de l\u2019Associaci\u00f3 Cultural&hellip;","protected":false},"author":4,"featured_media":66057,"comment_status":"closed","ping_status":"closed","sticky":false,"template":"","format":"standard","meta":{"csco_display_header_overlay":false,"csco_singular_sidebar":"","csco_page_header_type":"","csco_page_load_nextpost":"","csco_post_video_location":[],"csco_post_video_location_hash":"","csco_post_video_url":"","csco_post_video_bg_start_time":0,"csco_post_video_bg_end_time":0,"footnotes":""},"categories":[587],"tags":[2788,2789,2787,661],"class_list":{"0":"post-66056","1":"post","2":"type-post","3":"status-publish","4":"format-standard","5":"has-post-thumbnail","7":"category-festes","8":"tag-associacio-taurina","9":"tag-controversia","10":"tag-festes-sant-jaume","11":"tag-ondara-2","12":"cs-entry","13":"cs-video-wrap"},"yoast_head":"<!-- This site is optimized with the Yoast SEO Premium plugin v26.6 (Yoast SEO v27.3) - https:\/\/yoast.com\/product\/yoast-seo-premium-wordpress\/ -->\n<title>Pol\u00e8mica al voltant de l\u2019organitzaci\u00f3 dels bous a les festes de Sant Jaume d\u2019Ondara - Canfali<\/title>\n<meta name=\"robots\" content=\"index, follow, max-snippet:-1, max-image-preview:large, max-video-preview:-1\" \/>\n<link rel=\"canonical\" href=\"https:\/\/canfali.com\/ca-es\/polemica-al-voltant-de-lorganitzacio-dels-bous-a-les-festes-de-sant-jaume-dondara\/\" \/>\n<meta property=\"og:locale\" content=\"en_US\" \/>\n<meta property=\"og:type\" content=\"article\" \/>\n<meta property=\"og:title\" content=\"Pol\u00e8mica al voltant de l\u2019organitzaci\u00f3 dels bous a les festes de Sant Jaume d\u2019Ondara\" \/>\n<meta property=\"og:description\" content=\"L\u2019Associaci\u00f3 Cultural Taurina Joia Llevantina anuncia que deixa de col\u00b7laborar en la infraestructura log\u00edstica L\u2019anunci de l\u2019Associaci\u00f3 Cultural&hellip;\" \/>\n<meta property=\"og:url\" content=\"https:\/\/canfali.com\/ca-es\/polemica-al-voltant-de-lorganitzacio-dels-bous-a-les-festes-de-sant-jaume-dondara\/\" \/>\n<meta property=\"og:site_name\" content=\"Canfali\" \/>\n<meta property=\"article:publisher\" content=\"https:\/\/es-es.facebook.com\/CANFALIMarinaAlta\" \/>\n<meta property=\"article:published_time\" content=\"2025-06-11T08:48:16+00:00\" \/>\n<meta property=\"article:modified_time\" content=\"2025-06-11T08:49:22+00:00\" \/>\n<meta property=\"og:image\" content=\"https:\/\/canfali.com\/app\/uploads\/2025\/06\/polemicafestesstjaume.jpg\" \/>\n\t<meta property=\"og:image:width\" content=\"2048\" \/>\n\t<meta property=\"og:image:height\" content=\"1536\" \/>\n\t<meta property=\"og:image:type\" content=\"image\/jpeg\" \/>\n<meta name=\"author\" content=\"JJ Mas\" \/>\n<meta name=\"twitter:card\" content=\"summary_large_image\" \/>\n<meta name=\"twitter:creator\" content=\"@canfalima\" \/>\n<meta name=\"twitter:site\" content=\"@canfalima\" \/>\n<meta name=\"twitter:label1\" content=\"Written by\" \/>\n\t<meta name=\"twitter:data1\" content=\"JJ Mas\" \/>\n\t<meta name=\"twitter:label2\" content=\"Est. reading time\" \/>\n\t<meta name=\"twitter:data2\" content=\"3 minutes\" \/>\n<script type=\"application\/ld+json\" class=\"yoast-schema-graph\">{\"@context\":\"https:\\\/\\\/schema.org\",\"@graph\":[{\"@type\":\"NewsArticle\",\"@id\":\"https:\\\/\\\/canfali.com\\\/ca-es\\\/polemica-al-voltant-de-lorganitzacio-dels-bous-a-les-festes-de-sant-jaume-dondara\\\/#article\",\"isPartOf\":{\"@id\":\"https:\\\/\\\/canfali.com\\\/ca-es\\\/polemica-al-voltant-de-lorganitzacio-dels-bous-a-les-festes-de-sant-jaume-dondara\\\/\"},\"author\":{\"name\":\"JJ Mas\",\"@id\":\"https:\\\/\\\/canfali.com\\\/ca-es\\\/#\\\/schema\\\/person\\\/d834d2d4df17cac754d3c314d4c404ef\"},\"headline\":\"Pol\u00e8mica al voltant de l\u2019organitzaci\u00f3 dels bous a les festes de Sant Jaume d\u2019Ondara\",\"datePublished\":\"2025-06-11T08:48:16+00:00\",\"dateModified\":\"2025-06-11T08:49:22+00:00\",\"mainEntityOfPage\":{\"@id\":\"https:\\\/\\\/canfali.com\\\/ca-es\\\/polemica-al-voltant-de-lorganitzacio-dels-bous-a-les-festes-de-sant-jaume-dondara\\\/\"},\"wordCount\":611,\"publisher\":{\"@id\":\"https:\\\/\\\/canfali.com\\\/ca-es\\\/#organization\"},\"image\":{\"@id\":\"https:\\\/\\\/canfali.com\\\/ca-es\\\/polemica-al-voltant-de-lorganitzacio-dels-bous-a-les-festes-de-sant-jaume-dondara\\\/#primaryimage\"},\"thumbnailUrl\":\"https:\\\/\\\/canfali.com\\\/app\\\/uploads\\\/2025\\\/06\\\/polemicafestesstjaume.jpg\",\"keywords\":[\"Associaci\u00f3 Taurina\",\"controversia\",\"festes Sant Jaume\",\"Ondara\"],\"articleSection\":[\"Festes\"],\"inLanguage\":\"va-ES\",\"copyrightYear\":\"2025\",\"copyrightHolder\":{\"@id\":\"https:\\\/\\\/canfali.com\\\/#organization\"}},{\"@type\":\"WebPage\",\"@id\":\"https:\\\/\\\/canfali.com\\\/ca-es\\\/polemica-al-voltant-de-lorganitzacio-dels-bous-a-les-festes-de-sant-jaume-dondara\\\/\",\"url\":\"https:\\\/\\\/canfali.com\\\/ca-es\\\/polemica-al-voltant-de-lorganitzacio-dels-bous-a-les-festes-de-sant-jaume-dondara\\\/\",\"name\":\"Pol\u00e8mica al voltant de l\u2019organitzaci\u00f3 dels bous a les festes de Sant Jaume d\u2019Ondara - Canfali\",\"isPartOf\":{\"@id\":\"https:\\\/\\\/canfali.com\\\/ca-es\\\/#website\"},\"primaryImageOfPage\":{\"@id\":\"https:\\\/\\\/canfali.com\\\/ca-es\\\/polemica-al-voltant-de-lorganitzacio-dels-bous-a-les-festes-de-sant-jaume-dondara\\\/#primaryimage\"},\"image\":{\"@id\":\"https:\\\/\\\/canfali.com\\\/ca-es\\\/polemica-al-voltant-de-lorganitzacio-dels-bous-a-les-festes-de-sant-jaume-dondara\\\/#primaryimage\"},\"thumbnailUrl\":\"https:\\\/\\\/canfali.com\\\/app\\\/uploads\\\/2025\\\/06\\\/polemicafestesstjaume.jpg\",\"datePublished\":\"2025-06-11T08:48:16+00:00\",\"dateModified\":\"2025-06-11T08:49:22+00:00\",\"breadcrumb\":{\"@id\":\"https:\\\/\\\/canfali.com\\\/ca-es\\\/polemica-al-voltant-de-lorganitzacio-dels-bous-a-les-festes-de-sant-jaume-dondara\\\/#breadcrumb\"},\"inLanguage\":\"va-ES\",\"potentialAction\":[{\"@type\":\"ReadAction\",\"target\":[\"https:\\\/\\\/canfali.com\\\/ca-es\\\/polemica-al-voltant-de-lorganitzacio-dels-bous-a-les-festes-de-sant-jaume-dondara\\\/\"]}]},{\"@type\":\"ImageObject\",\"inLanguage\":\"va-ES\",\"@id\":\"https:\\\/\\\/canfali.com\\\/ca-es\\\/polemica-al-voltant-de-lorganitzacio-dels-bous-a-les-festes-de-sant-jaume-dondara\\\/#primaryimage\",\"url\":\"https:\\\/\\\/canfali.com\\\/app\\\/uploads\\\/2025\\\/06\\\/polemicafestesstjaume.jpg\",\"contentUrl\":\"https:\\\/\\\/canfali.com\\\/app\\\/uploads\\\/2025\\\/06\\\/polemicafestesstjaume.jpg\",\"width\":2048,\"height\":1536},{\"@type\":\"BreadcrumbList\",\"@id\":\"https:\\\/\\\/canfali.com\\\/ca-es\\\/polemica-al-voltant-de-lorganitzacio-dels-bous-a-les-festes-de-sant-jaume-dondara\\\/#breadcrumb\",\"itemListElement\":[{\"@type\":\"ListItem\",\"position\":1,\"name\":\"Portada\",\"item\":\"https:\\\/\\\/canfali.com\\\/ca-es\\\/\"},{\"@type\":\"ListItem\",\"position\":2,\"name\":\"Pol\u00e8mica al voltant de l\u2019organitzaci\u00f3 dels bous a les festes de Sant Jaume d\u2019Ondara\"}]},{\"@type\":\"WebSite\",\"@id\":\"https:\\\/\\\/canfali.com\\\/ca-es\\\/#website\",\"url\":\"https:\\\/\\\/canfali.com\\\/ca-es\\\/\",\"name\":\"Canfali\",\"description\":\"\",\"publisher\":{\"@id\":\"https:\\\/\\\/canfali.com\\\/ca-es\\\/#organization\"},\"potentialAction\":[{\"@type\":\"SearchAction\",\"target\":{\"@type\":\"EntryPoint\",\"urlTemplate\":\"https:\\\/\\\/canfali.com\\\/ca-es\\\/?s={search_term_string}\"},\"query-input\":{\"@type\":\"PropertyValueSpecification\",\"valueRequired\":true,\"valueName\":\"search_term_string\"}}],\"inLanguage\":\"va-ES\"},{\"@type\":\"Organization\",\"@id\":\"https:\\\/\\\/canfali.com\\\/ca-es\\\/#organization\",\"name\":\"Canfali\",\"url\":\"https:\\\/\\\/canfali.com\\\/ca-es\\\/\",\"logo\":{\"@type\":\"ImageObject\",\"inLanguage\":\"va-ES\",\"@id\":\"https:\\\/\\\/canfali.com\\\/ca-es\\\/#\\\/schema\\\/logo\\\/image\\\/\",\"url\":\"https:\\\/\\\/canfali.com\\\/app\\\/uploads\\\/2025\\\/12\\\/canfali_marina_alta_logo.png\",\"contentUrl\":\"https:\\\/\\\/canfali.com\\\/app\\\/uploads\\\/2025\\\/12\\\/canfali_marina_alta_logo.png\",\"width\":225,\"height\":225,\"caption\":\"Canfali\"},\"image\":{\"@id\":\"https:\\\/\\\/canfali.com\\\/ca-es\\\/#\\\/schema\\\/logo\\\/image\\\/\"},\"sameAs\":[\"https:\\\/\\\/es-es.facebook.com\\\/CANFALIMarinaAlta\",\"https:\\\/\\\/x.com\\\/canfalima\",\"https:\\\/\\\/www.instagram.com\\\/canfalimarinaalta\\\/\"]},{\"@type\":\"Person\",\"@id\":\"https:\\\/\\\/canfali.com\\\/ca-es\\\/#\\\/schema\\\/person\\\/d834d2d4df17cac754d3c314d4c404ef\",\"name\":\"JJ Mas\",\"image\":{\"@type\":\"ImageObject\",\"inLanguage\":\"va-ES\",\"@id\":\"https:\\\/\\\/secure.gravatar.com\\\/avatar\\\/65a5191f5438bf88c2394f6d1a625a6ff903c8785268e603c623a83bc15ba1ee?s=96&d=mm&r=g\",\"url\":\"https:\\\/\\\/secure.gravatar.com\\\/avatar\\\/65a5191f5438bf88c2394f6d1a625a6ff903c8785268e603c623a83bc15ba1ee?s=96&d=mm&r=g\",\"contentUrl\":\"https:\\\/\\\/secure.gravatar.com\\\/avatar\\\/65a5191f5438bf88c2394f6d1a625a6ff903c8785268e603c623a83bc15ba1ee?s=96&d=mm&r=g\",\"caption\":\"JJ Mas\"},\"url\":\"https:\\\/\\\/canfali.com\\\/ca-es\\\/author\\\/jj\\\/\"}]}<\/script>\n<!-- \/ Yoast SEO Premium plugin. -->","yoast_head_json":{"title":"Pol\u00e8mica al voltant de l\u2019organitzaci\u00f3 dels bous a les festes de Sant Jaume d\u2019Ondara - Canfali","robots":{"index":"index","follow":"follow","max-snippet":"max-snippet:-1","max-image-preview":"max-image-preview:large","max-video-preview":"max-video-preview:-1"},"canonical":"https:\/\/canfali.com\/ca-es\/polemica-al-voltant-de-lorganitzacio-dels-bous-a-les-festes-de-sant-jaume-dondara\/","og_locale":"en_US","og_type":"article","og_title":"Pol\u00e8mica al voltant de l\u2019organitzaci\u00f3 dels bous a les festes de Sant Jaume d\u2019Ondara","og_description":"L\u2019Associaci\u00f3 Cultural Taurina Joia Llevantina anuncia que deixa de col\u00b7laborar en la infraestructura log\u00edstica L\u2019anunci de l\u2019Associaci\u00f3 Cultural&hellip;","og_url":"https:\/\/canfali.com\/ca-es\/polemica-al-voltant-de-lorganitzacio-dels-bous-a-les-festes-de-sant-jaume-dondara\/","og_site_name":"Canfali","article_publisher":"https:\/\/es-es.facebook.com\/CANFALIMarinaAlta","article_published_time":"2025-06-11T08:48:16+00:00","article_modified_time":"2025-06-11T08:49:22+00:00","og_image":[{"width":2048,"height":1536,"url":"https:\/\/canfali.com\/app\/uploads\/2025\/06\/polemicafestesstjaume.jpg","type":"image\/jpeg"}],"author":"JJ Mas","twitter_card":"summary_large_image","twitter_creator":"@canfalima","twitter_site":"@canfalima","twitter_misc":{"Written by":"JJ Mas","Est. reading time":"3 minutes"},"schema":{"@context":"https:\/\/schema.org","@graph":[{"@type":"NewsArticle","@id":"https:\/\/canfali.com\/ca-es\/polemica-al-voltant-de-lorganitzacio-dels-bous-a-les-festes-de-sant-jaume-dondara\/#article","isPartOf":{"@id":"https:\/\/canfali.com\/ca-es\/polemica-al-voltant-de-lorganitzacio-dels-bous-a-les-festes-de-sant-jaume-dondara\/"},"author":{"name":"JJ Mas","@id":"https:\/\/canfali.com\/ca-es\/#\/schema\/person\/d834d2d4df17cac754d3c314d4c404ef"},"headline":"Pol\u00e8mica al voltant de l\u2019organitzaci\u00f3 dels bous a les festes de Sant Jaume d\u2019Ondara","datePublished":"2025-06-11T08:48:16+00:00","dateModified":"2025-06-11T08:49:22+00:00","mainEntityOfPage":{"@id":"https:\/\/canfali.com\/ca-es\/polemica-al-voltant-de-lorganitzacio-dels-bous-a-les-festes-de-sant-jaume-dondara\/"},"wordCount":611,"publisher":{"@id":"https:\/\/canfali.com\/ca-es\/#organization"},"image":{"@id":"https:\/\/canfali.com\/ca-es\/polemica-al-voltant-de-lorganitzacio-dels-bous-a-les-festes-de-sant-jaume-dondara\/#primaryimage"},"thumbnailUrl":"https:\/\/canfali.com\/app\/uploads\/2025\/06\/polemicafestesstjaume.jpg","keywords":["Associaci\u00f3 Taurina","controversia","festes Sant Jaume","Ondara"],"articleSection":["Festes"],"inLanguage":"va-ES","copyrightYear":"2025","copyrightHolder":{"@id":"https:\/\/canfali.com\/#organization"}},{"@type":"WebPage","@id":"https:\/\/canfali.com\/ca-es\/polemica-al-voltant-de-lorganitzacio-dels-bous-a-les-festes-de-sant-jaume-dondara\/","url":"https:\/\/canfali.com\/ca-es\/polemica-al-voltant-de-lorganitzacio-dels-bous-a-les-festes-de-sant-jaume-dondara\/","name":"Pol\u00e8mica al voltant de l\u2019organitzaci\u00f3 dels bous a les festes de Sant Jaume d\u2019Ondara - Canfali","isPartOf":{"@id":"https:\/\/canfali.com\/ca-es\/#website"},"primaryImageOfPage":{"@id":"https:\/\/canfali.com\/ca-es\/polemica-al-voltant-de-lorganitzacio-dels-bous-a-les-festes-de-sant-jaume-dondara\/#primaryimage"},"image":{"@id":"https:\/\/canfali.com\/ca-es\/polemica-al-voltant-de-lorganitzacio-dels-bous-a-les-festes-de-sant-jaume-dondara\/#primaryimage"},"thumbnailUrl":"https:\/\/canfali.com\/app\/uploads\/2025\/06\/polemicafestesstjaume.jpg","datePublished":"2025-06-11T08:48:16+00:00","dateModified":"2025-06-11T08:49:22+00:00","breadcrumb":{"@id":"https:\/\/canfali.com\/ca-es\/polemica-al-voltant-de-lorganitzacio-dels-bous-a-les-festes-de-sant-jaume-dondara\/#breadcrumb"},"inLanguage":"va-ES","potentialAction":[{"@type":"ReadAction","target":["https:\/\/canfali.com\/ca-es\/polemica-al-voltant-de-lorganitzacio-dels-bous-a-les-festes-de-sant-jaume-dondara\/"]}]},{"@type":"ImageObject","inLanguage":"va-ES","@id":"https:\/\/canfali.com\/ca-es\/polemica-al-voltant-de-lorganitzacio-dels-bous-a-les-festes-de-sant-jaume-dondara\/#primaryimage","url":"https:\/\/canfali.com\/app\/uploads\/2025\/06\/polemicafestesstjaume.jpg","contentUrl":"https:\/\/canfali.com\/app\/uploads\/2025\/06\/polemicafestesstjaume.jpg","width":2048,"height":1536},{"@type":"BreadcrumbList","@id":"https:\/\/canfali.com\/ca-es\/polemica-al-voltant-de-lorganitzacio-dels-bous-a-les-festes-de-sant-jaume-dondara\/#breadcrumb","itemListElement":[{"@type":"ListItem","position":1,"name":"Portada","item":"https:\/\/canfali.com\/ca-es\/"},{"@type":"ListItem","position":2,"name":"Pol\u00e8mica al voltant de l\u2019organitzaci\u00f3 dels bous a les festes de Sant Jaume d\u2019Ondara"}]},{"@type":"WebSite","@id":"https:\/\/canfali.com\/ca-es\/#website","url":"https:\/\/canfali.com\/ca-es\/","name":"Canfali","description":"","publisher":{"@id":"https:\/\/canfali.com\/ca-es\/#organization"},"potentialAction":[{"@type":"SearchAction","target":{"@type":"EntryPoint","urlTemplate":"https:\/\/canfali.com\/ca-es\/?s={search_term_string}"},"query-input":{"@type":"PropertyValueSpecification","valueRequired":true,"valueName":"search_term_string"}}],"inLanguage":"va-ES"},{"@type":"Organization","@id":"https:\/\/canfali.com\/ca-es\/#organization","name":"Canfali","url":"https:\/\/canfali.com\/ca-es\/","logo":{"@type":"ImageObject","inLanguage":"va-ES","@id":"https:\/\/canfali.com\/ca-es\/#\/schema\/logo\/image\/","url":"https:\/\/canfali.com\/app\/uploads\/2025\/12\/canfali_marina_alta_logo.png","contentUrl":"https:\/\/canfali.com\/app\/uploads\/2025\/12\/canfali_marina_alta_logo.png","width":225,"height":225,"caption":"Canfali"},"image":{"@id":"https:\/\/canfali.com\/ca-es\/#\/schema\/logo\/image\/"},"sameAs":["https:\/\/es-es.facebook.com\/CANFALIMarinaAlta","https:\/\/x.com\/canfalima","https:\/\/www.instagram.com\/canfalimarinaalta\/"]},{"@type":"Person","@id":"https:\/\/canfali.com\/ca-es\/#\/schema\/person\/d834d2d4df17cac754d3c314d4c404ef","name":"JJ Mas","image":{"@type":"ImageObject","inLanguage":"va-ES","@id":"https:\/\/secure.gravatar.com\/avatar\/65a5191f5438bf88c2394f6d1a625a6ff903c8785268e603c623a83bc15ba1ee?s=96&d=mm&r=g","url":"https:\/\/secure.gravatar.com\/avatar\/65a5191f5438bf88c2394f6d1a625a6ff903c8785268e603c623a83bc15ba1ee?s=96&d=mm&r=g","contentUrl":"https:\/\/secure.gravatar.com\/avatar\/65a5191f5438bf88c2394f6d1a625a6ff903c8785268e603c623a83bc15ba1ee?s=96&d=mm&r=g","caption":"JJ Mas"},"url":"https:\/\/canfali.com\/ca-es\/author\/jj\/"}]}},"_links":{"self":[{"href":"https:\/\/canfali.com\/ca-es\/wp-json\/wp\/v2\/posts\/66056","targetHints":{"allow":["GET"]}}],"collection":[{"href":"https:\/\/canfali.com\/ca-es\/wp-json\/wp\/v2\/posts"}],"about":[{"href":"https:\/\/canfali.com\/ca-es\/wp-json\/wp\/v2\/types\/post"}],"author":[{"embeddable":true,"href":"https:\/\/canfali.com\/ca-es\/wp-json\/wp\/v2\/users\/4"}],"replies":[{"embeddable":true,"href":"https:\/\/canfali.com\/ca-es\/wp-json\/wp\/v2\/comments?post=66056"}],"version-history":[{"count":1,"href":"https:\/\/canfali.com\/ca-es\/wp-json\/wp\/v2\/posts\/66056\/revisions"}],"predecessor-version":[{"id":66059,"href":"https:\/\/canfali.com\/ca-es\/wp-json\/wp\/v2\/posts\/66056\/revisions\/66059"}],"wp:featuredmedia":[{"embeddable":true,"href":"https:\/\/canfali.com\/ca-es\/wp-json\/wp\/v2\/media\/66057"}],"wp:attachment":[{"href":"https:\/\/canfali.com\/ca-es\/wp-json\/wp\/v2\/media?parent=66056"}],"wp:term":[{"taxonomy":"category","embeddable":true,"href":"https:\/\/canfali.com\/ca-es\/wp-json\/wp\/v2\/categories?post=66056"},{"taxonomy":"post_tag","embeddable":true,"href":"https:\/\/canfali.com\/ca-es\/wp-json\/wp\/v2\/tags?post=66056"}],"curies":[{"name":"wp","href":"https:\/\/api.w.org\/{rel}","templated":true}]}}