{"id":66041,"date":"2025-06-11T08:14:14","date_gmt":"2025-06-11T06:14:14","guid":{"rendered":"https:\/\/canfali.com\/calp-limita-el-consum-de-tabac-a-les-platges\/"},"modified":"2025-06-11T08:16:50","modified_gmt":"2025-06-11T06:16:50","slug":"calp-limita-el-consum-de-tabac-a-les-platges","status":"publish","type":"post","link":"https:\/\/canfali.com\/ca-es\/calp-limita-el-consum-de-tabac-a-les-platges\/","title":{"rendered":"Calp limita el consum de tabac a les platges"},"content":{"rendered":"\n<p>La Fossa, el Cantal Roig, L&#8217;Arenal, etc., compten ja amb la bandera de Platges sense Fum, un distintiu que simbolitza l&#8217;inici de l&#8217;aplicaci\u00f3 de la nova ordenan\u00e7a municipal d&#8217;\u00fas i gesti\u00f3 del litoral que limita fumar en tot el litoral calp\u00ed.<\/p>\n\n<p>\tLa mesura limita el consum de tabac en totes les platges i cales a excepci\u00f3 de dues zones delimitades a les platges de major aflu\u00e8ncia: la Fossa, a l&#8217;altura de la pla\u00e7a Mediterrani, i l&#8217;Arenal-Bol, enfront de la pla\u00e7a Col\u00f3n. En aquestes zones es permet fumar per\u00f2 amb l&#8217;\u00fas obligatori de cendrers reutilitzables que es repartiran en els punts d&#8217;informaci\u00f3 tur\u00edstica per a evitar que les burilles acabin en la sorra. El 15% dels residus recollits a les platges s\u00f3n burilles que contaminen el medi ambient i, a m\u00e9s, suposen un risc per a la fauna marina.<\/p>\n\n<p>\tCalp es va sumar l&#8217;any passat a la Xarxa de Platges sense Fum de la Conselleria de Sanitat de la Generalitat Valenciana, habilitant llavors espais lliures de fum a les platges de l&#8217;Arenal-Bol, la Fossa i Cantal Roig. Ara, amb l&#8217;entrada en vigor de l&#8217;ordenan\u00e7a, es fa un pas m\u00e9s cap a un litoral m\u00e9s net, saludable i sostenible.<\/p>\n\n<p>El regidor de Medi Ambient, Pere Moll, ha assenyalat que \u201cles burilles s\u00f3n uns dels principals focus de contaminaci\u00f3 dels nostres ecosistemes marins i del litoral, ja que una sola burilla contamina 500 litres d&#8217;aigua mar pel que aquesta mesura ajudar\u00e0 a reduir el seu impacte negatiu\u201d.<\/p>\n\n<p>\tPer part seva, la regidora de Prevenci\u00f3 de la Salut, Itziar Doval, ha destacat que &#8220;aquesta acci\u00f3 no sols busca reduir l&#8217;impacte ambiental de les burilles, sin\u00f3 tamb\u00e9 protegir la salut dels usuaris de les platges. Volem disposar d&#8217;ambients saludables on totes les persones puguin gaudir de l&#8217;entorn sense posar en risc de salut\u201d.<\/p>\n","protected":false},"excerpt":{"rendered":"La Fossa, el Cantal Roig, L&#8217;Arenal, etc., compten ja amb la bandera de Platges sense Fum, un distintiu&hellip;","protected":false},"author":5,"featured_media":66039,"comment_status":"closed","ping_status":"closed","sticky":false,"template":"","format":"standard","meta":{"csco_display_header_overlay":false,"csco_singular_sidebar":"","csco_page_header_type":"","csco_page_load_nextpost":"","csco_post_video_location":[],"csco_post_video_location_hash":"","csco_post_video_url":"","csco_post_video_bg_start_time":0,"csco_post_video_bg_end_time":0,"footnotes":""},"categories":[594],"tags":[2782,2781,1156],"class_list":{"0":"post-66041","1":"post","2":"type-post","3":"status-publish","4":"format-standard","5":"has-post-thumbnail","7":"category-societat","8":"tag-burilles","9":"tag-no-fumeu","10":"tag-platges","11":"cs-entry","12":"cs-video-wrap"},"yoast_head":"<!-- This site is optimized with the Yoast SEO Premium plugin v26.6 (Yoast SEO v27.3) - https:\/\/yoast.com\/product\/yoast-seo-premium-wordpress\/ -->\n<title>Calp limita el consum de tabac a les platges - Canfali<\/title>\n<meta name=\"robots\" content=\"index, follow, max-snippet:-1, max-image-preview:large, max-video-preview:-1\" \/>\n<link rel=\"canonical\" href=\"https:\/\/canfali.com\/ca-es\/calp-limita-el-consum-de-tabac-a-les-platges\/\" \/>\n<meta property=\"og:locale\" content=\"en_US\" \/>\n<meta property=\"og:type\" content=\"article\" \/>\n<meta property=\"og:title\" content=\"Calp limita el consum de tabac a les platges\" \/>\n<meta property=\"og:description\" content=\"La Fossa, el Cantal Roig, L&#8217;Arenal, etc., compten ja amb la bandera de Platges sense Fum, un distintiu&hellip;\" \/>\n<meta property=\"og:url\" content=\"https:\/\/canfali.com\/ca-es\/calp-limita-el-consum-de-tabac-a-les-platges\/\" \/>\n<meta property=\"og:site_name\" content=\"Canfali\" \/>\n<meta property=\"article:publisher\" content=\"https:\/\/es-es.facebook.com\/CANFALIMarinaAlta\" \/>\n<meta property=\"article:published_time\" content=\"2025-06-11T06:14:14+00:00\" \/>\n<meta property=\"article:modified_time\" content=\"2025-06-11T06:16:50+00:00\" \/>\n<meta property=\"og:image\" content=\"https:\/\/canfali.com\/app\/uploads\/2025\/06\/bandera-calp.jpeg\" \/>\n\t<meta property=\"og:image:width\" content=\"2048\" \/>\n\t<meta property=\"og:image:height\" content=\"1536\" \/>\n\t<meta property=\"og:image:type\" content=\"image\/jpeg\" \/>\n<meta name=\"author\" content=\"D\u00eddac\" \/>\n<meta name=\"twitter:card\" content=\"summary_large_image\" \/>\n<meta name=\"twitter:creator\" content=\"@canfalima\" \/>\n<meta name=\"twitter:site\" content=\"@canfalima\" \/>\n<meta name=\"twitter:label1\" content=\"Written by\" \/>\n\t<meta name=\"twitter:data1\" content=\"D\u00eddac\" \/>\n\t<meta name=\"twitter:label2\" content=\"Est. reading time\" \/>\n\t<meta name=\"twitter:data2\" content=\"2 minutes\" \/>\n<script type=\"application\/ld+json\" class=\"yoast-schema-graph\">{\"@context\":\"https:\\\/\\\/schema.org\",\"@graph\":[{\"@type\":\"NewsArticle\",\"@id\":\"https:\\\/\\\/canfali.com\\\/ca-es\\\/calp-limita-el-consum-de-tabac-a-les-platges\\\/#article\",\"isPartOf\":{\"@id\":\"https:\\\/\\\/canfali.com\\\/ca-es\\\/calp-limita-el-consum-de-tabac-a-les-platges\\\/\"},\"author\":{\"name\":\"D\u00eddac\",\"@id\":\"https:\\\/\\\/canfali.com\\\/ca-es\\\/#\\\/schema\\\/person\\\/5211f51be1ed486a218e6a4f53355b6d\"},\"headline\":\"Calp limita el consum de tabac a les platges\",\"datePublished\":\"2025-06-11T06:14:14+00:00\",\"dateModified\":\"2025-06-11T06:16:50+00:00\",\"mainEntityOfPage\":{\"@id\":\"https:\\\/\\\/canfali.com\\\/ca-es\\\/calp-limita-el-consum-de-tabac-a-les-platges\\\/\"},\"wordCount\":333,\"publisher\":{\"@id\":\"https:\\\/\\\/canfali.com\\\/ca-es\\\/#organization\"},\"image\":{\"@id\":\"https:\\\/\\\/canfali.com\\\/ca-es\\\/calp-limita-el-consum-de-tabac-a-les-platges\\\/#primaryimage\"},\"thumbnailUrl\":\"https:\\\/\\\/canfali.com\\\/app\\\/uploads\\\/2025\\\/06\\\/bandera-calp.jpeg\",\"keywords\":[\"burilles\",\"no fumeu\",\"platges\"],\"articleSection\":[\"Societat\"],\"inLanguage\":\"va-ES\",\"copyrightYear\":\"2025\",\"copyrightHolder\":{\"@id\":\"https:\\\/\\\/canfali.com\\\/#organization\"}},{\"@type\":\"WebPage\",\"@id\":\"https:\\\/\\\/canfali.com\\\/ca-es\\\/calp-limita-el-consum-de-tabac-a-les-platges\\\/\",\"url\":\"https:\\\/\\\/canfali.com\\\/ca-es\\\/calp-limita-el-consum-de-tabac-a-les-platges\\\/\",\"name\":\"Calp limita el consum de tabac a les platges - Canfali\",\"isPartOf\":{\"@id\":\"https:\\\/\\\/canfali.com\\\/ca-es\\\/#website\"},\"primaryImageOfPage\":{\"@id\":\"https:\\\/\\\/canfali.com\\\/ca-es\\\/calp-limita-el-consum-de-tabac-a-les-platges\\\/#primaryimage\"},\"image\":{\"@id\":\"https:\\\/\\\/canfali.com\\\/ca-es\\\/calp-limita-el-consum-de-tabac-a-les-platges\\\/#primaryimage\"},\"thumbnailUrl\":\"https:\\\/\\\/canfali.com\\\/app\\\/uploads\\\/2025\\\/06\\\/bandera-calp.jpeg\",\"datePublished\":\"2025-06-11T06:14:14+00:00\",\"dateModified\":\"2025-06-11T06:16:50+00:00\",\"breadcrumb\":{\"@id\":\"https:\\\/\\\/canfali.com\\\/ca-es\\\/calp-limita-el-consum-de-tabac-a-les-platges\\\/#breadcrumb\"},\"inLanguage\":\"va-ES\",\"potentialAction\":[{\"@type\":\"ReadAction\",\"target\":[\"https:\\\/\\\/canfali.com\\\/ca-es\\\/calp-limita-el-consum-de-tabac-a-les-platges\\\/\"]}]},{\"@type\":\"ImageObject\",\"inLanguage\":\"va-ES\",\"@id\":\"https:\\\/\\\/canfali.com\\\/ca-es\\\/calp-limita-el-consum-de-tabac-a-les-platges\\\/#primaryimage\",\"url\":\"https:\\\/\\\/canfali.com\\\/app\\\/uploads\\\/2025\\\/06\\\/bandera-calp.jpeg\",\"contentUrl\":\"https:\\\/\\\/canfali.com\\\/app\\\/uploads\\\/2025\\\/06\\\/bandera-calp.jpeg\",\"width\":2048,\"height\":1536},{\"@type\":\"BreadcrumbList\",\"@id\":\"https:\\\/\\\/canfali.com\\\/ca-es\\\/calp-limita-el-consum-de-tabac-a-les-platges\\\/#breadcrumb\",\"itemListElement\":[{\"@type\":\"ListItem\",\"position\":1,\"name\":\"Portada\",\"item\":\"https:\\\/\\\/canfali.com\\\/ca-es\\\/\"},{\"@type\":\"ListItem\",\"position\":2,\"name\":\"Calp limita el consum de tabac a les platges\"}]},{\"@type\":\"WebSite\",\"@id\":\"https:\\\/\\\/canfali.com\\\/ca-es\\\/#website\",\"url\":\"https:\\\/\\\/canfali.com\\\/ca-es\\\/\",\"name\":\"Canfali\",\"description\":\"\",\"publisher\":{\"@id\":\"https:\\\/\\\/canfali.com\\\/ca-es\\\/#organization\"},\"potentialAction\":[{\"@type\":\"SearchAction\",\"target\":{\"@type\":\"EntryPoint\",\"urlTemplate\":\"https:\\\/\\\/canfali.com\\\/ca-es\\\/?s={search_term_string}\"},\"query-input\":{\"@type\":\"PropertyValueSpecification\",\"valueRequired\":true,\"valueName\":\"search_term_string\"}}],\"inLanguage\":\"va-ES\"},{\"@type\":\"Organization\",\"@id\":\"https:\\\/\\\/canfali.com\\\/ca-es\\\/#organization\",\"name\":\"Canfali\",\"url\":\"https:\\\/\\\/canfali.com\\\/ca-es\\\/\",\"logo\":{\"@type\":\"ImageObject\",\"inLanguage\":\"va-ES\",\"@id\":\"https:\\\/\\\/canfali.com\\\/ca-es\\\/#\\\/schema\\\/logo\\\/image\\\/\",\"url\":\"https:\\\/\\\/canfali.com\\\/app\\\/uploads\\\/2025\\\/12\\\/canfali_marina_alta_logo.png\",\"contentUrl\":\"https:\\\/\\\/canfali.com\\\/app\\\/uploads\\\/2025\\\/12\\\/canfali_marina_alta_logo.png\",\"width\":225,\"height\":225,\"caption\":\"Canfali\"},\"image\":{\"@id\":\"https:\\\/\\\/canfali.com\\\/ca-es\\\/#\\\/schema\\\/logo\\\/image\\\/\"},\"sameAs\":[\"https:\\\/\\\/es-es.facebook.com\\\/CANFALIMarinaAlta\",\"https:\\\/\\\/x.com\\\/canfalima\",\"https:\\\/\\\/www.instagram.com\\\/canfalimarinaalta\\\/\"]},{\"@type\":\"Person\",\"@id\":\"https:\\\/\\\/canfali.com\\\/ca-es\\\/#\\\/schema\\\/person\\\/5211f51be1ed486a218e6a4f53355b6d\",\"name\":\"D\u00eddac\",\"image\":{\"@type\":\"ImageObject\",\"inLanguage\":\"va-ES\",\"@id\":\"https:\\\/\\\/secure.gravatar.com\\\/avatar\\\/a68a2078c12da8a6dd6cff4f3f3f69f7eb69a2d31ac1aac4da61c3761e4557f4?s=96&d=mm&r=g\",\"url\":\"https:\\\/\\\/secure.gravatar.com\\\/avatar\\\/a68a2078c12da8a6dd6cff4f3f3f69f7eb69a2d31ac1aac4da61c3761e4557f4?s=96&d=mm&r=g\",\"contentUrl\":\"https:\\\/\\\/secure.gravatar.com\\\/avatar\\\/a68a2078c12da8a6dd6cff4f3f3f69f7eb69a2d31ac1aac4da61c3761e4557f4?s=96&d=mm&r=g\",\"caption\":\"D\u00eddac\"},\"url\":\"https:\\\/\\\/canfali.com\\\/ca-es\\\/author\\\/didac\\\/\"}]}<\/script>\n<!-- \/ Yoast SEO Premium plugin. -->","yoast_head_json":{"title":"Calp limita el consum de tabac a les platges - Canfali","robots":{"index":"index","follow":"follow","max-snippet":"max-snippet:-1","max-image-preview":"max-image-preview:large","max-video-preview":"max-video-preview:-1"},"canonical":"https:\/\/canfali.com\/ca-es\/calp-limita-el-consum-de-tabac-a-les-platges\/","og_locale":"en_US","og_type":"article","og_title":"Calp limita el consum de tabac a les platges","og_description":"La Fossa, el Cantal Roig, L&#8217;Arenal, etc., compten ja amb la bandera de Platges sense Fum, un distintiu&hellip;","og_url":"https:\/\/canfali.com\/ca-es\/calp-limita-el-consum-de-tabac-a-les-platges\/","og_site_name":"Canfali","article_publisher":"https:\/\/es-es.facebook.com\/CANFALIMarinaAlta","article_published_time":"2025-06-11T06:14:14+00:00","article_modified_time":"2025-06-11T06:16:50+00:00","og_image":[{"width":2048,"height":1536,"url":"https:\/\/canfali.com\/app\/uploads\/2025\/06\/bandera-calp.jpeg","type":"image\/jpeg"}],"author":"D\u00eddac","twitter_card":"summary_large_image","twitter_creator":"@canfalima","twitter_site":"@canfalima","twitter_misc":{"Written by":"D\u00eddac","Est. reading time":"2 minutes"},"schema":{"@context":"https:\/\/schema.org","@graph":[{"@type":"NewsArticle","@id":"https:\/\/canfali.com\/ca-es\/calp-limita-el-consum-de-tabac-a-les-platges\/#article","isPartOf":{"@id":"https:\/\/canfali.com\/ca-es\/calp-limita-el-consum-de-tabac-a-les-platges\/"},"author":{"name":"D\u00eddac","@id":"https:\/\/canfali.com\/ca-es\/#\/schema\/person\/5211f51be1ed486a218e6a4f53355b6d"},"headline":"Calp limita el consum de tabac a les platges","datePublished":"2025-06-11T06:14:14+00:00","dateModified":"2025-06-11T06:16:50+00:00","mainEntityOfPage":{"@id":"https:\/\/canfali.com\/ca-es\/calp-limita-el-consum-de-tabac-a-les-platges\/"},"wordCount":333,"publisher":{"@id":"https:\/\/canfali.com\/ca-es\/#organization"},"image":{"@id":"https:\/\/canfali.com\/ca-es\/calp-limita-el-consum-de-tabac-a-les-platges\/#primaryimage"},"thumbnailUrl":"https:\/\/canfali.com\/app\/uploads\/2025\/06\/bandera-calp.jpeg","keywords":["burilles","no fumeu","platges"],"articleSection":["Societat"],"inLanguage":"va-ES","copyrightYear":"2025","copyrightHolder":{"@id":"https:\/\/canfali.com\/#organization"}},{"@type":"WebPage","@id":"https:\/\/canfali.com\/ca-es\/calp-limita-el-consum-de-tabac-a-les-platges\/","url":"https:\/\/canfali.com\/ca-es\/calp-limita-el-consum-de-tabac-a-les-platges\/","name":"Calp limita el consum de tabac a les platges - Canfali","isPartOf":{"@id":"https:\/\/canfali.com\/ca-es\/#website"},"primaryImageOfPage":{"@id":"https:\/\/canfali.com\/ca-es\/calp-limita-el-consum-de-tabac-a-les-platges\/#primaryimage"},"image":{"@id":"https:\/\/canfali.com\/ca-es\/calp-limita-el-consum-de-tabac-a-les-platges\/#primaryimage"},"thumbnailUrl":"https:\/\/canfali.com\/app\/uploads\/2025\/06\/bandera-calp.jpeg","datePublished":"2025-06-11T06:14:14+00:00","dateModified":"2025-06-11T06:16:50+00:00","breadcrumb":{"@id":"https:\/\/canfali.com\/ca-es\/calp-limita-el-consum-de-tabac-a-les-platges\/#breadcrumb"},"inLanguage":"va-ES","potentialAction":[{"@type":"ReadAction","target":["https:\/\/canfali.com\/ca-es\/calp-limita-el-consum-de-tabac-a-les-platges\/"]}]},{"@type":"ImageObject","inLanguage":"va-ES","@id":"https:\/\/canfali.com\/ca-es\/calp-limita-el-consum-de-tabac-a-les-platges\/#primaryimage","url":"https:\/\/canfali.com\/app\/uploads\/2025\/06\/bandera-calp.jpeg","contentUrl":"https:\/\/canfali.com\/app\/uploads\/2025\/06\/bandera-calp.jpeg","width":2048,"height":1536},{"@type":"BreadcrumbList","@id":"https:\/\/canfali.com\/ca-es\/calp-limita-el-consum-de-tabac-a-les-platges\/#breadcrumb","itemListElement":[{"@type":"ListItem","position":1,"name":"Portada","item":"https:\/\/canfali.com\/ca-es\/"},{"@type":"ListItem","position":2,"name":"Calp limita el consum de tabac a les platges"}]},{"@type":"WebSite","@id":"https:\/\/canfali.com\/ca-es\/#website","url":"https:\/\/canfali.com\/ca-es\/","name":"Canfali","description":"","publisher":{"@id":"https:\/\/canfali.com\/ca-es\/#organization"},"potentialAction":[{"@type":"SearchAction","target":{"@type":"EntryPoint","urlTemplate":"https:\/\/canfali.com\/ca-es\/?s={search_term_string}"},"query-input":{"@type":"PropertyValueSpecification","valueRequired":true,"valueName":"search_term_string"}}],"inLanguage":"va-ES"},{"@type":"Organization","@id":"https:\/\/canfali.com\/ca-es\/#organization","name":"Canfali","url":"https:\/\/canfali.com\/ca-es\/","logo":{"@type":"ImageObject","inLanguage":"va-ES","@id":"https:\/\/canfali.com\/ca-es\/#\/schema\/logo\/image\/","url":"https:\/\/canfali.com\/app\/uploads\/2025\/12\/canfali_marina_alta_logo.png","contentUrl":"https:\/\/canfali.com\/app\/uploads\/2025\/12\/canfali_marina_alta_logo.png","width":225,"height":225,"caption":"Canfali"},"image":{"@id":"https:\/\/canfali.com\/ca-es\/#\/schema\/logo\/image\/"},"sameAs":["https:\/\/es-es.facebook.com\/CANFALIMarinaAlta","https:\/\/x.com\/canfalima","https:\/\/www.instagram.com\/canfalimarinaalta\/"]},{"@type":"Person","@id":"https:\/\/canfali.com\/ca-es\/#\/schema\/person\/5211f51be1ed486a218e6a4f53355b6d","name":"D\u00eddac","image":{"@type":"ImageObject","inLanguage":"va-ES","@id":"https:\/\/secure.gravatar.com\/avatar\/a68a2078c12da8a6dd6cff4f3f3f69f7eb69a2d31ac1aac4da61c3761e4557f4?s=96&d=mm&r=g","url":"https:\/\/secure.gravatar.com\/avatar\/a68a2078c12da8a6dd6cff4f3f3f69f7eb69a2d31ac1aac4da61c3761e4557f4?s=96&d=mm&r=g","contentUrl":"https:\/\/secure.gravatar.com\/avatar\/a68a2078c12da8a6dd6cff4f3f3f69f7eb69a2d31ac1aac4da61c3761e4557f4?s=96&d=mm&r=g","caption":"D\u00eddac"},"url":"https:\/\/canfali.com\/ca-es\/author\/didac\/"}]}},"_links":{"self":[{"href":"https:\/\/canfali.com\/ca-es\/wp-json\/wp\/v2\/posts\/66041","targetHints":{"allow":["GET"]}}],"collection":[{"href":"https:\/\/canfali.com\/ca-es\/wp-json\/wp\/v2\/posts"}],"about":[{"href":"https:\/\/canfali.com\/ca-es\/wp-json\/wp\/v2\/types\/post"}],"author":[{"embeddable":true,"href":"https:\/\/canfali.com\/ca-es\/wp-json\/wp\/v2\/users\/5"}],"replies":[{"embeddable":true,"href":"https:\/\/canfali.com\/ca-es\/wp-json\/wp\/v2\/comments?post=66041"}],"version-history":[{"count":1,"href":"https:\/\/canfali.com\/ca-es\/wp-json\/wp\/v2\/posts\/66041\/revisions"}],"predecessor-version":[{"id":66042,"href":"https:\/\/canfali.com\/ca-es\/wp-json\/wp\/v2\/posts\/66041\/revisions\/66042"}],"wp:featuredmedia":[{"embeddable":true,"href":"https:\/\/canfali.com\/ca-es\/wp-json\/wp\/v2\/media\/66039"}],"wp:attachment":[{"href":"https:\/\/canfali.com\/ca-es\/wp-json\/wp\/v2\/media?parent=66041"}],"wp:term":[{"taxonomy":"category","embeddable":true,"href":"https:\/\/canfali.com\/ca-es\/wp-json\/wp\/v2\/categories?post=66041"},{"taxonomy":"post_tag","embeddable":true,"href":"https:\/\/canfali.com\/ca-es\/wp-json\/wp\/v2\/tags?post=66041"}],"curies":[{"name":"wp","href":"https:\/\/api.w.org\/{rel}","templated":true}]}}