{"id":65939,"date":"2025-06-10T19:46:11","date_gmt":"2025-06-10T17:46:11","guid":{"rendered":"https:\/\/canfali.com\/?p=65939"},"modified":"2025-06-10T19:47:27","modified_gmt":"2025-06-10T17:47:27","slug":"festes-a-pego-amb-lobjectiu-de-consolidar-el-dia-de-les-quintades","status":"publish","type":"post","link":"https:\/\/canfali.com\/ca-es\/festes-a-pego-amb-lobjectiu-de-consolidar-el-dia-de-les-quintades\/","title":{"rendered":"Festes a Pego amb l\u2019objectiu de consolidar el Dia de les Quintades"},"content":{"rendered":"\n<p><strong>La Regidoria de Festes avan\u00e7a la seua celebraci\u00f3 al pre\u00e0mbul i no deixar-lo com a ep\u00edleg a l\u2019hora de potenciar la participaci\u00f3<\/strong><\/p>\n\n\n\n<p>Les festes patronals que Pego dedica a l\u2019Ecce-Homo tenen com a principal novetat d\u2019aquesta edici\u00f3 2025 l\u2019avan\u00e7ada del Dia de les Quintades al dissabte 21 en el tram que suposa el pre\u00e0mbul de l\u2019agenda festera en compte de celebrar-lo com a ep\u00edleg, per tal de potenciar una participaci\u00f3 que fins ara es ressentia a causa de la costum de la majoria de pegolins de traslladar-se a les segones resid\u00e8ncies a partir de la festivitat del patr\u00f3 per tal de passar l\u2019estiu a la platja.<\/p>\n\n\n\n<p>Aix\u00ed, des de la Regidoria de l\u2019\u00e0rea s\u2019ha optat per que la festivitat en honor al patr\u00f3 siga la que pose la cloenda a un programa que barreja durant vora una dotzena de jornades els actes socials amb els culturals, esportistes i tradicionals com el tir i arrossegament i el dia de Sant Crist\u00f2fol. Tot aix\u00f2 fins el dijous 26 on \u201cles voltetes\u201d donar\u00e0 pas a un cap de setmana de Moros i Cristians amb la fil\u00e0 inquisidors com a fil\u00e0 capitana i l\u2019Ambaixada, l\u2019entrada de gala i l\u2019entrada jove com a actes m\u00e9s destacables per divendres 27, dissabte 28 i diumenge 29. Aquest tram fester \u00e9s vor\u00e0 succe\u00eft per les solemnitats religioses en honor al patr\u00f3 per a concloure el programa el dimecres 2 de juliol amb el <em>Dia de la Sang.<\/em><\/p>\n\n\n\n<figure class=\"wp-block-image size-large\"><img fetchpriority=\"high\" decoding=\"async\" width=\"1024\" height=\"679\" src=\"https:\/\/canfali.com\/app\/uploads\/2025\/06\/inquisidors-1024x679.jpg\" alt=\"\" class=\"wp-image-65940\" srcset=\"https:\/\/canfali.com\/app\/uploads\/2025\/06\/inquisidors-1024x679.jpg 1024w, https:\/\/canfali.com\/app\/uploads\/2025\/06\/inquisidors-300x199.jpg 300w, https:\/\/canfali.com\/app\/uploads\/2025\/06\/inquisidors-768x509.jpg 768w, https:\/\/canfali.com\/app\/uploads\/2025\/06\/inquisidors-1536x1019.jpg 1536w, https:\/\/canfali.com\/app\/uploads\/2025\/06\/inquisidors-2048x1358.jpg 2048w, https:\/\/canfali.com\/app\/uploads\/2025\/06\/inquisidors.jpg 2256w\" sizes=\"(max-width: 1024px) 100vw, 1024px\" \/><figcaption class=\"wp-element-caption\">La fil\u00e0 Inquisidors, capitana 2025<\/figcaption><\/figure>\n\n\n\n<p>&nbsp;&nbsp;&nbsp;&nbsp;&nbsp;&nbsp; L\u2019agenda d\u2019actes i horaris de la primera setmana \u00e9s la seg\u00fcent:<\/p>\n\n\n\n<p>DISSABTE 14<\/p>\n\n\n\n<p>-A les 10 h.: Tallers medievals per als m\u00e9s menuts en el passeig Cervantes.<\/p>\n\n\n\n<p>-A les 21 h.: Concert de Smoking Souls, Quinto i DJ al recinte multiactivitats.<\/p>\n\n\n\n<p>-A les 22 h.: Actuaci\u00f3 <em>Noche de Barrio<\/em>, en el passeig Cervantes.<\/p>\n\n\n\n<p>DIUMENGE 15<\/p>\n\n\n\n<p>&nbsp;&nbsp;&nbsp;&nbsp;&nbsp;&nbsp; -A les 20 h.: Concert de l\u2019Agrupaci\u00f3 Musical de Pego a la pla\u00e7a Franciscanes de la Pur\u00edsima Concepci\u00f3n.<\/p>\n\n\n\n<p>DIJOUS 19<\/p>\n\n\n\n<p>&nbsp;&nbsp;&nbsp;&nbsp;&nbsp;&nbsp; -A les 22 h.: Cinema a la fresca amb Mariposas negres al passeig Cervantes, amb la presentaci\u00f3 a c\u00e0rrec de Mari Carmen Cambrils.<\/p>\n\n\n\n<p>DIVENDRES 20<\/p>\n\n\n\n<p>&nbsp;&nbsp;&nbsp;&nbsp;&nbsp;&nbsp; -A partir de les 9 h.: LI Concurs de Tir i Arrosegament de Pego al camp del cam\u00ed de Sant Antoni.<\/p>\n\n\n\n<p>-A les 20 h.: Actuacions de l\u2019escola de ball d\u2019An\u00e0lia al passeig Cervantes.<\/p>\n","protected":false},"excerpt":{"rendered":"La Regidoria de Festes avan\u00e7a la seua celebraci\u00f3 al pre\u00e0mbul i no deixar-lo com a ep\u00edleg a l\u2019hora&hellip;","protected":false},"author":4,"featured_media":65942,"comment_status":"closed","ping_status":"closed","sticky":false,"template":"","format":"standard","meta":{"csco_display_header_overlay":false,"csco_singular_sidebar":"","csco_page_header_type":"","csco_page_load_nextpost":"","csco_post_video_location":[],"csco_post_video_location_hash":"","csco_post_video_url":"","csco_post_video_bg_start_time":0,"csco_post_video_bg_end_time":0,"footnotes":""},"categories":[587],"tags":[2771,2772,642,2773],"class_list":{"0":"post-65939","1":"post","2":"type-post","3":"status-publish","4":"format-standard","5":"has-post-thumbnail","7":"category-festes","8":"tag-festes-patronals","9":"tag-novetat","10":"tag-pego-2","11":"tag-reubicacio","12":"cs-entry","13":"cs-video-wrap"},"yoast_head":"<!-- This site is optimized with the Yoast SEO Premium plugin v26.6 (Yoast SEO v27.3) - https:\/\/yoast.com\/product\/yoast-seo-premium-wordpress\/ -->\n<title>Festes a Pego amb l\u2019objectiu de consolidar el Dia de les Quintades - Canfali<\/title>\n<meta name=\"robots\" content=\"index, follow, max-snippet:-1, max-image-preview:large, max-video-preview:-1\" \/>\n<link rel=\"canonical\" href=\"https:\/\/canfali.com\/ca-es\/festes-a-pego-amb-lobjectiu-de-consolidar-el-dia-de-les-quintades\/\" \/>\n<meta property=\"og:locale\" content=\"en_US\" \/>\n<meta property=\"og:type\" content=\"article\" \/>\n<meta property=\"og:title\" content=\"Festes a Pego amb l\u2019objectiu de consolidar el Dia de les Quintades\" \/>\n<meta property=\"og:description\" content=\"La Regidoria de Festes avan\u00e7a la seua celebraci\u00f3 al pre\u00e0mbul i no deixar-lo com a ep\u00edleg a l\u2019hora&hellip;\" \/>\n<meta property=\"og:url\" content=\"https:\/\/canfali.com\/ca-es\/festes-a-pego-amb-lobjectiu-de-consolidar-el-dia-de-les-quintades\/\" \/>\n<meta property=\"og:site_name\" content=\"Canfali\" \/>\n<meta property=\"article:publisher\" content=\"https:\/\/es-es.facebook.com\/CANFALIMarinaAlta\" \/>\n<meta property=\"article:published_time\" content=\"2025-06-10T17:46:11+00:00\" \/>\n<meta property=\"article:modified_time\" content=\"2025-06-10T17:47:27+00:00\" \/>\n<meta property=\"og:image\" content=\"https:\/\/canfali.com\/app\/uploads\/2025\/06\/publicitatfestespego-scaled.jpg\" \/>\n\t<meta property=\"og:image:width\" content=\"1811\" \/>\n\t<meta property=\"og:image:height\" content=\"2560\" \/>\n\t<meta property=\"og:image:type\" content=\"image\/jpeg\" \/>\n<meta name=\"author\" content=\"JJ Mas\" \/>\n<meta name=\"twitter:card\" content=\"summary_large_image\" \/>\n<meta name=\"twitter:creator\" content=\"@canfalima\" \/>\n<meta name=\"twitter:site\" content=\"@canfalima\" \/>\n<meta name=\"twitter:label1\" content=\"Written by\" \/>\n\t<meta name=\"twitter:data1\" content=\"JJ Mas\" \/>\n\t<meta name=\"twitter:label2\" content=\"Est. reading time\" \/>\n\t<meta name=\"twitter:data2\" content=\"2 minutes\" \/>\n<script type=\"application\/ld+json\" class=\"yoast-schema-graph\">{\"@context\":\"https:\\\/\\\/schema.org\",\"@graph\":[{\"@type\":\"NewsArticle\",\"@id\":\"https:\\\/\\\/canfali.com\\\/ca-es\\\/festes-a-pego-amb-lobjectiu-de-consolidar-el-dia-de-les-quintades\\\/#article\",\"isPartOf\":{\"@id\":\"https:\\\/\\\/canfali.com\\\/ca-es\\\/festes-a-pego-amb-lobjectiu-de-consolidar-el-dia-de-les-quintades\\\/\"},\"author\":{\"name\":\"JJ Mas\",\"@id\":\"https:\\\/\\\/canfali.com\\\/ca-es\\\/#\\\/schema\\\/person\\\/d834d2d4df17cac754d3c314d4c404ef\"},\"headline\":\"Festes a Pego amb l\u2019objectiu de consolidar el Dia de les Quintades\",\"datePublished\":\"2025-06-10T17:46:11+00:00\",\"dateModified\":\"2025-06-10T17:47:27+00:00\",\"mainEntityOfPage\":{\"@id\":\"https:\\\/\\\/canfali.com\\\/ca-es\\\/festes-a-pego-amb-lobjectiu-de-consolidar-el-dia-de-les-quintades\\\/\"},\"wordCount\":429,\"publisher\":{\"@id\":\"https:\\\/\\\/canfali.com\\\/ca-es\\\/#organization\"},\"image\":{\"@id\":\"https:\\\/\\\/canfali.com\\\/ca-es\\\/festes-a-pego-amb-lobjectiu-de-consolidar-el-dia-de-les-quintades\\\/#primaryimage\"},\"thumbnailUrl\":\"https:\\\/\\\/canfali.com\\\/app\\\/uploads\\\/2025\\\/06\\\/publicitatfestespego-scaled.jpg\",\"keywords\":[\"Festes patronals\",\"Novetat\",\"Pego\",\"reubicaci\u00f3\"],\"articleSection\":[\"Festes\"],\"inLanguage\":\"va-ES\",\"copyrightYear\":\"2025\",\"copyrightHolder\":{\"@id\":\"https:\\\/\\\/canfali.com\\\/#organization\"}},{\"@type\":\"WebPage\",\"@id\":\"https:\\\/\\\/canfali.com\\\/ca-es\\\/festes-a-pego-amb-lobjectiu-de-consolidar-el-dia-de-les-quintades\\\/\",\"url\":\"https:\\\/\\\/canfali.com\\\/ca-es\\\/festes-a-pego-amb-lobjectiu-de-consolidar-el-dia-de-les-quintades\\\/\",\"name\":\"Festes a Pego amb l\u2019objectiu de consolidar el Dia de les Quintades - Canfali\",\"isPartOf\":{\"@id\":\"https:\\\/\\\/canfali.com\\\/ca-es\\\/#website\"},\"primaryImageOfPage\":{\"@id\":\"https:\\\/\\\/canfali.com\\\/ca-es\\\/festes-a-pego-amb-lobjectiu-de-consolidar-el-dia-de-les-quintades\\\/#primaryimage\"},\"image\":{\"@id\":\"https:\\\/\\\/canfali.com\\\/ca-es\\\/festes-a-pego-amb-lobjectiu-de-consolidar-el-dia-de-les-quintades\\\/#primaryimage\"},\"thumbnailUrl\":\"https:\\\/\\\/canfali.com\\\/app\\\/uploads\\\/2025\\\/06\\\/publicitatfestespego-scaled.jpg\",\"datePublished\":\"2025-06-10T17:46:11+00:00\",\"dateModified\":\"2025-06-10T17:47:27+00:00\",\"breadcrumb\":{\"@id\":\"https:\\\/\\\/canfali.com\\\/ca-es\\\/festes-a-pego-amb-lobjectiu-de-consolidar-el-dia-de-les-quintades\\\/#breadcrumb\"},\"inLanguage\":\"va-ES\",\"potentialAction\":[{\"@type\":\"ReadAction\",\"target\":[\"https:\\\/\\\/canfali.com\\\/ca-es\\\/festes-a-pego-amb-lobjectiu-de-consolidar-el-dia-de-les-quintades\\\/\"]}]},{\"@type\":\"ImageObject\",\"inLanguage\":\"va-ES\",\"@id\":\"https:\\\/\\\/canfali.com\\\/ca-es\\\/festes-a-pego-amb-lobjectiu-de-consolidar-el-dia-de-les-quintades\\\/#primaryimage\",\"url\":\"https:\\\/\\\/canfali.com\\\/app\\\/uploads\\\/2025\\\/06\\\/publicitatfestespego-scaled.jpg\",\"contentUrl\":\"https:\\\/\\\/canfali.com\\\/app\\\/uploads\\\/2025\\\/06\\\/publicitatfestespego-scaled.jpg\",\"width\":1811,\"height\":2560},{\"@type\":\"BreadcrumbList\",\"@id\":\"https:\\\/\\\/canfali.com\\\/ca-es\\\/festes-a-pego-amb-lobjectiu-de-consolidar-el-dia-de-les-quintades\\\/#breadcrumb\",\"itemListElement\":[{\"@type\":\"ListItem\",\"position\":1,\"name\":\"Portada\",\"item\":\"https:\\\/\\\/canfali.com\\\/ca-es\\\/\"},{\"@type\":\"ListItem\",\"position\":2,\"name\":\"Festes a Pego amb l\u2019objectiu de consolidar el Dia de les Quintades\"}]},{\"@type\":\"WebSite\",\"@id\":\"https:\\\/\\\/canfali.com\\\/ca-es\\\/#website\",\"url\":\"https:\\\/\\\/canfali.com\\\/ca-es\\\/\",\"name\":\"Canfali\",\"description\":\"\",\"publisher\":{\"@id\":\"https:\\\/\\\/canfali.com\\\/ca-es\\\/#organization\"},\"potentialAction\":[{\"@type\":\"SearchAction\",\"target\":{\"@type\":\"EntryPoint\",\"urlTemplate\":\"https:\\\/\\\/canfali.com\\\/ca-es\\\/?s={search_term_string}\"},\"query-input\":{\"@type\":\"PropertyValueSpecification\",\"valueRequired\":true,\"valueName\":\"search_term_string\"}}],\"inLanguage\":\"va-ES\"},{\"@type\":\"Organization\",\"@id\":\"https:\\\/\\\/canfali.com\\\/ca-es\\\/#organization\",\"name\":\"Canfali\",\"url\":\"https:\\\/\\\/canfali.com\\\/ca-es\\\/\",\"logo\":{\"@type\":\"ImageObject\",\"inLanguage\":\"va-ES\",\"@id\":\"https:\\\/\\\/canfali.com\\\/ca-es\\\/#\\\/schema\\\/logo\\\/image\\\/\",\"url\":\"https:\\\/\\\/canfali.com\\\/app\\\/uploads\\\/2025\\\/12\\\/canfali_marina_alta_logo.png\",\"contentUrl\":\"https:\\\/\\\/canfali.com\\\/app\\\/uploads\\\/2025\\\/12\\\/canfali_marina_alta_logo.png\",\"width\":225,\"height\":225,\"caption\":\"Canfali\"},\"image\":{\"@id\":\"https:\\\/\\\/canfali.com\\\/ca-es\\\/#\\\/schema\\\/logo\\\/image\\\/\"},\"sameAs\":[\"https:\\\/\\\/es-es.facebook.com\\\/CANFALIMarinaAlta\",\"https:\\\/\\\/x.com\\\/canfalima\",\"https:\\\/\\\/www.instagram.com\\\/canfalimarinaalta\\\/\"]},{\"@type\":\"Person\",\"@id\":\"https:\\\/\\\/canfali.com\\\/ca-es\\\/#\\\/schema\\\/person\\\/d834d2d4df17cac754d3c314d4c404ef\",\"name\":\"JJ Mas\",\"image\":{\"@type\":\"ImageObject\",\"inLanguage\":\"va-ES\",\"@id\":\"https:\\\/\\\/secure.gravatar.com\\\/avatar\\\/65a5191f5438bf88c2394f6d1a625a6ff903c8785268e603c623a83bc15ba1ee?s=96&d=mm&r=g\",\"url\":\"https:\\\/\\\/secure.gravatar.com\\\/avatar\\\/65a5191f5438bf88c2394f6d1a625a6ff903c8785268e603c623a83bc15ba1ee?s=96&d=mm&r=g\",\"contentUrl\":\"https:\\\/\\\/secure.gravatar.com\\\/avatar\\\/65a5191f5438bf88c2394f6d1a625a6ff903c8785268e603c623a83bc15ba1ee?s=96&d=mm&r=g\",\"caption\":\"JJ Mas\"},\"url\":\"https:\\\/\\\/canfali.com\\\/ca-es\\\/author\\\/jj\\\/\"}]}<\/script>\n<!-- \/ Yoast SEO Premium plugin. -->","yoast_head_json":{"title":"Festes a Pego amb l\u2019objectiu de consolidar el Dia de les Quintades - Canfali","robots":{"index":"index","follow":"follow","max-snippet":"max-snippet:-1","max-image-preview":"max-image-preview:large","max-video-preview":"max-video-preview:-1"},"canonical":"https:\/\/canfali.com\/ca-es\/festes-a-pego-amb-lobjectiu-de-consolidar-el-dia-de-les-quintades\/","og_locale":"en_US","og_type":"article","og_title":"Festes a Pego amb l\u2019objectiu de consolidar el Dia de les Quintades","og_description":"La Regidoria de Festes avan\u00e7a la seua celebraci\u00f3 al pre\u00e0mbul i no deixar-lo com a ep\u00edleg a l\u2019hora&hellip;","og_url":"https:\/\/canfali.com\/ca-es\/festes-a-pego-amb-lobjectiu-de-consolidar-el-dia-de-les-quintades\/","og_site_name":"Canfali","article_publisher":"https:\/\/es-es.facebook.com\/CANFALIMarinaAlta","article_published_time":"2025-06-10T17:46:11+00:00","article_modified_time":"2025-06-10T17:47:27+00:00","og_image":[{"width":1811,"height":2560,"url":"https:\/\/canfali.com\/app\/uploads\/2025\/06\/publicitatfestespego-scaled.jpg","type":"image\/jpeg"}],"author":"JJ Mas","twitter_card":"summary_large_image","twitter_creator":"@canfalima","twitter_site":"@canfalima","twitter_misc":{"Written by":"JJ Mas","Est. reading time":"2 minutes"},"schema":{"@context":"https:\/\/schema.org","@graph":[{"@type":"NewsArticle","@id":"https:\/\/canfali.com\/ca-es\/festes-a-pego-amb-lobjectiu-de-consolidar-el-dia-de-les-quintades\/#article","isPartOf":{"@id":"https:\/\/canfali.com\/ca-es\/festes-a-pego-amb-lobjectiu-de-consolidar-el-dia-de-les-quintades\/"},"author":{"name":"JJ Mas","@id":"https:\/\/canfali.com\/ca-es\/#\/schema\/person\/d834d2d4df17cac754d3c314d4c404ef"},"headline":"Festes a Pego amb l\u2019objectiu de consolidar el Dia de les Quintades","datePublished":"2025-06-10T17:46:11+00:00","dateModified":"2025-06-10T17:47:27+00:00","mainEntityOfPage":{"@id":"https:\/\/canfali.com\/ca-es\/festes-a-pego-amb-lobjectiu-de-consolidar-el-dia-de-les-quintades\/"},"wordCount":429,"publisher":{"@id":"https:\/\/canfali.com\/ca-es\/#organization"},"image":{"@id":"https:\/\/canfali.com\/ca-es\/festes-a-pego-amb-lobjectiu-de-consolidar-el-dia-de-les-quintades\/#primaryimage"},"thumbnailUrl":"https:\/\/canfali.com\/app\/uploads\/2025\/06\/publicitatfestespego-scaled.jpg","keywords":["Festes patronals","Novetat","Pego","reubicaci\u00f3"],"articleSection":["Festes"],"inLanguage":"va-ES","copyrightYear":"2025","copyrightHolder":{"@id":"https:\/\/canfali.com\/#organization"}},{"@type":"WebPage","@id":"https:\/\/canfali.com\/ca-es\/festes-a-pego-amb-lobjectiu-de-consolidar-el-dia-de-les-quintades\/","url":"https:\/\/canfali.com\/ca-es\/festes-a-pego-amb-lobjectiu-de-consolidar-el-dia-de-les-quintades\/","name":"Festes a Pego amb l\u2019objectiu de consolidar el Dia de les Quintades - Canfali","isPartOf":{"@id":"https:\/\/canfali.com\/ca-es\/#website"},"primaryImageOfPage":{"@id":"https:\/\/canfali.com\/ca-es\/festes-a-pego-amb-lobjectiu-de-consolidar-el-dia-de-les-quintades\/#primaryimage"},"image":{"@id":"https:\/\/canfali.com\/ca-es\/festes-a-pego-amb-lobjectiu-de-consolidar-el-dia-de-les-quintades\/#primaryimage"},"thumbnailUrl":"https:\/\/canfali.com\/app\/uploads\/2025\/06\/publicitatfestespego-scaled.jpg","datePublished":"2025-06-10T17:46:11+00:00","dateModified":"2025-06-10T17:47:27+00:00","breadcrumb":{"@id":"https:\/\/canfali.com\/ca-es\/festes-a-pego-amb-lobjectiu-de-consolidar-el-dia-de-les-quintades\/#breadcrumb"},"inLanguage":"va-ES","potentialAction":[{"@type":"ReadAction","target":["https:\/\/canfali.com\/ca-es\/festes-a-pego-amb-lobjectiu-de-consolidar-el-dia-de-les-quintades\/"]}]},{"@type":"ImageObject","inLanguage":"va-ES","@id":"https:\/\/canfali.com\/ca-es\/festes-a-pego-amb-lobjectiu-de-consolidar-el-dia-de-les-quintades\/#primaryimage","url":"https:\/\/canfali.com\/app\/uploads\/2025\/06\/publicitatfestespego-scaled.jpg","contentUrl":"https:\/\/canfali.com\/app\/uploads\/2025\/06\/publicitatfestespego-scaled.jpg","width":1811,"height":2560},{"@type":"BreadcrumbList","@id":"https:\/\/canfali.com\/ca-es\/festes-a-pego-amb-lobjectiu-de-consolidar-el-dia-de-les-quintades\/#breadcrumb","itemListElement":[{"@type":"ListItem","position":1,"name":"Portada","item":"https:\/\/canfali.com\/ca-es\/"},{"@type":"ListItem","position":2,"name":"Festes a Pego amb l\u2019objectiu de consolidar el Dia de les Quintades"}]},{"@type":"WebSite","@id":"https:\/\/canfali.com\/ca-es\/#website","url":"https:\/\/canfali.com\/ca-es\/","name":"Canfali","description":"","publisher":{"@id":"https:\/\/canfali.com\/ca-es\/#organization"},"potentialAction":[{"@type":"SearchAction","target":{"@type":"EntryPoint","urlTemplate":"https:\/\/canfali.com\/ca-es\/?s={search_term_string}"},"query-input":{"@type":"PropertyValueSpecification","valueRequired":true,"valueName":"search_term_string"}}],"inLanguage":"va-ES"},{"@type":"Organization","@id":"https:\/\/canfali.com\/ca-es\/#organization","name":"Canfali","url":"https:\/\/canfali.com\/ca-es\/","logo":{"@type":"ImageObject","inLanguage":"va-ES","@id":"https:\/\/canfali.com\/ca-es\/#\/schema\/logo\/image\/","url":"https:\/\/canfali.com\/app\/uploads\/2025\/12\/canfali_marina_alta_logo.png","contentUrl":"https:\/\/canfali.com\/app\/uploads\/2025\/12\/canfali_marina_alta_logo.png","width":225,"height":225,"caption":"Canfali"},"image":{"@id":"https:\/\/canfali.com\/ca-es\/#\/schema\/logo\/image\/"},"sameAs":["https:\/\/es-es.facebook.com\/CANFALIMarinaAlta","https:\/\/x.com\/canfalima","https:\/\/www.instagram.com\/canfalimarinaalta\/"]},{"@type":"Person","@id":"https:\/\/canfali.com\/ca-es\/#\/schema\/person\/d834d2d4df17cac754d3c314d4c404ef","name":"JJ Mas","image":{"@type":"ImageObject","inLanguage":"va-ES","@id":"https:\/\/secure.gravatar.com\/avatar\/65a5191f5438bf88c2394f6d1a625a6ff903c8785268e603c623a83bc15ba1ee?s=96&d=mm&r=g","url":"https:\/\/secure.gravatar.com\/avatar\/65a5191f5438bf88c2394f6d1a625a6ff903c8785268e603c623a83bc15ba1ee?s=96&d=mm&r=g","contentUrl":"https:\/\/secure.gravatar.com\/avatar\/65a5191f5438bf88c2394f6d1a625a6ff903c8785268e603c623a83bc15ba1ee?s=96&d=mm&r=g","caption":"JJ Mas"},"url":"https:\/\/canfali.com\/ca-es\/author\/jj\/"}]}},"_links":{"self":[{"href":"https:\/\/canfali.com\/ca-es\/wp-json\/wp\/v2\/posts\/65939","targetHints":{"allow":["GET"]}}],"collection":[{"href":"https:\/\/canfali.com\/ca-es\/wp-json\/wp\/v2\/posts"}],"about":[{"href":"https:\/\/canfali.com\/ca-es\/wp-json\/wp\/v2\/types\/post"}],"author":[{"embeddable":true,"href":"https:\/\/canfali.com\/ca-es\/wp-json\/wp\/v2\/users\/4"}],"replies":[{"embeddable":true,"href":"https:\/\/canfali.com\/ca-es\/wp-json\/wp\/v2\/comments?post=65939"}],"version-history":[{"count":1,"href":"https:\/\/canfali.com\/ca-es\/wp-json\/wp\/v2\/posts\/65939\/revisions"}],"predecessor-version":[{"id":65944,"href":"https:\/\/canfali.com\/ca-es\/wp-json\/wp\/v2\/posts\/65939\/revisions\/65944"}],"wp:featuredmedia":[{"embeddable":true,"href":"https:\/\/canfali.com\/ca-es\/wp-json\/wp\/v2\/media\/65942"}],"wp:attachment":[{"href":"https:\/\/canfali.com\/ca-es\/wp-json\/wp\/v2\/media?parent=65939"}],"wp:term":[{"taxonomy":"category","embeddable":true,"href":"https:\/\/canfali.com\/ca-es\/wp-json\/wp\/v2\/categories?post=65939"},{"taxonomy":"post_tag","embeddable":true,"href":"https:\/\/canfali.com\/ca-es\/wp-json\/wp\/v2\/tags?post=65939"}],"curies":[{"name":"wp","href":"https:\/\/api.w.org\/{rel}","templated":true}]}}