{"id":65914,"date":"2025-06-10T17:26:24","date_gmt":"2025-06-10T15:26:24","guid":{"rendered":"https:\/\/canfali.com\/la-jornada-per-luca-a-pedreguer-recapta-4-620-euros\/"},"modified":"2025-06-10T17:28:42","modified_gmt":"2025-06-10T15:28:42","slug":"la-jornada-per-luca-a-pedreguer-recapta-4-620-euros","status":"publish","type":"post","link":"https:\/\/canfali.com\/ca-es\/la-jornada-per-luca-a-pedreguer-recapta-4-620-euros\/","title":{"rendered":"La jornada per Luca a Pedreguer recapta 4.620 euros"},"content":{"rendered":"\n<p><p class=\"p1\">El Parc del Patronat de Pedreguer es va omplir el passat diumenge 8 de juny de solidaritat, alegria i comprom\u00eds en la celebraci\u00f3 de l&#8217;esdeveniment ben\u00e8fic \u201cMati Solidaris.es per Luca\u201d, Una matinal<span class=\"Apple-converted-space\">\u00a0 <\/span>pensada per a tota la fam\u00edlia amb un objectiu molt clar: donar visibilitat a la s\u00edndrome IFAP i recaptar fons per ajudar a Luca i a la investigaci\u00f3 d&#8217;aquesta malaltia ultra rara.<\/p><\/p>\n\n<figure class=\"wp-block-image size-large\"><img fetchpriority=\"high\" decoding=\"async\" width=\"1024\" height=\"768\" src=\"https:\/\/canfali.com\/app\/uploads\/2025\/06\/8luca6-1024x768.jpeg\" alt=\"\" class=\"wp-image-65904\" srcset=\"https:\/\/canfali.com\/app\/uploads\/2025\/06\/8luca6-1024x768.jpeg 1024w, https:\/\/canfali.com\/app\/uploads\/2025\/06\/8luca6-300x225.jpeg 300w, https:\/\/canfali.com\/app\/uploads\/2025\/06\/8luca6-768x576.jpeg 768w, https:\/\/canfali.com\/app\/uploads\/2025\/06\/8luca6-1536x1152.jpeg 1536w, https:\/\/canfali.com\/app\/uploads\/2025\/06\/8luca6.jpeg 1600w\" sizes=\"(max-width: 1024px) 100vw, 1024px\" \/><\/figure>\n\n<p>\tLa jornada va comen\u00e7ar amb la m\u00fasica del DJ Mesqui, que va posar ritme des de primera hora, i va ser presentada per Jos\u00e9 Carabaca, speaker de l&#8217;esdeveniment. Els m\u00e9s petits van gaudir de castells inflables de Nitidia Sport, mentre que a les 10 hores va tindre lloc una caminada familiar organitzada pel Centre Excursionista de Pedreguer. La presidenta de l\u2019entitat, Maite Sendra, va fer de guia i va anar explicant els senyals que es troben en les rutes de senderisme.<br\/><\/p>\n\n<p>\tL&#8217;ambient va seguir animat gr\u00e0cies a la participaci\u00f3 del Grup de Danses de Pedreguer, que va oferir una mostra de balls tradicionals, i del mag Magic Almendros, que va sorprendre tant a xiquets com a adults amb el seu espectacle. La jornada va tancar amb un taller de ball swing en parella, a c\u00e0rrec de La Marina Lindy Hop, omplint de energia i somriures el parc. A m\u00e9s, durant tot l&#8217;esdeveniment, els assistents van poder gaudir d\u2019un servei de barra gestionat per la Falla Centre de D\u00e9nia.<br\/><\/p>\n\n<figure class=\"wp-block-image size-large\"><img decoding=\"async\" width=\"1024\" height=\"440\" src=\"https:\/\/canfali.com\/app\/uploads\/2025\/06\/8luca4-1024x440.jpeg\" alt=\"\" class=\"wp-image-65900\" srcset=\"https:\/\/canfali.com\/app\/uploads\/2025\/06\/8luca4-1024x440.jpeg 1024w, https:\/\/canfali.com\/app\/uploads\/2025\/06\/8luca4-300x129.jpeg 300w, https:\/\/canfali.com\/app\/uploads\/2025\/06\/8luca4-768x330.jpeg 768w, https:\/\/canfali.com\/app\/uploads\/2025\/06\/8luca4-1536x660.jpeg 1536w, https:\/\/canfali.com\/app\/uploads\/2025\/06\/8luca4.jpeg 1600w\" sizes=\"(max-width: 1024px) 100vw, 1024px\" \/><\/figure>\n\n<p>\tEls inscrits van rebre el mocador solidari \u201cPer Luca\u201d com a s\u00edmbol de suport a la causa. Els pares de Luca, Cristina Forn\u00e9s i Roberto S\u00e1nchez, van expressar el seu agra\u00efment emocionats: \u201cVeure com tot un poble s&#8217;uneix per una causa tan justa ens omple de for\u00e7a. Gr\u00e0cies a tots per formar part d&#8217;aquest mat\u00ed tan especial\u201d, va comentar Roberto S\u00e1nchez.<br\/><\/p>\n\n<figure class=\"wp-block-image size-large\"><img decoding=\"async\" width=\"989\" height=\"1024\" src=\"https:\/\/canfali.com\/app\/uploads\/2025\/06\/8luca3-1-989x1024.jpeg\" alt=\"\" class=\"wp-image-65898\" srcset=\"https:\/\/canfali.com\/app\/uploads\/2025\/06\/8luca3-1-989x1024.jpeg 989w, https:\/\/canfali.com\/app\/uploads\/2025\/06\/8luca3-1-290x300.jpeg 290w, https:\/\/canfali.com\/app\/uploads\/2025\/06\/8luca3-1-768x795.jpeg 768w, https:\/\/canfali.com\/app\/uploads\/2025\/06\/8luca3-1.jpeg 1394w\" sizes=\"(max-width: 989px) 100vw, 989px\" \/><\/figure>\n\n<p>\tL&#8217;alcalde, Sergi Ferr\u00fas, i la regidora de Benestar Social, Celia Mas, tamb\u00e9 van participar en la clausura de l&#8217;esdeveniment, destacant la gran capacitat d&#8217;uni\u00f3 del municipi: \u201cAquest esdeveniment demostra la gran empatia de Pedreguer. Ha sigut un mat\u00ed inoblidable, on la solidaritat ha sigut present en cada rac\u00f3 del parc\u201d, va afirmar Mas.<br\/><\/p>\n\n<figure class=\"wp-block-image size-large\"><img loading=\"lazy\" decoding=\"async\" width=\"1024\" height=\"780\" src=\"https:\/\/canfali.com\/app\/uploads\/2025\/06\/8luca2-1024x780.jpeg\" alt=\"\" class=\"wp-image-65896\" srcset=\"https:\/\/canfali.com\/app\/uploads\/2025\/06\/8luca2-1024x780.jpeg 1024w, https:\/\/canfali.com\/app\/uploads\/2025\/06\/8luca2-300x228.jpeg 300w, https:\/\/canfali.com\/app\/uploads\/2025\/06\/8luca2-768x585.jpeg 768w, https:\/\/canfali.com\/app\/uploads\/2025\/06\/8luca2.jpeg 1295w\" sizes=\"(max-width: 1024px) 100vw, 1024px\" \/><\/figure>\n\n<p>\tL&#8217;organitzaci\u00f3 de l&#8217;esdeveniment, integrada per l&#8217;Ajuntament de Pedreguer, Jovempa Marina Alta, Nitidia Sport, Centre Excursionista de Pedreguer, i Jovempa Federaci\u00f3, ha fet un balan\u00e7 molt positiu, destacant tant la participaci\u00f3 com l&#8217;impacte social aconseguit. A m\u00e9s, han agra\u00eft l\u2019implicaci\u00f3 dels patrocinadors, col\u00b7laboradors i voluntaris, sense els quals la jornada no hauria estat possible.<br\/><\/p>\n","protected":false},"excerpt":{"rendered":"La jornada va comen\u00e7ar amb la m\u00fasica del DJ Mesqui, que va posar ritme des de primera hora, i va ser presentada per Jos\u00e9 Carabaca, speaker de l&#8217;esdeveniment.","protected":false},"author":8,"featured_media":65903,"comment_status":"closed","ping_status":"closed","sticky":false,"template":"","format":"standard","meta":{"csco_display_header_overlay":false,"csco_singular_sidebar":"","csco_page_header_type":"","csco_page_load_nextpost":"","csco_post_video_location":[],"csco_post_video_location_hash":"","csco_post_video_url":"","csco_post_video_bg_start_time":0,"csco_post_video_bg_end_time":0,"footnotes":""},"categories":[587,1,594],"tags":[],"class_list":{"0":"post-65914","1":"post","2":"type-post","3":"status-publish","4":"format-standard","5":"has-post-thumbnail","7":"category-festes","8":"category-sin-categorizar","9":"category-societat","10":"cs-entry","11":"cs-video-wrap"},"yoast_head":"<!-- This site is optimized with the Yoast SEO Premium plugin v26.6 (Yoast SEO v27.3) - https:\/\/yoast.com\/product\/yoast-seo-premium-wordpress\/ -->\n<title>La jornada per Luca a Pedreguer recapta 4.620 euros - Canfali<\/title>\n<meta name=\"robots\" content=\"index, follow, max-snippet:-1, max-image-preview:large, max-video-preview:-1\" \/>\n<link rel=\"canonical\" href=\"https:\/\/canfali.com\/ca-es\/la-jornada-per-luca-a-pedreguer-recapta-4-620-euros\/\" \/>\n<meta property=\"og:locale\" content=\"en_US\" \/>\n<meta property=\"og:type\" content=\"article\" \/>\n<meta property=\"og:title\" content=\"La jornada per Luca a Pedreguer recapta 4.620 euros\" \/>\n<meta property=\"og:description\" content=\"La jornada va comen\u00e7ar amb la m\u00fasica del DJ Mesqui, que va posar ritme des de primera hora, i va ser presentada per Jos\u00e9 Carabaca, speaker de l&#039;esdeveniment.\" \/>\n<meta property=\"og:url\" content=\"https:\/\/canfali.com\/ca-es\/la-jornada-per-luca-a-pedreguer-recapta-4-620-euros\/\" \/>\n<meta property=\"og:site_name\" content=\"Canfali\" \/>\n<meta property=\"article:publisher\" content=\"https:\/\/es-es.facebook.com\/CANFALIMarinaAlta\" \/>\n<meta property=\"article:published_time\" content=\"2025-06-10T15:26:24+00:00\" \/>\n<meta property=\"article:modified_time\" content=\"2025-06-10T15:28:42+00:00\" \/>\n<meta property=\"og:image\" content=\"https:\/\/canfali.com\/app\/uploads\/2025\/06\/8luca5.jpeg\" \/>\n\t<meta property=\"og:image:width\" content=\"1600\" \/>\n\t<meta property=\"og:image:height\" content=\"1200\" \/>\n\t<meta property=\"og:image:type\" content=\"image\/jpeg\" \/>\n<meta name=\"author\" content=\"Lluis\" \/>\n<meta name=\"twitter:card\" content=\"summary_large_image\" \/>\n<meta name=\"twitter:creator\" content=\"@canfalima\" \/>\n<meta name=\"twitter:site\" content=\"@canfalima\" \/>\n<meta name=\"twitter:label1\" content=\"Written by\" \/>\n\t<meta name=\"twitter:data1\" content=\"Lluis\" \/>\n\t<meta name=\"twitter:label2\" content=\"Est. reading time\" \/>\n\t<meta name=\"twitter:data2\" content=\"2 minutes\" \/>\n<script type=\"application\/ld+json\" class=\"yoast-schema-graph\">{\"@context\":\"https:\\\/\\\/schema.org\",\"@graph\":[{\"@type\":\"NewsArticle\",\"@id\":\"https:\\\/\\\/canfali.com\\\/ca-es\\\/la-jornada-per-luca-a-pedreguer-recapta-4-620-euros\\\/#article\",\"isPartOf\":{\"@id\":\"https:\\\/\\\/canfali.com\\\/ca-es\\\/la-jornada-per-luca-a-pedreguer-recapta-4-620-euros\\\/\"},\"author\":{\"name\":\"Lluis\",\"@id\":\"https:\\\/\\\/canfali.com\\\/ca-es\\\/#\\\/schema\\\/person\\\/f540a86fb33e10daaae53c59ceaa1194\"},\"headline\":\"La jornada per Luca a Pedreguer recapta 4.620 euros\",\"datePublished\":\"2025-06-10T15:26:24+00:00\",\"dateModified\":\"2025-06-10T15:28:42+00:00\",\"mainEntityOfPage\":{\"@id\":\"https:\\\/\\\/canfali.com\\\/ca-es\\\/la-jornada-per-luca-a-pedreguer-recapta-4-620-euros\\\/\"},\"wordCount\":445,\"publisher\":{\"@id\":\"https:\\\/\\\/canfali.com\\\/ca-es\\\/#organization\"},\"image\":{\"@id\":\"https:\\\/\\\/canfali.com\\\/ca-es\\\/la-jornada-per-luca-a-pedreguer-recapta-4-620-euros\\\/#primaryimage\"},\"thumbnailUrl\":\"https:\\\/\\\/canfali.com\\\/app\\\/uploads\\\/2025\\\/06\\\/8luca5.jpeg\",\"articleSection\":[\"Festes\",\"Sin categorizar\",\"Societat\"],\"inLanguage\":\"va-ES\",\"copyrightYear\":\"2025\",\"copyrightHolder\":{\"@id\":\"https:\\\/\\\/canfali.com\\\/#organization\"}},{\"@type\":\"WebPage\",\"@id\":\"https:\\\/\\\/canfali.com\\\/ca-es\\\/la-jornada-per-luca-a-pedreguer-recapta-4-620-euros\\\/\",\"url\":\"https:\\\/\\\/canfali.com\\\/ca-es\\\/la-jornada-per-luca-a-pedreguer-recapta-4-620-euros\\\/\",\"name\":\"La jornada per Luca a Pedreguer recapta 4.620 euros - Canfali\",\"isPartOf\":{\"@id\":\"https:\\\/\\\/canfali.com\\\/ca-es\\\/#website\"},\"primaryImageOfPage\":{\"@id\":\"https:\\\/\\\/canfali.com\\\/ca-es\\\/la-jornada-per-luca-a-pedreguer-recapta-4-620-euros\\\/#primaryimage\"},\"image\":{\"@id\":\"https:\\\/\\\/canfali.com\\\/ca-es\\\/la-jornada-per-luca-a-pedreguer-recapta-4-620-euros\\\/#primaryimage\"},\"thumbnailUrl\":\"https:\\\/\\\/canfali.com\\\/app\\\/uploads\\\/2025\\\/06\\\/8luca5.jpeg\",\"datePublished\":\"2025-06-10T15:26:24+00:00\",\"dateModified\":\"2025-06-10T15:28:42+00:00\",\"breadcrumb\":{\"@id\":\"https:\\\/\\\/canfali.com\\\/ca-es\\\/la-jornada-per-luca-a-pedreguer-recapta-4-620-euros\\\/#breadcrumb\"},\"inLanguage\":\"va-ES\",\"potentialAction\":[{\"@type\":\"ReadAction\",\"target\":[\"https:\\\/\\\/canfali.com\\\/ca-es\\\/la-jornada-per-luca-a-pedreguer-recapta-4-620-euros\\\/\"]}]},{\"@type\":\"ImageObject\",\"inLanguage\":\"va-ES\",\"@id\":\"https:\\\/\\\/canfali.com\\\/ca-es\\\/la-jornada-per-luca-a-pedreguer-recapta-4-620-euros\\\/#primaryimage\",\"url\":\"https:\\\/\\\/canfali.com\\\/app\\\/uploads\\\/2025\\\/06\\\/8luca5.jpeg\",\"contentUrl\":\"https:\\\/\\\/canfali.com\\\/app\\\/uploads\\\/2025\\\/06\\\/8luca5.jpeg\",\"width\":1600,\"height\":1200},{\"@type\":\"BreadcrumbList\",\"@id\":\"https:\\\/\\\/canfali.com\\\/ca-es\\\/la-jornada-per-luca-a-pedreguer-recapta-4-620-euros\\\/#breadcrumb\",\"itemListElement\":[{\"@type\":\"ListItem\",\"position\":1,\"name\":\"Portada\",\"item\":\"https:\\\/\\\/canfali.com\\\/ca-es\\\/\"},{\"@type\":\"ListItem\",\"position\":2,\"name\":\"La jornada per Luca a Pedreguer recapta 4.620 euros\"}]},{\"@type\":\"WebSite\",\"@id\":\"https:\\\/\\\/canfali.com\\\/ca-es\\\/#website\",\"url\":\"https:\\\/\\\/canfali.com\\\/ca-es\\\/\",\"name\":\"Canfali\",\"description\":\"\",\"publisher\":{\"@id\":\"https:\\\/\\\/canfali.com\\\/ca-es\\\/#organization\"},\"potentialAction\":[{\"@type\":\"SearchAction\",\"target\":{\"@type\":\"EntryPoint\",\"urlTemplate\":\"https:\\\/\\\/canfali.com\\\/ca-es\\\/?s={search_term_string}\"},\"query-input\":{\"@type\":\"PropertyValueSpecification\",\"valueRequired\":true,\"valueName\":\"search_term_string\"}}],\"inLanguage\":\"va-ES\"},{\"@type\":\"Organization\",\"@id\":\"https:\\\/\\\/canfali.com\\\/ca-es\\\/#organization\",\"name\":\"Canfali\",\"url\":\"https:\\\/\\\/canfali.com\\\/ca-es\\\/\",\"logo\":{\"@type\":\"ImageObject\",\"inLanguage\":\"va-ES\",\"@id\":\"https:\\\/\\\/canfali.com\\\/ca-es\\\/#\\\/schema\\\/logo\\\/image\\\/\",\"url\":\"https:\\\/\\\/canfali.com\\\/app\\\/uploads\\\/2025\\\/12\\\/canfali_marina_alta_logo.png\",\"contentUrl\":\"https:\\\/\\\/canfali.com\\\/app\\\/uploads\\\/2025\\\/12\\\/canfali_marina_alta_logo.png\",\"width\":225,\"height\":225,\"caption\":\"Canfali\"},\"image\":{\"@id\":\"https:\\\/\\\/canfali.com\\\/ca-es\\\/#\\\/schema\\\/logo\\\/image\\\/\"},\"sameAs\":[\"https:\\\/\\\/es-es.facebook.com\\\/CANFALIMarinaAlta\",\"https:\\\/\\\/x.com\\\/canfalima\",\"https:\\\/\\\/www.instagram.com\\\/canfalimarinaalta\\\/\"]},{\"@type\":\"Person\",\"@id\":\"https:\\\/\\\/canfali.com\\\/ca-es\\\/#\\\/schema\\\/person\\\/f540a86fb33e10daaae53c59ceaa1194\",\"name\":\"Lluis\",\"image\":{\"@type\":\"ImageObject\",\"inLanguage\":\"va-ES\",\"@id\":\"https:\\\/\\\/secure.gravatar.com\\\/avatar\\\/a21ec8835290e4e02ed0886b8cb327d807d0eb6ec8ccf25d4c2a0a415f506c0d?s=96&d=mm&r=g\",\"url\":\"https:\\\/\\\/secure.gravatar.com\\\/avatar\\\/a21ec8835290e4e02ed0886b8cb327d807d0eb6ec8ccf25d4c2a0a415f506c0d?s=96&d=mm&r=g\",\"contentUrl\":\"https:\\\/\\\/secure.gravatar.com\\\/avatar\\\/a21ec8835290e4e02ed0886b8cb327d807d0eb6ec8ccf25d4c2a0a415f506c0d?s=96&d=mm&r=g\",\"caption\":\"Lluis\"},\"url\":\"https:\\\/\\\/canfali.com\\\/ca-es\\\/author\\\/lluis\\\/\"}]}<\/script>\n<!-- \/ Yoast SEO Premium plugin. -->","yoast_head_json":{"title":"La jornada per Luca a Pedreguer recapta 4.620 euros - Canfali","robots":{"index":"index","follow":"follow","max-snippet":"max-snippet:-1","max-image-preview":"max-image-preview:large","max-video-preview":"max-video-preview:-1"},"canonical":"https:\/\/canfali.com\/ca-es\/la-jornada-per-luca-a-pedreguer-recapta-4-620-euros\/","og_locale":"en_US","og_type":"article","og_title":"La jornada per Luca a Pedreguer recapta 4.620 euros","og_description":"La jornada va comen\u00e7ar amb la m\u00fasica del DJ Mesqui, que va posar ritme des de primera hora, i va ser presentada per Jos\u00e9 Carabaca, speaker de l'esdeveniment.","og_url":"https:\/\/canfali.com\/ca-es\/la-jornada-per-luca-a-pedreguer-recapta-4-620-euros\/","og_site_name":"Canfali","article_publisher":"https:\/\/es-es.facebook.com\/CANFALIMarinaAlta","article_published_time":"2025-06-10T15:26:24+00:00","article_modified_time":"2025-06-10T15:28:42+00:00","og_image":[{"width":1600,"height":1200,"url":"https:\/\/canfali.com\/app\/uploads\/2025\/06\/8luca5.jpeg","type":"image\/jpeg"}],"author":"Lluis","twitter_card":"summary_large_image","twitter_creator":"@canfalima","twitter_site":"@canfalima","twitter_misc":{"Written by":"Lluis","Est. reading time":"2 minutes"},"schema":{"@context":"https:\/\/schema.org","@graph":[{"@type":"NewsArticle","@id":"https:\/\/canfali.com\/ca-es\/la-jornada-per-luca-a-pedreguer-recapta-4-620-euros\/#article","isPartOf":{"@id":"https:\/\/canfali.com\/ca-es\/la-jornada-per-luca-a-pedreguer-recapta-4-620-euros\/"},"author":{"name":"Lluis","@id":"https:\/\/canfali.com\/ca-es\/#\/schema\/person\/f540a86fb33e10daaae53c59ceaa1194"},"headline":"La jornada per Luca a Pedreguer recapta 4.620 euros","datePublished":"2025-06-10T15:26:24+00:00","dateModified":"2025-06-10T15:28:42+00:00","mainEntityOfPage":{"@id":"https:\/\/canfali.com\/ca-es\/la-jornada-per-luca-a-pedreguer-recapta-4-620-euros\/"},"wordCount":445,"publisher":{"@id":"https:\/\/canfali.com\/ca-es\/#organization"},"image":{"@id":"https:\/\/canfali.com\/ca-es\/la-jornada-per-luca-a-pedreguer-recapta-4-620-euros\/#primaryimage"},"thumbnailUrl":"https:\/\/canfali.com\/app\/uploads\/2025\/06\/8luca5.jpeg","articleSection":["Festes","Sin categorizar","Societat"],"inLanguage":"va-ES","copyrightYear":"2025","copyrightHolder":{"@id":"https:\/\/canfali.com\/#organization"}},{"@type":"WebPage","@id":"https:\/\/canfali.com\/ca-es\/la-jornada-per-luca-a-pedreguer-recapta-4-620-euros\/","url":"https:\/\/canfali.com\/ca-es\/la-jornada-per-luca-a-pedreguer-recapta-4-620-euros\/","name":"La jornada per Luca a Pedreguer recapta 4.620 euros - Canfali","isPartOf":{"@id":"https:\/\/canfali.com\/ca-es\/#website"},"primaryImageOfPage":{"@id":"https:\/\/canfali.com\/ca-es\/la-jornada-per-luca-a-pedreguer-recapta-4-620-euros\/#primaryimage"},"image":{"@id":"https:\/\/canfali.com\/ca-es\/la-jornada-per-luca-a-pedreguer-recapta-4-620-euros\/#primaryimage"},"thumbnailUrl":"https:\/\/canfali.com\/app\/uploads\/2025\/06\/8luca5.jpeg","datePublished":"2025-06-10T15:26:24+00:00","dateModified":"2025-06-10T15:28:42+00:00","breadcrumb":{"@id":"https:\/\/canfali.com\/ca-es\/la-jornada-per-luca-a-pedreguer-recapta-4-620-euros\/#breadcrumb"},"inLanguage":"va-ES","potentialAction":[{"@type":"ReadAction","target":["https:\/\/canfali.com\/ca-es\/la-jornada-per-luca-a-pedreguer-recapta-4-620-euros\/"]}]},{"@type":"ImageObject","inLanguage":"va-ES","@id":"https:\/\/canfali.com\/ca-es\/la-jornada-per-luca-a-pedreguer-recapta-4-620-euros\/#primaryimage","url":"https:\/\/canfali.com\/app\/uploads\/2025\/06\/8luca5.jpeg","contentUrl":"https:\/\/canfali.com\/app\/uploads\/2025\/06\/8luca5.jpeg","width":1600,"height":1200},{"@type":"BreadcrumbList","@id":"https:\/\/canfali.com\/ca-es\/la-jornada-per-luca-a-pedreguer-recapta-4-620-euros\/#breadcrumb","itemListElement":[{"@type":"ListItem","position":1,"name":"Portada","item":"https:\/\/canfali.com\/ca-es\/"},{"@type":"ListItem","position":2,"name":"La jornada per Luca a Pedreguer recapta 4.620 euros"}]},{"@type":"WebSite","@id":"https:\/\/canfali.com\/ca-es\/#website","url":"https:\/\/canfali.com\/ca-es\/","name":"Canfali","description":"","publisher":{"@id":"https:\/\/canfali.com\/ca-es\/#organization"},"potentialAction":[{"@type":"SearchAction","target":{"@type":"EntryPoint","urlTemplate":"https:\/\/canfali.com\/ca-es\/?s={search_term_string}"},"query-input":{"@type":"PropertyValueSpecification","valueRequired":true,"valueName":"search_term_string"}}],"inLanguage":"va-ES"},{"@type":"Organization","@id":"https:\/\/canfali.com\/ca-es\/#organization","name":"Canfali","url":"https:\/\/canfali.com\/ca-es\/","logo":{"@type":"ImageObject","inLanguage":"va-ES","@id":"https:\/\/canfali.com\/ca-es\/#\/schema\/logo\/image\/","url":"https:\/\/canfali.com\/app\/uploads\/2025\/12\/canfali_marina_alta_logo.png","contentUrl":"https:\/\/canfali.com\/app\/uploads\/2025\/12\/canfali_marina_alta_logo.png","width":225,"height":225,"caption":"Canfali"},"image":{"@id":"https:\/\/canfali.com\/ca-es\/#\/schema\/logo\/image\/"},"sameAs":["https:\/\/es-es.facebook.com\/CANFALIMarinaAlta","https:\/\/x.com\/canfalima","https:\/\/www.instagram.com\/canfalimarinaalta\/"]},{"@type":"Person","@id":"https:\/\/canfali.com\/ca-es\/#\/schema\/person\/f540a86fb33e10daaae53c59ceaa1194","name":"Lluis","image":{"@type":"ImageObject","inLanguage":"va-ES","@id":"https:\/\/secure.gravatar.com\/avatar\/a21ec8835290e4e02ed0886b8cb327d807d0eb6ec8ccf25d4c2a0a415f506c0d?s=96&d=mm&r=g","url":"https:\/\/secure.gravatar.com\/avatar\/a21ec8835290e4e02ed0886b8cb327d807d0eb6ec8ccf25d4c2a0a415f506c0d?s=96&d=mm&r=g","contentUrl":"https:\/\/secure.gravatar.com\/avatar\/a21ec8835290e4e02ed0886b8cb327d807d0eb6ec8ccf25d4c2a0a415f506c0d?s=96&d=mm&r=g","caption":"Lluis"},"url":"https:\/\/canfali.com\/ca-es\/author\/lluis\/"}]}},"_links":{"self":[{"href":"https:\/\/canfali.com\/ca-es\/wp-json\/wp\/v2\/posts\/65914","targetHints":{"allow":["GET"]}}],"collection":[{"href":"https:\/\/canfali.com\/ca-es\/wp-json\/wp\/v2\/posts"}],"about":[{"href":"https:\/\/canfali.com\/ca-es\/wp-json\/wp\/v2\/types\/post"}],"author":[{"embeddable":true,"href":"https:\/\/canfali.com\/ca-es\/wp-json\/wp\/v2\/users\/8"}],"replies":[{"embeddable":true,"href":"https:\/\/canfali.com\/ca-es\/wp-json\/wp\/v2\/comments?post=65914"}],"version-history":[{"count":2,"href":"https:\/\/canfali.com\/ca-es\/wp-json\/wp\/v2\/posts\/65914\/revisions"}],"predecessor-version":[{"id":65918,"href":"https:\/\/canfali.com\/ca-es\/wp-json\/wp\/v2\/posts\/65914\/revisions\/65918"}],"wp:featuredmedia":[{"embeddable":true,"href":"https:\/\/canfali.com\/ca-es\/wp-json\/wp\/v2\/media\/65903"}],"wp:attachment":[{"href":"https:\/\/canfali.com\/ca-es\/wp-json\/wp\/v2\/media?parent=65914"}],"wp:term":[{"taxonomy":"category","embeddable":true,"href":"https:\/\/canfali.com\/ca-es\/wp-json\/wp\/v2\/categories?post=65914"},{"taxonomy":"post_tag","embeddable":true,"href":"https:\/\/canfali.com\/ca-es\/wp-json\/wp\/v2\/tags?post=65914"}],"curies":[{"name":"wp","href":"https:\/\/api.w.org\/{rel}","templated":true}]}}