{"id":65870,"date":"2025-06-10T14:53:08","date_gmt":"2025-06-10T12:53:08","guid":{"rendered":"https:\/\/canfali.com\/larqueologia-de-denia-arriba-al-marq\/"},"modified":"2025-06-10T15:02:16","modified_gmt":"2025-06-10T13:02:16","slug":"larqueologia-de-denia-arriba-al-marq","status":"publish","type":"post","link":"https:\/\/canfali.com\/ca-es\/larqueologia-de-denia-arriba-al-marq\/","title":{"rendered":"L&#8217;arqueologia de D\u00e9nia arriba al MARQ"},"content":{"rendered":"\n<blockquote class=\"wp-block-quote is-layout-flow wp-block-quote-is-layout-flow\">\n<p>Entre les joies de la mostra, una l\u00e0pida funer\u00e0ria de l&#8217;any 1081 que s&#8217;exposa al Louvre, el mosaic del Sepulcre de Severina (s.V) i la col\u00b7lecci\u00f3 de bronzes isl\u00e0mics m\u00e9s destacada d&#8217;occident<\/p>\n<\/blockquote>\n\n<p>L&#8217;arqueologia de D\u00e9nia ser\u00e0 present en el Museu Arqueol\u00f2gic de la Diputaci\u00f3 d&#8217;Alacant, el MARQ. Una mostra que reunir\u00e0 618 peces, procedents en la seva major part dels fons del Servei Municipal d&#8217;Arqueologia i Museus per\u00f2 tamb\u00e9 d&#8217;institucions com el Museu Arqueol\u00f2gic Nacional, el Museu de Belles Arts de Val\u00e8ncia o el Museu del Louvre de Par\u00eds, s&#8217;inaugurar\u00e0 el mes de novembre de 2025 dins del programa Museus Municipals del MARQ. La mostra, comissariada per l&#8217;arque\u00f2loga municipal, Massu Sent\u00ed, es podr\u00e0 visitar fins a abril de 2026 i reunir\u00e0 alguns dels tresors del patrimoni arqueol\u00f2gic local. Desafortunadament no tots estan a D\u00e9nia. Contemplar-los estar\u00e0 a l&#8217;abast de qualsevol durant aquests sis mesos.<\/p>\n\n<figure class=\"wp-block-image size-large\"><img fetchpriority=\"high\" decoding=\"async\" width=\"1024\" height=\"678\" src=\"https:\/\/canfali.com\/app\/uploads\/2025\/06\/marq-11-1-1024x678.jpg\" alt=\"\" class=\"wp-image-65865\" srcset=\"https:\/\/canfali.com\/app\/uploads\/2025\/06\/marq-11-1-1024x678.jpg 1024w, https:\/\/canfali.com\/app\/uploads\/2025\/06\/marq-11-1-300x199.jpg 300w, https:\/\/canfali.com\/app\/uploads\/2025\/06\/marq-11-1-768x509.jpg 768w, https:\/\/canfali.com\/app\/uploads\/2025\/06\/marq-11-1-1536x1017.jpg 1536w, https:\/\/canfali.com\/app\/uploads\/2025\/06\/marq-11-1-2048x1356.jpg 2048w, https:\/\/canfali.com\/app\/uploads\/2025\/06\/marq-11-1-scaled.jpg 2560w\" sizes=\"(max-width: 1024px) 100vw, 1024px\" \/><\/figure>\n\n<p>Entre les peces m\u00e9s destacades de la mostra, que es far\u00e0 realitat gr\u00e0cies al conveni signat entre l&#8217;Ajuntament de D\u00e9nia i la Fundaci\u00f3 CV MARQ, figuren una l\u00e0pida funer\u00e0ria isl\u00e0mica de l&#8217;any 1081 que es troba en el Museu del Louvre i el Sepulcre de Severina, dels primers temps del cristianisme. El sepulcre, cobert amb un mosaic de tessel\u00b7les blanques i negres procedent del nord d&#8217;\u00c0frica, va ser documentat per Roc Chab\u00e0s en el Hort de Morand i el custodia el Museu de Belles Arts de Val\u00e8ncia. Tamb\u00e9 s&#8217;exhibir\u00e0 la magn\u00edfica col\u00b7lecci\u00f3 de bronzes isl\u00e0mics, que ha estat qualificada com la m\u00e9s variada i destacada d&#8217;occident. I si les gestions amb l&#8217;Arquebisbat de Val\u00e8ncia arriben a bon port, la talla de Sant Roc del segle XV que la ciutat sempre ha anhelat recuperar. En l&#8217;actualitat es troba en el Museu Dioces\u00e0 de la Catedral de Val\u00e8ncia, on va ser traslladada en 1922 pel canonge Roc Chab\u00e1s. La imatge g\u00f2tica del patr\u00f3 de la ciutat va tornar a D\u00e9nia en dues ocasions: la primera en 1991 per a l&#8217;exposici\u00f3 El llegat de l\u2019esgl\u00e9sia a D\u00e9nia i la segona l&#8217;any 2015 amb motiu de les festes de Sant Roc. Llavors, i durant un mes, la imatge va presidir l&#8217;altar de l&#8217;esgl\u00e9sia de l&#8217;Assumpci\u00f3.<\/p>\n\n<figure class=\"wp-block-image size-large\"><img decoding=\"async\" width=\"1024\" height=\"678\" src=\"https:\/\/canfali.com\/app\/uploads\/2025\/06\/marq-3-1024x678.jpg\" alt=\"\" class=\"wp-image-65861\" srcset=\"https:\/\/canfali.com\/app\/uploads\/2025\/06\/marq-3-1024x678.jpg 1024w, https:\/\/canfali.com\/app\/uploads\/2025\/06\/marq-3-300x199.jpg 300w, https:\/\/canfali.com\/app\/uploads\/2025\/06\/marq-3-768x509.jpg 768w, https:\/\/canfali.com\/app\/uploads\/2025\/06\/marq-3-1536x1017.jpg 1536w, https:\/\/canfali.com\/app\/uploads\/2025\/06\/marq-3-2048x1356.jpg 2048w, https:\/\/canfali.com\/app\/uploads\/2025\/06\/marq-3-scaled.jpg 2560w\" sizes=\"(max-width: 1024px) 100vw, 1024px\" \/><\/figure>\n\n<p>L&#8217;exposici\u00f3 del\u00a0MARQ\u00a0podria reunir totes aquestes peces i moltes m\u00e9s. Amb tot, ser\u00e0 nom\u00e9s \u2018un petita gran mostra\u2019 de les m\u00e9s de 15.000 caixes de material arqueol\u00f2gic emmagatzemades en les depend\u00e8ncies municipals. Moltes d&#8217;elles veuran ara la llum per primera vegada i es quedaran de manera permanent en el nou Museu del\u00a0Carrer\u00a0Cavallers. La intenci\u00f3 \u00e9s portar l&#8217;exposici\u00f3 despr\u00e9s a D\u00e9nia i que ocupe la segona planta del museu. En el cas de les peces cedides per altres institucions, s&#8217;intentar\u00e0 fer una r\u00e8plica perqu\u00e8 els visitants tinguen coneixement de la seva exist\u00e8ncia.<\/p>\n\n<p>\u00c9s destacable tamb\u00e9 la pres\u00e8ncia en la mostra del t\u00edtol de ciutat, concedit en 1612 per Felip III i conservat en l&#8217;Arxiu Municipal de D\u00e9nia, o del quadre de l&#8217;expulsi\u00f3 dels moriscos de Vicente Mestre, propietat de la Fundaci\u00f3 Bancaixa. A m\u00e9s del bon nombre de peces arqueol\u00f2giques que han hagut de ser netejades i posada a punt, s&#8217;exhibiran tamb\u00e9 altres relacionades amb la producci\u00f3 de la pansa o la ind\u00fastria del joguet.<\/p>\n\n<blockquote class=\"wp-block-quote is-layout-flow wp-block-quote-is-layout-flow\">\n<p>Una exposici\u00f3 sense precedents reunir\u00e0 m\u00e9s de 600 peces pertanyents a fons municipals, estatals i europeus<\/p>\n<\/blockquote>\n\n<p>L&#8217;alcalde de D\u00e9nia, Vicent Grimalt, ha destacat la import\u00e0ncia que t\u00e9 una exposici\u00f3 com aquesta per a difondre el patrimoni arqueol\u00f2gic municipal i l&#8217;important treball que es realitza des del Servei Municipal d&#8217;Arqueologia i Museus. Per al muntatge s&#8217;ha comptat amb la col\u00b7laboraci\u00f3 d&#8217;\u00c1ngel Rocamora, autor tamb\u00e9 dels projectes del nou museu i del centre d&#8217;interpretaci\u00f3 de la ciutat situat al castell. La mostra es distribuir\u00e0 en dues sales que donaran entrada respectivament a la mar i la terra. En un tercer espai, un audiovisual tancar\u00e0 la visita i acostar\u00e0 al visitant als museus de la ciutat.<br\/><\/p>\n\n<figure class=\"wp-block-image size-large\"><img decoding=\"async\" width=\"1024\" height=\"678\" src=\"https:\/\/canfali.com\/app\/uploads\/2025\/06\/marq-9-1024x678.jpg\" alt=\"\" class=\"wp-image-65863\" srcset=\"https:\/\/canfali.com\/app\/uploads\/2025\/06\/marq-9-1024x678.jpg 1024w, https:\/\/canfali.com\/app\/uploads\/2025\/06\/marq-9-300x199.jpg 300w, https:\/\/canfali.com\/app\/uploads\/2025\/06\/marq-9-768x509.jpg 768w, https:\/\/canfali.com\/app\/uploads\/2025\/06\/marq-9-1536x1017.jpg 1536w, https:\/\/canfali.com\/app\/uploads\/2025\/06\/marq-9-2048x1356.jpg 2048w, https:\/\/canfali.com\/app\/uploads\/2025\/06\/marq-9-scaled.jpg 2560w\" sizes=\"(max-width: 1024px) 100vw, 1024px\" \/><\/figure>\n\n<p>La import\u00e0ncia del passat de D\u00e9nia feia imprescindible una exposici\u00f3 \u201cde molt\u00edssima altura cultural\u201d com aquesta, ha manifestat Manuel Olcina, director del MARQ, qui ha recordat alguns dels fets hist\u00f2rics que han modelat la D\u00e9nia actual. El vicepresident de la Fundaci\u00f3 MARQ i diputat de Cultura, Juan de Dios Navarro, l&#8217;ha qualificada com \u201cuna de les millors exposicions que podrem contemplar en 2025 i 2026\u201d, al mateix temps que ha felicitat els professionals del Servei Muncipal d&#8217;Arqueologia i Museus per la seua feina.<\/p>\n","protected":false},"excerpt":{"rendered":"Entre les joies de la mostra, una l\u00e0pida funer\u00e0ria de l&#8217;any 1081 que s&#8217;exposa al Louvre, el mosaic&hellip;","protected":false},"author":6,"featured_media":65868,"comment_status":"closed","ping_status":"closed","sticky":false,"template":"","format":"standard","meta":{"csco_display_header_overlay":false,"csco_singular_sidebar":"","csco_page_header_type":"","csco_page_load_nextpost":"","csco_post_video_location":[],"csco_post_video_location_hash":"","csco_post_video_url":"","csco_post_video_bg_start_time":0,"csco_post_video_bg_end_time":0,"footnotes":""},"categories":[579],"tags":[2754,2758,2753,2757,2755,2756],"class_list":{"0":"post-65870","1":"post","2":"type-post","3":"status-publish","4":"format-standard","5":"has-post-thumbnail","7":"category-cultura-2","8":"tag-arqueologia-de-denia-ca-es","9":"tag-bronces-islamicos-ca-es","10":"tag-marq-ca-es","11":"tag-museo-de-louvre-ca-es","12":"tag-sant-roc-ca-es","13":"tag-sepulcro-de-severina-ca-es","14":"cs-entry","15":"cs-video-wrap"},"yoast_head":"<!-- This site is optimized with the Yoast SEO Premium plugin v26.6 (Yoast SEO v27.3) - https:\/\/yoast.com\/product\/yoast-seo-premium-wordpress\/ -->\n<title>L&#039;arqueologia de D\u00e9nia arriba al MARQ - Canfali<\/title>\n<meta name=\"robots\" content=\"index, follow, max-snippet:-1, max-image-preview:large, max-video-preview:-1\" \/>\n<link rel=\"canonical\" href=\"https:\/\/canfali.com\/ca-es\/larqueologia-de-denia-arriba-al-marq\/\" \/>\n<meta property=\"og:locale\" content=\"en_US\" \/>\n<meta property=\"og:type\" content=\"article\" \/>\n<meta property=\"og:title\" content=\"L&#039;arqueologia de D\u00e9nia arriba al MARQ\" \/>\n<meta property=\"og:description\" content=\"Entre les joies de la mostra, una l\u00e0pida funer\u00e0ria de l&#8217;any 1081 que s&#8217;exposa al Louvre, el mosaic&hellip;\" \/>\n<meta property=\"og:url\" content=\"https:\/\/canfali.com\/ca-es\/larqueologia-de-denia-arriba-al-marq\/\" \/>\n<meta property=\"og:site_name\" content=\"Canfali\" \/>\n<meta property=\"article:publisher\" content=\"https:\/\/es-es.facebook.com\/CANFALIMarinaAlta\" \/>\n<meta property=\"article:published_time\" content=\"2025-06-10T12:53:08+00:00\" \/>\n<meta property=\"article:modified_time\" content=\"2025-06-10T13:02:16+00:00\" \/>\n<meta property=\"og:image\" content=\"https:\/\/canfali.com\/app\/uploads\/2025\/06\/marq-13-scaled.jpg\" \/>\n\t<meta property=\"og:image:width\" content=\"2560\" \/>\n\t<meta property=\"og:image:height\" content=\"1696\" \/>\n\t<meta property=\"og:image:type\" content=\"image\/jpeg\" \/>\n<meta name=\"author\" content=\"Rosa\" \/>\n<meta name=\"twitter:card\" content=\"summary_large_image\" \/>\n<meta name=\"twitter:creator\" content=\"@canfalima\" \/>\n<meta name=\"twitter:site\" content=\"@canfalima\" \/>\n<meta name=\"twitter:label1\" content=\"Written by\" \/>\n\t<meta name=\"twitter:data1\" content=\"Rosa\" \/>\n\t<meta name=\"twitter:label2\" content=\"Est. reading time\" \/>\n\t<meta name=\"twitter:data2\" content=\"4 minutes\" \/>\n<script type=\"application\/ld+json\" class=\"yoast-schema-graph\">{\"@context\":\"https:\\\/\\\/schema.org\",\"@graph\":[{\"@type\":\"NewsArticle\",\"@id\":\"https:\\\/\\\/canfali.com\\\/ca-es\\\/larqueologia-de-denia-arriba-al-marq\\\/#article\",\"isPartOf\":{\"@id\":\"https:\\\/\\\/canfali.com\\\/ca-es\\\/larqueologia-de-denia-arriba-al-marq\\\/\"},\"author\":{\"name\":\"Rosa\",\"@id\":\"https:\\\/\\\/canfali.com\\\/ca-es\\\/#\\\/schema\\\/person\\\/c861a7aa2b2495357b95f35bd5d82f88\"},\"headline\":\"L&#8217;arqueologia de D\u00e9nia arriba al MARQ\",\"datePublished\":\"2025-06-10T12:53:08+00:00\",\"dateModified\":\"2025-06-10T13:02:16+00:00\",\"mainEntityOfPage\":{\"@id\":\"https:\\\/\\\/canfali.com\\\/ca-es\\\/larqueologia-de-denia-arriba-al-marq\\\/\"},\"wordCount\":811,\"publisher\":{\"@id\":\"https:\\\/\\\/canfali.com\\\/ca-es\\\/#organization\"},\"image\":{\"@id\":\"https:\\\/\\\/canfali.com\\\/ca-es\\\/larqueologia-de-denia-arriba-al-marq\\\/#primaryimage\"},\"thumbnailUrl\":\"https:\\\/\\\/canfali.com\\\/app\\\/uploads\\\/2025\\\/06\\\/marq-13-scaled.jpg\",\"keywords\":[\"arqueolog\u00eda de denia\",\"bronces isl\u00e1micos\",\"MARQ\",\"Museo de Louvre\",\"Sant Roc\",\"Sepulcro de Severina\"],\"articleSection\":[\"Cultura\"],\"inLanguage\":\"va-ES\",\"copyrightYear\":\"2025\",\"copyrightHolder\":{\"@id\":\"https:\\\/\\\/canfali.com\\\/#organization\"}},{\"@type\":\"WebPage\",\"@id\":\"https:\\\/\\\/canfali.com\\\/ca-es\\\/larqueologia-de-denia-arriba-al-marq\\\/\",\"url\":\"https:\\\/\\\/canfali.com\\\/ca-es\\\/larqueologia-de-denia-arriba-al-marq\\\/\",\"name\":\"L'arqueologia de D\u00e9nia arriba al MARQ - Canfali\",\"isPartOf\":{\"@id\":\"https:\\\/\\\/canfali.com\\\/ca-es\\\/#website\"},\"primaryImageOfPage\":{\"@id\":\"https:\\\/\\\/canfali.com\\\/ca-es\\\/larqueologia-de-denia-arriba-al-marq\\\/#primaryimage\"},\"image\":{\"@id\":\"https:\\\/\\\/canfali.com\\\/ca-es\\\/larqueologia-de-denia-arriba-al-marq\\\/#primaryimage\"},\"thumbnailUrl\":\"https:\\\/\\\/canfali.com\\\/app\\\/uploads\\\/2025\\\/06\\\/marq-13-scaled.jpg\",\"datePublished\":\"2025-06-10T12:53:08+00:00\",\"dateModified\":\"2025-06-10T13:02:16+00:00\",\"breadcrumb\":{\"@id\":\"https:\\\/\\\/canfali.com\\\/ca-es\\\/larqueologia-de-denia-arriba-al-marq\\\/#breadcrumb\"},\"inLanguage\":\"va-ES\",\"potentialAction\":[{\"@type\":\"ReadAction\",\"target\":[\"https:\\\/\\\/canfali.com\\\/ca-es\\\/larqueologia-de-denia-arriba-al-marq\\\/\"]}]},{\"@type\":\"ImageObject\",\"inLanguage\":\"va-ES\",\"@id\":\"https:\\\/\\\/canfali.com\\\/ca-es\\\/larqueologia-de-denia-arriba-al-marq\\\/#primaryimage\",\"url\":\"https:\\\/\\\/canfali.com\\\/app\\\/uploads\\\/2025\\\/06\\\/marq-13-scaled.jpg\",\"contentUrl\":\"https:\\\/\\\/canfali.com\\\/app\\\/uploads\\\/2025\\\/06\\\/marq-13-scaled.jpg\",\"width\":2560,\"height\":1696},{\"@type\":\"BreadcrumbList\",\"@id\":\"https:\\\/\\\/canfali.com\\\/ca-es\\\/larqueologia-de-denia-arriba-al-marq\\\/#breadcrumb\",\"itemListElement\":[{\"@type\":\"ListItem\",\"position\":1,\"name\":\"Portada\",\"item\":\"https:\\\/\\\/canfali.com\\\/ca-es\\\/\"},{\"@type\":\"ListItem\",\"position\":2,\"name\":\"L&#8217;arqueologia de D\u00e9nia arriba al MARQ\"}]},{\"@type\":\"WebSite\",\"@id\":\"https:\\\/\\\/canfali.com\\\/ca-es\\\/#website\",\"url\":\"https:\\\/\\\/canfali.com\\\/ca-es\\\/\",\"name\":\"Canfali\",\"description\":\"\",\"publisher\":{\"@id\":\"https:\\\/\\\/canfali.com\\\/ca-es\\\/#organization\"},\"potentialAction\":[{\"@type\":\"SearchAction\",\"target\":{\"@type\":\"EntryPoint\",\"urlTemplate\":\"https:\\\/\\\/canfali.com\\\/ca-es\\\/?s={search_term_string}\"},\"query-input\":{\"@type\":\"PropertyValueSpecification\",\"valueRequired\":true,\"valueName\":\"search_term_string\"}}],\"inLanguage\":\"va-ES\"},{\"@type\":\"Organization\",\"@id\":\"https:\\\/\\\/canfali.com\\\/ca-es\\\/#organization\",\"name\":\"Canfali\",\"url\":\"https:\\\/\\\/canfali.com\\\/ca-es\\\/\",\"logo\":{\"@type\":\"ImageObject\",\"inLanguage\":\"va-ES\",\"@id\":\"https:\\\/\\\/canfali.com\\\/ca-es\\\/#\\\/schema\\\/logo\\\/image\\\/\",\"url\":\"https:\\\/\\\/canfali.com\\\/app\\\/uploads\\\/2025\\\/12\\\/canfali_marina_alta_logo.png\",\"contentUrl\":\"https:\\\/\\\/canfali.com\\\/app\\\/uploads\\\/2025\\\/12\\\/canfali_marina_alta_logo.png\",\"width\":225,\"height\":225,\"caption\":\"Canfali\"},\"image\":{\"@id\":\"https:\\\/\\\/canfali.com\\\/ca-es\\\/#\\\/schema\\\/logo\\\/image\\\/\"},\"sameAs\":[\"https:\\\/\\\/es-es.facebook.com\\\/CANFALIMarinaAlta\",\"https:\\\/\\\/x.com\\\/canfalima\",\"https:\\\/\\\/www.instagram.com\\\/canfalimarinaalta\\\/\"]},{\"@type\":\"Person\",\"@id\":\"https:\\\/\\\/canfali.com\\\/ca-es\\\/#\\\/schema\\\/person\\\/c861a7aa2b2495357b95f35bd5d82f88\",\"name\":\"Rosa\",\"image\":{\"@type\":\"ImageObject\",\"inLanguage\":\"va-ES\",\"@id\":\"https:\\\/\\\/secure.gravatar.com\\\/avatar\\\/47fb83d99423a6ef1cf9f83f02a5e91366c671dec76c5c24badf1b0494e1d960?s=96&d=mm&r=g\",\"url\":\"https:\\\/\\\/secure.gravatar.com\\\/avatar\\\/47fb83d99423a6ef1cf9f83f02a5e91366c671dec76c5c24badf1b0494e1d960?s=96&d=mm&r=g\",\"contentUrl\":\"https:\\\/\\\/secure.gravatar.com\\\/avatar\\\/47fb83d99423a6ef1cf9f83f02a5e91366c671dec76c5c24badf1b0494e1d960?s=96&d=mm&r=g\",\"caption\":\"Rosa\"},\"url\":\"https:\\\/\\\/canfali.com\\\/ca-es\\\/author\\\/rosa\\\/\"}]}<\/script>\n<!-- \/ Yoast SEO Premium plugin. -->","yoast_head_json":{"title":"L'arqueologia de D\u00e9nia arriba al MARQ - Canfali","robots":{"index":"index","follow":"follow","max-snippet":"max-snippet:-1","max-image-preview":"max-image-preview:large","max-video-preview":"max-video-preview:-1"},"canonical":"https:\/\/canfali.com\/ca-es\/larqueologia-de-denia-arriba-al-marq\/","og_locale":"en_US","og_type":"article","og_title":"L'arqueologia de D\u00e9nia arriba al MARQ","og_description":"Entre les joies de la mostra, una l\u00e0pida funer\u00e0ria de l&#8217;any 1081 que s&#8217;exposa al Louvre, el mosaic&hellip;","og_url":"https:\/\/canfali.com\/ca-es\/larqueologia-de-denia-arriba-al-marq\/","og_site_name":"Canfali","article_publisher":"https:\/\/es-es.facebook.com\/CANFALIMarinaAlta","article_published_time":"2025-06-10T12:53:08+00:00","article_modified_time":"2025-06-10T13:02:16+00:00","og_image":[{"width":2560,"height":1696,"url":"https:\/\/canfali.com\/app\/uploads\/2025\/06\/marq-13-scaled.jpg","type":"image\/jpeg"}],"author":"Rosa","twitter_card":"summary_large_image","twitter_creator":"@canfalima","twitter_site":"@canfalima","twitter_misc":{"Written by":"Rosa","Est. reading time":"4 minutes"},"schema":{"@context":"https:\/\/schema.org","@graph":[{"@type":"NewsArticle","@id":"https:\/\/canfali.com\/ca-es\/larqueologia-de-denia-arriba-al-marq\/#article","isPartOf":{"@id":"https:\/\/canfali.com\/ca-es\/larqueologia-de-denia-arriba-al-marq\/"},"author":{"name":"Rosa","@id":"https:\/\/canfali.com\/ca-es\/#\/schema\/person\/c861a7aa2b2495357b95f35bd5d82f88"},"headline":"L&#8217;arqueologia de D\u00e9nia arriba al MARQ","datePublished":"2025-06-10T12:53:08+00:00","dateModified":"2025-06-10T13:02:16+00:00","mainEntityOfPage":{"@id":"https:\/\/canfali.com\/ca-es\/larqueologia-de-denia-arriba-al-marq\/"},"wordCount":811,"publisher":{"@id":"https:\/\/canfali.com\/ca-es\/#organization"},"image":{"@id":"https:\/\/canfali.com\/ca-es\/larqueologia-de-denia-arriba-al-marq\/#primaryimage"},"thumbnailUrl":"https:\/\/canfali.com\/app\/uploads\/2025\/06\/marq-13-scaled.jpg","keywords":["arqueolog\u00eda de denia","bronces isl\u00e1micos","MARQ","Museo de Louvre","Sant Roc","Sepulcro de Severina"],"articleSection":["Cultura"],"inLanguage":"va-ES","copyrightYear":"2025","copyrightHolder":{"@id":"https:\/\/canfali.com\/#organization"}},{"@type":"WebPage","@id":"https:\/\/canfali.com\/ca-es\/larqueologia-de-denia-arriba-al-marq\/","url":"https:\/\/canfali.com\/ca-es\/larqueologia-de-denia-arriba-al-marq\/","name":"L'arqueologia de D\u00e9nia arriba al MARQ - Canfali","isPartOf":{"@id":"https:\/\/canfali.com\/ca-es\/#website"},"primaryImageOfPage":{"@id":"https:\/\/canfali.com\/ca-es\/larqueologia-de-denia-arriba-al-marq\/#primaryimage"},"image":{"@id":"https:\/\/canfali.com\/ca-es\/larqueologia-de-denia-arriba-al-marq\/#primaryimage"},"thumbnailUrl":"https:\/\/canfali.com\/app\/uploads\/2025\/06\/marq-13-scaled.jpg","datePublished":"2025-06-10T12:53:08+00:00","dateModified":"2025-06-10T13:02:16+00:00","breadcrumb":{"@id":"https:\/\/canfali.com\/ca-es\/larqueologia-de-denia-arriba-al-marq\/#breadcrumb"},"inLanguage":"va-ES","potentialAction":[{"@type":"ReadAction","target":["https:\/\/canfali.com\/ca-es\/larqueologia-de-denia-arriba-al-marq\/"]}]},{"@type":"ImageObject","inLanguage":"va-ES","@id":"https:\/\/canfali.com\/ca-es\/larqueologia-de-denia-arriba-al-marq\/#primaryimage","url":"https:\/\/canfali.com\/app\/uploads\/2025\/06\/marq-13-scaled.jpg","contentUrl":"https:\/\/canfali.com\/app\/uploads\/2025\/06\/marq-13-scaled.jpg","width":2560,"height":1696},{"@type":"BreadcrumbList","@id":"https:\/\/canfali.com\/ca-es\/larqueologia-de-denia-arriba-al-marq\/#breadcrumb","itemListElement":[{"@type":"ListItem","position":1,"name":"Portada","item":"https:\/\/canfali.com\/ca-es\/"},{"@type":"ListItem","position":2,"name":"L&#8217;arqueologia de D\u00e9nia arriba al MARQ"}]},{"@type":"WebSite","@id":"https:\/\/canfali.com\/ca-es\/#website","url":"https:\/\/canfali.com\/ca-es\/","name":"Canfali","description":"","publisher":{"@id":"https:\/\/canfali.com\/ca-es\/#organization"},"potentialAction":[{"@type":"SearchAction","target":{"@type":"EntryPoint","urlTemplate":"https:\/\/canfali.com\/ca-es\/?s={search_term_string}"},"query-input":{"@type":"PropertyValueSpecification","valueRequired":true,"valueName":"search_term_string"}}],"inLanguage":"va-ES"},{"@type":"Organization","@id":"https:\/\/canfali.com\/ca-es\/#organization","name":"Canfali","url":"https:\/\/canfali.com\/ca-es\/","logo":{"@type":"ImageObject","inLanguage":"va-ES","@id":"https:\/\/canfali.com\/ca-es\/#\/schema\/logo\/image\/","url":"https:\/\/canfali.com\/app\/uploads\/2025\/12\/canfali_marina_alta_logo.png","contentUrl":"https:\/\/canfali.com\/app\/uploads\/2025\/12\/canfali_marina_alta_logo.png","width":225,"height":225,"caption":"Canfali"},"image":{"@id":"https:\/\/canfali.com\/ca-es\/#\/schema\/logo\/image\/"},"sameAs":["https:\/\/es-es.facebook.com\/CANFALIMarinaAlta","https:\/\/x.com\/canfalima","https:\/\/www.instagram.com\/canfalimarinaalta\/"]},{"@type":"Person","@id":"https:\/\/canfali.com\/ca-es\/#\/schema\/person\/c861a7aa2b2495357b95f35bd5d82f88","name":"Rosa","image":{"@type":"ImageObject","inLanguage":"va-ES","@id":"https:\/\/secure.gravatar.com\/avatar\/47fb83d99423a6ef1cf9f83f02a5e91366c671dec76c5c24badf1b0494e1d960?s=96&d=mm&r=g","url":"https:\/\/secure.gravatar.com\/avatar\/47fb83d99423a6ef1cf9f83f02a5e91366c671dec76c5c24badf1b0494e1d960?s=96&d=mm&r=g","contentUrl":"https:\/\/secure.gravatar.com\/avatar\/47fb83d99423a6ef1cf9f83f02a5e91366c671dec76c5c24badf1b0494e1d960?s=96&d=mm&r=g","caption":"Rosa"},"url":"https:\/\/canfali.com\/ca-es\/author\/rosa\/"}]}},"_links":{"self":[{"href":"https:\/\/canfali.com\/ca-es\/wp-json\/wp\/v2\/posts\/65870","targetHints":{"allow":["GET"]}}],"collection":[{"href":"https:\/\/canfali.com\/ca-es\/wp-json\/wp\/v2\/posts"}],"about":[{"href":"https:\/\/canfali.com\/ca-es\/wp-json\/wp\/v2\/types\/post"}],"author":[{"embeddable":true,"href":"https:\/\/canfali.com\/ca-es\/wp-json\/wp\/v2\/users\/6"}],"replies":[{"embeddable":true,"href":"https:\/\/canfali.com\/ca-es\/wp-json\/wp\/v2\/comments?post=65870"}],"version-history":[{"count":1,"href":"https:\/\/canfali.com\/ca-es\/wp-json\/wp\/v2\/posts\/65870\/revisions"}],"predecessor-version":[{"id":65871,"href":"https:\/\/canfali.com\/ca-es\/wp-json\/wp\/v2\/posts\/65870\/revisions\/65871"}],"wp:featuredmedia":[{"embeddable":true,"href":"https:\/\/canfali.com\/ca-es\/wp-json\/wp\/v2\/media\/65868"}],"wp:attachment":[{"href":"https:\/\/canfali.com\/ca-es\/wp-json\/wp\/v2\/media?parent=65870"}],"wp:term":[{"taxonomy":"category","embeddable":true,"href":"https:\/\/canfali.com\/ca-es\/wp-json\/wp\/v2\/categories?post=65870"},{"taxonomy":"post_tag","embeddable":true,"href":"https:\/\/canfali.com\/ca-es\/wp-json\/wp\/v2\/tags?post=65870"}],"curies":[{"name":"wp","href":"https:\/\/api.w.org\/{rel}","templated":true}]}}