{"id":65665,"date":"2025-06-06T19:37:19","date_gmt":"2025-06-06T17:37:19","guid":{"rendered":"https:\/\/canfali.com\/les-autoescoles-de-la-comarca-alcen-la-veu\/"},"modified":"2025-06-09T11:33:13","modified_gmt":"2025-06-09T09:33:13","slug":"les-autoescoles-de-la-comarca-alcen-la-veu","status":"publish","type":"post","link":"https:\/\/canfali.com\/ca-es\/les-autoescoles-de-la-comarca-alcen-la-veu\/","title":{"rendered":"Les autoescoles de la comarca alcen la veu"},"content":{"rendered":"\n<blockquote class=\"wp-block-quote is-layout-flow wp-block-quote-is-layout-flow\">\n<p>La falta d&#8217;examinadors provoca llistes d&#8217;espera per a les proves de circulaci\u00f3<\/p>\n<\/blockquote>\n\n<figure class=\"wp-block-image size-large\"><img fetchpriority=\"high\" decoding=\"async\" width=\"1024\" height=\"678\" src=\"https:\/\/canfali.com\/app\/uploads\/2025\/06\/DSC_0347-1024x678.jpg\" alt=\"\" class=\"wp-image-65652\" srcset=\"https:\/\/canfali.com\/app\/uploads\/2025\/06\/DSC_0347-1024x678.jpg 1024w, https:\/\/canfali.com\/app\/uploads\/2025\/06\/DSC_0347-300x199.jpg 300w, https:\/\/canfali.com\/app\/uploads\/2025\/06\/DSC_0347-768x509.jpg 768w, https:\/\/canfali.com\/app\/uploads\/2025\/06\/DSC_0347-1536x1017.jpg 1536w, https:\/\/canfali.com\/app\/uploads\/2025\/06\/DSC_0347-2048x1356.jpg 2048w, https:\/\/canfali.com\/app\/uploads\/2025\/06\/DSC_0347-scaled.jpg 2560w\" sizes=\"(max-width: 1024px) 100vw, 1024px\" \/><\/figure>\n\n<p>Els professors d&#8217;autoescola de la Marina Alta han al\u00e7at la veu i han fet sonar el cl\u00e0xon dels seus cotxes en una caravana de protesta que ha recorregut diversos carrers de D\u00e9nia. Una trentena de vehicles, pertanyents a unes 18 autoescoles de la comarca, han fet aix\u00ed visible el seu malestar per una situaci\u00f3 que s&#8217;est\u00e0 allargant en el temps i que est\u00e0 obligant a obrir llistes d&#8217;espera per als ex\u00e0mens pr\u00e0ctics de circulaci\u00f3. La falta d&#8217;examinadors \u00e9s la causa d&#8217;un problema que les autoescoles venen denunciant des de fa temps i que s&#8217;ha accentuat en els \u00faltims mesos.<\/p>\n\n<p>Amb la protesta realitzada a D\u00e9nia, se sumaven a les mobilitzacions organitzades a nivell provincial per a la jornada del divendres a Alacant, on no han pogut despla\u00e7ar-se perqu\u00e8 just havia ex\u00e0mens convocats a D\u00e9nia.<\/p>\n\n<figure class=\"wp-block-image size-large\"><img decoding=\"async\" width=\"1024\" height=\"678\" src=\"https:\/\/canfali.com\/app\/uploads\/2025\/06\/DSC_0341-1024x678.jpg\" alt=\"\" class=\"wp-image-65654\" srcset=\"https:\/\/canfali.com\/app\/uploads\/2025\/06\/DSC_0341-1024x678.jpg 1024w, https:\/\/canfali.com\/app\/uploads\/2025\/06\/DSC_0341-300x199.jpg 300w, https:\/\/canfali.com\/app\/uploads\/2025\/06\/DSC_0341-768x509.jpg 768w, https:\/\/canfali.com\/app\/uploads\/2025\/06\/DSC_0341-1536x1017.jpg 1536w, https:\/\/canfali.com\/app\/uploads\/2025\/06\/DSC_0341-2048x1356.jpg 2048w, https:\/\/canfali.com\/app\/uploads\/2025\/06\/DSC_0341-scaled.jpg 2560w\" sizes=\"(max-width: 1024px) 100vw, 1024px\" \/><\/figure>\n\n<p>Van optar aix\u00ed per concentrar-se a les dues de la tarda al carrer Mira-rosa de la ciutat, des d&#8217;on es realitzen algunes de les proves d&#8217;examen. Encara que en principi volien fer arribar la caravana fins a la Casa de Cultura -l&#8217;altre punt de trobada per als ex\u00e0mens- nom\u00e9s van rebre autoritzaci\u00f3 per a arribar fins a l&#8217;encreuament de l&#8217;Esplanada Cervantes amb Marqu\u00e8s de Campo. Alguns dels participants es queixaven, ja que la seva intenci\u00f3 era donar la major visibilitat possible al problema. I no sols el recorregut va ser curt, sin\u00f3 que a m\u00e9s se&#8217;ls va obligar a circular per la part interior de l&#8217;esplanada. Aix\u00ed i tot, els cl\u00e0xons van sonar amb for\u00e7a i van sorprendre als qui es van creuar amb la caravana de vehicles de les autoescoles.<br\/><br\/><\/p>\n\n<figure class=\"wp-block-gallery has-nested-images columns-default is-cropped wp-block-gallery-15 is-layout-flex wp-block-gallery-is-layout-flex\">\n<figure class=\"wp-block-image size-large\"><img decoding=\"async\" width=\"1024\" height=\"678\" data-id=\"65656\" src=\"https:\/\/canfali.com\/app\/uploads\/2025\/06\/1AUTO-7-1024x678.jpg\" alt=\"\" class=\"wp-image-65656\" srcset=\"https:\/\/canfali.com\/app\/uploads\/2025\/06\/1AUTO-7-1024x678.jpg 1024w, https:\/\/canfali.com\/app\/uploads\/2025\/06\/1AUTO-7-300x199.jpg 300w, https:\/\/canfali.com\/app\/uploads\/2025\/06\/1AUTO-7-768x509.jpg 768w, https:\/\/canfali.com\/app\/uploads\/2025\/06\/1AUTO-7-1536x1017.jpg 1536w, https:\/\/canfali.com\/app\/uploads\/2025\/06\/1AUTO-7-2048x1356.jpg 2048w, https:\/\/canfali.com\/app\/uploads\/2025\/06\/1AUTO-7-scaled.jpg 2560w\" sizes=\"(max-width: 1024px) 100vw, 1024px\" \/><\/figure>\n<\/figure>\n\n<p>Les autoescoles exigeixen a la Direcci\u00f3 General de Tr\u00e0nsit (DGT) m\u00e9s examinadors per a les proves pr\u00e0ctics de conduir. Des de fa setmanes, llueixen en els seus vehicles un cartell amb el text \u201c+ex\u00e0mens per a treballar amb dignitat!!!\u201d. En la protesta, alguns llu\u00efen tamb\u00e9 un cresp\u00f3 negre.<\/p>\n\n<figure class=\"wp-block-gallery has-nested-images columns-default is-cropped wp-block-gallery-16 is-layout-flex wp-block-gallery-is-layout-flex\">\n<figure class=\"wp-block-image size-large\"><img loading=\"lazy\" decoding=\"async\" width=\"1024\" height=\"678\" data-id=\"65658\" src=\"https:\/\/canfali.com\/app\/uploads\/2025\/06\/1AUTO-3-1024x678.jpg\" alt=\"\" class=\"wp-image-65658\" srcset=\"https:\/\/canfali.com\/app\/uploads\/2025\/06\/1AUTO-3-1024x678.jpg 1024w, https:\/\/canfali.com\/app\/uploads\/2025\/06\/1AUTO-3-300x199.jpg 300w, https:\/\/canfali.com\/app\/uploads\/2025\/06\/1AUTO-3-768x509.jpg 768w, https:\/\/canfali.com\/app\/uploads\/2025\/06\/1AUTO-3-1536x1017.jpg 1536w, https:\/\/canfali.com\/app\/uploads\/2025\/06\/1AUTO-3-2048x1356.jpg 2048w, https:\/\/canfali.com\/app\/uploads\/2025\/06\/1AUTO-3-scaled.jpg 2560w\" sizes=\"(max-width: 1024px) 100vw, 1024px\" \/><\/figure>\n<\/figure>\n\n<p>Els professors expliquen que la Direcci\u00f3 Geneal de Tr\u00e0nsit (DGT) nom\u00e9s convoca dos o tres ex\u00e0mens al mes, quantitat insuficient per a satisfer la demanda. Les persones que aproven el te\u00f2ric han d&#8217;esperar per a poder presentar-se al pr\u00e0ctic, una situaci\u00f3 que es veur\u00e0 agreujada ara a l&#8217;estiu, ja que durant el mes d&#8217;agost no hi ha ex\u00e0mens. \u00c9s tamb\u00e9 ara, quan acaben les classes en instituts i universitats, quan molts joves aprofiten per a treure&#8217;s el perm\u00eds de conduir. I no ho tindran res f\u00e0cil per tres motius: hi ha poques convocat\u00f2ries, l&#8217;aturada d&#8217;agost i els que ja estan en llista d&#8217;espera, que s\u00f3n molts.<\/p>\n\n<figure class=\"wp-block-gallery has-nested-images columns-default is-cropped wp-block-gallery-17 is-layout-flex wp-block-gallery-is-layout-flex\">\n<figure class=\"wp-block-image size-large\"><img loading=\"lazy\" decoding=\"async\" width=\"1024\" height=\"678\" data-id=\"65660\" src=\"https:\/\/canfali.com\/app\/uploads\/2025\/06\/1AUTO-9-1024x678.jpg\" alt=\"\" class=\"wp-image-65660\" srcset=\"https:\/\/canfali.com\/app\/uploads\/2025\/06\/1AUTO-9-1024x678.jpg 1024w, https:\/\/canfali.com\/app\/uploads\/2025\/06\/1AUTO-9-300x199.jpg 300w, https:\/\/canfali.com\/app\/uploads\/2025\/06\/1AUTO-9-768x509.jpg 768w, https:\/\/canfali.com\/app\/uploads\/2025\/06\/1AUTO-9-1536x1017.jpg 1536w, https:\/\/canfali.com\/app\/uploads\/2025\/06\/1AUTO-9-2048x1356.jpg 2048w, https:\/\/canfali.com\/app\/uploads\/2025\/06\/1AUTO-9-scaled.jpg 2560w\" sizes=\"(max-width: 1024px) 100vw, 1024px\" \/><\/figure>\n<\/figure>\n\n<p>La falta d&#8217;examinadors deriva que les baixes laborals, les jubilacions i els trasllats no s&#8217;estan cobrint. La DGT ha posat a les autoescoles un contingent m\u00e0xim d&#8217;alumnes per dia que poden acudir a examinar-se, i aix\u00ed les llistes d&#8217;espera continuen engrossint-se.<\/p>\n","protected":false},"excerpt":{"rendered":"La falta d&#8217;examinadors provoca llistes d&#8217;espera per a les proves de circulaci\u00f3 Els professors d&#8217;autoescola de la Marina&hellip;","protected":false},"author":6,"featured_media":65651,"comment_status":"closed","ping_status":"closed","sticky":false,"template":"","format":"standard","meta":{"csco_display_header_overlay":false,"csco_singular_sidebar":"","csco_page_header_type":"","csco_page_load_nextpost":"","csco_post_video_location":[],"csco_post_video_location_hash":"","csco_post_video_url":"","csco_post_video_bg_start_time":0,"csco_post_video_bg_end_time":0,"footnotes":""},"categories":[574],"tags":[2680,2683,2681,2684,2682],"class_list":{"0":"post-65665","1":"post","2":"type-post","3":"status-publish","4":"format-standard","5":"has-post-thumbnail","7":"category-sociedad-2","8":"tag-autoescoles","9":"tag-caravana-ca-es","10":"tag-examen-de-conduir","11":"tag-examinadors","12":"tag-protesta-ca-es","13":"cs-entry","14":"cs-video-wrap"},"yoast_head":"<!-- This site is optimized with the Yoast SEO Premium plugin v26.6 (Yoast SEO v27.3) - https:\/\/yoast.com\/product\/yoast-seo-premium-wordpress\/ -->\n<title>Les autoescoles de la comarca alcen la veu - Canfali<\/title>\n<meta name=\"robots\" content=\"index, follow, max-snippet:-1, max-image-preview:large, max-video-preview:-1\" \/>\n<link rel=\"canonical\" href=\"https:\/\/canfali.com\/ca-es\/les-autoescoles-de-la-comarca-alcen-la-veu\/\" \/>\n<meta property=\"og:locale\" content=\"en_US\" \/>\n<meta property=\"og:type\" content=\"article\" \/>\n<meta property=\"og:title\" content=\"Les autoescoles de la comarca alcen la veu\" \/>\n<meta property=\"og:description\" content=\"La falta d&#8217;examinadors provoca llistes d&#8217;espera per a les proves de circulaci\u00f3 Els professors d&#8217;autoescola de la Marina&hellip;\" \/>\n<meta property=\"og:url\" content=\"https:\/\/canfali.com\/ca-es\/les-autoescoles-de-la-comarca-alcen-la-veu\/\" \/>\n<meta property=\"og:site_name\" content=\"Canfali\" \/>\n<meta property=\"article:publisher\" content=\"https:\/\/es-es.facebook.com\/CANFALIMarinaAlta\" \/>\n<meta property=\"article:published_time\" content=\"2025-06-06T17:37:19+00:00\" \/>\n<meta property=\"article:modified_time\" content=\"2025-06-09T09:33:13+00:00\" \/>\n<meta property=\"og:image\" content=\"https:\/\/canfali.com\/app\/uploads\/2025\/06\/DSC_0357-scaled.jpg\" \/>\n\t<meta property=\"og:image:width\" content=\"2560\" \/>\n\t<meta property=\"og:image:height\" content=\"1696\" \/>\n\t<meta property=\"og:image:type\" content=\"image\/jpeg\" \/>\n<meta name=\"author\" content=\"Rosa\" \/>\n<meta name=\"twitter:card\" content=\"summary_large_image\" \/>\n<meta name=\"twitter:creator\" content=\"@canfalima\" \/>\n<meta name=\"twitter:site\" content=\"@canfalima\" \/>\n<meta name=\"twitter:label1\" content=\"Written by\" \/>\n\t<meta name=\"twitter:data1\" content=\"Rosa\" \/>\n\t<meta name=\"twitter:label2\" content=\"Est. reading time\" \/>\n\t<meta name=\"twitter:data2\" content=\"3 minutes\" \/>\n<script type=\"application\/ld+json\" class=\"yoast-schema-graph\">{\"@context\":\"https:\\\/\\\/schema.org\",\"@graph\":[{\"@type\":\"NewsArticle\",\"@id\":\"https:\\\/\\\/canfali.com\\\/ca-es\\\/les-autoescoles-de-la-comarca-alcen-la-veu\\\/#article\",\"isPartOf\":{\"@id\":\"https:\\\/\\\/canfali.com\\\/ca-es\\\/les-autoescoles-de-la-comarca-alcen-la-veu\\\/\"},\"author\":{\"name\":\"Rosa\",\"@id\":\"https:\\\/\\\/canfali.com\\\/ca-es\\\/#\\\/schema\\\/person\\\/c861a7aa2b2495357b95f35bd5d82f88\"},\"headline\":\"Les autoescoles de la comarca alcen la veu\",\"datePublished\":\"2025-06-06T17:37:19+00:00\",\"dateModified\":\"2025-06-09T09:33:13+00:00\",\"mainEntityOfPage\":{\"@id\":\"https:\\\/\\\/canfali.com\\\/ca-es\\\/les-autoescoles-de-la-comarca-alcen-la-veu\\\/\"},\"wordCount\":536,\"publisher\":{\"@id\":\"https:\\\/\\\/canfali.com\\\/ca-es\\\/#organization\"},\"image\":{\"@id\":\"https:\\\/\\\/canfali.com\\\/ca-es\\\/les-autoescoles-de-la-comarca-alcen-la-veu\\\/#primaryimage\"},\"thumbnailUrl\":\"https:\\\/\\\/canfali.com\\\/app\\\/uploads\\\/2025\\\/06\\\/DSC_0357-scaled.jpg\",\"keywords\":[\"autoescoles\",\"caravana\",\"examen de conduir\",\"examinadors\",\"protesta\"],\"articleSection\":[\"Sociedad\"],\"inLanguage\":\"va-ES\",\"copyrightYear\":\"2025\",\"copyrightHolder\":{\"@id\":\"https:\\\/\\\/canfali.com\\\/#organization\"}},{\"@type\":\"WebPage\",\"@id\":\"https:\\\/\\\/canfali.com\\\/ca-es\\\/les-autoescoles-de-la-comarca-alcen-la-veu\\\/\",\"url\":\"https:\\\/\\\/canfali.com\\\/ca-es\\\/les-autoescoles-de-la-comarca-alcen-la-veu\\\/\",\"name\":\"Les autoescoles de la comarca alcen la veu - Canfali\",\"isPartOf\":{\"@id\":\"https:\\\/\\\/canfali.com\\\/ca-es\\\/#website\"},\"primaryImageOfPage\":{\"@id\":\"https:\\\/\\\/canfali.com\\\/ca-es\\\/les-autoescoles-de-la-comarca-alcen-la-veu\\\/#primaryimage\"},\"image\":{\"@id\":\"https:\\\/\\\/canfali.com\\\/ca-es\\\/les-autoescoles-de-la-comarca-alcen-la-veu\\\/#primaryimage\"},\"thumbnailUrl\":\"https:\\\/\\\/canfali.com\\\/app\\\/uploads\\\/2025\\\/06\\\/DSC_0357-scaled.jpg\",\"datePublished\":\"2025-06-06T17:37:19+00:00\",\"dateModified\":\"2025-06-09T09:33:13+00:00\",\"breadcrumb\":{\"@id\":\"https:\\\/\\\/canfali.com\\\/ca-es\\\/les-autoescoles-de-la-comarca-alcen-la-veu\\\/#breadcrumb\"},\"inLanguage\":\"va-ES\",\"potentialAction\":[{\"@type\":\"ReadAction\",\"target\":[\"https:\\\/\\\/canfali.com\\\/ca-es\\\/les-autoescoles-de-la-comarca-alcen-la-veu\\\/\"]}]},{\"@type\":\"ImageObject\",\"inLanguage\":\"va-ES\",\"@id\":\"https:\\\/\\\/canfali.com\\\/ca-es\\\/les-autoescoles-de-la-comarca-alcen-la-veu\\\/#primaryimage\",\"url\":\"https:\\\/\\\/canfali.com\\\/app\\\/uploads\\\/2025\\\/06\\\/DSC_0357-scaled.jpg\",\"contentUrl\":\"https:\\\/\\\/canfali.com\\\/app\\\/uploads\\\/2025\\\/06\\\/DSC_0357-scaled.jpg\",\"width\":2560,\"height\":1696},{\"@type\":\"BreadcrumbList\",\"@id\":\"https:\\\/\\\/canfali.com\\\/ca-es\\\/les-autoescoles-de-la-comarca-alcen-la-veu\\\/#breadcrumb\",\"itemListElement\":[{\"@type\":\"ListItem\",\"position\":1,\"name\":\"Portada\",\"item\":\"https:\\\/\\\/canfali.com\\\/ca-es\\\/\"},{\"@type\":\"ListItem\",\"position\":2,\"name\":\"Les autoescoles de la comarca alcen la veu\"}]},{\"@type\":\"WebSite\",\"@id\":\"https:\\\/\\\/canfali.com\\\/ca-es\\\/#website\",\"url\":\"https:\\\/\\\/canfali.com\\\/ca-es\\\/\",\"name\":\"Canfali\",\"description\":\"\",\"publisher\":{\"@id\":\"https:\\\/\\\/canfali.com\\\/ca-es\\\/#organization\"},\"potentialAction\":[{\"@type\":\"SearchAction\",\"target\":{\"@type\":\"EntryPoint\",\"urlTemplate\":\"https:\\\/\\\/canfali.com\\\/ca-es\\\/?s={search_term_string}\"},\"query-input\":{\"@type\":\"PropertyValueSpecification\",\"valueRequired\":true,\"valueName\":\"search_term_string\"}}],\"inLanguage\":\"va-ES\"},{\"@type\":\"Organization\",\"@id\":\"https:\\\/\\\/canfali.com\\\/ca-es\\\/#organization\",\"name\":\"Canfali\",\"url\":\"https:\\\/\\\/canfali.com\\\/ca-es\\\/\",\"logo\":{\"@type\":\"ImageObject\",\"inLanguage\":\"va-ES\",\"@id\":\"https:\\\/\\\/canfali.com\\\/ca-es\\\/#\\\/schema\\\/logo\\\/image\\\/\",\"url\":\"https:\\\/\\\/canfali.com\\\/app\\\/uploads\\\/2025\\\/12\\\/canfali_marina_alta_logo.png\",\"contentUrl\":\"https:\\\/\\\/canfali.com\\\/app\\\/uploads\\\/2025\\\/12\\\/canfali_marina_alta_logo.png\",\"width\":225,\"height\":225,\"caption\":\"Canfali\"},\"image\":{\"@id\":\"https:\\\/\\\/canfali.com\\\/ca-es\\\/#\\\/schema\\\/logo\\\/image\\\/\"},\"sameAs\":[\"https:\\\/\\\/es-es.facebook.com\\\/CANFALIMarinaAlta\",\"https:\\\/\\\/x.com\\\/canfalima\",\"https:\\\/\\\/www.instagram.com\\\/canfalimarinaalta\\\/\"]},{\"@type\":\"Person\",\"@id\":\"https:\\\/\\\/canfali.com\\\/ca-es\\\/#\\\/schema\\\/person\\\/c861a7aa2b2495357b95f35bd5d82f88\",\"name\":\"Rosa\",\"image\":{\"@type\":\"ImageObject\",\"inLanguage\":\"va-ES\",\"@id\":\"https:\\\/\\\/secure.gravatar.com\\\/avatar\\\/47fb83d99423a6ef1cf9f83f02a5e91366c671dec76c5c24badf1b0494e1d960?s=96&d=mm&r=g\",\"url\":\"https:\\\/\\\/secure.gravatar.com\\\/avatar\\\/47fb83d99423a6ef1cf9f83f02a5e91366c671dec76c5c24badf1b0494e1d960?s=96&d=mm&r=g\",\"contentUrl\":\"https:\\\/\\\/secure.gravatar.com\\\/avatar\\\/47fb83d99423a6ef1cf9f83f02a5e91366c671dec76c5c24badf1b0494e1d960?s=96&d=mm&r=g\",\"caption\":\"Rosa\"},\"url\":\"https:\\\/\\\/canfali.com\\\/ca-es\\\/author\\\/rosa\\\/\"}]}<\/script>\n<!-- \/ Yoast SEO Premium plugin. -->","yoast_head_json":{"title":"Les autoescoles de la comarca alcen la veu - Canfali","robots":{"index":"index","follow":"follow","max-snippet":"max-snippet:-1","max-image-preview":"max-image-preview:large","max-video-preview":"max-video-preview:-1"},"canonical":"https:\/\/canfali.com\/ca-es\/les-autoescoles-de-la-comarca-alcen-la-veu\/","og_locale":"en_US","og_type":"article","og_title":"Les autoescoles de la comarca alcen la veu","og_description":"La falta d&#8217;examinadors provoca llistes d&#8217;espera per a les proves de circulaci\u00f3 Els professors d&#8217;autoescola de la Marina&hellip;","og_url":"https:\/\/canfali.com\/ca-es\/les-autoescoles-de-la-comarca-alcen-la-veu\/","og_site_name":"Canfali","article_publisher":"https:\/\/es-es.facebook.com\/CANFALIMarinaAlta","article_published_time":"2025-06-06T17:37:19+00:00","article_modified_time":"2025-06-09T09:33:13+00:00","og_image":[{"width":2560,"height":1696,"url":"https:\/\/canfali.com\/app\/uploads\/2025\/06\/DSC_0357-scaled.jpg","type":"image\/jpeg"}],"author":"Rosa","twitter_card":"summary_large_image","twitter_creator":"@canfalima","twitter_site":"@canfalima","twitter_misc":{"Written by":"Rosa","Est. reading time":"3 minutes"},"schema":{"@context":"https:\/\/schema.org","@graph":[{"@type":"NewsArticle","@id":"https:\/\/canfali.com\/ca-es\/les-autoescoles-de-la-comarca-alcen-la-veu\/#article","isPartOf":{"@id":"https:\/\/canfali.com\/ca-es\/les-autoescoles-de-la-comarca-alcen-la-veu\/"},"author":{"name":"Rosa","@id":"https:\/\/canfali.com\/ca-es\/#\/schema\/person\/c861a7aa2b2495357b95f35bd5d82f88"},"headline":"Les autoescoles de la comarca alcen la veu","datePublished":"2025-06-06T17:37:19+00:00","dateModified":"2025-06-09T09:33:13+00:00","mainEntityOfPage":{"@id":"https:\/\/canfali.com\/ca-es\/les-autoescoles-de-la-comarca-alcen-la-veu\/"},"wordCount":536,"publisher":{"@id":"https:\/\/canfali.com\/ca-es\/#organization"},"image":{"@id":"https:\/\/canfali.com\/ca-es\/les-autoescoles-de-la-comarca-alcen-la-veu\/#primaryimage"},"thumbnailUrl":"https:\/\/canfali.com\/app\/uploads\/2025\/06\/DSC_0357-scaled.jpg","keywords":["autoescoles","caravana","examen de conduir","examinadors","protesta"],"articleSection":["Sociedad"],"inLanguage":"va-ES","copyrightYear":"2025","copyrightHolder":{"@id":"https:\/\/canfali.com\/#organization"}},{"@type":"WebPage","@id":"https:\/\/canfali.com\/ca-es\/les-autoescoles-de-la-comarca-alcen-la-veu\/","url":"https:\/\/canfali.com\/ca-es\/les-autoescoles-de-la-comarca-alcen-la-veu\/","name":"Les autoescoles de la comarca alcen la veu - Canfali","isPartOf":{"@id":"https:\/\/canfali.com\/ca-es\/#website"},"primaryImageOfPage":{"@id":"https:\/\/canfali.com\/ca-es\/les-autoescoles-de-la-comarca-alcen-la-veu\/#primaryimage"},"image":{"@id":"https:\/\/canfali.com\/ca-es\/les-autoescoles-de-la-comarca-alcen-la-veu\/#primaryimage"},"thumbnailUrl":"https:\/\/canfali.com\/app\/uploads\/2025\/06\/DSC_0357-scaled.jpg","datePublished":"2025-06-06T17:37:19+00:00","dateModified":"2025-06-09T09:33:13+00:00","breadcrumb":{"@id":"https:\/\/canfali.com\/ca-es\/les-autoescoles-de-la-comarca-alcen-la-veu\/#breadcrumb"},"inLanguage":"va-ES","potentialAction":[{"@type":"ReadAction","target":["https:\/\/canfali.com\/ca-es\/les-autoescoles-de-la-comarca-alcen-la-veu\/"]}]},{"@type":"ImageObject","inLanguage":"va-ES","@id":"https:\/\/canfali.com\/ca-es\/les-autoescoles-de-la-comarca-alcen-la-veu\/#primaryimage","url":"https:\/\/canfali.com\/app\/uploads\/2025\/06\/DSC_0357-scaled.jpg","contentUrl":"https:\/\/canfali.com\/app\/uploads\/2025\/06\/DSC_0357-scaled.jpg","width":2560,"height":1696},{"@type":"BreadcrumbList","@id":"https:\/\/canfali.com\/ca-es\/les-autoescoles-de-la-comarca-alcen-la-veu\/#breadcrumb","itemListElement":[{"@type":"ListItem","position":1,"name":"Portada","item":"https:\/\/canfali.com\/ca-es\/"},{"@type":"ListItem","position":2,"name":"Les autoescoles de la comarca alcen la veu"}]},{"@type":"WebSite","@id":"https:\/\/canfali.com\/ca-es\/#website","url":"https:\/\/canfali.com\/ca-es\/","name":"Canfali","description":"","publisher":{"@id":"https:\/\/canfali.com\/ca-es\/#organization"},"potentialAction":[{"@type":"SearchAction","target":{"@type":"EntryPoint","urlTemplate":"https:\/\/canfali.com\/ca-es\/?s={search_term_string}"},"query-input":{"@type":"PropertyValueSpecification","valueRequired":true,"valueName":"search_term_string"}}],"inLanguage":"va-ES"},{"@type":"Organization","@id":"https:\/\/canfali.com\/ca-es\/#organization","name":"Canfali","url":"https:\/\/canfali.com\/ca-es\/","logo":{"@type":"ImageObject","inLanguage":"va-ES","@id":"https:\/\/canfali.com\/ca-es\/#\/schema\/logo\/image\/","url":"https:\/\/canfali.com\/app\/uploads\/2025\/12\/canfali_marina_alta_logo.png","contentUrl":"https:\/\/canfali.com\/app\/uploads\/2025\/12\/canfali_marina_alta_logo.png","width":225,"height":225,"caption":"Canfali"},"image":{"@id":"https:\/\/canfali.com\/ca-es\/#\/schema\/logo\/image\/"},"sameAs":["https:\/\/es-es.facebook.com\/CANFALIMarinaAlta","https:\/\/x.com\/canfalima","https:\/\/www.instagram.com\/canfalimarinaalta\/"]},{"@type":"Person","@id":"https:\/\/canfali.com\/ca-es\/#\/schema\/person\/c861a7aa2b2495357b95f35bd5d82f88","name":"Rosa","image":{"@type":"ImageObject","inLanguage":"va-ES","@id":"https:\/\/secure.gravatar.com\/avatar\/47fb83d99423a6ef1cf9f83f02a5e91366c671dec76c5c24badf1b0494e1d960?s=96&d=mm&r=g","url":"https:\/\/secure.gravatar.com\/avatar\/47fb83d99423a6ef1cf9f83f02a5e91366c671dec76c5c24badf1b0494e1d960?s=96&d=mm&r=g","contentUrl":"https:\/\/secure.gravatar.com\/avatar\/47fb83d99423a6ef1cf9f83f02a5e91366c671dec76c5c24badf1b0494e1d960?s=96&d=mm&r=g","caption":"Rosa"},"url":"https:\/\/canfali.com\/ca-es\/author\/rosa\/"}]}},"_links":{"self":[{"href":"https:\/\/canfali.com\/ca-es\/wp-json\/wp\/v2\/posts\/65665","targetHints":{"allow":["GET"]}}],"collection":[{"href":"https:\/\/canfali.com\/ca-es\/wp-json\/wp\/v2\/posts"}],"about":[{"href":"https:\/\/canfali.com\/ca-es\/wp-json\/wp\/v2\/types\/post"}],"author":[{"embeddable":true,"href":"https:\/\/canfali.com\/ca-es\/wp-json\/wp\/v2\/users\/6"}],"replies":[{"embeddable":true,"href":"https:\/\/canfali.com\/ca-es\/wp-json\/wp\/v2\/comments?post=65665"}],"version-history":[{"count":1,"href":"https:\/\/canfali.com\/ca-es\/wp-json\/wp\/v2\/posts\/65665\/revisions"}],"predecessor-version":[{"id":65666,"href":"https:\/\/canfali.com\/ca-es\/wp-json\/wp\/v2\/posts\/65665\/revisions\/65666"}],"wp:featuredmedia":[{"embeddable":true,"href":"https:\/\/canfali.com\/ca-es\/wp-json\/wp\/v2\/media\/65651"}],"wp:attachment":[{"href":"https:\/\/canfali.com\/ca-es\/wp-json\/wp\/v2\/media?parent=65665"}],"wp:term":[{"taxonomy":"category","embeddable":true,"href":"https:\/\/canfali.com\/ca-es\/wp-json\/wp\/v2\/categories?post=65665"},{"taxonomy":"post_tag","embeddable":true,"href":"https:\/\/canfali.com\/ca-es\/wp-json\/wp\/v2\/tags?post=65665"}],"curies":[{"name":"wp","href":"https:\/\/api.w.org\/{rel}","templated":true}]}}