{"id":65620,"date":"2025-06-06T10:33:29","date_gmt":"2025-06-06T08:33:29","guid":{"rendered":"https:\/\/canfali.com\/?p=65620"},"modified":"2025-06-06T10:37:59","modified_gmt":"2025-06-06T08:37:59","slug":"nous-espais-i-mes-musica-en-la-festa-major-de-denia","status":"publish","type":"post","link":"https:\/\/canfali.com\/ca-es\/nous-espais-i-mes-musica-en-la-festa-major-de-denia\/","title":{"rendered":"Nous espais i m\u00e9s m\u00fasica en la Festa Major de D\u00e9nia"},"content":{"rendered":"\n<p><strong>Ana Guerra, The Tyets, Malifeta i l\u2019Orquestra La Pato, en el cartell de concerts<\/strong><\/p>\n\n\n\n<p>Ja est\u00e0 tot enllestit de cara a la Festa Major de D\u00e9nia que es desenvolupar\u00e0 del 4 al 13 de juliol amb moltes novetats. La primera \u00e9s la incorporaci\u00f3 de nous empla\u00e7aments per a fer festa, com ara la Glorieta del Pa\u00eds Valenci\u00e0, la Pla\u00e7a Maria Herv\u00e1s i el p\u00e0rking de Llun\u00e0tics. A m\u00e9s, el castell pirot\u00e8cnic de fi de festa no es disparar\u00e0 des de Torrecremada sin\u00f3 des de la zona portu\u00e0ria, en el mateix lloc del castell dels moros i cristians.<\/p>\n\n\n\n<p>&nbsp;&nbsp;&nbsp;&nbsp;&nbsp;&nbsp;&nbsp;&nbsp;&nbsp;&nbsp;&nbsp; El programa t\u00e9 m\u00e9s concerts de m\u00fasica que mai i, a m\u00e9s, hi ha una aposta pel valenci\u00e0 amb les actuacions de Malifeta (dilluns 7) i The Tyets (dimarts 8). Ana Guerra \u00e9s el cap de cartell (dissabte 12) i podria vindre a D\u00e9nia com a guanyadora de <em>Tu cara me suena<\/em>, perqu\u00e8 la final del conegut programa d\u2019Antena 3 es fa en directe la nit anterior. Hi ha un altre grup conegut a nivell nacional, Bombai (dijous 10) i s\u2019ha incl\u00f2s tamb\u00e9 dos musicals, <em>Hollywood<\/em> (dissabte 5) i <em>Camilo &amp; Big Band<\/em> (dimecres 9), amb Dani Dig\u00e9s, que recorre tot el territori nacional. Tot aix\u00f2 sense oblidar el concert de l\u2019Agrupaci\u00f3 Art\u00edstica Musical de D\u00e9nia i els de les orquestres La Pato i Platino. El regidor de Festes, Ra\u00fal Garcia de la Reina, diu que \u201cens havien demanat m\u00e9s m\u00fasica i enguany hi ha m\u00e9s que mai\u201d.<\/p>\n\n\n\n<p>&nbsp;&nbsp;&nbsp;&nbsp;&nbsp;&nbsp;&nbsp;&nbsp;&nbsp;&nbsp;&nbsp; La festa s\u2019iniciar\u00e0 el divendres 4 amb el <em>pretxupinazo<\/em> a fi de repartir les samarretes als quasi 300 quintos i quintes que hi ha enguany. El tir anunciador ser\u00e0 a l\u2019endem\u00e0, a les 12 hores, a la Glorieta. La Pla\u00e7a de Mar\u00eda Herv\u00e1s es reserva per al p\u00fablic infantil, amb el txupinazo, un taller de circ, un musical i diferents actuacions adre\u00e7ades als m\u00e9s menuts. La Coc\u00e0 del Major es far\u00e0 en un recinte tancat, el p\u00e0rquing de l\u2019Estaci\u00f3 FGV, i caldr\u00e0 inscripci\u00f3 pr\u00e8via i arreplegar el tiquet per a un m\u00e0xim de 550 persones. \u201cEls dos \u00faltims anys hem hagut de cridar a la policia perqu\u00e8 acudien fam\u00edlies senceres, hi havia baralles i es quedava gent major sense lloc\u201d, explica el regidor.<\/p>\n\n\n\n<p>\u00a0\u00a0\u00a0\u00a0\u00a0\u00a0\u00a0\u00a0\u00a0\u00a0\u00a0 Pel que fa als bous a la mar, la programaci\u00f3 no canvia i sols hi ha una entrada de bous, el dissabte 5. Els bous a la mar seran en sessi\u00f3 de vesprada, de 19.30 a 21 hores. La novetat \u00e9s la inclusi\u00f3 d\u2019un espectacle eq\u00fcestre sota el t\u00edtol de \u201cCaballos de Ensue\u00f1o\u201d, el diumenge 13, a les 20 hores, en el mateix recinte taur\u00ed.<\/p>\n\n\n\n<p>&nbsp;&nbsp;&nbsp;&nbsp;&nbsp;&nbsp;&nbsp;&nbsp;&nbsp;&nbsp;&nbsp; El cartell anunciador de la festa \u00e9s obra d\u2019Elsa Escobar, una col\u00b7laboradora dels quintos. \u201cEnguany no s\u2019ha convocat el concurs perqu\u00e8 en les darreres edici\u00f3 hi havia poca participaci\u00f3\u201d, en paraules de Garcia de la Reina. El pressupost total de les festes \u00e9s molt semblant al de l\u2019any passat i est\u00e0 al voltant dels 300.000 euros.<\/p>\n","protected":false},"excerpt":{"rendered":"Ana Guerra, The Tyets, Malifeta i l\u2019Orquestra La Pato, en el cartell de concerts Ja est\u00e0 tot enllestit&hellip;","protected":false},"author":5,"featured_media":65621,"comment_status":"closed","ping_status":"closed","sticky":false,"template":"","format":"standard","meta":{"csco_display_header_overlay":false,"csco_singular_sidebar":"","csco_page_header_type":"","csco_page_load_nextpost":"","csco_post_video_location":[],"csco_post_video_location_hash":"","csco_post_video_url":"","csco_post_video_bg_start_time":0,"csco_post_video_bg_end_time":0,"footnotes":""},"categories":[587],"tags":[2666,2665,2664,1691],"class_list":{"0":"post-65620","1":"post","2":"type-post","3":"status-publish","4":"format-standard","5":"has-post-thumbnail","7":"category-festes","8":"tag-ana-guerra","9":"tag-castells","10":"tag-festa-major","11":"tag-musica-ca-es","12":"cs-entry","13":"cs-video-wrap"},"yoast_head":"<!-- This site is optimized with the Yoast SEO Premium plugin v26.6 (Yoast SEO v27.3) - https:\/\/yoast.com\/product\/yoast-seo-premium-wordpress\/ -->\n<title>Nous espais i m\u00e9s m\u00fasica en la Festa Major de D\u00e9nia - Canfali<\/title>\n<meta name=\"robots\" content=\"index, follow, max-snippet:-1, max-image-preview:large, max-video-preview:-1\" \/>\n<link rel=\"canonical\" href=\"https:\/\/canfali.com\/ca-es\/nous-espais-i-mes-musica-en-la-festa-major-de-denia\/\" \/>\n<meta property=\"og:locale\" content=\"en_US\" \/>\n<meta property=\"og:type\" content=\"article\" \/>\n<meta property=\"og:title\" content=\"Nous espais i m\u00e9s m\u00fasica en la Festa Major de D\u00e9nia\" \/>\n<meta property=\"og:description\" content=\"Ana Guerra, The Tyets, Malifeta i l\u2019Orquestra La Pato, en el cartell de concerts Ja est\u00e0 tot enllestit&hellip;\" \/>\n<meta property=\"og:url\" content=\"https:\/\/canfali.com\/ca-es\/nous-espais-i-mes-musica-en-la-festa-major-de-denia\/\" \/>\n<meta property=\"og:site_name\" content=\"Canfali\" \/>\n<meta property=\"article:publisher\" content=\"https:\/\/es-es.facebook.com\/CANFALIMarinaAlta\" \/>\n<meta property=\"article:published_time\" content=\"2025-06-06T08:33:29+00:00\" \/>\n<meta property=\"article:modified_time\" content=\"2025-06-06T08:37:59+00:00\" \/>\n<meta property=\"og:image\" content=\"https:\/\/canfali.com\/app\/uploads\/2025\/06\/festa-major-1-scaled.jpg\" \/>\n\t<meta property=\"og:image:width\" content=\"2560\" \/>\n\t<meta property=\"og:image:height\" content=\"1696\" \/>\n\t<meta property=\"og:image:type\" content=\"image\/jpeg\" \/>\n<meta name=\"author\" content=\"D\u00eddac\" \/>\n<meta name=\"twitter:card\" content=\"summary_large_image\" \/>\n<meta name=\"twitter:creator\" content=\"@canfalima\" \/>\n<meta name=\"twitter:site\" content=\"@canfalima\" \/>\n<meta name=\"twitter:label1\" content=\"Written by\" \/>\n\t<meta name=\"twitter:data1\" content=\"D\u00eddac\" \/>\n\t<meta name=\"twitter:label2\" content=\"Est. reading time\" \/>\n\t<meta name=\"twitter:data2\" content=\"3 minutes\" \/>\n<script type=\"application\/ld+json\" class=\"yoast-schema-graph\">{\"@context\":\"https:\\\/\\\/schema.org\",\"@graph\":[{\"@type\":\"NewsArticle\",\"@id\":\"https:\\\/\\\/canfali.com\\\/ca-es\\\/nous-espais-i-mes-musica-en-la-festa-major-de-denia\\\/#article\",\"isPartOf\":{\"@id\":\"https:\\\/\\\/canfali.com\\\/ca-es\\\/nous-espais-i-mes-musica-en-la-festa-major-de-denia\\\/\"},\"author\":{\"name\":\"D\u00eddac\",\"@id\":\"https:\\\/\\\/canfali.com\\\/ca-es\\\/#\\\/schema\\\/person\\\/5211f51be1ed486a218e6a4f53355b6d\"},\"headline\":\"Nous espais i m\u00e9s m\u00fasica en la Festa Major de D\u00e9nia\",\"datePublished\":\"2025-06-06T08:33:29+00:00\",\"dateModified\":\"2025-06-06T08:37:59+00:00\",\"mainEntityOfPage\":{\"@id\":\"https:\\\/\\\/canfali.com\\\/ca-es\\\/nous-espais-i-mes-musica-en-la-festa-major-de-denia\\\/\"},\"wordCount\":564,\"publisher\":{\"@id\":\"https:\\\/\\\/canfali.com\\\/ca-es\\\/#organization\"},\"image\":{\"@id\":\"https:\\\/\\\/canfali.com\\\/ca-es\\\/nous-espais-i-mes-musica-en-la-festa-major-de-denia\\\/#primaryimage\"},\"thumbnailUrl\":\"https:\\\/\\\/canfali.com\\\/app\\\/uploads\\\/2025\\\/06\\\/festa-major-1-scaled.jpg\",\"keywords\":[\"ana guerra\",\"castells\",\"festa major\",\"m\u00fasica\"],\"articleSection\":[\"Festes\"],\"inLanguage\":\"va-ES\",\"copyrightYear\":\"2025\",\"copyrightHolder\":{\"@id\":\"https:\\\/\\\/canfali.com\\\/#organization\"}},{\"@type\":\"WebPage\",\"@id\":\"https:\\\/\\\/canfali.com\\\/ca-es\\\/nous-espais-i-mes-musica-en-la-festa-major-de-denia\\\/\",\"url\":\"https:\\\/\\\/canfali.com\\\/ca-es\\\/nous-espais-i-mes-musica-en-la-festa-major-de-denia\\\/\",\"name\":\"Nous espais i m\u00e9s m\u00fasica en la Festa Major de D\u00e9nia - Canfali\",\"isPartOf\":{\"@id\":\"https:\\\/\\\/canfali.com\\\/ca-es\\\/#website\"},\"primaryImageOfPage\":{\"@id\":\"https:\\\/\\\/canfali.com\\\/ca-es\\\/nous-espais-i-mes-musica-en-la-festa-major-de-denia\\\/#primaryimage\"},\"image\":{\"@id\":\"https:\\\/\\\/canfali.com\\\/ca-es\\\/nous-espais-i-mes-musica-en-la-festa-major-de-denia\\\/#primaryimage\"},\"thumbnailUrl\":\"https:\\\/\\\/canfali.com\\\/app\\\/uploads\\\/2025\\\/06\\\/festa-major-1-scaled.jpg\",\"datePublished\":\"2025-06-06T08:33:29+00:00\",\"dateModified\":\"2025-06-06T08:37:59+00:00\",\"breadcrumb\":{\"@id\":\"https:\\\/\\\/canfali.com\\\/ca-es\\\/nous-espais-i-mes-musica-en-la-festa-major-de-denia\\\/#breadcrumb\"},\"inLanguage\":\"va-ES\",\"potentialAction\":[{\"@type\":\"ReadAction\",\"target\":[\"https:\\\/\\\/canfali.com\\\/ca-es\\\/nous-espais-i-mes-musica-en-la-festa-major-de-denia\\\/\"]}]},{\"@type\":\"ImageObject\",\"inLanguage\":\"va-ES\",\"@id\":\"https:\\\/\\\/canfali.com\\\/ca-es\\\/nous-espais-i-mes-musica-en-la-festa-major-de-denia\\\/#primaryimage\",\"url\":\"https:\\\/\\\/canfali.com\\\/app\\\/uploads\\\/2025\\\/06\\\/festa-major-1-scaled.jpg\",\"contentUrl\":\"https:\\\/\\\/canfali.com\\\/app\\\/uploads\\\/2025\\\/06\\\/festa-major-1-scaled.jpg\",\"width\":2560,\"height\":1696},{\"@type\":\"BreadcrumbList\",\"@id\":\"https:\\\/\\\/canfali.com\\\/ca-es\\\/nous-espais-i-mes-musica-en-la-festa-major-de-denia\\\/#breadcrumb\",\"itemListElement\":[{\"@type\":\"ListItem\",\"position\":1,\"name\":\"Portada\",\"item\":\"https:\\\/\\\/canfali.com\\\/ca-es\\\/\"},{\"@type\":\"ListItem\",\"position\":2,\"name\":\"Nous espais i m\u00e9s m\u00fasica en la Festa Major de D\u00e9nia\"}]},{\"@type\":\"WebSite\",\"@id\":\"https:\\\/\\\/canfali.com\\\/ca-es\\\/#website\",\"url\":\"https:\\\/\\\/canfali.com\\\/ca-es\\\/\",\"name\":\"Canfali\",\"description\":\"\",\"publisher\":{\"@id\":\"https:\\\/\\\/canfali.com\\\/ca-es\\\/#organization\"},\"potentialAction\":[{\"@type\":\"SearchAction\",\"target\":{\"@type\":\"EntryPoint\",\"urlTemplate\":\"https:\\\/\\\/canfali.com\\\/ca-es\\\/?s={search_term_string}\"},\"query-input\":{\"@type\":\"PropertyValueSpecification\",\"valueRequired\":true,\"valueName\":\"search_term_string\"}}],\"inLanguage\":\"va-ES\"},{\"@type\":\"Organization\",\"@id\":\"https:\\\/\\\/canfali.com\\\/ca-es\\\/#organization\",\"name\":\"Canfali\",\"url\":\"https:\\\/\\\/canfali.com\\\/ca-es\\\/\",\"logo\":{\"@type\":\"ImageObject\",\"inLanguage\":\"va-ES\",\"@id\":\"https:\\\/\\\/canfali.com\\\/ca-es\\\/#\\\/schema\\\/logo\\\/image\\\/\",\"url\":\"https:\\\/\\\/canfali.com\\\/app\\\/uploads\\\/2025\\\/12\\\/canfali_marina_alta_logo.png\",\"contentUrl\":\"https:\\\/\\\/canfali.com\\\/app\\\/uploads\\\/2025\\\/12\\\/canfali_marina_alta_logo.png\",\"width\":225,\"height\":225,\"caption\":\"Canfali\"},\"image\":{\"@id\":\"https:\\\/\\\/canfali.com\\\/ca-es\\\/#\\\/schema\\\/logo\\\/image\\\/\"},\"sameAs\":[\"https:\\\/\\\/es-es.facebook.com\\\/CANFALIMarinaAlta\",\"https:\\\/\\\/x.com\\\/canfalima\",\"https:\\\/\\\/www.instagram.com\\\/canfalimarinaalta\\\/\"]},{\"@type\":\"Person\",\"@id\":\"https:\\\/\\\/canfali.com\\\/ca-es\\\/#\\\/schema\\\/person\\\/5211f51be1ed486a218e6a4f53355b6d\",\"name\":\"D\u00eddac\",\"image\":{\"@type\":\"ImageObject\",\"inLanguage\":\"va-ES\",\"@id\":\"https:\\\/\\\/secure.gravatar.com\\\/avatar\\\/a68a2078c12da8a6dd6cff4f3f3f69f7eb69a2d31ac1aac4da61c3761e4557f4?s=96&d=mm&r=g\",\"url\":\"https:\\\/\\\/secure.gravatar.com\\\/avatar\\\/a68a2078c12da8a6dd6cff4f3f3f69f7eb69a2d31ac1aac4da61c3761e4557f4?s=96&d=mm&r=g\",\"contentUrl\":\"https:\\\/\\\/secure.gravatar.com\\\/avatar\\\/a68a2078c12da8a6dd6cff4f3f3f69f7eb69a2d31ac1aac4da61c3761e4557f4?s=96&d=mm&r=g\",\"caption\":\"D\u00eddac\"},\"url\":\"https:\\\/\\\/canfali.com\\\/ca-es\\\/author\\\/didac\\\/\"}]}<\/script>\n<!-- \/ Yoast SEO Premium plugin. -->","yoast_head_json":{"title":"Nous espais i m\u00e9s m\u00fasica en la Festa Major de D\u00e9nia - Canfali","robots":{"index":"index","follow":"follow","max-snippet":"max-snippet:-1","max-image-preview":"max-image-preview:large","max-video-preview":"max-video-preview:-1"},"canonical":"https:\/\/canfali.com\/ca-es\/nous-espais-i-mes-musica-en-la-festa-major-de-denia\/","og_locale":"en_US","og_type":"article","og_title":"Nous espais i m\u00e9s m\u00fasica en la Festa Major de D\u00e9nia","og_description":"Ana Guerra, The Tyets, Malifeta i l\u2019Orquestra La Pato, en el cartell de concerts Ja est\u00e0 tot enllestit&hellip;","og_url":"https:\/\/canfali.com\/ca-es\/nous-espais-i-mes-musica-en-la-festa-major-de-denia\/","og_site_name":"Canfali","article_publisher":"https:\/\/es-es.facebook.com\/CANFALIMarinaAlta","article_published_time":"2025-06-06T08:33:29+00:00","article_modified_time":"2025-06-06T08:37:59+00:00","og_image":[{"width":2560,"height":1696,"url":"https:\/\/canfali.com\/app\/uploads\/2025\/06\/festa-major-1-scaled.jpg","type":"image\/jpeg"}],"author":"D\u00eddac","twitter_card":"summary_large_image","twitter_creator":"@canfalima","twitter_site":"@canfalima","twitter_misc":{"Written by":"D\u00eddac","Est. reading time":"3 minutes"},"schema":{"@context":"https:\/\/schema.org","@graph":[{"@type":"NewsArticle","@id":"https:\/\/canfali.com\/ca-es\/nous-espais-i-mes-musica-en-la-festa-major-de-denia\/#article","isPartOf":{"@id":"https:\/\/canfali.com\/ca-es\/nous-espais-i-mes-musica-en-la-festa-major-de-denia\/"},"author":{"name":"D\u00eddac","@id":"https:\/\/canfali.com\/ca-es\/#\/schema\/person\/5211f51be1ed486a218e6a4f53355b6d"},"headline":"Nous espais i m\u00e9s m\u00fasica en la Festa Major de D\u00e9nia","datePublished":"2025-06-06T08:33:29+00:00","dateModified":"2025-06-06T08:37:59+00:00","mainEntityOfPage":{"@id":"https:\/\/canfali.com\/ca-es\/nous-espais-i-mes-musica-en-la-festa-major-de-denia\/"},"wordCount":564,"publisher":{"@id":"https:\/\/canfali.com\/ca-es\/#organization"},"image":{"@id":"https:\/\/canfali.com\/ca-es\/nous-espais-i-mes-musica-en-la-festa-major-de-denia\/#primaryimage"},"thumbnailUrl":"https:\/\/canfali.com\/app\/uploads\/2025\/06\/festa-major-1-scaled.jpg","keywords":["ana guerra","castells","festa major","m\u00fasica"],"articleSection":["Festes"],"inLanguage":"va-ES","copyrightYear":"2025","copyrightHolder":{"@id":"https:\/\/canfali.com\/#organization"}},{"@type":"WebPage","@id":"https:\/\/canfali.com\/ca-es\/nous-espais-i-mes-musica-en-la-festa-major-de-denia\/","url":"https:\/\/canfali.com\/ca-es\/nous-espais-i-mes-musica-en-la-festa-major-de-denia\/","name":"Nous espais i m\u00e9s m\u00fasica en la Festa Major de D\u00e9nia - Canfali","isPartOf":{"@id":"https:\/\/canfali.com\/ca-es\/#website"},"primaryImageOfPage":{"@id":"https:\/\/canfali.com\/ca-es\/nous-espais-i-mes-musica-en-la-festa-major-de-denia\/#primaryimage"},"image":{"@id":"https:\/\/canfali.com\/ca-es\/nous-espais-i-mes-musica-en-la-festa-major-de-denia\/#primaryimage"},"thumbnailUrl":"https:\/\/canfali.com\/app\/uploads\/2025\/06\/festa-major-1-scaled.jpg","datePublished":"2025-06-06T08:33:29+00:00","dateModified":"2025-06-06T08:37:59+00:00","breadcrumb":{"@id":"https:\/\/canfali.com\/ca-es\/nous-espais-i-mes-musica-en-la-festa-major-de-denia\/#breadcrumb"},"inLanguage":"va-ES","potentialAction":[{"@type":"ReadAction","target":["https:\/\/canfali.com\/ca-es\/nous-espais-i-mes-musica-en-la-festa-major-de-denia\/"]}]},{"@type":"ImageObject","inLanguage":"va-ES","@id":"https:\/\/canfali.com\/ca-es\/nous-espais-i-mes-musica-en-la-festa-major-de-denia\/#primaryimage","url":"https:\/\/canfali.com\/app\/uploads\/2025\/06\/festa-major-1-scaled.jpg","contentUrl":"https:\/\/canfali.com\/app\/uploads\/2025\/06\/festa-major-1-scaled.jpg","width":2560,"height":1696},{"@type":"BreadcrumbList","@id":"https:\/\/canfali.com\/ca-es\/nous-espais-i-mes-musica-en-la-festa-major-de-denia\/#breadcrumb","itemListElement":[{"@type":"ListItem","position":1,"name":"Portada","item":"https:\/\/canfali.com\/ca-es\/"},{"@type":"ListItem","position":2,"name":"Nous espais i m\u00e9s m\u00fasica en la Festa Major de D\u00e9nia"}]},{"@type":"WebSite","@id":"https:\/\/canfali.com\/ca-es\/#website","url":"https:\/\/canfali.com\/ca-es\/","name":"Canfali","description":"","publisher":{"@id":"https:\/\/canfali.com\/ca-es\/#organization"},"potentialAction":[{"@type":"SearchAction","target":{"@type":"EntryPoint","urlTemplate":"https:\/\/canfali.com\/ca-es\/?s={search_term_string}"},"query-input":{"@type":"PropertyValueSpecification","valueRequired":true,"valueName":"search_term_string"}}],"inLanguage":"va-ES"},{"@type":"Organization","@id":"https:\/\/canfali.com\/ca-es\/#organization","name":"Canfali","url":"https:\/\/canfali.com\/ca-es\/","logo":{"@type":"ImageObject","inLanguage":"va-ES","@id":"https:\/\/canfali.com\/ca-es\/#\/schema\/logo\/image\/","url":"https:\/\/canfali.com\/app\/uploads\/2025\/12\/canfali_marina_alta_logo.png","contentUrl":"https:\/\/canfali.com\/app\/uploads\/2025\/12\/canfali_marina_alta_logo.png","width":225,"height":225,"caption":"Canfali"},"image":{"@id":"https:\/\/canfali.com\/ca-es\/#\/schema\/logo\/image\/"},"sameAs":["https:\/\/es-es.facebook.com\/CANFALIMarinaAlta","https:\/\/x.com\/canfalima","https:\/\/www.instagram.com\/canfalimarinaalta\/"]},{"@type":"Person","@id":"https:\/\/canfali.com\/ca-es\/#\/schema\/person\/5211f51be1ed486a218e6a4f53355b6d","name":"D\u00eddac","image":{"@type":"ImageObject","inLanguage":"va-ES","@id":"https:\/\/secure.gravatar.com\/avatar\/a68a2078c12da8a6dd6cff4f3f3f69f7eb69a2d31ac1aac4da61c3761e4557f4?s=96&d=mm&r=g","url":"https:\/\/secure.gravatar.com\/avatar\/a68a2078c12da8a6dd6cff4f3f3f69f7eb69a2d31ac1aac4da61c3761e4557f4?s=96&d=mm&r=g","contentUrl":"https:\/\/secure.gravatar.com\/avatar\/a68a2078c12da8a6dd6cff4f3f3f69f7eb69a2d31ac1aac4da61c3761e4557f4?s=96&d=mm&r=g","caption":"D\u00eddac"},"url":"https:\/\/canfali.com\/ca-es\/author\/didac\/"}]}},"_links":{"self":[{"href":"https:\/\/canfali.com\/ca-es\/wp-json\/wp\/v2\/posts\/65620","targetHints":{"allow":["GET"]}}],"collection":[{"href":"https:\/\/canfali.com\/ca-es\/wp-json\/wp\/v2\/posts"}],"about":[{"href":"https:\/\/canfali.com\/ca-es\/wp-json\/wp\/v2\/types\/post"}],"author":[{"embeddable":true,"href":"https:\/\/canfali.com\/ca-es\/wp-json\/wp\/v2\/users\/5"}],"replies":[{"embeddable":true,"href":"https:\/\/canfali.com\/ca-es\/wp-json\/wp\/v2\/comments?post=65620"}],"version-history":[{"count":2,"href":"https:\/\/canfali.com\/ca-es\/wp-json\/wp\/v2\/posts\/65620\/revisions"}],"predecessor-version":[{"id":65626,"href":"https:\/\/canfali.com\/ca-es\/wp-json\/wp\/v2\/posts\/65620\/revisions\/65626"}],"wp:featuredmedia":[{"embeddable":true,"href":"https:\/\/canfali.com\/ca-es\/wp-json\/wp\/v2\/media\/65621"}],"wp:attachment":[{"href":"https:\/\/canfali.com\/ca-es\/wp-json\/wp\/v2\/media?parent=65620"}],"wp:term":[{"taxonomy":"category","embeddable":true,"href":"https:\/\/canfali.com\/ca-es\/wp-json\/wp\/v2\/categories?post=65620"},{"taxonomy":"post_tag","embeddable":true,"href":"https:\/\/canfali.com\/ca-es\/wp-json\/wp\/v2\/tags?post=65620"}],"curies":[{"name":"wp","href":"https:\/\/api.w.org\/{rel}","templated":true}]}}