{"id":65561,"date":"2025-06-04T12:51:28","date_gmt":"2025-06-04T10:51:28","guid":{"rendered":"https:\/\/canfali.com\/adjudicat-el-centre-de-salut-de-pedreguer\/"},"modified":"2025-06-04T12:59:20","modified_gmt":"2025-06-04T10:59:20","slug":"adjudicat-el-centre-de-salut-de-pedreguer","status":"publish","type":"post","link":"https:\/\/canfali.com\/ca-es\/adjudicat-el-centre-de-salut-de-pedreguer\/","title":{"rendered":"Adjudicat el Centre de Salut de Pedreguer"},"content":{"rendered":"\n<p>La Conselleria de Sanitat ha adjudicat les obres de construcci\u00f3 del nou Centre de Salut de Pedreguer, que dep\u00e9n del Departament de Salut de D\u00e9nia, per un import proper als 3,5 milions d\u2019euros. Les obres es preveuen que comencen en els pr\u00f2xims mesos.<br\/><\/p>\n\n<p>El nou centre es construir\u00e0 en un terreny cedit per l\u2019Ajuntament de Pedreguer, situat entre el carrer de l\u2019Institut i el carrer Joana Escorna. L\u2019edifici, de dues plantes, tindr\u00e0 una superf\u00edcie constru\u00efda de m\u00e9s de 1.400 m\u00b2 i estar\u00e0 dissenyat per acollir diversos serveis assistencials, incloent Medicina de Fam\u00edlia, Pediatria, Infermeria, \u00c0rea Maternal, Punt d\u2019Atenci\u00f3 Continuada, Sala d\u2019Extraccions i Treball Social.<br\/><\/p>\n\n<p>Una de les principals caracter\u00edstiques del nou centre ser\u00e0 la seua distribuci\u00f3 en dues plantes, a m\u00e9s d\u2019un pati interior que proporcionar\u00e0 il\u00b7luminaci\u00f3 natural a les sales d\u2019espera i zones de pas. Aquesta nova infraestructura t\u00e9 com a objectiu oferir instal\u00b7lacions modernes amb el millor equipament possible per atendre les necessitats de la poblaci\u00f3 de Pedreguer, millorant significativament l\u2019atenci\u00f3 sanit\u00e0ria a la zona.<br\/><\/p>\n\n<p>La Conselleria de Sanitat ha expressat el seu comprom\u00eds amb la millora dels serveis sanitaris a la comunitat, destacant la import\u00e0ncia d\u2019aquest nou centre en la millora de la qualitat de vida dels ve\u00efns i l\u2019optimitzaci\u00f3 dels recursos assistencials.<\/p>\n","protected":false},"excerpt":{"rendered":"Sanitat ha adjudicat el nou Centre de Salut de Pedreguer per vora 3,5 milions d&#8217;euros.","protected":false},"author":8,"featured_media":65557,"comment_status":"closed","ping_status":"closed","sticky":false,"template":"","format":"standard","meta":{"csco_display_header_overlay":false,"csco_singular_sidebar":"","csco_page_header_type":"","csco_page_load_nextpost":"","csco_post_video_location":[],"csco_post_video_location_hash":"","csco_post_video_url":"","csco_post_video_bg_start_time":0,"csco_post_video_bg_end_time":0,"footnotes":""},"categories":[614,612,1],"tags":[],"class_list":{"0":"post-65561","1":"post","2":"type-post","3":"status-publish","4":"format-standard","5":"has-post-thumbnail","7":"category-municipal-ca-es","8":"category-salut","9":"category-sin-categorizar","10":"cs-entry","11":"cs-video-wrap"},"yoast_head":"<!-- This site is optimized with the Yoast SEO Premium plugin v26.6 (Yoast SEO v27.3) - https:\/\/yoast.com\/product\/yoast-seo-premium-wordpress\/ -->\n<title>Adjudicat el Centre de Salut de Pedreguer - Canfali<\/title>\n<meta name=\"robots\" content=\"index, follow, max-snippet:-1, max-image-preview:large, max-video-preview:-1\" \/>\n<link rel=\"canonical\" href=\"https:\/\/canfali.com\/ca-es\/adjudicat-el-centre-de-salut-de-pedreguer\/\" \/>\n<meta property=\"og:locale\" content=\"en_US\" \/>\n<meta property=\"og:type\" content=\"article\" \/>\n<meta property=\"og:title\" content=\"Adjudicat el Centre de Salut de Pedreguer\" \/>\n<meta property=\"og:description\" content=\"Sanitat ha adjudicat el nou Centre de Salut de Pedreguer per vora 3,5 milions d&#039;euros.\" \/>\n<meta property=\"og:url\" content=\"https:\/\/canfali.com\/ca-es\/adjudicat-el-centre-de-salut-de-pedreguer\/\" \/>\n<meta property=\"og:site_name\" content=\"Canfali\" \/>\n<meta property=\"article:publisher\" content=\"https:\/\/es-es.facebook.com\/CANFALIMarinaAlta\" \/>\n<meta property=\"article:published_time\" content=\"2025-06-04T10:51:28+00:00\" \/>\n<meta property=\"article:modified_time\" content=\"2025-06-04T10:59:20+00:00\" \/>\n<meta property=\"og:image\" content=\"https:\/\/canfali.com\/app\/uploads\/2025\/06\/Captura-de-pantalla-2025-06-04-a-las-12.46.48.png\" \/>\n\t<meta property=\"og:image:width\" content=\"1742\" \/>\n\t<meta property=\"og:image:height\" content=\"1016\" \/>\n\t<meta property=\"og:image:type\" content=\"image\/png\" \/>\n<meta name=\"author\" content=\"Lluis\" \/>\n<meta name=\"twitter:card\" content=\"summary_large_image\" \/>\n<meta name=\"twitter:creator\" content=\"@canfalima\" \/>\n<meta name=\"twitter:site\" content=\"@canfalima\" \/>\n<meta name=\"twitter:label1\" content=\"Written by\" \/>\n\t<meta name=\"twitter:data1\" content=\"Lluis\" \/>\n\t<meta name=\"twitter:label2\" content=\"Est. reading time\" \/>\n\t<meta name=\"twitter:data2\" content=\"1 minute\" \/>\n<script type=\"application\/ld+json\" class=\"yoast-schema-graph\">{\"@context\":\"https:\\\/\\\/schema.org\",\"@graph\":[{\"@type\":\"NewsArticle\",\"@id\":\"https:\\\/\\\/canfali.com\\\/ca-es\\\/adjudicat-el-centre-de-salut-de-pedreguer\\\/#article\",\"isPartOf\":{\"@id\":\"https:\\\/\\\/canfali.com\\\/ca-es\\\/adjudicat-el-centre-de-salut-de-pedreguer\\\/\"},\"author\":{\"name\":\"Lluis\",\"@id\":\"https:\\\/\\\/canfali.com\\\/ca-es\\\/#\\\/schema\\\/person\\\/f540a86fb33e10daaae53c59ceaa1194\"},\"headline\":\"Adjudicat el Centre de Salut de Pedreguer\",\"datePublished\":\"2025-06-04T10:51:28+00:00\",\"dateModified\":\"2025-06-04T10:59:20+00:00\",\"mainEntityOfPage\":{\"@id\":\"https:\\\/\\\/canfali.com\\\/ca-es\\\/adjudicat-el-centre-de-salut-de-pedreguer\\\/\"},\"wordCount\":237,\"publisher\":{\"@id\":\"https:\\\/\\\/canfali.com\\\/ca-es\\\/#organization\"},\"image\":{\"@id\":\"https:\\\/\\\/canfali.com\\\/ca-es\\\/adjudicat-el-centre-de-salut-de-pedreguer\\\/#primaryimage\"},\"thumbnailUrl\":\"https:\\\/\\\/canfali.com\\\/app\\\/uploads\\\/2025\\\/06\\\/Captura-de-pantalla-2025-06-04-a-las-12.46.48.png\",\"articleSection\":[\"Municipal\",\"Salut\",\"Sin categorizar\"],\"inLanguage\":\"va-ES\",\"copyrightYear\":\"2025\",\"copyrightHolder\":{\"@id\":\"https:\\\/\\\/canfali.com\\\/#organization\"}},{\"@type\":\"WebPage\",\"@id\":\"https:\\\/\\\/canfali.com\\\/ca-es\\\/adjudicat-el-centre-de-salut-de-pedreguer\\\/\",\"url\":\"https:\\\/\\\/canfali.com\\\/ca-es\\\/adjudicat-el-centre-de-salut-de-pedreguer\\\/\",\"name\":\"Adjudicat el Centre de Salut de Pedreguer - Canfali\",\"isPartOf\":{\"@id\":\"https:\\\/\\\/canfali.com\\\/ca-es\\\/#website\"},\"primaryImageOfPage\":{\"@id\":\"https:\\\/\\\/canfali.com\\\/ca-es\\\/adjudicat-el-centre-de-salut-de-pedreguer\\\/#primaryimage\"},\"image\":{\"@id\":\"https:\\\/\\\/canfali.com\\\/ca-es\\\/adjudicat-el-centre-de-salut-de-pedreguer\\\/#primaryimage\"},\"thumbnailUrl\":\"https:\\\/\\\/canfali.com\\\/app\\\/uploads\\\/2025\\\/06\\\/Captura-de-pantalla-2025-06-04-a-las-12.46.48.png\",\"datePublished\":\"2025-06-04T10:51:28+00:00\",\"dateModified\":\"2025-06-04T10:59:20+00:00\",\"breadcrumb\":{\"@id\":\"https:\\\/\\\/canfali.com\\\/ca-es\\\/adjudicat-el-centre-de-salut-de-pedreguer\\\/#breadcrumb\"},\"inLanguage\":\"va-ES\",\"potentialAction\":[{\"@type\":\"ReadAction\",\"target\":[\"https:\\\/\\\/canfali.com\\\/ca-es\\\/adjudicat-el-centre-de-salut-de-pedreguer\\\/\"]}]},{\"@type\":\"ImageObject\",\"inLanguage\":\"va-ES\",\"@id\":\"https:\\\/\\\/canfali.com\\\/ca-es\\\/adjudicat-el-centre-de-salut-de-pedreguer\\\/#primaryimage\",\"url\":\"https:\\\/\\\/canfali.com\\\/app\\\/uploads\\\/2025\\\/06\\\/Captura-de-pantalla-2025-06-04-a-las-12.46.48.png\",\"contentUrl\":\"https:\\\/\\\/canfali.com\\\/app\\\/uploads\\\/2025\\\/06\\\/Captura-de-pantalla-2025-06-04-a-las-12.46.48.png\",\"width\":1742,\"height\":1016},{\"@type\":\"BreadcrumbList\",\"@id\":\"https:\\\/\\\/canfali.com\\\/ca-es\\\/adjudicat-el-centre-de-salut-de-pedreguer\\\/#breadcrumb\",\"itemListElement\":[{\"@type\":\"ListItem\",\"position\":1,\"name\":\"Portada\",\"item\":\"https:\\\/\\\/canfali.com\\\/ca-es\\\/\"},{\"@type\":\"ListItem\",\"position\":2,\"name\":\"Adjudicat el Centre de Salut de Pedreguer\"}]},{\"@type\":\"WebSite\",\"@id\":\"https:\\\/\\\/canfali.com\\\/ca-es\\\/#website\",\"url\":\"https:\\\/\\\/canfali.com\\\/ca-es\\\/\",\"name\":\"Canfali\",\"description\":\"\",\"publisher\":{\"@id\":\"https:\\\/\\\/canfali.com\\\/ca-es\\\/#organization\"},\"potentialAction\":[{\"@type\":\"SearchAction\",\"target\":{\"@type\":\"EntryPoint\",\"urlTemplate\":\"https:\\\/\\\/canfali.com\\\/ca-es\\\/?s={search_term_string}\"},\"query-input\":{\"@type\":\"PropertyValueSpecification\",\"valueRequired\":true,\"valueName\":\"search_term_string\"}}],\"inLanguage\":\"va-ES\"},{\"@type\":\"Organization\",\"@id\":\"https:\\\/\\\/canfali.com\\\/ca-es\\\/#organization\",\"name\":\"Canfali\",\"url\":\"https:\\\/\\\/canfali.com\\\/ca-es\\\/\",\"logo\":{\"@type\":\"ImageObject\",\"inLanguage\":\"va-ES\",\"@id\":\"https:\\\/\\\/canfali.com\\\/ca-es\\\/#\\\/schema\\\/logo\\\/image\\\/\",\"url\":\"https:\\\/\\\/canfali.com\\\/app\\\/uploads\\\/2025\\\/12\\\/canfali_marina_alta_logo.png\",\"contentUrl\":\"https:\\\/\\\/canfali.com\\\/app\\\/uploads\\\/2025\\\/12\\\/canfali_marina_alta_logo.png\",\"width\":225,\"height\":225,\"caption\":\"Canfali\"},\"image\":{\"@id\":\"https:\\\/\\\/canfali.com\\\/ca-es\\\/#\\\/schema\\\/logo\\\/image\\\/\"},\"sameAs\":[\"https:\\\/\\\/es-es.facebook.com\\\/CANFALIMarinaAlta\",\"https:\\\/\\\/x.com\\\/canfalima\",\"https:\\\/\\\/www.instagram.com\\\/canfalimarinaalta\\\/\"]},{\"@type\":\"Person\",\"@id\":\"https:\\\/\\\/canfali.com\\\/ca-es\\\/#\\\/schema\\\/person\\\/f540a86fb33e10daaae53c59ceaa1194\",\"name\":\"Lluis\",\"image\":{\"@type\":\"ImageObject\",\"inLanguage\":\"va-ES\",\"@id\":\"https:\\\/\\\/secure.gravatar.com\\\/avatar\\\/a21ec8835290e4e02ed0886b8cb327d807d0eb6ec8ccf25d4c2a0a415f506c0d?s=96&d=mm&r=g\",\"url\":\"https:\\\/\\\/secure.gravatar.com\\\/avatar\\\/a21ec8835290e4e02ed0886b8cb327d807d0eb6ec8ccf25d4c2a0a415f506c0d?s=96&d=mm&r=g\",\"contentUrl\":\"https:\\\/\\\/secure.gravatar.com\\\/avatar\\\/a21ec8835290e4e02ed0886b8cb327d807d0eb6ec8ccf25d4c2a0a415f506c0d?s=96&d=mm&r=g\",\"caption\":\"Lluis\"},\"url\":\"https:\\\/\\\/canfali.com\\\/ca-es\\\/author\\\/lluis\\\/\"}]}<\/script>\n<!-- \/ Yoast SEO Premium plugin. -->","yoast_head_json":{"title":"Adjudicat el Centre de Salut de Pedreguer - Canfali","robots":{"index":"index","follow":"follow","max-snippet":"max-snippet:-1","max-image-preview":"max-image-preview:large","max-video-preview":"max-video-preview:-1"},"canonical":"https:\/\/canfali.com\/ca-es\/adjudicat-el-centre-de-salut-de-pedreguer\/","og_locale":"en_US","og_type":"article","og_title":"Adjudicat el Centre de Salut de Pedreguer","og_description":"Sanitat ha adjudicat el nou Centre de Salut de Pedreguer per vora 3,5 milions d'euros.","og_url":"https:\/\/canfali.com\/ca-es\/adjudicat-el-centre-de-salut-de-pedreguer\/","og_site_name":"Canfali","article_publisher":"https:\/\/es-es.facebook.com\/CANFALIMarinaAlta","article_published_time":"2025-06-04T10:51:28+00:00","article_modified_time":"2025-06-04T10:59:20+00:00","og_image":[{"width":1742,"height":1016,"url":"https:\/\/canfali.com\/app\/uploads\/2025\/06\/Captura-de-pantalla-2025-06-04-a-las-12.46.48.png","type":"image\/png"}],"author":"Lluis","twitter_card":"summary_large_image","twitter_creator":"@canfalima","twitter_site":"@canfalima","twitter_misc":{"Written by":"Lluis","Est. reading time":"1 minute"},"schema":{"@context":"https:\/\/schema.org","@graph":[{"@type":"NewsArticle","@id":"https:\/\/canfali.com\/ca-es\/adjudicat-el-centre-de-salut-de-pedreguer\/#article","isPartOf":{"@id":"https:\/\/canfali.com\/ca-es\/adjudicat-el-centre-de-salut-de-pedreguer\/"},"author":{"name":"Lluis","@id":"https:\/\/canfali.com\/ca-es\/#\/schema\/person\/f540a86fb33e10daaae53c59ceaa1194"},"headline":"Adjudicat el Centre de Salut de Pedreguer","datePublished":"2025-06-04T10:51:28+00:00","dateModified":"2025-06-04T10:59:20+00:00","mainEntityOfPage":{"@id":"https:\/\/canfali.com\/ca-es\/adjudicat-el-centre-de-salut-de-pedreguer\/"},"wordCount":237,"publisher":{"@id":"https:\/\/canfali.com\/ca-es\/#organization"},"image":{"@id":"https:\/\/canfali.com\/ca-es\/adjudicat-el-centre-de-salut-de-pedreguer\/#primaryimage"},"thumbnailUrl":"https:\/\/canfali.com\/app\/uploads\/2025\/06\/Captura-de-pantalla-2025-06-04-a-las-12.46.48.png","articleSection":["Municipal","Salut","Sin categorizar"],"inLanguage":"va-ES","copyrightYear":"2025","copyrightHolder":{"@id":"https:\/\/canfali.com\/#organization"}},{"@type":"WebPage","@id":"https:\/\/canfali.com\/ca-es\/adjudicat-el-centre-de-salut-de-pedreguer\/","url":"https:\/\/canfali.com\/ca-es\/adjudicat-el-centre-de-salut-de-pedreguer\/","name":"Adjudicat el Centre de Salut de Pedreguer - Canfali","isPartOf":{"@id":"https:\/\/canfali.com\/ca-es\/#website"},"primaryImageOfPage":{"@id":"https:\/\/canfali.com\/ca-es\/adjudicat-el-centre-de-salut-de-pedreguer\/#primaryimage"},"image":{"@id":"https:\/\/canfali.com\/ca-es\/adjudicat-el-centre-de-salut-de-pedreguer\/#primaryimage"},"thumbnailUrl":"https:\/\/canfali.com\/app\/uploads\/2025\/06\/Captura-de-pantalla-2025-06-04-a-las-12.46.48.png","datePublished":"2025-06-04T10:51:28+00:00","dateModified":"2025-06-04T10:59:20+00:00","breadcrumb":{"@id":"https:\/\/canfali.com\/ca-es\/adjudicat-el-centre-de-salut-de-pedreguer\/#breadcrumb"},"inLanguage":"va-ES","potentialAction":[{"@type":"ReadAction","target":["https:\/\/canfali.com\/ca-es\/adjudicat-el-centre-de-salut-de-pedreguer\/"]}]},{"@type":"ImageObject","inLanguage":"va-ES","@id":"https:\/\/canfali.com\/ca-es\/adjudicat-el-centre-de-salut-de-pedreguer\/#primaryimage","url":"https:\/\/canfali.com\/app\/uploads\/2025\/06\/Captura-de-pantalla-2025-06-04-a-las-12.46.48.png","contentUrl":"https:\/\/canfali.com\/app\/uploads\/2025\/06\/Captura-de-pantalla-2025-06-04-a-las-12.46.48.png","width":1742,"height":1016},{"@type":"BreadcrumbList","@id":"https:\/\/canfali.com\/ca-es\/adjudicat-el-centre-de-salut-de-pedreguer\/#breadcrumb","itemListElement":[{"@type":"ListItem","position":1,"name":"Portada","item":"https:\/\/canfali.com\/ca-es\/"},{"@type":"ListItem","position":2,"name":"Adjudicat el Centre de Salut de Pedreguer"}]},{"@type":"WebSite","@id":"https:\/\/canfali.com\/ca-es\/#website","url":"https:\/\/canfali.com\/ca-es\/","name":"Canfali","description":"","publisher":{"@id":"https:\/\/canfali.com\/ca-es\/#organization"},"potentialAction":[{"@type":"SearchAction","target":{"@type":"EntryPoint","urlTemplate":"https:\/\/canfali.com\/ca-es\/?s={search_term_string}"},"query-input":{"@type":"PropertyValueSpecification","valueRequired":true,"valueName":"search_term_string"}}],"inLanguage":"va-ES"},{"@type":"Organization","@id":"https:\/\/canfali.com\/ca-es\/#organization","name":"Canfali","url":"https:\/\/canfali.com\/ca-es\/","logo":{"@type":"ImageObject","inLanguage":"va-ES","@id":"https:\/\/canfali.com\/ca-es\/#\/schema\/logo\/image\/","url":"https:\/\/canfali.com\/app\/uploads\/2025\/12\/canfali_marina_alta_logo.png","contentUrl":"https:\/\/canfali.com\/app\/uploads\/2025\/12\/canfali_marina_alta_logo.png","width":225,"height":225,"caption":"Canfali"},"image":{"@id":"https:\/\/canfali.com\/ca-es\/#\/schema\/logo\/image\/"},"sameAs":["https:\/\/es-es.facebook.com\/CANFALIMarinaAlta","https:\/\/x.com\/canfalima","https:\/\/www.instagram.com\/canfalimarinaalta\/"]},{"@type":"Person","@id":"https:\/\/canfali.com\/ca-es\/#\/schema\/person\/f540a86fb33e10daaae53c59ceaa1194","name":"Lluis","image":{"@type":"ImageObject","inLanguage":"va-ES","@id":"https:\/\/secure.gravatar.com\/avatar\/a21ec8835290e4e02ed0886b8cb327d807d0eb6ec8ccf25d4c2a0a415f506c0d?s=96&d=mm&r=g","url":"https:\/\/secure.gravatar.com\/avatar\/a21ec8835290e4e02ed0886b8cb327d807d0eb6ec8ccf25d4c2a0a415f506c0d?s=96&d=mm&r=g","contentUrl":"https:\/\/secure.gravatar.com\/avatar\/a21ec8835290e4e02ed0886b8cb327d807d0eb6ec8ccf25d4c2a0a415f506c0d?s=96&d=mm&r=g","caption":"Lluis"},"url":"https:\/\/canfali.com\/ca-es\/author\/lluis\/"}]}},"_links":{"self":[{"href":"https:\/\/canfali.com\/ca-es\/wp-json\/wp\/v2\/posts\/65561","targetHints":{"allow":["GET"]}}],"collection":[{"href":"https:\/\/canfali.com\/ca-es\/wp-json\/wp\/v2\/posts"}],"about":[{"href":"https:\/\/canfali.com\/ca-es\/wp-json\/wp\/v2\/types\/post"}],"author":[{"embeddable":true,"href":"https:\/\/canfali.com\/ca-es\/wp-json\/wp\/v2\/users\/8"}],"replies":[{"embeddable":true,"href":"https:\/\/canfali.com\/ca-es\/wp-json\/wp\/v2\/comments?post=65561"}],"version-history":[{"count":2,"href":"https:\/\/canfali.com\/ca-es\/wp-json\/wp\/v2\/posts\/65561\/revisions"}],"predecessor-version":[{"id":65563,"href":"https:\/\/canfali.com\/ca-es\/wp-json\/wp\/v2\/posts\/65561\/revisions\/65563"}],"wp:featuredmedia":[{"embeddable":true,"href":"https:\/\/canfali.com\/ca-es\/wp-json\/wp\/v2\/media\/65557"}],"wp:attachment":[{"href":"https:\/\/canfali.com\/ca-es\/wp-json\/wp\/v2\/media?parent=65561"}],"wp:term":[{"taxonomy":"category","embeddable":true,"href":"https:\/\/canfali.com\/ca-es\/wp-json\/wp\/v2\/categories?post=65561"},{"taxonomy":"post_tag","embeddable":true,"href":"https:\/\/canfali.com\/ca-es\/wp-json\/wp\/v2\/tags?post=65561"}],"curies":[{"name":"wp","href":"https:\/\/api.w.org\/{rel}","templated":true}]}}