{"id":65459,"date":"2025-06-03T08:41:25","date_gmt":"2025-06-03T06:41:25","guid":{"rendered":"https:\/\/canfali.com\/lifach-calp-a-per-la-final-four\/"},"modified":"2025-06-03T08:42:08","modified_gmt":"2025-06-03T06:42:08","slug":"lifach-calp-a-per-la-final-four","status":"publish","type":"post","link":"https:\/\/canfali.com\/ca-es\/lifach-calp-a-per-la-final-four\/","title":{"rendered":"L&#8217;Ifach Calp, a per la Final Four"},"content":{"rendered":"\n<p>L&#8217;Ifach Calp ha aconseguit una gran vict\u00f2ria a domicili contra el B\u00e0squet Club Pen\u00edscola Facsa per 6 punts, situant-se aix\u00ed a nom\u00e9s un pas de la Final Four que es disputar\u00e0 a Alginet i, pr\u00e0cticament, de l&#8217;ascens a Tercera FEB (antiga Lliga EBA), quarta categoria nacional.<br\/><\/p>\n\n<p>Despr\u00e9s de proclamar-se campi\u00f3 del Grup B de Primera Nacional amb 21 vict\u00f2ries, l&#8217;Ifach Calp ha superat amb \u00e8xit les rondes pr\u00e8vies dels playoffs, guanyant primer al CB B\u00e8tera en huitens i ara situant-se en una posici\u00f3 privilegiada despr\u00e9s de l&#8217;intens partit disputat a terres castellonenques.<br\/><\/p>\n\n<p>El pr\u00f2xim diumenge es disputar\u00e0 a Calp el decisiu partit de tornada contra el Pen\u00edscola, un duel transcendental en qu\u00e8 el club busca fer hist\u00f2ria. Per aix\u00f2, s&#8217;espera omplir el Pavell\u00f3 Domingo Crespo com en les millors ocasions, amb una assist\u00e8ncia massiva de l&#8217;afici\u00f3.<br\/><\/p>\n\n<figure class=\"wp-block-image size-large\"><img fetchpriority=\"high\" decoding=\"async\" width=\"1024\" height=\"685\" src=\"https:\/\/canfali.com\/app\/uploads\/2025\/06\/8ifachcalpe3-1024x685.jpg\" alt=\"\" class=\"wp-image-65453\" srcset=\"https:\/\/canfali.com\/app\/uploads\/2025\/06\/8ifachcalpe3-1024x685.jpg 1024w, https:\/\/canfali.com\/app\/uploads\/2025\/06\/8ifachcalpe3-300x201.jpg 300w, https:\/\/canfali.com\/app\/uploads\/2025\/06\/8ifachcalpe3-768x513.jpg 768w, https:\/\/canfali.com\/app\/uploads\/2025\/06\/8ifachcalpe3-1536x1027.jpg 1536w, https:\/\/canfali.com\/app\/uploads\/2025\/06\/8ifachcalpe3.jpg 2048w\" sizes=\"(max-width: 1024px) 100vw, 1024px\" \/><\/figure>\n\n<p>Durant la setmana, el club desenvolupar\u00e0 una campanya especial visitant col\u00b7legis i convidant els xiquets, autoritats, col\u00b7laboradors hist\u00f2rics i antics jugadors del club. A m\u00e9s, abans del partit es faran reconeixements especials per als equips infantils i benjamins del club, aix\u00ed com una exhibici\u00f3 en el descans de l&#8217;equip del Centre Ocupacional Maite Boronat, recentment campi\u00f3 de la seua lliga.<br\/><\/p>\n\n<figure class=\"wp-block-image size-large\"><img decoding=\"async\" width=\"1024\" height=\"685\" src=\"https:\/\/canfali.com\/app\/uploads\/2025\/06\/8ifachcalpe-1024x685.jpg\" alt=\"\" class=\"wp-image-65447\" srcset=\"https:\/\/canfali.com\/app\/uploads\/2025\/06\/8ifachcalpe-1024x685.jpg 1024w, https:\/\/canfali.com\/app\/uploads\/2025\/06\/8ifachcalpe-300x201.jpg 300w, https:\/\/canfali.com\/app\/uploads\/2025\/06\/8ifachcalpe-768x513.jpg 768w, https:\/\/canfali.com\/app\/uploads\/2025\/06\/8ifachcalpe-1536x1027.jpg 1536w, https:\/\/canfali.com\/app\/uploads\/2025\/06\/8ifachcalpe.jpg 2048w\" sizes=\"(max-width: 1024px) 100vw, 1024px\" \/><\/figure>\n\n<p>L&#8217;Ifach Calp destaca per la seua fortalesa com a local, on porta dues temporades invicte al seu pavell\u00f3. Un triomf aquest diumenge confirmaria la seua pres\u00e8ncia en la Final Four i significaria un pas important en el seu ambici\u00f3s objectiu d&#8217;ascens.<br\/><\/p>\n","protected":false},"excerpt":{"rendered":"L&#8217;Ifach Calp ha aconseguit una gran vict\u00f2ria a domicili contra el B\u00e0squet Club Pen\u00edscola Facsa per 6 punts,&hellip;","protected":false},"author":8,"featured_media":65448,"comment_status":"closed","ping_status":"closed","sticky":false,"template":"","format":"standard","meta":{"csco_display_header_overlay":false,"csco_singular_sidebar":"","csco_page_header_type":"","csco_page_load_nextpost":"","csco_post_video_location":[],"csco_post_video_location_hash":"","csco_post_video_url":"","csco_post_video_bg_start_time":0,"csco_post_video_bg_end_time":0,"footnotes":""},"categories":[600,573,598],"tags":[],"class_list":{"0":"post-65459","1":"post","2":"type-post","3":"status-publish","4":"format-standard","5":"has-post-thumbnail","7":"category-basquet-ca-es","8":"category-deportes-2","9":"category-esports","10":"cs-entry","11":"cs-video-wrap"},"yoast_head":"<!-- This site is optimized with the Yoast SEO Premium plugin v26.6 (Yoast SEO v27.3) - https:\/\/yoast.com\/product\/yoast-seo-premium-wordpress\/ -->\n<title>L&#039;Ifach Calp, a per la Final Four - Canfali<\/title>\n<meta name=\"robots\" content=\"index, follow, max-snippet:-1, max-image-preview:large, max-video-preview:-1\" \/>\n<link rel=\"canonical\" href=\"https:\/\/canfali.com\/ca-es\/lifach-calp-a-per-la-final-four\/\" \/>\n<meta property=\"og:locale\" content=\"en_US\" \/>\n<meta property=\"og:type\" content=\"article\" \/>\n<meta property=\"og:title\" content=\"L&#039;Ifach Calp, a per la Final Four\" \/>\n<meta property=\"og:description\" content=\"L&#8217;Ifach Calp ha aconseguit una gran vict\u00f2ria a domicili contra el B\u00e0squet Club Pen\u00edscola Facsa per 6 punts,&hellip;\" \/>\n<meta property=\"og:url\" content=\"https:\/\/canfali.com\/ca-es\/lifach-calp-a-per-la-final-four\/\" \/>\n<meta property=\"og:site_name\" content=\"Canfali\" \/>\n<meta property=\"article:publisher\" content=\"https:\/\/es-es.facebook.com\/CANFALIMarinaAlta\" \/>\n<meta property=\"article:published_time\" content=\"2025-06-03T06:41:25+00:00\" \/>\n<meta property=\"article:modified_time\" content=\"2025-06-03T06:42:08+00:00\" \/>\n<meta property=\"og:image\" content=\"https:\/\/canfali.com\/app\/uploads\/2025\/06\/8ifachcalpe1.jpg\" \/>\n\t<meta property=\"og:image:width\" content=\"1282\" \/>\n\t<meta property=\"og:image:height\" content=\"855\" \/>\n\t<meta property=\"og:image:type\" content=\"image\/jpeg\" \/>\n<meta name=\"author\" content=\"Lluis\" \/>\n<meta name=\"twitter:card\" content=\"summary_large_image\" \/>\n<meta name=\"twitter:creator\" content=\"@canfalima\" \/>\n<meta name=\"twitter:site\" content=\"@canfalima\" \/>\n<meta name=\"twitter:label1\" content=\"Written by\" \/>\n\t<meta name=\"twitter:data1\" content=\"Lluis\" \/>\n\t<meta name=\"twitter:label2\" content=\"Est. reading time\" \/>\n\t<meta name=\"twitter:data2\" content=\"1 minute\" \/>\n<script type=\"application\/ld+json\" class=\"yoast-schema-graph\">{\"@context\":\"https:\\\/\\\/schema.org\",\"@graph\":[{\"@type\":\"NewsArticle\",\"@id\":\"https:\\\/\\\/canfali.com\\\/ca-es\\\/lifach-calp-a-per-la-final-four\\\/#article\",\"isPartOf\":{\"@id\":\"https:\\\/\\\/canfali.com\\\/ca-es\\\/lifach-calp-a-per-la-final-four\\\/\"},\"author\":{\"name\":\"Lluis\",\"@id\":\"https:\\\/\\\/canfali.com\\\/ca-es\\\/#\\\/schema\\\/person\\\/f540a86fb33e10daaae53c59ceaa1194\"},\"headline\":\"L&#8217;Ifach Calp, a per la Final Four\",\"datePublished\":\"2025-06-03T06:41:25+00:00\",\"dateModified\":\"2025-06-03T06:42:08+00:00\",\"mainEntityOfPage\":{\"@id\":\"https:\\\/\\\/canfali.com\\\/ca-es\\\/lifach-calp-a-per-la-final-four\\\/\"},\"wordCount\":272,\"publisher\":{\"@id\":\"https:\\\/\\\/canfali.com\\\/ca-es\\\/#organization\"},\"image\":{\"@id\":\"https:\\\/\\\/canfali.com\\\/ca-es\\\/lifach-calp-a-per-la-final-four\\\/#primaryimage\"},\"thumbnailUrl\":\"https:\\\/\\\/canfali.com\\\/app\\\/uploads\\\/2025\\\/06\\\/8ifachcalpe1.jpg\",\"articleSection\":[\"B\u00e0squet\",\"Deportes\",\"Esports\"],\"inLanguage\":\"va-ES\",\"copyrightYear\":\"2025\",\"copyrightHolder\":{\"@id\":\"https:\\\/\\\/canfali.com\\\/#organization\"}},{\"@type\":\"WebPage\",\"@id\":\"https:\\\/\\\/canfali.com\\\/ca-es\\\/lifach-calp-a-per-la-final-four\\\/\",\"url\":\"https:\\\/\\\/canfali.com\\\/ca-es\\\/lifach-calp-a-per-la-final-four\\\/\",\"name\":\"L'Ifach Calp, a per la Final Four - Canfali\",\"isPartOf\":{\"@id\":\"https:\\\/\\\/canfali.com\\\/ca-es\\\/#website\"},\"primaryImageOfPage\":{\"@id\":\"https:\\\/\\\/canfali.com\\\/ca-es\\\/lifach-calp-a-per-la-final-four\\\/#primaryimage\"},\"image\":{\"@id\":\"https:\\\/\\\/canfali.com\\\/ca-es\\\/lifach-calp-a-per-la-final-four\\\/#primaryimage\"},\"thumbnailUrl\":\"https:\\\/\\\/canfali.com\\\/app\\\/uploads\\\/2025\\\/06\\\/8ifachcalpe1.jpg\",\"datePublished\":\"2025-06-03T06:41:25+00:00\",\"dateModified\":\"2025-06-03T06:42:08+00:00\",\"breadcrumb\":{\"@id\":\"https:\\\/\\\/canfali.com\\\/ca-es\\\/lifach-calp-a-per-la-final-four\\\/#breadcrumb\"},\"inLanguage\":\"va-ES\",\"potentialAction\":[{\"@type\":\"ReadAction\",\"target\":[\"https:\\\/\\\/canfali.com\\\/ca-es\\\/lifach-calp-a-per-la-final-four\\\/\"]}]},{\"@type\":\"ImageObject\",\"inLanguage\":\"va-ES\",\"@id\":\"https:\\\/\\\/canfali.com\\\/ca-es\\\/lifach-calp-a-per-la-final-four\\\/#primaryimage\",\"url\":\"https:\\\/\\\/canfali.com\\\/app\\\/uploads\\\/2025\\\/06\\\/8ifachcalpe1.jpg\",\"contentUrl\":\"https:\\\/\\\/canfali.com\\\/app\\\/uploads\\\/2025\\\/06\\\/8ifachcalpe1.jpg\",\"width\":1282,\"height\":855},{\"@type\":\"BreadcrumbList\",\"@id\":\"https:\\\/\\\/canfali.com\\\/ca-es\\\/lifach-calp-a-per-la-final-four\\\/#breadcrumb\",\"itemListElement\":[{\"@type\":\"ListItem\",\"position\":1,\"name\":\"Portada\",\"item\":\"https:\\\/\\\/canfali.com\\\/ca-es\\\/\"},{\"@type\":\"ListItem\",\"position\":2,\"name\":\"L&#8217;Ifach Calp, a per la Final Four\"}]},{\"@type\":\"WebSite\",\"@id\":\"https:\\\/\\\/canfali.com\\\/ca-es\\\/#website\",\"url\":\"https:\\\/\\\/canfali.com\\\/ca-es\\\/\",\"name\":\"Canfali\",\"description\":\"\",\"publisher\":{\"@id\":\"https:\\\/\\\/canfali.com\\\/ca-es\\\/#organization\"},\"potentialAction\":[{\"@type\":\"SearchAction\",\"target\":{\"@type\":\"EntryPoint\",\"urlTemplate\":\"https:\\\/\\\/canfali.com\\\/ca-es\\\/?s={search_term_string}\"},\"query-input\":{\"@type\":\"PropertyValueSpecification\",\"valueRequired\":true,\"valueName\":\"search_term_string\"}}],\"inLanguage\":\"va-ES\"},{\"@type\":\"Organization\",\"@id\":\"https:\\\/\\\/canfali.com\\\/ca-es\\\/#organization\",\"name\":\"Canfali\",\"url\":\"https:\\\/\\\/canfali.com\\\/ca-es\\\/\",\"logo\":{\"@type\":\"ImageObject\",\"inLanguage\":\"va-ES\",\"@id\":\"https:\\\/\\\/canfali.com\\\/ca-es\\\/#\\\/schema\\\/logo\\\/image\\\/\",\"url\":\"https:\\\/\\\/canfali.com\\\/app\\\/uploads\\\/2025\\\/12\\\/canfali_marina_alta_logo.png\",\"contentUrl\":\"https:\\\/\\\/canfali.com\\\/app\\\/uploads\\\/2025\\\/12\\\/canfali_marina_alta_logo.png\",\"width\":225,\"height\":225,\"caption\":\"Canfali\"},\"image\":{\"@id\":\"https:\\\/\\\/canfali.com\\\/ca-es\\\/#\\\/schema\\\/logo\\\/image\\\/\"},\"sameAs\":[\"https:\\\/\\\/es-es.facebook.com\\\/CANFALIMarinaAlta\",\"https:\\\/\\\/x.com\\\/canfalima\",\"https:\\\/\\\/www.instagram.com\\\/canfalimarinaalta\\\/\"]},{\"@type\":\"Person\",\"@id\":\"https:\\\/\\\/canfali.com\\\/ca-es\\\/#\\\/schema\\\/person\\\/f540a86fb33e10daaae53c59ceaa1194\",\"name\":\"Lluis\",\"image\":{\"@type\":\"ImageObject\",\"inLanguage\":\"va-ES\",\"@id\":\"https:\\\/\\\/secure.gravatar.com\\\/avatar\\\/a21ec8835290e4e02ed0886b8cb327d807d0eb6ec8ccf25d4c2a0a415f506c0d?s=96&d=mm&r=g\",\"url\":\"https:\\\/\\\/secure.gravatar.com\\\/avatar\\\/a21ec8835290e4e02ed0886b8cb327d807d0eb6ec8ccf25d4c2a0a415f506c0d?s=96&d=mm&r=g\",\"contentUrl\":\"https:\\\/\\\/secure.gravatar.com\\\/avatar\\\/a21ec8835290e4e02ed0886b8cb327d807d0eb6ec8ccf25d4c2a0a415f506c0d?s=96&d=mm&r=g\",\"caption\":\"Lluis\"},\"url\":\"https:\\\/\\\/canfali.com\\\/ca-es\\\/author\\\/lluis\\\/\"}]}<\/script>\n<!-- \/ Yoast SEO Premium plugin. -->","yoast_head_json":{"title":"L'Ifach Calp, a per la Final Four - Canfali","robots":{"index":"index","follow":"follow","max-snippet":"max-snippet:-1","max-image-preview":"max-image-preview:large","max-video-preview":"max-video-preview:-1"},"canonical":"https:\/\/canfali.com\/ca-es\/lifach-calp-a-per-la-final-four\/","og_locale":"en_US","og_type":"article","og_title":"L'Ifach Calp, a per la Final Four","og_description":"L&#8217;Ifach Calp ha aconseguit una gran vict\u00f2ria a domicili contra el B\u00e0squet Club Pen\u00edscola Facsa per 6 punts,&hellip;","og_url":"https:\/\/canfali.com\/ca-es\/lifach-calp-a-per-la-final-four\/","og_site_name":"Canfali","article_publisher":"https:\/\/es-es.facebook.com\/CANFALIMarinaAlta","article_published_time":"2025-06-03T06:41:25+00:00","article_modified_time":"2025-06-03T06:42:08+00:00","og_image":[{"width":1282,"height":855,"url":"https:\/\/canfali.com\/app\/uploads\/2025\/06\/8ifachcalpe1.jpg","type":"image\/jpeg"}],"author":"Lluis","twitter_card":"summary_large_image","twitter_creator":"@canfalima","twitter_site":"@canfalima","twitter_misc":{"Written by":"Lluis","Est. reading time":"1 minute"},"schema":{"@context":"https:\/\/schema.org","@graph":[{"@type":"NewsArticle","@id":"https:\/\/canfali.com\/ca-es\/lifach-calp-a-per-la-final-four\/#article","isPartOf":{"@id":"https:\/\/canfali.com\/ca-es\/lifach-calp-a-per-la-final-four\/"},"author":{"name":"Lluis","@id":"https:\/\/canfali.com\/ca-es\/#\/schema\/person\/f540a86fb33e10daaae53c59ceaa1194"},"headline":"L&#8217;Ifach Calp, a per la Final Four","datePublished":"2025-06-03T06:41:25+00:00","dateModified":"2025-06-03T06:42:08+00:00","mainEntityOfPage":{"@id":"https:\/\/canfali.com\/ca-es\/lifach-calp-a-per-la-final-four\/"},"wordCount":272,"publisher":{"@id":"https:\/\/canfali.com\/ca-es\/#organization"},"image":{"@id":"https:\/\/canfali.com\/ca-es\/lifach-calp-a-per-la-final-four\/#primaryimage"},"thumbnailUrl":"https:\/\/canfali.com\/app\/uploads\/2025\/06\/8ifachcalpe1.jpg","articleSection":["B\u00e0squet","Deportes","Esports"],"inLanguage":"va-ES","copyrightYear":"2025","copyrightHolder":{"@id":"https:\/\/canfali.com\/#organization"}},{"@type":"WebPage","@id":"https:\/\/canfali.com\/ca-es\/lifach-calp-a-per-la-final-four\/","url":"https:\/\/canfali.com\/ca-es\/lifach-calp-a-per-la-final-four\/","name":"L'Ifach Calp, a per la Final Four - Canfali","isPartOf":{"@id":"https:\/\/canfali.com\/ca-es\/#website"},"primaryImageOfPage":{"@id":"https:\/\/canfali.com\/ca-es\/lifach-calp-a-per-la-final-four\/#primaryimage"},"image":{"@id":"https:\/\/canfali.com\/ca-es\/lifach-calp-a-per-la-final-four\/#primaryimage"},"thumbnailUrl":"https:\/\/canfali.com\/app\/uploads\/2025\/06\/8ifachcalpe1.jpg","datePublished":"2025-06-03T06:41:25+00:00","dateModified":"2025-06-03T06:42:08+00:00","breadcrumb":{"@id":"https:\/\/canfali.com\/ca-es\/lifach-calp-a-per-la-final-four\/#breadcrumb"},"inLanguage":"va-ES","potentialAction":[{"@type":"ReadAction","target":["https:\/\/canfali.com\/ca-es\/lifach-calp-a-per-la-final-four\/"]}]},{"@type":"ImageObject","inLanguage":"va-ES","@id":"https:\/\/canfali.com\/ca-es\/lifach-calp-a-per-la-final-four\/#primaryimage","url":"https:\/\/canfali.com\/app\/uploads\/2025\/06\/8ifachcalpe1.jpg","contentUrl":"https:\/\/canfali.com\/app\/uploads\/2025\/06\/8ifachcalpe1.jpg","width":1282,"height":855},{"@type":"BreadcrumbList","@id":"https:\/\/canfali.com\/ca-es\/lifach-calp-a-per-la-final-four\/#breadcrumb","itemListElement":[{"@type":"ListItem","position":1,"name":"Portada","item":"https:\/\/canfali.com\/ca-es\/"},{"@type":"ListItem","position":2,"name":"L&#8217;Ifach Calp, a per la Final Four"}]},{"@type":"WebSite","@id":"https:\/\/canfali.com\/ca-es\/#website","url":"https:\/\/canfali.com\/ca-es\/","name":"Canfali","description":"","publisher":{"@id":"https:\/\/canfali.com\/ca-es\/#organization"},"potentialAction":[{"@type":"SearchAction","target":{"@type":"EntryPoint","urlTemplate":"https:\/\/canfali.com\/ca-es\/?s={search_term_string}"},"query-input":{"@type":"PropertyValueSpecification","valueRequired":true,"valueName":"search_term_string"}}],"inLanguage":"va-ES"},{"@type":"Organization","@id":"https:\/\/canfali.com\/ca-es\/#organization","name":"Canfali","url":"https:\/\/canfali.com\/ca-es\/","logo":{"@type":"ImageObject","inLanguage":"va-ES","@id":"https:\/\/canfali.com\/ca-es\/#\/schema\/logo\/image\/","url":"https:\/\/canfali.com\/app\/uploads\/2025\/12\/canfali_marina_alta_logo.png","contentUrl":"https:\/\/canfali.com\/app\/uploads\/2025\/12\/canfali_marina_alta_logo.png","width":225,"height":225,"caption":"Canfali"},"image":{"@id":"https:\/\/canfali.com\/ca-es\/#\/schema\/logo\/image\/"},"sameAs":["https:\/\/es-es.facebook.com\/CANFALIMarinaAlta","https:\/\/x.com\/canfalima","https:\/\/www.instagram.com\/canfalimarinaalta\/"]},{"@type":"Person","@id":"https:\/\/canfali.com\/ca-es\/#\/schema\/person\/f540a86fb33e10daaae53c59ceaa1194","name":"Lluis","image":{"@type":"ImageObject","inLanguage":"va-ES","@id":"https:\/\/secure.gravatar.com\/avatar\/a21ec8835290e4e02ed0886b8cb327d807d0eb6ec8ccf25d4c2a0a415f506c0d?s=96&d=mm&r=g","url":"https:\/\/secure.gravatar.com\/avatar\/a21ec8835290e4e02ed0886b8cb327d807d0eb6ec8ccf25d4c2a0a415f506c0d?s=96&d=mm&r=g","contentUrl":"https:\/\/secure.gravatar.com\/avatar\/a21ec8835290e4e02ed0886b8cb327d807d0eb6ec8ccf25d4c2a0a415f506c0d?s=96&d=mm&r=g","caption":"Lluis"},"url":"https:\/\/canfali.com\/ca-es\/author\/lluis\/"}]}},"_links":{"self":[{"href":"https:\/\/canfali.com\/ca-es\/wp-json\/wp\/v2\/posts\/65459","targetHints":{"allow":["GET"]}}],"collection":[{"href":"https:\/\/canfali.com\/ca-es\/wp-json\/wp\/v2\/posts"}],"about":[{"href":"https:\/\/canfali.com\/ca-es\/wp-json\/wp\/v2\/types\/post"}],"author":[{"embeddable":true,"href":"https:\/\/canfali.com\/ca-es\/wp-json\/wp\/v2\/users\/8"}],"replies":[{"embeddable":true,"href":"https:\/\/canfali.com\/ca-es\/wp-json\/wp\/v2\/comments?post=65459"}],"version-history":[{"count":1,"href":"https:\/\/canfali.com\/ca-es\/wp-json\/wp\/v2\/posts\/65459\/revisions"}],"predecessor-version":[{"id":65460,"href":"https:\/\/canfali.com\/ca-es\/wp-json\/wp\/v2\/posts\/65459\/revisions\/65460"}],"wp:featuredmedia":[{"embeddable":true,"href":"https:\/\/canfali.com\/ca-es\/wp-json\/wp\/v2\/media\/65448"}],"wp:attachment":[{"href":"https:\/\/canfali.com\/ca-es\/wp-json\/wp\/v2\/media?parent=65459"}],"wp:term":[{"taxonomy":"category","embeddable":true,"href":"https:\/\/canfali.com\/ca-es\/wp-json\/wp\/v2\/categories?post=65459"},{"taxonomy":"post_tag","embeddable":true,"href":"https:\/\/canfali.com\/ca-es\/wp-json\/wp\/v2\/tags?post=65459"}],"curies":[{"name":"wp","href":"https:\/\/api.w.org\/{rel}","templated":true}]}}