{"id":65346,"date":"2025-06-02T08:48:50","date_gmt":"2025-06-02T06:48:50","guid":{"rendered":"https:\/\/canfali.com\/pedreguer-assisteix-a-una-trobada-de-governs-locals\/"},"modified":"2025-06-02T08:52:57","modified_gmt":"2025-06-02T06:52:57","slug":"pedreguer-assisteix-a-una-trobada-de-governs-locals","status":"publish","type":"post","link":"https:\/\/canfali.com\/ca-es\/pedreguer-assisteix-a-una-trobada-de-governs-locals\/","title":{"rendered":"Pedreguer assisteix a una trobada de governs locals"},"content":{"rendered":"\n<p>Pedreguer ha estat present al III Encontre Estatal de Governs Locals i Cooperaci\u00f3 Internacional celebrat a Gandia, ciutat que ha agafat el relleu de Lugo i C\u00f2rdova com a seu d\u2019aquest important esdeveniment.<br\/><\/p>\n\n<figure class=\"wp-block-image size-large\"><img fetchpriority=\"high\" decoding=\"async\" width=\"1024\" height=\"683\" src=\"https:\/\/canfali.com\/app\/uploads\/2025\/06\/8encontre1-1024x683.jpg\" alt=\"\" class=\"wp-image-65333\" srcset=\"https:\/\/canfali.com\/app\/uploads\/2025\/06\/8encontre1-1024x683.jpg 1024w, https:\/\/canfali.com\/app\/uploads\/2025\/06\/8encontre1-300x200.jpg 300w, https:\/\/canfali.com\/app\/uploads\/2025\/06\/8encontre1-768x512.jpg 768w, https:\/\/canfali.com\/app\/uploads\/2025\/06\/8encontre1-1536x1024.jpg 1536w, https:\/\/canfali.com\/app\/uploads\/2025\/06\/8encontre1.jpg 1920w\" sizes=\"(max-width: 1024px) 100vw, 1024px\" \/><\/figure>\n\n<p>Durant dues jornades, representants institucionals i t\u00e8cnics de municipis d\u2019arreu de l\u2019Estat han debatut sobre els reptes actuals de la cooperaci\u00f3 internacional des de l&#8217;\u00e0mbit local. Les sessions, celebrades al Palau Ducal i a la Casa de Cultura del Marqu\u00e9s de Gonz\u00e1lez de Quir\u00f3s, han tractat temes clau com el nou Reial Decret de subvencions, el context internacional marcat pels extremismes, i estrat\u00e8gies per refor\u00e7ar la cooperaci\u00f3 descentralitzada.<br\/><\/p>\n\n<figure class=\"wp-block-image size-large\"><img decoding=\"async\" width=\"1024\" height=\"681\" src=\"https:\/\/canfali.com\/app\/uploads\/2025\/06\/8encontre5-1024x681.jpg\" alt=\"\" class=\"wp-image-65339\" srcset=\"https:\/\/canfali.com\/app\/uploads\/2025\/06\/8encontre5-1024x681.jpg 1024w, https:\/\/canfali.com\/app\/uploads\/2025\/06\/8encontre5-300x200.jpg 300w, https:\/\/canfali.com\/app\/uploads\/2025\/06\/8encontre5-768x511.jpg 768w, https:\/\/canfali.com\/app\/uploads\/2025\/06\/8encontre5-1536x1022.jpg 1536w, https:\/\/canfali.com\/app\/uploads\/2025\/06\/8encontre5.jpg 1920w\" sizes=\"(max-width: 1024px) 100vw, 1024px\" \/><\/figure>\n\n<p>Com a conclusi\u00f3, s\u2019ha llegit la Declaraci\u00f3 de Gandia, document que reivindica la cooperaci\u00f3 internacional descentralitzada com una pol\u00edtica p\u00fablica essencial, feminista, ecosocial i garant dels drets humans, impulsada pels principis de solidaritat, equitat i just\u00edcia global.<br\/><\/p>\n\n<p>Ferran Lloret Morell, regidor de Solidaritat de l\u2019Ajuntament de Pedreguer i secretari del Fons Valenci\u00e0 per la Solidaritat, ha destacat &#8220;el comprom\u00eds dels municipis presents amb la just\u00edcia global i la defensa dels drets fonamentals des de l&#8217;\u00e0mbit local&#8221;, remarcant el deure \u00e8tic i moral dels governs locals en aquesta tasca.<br\/><\/p>\n","protected":false},"excerpt":{"rendered":"S&#8217;ha debatut sobre els reptes actuals de la cooperaci\u00f3 internacional des de l&#8217;\u00e0mbit local","protected":false},"author":8,"featured_media":65342,"comment_status":"closed","ping_status":"closed","sticky":false,"template":"","format":"standard","meta":{"csco_display_header_overlay":false,"csco_singular_sidebar":"","csco_page_header_type":"","csco_page_load_nextpost":"","csco_post_video_location":[],"csco_post_video_location_hash":"","csco_post_video_url":"","csco_post_video_bg_start_time":0,"csco_post_video_bg_end_time":0,"footnotes":""},"categories":[614,1],"tags":[],"class_list":{"0":"post-65346","1":"post","2":"type-post","3":"status-publish","4":"format-standard","5":"has-post-thumbnail","7":"category-municipal-ca-es","8":"category-sin-categorizar","9":"cs-entry","10":"cs-video-wrap"},"yoast_head":"<!-- This site is optimized with the Yoast SEO Premium plugin v26.6 (Yoast SEO v27.3) - https:\/\/yoast.com\/product\/yoast-seo-premium-wordpress\/ -->\n<title>Pedreguer assisteix a una trobada de governs locals - Canfali<\/title>\n<meta name=\"robots\" content=\"index, follow, max-snippet:-1, max-image-preview:large, max-video-preview:-1\" \/>\n<link rel=\"canonical\" href=\"https:\/\/canfali.com\/ca-es\/pedreguer-assisteix-a-una-trobada-de-governs-locals\/\" \/>\n<meta property=\"og:locale\" content=\"en_US\" \/>\n<meta property=\"og:type\" content=\"article\" \/>\n<meta property=\"og:title\" content=\"Pedreguer assisteix a una trobada de governs locals\" \/>\n<meta property=\"og:description\" content=\"S&#039;ha debatut sobre els reptes actuals de la cooperaci\u00f3 internacional des de l&#039;\u00e0mbit local\" \/>\n<meta property=\"og:url\" content=\"https:\/\/canfali.com\/ca-es\/pedreguer-assisteix-a-una-trobada-de-governs-locals\/\" \/>\n<meta property=\"og:site_name\" content=\"Canfali\" \/>\n<meta property=\"article:publisher\" content=\"https:\/\/es-es.facebook.com\/CANFALIMarinaAlta\" \/>\n<meta property=\"article:published_time\" content=\"2025-06-02T06:48:50+00:00\" \/>\n<meta property=\"article:modified_time\" content=\"2025-06-02T06:52:57+00:00\" \/>\n<meta property=\"og:image\" content=\"https:\/\/canfali.com\/app\/uploads\/2025\/06\/8encontre6.jpg\" \/>\n\t<meta property=\"og:image:width\" content=\"1920\" \/>\n\t<meta property=\"og:image:height\" content=\"1277\" \/>\n\t<meta property=\"og:image:type\" content=\"image\/jpeg\" \/>\n<meta name=\"author\" content=\"Lluis\" \/>\n<meta name=\"twitter:card\" content=\"summary_large_image\" \/>\n<meta name=\"twitter:creator\" content=\"@canfalima\" \/>\n<meta name=\"twitter:site\" content=\"@canfalima\" \/>\n<meta name=\"twitter:label1\" content=\"Written by\" \/>\n\t<meta name=\"twitter:data1\" content=\"Lluis\" \/>\n\t<meta name=\"twitter:label2\" content=\"Est. reading time\" \/>\n\t<meta name=\"twitter:data2\" content=\"1 minute\" \/>\n<script type=\"application\/ld+json\" class=\"yoast-schema-graph\">{\"@context\":\"https:\\\/\\\/schema.org\",\"@graph\":[{\"@type\":\"NewsArticle\",\"@id\":\"https:\\\/\\\/canfali.com\\\/ca-es\\\/pedreguer-assisteix-a-una-trobada-de-governs-locals\\\/#article\",\"isPartOf\":{\"@id\":\"https:\\\/\\\/canfali.com\\\/ca-es\\\/pedreguer-assisteix-a-una-trobada-de-governs-locals\\\/\"},\"author\":{\"name\":\"Lluis\",\"@id\":\"https:\\\/\\\/canfali.com\\\/ca-es\\\/#\\\/schema\\\/person\\\/f540a86fb33e10daaae53c59ceaa1194\"},\"headline\":\"Pedreguer assisteix a una trobada de governs locals\",\"datePublished\":\"2025-06-02T06:48:50+00:00\",\"dateModified\":\"2025-06-02T06:52:57+00:00\",\"mainEntityOfPage\":{\"@id\":\"https:\\\/\\\/canfali.com\\\/ca-es\\\/pedreguer-assisteix-a-una-trobada-de-governs-locals\\\/\"},\"wordCount\":216,\"publisher\":{\"@id\":\"https:\\\/\\\/canfali.com\\\/ca-es\\\/#organization\"},\"image\":{\"@id\":\"https:\\\/\\\/canfali.com\\\/ca-es\\\/pedreguer-assisteix-a-una-trobada-de-governs-locals\\\/#primaryimage\"},\"thumbnailUrl\":\"https:\\\/\\\/canfali.com\\\/app\\\/uploads\\\/2025\\\/06\\\/8encontre6.jpg\",\"articleSection\":[\"Municipal\",\"Sin categorizar\"],\"inLanguage\":\"va-ES\",\"copyrightYear\":\"2025\",\"copyrightHolder\":{\"@id\":\"https:\\\/\\\/canfali.com\\\/#organization\"}},{\"@type\":\"WebPage\",\"@id\":\"https:\\\/\\\/canfali.com\\\/ca-es\\\/pedreguer-assisteix-a-una-trobada-de-governs-locals\\\/\",\"url\":\"https:\\\/\\\/canfali.com\\\/ca-es\\\/pedreguer-assisteix-a-una-trobada-de-governs-locals\\\/\",\"name\":\"Pedreguer assisteix a una trobada de governs locals - Canfali\",\"isPartOf\":{\"@id\":\"https:\\\/\\\/canfali.com\\\/ca-es\\\/#website\"},\"primaryImageOfPage\":{\"@id\":\"https:\\\/\\\/canfali.com\\\/ca-es\\\/pedreguer-assisteix-a-una-trobada-de-governs-locals\\\/#primaryimage\"},\"image\":{\"@id\":\"https:\\\/\\\/canfali.com\\\/ca-es\\\/pedreguer-assisteix-a-una-trobada-de-governs-locals\\\/#primaryimage\"},\"thumbnailUrl\":\"https:\\\/\\\/canfali.com\\\/app\\\/uploads\\\/2025\\\/06\\\/8encontre6.jpg\",\"datePublished\":\"2025-06-02T06:48:50+00:00\",\"dateModified\":\"2025-06-02T06:52:57+00:00\",\"breadcrumb\":{\"@id\":\"https:\\\/\\\/canfali.com\\\/ca-es\\\/pedreguer-assisteix-a-una-trobada-de-governs-locals\\\/#breadcrumb\"},\"inLanguage\":\"va-ES\",\"potentialAction\":[{\"@type\":\"ReadAction\",\"target\":[\"https:\\\/\\\/canfali.com\\\/ca-es\\\/pedreguer-assisteix-a-una-trobada-de-governs-locals\\\/\"]}]},{\"@type\":\"ImageObject\",\"inLanguage\":\"va-ES\",\"@id\":\"https:\\\/\\\/canfali.com\\\/ca-es\\\/pedreguer-assisteix-a-una-trobada-de-governs-locals\\\/#primaryimage\",\"url\":\"https:\\\/\\\/canfali.com\\\/app\\\/uploads\\\/2025\\\/06\\\/8encontre6.jpg\",\"contentUrl\":\"https:\\\/\\\/canfali.com\\\/app\\\/uploads\\\/2025\\\/06\\\/8encontre6.jpg\",\"width\":1920,\"height\":1277},{\"@type\":\"BreadcrumbList\",\"@id\":\"https:\\\/\\\/canfali.com\\\/ca-es\\\/pedreguer-assisteix-a-una-trobada-de-governs-locals\\\/#breadcrumb\",\"itemListElement\":[{\"@type\":\"ListItem\",\"position\":1,\"name\":\"Portada\",\"item\":\"https:\\\/\\\/canfali.com\\\/ca-es\\\/\"},{\"@type\":\"ListItem\",\"position\":2,\"name\":\"Pedreguer assisteix a una trobada de governs locals\"}]},{\"@type\":\"WebSite\",\"@id\":\"https:\\\/\\\/canfali.com\\\/ca-es\\\/#website\",\"url\":\"https:\\\/\\\/canfali.com\\\/ca-es\\\/\",\"name\":\"Canfali\",\"description\":\"\",\"publisher\":{\"@id\":\"https:\\\/\\\/canfali.com\\\/ca-es\\\/#organization\"},\"potentialAction\":[{\"@type\":\"SearchAction\",\"target\":{\"@type\":\"EntryPoint\",\"urlTemplate\":\"https:\\\/\\\/canfali.com\\\/ca-es\\\/?s={search_term_string}\"},\"query-input\":{\"@type\":\"PropertyValueSpecification\",\"valueRequired\":true,\"valueName\":\"search_term_string\"}}],\"inLanguage\":\"va-ES\"},{\"@type\":\"Organization\",\"@id\":\"https:\\\/\\\/canfali.com\\\/ca-es\\\/#organization\",\"name\":\"Canfali\",\"url\":\"https:\\\/\\\/canfali.com\\\/ca-es\\\/\",\"logo\":{\"@type\":\"ImageObject\",\"inLanguage\":\"va-ES\",\"@id\":\"https:\\\/\\\/canfali.com\\\/ca-es\\\/#\\\/schema\\\/logo\\\/image\\\/\",\"url\":\"https:\\\/\\\/canfali.com\\\/app\\\/uploads\\\/2025\\\/12\\\/canfali_marina_alta_logo.png\",\"contentUrl\":\"https:\\\/\\\/canfali.com\\\/app\\\/uploads\\\/2025\\\/12\\\/canfali_marina_alta_logo.png\",\"width\":225,\"height\":225,\"caption\":\"Canfali\"},\"image\":{\"@id\":\"https:\\\/\\\/canfali.com\\\/ca-es\\\/#\\\/schema\\\/logo\\\/image\\\/\"},\"sameAs\":[\"https:\\\/\\\/es-es.facebook.com\\\/CANFALIMarinaAlta\",\"https:\\\/\\\/x.com\\\/canfalima\",\"https:\\\/\\\/www.instagram.com\\\/canfalimarinaalta\\\/\"]},{\"@type\":\"Person\",\"@id\":\"https:\\\/\\\/canfali.com\\\/ca-es\\\/#\\\/schema\\\/person\\\/f540a86fb33e10daaae53c59ceaa1194\",\"name\":\"Lluis\",\"image\":{\"@type\":\"ImageObject\",\"inLanguage\":\"va-ES\",\"@id\":\"https:\\\/\\\/secure.gravatar.com\\\/avatar\\\/a21ec8835290e4e02ed0886b8cb327d807d0eb6ec8ccf25d4c2a0a415f506c0d?s=96&d=mm&r=g\",\"url\":\"https:\\\/\\\/secure.gravatar.com\\\/avatar\\\/a21ec8835290e4e02ed0886b8cb327d807d0eb6ec8ccf25d4c2a0a415f506c0d?s=96&d=mm&r=g\",\"contentUrl\":\"https:\\\/\\\/secure.gravatar.com\\\/avatar\\\/a21ec8835290e4e02ed0886b8cb327d807d0eb6ec8ccf25d4c2a0a415f506c0d?s=96&d=mm&r=g\",\"caption\":\"Lluis\"},\"url\":\"https:\\\/\\\/canfali.com\\\/ca-es\\\/author\\\/lluis\\\/\"}]}<\/script>\n<!-- \/ Yoast SEO Premium plugin. -->","yoast_head_json":{"title":"Pedreguer assisteix a una trobada de governs locals - Canfali","robots":{"index":"index","follow":"follow","max-snippet":"max-snippet:-1","max-image-preview":"max-image-preview:large","max-video-preview":"max-video-preview:-1"},"canonical":"https:\/\/canfali.com\/ca-es\/pedreguer-assisteix-a-una-trobada-de-governs-locals\/","og_locale":"en_US","og_type":"article","og_title":"Pedreguer assisteix a una trobada de governs locals","og_description":"S'ha debatut sobre els reptes actuals de la cooperaci\u00f3 internacional des de l'\u00e0mbit local","og_url":"https:\/\/canfali.com\/ca-es\/pedreguer-assisteix-a-una-trobada-de-governs-locals\/","og_site_name":"Canfali","article_publisher":"https:\/\/es-es.facebook.com\/CANFALIMarinaAlta","article_published_time":"2025-06-02T06:48:50+00:00","article_modified_time":"2025-06-02T06:52:57+00:00","og_image":[{"width":1920,"height":1277,"url":"https:\/\/canfali.com\/app\/uploads\/2025\/06\/8encontre6.jpg","type":"image\/jpeg"}],"author":"Lluis","twitter_card":"summary_large_image","twitter_creator":"@canfalima","twitter_site":"@canfalima","twitter_misc":{"Written by":"Lluis","Est. reading time":"1 minute"},"schema":{"@context":"https:\/\/schema.org","@graph":[{"@type":"NewsArticle","@id":"https:\/\/canfali.com\/ca-es\/pedreguer-assisteix-a-una-trobada-de-governs-locals\/#article","isPartOf":{"@id":"https:\/\/canfali.com\/ca-es\/pedreguer-assisteix-a-una-trobada-de-governs-locals\/"},"author":{"name":"Lluis","@id":"https:\/\/canfali.com\/ca-es\/#\/schema\/person\/f540a86fb33e10daaae53c59ceaa1194"},"headline":"Pedreguer assisteix a una trobada de governs locals","datePublished":"2025-06-02T06:48:50+00:00","dateModified":"2025-06-02T06:52:57+00:00","mainEntityOfPage":{"@id":"https:\/\/canfali.com\/ca-es\/pedreguer-assisteix-a-una-trobada-de-governs-locals\/"},"wordCount":216,"publisher":{"@id":"https:\/\/canfali.com\/ca-es\/#organization"},"image":{"@id":"https:\/\/canfali.com\/ca-es\/pedreguer-assisteix-a-una-trobada-de-governs-locals\/#primaryimage"},"thumbnailUrl":"https:\/\/canfali.com\/app\/uploads\/2025\/06\/8encontre6.jpg","articleSection":["Municipal","Sin categorizar"],"inLanguage":"va-ES","copyrightYear":"2025","copyrightHolder":{"@id":"https:\/\/canfali.com\/#organization"}},{"@type":"WebPage","@id":"https:\/\/canfali.com\/ca-es\/pedreguer-assisteix-a-una-trobada-de-governs-locals\/","url":"https:\/\/canfali.com\/ca-es\/pedreguer-assisteix-a-una-trobada-de-governs-locals\/","name":"Pedreguer assisteix a una trobada de governs locals - Canfali","isPartOf":{"@id":"https:\/\/canfali.com\/ca-es\/#website"},"primaryImageOfPage":{"@id":"https:\/\/canfali.com\/ca-es\/pedreguer-assisteix-a-una-trobada-de-governs-locals\/#primaryimage"},"image":{"@id":"https:\/\/canfali.com\/ca-es\/pedreguer-assisteix-a-una-trobada-de-governs-locals\/#primaryimage"},"thumbnailUrl":"https:\/\/canfali.com\/app\/uploads\/2025\/06\/8encontre6.jpg","datePublished":"2025-06-02T06:48:50+00:00","dateModified":"2025-06-02T06:52:57+00:00","breadcrumb":{"@id":"https:\/\/canfali.com\/ca-es\/pedreguer-assisteix-a-una-trobada-de-governs-locals\/#breadcrumb"},"inLanguage":"va-ES","potentialAction":[{"@type":"ReadAction","target":["https:\/\/canfali.com\/ca-es\/pedreguer-assisteix-a-una-trobada-de-governs-locals\/"]}]},{"@type":"ImageObject","inLanguage":"va-ES","@id":"https:\/\/canfali.com\/ca-es\/pedreguer-assisteix-a-una-trobada-de-governs-locals\/#primaryimage","url":"https:\/\/canfali.com\/app\/uploads\/2025\/06\/8encontre6.jpg","contentUrl":"https:\/\/canfali.com\/app\/uploads\/2025\/06\/8encontre6.jpg","width":1920,"height":1277},{"@type":"BreadcrumbList","@id":"https:\/\/canfali.com\/ca-es\/pedreguer-assisteix-a-una-trobada-de-governs-locals\/#breadcrumb","itemListElement":[{"@type":"ListItem","position":1,"name":"Portada","item":"https:\/\/canfali.com\/ca-es\/"},{"@type":"ListItem","position":2,"name":"Pedreguer assisteix a una trobada de governs locals"}]},{"@type":"WebSite","@id":"https:\/\/canfali.com\/ca-es\/#website","url":"https:\/\/canfali.com\/ca-es\/","name":"Canfali","description":"","publisher":{"@id":"https:\/\/canfali.com\/ca-es\/#organization"},"potentialAction":[{"@type":"SearchAction","target":{"@type":"EntryPoint","urlTemplate":"https:\/\/canfali.com\/ca-es\/?s={search_term_string}"},"query-input":{"@type":"PropertyValueSpecification","valueRequired":true,"valueName":"search_term_string"}}],"inLanguage":"va-ES"},{"@type":"Organization","@id":"https:\/\/canfali.com\/ca-es\/#organization","name":"Canfali","url":"https:\/\/canfali.com\/ca-es\/","logo":{"@type":"ImageObject","inLanguage":"va-ES","@id":"https:\/\/canfali.com\/ca-es\/#\/schema\/logo\/image\/","url":"https:\/\/canfali.com\/app\/uploads\/2025\/12\/canfali_marina_alta_logo.png","contentUrl":"https:\/\/canfali.com\/app\/uploads\/2025\/12\/canfali_marina_alta_logo.png","width":225,"height":225,"caption":"Canfali"},"image":{"@id":"https:\/\/canfali.com\/ca-es\/#\/schema\/logo\/image\/"},"sameAs":["https:\/\/es-es.facebook.com\/CANFALIMarinaAlta","https:\/\/x.com\/canfalima","https:\/\/www.instagram.com\/canfalimarinaalta\/"]},{"@type":"Person","@id":"https:\/\/canfali.com\/ca-es\/#\/schema\/person\/f540a86fb33e10daaae53c59ceaa1194","name":"Lluis","image":{"@type":"ImageObject","inLanguage":"va-ES","@id":"https:\/\/secure.gravatar.com\/avatar\/a21ec8835290e4e02ed0886b8cb327d807d0eb6ec8ccf25d4c2a0a415f506c0d?s=96&d=mm&r=g","url":"https:\/\/secure.gravatar.com\/avatar\/a21ec8835290e4e02ed0886b8cb327d807d0eb6ec8ccf25d4c2a0a415f506c0d?s=96&d=mm&r=g","contentUrl":"https:\/\/secure.gravatar.com\/avatar\/a21ec8835290e4e02ed0886b8cb327d807d0eb6ec8ccf25d4c2a0a415f506c0d?s=96&d=mm&r=g","caption":"Lluis"},"url":"https:\/\/canfali.com\/ca-es\/author\/lluis\/"}]}},"_links":{"self":[{"href":"https:\/\/canfali.com\/ca-es\/wp-json\/wp\/v2\/posts\/65346","targetHints":{"allow":["GET"]}}],"collection":[{"href":"https:\/\/canfali.com\/ca-es\/wp-json\/wp\/v2\/posts"}],"about":[{"href":"https:\/\/canfali.com\/ca-es\/wp-json\/wp\/v2\/types\/post"}],"author":[{"embeddable":true,"href":"https:\/\/canfali.com\/ca-es\/wp-json\/wp\/v2\/users\/8"}],"replies":[{"embeddable":true,"href":"https:\/\/canfali.com\/ca-es\/wp-json\/wp\/v2\/comments?post=65346"}],"version-history":[{"count":1,"href":"https:\/\/canfali.com\/ca-es\/wp-json\/wp\/v2\/posts\/65346\/revisions"}],"predecessor-version":[{"id":65347,"href":"https:\/\/canfali.com\/ca-es\/wp-json\/wp\/v2\/posts\/65346\/revisions\/65347"}],"wp:featuredmedia":[{"embeddable":true,"href":"https:\/\/canfali.com\/ca-es\/wp-json\/wp\/v2\/media\/65342"}],"wp:attachment":[{"href":"https:\/\/canfali.com\/ca-es\/wp-json\/wp\/v2\/media?parent=65346"}],"wp:term":[{"taxonomy":"category","embeddable":true,"href":"https:\/\/canfali.com\/ca-es\/wp-json\/wp\/v2\/categories?post=65346"},{"taxonomy":"post_tag","embeddable":true,"href":"https:\/\/canfali.com\/ca-es\/wp-json\/wp\/v2\/tags?post=65346"}],"curies":[{"name":"wp","href":"https:\/\/api.w.org\/{rel}","templated":true}]}}