{"id":65327,"date":"2025-06-01T22:22:24","date_gmt":"2025-06-01T20:22:24","guid":{"rendered":"https:\/\/canfali.com\/el-teulada-guanya-en-lanada-del-play-off-dascens\/"},"modified":"2025-06-01T22:25:33","modified_gmt":"2025-06-01T20:25:33","slug":"el-teulada-guanya-en-lanada-del-play-off-dascens","status":"publish","type":"post","link":"https:\/\/canfali.com\/ca-es\/el-teulada-guanya-en-lanada-del-play-off-dascens\/","title":{"rendered":"El Teulada guanya en l&#8217;anada del play-off d&#8217;ascens"},"content":{"rendered":"\n<p><p class=\"p1\">El Teulada s&#8217;ha imposat per 2-1 al Deutsche Schule de Val\u00e8ncia en un encontre vibrant corresponent al partit d&#8217;anada del play-off d&#8217;ascens a Primera FFCV. El partit va respondre a les expectatives i va resultar dur i molt disputat. Es va avan\u00e7ar el conjunt local amb un gran gol de Harvy despr\u00e9s del llan\u00e7ament d&#8217;un c\u00f3rner als 15 minuts de joc, moment en qu\u00e8 el Teulada estava millor assentat en el camp i dominava totes les facetes.<\/p><\/p>\n\n<figure class=\"wp-block-gallery has-nested-images columns-2 is-cropped wp-block-gallery-15 is-layout-flex wp-block-gallery-is-layout-flex\">\n<figure class=\"wp-block-image size-large\"><img fetchpriority=\"high\" decoding=\"async\" width=\"1024\" height=\"683\" data-id=\"65277\" src=\"https:\/\/canfali.com\/app\/uploads\/2025\/06\/8teluada26-1024x683.jpg\" alt=\"\" class=\"wp-image-65277\" srcset=\"https:\/\/canfali.com\/app\/uploads\/2025\/06\/8teluada26-1024x683.jpg 1024w, https:\/\/canfali.com\/app\/uploads\/2025\/06\/8teluada26-300x200.jpg 300w, https:\/\/canfali.com\/app\/uploads\/2025\/06\/8teluada26-768x512.jpg 768w, https:\/\/canfali.com\/app\/uploads\/2025\/06\/8teluada26-1536x1024.jpg 1536w, https:\/\/canfali.com\/app\/uploads\/2025\/06\/8teluada26-2048x1365.jpg 2048w, https:\/\/canfali.com\/app\/uploads\/2025\/06\/8teluada26-scaled.jpg 2560w\" sizes=\"(max-width: 1024px) 100vw, 1024px\" \/><\/figure>\n\n\n\n<figure class=\"wp-block-image size-large\"><img decoding=\"async\" width=\"1024\" height=\"683\" data-id=\"65320\" src=\"https:\/\/canfali.com\/app\/uploads\/2025\/06\/8teluada22-1-1024x683.jpg\" alt=\"\" class=\"wp-image-65320\" srcset=\"https:\/\/canfali.com\/app\/uploads\/2025\/06\/8teluada22-1-1024x683.jpg 1024w, https:\/\/canfali.com\/app\/uploads\/2025\/06\/8teluada22-1-300x200.jpg 300w, https:\/\/canfali.com\/app\/uploads\/2025\/06\/8teluada22-1-768x512.jpg 768w, https:\/\/canfali.com\/app\/uploads\/2025\/06\/8teluada22-1-1536x1024.jpg 1536w, https:\/\/canfali.com\/app\/uploads\/2025\/06\/8teluada22-1-2048x1365.jpg 2048w, https:\/\/canfali.com\/app\/uploads\/2025\/06\/8teluada22-1-scaled.jpg 2560w\" sizes=\"(max-width: 1024px) 100vw, 1024px\" \/><\/figure>\n\n\n\n<figure class=\"wp-block-image size-large\"><img decoding=\"async\" width=\"1013\" height=\"1024\" data-id=\"65322\" src=\"https:\/\/canfali.com\/app\/uploads\/2025\/06\/8teluada29-1-1013x1024.jpg\" alt=\"\" class=\"wp-image-65322\" srcset=\"https:\/\/canfali.com\/app\/uploads\/2025\/06\/8teluada29-1-1013x1024.jpg 1013w, https:\/\/canfali.com\/app\/uploads\/2025\/06\/8teluada29-1-297x300.jpg 297w, https:\/\/canfali.com\/app\/uploads\/2025\/06\/8teluada29-1-768x776.jpg 768w, https:\/\/canfali.com\/app\/uploads\/2025\/06\/8teluada29-1-1519x1536.jpg 1519w, https:\/\/canfali.com\/app\/uploads\/2025\/06\/8teluada29-1.jpg 2021w\" sizes=\"(max-width: 1013px) 100vw, 1013px\" \/><\/figure>\n\n\n\n<figure class=\"wp-block-image size-large\"><img loading=\"lazy\" decoding=\"async\" width=\"827\" height=\"1024\" data-id=\"65324\" src=\"https:\/\/canfali.com\/app\/uploads\/2025\/06\/8teluada33-1-827x1024.jpg\" alt=\"\" class=\"wp-image-65324\" srcset=\"https:\/\/canfali.com\/app\/uploads\/2025\/06\/8teluada33-1-827x1024.jpg 827w, https:\/\/canfali.com\/app\/uploads\/2025\/06\/8teluada33-1-242x300.jpg 242w, https:\/\/canfali.com\/app\/uploads\/2025\/06\/8teluada33-1-768x951.jpg 768w, https:\/\/canfali.com\/app\/uploads\/2025\/06\/8teluada33-1-1240x1536.jpg 1240w, https:\/\/canfali.com\/app\/uploads\/2025\/06\/8teluada33-1.jpg 1434w\" sizes=\"(max-width: 827px) 100vw, 827px\" \/><\/figure>\n<\/figure>\n\n<p><p class=\"p1\">Per\u00f2 el partit va canviar despr\u00e9s de l&#8217;empat de penal dels visitants als 26 minuts de joc. El conjunt valenci\u00e0 va despertar i les forces es van igualar. Aquesta t\u00f2nica es va mantindre a l&#8217;inici de la segona part, quan al Teulada li costava crear perill, i fins i tot els visitants van tindre les seues ocasions. Per\u00f2 el millor encara estava per arribar, amb el \u00abcampayazo\u00bb despr\u00e9s del llan\u00e7ament d&#8217;un c\u00f3rner al minut 90, que va posar el definitiu 2-1 i va fer esclatar de joia el Municipal Bernardo Font. Un resultat que dona molta confian\u00e7a al conjunt de Cabe per al partit de tornada del pr\u00f2xim diumenge. El gran ambient de futbol viscut aquest diumenge i el suport de l&#8217;afici\u00f3 van ser altres notes destacades de la jornada.<\/p><\/p>\n","protected":false},"excerpt":{"rendered":"El Teulada s&#8217;ha imposat per 2-1 al Deutsche Schule de Val\u00e8ncia en un encontre vibrant corresponent al partit&hellip;","protected":false},"author":8,"featured_media":65314,"comment_status":"closed","ping_status":"closed","sticky":false,"template":"","format":"standard","meta":{"csco_display_header_overlay":false,"csco_singular_sidebar":"","csco_page_header_type":"","csco_page_load_nextpost":"","csco_post_video_location":[],"csco_post_video_location_hash":"","csco_post_video_url":"","csco_post_video_bg_start_time":0,"csco_post_video_bg_end_time":0,"footnotes":""},"categories":[573,608],"tags":[],"class_list":{"0":"post-65327","1":"post","2":"type-post","3":"status-publish","4":"format-standard","5":"has-post-thumbnail","7":"category-deportes-2","8":"category-futbol-ca-es-2","9":"cs-entry","10":"cs-video-wrap"},"yoast_head":"<!-- This site is optimized with the Yoast SEO Premium plugin v26.6 (Yoast SEO v27.3) - https:\/\/yoast.com\/product\/yoast-seo-premium-wordpress\/ -->\n<title>El Teulada guanya en l&#039;anada del play-off d&#039;ascens - Canfali<\/title>\n<meta name=\"robots\" content=\"index, follow, max-snippet:-1, max-image-preview:large, max-video-preview:-1\" \/>\n<link rel=\"canonical\" href=\"https:\/\/canfali.com\/ca-es\/el-teulada-guanya-en-lanada-del-play-off-dascens\/\" \/>\n<meta property=\"og:locale\" content=\"en_US\" \/>\n<meta property=\"og:type\" content=\"article\" \/>\n<meta property=\"og:title\" content=\"El Teulada guanya en l&#039;anada del play-off d&#039;ascens\" \/>\n<meta property=\"og:description\" content=\"El Teulada s&#8217;ha imposat per 2-1 al Deutsche Schule de Val\u00e8ncia en un encontre vibrant corresponent al partit&hellip;\" \/>\n<meta property=\"og:url\" content=\"https:\/\/canfali.com\/ca-es\/el-teulada-guanya-en-lanada-del-play-off-dascens\/\" \/>\n<meta property=\"og:site_name\" content=\"Canfali\" \/>\n<meta property=\"article:publisher\" content=\"https:\/\/es-es.facebook.com\/CANFALIMarinaAlta\" \/>\n<meta property=\"article:published_time\" content=\"2025-06-01T20:22:24+00:00\" \/>\n<meta property=\"article:modified_time\" content=\"2025-06-01T20:25:33+00:00\" \/>\n<meta property=\"og:image\" content=\"https:\/\/canfali.com\/app\/uploads\/2025\/06\/8teluada56-scaled.jpg\" \/>\n\t<meta property=\"og:image:width\" content=\"2560\" \/>\n\t<meta property=\"og:image:height\" content=\"1560\" \/>\n\t<meta property=\"og:image:type\" content=\"image\/jpeg\" \/>\n<meta name=\"author\" content=\"Lluis\" \/>\n<meta name=\"twitter:card\" content=\"summary_large_image\" \/>\n<meta name=\"twitter:creator\" content=\"@canfalima\" \/>\n<meta name=\"twitter:site\" content=\"@canfalima\" \/>\n<meta name=\"twitter:label1\" content=\"Written by\" \/>\n\t<meta name=\"twitter:data1\" content=\"Lluis\" \/>\n\t<meta name=\"twitter:label2\" content=\"Est. reading time\" \/>\n\t<meta name=\"twitter:data2\" content=\"1 minute\" \/>\n<script type=\"application\/ld+json\" class=\"yoast-schema-graph\">{\"@context\":\"https:\\\/\\\/schema.org\",\"@graph\":[{\"@type\":\"NewsArticle\",\"@id\":\"https:\\\/\\\/canfali.com\\\/ca-es\\\/el-teulada-guanya-en-lanada-del-play-off-dascens\\\/#article\",\"isPartOf\":{\"@id\":\"https:\\\/\\\/canfali.com\\\/ca-es\\\/el-teulada-guanya-en-lanada-del-play-off-dascens\\\/\"},\"author\":{\"name\":\"Lluis\",\"@id\":\"https:\\\/\\\/canfali.com\\\/ca-es\\\/#\\\/schema\\\/person\\\/f540a86fb33e10daaae53c59ceaa1194\"},\"headline\":\"El Teulada guanya en l&#8217;anada del play-off d&#8217;ascens\",\"datePublished\":\"2025-06-01T20:22:24+00:00\",\"dateModified\":\"2025-06-01T20:25:33+00:00\",\"mainEntityOfPage\":{\"@id\":\"https:\\\/\\\/canfali.com\\\/ca-es\\\/el-teulada-guanya-en-lanada-del-play-off-dascens\\\/\"},\"wordCount\":234,\"publisher\":{\"@id\":\"https:\\\/\\\/canfali.com\\\/ca-es\\\/#organization\"},\"image\":{\"@id\":\"https:\\\/\\\/canfali.com\\\/ca-es\\\/el-teulada-guanya-en-lanada-del-play-off-dascens\\\/#primaryimage\"},\"thumbnailUrl\":\"https:\\\/\\\/canfali.com\\\/app\\\/uploads\\\/2025\\\/06\\\/8teluada56-scaled.jpg\",\"articleSection\":[\"Deportes\",\"Futbol\"],\"inLanguage\":\"va-ES\",\"copyrightYear\":\"2025\",\"copyrightHolder\":{\"@id\":\"https:\\\/\\\/canfali.com\\\/#organization\"}},{\"@type\":\"WebPage\",\"@id\":\"https:\\\/\\\/canfali.com\\\/ca-es\\\/el-teulada-guanya-en-lanada-del-play-off-dascens\\\/\",\"url\":\"https:\\\/\\\/canfali.com\\\/ca-es\\\/el-teulada-guanya-en-lanada-del-play-off-dascens\\\/\",\"name\":\"El Teulada guanya en l'anada del play-off d'ascens - Canfali\",\"isPartOf\":{\"@id\":\"https:\\\/\\\/canfali.com\\\/ca-es\\\/#website\"},\"primaryImageOfPage\":{\"@id\":\"https:\\\/\\\/canfali.com\\\/ca-es\\\/el-teulada-guanya-en-lanada-del-play-off-dascens\\\/#primaryimage\"},\"image\":{\"@id\":\"https:\\\/\\\/canfali.com\\\/ca-es\\\/el-teulada-guanya-en-lanada-del-play-off-dascens\\\/#primaryimage\"},\"thumbnailUrl\":\"https:\\\/\\\/canfali.com\\\/app\\\/uploads\\\/2025\\\/06\\\/8teluada56-scaled.jpg\",\"datePublished\":\"2025-06-01T20:22:24+00:00\",\"dateModified\":\"2025-06-01T20:25:33+00:00\",\"breadcrumb\":{\"@id\":\"https:\\\/\\\/canfali.com\\\/ca-es\\\/el-teulada-guanya-en-lanada-del-play-off-dascens\\\/#breadcrumb\"},\"inLanguage\":\"va-ES\",\"potentialAction\":[{\"@type\":\"ReadAction\",\"target\":[\"https:\\\/\\\/canfali.com\\\/ca-es\\\/el-teulada-guanya-en-lanada-del-play-off-dascens\\\/\"]}]},{\"@type\":\"ImageObject\",\"inLanguage\":\"va-ES\",\"@id\":\"https:\\\/\\\/canfali.com\\\/ca-es\\\/el-teulada-guanya-en-lanada-del-play-off-dascens\\\/#primaryimage\",\"url\":\"https:\\\/\\\/canfali.com\\\/app\\\/uploads\\\/2025\\\/06\\\/8teluada56-scaled.jpg\",\"contentUrl\":\"https:\\\/\\\/canfali.com\\\/app\\\/uploads\\\/2025\\\/06\\\/8teluada56-scaled.jpg\",\"width\":2560,\"height\":1560},{\"@type\":\"BreadcrumbList\",\"@id\":\"https:\\\/\\\/canfali.com\\\/ca-es\\\/el-teulada-guanya-en-lanada-del-play-off-dascens\\\/#breadcrumb\",\"itemListElement\":[{\"@type\":\"ListItem\",\"position\":1,\"name\":\"Portada\",\"item\":\"https:\\\/\\\/canfali.com\\\/ca-es\\\/\"},{\"@type\":\"ListItem\",\"position\":2,\"name\":\"El Teulada guanya en l&#8217;anada del play-off d&#8217;ascens\"}]},{\"@type\":\"WebSite\",\"@id\":\"https:\\\/\\\/canfali.com\\\/ca-es\\\/#website\",\"url\":\"https:\\\/\\\/canfali.com\\\/ca-es\\\/\",\"name\":\"Canfali\",\"description\":\"\",\"publisher\":{\"@id\":\"https:\\\/\\\/canfali.com\\\/ca-es\\\/#organization\"},\"potentialAction\":[{\"@type\":\"SearchAction\",\"target\":{\"@type\":\"EntryPoint\",\"urlTemplate\":\"https:\\\/\\\/canfali.com\\\/ca-es\\\/?s={search_term_string}\"},\"query-input\":{\"@type\":\"PropertyValueSpecification\",\"valueRequired\":true,\"valueName\":\"search_term_string\"}}],\"inLanguage\":\"va-ES\"},{\"@type\":\"Organization\",\"@id\":\"https:\\\/\\\/canfali.com\\\/ca-es\\\/#organization\",\"name\":\"Canfali\",\"url\":\"https:\\\/\\\/canfali.com\\\/ca-es\\\/\",\"logo\":{\"@type\":\"ImageObject\",\"inLanguage\":\"va-ES\",\"@id\":\"https:\\\/\\\/canfali.com\\\/ca-es\\\/#\\\/schema\\\/logo\\\/image\\\/\",\"url\":\"https:\\\/\\\/canfali.com\\\/app\\\/uploads\\\/2025\\\/12\\\/canfali_marina_alta_logo.png\",\"contentUrl\":\"https:\\\/\\\/canfali.com\\\/app\\\/uploads\\\/2025\\\/12\\\/canfali_marina_alta_logo.png\",\"width\":225,\"height\":225,\"caption\":\"Canfali\"},\"image\":{\"@id\":\"https:\\\/\\\/canfali.com\\\/ca-es\\\/#\\\/schema\\\/logo\\\/image\\\/\"},\"sameAs\":[\"https:\\\/\\\/es-es.facebook.com\\\/CANFALIMarinaAlta\",\"https:\\\/\\\/x.com\\\/canfalima\",\"https:\\\/\\\/www.instagram.com\\\/canfalimarinaalta\\\/\"]},{\"@type\":\"Person\",\"@id\":\"https:\\\/\\\/canfali.com\\\/ca-es\\\/#\\\/schema\\\/person\\\/f540a86fb33e10daaae53c59ceaa1194\",\"name\":\"Lluis\",\"image\":{\"@type\":\"ImageObject\",\"inLanguage\":\"va-ES\",\"@id\":\"https:\\\/\\\/secure.gravatar.com\\\/avatar\\\/a21ec8835290e4e02ed0886b8cb327d807d0eb6ec8ccf25d4c2a0a415f506c0d?s=96&d=mm&r=g\",\"url\":\"https:\\\/\\\/secure.gravatar.com\\\/avatar\\\/a21ec8835290e4e02ed0886b8cb327d807d0eb6ec8ccf25d4c2a0a415f506c0d?s=96&d=mm&r=g\",\"contentUrl\":\"https:\\\/\\\/secure.gravatar.com\\\/avatar\\\/a21ec8835290e4e02ed0886b8cb327d807d0eb6ec8ccf25d4c2a0a415f506c0d?s=96&d=mm&r=g\",\"caption\":\"Lluis\"},\"url\":\"https:\\\/\\\/canfali.com\\\/ca-es\\\/author\\\/lluis\\\/\"}]}<\/script>\n<!-- \/ Yoast SEO Premium plugin. -->","yoast_head_json":{"title":"El Teulada guanya en l'anada del play-off d'ascens - Canfali","robots":{"index":"index","follow":"follow","max-snippet":"max-snippet:-1","max-image-preview":"max-image-preview:large","max-video-preview":"max-video-preview:-1"},"canonical":"https:\/\/canfali.com\/ca-es\/el-teulada-guanya-en-lanada-del-play-off-dascens\/","og_locale":"en_US","og_type":"article","og_title":"El Teulada guanya en l'anada del play-off d'ascens","og_description":"El Teulada s&#8217;ha imposat per 2-1 al Deutsche Schule de Val\u00e8ncia en un encontre vibrant corresponent al partit&hellip;","og_url":"https:\/\/canfali.com\/ca-es\/el-teulada-guanya-en-lanada-del-play-off-dascens\/","og_site_name":"Canfali","article_publisher":"https:\/\/es-es.facebook.com\/CANFALIMarinaAlta","article_published_time":"2025-06-01T20:22:24+00:00","article_modified_time":"2025-06-01T20:25:33+00:00","og_image":[{"width":2560,"height":1560,"url":"https:\/\/canfali.com\/app\/uploads\/2025\/06\/8teluada56-scaled.jpg","type":"image\/jpeg"}],"author":"Lluis","twitter_card":"summary_large_image","twitter_creator":"@canfalima","twitter_site":"@canfalima","twitter_misc":{"Written by":"Lluis","Est. reading time":"1 minute"},"schema":{"@context":"https:\/\/schema.org","@graph":[{"@type":"NewsArticle","@id":"https:\/\/canfali.com\/ca-es\/el-teulada-guanya-en-lanada-del-play-off-dascens\/#article","isPartOf":{"@id":"https:\/\/canfali.com\/ca-es\/el-teulada-guanya-en-lanada-del-play-off-dascens\/"},"author":{"name":"Lluis","@id":"https:\/\/canfali.com\/ca-es\/#\/schema\/person\/f540a86fb33e10daaae53c59ceaa1194"},"headline":"El Teulada guanya en l&#8217;anada del play-off d&#8217;ascens","datePublished":"2025-06-01T20:22:24+00:00","dateModified":"2025-06-01T20:25:33+00:00","mainEntityOfPage":{"@id":"https:\/\/canfali.com\/ca-es\/el-teulada-guanya-en-lanada-del-play-off-dascens\/"},"wordCount":234,"publisher":{"@id":"https:\/\/canfali.com\/ca-es\/#organization"},"image":{"@id":"https:\/\/canfali.com\/ca-es\/el-teulada-guanya-en-lanada-del-play-off-dascens\/#primaryimage"},"thumbnailUrl":"https:\/\/canfali.com\/app\/uploads\/2025\/06\/8teluada56-scaled.jpg","articleSection":["Deportes","Futbol"],"inLanguage":"va-ES","copyrightYear":"2025","copyrightHolder":{"@id":"https:\/\/canfali.com\/#organization"}},{"@type":"WebPage","@id":"https:\/\/canfali.com\/ca-es\/el-teulada-guanya-en-lanada-del-play-off-dascens\/","url":"https:\/\/canfali.com\/ca-es\/el-teulada-guanya-en-lanada-del-play-off-dascens\/","name":"El Teulada guanya en l'anada del play-off d'ascens - Canfali","isPartOf":{"@id":"https:\/\/canfali.com\/ca-es\/#website"},"primaryImageOfPage":{"@id":"https:\/\/canfali.com\/ca-es\/el-teulada-guanya-en-lanada-del-play-off-dascens\/#primaryimage"},"image":{"@id":"https:\/\/canfali.com\/ca-es\/el-teulada-guanya-en-lanada-del-play-off-dascens\/#primaryimage"},"thumbnailUrl":"https:\/\/canfali.com\/app\/uploads\/2025\/06\/8teluada56-scaled.jpg","datePublished":"2025-06-01T20:22:24+00:00","dateModified":"2025-06-01T20:25:33+00:00","breadcrumb":{"@id":"https:\/\/canfali.com\/ca-es\/el-teulada-guanya-en-lanada-del-play-off-dascens\/#breadcrumb"},"inLanguage":"va-ES","potentialAction":[{"@type":"ReadAction","target":["https:\/\/canfali.com\/ca-es\/el-teulada-guanya-en-lanada-del-play-off-dascens\/"]}]},{"@type":"ImageObject","inLanguage":"va-ES","@id":"https:\/\/canfali.com\/ca-es\/el-teulada-guanya-en-lanada-del-play-off-dascens\/#primaryimage","url":"https:\/\/canfali.com\/app\/uploads\/2025\/06\/8teluada56-scaled.jpg","contentUrl":"https:\/\/canfali.com\/app\/uploads\/2025\/06\/8teluada56-scaled.jpg","width":2560,"height":1560},{"@type":"BreadcrumbList","@id":"https:\/\/canfali.com\/ca-es\/el-teulada-guanya-en-lanada-del-play-off-dascens\/#breadcrumb","itemListElement":[{"@type":"ListItem","position":1,"name":"Portada","item":"https:\/\/canfali.com\/ca-es\/"},{"@type":"ListItem","position":2,"name":"El Teulada guanya en l&#8217;anada del play-off d&#8217;ascens"}]},{"@type":"WebSite","@id":"https:\/\/canfali.com\/ca-es\/#website","url":"https:\/\/canfali.com\/ca-es\/","name":"Canfali","description":"","publisher":{"@id":"https:\/\/canfali.com\/ca-es\/#organization"},"potentialAction":[{"@type":"SearchAction","target":{"@type":"EntryPoint","urlTemplate":"https:\/\/canfali.com\/ca-es\/?s={search_term_string}"},"query-input":{"@type":"PropertyValueSpecification","valueRequired":true,"valueName":"search_term_string"}}],"inLanguage":"va-ES"},{"@type":"Organization","@id":"https:\/\/canfali.com\/ca-es\/#organization","name":"Canfali","url":"https:\/\/canfali.com\/ca-es\/","logo":{"@type":"ImageObject","inLanguage":"va-ES","@id":"https:\/\/canfali.com\/ca-es\/#\/schema\/logo\/image\/","url":"https:\/\/canfali.com\/app\/uploads\/2025\/12\/canfali_marina_alta_logo.png","contentUrl":"https:\/\/canfali.com\/app\/uploads\/2025\/12\/canfali_marina_alta_logo.png","width":225,"height":225,"caption":"Canfali"},"image":{"@id":"https:\/\/canfali.com\/ca-es\/#\/schema\/logo\/image\/"},"sameAs":["https:\/\/es-es.facebook.com\/CANFALIMarinaAlta","https:\/\/x.com\/canfalima","https:\/\/www.instagram.com\/canfalimarinaalta\/"]},{"@type":"Person","@id":"https:\/\/canfali.com\/ca-es\/#\/schema\/person\/f540a86fb33e10daaae53c59ceaa1194","name":"Lluis","image":{"@type":"ImageObject","inLanguage":"va-ES","@id":"https:\/\/secure.gravatar.com\/avatar\/a21ec8835290e4e02ed0886b8cb327d807d0eb6ec8ccf25d4c2a0a415f506c0d?s=96&d=mm&r=g","url":"https:\/\/secure.gravatar.com\/avatar\/a21ec8835290e4e02ed0886b8cb327d807d0eb6ec8ccf25d4c2a0a415f506c0d?s=96&d=mm&r=g","contentUrl":"https:\/\/secure.gravatar.com\/avatar\/a21ec8835290e4e02ed0886b8cb327d807d0eb6ec8ccf25d4c2a0a415f506c0d?s=96&d=mm&r=g","caption":"Lluis"},"url":"https:\/\/canfali.com\/ca-es\/author\/lluis\/"}]}},"_links":{"self":[{"href":"https:\/\/canfali.com\/ca-es\/wp-json\/wp\/v2\/posts\/65327","targetHints":{"allow":["GET"]}}],"collection":[{"href":"https:\/\/canfali.com\/ca-es\/wp-json\/wp\/v2\/posts"}],"about":[{"href":"https:\/\/canfali.com\/ca-es\/wp-json\/wp\/v2\/types\/post"}],"author":[{"embeddable":true,"href":"https:\/\/canfali.com\/ca-es\/wp-json\/wp\/v2\/users\/8"}],"replies":[{"embeddable":true,"href":"https:\/\/canfali.com\/ca-es\/wp-json\/wp\/v2\/comments?post=65327"}],"version-history":[{"count":3,"href":"https:\/\/canfali.com\/ca-es\/wp-json\/wp\/v2\/posts\/65327\/revisions"}],"predecessor-version":[{"id":65330,"href":"https:\/\/canfali.com\/ca-es\/wp-json\/wp\/v2\/posts\/65327\/revisions\/65330"}],"wp:featuredmedia":[{"embeddable":true,"href":"https:\/\/canfali.com\/ca-es\/wp-json\/wp\/v2\/media\/65314"}],"wp:attachment":[{"href":"https:\/\/canfali.com\/ca-es\/wp-json\/wp\/v2\/media?parent=65327"}],"wp:term":[{"taxonomy":"category","embeddable":true,"href":"https:\/\/canfali.com\/ca-es\/wp-json\/wp\/v2\/categories?post=65327"},{"taxonomy":"post_tag","embeddable":true,"href":"https:\/\/canfali.com\/ca-es\/wp-json\/wp\/v2\/tags?post=65327"}],"curies":[{"name":"wp","href":"https:\/\/api.w.org\/{rel}","templated":true}]}}