{"id":65019,"date":"2025-05-31T12:24:33","date_gmt":"2025-05-31T10:24:33","guid":{"rendered":"https:\/\/canfali.com\/xabia-estrena-lestiu-amb-serveis-per-contractar\/"},"modified":"2025-05-31T13:00:17","modified_gmt":"2025-05-31T11:00:17","slug":"xabia-estrena-lestiu-amb-serveis-per-contractar","status":"publish","type":"post","link":"https:\/\/canfali.com\/ca-es\/xabia-estrena-lestiu-amb-serveis-per-contractar\/","title":{"rendered":"X\u00e0bia estrena l\u2019estiu amb serveis per contractar"},"content":{"rendered":"\n<p>Amb la campanya estival a la volta de la cantonada, el PSOE de X\u00e0bia alerta sobre la situaci\u00f3 preocupant que afecta dos contractes clau per a la seguretat i protecci\u00f3 del litoral: la gesti\u00f3 d\u2019acc\u00e9s a les platges i el balisament que protegeix la posid\u00f2nia i els banyistes, que encara no han estat adjudicats.<\/p>\n\n<p>El portaveu del Grup Municipal Socialista, Jos\u00e9 Chulvi, ha explicat que el balisament de la costa podria no estar contractat fins a mitjan o finals de juny, la qual cosa suposa un risc davant la creixent pressi\u00f3 d\u2019embarcacions recreatives que podrien fondejar lliurement sobre la posid\u00f2nia i posar en perill els banyistes, situaci\u00f3 ja visible aquest \u00faltim cap de setmana.<br\/><\/p>\n\n<p>M\u00e9s greu encara \u00e9s el retard en la contractaci\u00f3 del control d\u2019acc\u00e9s al Portitxol i la Granadella, el proc\u00e9s del qual podria allargar-se fins a juliol. Aquesta situaci\u00f3 afecta la seguretat de milers de persones i compromet l\u2019operativitat del servei del \u201ctrenet\u201d. A m\u00e9s, genera seriosos dubtes sobre la gesti\u00f3 de possibles evacuacions en cas d\u2019emerg\u00e8ncia, a causa de la congesti\u00f3 vial habitual.<br\/><\/p>\n\n<p>Chulvi ha qualificat aquesta situaci\u00f3 com un nou cas d\u2019improvisaci\u00f3 i neglig\u00e8ncia per part del tripartit que dirigeix Rosa Cardona, que tindr\u00e0 un impacte negatiu sobre el medi natural, els residents i visitants, agreujant la saturaci\u00f3 estival. Aix\u00ed mateix, suposa un retroc\u00e9s respecte a l\u2019esfor\u00e7 realitzat per governs anteriors per millorar la gesti\u00f3 d\u2019accessos i protegir l\u2019entorn mar\u00ed i els banyistes.<br\/><\/p>\n","protected":false},"excerpt":{"rendered":"Amb la campanya estival a la volta de la cantonada, el PSOE de X\u00e0bia alerta que hi ha serveis per contractar","protected":false},"author":8,"featured_media":65015,"comment_status":"closed","ping_status":"closed","sticky":false,"template":"","format":"standard","meta":{"csco_display_header_overlay":false,"csco_singular_sidebar":"","csco_page_header_type":"","csco_page_load_nextpost":"","csco_post_video_location":[],"csco_post_video_location_hash":"","csco_post_video_url":"","csco_post_video_bg_start_time":0,"csco_post_video_bg_end_time":0,"footnotes":""},"categories":[614],"tags":[],"class_list":{"0":"post-65019","1":"post","2":"type-post","3":"status-publish","4":"format-standard","5":"has-post-thumbnail","7":"category-municipal-ca-es","8":"cs-entry","9":"cs-video-wrap"},"yoast_head":"<!-- This site is optimized with the Yoast SEO Premium plugin v26.6 (Yoast SEO v27.3) - https:\/\/yoast.com\/product\/yoast-seo-premium-wordpress\/ -->\n<title>X\u00e0bia estrena l\u2019estiu amb serveis per contractar - Canfali<\/title>\n<meta name=\"robots\" content=\"index, follow, max-snippet:-1, max-image-preview:large, max-video-preview:-1\" \/>\n<link rel=\"canonical\" href=\"https:\/\/canfali.com\/ca-es\/xabia-estrena-lestiu-amb-serveis-per-contractar\/\" \/>\n<meta property=\"og:locale\" content=\"en_US\" \/>\n<meta property=\"og:type\" content=\"article\" \/>\n<meta property=\"og:title\" content=\"X\u00e0bia estrena l\u2019estiu amb serveis per contractar\" \/>\n<meta property=\"og:description\" content=\"Amb la campanya estival a la volta de la cantonada, el PSOE de X\u00e0bia alerta que hi ha serveis per contractar\" \/>\n<meta property=\"og:url\" content=\"https:\/\/canfali.com\/ca-es\/xabia-estrena-lestiu-amb-serveis-per-contractar\/\" \/>\n<meta property=\"og:site_name\" content=\"Canfali\" \/>\n<meta property=\"article:publisher\" content=\"https:\/\/es-es.facebook.com\/CANFALIMarinaAlta\" \/>\n<meta property=\"article:published_time\" content=\"2025-05-31T10:24:33+00:00\" \/>\n<meta property=\"article:modified_time\" content=\"2025-05-31T11:00:17+00:00\" \/>\n<meta property=\"og:image\" content=\"https:\/\/canfali.com\/app\/uploads\/2025\/05\/8PSOEXABIA-scaled.jpeg\" \/>\n\t<meta property=\"og:image:width\" content=\"2560\" \/>\n\t<meta property=\"og:image:height\" content=\"1513\" \/>\n\t<meta property=\"og:image:type\" content=\"image\/jpeg\" \/>\n<meta name=\"author\" content=\"Lluis\" \/>\n<meta name=\"twitter:card\" content=\"summary_large_image\" \/>\n<meta name=\"twitter:creator\" content=\"@canfalima\" \/>\n<meta name=\"twitter:site\" content=\"@canfalima\" \/>\n<meta name=\"twitter:label1\" content=\"Written by\" \/>\n\t<meta name=\"twitter:data1\" content=\"Lluis\" \/>\n\t<meta name=\"twitter:label2\" content=\"Est. reading time\" \/>\n\t<meta name=\"twitter:data2\" content=\"1 minute\" \/>\n<script type=\"application\/ld+json\" class=\"yoast-schema-graph\">{\"@context\":\"https:\\\/\\\/schema.org\",\"@graph\":[{\"@type\":\"NewsArticle\",\"@id\":\"https:\\\/\\\/canfali.com\\\/ca-es\\\/xabia-estrena-lestiu-amb-serveis-per-contractar\\\/#article\",\"isPartOf\":{\"@id\":\"https:\\\/\\\/canfali.com\\\/ca-es\\\/xabia-estrena-lestiu-amb-serveis-per-contractar\\\/\"},\"author\":{\"name\":\"Lluis\",\"@id\":\"https:\\\/\\\/canfali.com\\\/ca-es\\\/#\\\/schema\\\/person\\\/f540a86fb33e10daaae53c59ceaa1194\"},\"headline\":\"X\u00e0bia estrena l\u2019estiu amb serveis per contractar\",\"datePublished\":\"2025-05-31T10:24:33+00:00\",\"dateModified\":\"2025-05-31T11:00:17+00:00\",\"mainEntityOfPage\":{\"@id\":\"https:\\\/\\\/canfali.com\\\/ca-es\\\/xabia-estrena-lestiu-amb-serveis-per-contractar\\\/\"},\"wordCount\":267,\"publisher\":{\"@id\":\"https:\\\/\\\/canfali.com\\\/ca-es\\\/#organization\"},\"image\":{\"@id\":\"https:\\\/\\\/canfali.com\\\/ca-es\\\/xabia-estrena-lestiu-amb-serveis-per-contractar\\\/#primaryimage\"},\"thumbnailUrl\":\"https:\\\/\\\/canfali.com\\\/app\\\/uploads\\\/2025\\\/05\\\/8PSOEXABIA-scaled.jpeg\",\"articleSection\":[\"Municipal\"],\"inLanguage\":\"va-ES\",\"copyrightYear\":\"2025\",\"copyrightHolder\":{\"@id\":\"https:\\\/\\\/canfali.com\\\/#organization\"}},{\"@type\":\"WebPage\",\"@id\":\"https:\\\/\\\/canfali.com\\\/ca-es\\\/xabia-estrena-lestiu-amb-serveis-per-contractar\\\/\",\"url\":\"https:\\\/\\\/canfali.com\\\/ca-es\\\/xabia-estrena-lestiu-amb-serveis-per-contractar\\\/\",\"name\":\"X\u00e0bia estrena l\u2019estiu amb serveis per contractar - Canfali\",\"isPartOf\":{\"@id\":\"https:\\\/\\\/canfali.com\\\/ca-es\\\/#website\"},\"primaryImageOfPage\":{\"@id\":\"https:\\\/\\\/canfali.com\\\/ca-es\\\/xabia-estrena-lestiu-amb-serveis-per-contractar\\\/#primaryimage\"},\"image\":{\"@id\":\"https:\\\/\\\/canfali.com\\\/ca-es\\\/xabia-estrena-lestiu-amb-serveis-per-contractar\\\/#primaryimage\"},\"thumbnailUrl\":\"https:\\\/\\\/canfali.com\\\/app\\\/uploads\\\/2025\\\/05\\\/8PSOEXABIA-scaled.jpeg\",\"datePublished\":\"2025-05-31T10:24:33+00:00\",\"dateModified\":\"2025-05-31T11:00:17+00:00\",\"breadcrumb\":{\"@id\":\"https:\\\/\\\/canfali.com\\\/ca-es\\\/xabia-estrena-lestiu-amb-serveis-per-contractar\\\/#breadcrumb\"},\"inLanguage\":\"va-ES\",\"potentialAction\":[{\"@type\":\"ReadAction\",\"target\":[\"https:\\\/\\\/canfali.com\\\/ca-es\\\/xabia-estrena-lestiu-amb-serveis-per-contractar\\\/\"]}]},{\"@type\":\"ImageObject\",\"inLanguage\":\"va-ES\",\"@id\":\"https:\\\/\\\/canfali.com\\\/ca-es\\\/xabia-estrena-lestiu-amb-serveis-per-contractar\\\/#primaryimage\",\"url\":\"https:\\\/\\\/canfali.com\\\/app\\\/uploads\\\/2025\\\/05\\\/8PSOEXABIA-scaled.jpeg\",\"contentUrl\":\"https:\\\/\\\/canfali.com\\\/app\\\/uploads\\\/2025\\\/05\\\/8PSOEXABIA-scaled.jpeg\",\"width\":2560,\"height\":1513},{\"@type\":\"BreadcrumbList\",\"@id\":\"https:\\\/\\\/canfali.com\\\/ca-es\\\/xabia-estrena-lestiu-amb-serveis-per-contractar\\\/#breadcrumb\",\"itemListElement\":[{\"@type\":\"ListItem\",\"position\":1,\"name\":\"Portada\",\"item\":\"https:\\\/\\\/canfali.com\\\/ca-es\\\/\"},{\"@type\":\"ListItem\",\"position\":2,\"name\":\"X\u00e0bia estrena l\u2019estiu amb serveis per contractar\"}]},{\"@type\":\"WebSite\",\"@id\":\"https:\\\/\\\/canfali.com\\\/ca-es\\\/#website\",\"url\":\"https:\\\/\\\/canfali.com\\\/ca-es\\\/\",\"name\":\"Canfali\",\"description\":\"\",\"publisher\":{\"@id\":\"https:\\\/\\\/canfali.com\\\/ca-es\\\/#organization\"},\"potentialAction\":[{\"@type\":\"SearchAction\",\"target\":{\"@type\":\"EntryPoint\",\"urlTemplate\":\"https:\\\/\\\/canfali.com\\\/ca-es\\\/?s={search_term_string}\"},\"query-input\":{\"@type\":\"PropertyValueSpecification\",\"valueRequired\":true,\"valueName\":\"search_term_string\"}}],\"inLanguage\":\"va-ES\"},{\"@type\":\"Organization\",\"@id\":\"https:\\\/\\\/canfali.com\\\/ca-es\\\/#organization\",\"name\":\"Canfali\",\"url\":\"https:\\\/\\\/canfali.com\\\/ca-es\\\/\",\"logo\":{\"@type\":\"ImageObject\",\"inLanguage\":\"va-ES\",\"@id\":\"https:\\\/\\\/canfali.com\\\/ca-es\\\/#\\\/schema\\\/logo\\\/image\\\/\",\"url\":\"https:\\\/\\\/canfali.com\\\/app\\\/uploads\\\/2025\\\/12\\\/canfali_marina_alta_logo.png\",\"contentUrl\":\"https:\\\/\\\/canfali.com\\\/app\\\/uploads\\\/2025\\\/12\\\/canfali_marina_alta_logo.png\",\"width\":225,\"height\":225,\"caption\":\"Canfali\"},\"image\":{\"@id\":\"https:\\\/\\\/canfali.com\\\/ca-es\\\/#\\\/schema\\\/logo\\\/image\\\/\"},\"sameAs\":[\"https:\\\/\\\/es-es.facebook.com\\\/CANFALIMarinaAlta\",\"https:\\\/\\\/x.com\\\/canfalima\",\"https:\\\/\\\/www.instagram.com\\\/canfalimarinaalta\\\/\"]},{\"@type\":\"Person\",\"@id\":\"https:\\\/\\\/canfali.com\\\/ca-es\\\/#\\\/schema\\\/person\\\/f540a86fb33e10daaae53c59ceaa1194\",\"name\":\"Lluis\",\"image\":{\"@type\":\"ImageObject\",\"inLanguage\":\"va-ES\",\"@id\":\"https:\\\/\\\/secure.gravatar.com\\\/avatar\\\/a21ec8835290e4e02ed0886b8cb327d807d0eb6ec8ccf25d4c2a0a415f506c0d?s=96&d=mm&r=g\",\"url\":\"https:\\\/\\\/secure.gravatar.com\\\/avatar\\\/a21ec8835290e4e02ed0886b8cb327d807d0eb6ec8ccf25d4c2a0a415f506c0d?s=96&d=mm&r=g\",\"contentUrl\":\"https:\\\/\\\/secure.gravatar.com\\\/avatar\\\/a21ec8835290e4e02ed0886b8cb327d807d0eb6ec8ccf25d4c2a0a415f506c0d?s=96&d=mm&r=g\",\"caption\":\"Lluis\"},\"url\":\"https:\\\/\\\/canfali.com\\\/ca-es\\\/author\\\/lluis\\\/\"}]}<\/script>\n<!-- \/ Yoast SEO Premium plugin. -->","yoast_head_json":{"title":"X\u00e0bia estrena l\u2019estiu amb serveis per contractar - Canfali","robots":{"index":"index","follow":"follow","max-snippet":"max-snippet:-1","max-image-preview":"max-image-preview:large","max-video-preview":"max-video-preview:-1"},"canonical":"https:\/\/canfali.com\/ca-es\/xabia-estrena-lestiu-amb-serveis-per-contractar\/","og_locale":"en_US","og_type":"article","og_title":"X\u00e0bia estrena l\u2019estiu amb serveis per contractar","og_description":"Amb la campanya estival a la volta de la cantonada, el PSOE de X\u00e0bia alerta que hi ha serveis per contractar","og_url":"https:\/\/canfali.com\/ca-es\/xabia-estrena-lestiu-amb-serveis-per-contractar\/","og_site_name":"Canfali","article_publisher":"https:\/\/es-es.facebook.com\/CANFALIMarinaAlta","article_published_time":"2025-05-31T10:24:33+00:00","article_modified_time":"2025-05-31T11:00:17+00:00","og_image":[{"width":2560,"height":1513,"url":"https:\/\/canfali.com\/app\/uploads\/2025\/05\/8PSOEXABIA-scaled.jpeg","type":"image\/jpeg"}],"author":"Lluis","twitter_card":"summary_large_image","twitter_creator":"@canfalima","twitter_site":"@canfalima","twitter_misc":{"Written by":"Lluis","Est. reading time":"1 minute"},"schema":{"@context":"https:\/\/schema.org","@graph":[{"@type":"NewsArticle","@id":"https:\/\/canfali.com\/ca-es\/xabia-estrena-lestiu-amb-serveis-per-contractar\/#article","isPartOf":{"@id":"https:\/\/canfali.com\/ca-es\/xabia-estrena-lestiu-amb-serveis-per-contractar\/"},"author":{"name":"Lluis","@id":"https:\/\/canfali.com\/ca-es\/#\/schema\/person\/f540a86fb33e10daaae53c59ceaa1194"},"headline":"X\u00e0bia estrena l\u2019estiu amb serveis per contractar","datePublished":"2025-05-31T10:24:33+00:00","dateModified":"2025-05-31T11:00:17+00:00","mainEntityOfPage":{"@id":"https:\/\/canfali.com\/ca-es\/xabia-estrena-lestiu-amb-serveis-per-contractar\/"},"wordCount":267,"publisher":{"@id":"https:\/\/canfali.com\/ca-es\/#organization"},"image":{"@id":"https:\/\/canfali.com\/ca-es\/xabia-estrena-lestiu-amb-serveis-per-contractar\/#primaryimage"},"thumbnailUrl":"https:\/\/canfali.com\/app\/uploads\/2025\/05\/8PSOEXABIA-scaled.jpeg","articleSection":["Municipal"],"inLanguage":"va-ES","copyrightYear":"2025","copyrightHolder":{"@id":"https:\/\/canfali.com\/#organization"}},{"@type":"WebPage","@id":"https:\/\/canfali.com\/ca-es\/xabia-estrena-lestiu-amb-serveis-per-contractar\/","url":"https:\/\/canfali.com\/ca-es\/xabia-estrena-lestiu-amb-serveis-per-contractar\/","name":"X\u00e0bia estrena l\u2019estiu amb serveis per contractar - Canfali","isPartOf":{"@id":"https:\/\/canfali.com\/ca-es\/#website"},"primaryImageOfPage":{"@id":"https:\/\/canfali.com\/ca-es\/xabia-estrena-lestiu-amb-serveis-per-contractar\/#primaryimage"},"image":{"@id":"https:\/\/canfali.com\/ca-es\/xabia-estrena-lestiu-amb-serveis-per-contractar\/#primaryimage"},"thumbnailUrl":"https:\/\/canfali.com\/app\/uploads\/2025\/05\/8PSOEXABIA-scaled.jpeg","datePublished":"2025-05-31T10:24:33+00:00","dateModified":"2025-05-31T11:00:17+00:00","breadcrumb":{"@id":"https:\/\/canfali.com\/ca-es\/xabia-estrena-lestiu-amb-serveis-per-contractar\/#breadcrumb"},"inLanguage":"va-ES","potentialAction":[{"@type":"ReadAction","target":["https:\/\/canfali.com\/ca-es\/xabia-estrena-lestiu-amb-serveis-per-contractar\/"]}]},{"@type":"ImageObject","inLanguage":"va-ES","@id":"https:\/\/canfali.com\/ca-es\/xabia-estrena-lestiu-amb-serveis-per-contractar\/#primaryimage","url":"https:\/\/canfali.com\/app\/uploads\/2025\/05\/8PSOEXABIA-scaled.jpeg","contentUrl":"https:\/\/canfali.com\/app\/uploads\/2025\/05\/8PSOEXABIA-scaled.jpeg","width":2560,"height":1513},{"@type":"BreadcrumbList","@id":"https:\/\/canfali.com\/ca-es\/xabia-estrena-lestiu-amb-serveis-per-contractar\/#breadcrumb","itemListElement":[{"@type":"ListItem","position":1,"name":"Portada","item":"https:\/\/canfali.com\/ca-es\/"},{"@type":"ListItem","position":2,"name":"X\u00e0bia estrena l\u2019estiu amb serveis per contractar"}]},{"@type":"WebSite","@id":"https:\/\/canfali.com\/ca-es\/#website","url":"https:\/\/canfali.com\/ca-es\/","name":"Canfali","description":"","publisher":{"@id":"https:\/\/canfali.com\/ca-es\/#organization"},"potentialAction":[{"@type":"SearchAction","target":{"@type":"EntryPoint","urlTemplate":"https:\/\/canfali.com\/ca-es\/?s={search_term_string}"},"query-input":{"@type":"PropertyValueSpecification","valueRequired":true,"valueName":"search_term_string"}}],"inLanguage":"va-ES"},{"@type":"Organization","@id":"https:\/\/canfali.com\/ca-es\/#organization","name":"Canfali","url":"https:\/\/canfali.com\/ca-es\/","logo":{"@type":"ImageObject","inLanguage":"va-ES","@id":"https:\/\/canfali.com\/ca-es\/#\/schema\/logo\/image\/","url":"https:\/\/canfali.com\/app\/uploads\/2025\/12\/canfali_marina_alta_logo.png","contentUrl":"https:\/\/canfali.com\/app\/uploads\/2025\/12\/canfali_marina_alta_logo.png","width":225,"height":225,"caption":"Canfali"},"image":{"@id":"https:\/\/canfali.com\/ca-es\/#\/schema\/logo\/image\/"},"sameAs":["https:\/\/es-es.facebook.com\/CANFALIMarinaAlta","https:\/\/x.com\/canfalima","https:\/\/www.instagram.com\/canfalimarinaalta\/"]},{"@type":"Person","@id":"https:\/\/canfali.com\/ca-es\/#\/schema\/person\/f540a86fb33e10daaae53c59ceaa1194","name":"Lluis","image":{"@type":"ImageObject","inLanguage":"va-ES","@id":"https:\/\/secure.gravatar.com\/avatar\/a21ec8835290e4e02ed0886b8cb327d807d0eb6ec8ccf25d4c2a0a415f506c0d?s=96&d=mm&r=g","url":"https:\/\/secure.gravatar.com\/avatar\/a21ec8835290e4e02ed0886b8cb327d807d0eb6ec8ccf25d4c2a0a415f506c0d?s=96&d=mm&r=g","contentUrl":"https:\/\/secure.gravatar.com\/avatar\/a21ec8835290e4e02ed0886b8cb327d807d0eb6ec8ccf25d4c2a0a415f506c0d?s=96&d=mm&r=g","caption":"Lluis"},"url":"https:\/\/canfali.com\/ca-es\/author\/lluis\/"}]}},"_links":{"self":[{"href":"https:\/\/canfali.com\/ca-es\/wp-json\/wp\/v2\/posts\/65019","targetHints":{"allow":["GET"]}}],"collection":[{"href":"https:\/\/canfali.com\/ca-es\/wp-json\/wp\/v2\/posts"}],"about":[{"href":"https:\/\/canfali.com\/ca-es\/wp-json\/wp\/v2\/types\/post"}],"author":[{"embeddable":true,"href":"https:\/\/canfali.com\/ca-es\/wp-json\/wp\/v2\/users\/8"}],"replies":[{"embeddable":true,"href":"https:\/\/canfali.com\/ca-es\/wp-json\/wp\/v2\/comments?post=65019"}],"version-history":[{"count":1,"href":"https:\/\/canfali.com\/ca-es\/wp-json\/wp\/v2\/posts\/65019\/revisions"}],"predecessor-version":[{"id":65020,"href":"https:\/\/canfali.com\/ca-es\/wp-json\/wp\/v2\/posts\/65019\/revisions\/65020"}],"wp:featuredmedia":[{"embeddable":true,"href":"https:\/\/canfali.com\/ca-es\/wp-json\/wp\/v2\/media\/65015"}],"wp:attachment":[{"href":"https:\/\/canfali.com\/ca-es\/wp-json\/wp\/v2\/media?parent=65019"}],"wp:term":[{"taxonomy":"category","embeddable":true,"href":"https:\/\/canfali.com\/ca-es\/wp-json\/wp\/v2\/categories?post=65019"},{"taxonomy":"post_tag","embeddable":true,"href":"https:\/\/canfali.com\/ca-es\/wp-json\/wp\/v2\/tags?post=65019"}],"curies":[{"name":"wp","href":"https:\/\/api.w.org\/{rel}","templated":true}]}}