{"id":65006,"date":"2025-05-31T07:14:01","date_gmt":"2025-05-31T05:14:01","guid":{"rendered":"https:\/\/canfali.com\/?p=65006"},"modified":"2025-05-31T07:19:40","modified_gmt":"2025-05-31T05:19:40","slug":"mostra-fotografica-per-a-commemorar-el-25-aniversari-del-grup-de-dones-cabal-a-pego","status":"publish","type":"post","link":"https:\/\/canfali.com\/ca-es\/mostra-fotografica-per-a-commemorar-el-25-aniversari-del-grup-de-dones-cabal-a-pego\/","title":{"rendered":"Mostra fotogr\u00e0fica per a commemorar el 25 aniversari del Grup de Dones Cabal a Pego"},"content":{"rendered":"\n<p><strong>La fot\u00f2grafa polonesa Malgorzata Wakuluk retrata a deu dones pegolines realitzant accions quotidianes<\/strong><\/p>\n\n\n\n<p>El grup de Dones Cabal inaugurar\u00e0 el dissabte 7 de juny una exposici\u00f3 dedicada a la dona pegolina de l\u2019artista fotogr\u00e0fica sa Malgorzata Wakuluk, que romandr\u00e0 oberta al p\u00fablic fins el 8 de juliol.<\/p>\n\n\n\n<p>La mostra, emmarcada en la commemoraci\u00f3 del 25 aniversari de l\u2019associaci\u00f3, reprodueix les imatges de la vida quotidiana de deu dones pegolines captades per la c\u00e0mera d\u2019aquesta fot\u00f2grafa polonesa que ha recalat en el municipi . Les instant\u00e0nies, segons explica \u201cbusquen traure a la llum la naturalitat per\u00f2 tamb\u00e9 la intimitat de les protagonistes\u201d.<\/p>\n\n\n\n<p>Segons han remarcat en la presentaci\u00f3 junt a la protagonista, la regidora d\u2019Igualtat, Paula Orihuel, i el de Cultura, Josep Mengual, que han compartegut junt a la presidenta del co\u00b7lectiu Carmina Dominguis, Wakuluk \u00e9s ja coneguda a Pego pel seu treball arran d\u2019haver capturat alguns moments importants del calendari pegol\u00ed com la programaci\u00f3 del Dia de la Dona. Treball que va exposar recentment en una exposici\u00f3 a Vars\u00f2via i que, despr\u00e9s de l&#8217;\u00e8xit de cr\u00edtica, li ha portat a allargar la relaci\u00f3 del seu objectiu amb la societat pegolina.<\/p>\n\n\n\n<p>Per la seua banda, la fot\u00f2grafa ha explica que t\u00e9 com a projecte en ment retratar els moments m\u00e9s \u00edntims de la festa de Moros i Cristians. Una proposta en la qual participaran una desena de professionals de la imatge.<\/p>\n\n\n\n<p>\u201cEns encanta que la gent que ve de fora i s&#8217;instal\u00b7la en el nostre municipi tinga eixa estima i respecte per la cultura i les persones del nostre municipi, com el demostra Malgorzata en els seus treballs relacionats amb Pego\u201d ha subratllat la regidora per a incidir en el merescut l\u2019homenatge que suposa per a totes les dones del municipi.<\/p>\n\n\n\n<p>Aix\u00ed mateix, Orihuel ha aprofitat la circumst\u00e0ncia per a agrair la gran faena que ha exercit Dones Cabal en la lluita per la igualtat, real\u00e7ar i defendre la figura de la dona; i per lluitar per les que no poden fer-ho, el que les ha convertides en un referent en la societat pegolina que espera gaudir-les vint-i-cinc anys m\u00e9s almenys\u201d.<\/p>\n","protected":false},"excerpt":{"rendered":"La fot\u00f2grafa polonesa Malgorzata Wakuluk retrata a deu dones pegolines realitzant accions quotidianes El grup de Dones Cabal&hellip;","protected":false},"author":4,"featured_media":65007,"comment_status":"closed","ping_status":"closed","sticky":false,"template":"","format":"standard","meta":{"csco_display_header_overlay":false,"csco_singular_sidebar":"","csco_page_header_type":"","csco_page_load_nextpost":"","csco_post_video_location":[],"csco_post_video_location_hash":"","csco_post_video_url":"","csco_post_video_bg_start_time":0,"csco_post_video_bg_end_time":0,"footnotes":""},"categories":[597],"tags":[1984,1244,2418,642],"class_list":{"0":"post-65006","1":"post","2":"type-post","3":"status-publish","4":"format-standard","5":"has-post-thumbnail","7":"category-cultura-ca-es","8":"tag-aniversari","9":"tag-dones","10":"tag-fotografia-ca-es","11":"tag-pego-2","12":"cs-entry","13":"cs-video-wrap"},"yoast_head":"<!-- This site is optimized with the Yoast SEO Premium plugin v26.6 (Yoast SEO v27.3) - https:\/\/yoast.com\/product\/yoast-seo-premium-wordpress\/ -->\n<title>Mostra fotogr\u00e0fica per a commemorar el 25 aniversari del Grup de Dones Cabal a Pego - Canfali<\/title>\n<meta name=\"robots\" content=\"index, follow, max-snippet:-1, max-image-preview:large, max-video-preview:-1\" \/>\n<link rel=\"canonical\" href=\"https:\/\/canfali.com\/ca-es\/mostra-fotografica-per-a-commemorar-el-25-aniversari-del-grup-de-dones-cabal-a-pego\/\" \/>\n<meta property=\"og:locale\" content=\"en_US\" \/>\n<meta property=\"og:type\" content=\"article\" \/>\n<meta property=\"og:title\" content=\"Mostra fotogr\u00e0fica per a commemorar el 25 aniversari del Grup de Dones Cabal a Pego\" \/>\n<meta property=\"og:description\" content=\"La fot\u00f2grafa polonesa Malgorzata Wakuluk retrata a deu dones pegolines realitzant accions quotidianes El grup de Dones Cabal&hellip;\" \/>\n<meta property=\"og:url\" content=\"https:\/\/canfali.com\/ca-es\/mostra-fotografica-per-a-commemorar-el-25-aniversari-del-grup-de-dones-cabal-a-pego\/\" \/>\n<meta property=\"og:site_name\" content=\"Canfali\" \/>\n<meta property=\"article:publisher\" content=\"https:\/\/es-es.facebook.com\/CANFALIMarinaAlta\" \/>\n<meta property=\"article:published_time\" content=\"2025-05-31T05:14:01+00:00\" \/>\n<meta property=\"article:modified_time\" content=\"2025-05-31T05:19:40+00:00\" \/>\n<meta property=\"og:image\" content=\"https:\/\/canfali.com\/app\/uploads\/2025\/05\/donescabal-aniv-scaled.jpg\" \/>\n\t<meta property=\"og:image:width\" content=\"2560\" \/>\n\t<meta property=\"og:image:height\" content=\"1440\" \/>\n\t<meta property=\"og:image:type\" content=\"image\/jpeg\" \/>\n<meta name=\"author\" content=\"JJ Mas\" \/>\n<meta name=\"twitter:card\" content=\"summary_large_image\" \/>\n<meta name=\"twitter:creator\" content=\"@canfalima\" \/>\n<meta name=\"twitter:site\" content=\"@canfalima\" \/>\n<meta name=\"twitter:label1\" content=\"Written by\" \/>\n\t<meta name=\"twitter:data1\" content=\"JJ Mas\" \/>\n\t<meta name=\"twitter:label2\" content=\"Est. reading time\" \/>\n\t<meta name=\"twitter:data2\" content=\"2 minutes\" \/>\n<script type=\"application\/ld+json\" class=\"yoast-schema-graph\">{\"@context\":\"https:\\\/\\\/schema.org\",\"@graph\":[{\"@type\":\"NewsArticle\",\"@id\":\"https:\\\/\\\/canfali.com\\\/ca-es\\\/mostra-fotografica-per-a-commemorar-el-25-aniversari-del-grup-de-dones-cabal-a-pego\\\/#article\",\"isPartOf\":{\"@id\":\"https:\\\/\\\/canfali.com\\\/ca-es\\\/mostra-fotografica-per-a-commemorar-el-25-aniversari-del-grup-de-dones-cabal-a-pego\\\/\"},\"author\":{\"name\":\"JJ Mas\",\"@id\":\"https:\\\/\\\/canfali.com\\\/ca-es\\\/#\\\/schema\\\/person\\\/d834d2d4df17cac754d3c314d4c404ef\"},\"headline\":\"Mostra fotogr\u00e0fica per a commemorar el 25 aniversari del Grup de Dones Cabal a Pego\",\"datePublished\":\"2025-05-31T05:14:01+00:00\",\"dateModified\":\"2025-05-31T05:19:40+00:00\",\"mainEntityOfPage\":{\"@id\":\"https:\\\/\\\/canfali.com\\\/ca-es\\\/mostra-fotografica-per-a-commemorar-el-25-aniversari-del-grup-de-dones-cabal-a-pego\\\/\"},\"wordCount\":385,\"publisher\":{\"@id\":\"https:\\\/\\\/canfali.com\\\/ca-es\\\/#organization\"},\"image\":{\"@id\":\"https:\\\/\\\/canfali.com\\\/ca-es\\\/mostra-fotografica-per-a-commemorar-el-25-aniversari-del-grup-de-dones-cabal-a-pego\\\/#primaryimage\"},\"thumbnailUrl\":\"https:\\\/\\\/canfali.com\\\/app\\\/uploads\\\/2025\\\/05\\\/donescabal-aniv-scaled.jpg\",\"keywords\":[\"aniversari\",\"dones\",\"fotografia\",\"Pego\"],\"articleSection\":[\"Cultura\"],\"inLanguage\":\"va-ES\",\"copyrightYear\":\"2025\",\"copyrightHolder\":{\"@id\":\"https:\\\/\\\/canfali.com\\\/#organization\"}},{\"@type\":\"WebPage\",\"@id\":\"https:\\\/\\\/canfali.com\\\/ca-es\\\/mostra-fotografica-per-a-commemorar-el-25-aniversari-del-grup-de-dones-cabal-a-pego\\\/\",\"url\":\"https:\\\/\\\/canfali.com\\\/ca-es\\\/mostra-fotografica-per-a-commemorar-el-25-aniversari-del-grup-de-dones-cabal-a-pego\\\/\",\"name\":\"Mostra fotogr\u00e0fica per a commemorar el 25 aniversari del Grup de Dones Cabal a Pego - Canfali\",\"isPartOf\":{\"@id\":\"https:\\\/\\\/canfali.com\\\/ca-es\\\/#website\"},\"primaryImageOfPage\":{\"@id\":\"https:\\\/\\\/canfali.com\\\/ca-es\\\/mostra-fotografica-per-a-commemorar-el-25-aniversari-del-grup-de-dones-cabal-a-pego\\\/#primaryimage\"},\"image\":{\"@id\":\"https:\\\/\\\/canfali.com\\\/ca-es\\\/mostra-fotografica-per-a-commemorar-el-25-aniversari-del-grup-de-dones-cabal-a-pego\\\/#primaryimage\"},\"thumbnailUrl\":\"https:\\\/\\\/canfali.com\\\/app\\\/uploads\\\/2025\\\/05\\\/donescabal-aniv-scaled.jpg\",\"datePublished\":\"2025-05-31T05:14:01+00:00\",\"dateModified\":\"2025-05-31T05:19:40+00:00\",\"breadcrumb\":{\"@id\":\"https:\\\/\\\/canfali.com\\\/ca-es\\\/mostra-fotografica-per-a-commemorar-el-25-aniversari-del-grup-de-dones-cabal-a-pego\\\/#breadcrumb\"},\"inLanguage\":\"va-ES\",\"potentialAction\":[{\"@type\":\"ReadAction\",\"target\":[\"https:\\\/\\\/canfali.com\\\/ca-es\\\/mostra-fotografica-per-a-commemorar-el-25-aniversari-del-grup-de-dones-cabal-a-pego\\\/\"]}]},{\"@type\":\"ImageObject\",\"inLanguage\":\"va-ES\",\"@id\":\"https:\\\/\\\/canfali.com\\\/ca-es\\\/mostra-fotografica-per-a-commemorar-el-25-aniversari-del-grup-de-dones-cabal-a-pego\\\/#primaryimage\",\"url\":\"https:\\\/\\\/canfali.com\\\/app\\\/uploads\\\/2025\\\/05\\\/donescabal-aniv-scaled.jpg\",\"contentUrl\":\"https:\\\/\\\/canfali.com\\\/app\\\/uploads\\\/2025\\\/05\\\/donescabal-aniv-scaled.jpg\",\"width\":2560,\"height\":1440},{\"@type\":\"BreadcrumbList\",\"@id\":\"https:\\\/\\\/canfali.com\\\/ca-es\\\/mostra-fotografica-per-a-commemorar-el-25-aniversari-del-grup-de-dones-cabal-a-pego\\\/#breadcrumb\",\"itemListElement\":[{\"@type\":\"ListItem\",\"position\":1,\"name\":\"Portada\",\"item\":\"https:\\\/\\\/canfali.com\\\/ca-es\\\/\"},{\"@type\":\"ListItem\",\"position\":2,\"name\":\"Mostra fotogr\u00e0fica per a commemorar el 25 aniversari del Grup de Dones Cabal a Pego\"}]},{\"@type\":\"WebSite\",\"@id\":\"https:\\\/\\\/canfali.com\\\/ca-es\\\/#website\",\"url\":\"https:\\\/\\\/canfali.com\\\/ca-es\\\/\",\"name\":\"Canfali\",\"description\":\"\",\"publisher\":{\"@id\":\"https:\\\/\\\/canfali.com\\\/ca-es\\\/#organization\"},\"potentialAction\":[{\"@type\":\"SearchAction\",\"target\":{\"@type\":\"EntryPoint\",\"urlTemplate\":\"https:\\\/\\\/canfali.com\\\/ca-es\\\/?s={search_term_string}\"},\"query-input\":{\"@type\":\"PropertyValueSpecification\",\"valueRequired\":true,\"valueName\":\"search_term_string\"}}],\"inLanguage\":\"va-ES\"},{\"@type\":\"Organization\",\"@id\":\"https:\\\/\\\/canfali.com\\\/ca-es\\\/#organization\",\"name\":\"Canfali\",\"url\":\"https:\\\/\\\/canfali.com\\\/ca-es\\\/\",\"logo\":{\"@type\":\"ImageObject\",\"inLanguage\":\"va-ES\",\"@id\":\"https:\\\/\\\/canfali.com\\\/ca-es\\\/#\\\/schema\\\/logo\\\/image\\\/\",\"url\":\"https:\\\/\\\/canfali.com\\\/app\\\/uploads\\\/2025\\\/12\\\/canfali_marina_alta_logo.png\",\"contentUrl\":\"https:\\\/\\\/canfali.com\\\/app\\\/uploads\\\/2025\\\/12\\\/canfali_marina_alta_logo.png\",\"width\":225,\"height\":225,\"caption\":\"Canfali\"},\"image\":{\"@id\":\"https:\\\/\\\/canfali.com\\\/ca-es\\\/#\\\/schema\\\/logo\\\/image\\\/\"},\"sameAs\":[\"https:\\\/\\\/es-es.facebook.com\\\/CANFALIMarinaAlta\",\"https:\\\/\\\/x.com\\\/canfalima\",\"https:\\\/\\\/www.instagram.com\\\/canfalimarinaalta\\\/\"]},{\"@type\":\"Person\",\"@id\":\"https:\\\/\\\/canfali.com\\\/ca-es\\\/#\\\/schema\\\/person\\\/d834d2d4df17cac754d3c314d4c404ef\",\"name\":\"JJ Mas\",\"image\":{\"@type\":\"ImageObject\",\"inLanguage\":\"va-ES\",\"@id\":\"https:\\\/\\\/secure.gravatar.com\\\/avatar\\\/65a5191f5438bf88c2394f6d1a625a6ff903c8785268e603c623a83bc15ba1ee?s=96&d=mm&r=g\",\"url\":\"https:\\\/\\\/secure.gravatar.com\\\/avatar\\\/65a5191f5438bf88c2394f6d1a625a6ff903c8785268e603c623a83bc15ba1ee?s=96&d=mm&r=g\",\"contentUrl\":\"https:\\\/\\\/secure.gravatar.com\\\/avatar\\\/65a5191f5438bf88c2394f6d1a625a6ff903c8785268e603c623a83bc15ba1ee?s=96&d=mm&r=g\",\"caption\":\"JJ Mas\"},\"url\":\"https:\\\/\\\/canfali.com\\\/ca-es\\\/author\\\/jj\\\/\"}]}<\/script>\n<!-- \/ Yoast SEO Premium plugin. -->","yoast_head_json":{"title":"Mostra fotogr\u00e0fica per a commemorar el 25 aniversari del Grup de Dones Cabal a Pego - Canfali","robots":{"index":"index","follow":"follow","max-snippet":"max-snippet:-1","max-image-preview":"max-image-preview:large","max-video-preview":"max-video-preview:-1"},"canonical":"https:\/\/canfali.com\/ca-es\/mostra-fotografica-per-a-commemorar-el-25-aniversari-del-grup-de-dones-cabal-a-pego\/","og_locale":"en_US","og_type":"article","og_title":"Mostra fotogr\u00e0fica per a commemorar el 25 aniversari del Grup de Dones Cabal a Pego","og_description":"La fot\u00f2grafa polonesa Malgorzata Wakuluk retrata a deu dones pegolines realitzant accions quotidianes El grup de Dones Cabal&hellip;","og_url":"https:\/\/canfali.com\/ca-es\/mostra-fotografica-per-a-commemorar-el-25-aniversari-del-grup-de-dones-cabal-a-pego\/","og_site_name":"Canfali","article_publisher":"https:\/\/es-es.facebook.com\/CANFALIMarinaAlta","article_published_time":"2025-05-31T05:14:01+00:00","article_modified_time":"2025-05-31T05:19:40+00:00","og_image":[{"width":2560,"height":1440,"url":"https:\/\/canfali.com\/app\/uploads\/2025\/05\/donescabal-aniv-scaled.jpg","type":"image\/jpeg"}],"author":"JJ Mas","twitter_card":"summary_large_image","twitter_creator":"@canfalima","twitter_site":"@canfalima","twitter_misc":{"Written by":"JJ Mas","Est. reading time":"2 minutes"},"schema":{"@context":"https:\/\/schema.org","@graph":[{"@type":"NewsArticle","@id":"https:\/\/canfali.com\/ca-es\/mostra-fotografica-per-a-commemorar-el-25-aniversari-del-grup-de-dones-cabal-a-pego\/#article","isPartOf":{"@id":"https:\/\/canfali.com\/ca-es\/mostra-fotografica-per-a-commemorar-el-25-aniversari-del-grup-de-dones-cabal-a-pego\/"},"author":{"name":"JJ Mas","@id":"https:\/\/canfali.com\/ca-es\/#\/schema\/person\/d834d2d4df17cac754d3c314d4c404ef"},"headline":"Mostra fotogr\u00e0fica per a commemorar el 25 aniversari del Grup de Dones Cabal a Pego","datePublished":"2025-05-31T05:14:01+00:00","dateModified":"2025-05-31T05:19:40+00:00","mainEntityOfPage":{"@id":"https:\/\/canfali.com\/ca-es\/mostra-fotografica-per-a-commemorar-el-25-aniversari-del-grup-de-dones-cabal-a-pego\/"},"wordCount":385,"publisher":{"@id":"https:\/\/canfali.com\/ca-es\/#organization"},"image":{"@id":"https:\/\/canfali.com\/ca-es\/mostra-fotografica-per-a-commemorar-el-25-aniversari-del-grup-de-dones-cabal-a-pego\/#primaryimage"},"thumbnailUrl":"https:\/\/canfali.com\/app\/uploads\/2025\/05\/donescabal-aniv-scaled.jpg","keywords":["aniversari","dones","fotografia","Pego"],"articleSection":["Cultura"],"inLanguage":"va-ES","copyrightYear":"2025","copyrightHolder":{"@id":"https:\/\/canfali.com\/#organization"}},{"@type":"WebPage","@id":"https:\/\/canfali.com\/ca-es\/mostra-fotografica-per-a-commemorar-el-25-aniversari-del-grup-de-dones-cabal-a-pego\/","url":"https:\/\/canfali.com\/ca-es\/mostra-fotografica-per-a-commemorar-el-25-aniversari-del-grup-de-dones-cabal-a-pego\/","name":"Mostra fotogr\u00e0fica per a commemorar el 25 aniversari del Grup de Dones Cabal a Pego - Canfali","isPartOf":{"@id":"https:\/\/canfali.com\/ca-es\/#website"},"primaryImageOfPage":{"@id":"https:\/\/canfali.com\/ca-es\/mostra-fotografica-per-a-commemorar-el-25-aniversari-del-grup-de-dones-cabal-a-pego\/#primaryimage"},"image":{"@id":"https:\/\/canfali.com\/ca-es\/mostra-fotografica-per-a-commemorar-el-25-aniversari-del-grup-de-dones-cabal-a-pego\/#primaryimage"},"thumbnailUrl":"https:\/\/canfali.com\/app\/uploads\/2025\/05\/donescabal-aniv-scaled.jpg","datePublished":"2025-05-31T05:14:01+00:00","dateModified":"2025-05-31T05:19:40+00:00","breadcrumb":{"@id":"https:\/\/canfali.com\/ca-es\/mostra-fotografica-per-a-commemorar-el-25-aniversari-del-grup-de-dones-cabal-a-pego\/#breadcrumb"},"inLanguage":"va-ES","potentialAction":[{"@type":"ReadAction","target":["https:\/\/canfali.com\/ca-es\/mostra-fotografica-per-a-commemorar-el-25-aniversari-del-grup-de-dones-cabal-a-pego\/"]}]},{"@type":"ImageObject","inLanguage":"va-ES","@id":"https:\/\/canfali.com\/ca-es\/mostra-fotografica-per-a-commemorar-el-25-aniversari-del-grup-de-dones-cabal-a-pego\/#primaryimage","url":"https:\/\/canfali.com\/app\/uploads\/2025\/05\/donescabal-aniv-scaled.jpg","contentUrl":"https:\/\/canfali.com\/app\/uploads\/2025\/05\/donescabal-aniv-scaled.jpg","width":2560,"height":1440},{"@type":"BreadcrumbList","@id":"https:\/\/canfali.com\/ca-es\/mostra-fotografica-per-a-commemorar-el-25-aniversari-del-grup-de-dones-cabal-a-pego\/#breadcrumb","itemListElement":[{"@type":"ListItem","position":1,"name":"Portada","item":"https:\/\/canfali.com\/ca-es\/"},{"@type":"ListItem","position":2,"name":"Mostra fotogr\u00e0fica per a commemorar el 25 aniversari del Grup de Dones Cabal a Pego"}]},{"@type":"WebSite","@id":"https:\/\/canfali.com\/ca-es\/#website","url":"https:\/\/canfali.com\/ca-es\/","name":"Canfali","description":"","publisher":{"@id":"https:\/\/canfali.com\/ca-es\/#organization"},"potentialAction":[{"@type":"SearchAction","target":{"@type":"EntryPoint","urlTemplate":"https:\/\/canfali.com\/ca-es\/?s={search_term_string}"},"query-input":{"@type":"PropertyValueSpecification","valueRequired":true,"valueName":"search_term_string"}}],"inLanguage":"va-ES"},{"@type":"Organization","@id":"https:\/\/canfali.com\/ca-es\/#organization","name":"Canfali","url":"https:\/\/canfali.com\/ca-es\/","logo":{"@type":"ImageObject","inLanguage":"va-ES","@id":"https:\/\/canfali.com\/ca-es\/#\/schema\/logo\/image\/","url":"https:\/\/canfali.com\/app\/uploads\/2025\/12\/canfali_marina_alta_logo.png","contentUrl":"https:\/\/canfali.com\/app\/uploads\/2025\/12\/canfali_marina_alta_logo.png","width":225,"height":225,"caption":"Canfali"},"image":{"@id":"https:\/\/canfali.com\/ca-es\/#\/schema\/logo\/image\/"},"sameAs":["https:\/\/es-es.facebook.com\/CANFALIMarinaAlta","https:\/\/x.com\/canfalima","https:\/\/www.instagram.com\/canfalimarinaalta\/"]},{"@type":"Person","@id":"https:\/\/canfali.com\/ca-es\/#\/schema\/person\/d834d2d4df17cac754d3c314d4c404ef","name":"JJ Mas","image":{"@type":"ImageObject","inLanguage":"va-ES","@id":"https:\/\/secure.gravatar.com\/avatar\/65a5191f5438bf88c2394f6d1a625a6ff903c8785268e603c623a83bc15ba1ee?s=96&d=mm&r=g","url":"https:\/\/secure.gravatar.com\/avatar\/65a5191f5438bf88c2394f6d1a625a6ff903c8785268e603c623a83bc15ba1ee?s=96&d=mm&r=g","contentUrl":"https:\/\/secure.gravatar.com\/avatar\/65a5191f5438bf88c2394f6d1a625a6ff903c8785268e603c623a83bc15ba1ee?s=96&d=mm&r=g","caption":"JJ Mas"},"url":"https:\/\/canfali.com\/ca-es\/author\/jj\/"}]}},"_links":{"self":[{"href":"https:\/\/canfali.com\/ca-es\/wp-json\/wp\/v2\/posts\/65006","targetHints":{"allow":["GET"]}}],"collection":[{"href":"https:\/\/canfali.com\/ca-es\/wp-json\/wp\/v2\/posts"}],"about":[{"href":"https:\/\/canfali.com\/ca-es\/wp-json\/wp\/v2\/types\/post"}],"author":[{"embeddable":true,"href":"https:\/\/canfali.com\/ca-es\/wp-json\/wp\/v2\/users\/4"}],"replies":[{"embeddable":true,"href":"https:\/\/canfali.com\/ca-es\/wp-json\/wp\/v2\/comments?post=65006"}],"version-history":[{"count":1,"href":"https:\/\/canfali.com\/ca-es\/wp-json\/wp\/v2\/posts\/65006\/revisions"}],"predecessor-version":[{"id":65009,"href":"https:\/\/canfali.com\/ca-es\/wp-json\/wp\/v2\/posts\/65006\/revisions\/65009"}],"wp:featuredmedia":[{"embeddable":true,"href":"https:\/\/canfali.com\/ca-es\/wp-json\/wp\/v2\/media\/65007"}],"wp:attachment":[{"href":"https:\/\/canfali.com\/ca-es\/wp-json\/wp\/v2\/media?parent=65006"}],"wp:term":[{"taxonomy":"category","embeddable":true,"href":"https:\/\/canfali.com\/ca-es\/wp-json\/wp\/v2\/categories?post=65006"},{"taxonomy":"post_tag","embeddable":true,"href":"https:\/\/canfali.com\/ca-es\/wp-json\/wp\/v2\/tags?post=65006"}],"curies":[{"name":"wp","href":"https:\/\/api.w.org\/{rel}","templated":true}]}}