{"id":64889,"date":"2025-05-30T14:14:26","date_gmt":"2025-05-30T12:14:26","guid":{"rendered":"https:\/\/canfali.com\/?p=64889"},"modified":"2025-05-30T14:15:38","modified_gmt":"2025-05-30T12:15:38","slug":"el-ple-dondara-adjudica-lexplotacio-del-bar-de-la-placa-de-bous","status":"publish","type":"post","link":"https:\/\/canfali.com\/ca-es\/el-ple-dondara-adjudica-lexplotacio-del-bar-de-la-placa-de-bous\/","title":{"rendered":"El ple d\u2019Ondara adjudica l\u2019explotaci\u00f3 del bar de la pla\u00e7a de bous"},"content":{"rendered":"\n<p><strong>La corporaci\u00f3 opta per la via d\u2019urg\u00e8ncia per tal de que el concessionari del servei d\u2019instal\u00b7laci\u00f3 i explotaci\u00f3 afronte a temps les festes del proper estiu<\/strong><\/p>\n\n\n\n<p>La corporaci\u00f3 municipal d\u2019Ondara ha resolt per unanimitat en l\u2019\u00faltim ple ordinari adjudicar la concessi\u00f3 del servei d\u2019instal\u00b7laci\u00f3 i explotaci\u00f3 del bar de la pla\u00e7a de bous a l\u2019empres L\u00e1pices y Fogones S. L. per un c\u00e0non anual de 18.600 euros als que hi ha que sumar l\u2019impost de valor afegit.<\/p>\n\n\n\n<p>&nbsp;&nbsp;&nbsp;&nbsp;&nbsp;&nbsp; La decisi\u00f3 ha estat presa despr\u00e8s de que al declarar deserta la licitaci\u00f3 en un primer convocat\u00f2ria en la sessi\u00f3 plen\u00e0ria del 27 de marc tinguera que tornar a convocar-se per via d\u2019urg\u00e8ncia en la del 17 d\u2019abril amb una modificaci\u00f3 a la baixa de les condicions previstes inicialment. Urg\u00e8ncia que era justificada per l\u2019alcalde amb l\u2019argument de disposar del servei a temps per a les festes del proper estiu.<\/p>\n\n\n\n<figure class=\"wp-block-image size-large\"><img fetchpriority=\"high\" decoding=\"async\" width=\"1024\" height=\"380\" src=\"https:\/\/canfali.com\/app\/uploads\/2025\/05\/concesiobous-1024x380.png\" alt=\"\" class=\"wp-image-64894\" srcset=\"https:\/\/canfali.com\/app\/uploads\/2025\/05\/concesiobous-1024x380.png 1024w, https:\/\/canfali.com\/app\/uploads\/2025\/05\/concesiobous-300x111.png 300w, https:\/\/canfali.com\/app\/uploads\/2025\/05\/concesiobous-768x285.png 768w, https:\/\/canfali.com\/app\/uploads\/2025\/05\/concesiobous-1536x570.png 1536w, https:\/\/canfali.com\/app\/uploads\/2025\/05\/concesiobous.png 1891w\" sizes=\"(max-width: 1024px) 100vw, 1024px\" \/><\/figure>\n\n\n\n<p>&nbsp;&nbsp;&nbsp;&nbsp;&nbsp;&nbsp; Segons s\u2019ha fet p\u00fablic entre les caracter\u00edstiques de l\u2019oferta presentada pel nou concessionari es troba una reducci\u00f3 del 30% del c\u00e0non anual els dos primers anys, incrementant-se en eixe mateix percentatge el cinqu\u00e8 i sis\u00e8 any de la concessi\u00f3. A m\u00e9s, es contempla la car\u00e8ncia en l\u2019abonament de les sis primeres mensualitats i que l\u2019adjudicatari del contracte assumisca la instal\u00b7laci\u00f3 de la cuina i de l\u2019equipament que es precise perqu\u00e8 el local<\/p>\n\n\n\n<p>quede completament enllestit per al seu funcionament.<\/p>\n\n\n\n<p>&nbsp;&nbsp;&nbsp;&nbsp;&nbsp;&nbsp; Tot aix\u00f2, amb vistes a la disposici\u00f3 d\u2019un equip de sis persones amb contracte fixe per part de l\u2019empresa, al que hi ha que sumar un gerent, un equip addicional amb jornada parcial i un altre de neteja per als esdeveniments que albergue l\u2019amfiteatre taur\u00ed.<\/p>\n\n\n\n<p>Pel que fa a l\u2019horari previst, les condicions establertes no inclouen l\u2019obertura dilluns ni dimarts, excepte en els casos de festius o vespres de festius, a m\u00e9s de que no es tancar\u00e0 per vacances cap m\u00e9s de l\u2019any.<\/p>\n\n\n\n<p>En la proposta destacava la intenci\u00f3 de l\u2019empresa adjudicat\u00e0ria de crear una instal\u00b7laci\u00f3 fixa de Dj per a fer \u201ctardeos\u201d en la terrassa; per\u00f2 no s\u2019ha autoritzat aquesta zona fixa; en canvi es podr\u00e0 valorar actuacions musicals puntuals, segons va indicar l\u2019alcalde, Jos\u00e9 Ramiro.<\/p>\n\n\n\n<p>Pel que fa als punts del ordre del dia, el ple de maig ha deparat el rebuig de &nbsp;un reconeixement extrajudicial de cr\u00e8dits mitjan\u00e7ant els cinc vots en contra del PP, l\u2019abstenci\u00f3 dels tres regidors de Comprom\u00eds, que han perm\u00e8s tombar la proposta donat que en el moment de la votaci\u00f3 l\u2019equip de govern socialista no m\u00e9s comptava amb tres regidors presents que han votat a favor.<\/p>\n\n\n\n<p>EN BUSCA D\u2019UNA SOLUCI\u00d3 PER A LA SOBRE-INSCRIPCI\u00d3 DE L\u2019ESCOLETA<\/p>\n\n\n\n<p>La sessi\u00f3 ha estat aprofitada per la regidora d\u2019Educaci\u00f3, Rosa Ana Mar\u00ed, per a informar que una vegada tancat el termini de preinscripci\u00f3 en l\u2019Escolta Infantil Municipal, vint xiquets s\u2019han quedat sense pla\u00e7a per al pr\u00f2xim curs 2025-26, i que des del seu departament s\u2019est\u00e0 treballant per donar soluci\u00f3. Aspecte que ha estat corroborat per l\u2019alcalde, Jos\u00e9 Ramiro, per a afirmar que el cens dels darrers anys no s\u2019ha alterat i ha sigut una sorpresa que hi haja hagut tantes inscripcions i que s\u2019hagen quedat en llista d\u2019espera.<\/p>\n\n\n\n<p>\u201cCompartim la preocupaci\u00f3 de les fam\u00edlies i estem buscant la f\u00f3rmula perqu\u00e8 la Conselleria d\u2019Educaci\u00f3, que \u00e9s qui t\u00e9 la compet\u00e8ncia, done una soluci\u00f3\u201d han afirmat davant d\u2019alguns representants de les fam\u00edlies afectades assistents al ple, que han van proposar posar un \u201cbarrac\u00f3\u201d, encara que des de l\u2019Ajuntament s\u2019ha objectat que no compliria la normativa el que ha fet plantejar-se com a opci\u00f3 que l\u2019edat 2-3 anys es trasllade al col\u00b7legi Marjals.<\/p>\n\n\n\n<p>\u201cEstem treballant i aquest divendres 30 de maig es far\u00e0 Consell Escolar Municipal d\u2019urg\u00e8ncia per exigir a Conselleria que autoritze possibles solucions; que podrien passar per fer una modificaci\u00f3 en l\u2019arranjament de les aules; per\u00f2 per aix\u00f2 cal tindre l\u2019autoritzaci\u00f3 de Conselleria\u201d ha apuntat Mar\u00ed per a donar compte d\u2019alternatives com una aula mixta d\u20191-3 anys per optimitzar les aules disponibles al centre. Soluci\u00f3 que, de resultar finalment&nbsp; autoritzada, es presenta com a la mesura m\u00e9s r\u00e0pida i efectiva que es pot prendre ara.<\/p>\n","protected":false},"excerpt":{"rendered":"La corporaci\u00f3 opta per la via d\u2019urg\u00e8ncia per tal de que el concessionari del servei d\u2019instal\u00b7laci\u00f3 i explotaci\u00f3&hellip;","protected":false},"author":4,"featured_media":64890,"comment_status":"closed","ping_status":"closed","sticky":false,"template":"","format":"standard","meta":{"csco_display_header_overlay":false,"csco_singular_sidebar":"","csco_page_header_type":"","csco_page_load_nextpost":"","csco_post_video_location":[],"csco_post_video_location_hash":"","csco_post_video_url":"","csco_post_video_bg_start_time":0,"csco_post_video_bg_end_time":0,"footnotes":""},"categories":[574],"tags":[2497,922,2498,661,2499],"class_list":{"0":"post-64889","1":"post","2":"type-post","3":"status-publish","4":"format-standard","5":"has-post-thumbnail","7":"category-sociedad-2","8":"tag-adjudicacio","9":"tag-bar","10":"tag-concessio","11":"tag-ondara-2","12":"tag-placa-bous","13":"cs-entry","14":"cs-video-wrap"},"yoast_head":"<!-- This site is optimized with the Yoast SEO Premium plugin v26.6 (Yoast SEO v27.3) - https:\/\/yoast.com\/product\/yoast-seo-premium-wordpress\/ -->\n<title>El ple d\u2019Ondara adjudica l\u2019explotaci\u00f3 del bar de la pla\u00e7a de bous - Canfali<\/title>\n<meta name=\"robots\" content=\"index, follow, max-snippet:-1, max-image-preview:large, max-video-preview:-1\" \/>\n<link rel=\"canonical\" href=\"https:\/\/canfali.com\/ca-es\/el-ple-dondara-adjudica-lexplotacio-del-bar-de-la-placa-de-bous\/\" \/>\n<meta property=\"og:locale\" content=\"en_US\" \/>\n<meta property=\"og:type\" content=\"article\" \/>\n<meta property=\"og:title\" content=\"El ple d\u2019Ondara adjudica l\u2019explotaci\u00f3 del bar de la pla\u00e7a de bous\" \/>\n<meta property=\"og:description\" content=\"La corporaci\u00f3 opta per la via d\u2019urg\u00e8ncia per tal de que el concessionari del servei d\u2019instal\u00b7laci\u00f3 i explotaci\u00f3&hellip;\" \/>\n<meta property=\"og:url\" content=\"https:\/\/canfali.com\/ca-es\/el-ple-dondara-adjudica-lexplotacio-del-bar-de-la-placa-de-bous\/\" \/>\n<meta property=\"og:site_name\" content=\"Canfali\" \/>\n<meta property=\"article:publisher\" content=\"https:\/\/es-es.facebook.com\/CANFALIMarinaAlta\" \/>\n<meta property=\"article:published_time\" content=\"2025-05-30T12:14:26+00:00\" \/>\n<meta property=\"article:modified_time\" content=\"2025-05-30T12:15:38+00:00\" \/>\n<meta property=\"og:image\" content=\"https:\/\/canfali.com\/app\/uploads\/2025\/05\/bar-pla-bous-13-1.jpeg\" \/>\n\t<meta property=\"og:image:width\" content=\"1296\" \/>\n\t<meta property=\"og:image:height\" content=\"631\" \/>\n\t<meta property=\"og:image:type\" content=\"image\/jpeg\" \/>\n<meta name=\"author\" content=\"JJ Mas\" \/>\n<meta name=\"twitter:card\" content=\"summary_large_image\" \/>\n<meta name=\"twitter:creator\" content=\"@canfalima\" \/>\n<meta name=\"twitter:site\" content=\"@canfalima\" \/>\n<meta name=\"twitter:label1\" content=\"Written by\" \/>\n\t<meta name=\"twitter:data1\" content=\"JJ Mas\" \/>\n\t<meta name=\"twitter:label2\" content=\"Est. reading time\" \/>\n\t<meta name=\"twitter:data2\" content=\"4 minutes\" \/>\n<script type=\"application\/ld+json\" class=\"yoast-schema-graph\">{\"@context\":\"https:\\\/\\\/schema.org\",\"@graph\":[{\"@type\":\"NewsArticle\",\"@id\":\"https:\\\/\\\/canfali.com\\\/ca-es\\\/el-ple-dondara-adjudica-lexplotacio-del-bar-de-la-placa-de-bous\\\/#article\",\"isPartOf\":{\"@id\":\"https:\\\/\\\/canfali.com\\\/ca-es\\\/el-ple-dondara-adjudica-lexplotacio-del-bar-de-la-placa-de-bous\\\/\"},\"author\":{\"name\":\"JJ Mas\",\"@id\":\"https:\\\/\\\/canfali.com\\\/ca-es\\\/#\\\/schema\\\/person\\\/d834d2d4df17cac754d3c314d4c404ef\"},\"headline\":\"El ple d\u2019Ondara adjudica l\u2019explotaci\u00f3 del bar de la pla\u00e7a de bous\",\"datePublished\":\"2025-05-30T12:14:26+00:00\",\"dateModified\":\"2025-05-30T12:15:38+00:00\",\"mainEntityOfPage\":{\"@id\":\"https:\\\/\\\/canfali.com\\\/ca-es\\\/el-ple-dondara-adjudica-lexplotacio-del-bar-de-la-placa-de-bous\\\/\"},\"wordCount\":787,\"publisher\":{\"@id\":\"https:\\\/\\\/canfali.com\\\/ca-es\\\/#organization\"},\"image\":{\"@id\":\"https:\\\/\\\/canfali.com\\\/ca-es\\\/el-ple-dondara-adjudica-lexplotacio-del-bar-de-la-placa-de-bous\\\/#primaryimage\"},\"thumbnailUrl\":\"https:\\\/\\\/canfali.com\\\/app\\\/uploads\\\/2025\\\/05\\\/bar-pla-bous-13-1.jpeg\",\"keywords\":[\"adjudicaci\u00f3\",\"bar\",\"concessi\u00f3\",\"Ondara\",\"pla\u00e7a bous\"],\"articleSection\":[\"Sociedad\"],\"inLanguage\":\"va-ES\",\"copyrightYear\":\"2025\",\"copyrightHolder\":{\"@id\":\"https:\\\/\\\/canfali.com\\\/#organization\"}},{\"@type\":\"WebPage\",\"@id\":\"https:\\\/\\\/canfali.com\\\/ca-es\\\/el-ple-dondara-adjudica-lexplotacio-del-bar-de-la-placa-de-bous\\\/\",\"url\":\"https:\\\/\\\/canfali.com\\\/ca-es\\\/el-ple-dondara-adjudica-lexplotacio-del-bar-de-la-placa-de-bous\\\/\",\"name\":\"El ple d\u2019Ondara adjudica l\u2019explotaci\u00f3 del bar de la pla\u00e7a de bous - Canfali\",\"isPartOf\":{\"@id\":\"https:\\\/\\\/canfali.com\\\/ca-es\\\/#website\"},\"primaryImageOfPage\":{\"@id\":\"https:\\\/\\\/canfali.com\\\/ca-es\\\/el-ple-dondara-adjudica-lexplotacio-del-bar-de-la-placa-de-bous\\\/#primaryimage\"},\"image\":{\"@id\":\"https:\\\/\\\/canfali.com\\\/ca-es\\\/el-ple-dondara-adjudica-lexplotacio-del-bar-de-la-placa-de-bous\\\/#primaryimage\"},\"thumbnailUrl\":\"https:\\\/\\\/canfali.com\\\/app\\\/uploads\\\/2025\\\/05\\\/bar-pla-bous-13-1.jpeg\",\"datePublished\":\"2025-05-30T12:14:26+00:00\",\"dateModified\":\"2025-05-30T12:15:38+00:00\",\"breadcrumb\":{\"@id\":\"https:\\\/\\\/canfali.com\\\/ca-es\\\/el-ple-dondara-adjudica-lexplotacio-del-bar-de-la-placa-de-bous\\\/#breadcrumb\"},\"inLanguage\":\"va-ES\",\"potentialAction\":[{\"@type\":\"ReadAction\",\"target\":[\"https:\\\/\\\/canfali.com\\\/ca-es\\\/el-ple-dondara-adjudica-lexplotacio-del-bar-de-la-placa-de-bous\\\/\"]}]},{\"@type\":\"ImageObject\",\"inLanguage\":\"va-ES\",\"@id\":\"https:\\\/\\\/canfali.com\\\/ca-es\\\/el-ple-dondara-adjudica-lexplotacio-del-bar-de-la-placa-de-bous\\\/#primaryimage\",\"url\":\"https:\\\/\\\/canfali.com\\\/app\\\/uploads\\\/2025\\\/05\\\/bar-pla-bous-13-1.jpeg\",\"contentUrl\":\"https:\\\/\\\/canfali.com\\\/app\\\/uploads\\\/2025\\\/05\\\/bar-pla-bous-13-1.jpeg\",\"width\":1296,\"height\":631},{\"@type\":\"BreadcrumbList\",\"@id\":\"https:\\\/\\\/canfali.com\\\/ca-es\\\/el-ple-dondara-adjudica-lexplotacio-del-bar-de-la-placa-de-bous\\\/#breadcrumb\",\"itemListElement\":[{\"@type\":\"ListItem\",\"position\":1,\"name\":\"Portada\",\"item\":\"https:\\\/\\\/canfali.com\\\/ca-es\\\/\"},{\"@type\":\"ListItem\",\"position\":2,\"name\":\"El ple d\u2019Ondara adjudica l\u2019explotaci\u00f3 del bar de la pla\u00e7a de bous\"}]},{\"@type\":\"WebSite\",\"@id\":\"https:\\\/\\\/canfali.com\\\/ca-es\\\/#website\",\"url\":\"https:\\\/\\\/canfali.com\\\/ca-es\\\/\",\"name\":\"Canfali\",\"description\":\"\",\"publisher\":{\"@id\":\"https:\\\/\\\/canfali.com\\\/ca-es\\\/#organization\"},\"potentialAction\":[{\"@type\":\"SearchAction\",\"target\":{\"@type\":\"EntryPoint\",\"urlTemplate\":\"https:\\\/\\\/canfali.com\\\/ca-es\\\/?s={search_term_string}\"},\"query-input\":{\"@type\":\"PropertyValueSpecification\",\"valueRequired\":true,\"valueName\":\"search_term_string\"}}],\"inLanguage\":\"va-ES\"},{\"@type\":\"Organization\",\"@id\":\"https:\\\/\\\/canfali.com\\\/ca-es\\\/#organization\",\"name\":\"Canfali\",\"url\":\"https:\\\/\\\/canfali.com\\\/ca-es\\\/\",\"logo\":{\"@type\":\"ImageObject\",\"inLanguage\":\"va-ES\",\"@id\":\"https:\\\/\\\/canfali.com\\\/ca-es\\\/#\\\/schema\\\/logo\\\/image\\\/\",\"url\":\"https:\\\/\\\/canfali.com\\\/app\\\/uploads\\\/2025\\\/12\\\/canfali_marina_alta_logo.png\",\"contentUrl\":\"https:\\\/\\\/canfali.com\\\/app\\\/uploads\\\/2025\\\/12\\\/canfali_marina_alta_logo.png\",\"width\":225,\"height\":225,\"caption\":\"Canfali\"},\"image\":{\"@id\":\"https:\\\/\\\/canfali.com\\\/ca-es\\\/#\\\/schema\\\/logo\\\/image\\\/\"},\"sameAs\":[\"https:\\\/\\\/es-es.facebook.com\\\/CANFALIMarinaAlta\",\"https:\\\/\\\/x.com\\\/canfalima\",\"https:\\\/\\\/www.instagram.com\\\/canfalimarinaalta\\\/\"]},{\"@type\":\"Person\",\"@id\":\"https:\\\/\\\/canfali.com\\\/ca-es\\\/#\\\/schema\\\/person\\\/d834d2d4df17cac754d3c314d4c404ef\",\"name\":\"JJ Mas\",\"image\":{\"@type\":\"ImageObject\",\"inLanguage\":\"va-ES\",\"@id\":\"https:\\\/\\\/secure.gravatar.com\\\/avatar\\\/65a5191f5438bf88c2394f6d1a625a6ff903c8785268e603c623a83bc15ba1ee?s=96&d=mm&r=g\",\"url\":\"https:\\\/\\\/secure.gravatar.com\\\/avatar\\\/65a5191f5438bf88c2394f6d1a625a6ff903c8785268e603c623a83bc15ba1ee?s=96&d=mm&r=g\",\"contentUrl\":\"https:\\\/\\\/secure.gravatar.com\\\/avatar\\\/65a5191f5438bf88c2394f6d1a625a6ff903c8785268e603c623a83bc15ba1ee?s=96&d=mm&r=g\",\"caption\":\"JJ Mas\"},\"url\":\"https:\\\/\\\/canfali.com\\\/ca-es\\\/author\\\/jj\\\/\"}]}<\/script>\n<!-- \/ Yoast SEO Premium plugin. -->","yoast_head_json":{"title":"El ple d\u2019Ondara adjudica l\u2019explotaci\u00f3 del bar de la pla\u00e7a de bous - Canfali","robots":{"index":"index","follow":"follow","max-snippet":"max-snippet:-1","max-image-preview":"max-image-preview:large","max-video-preview":"max-video-preview:-1"},"canonical":"https:\/\/canfali.com\/ca-es\/el-ple-dondara-adjudica-lexplotacio-del-bar-de-la-placa-de-bous\/","og_locale":"en_US","og_type":"article","og_title":"El ple d\u2019Ondara adjudica l\u2019explotaci\u00f3 del bar de la pla\u00e7a de bous","og_description":"La corporaci\u00f3 opta per la via d\u2019urg\u00e8ncia per tal de que el concessionari del servei d\u2019instal\u00b7laci\u00f3 i explotaci\u00f3&hellip;","og_url":"https:\/\/canfali.com\/ca-es\/el-ple-dondara-adjudica-lexplotacio-del-bar-de-la-placa-de-bous\/","og_site_name":"Canfali","article_publisher":"https:\/\/es-es.facebook.com\/CANFALIMarinaAlta","article_published_time":"2025-05-30T12:14:26+00:00","article_modified_time":"2025-05-30T12:15:38+00:00","og_image":[{"width":1296,"height":631,"url":"https:\/\/canfali.com\/app\/uploads\/2025\/05\/bar-pla-bous-13-1.jpeg","type":"image\/jpeg"}],"author":"JJ Mas","twitter_card":"summary_large_image","twitter_creator":"@canfalima","twitter_site":"@canfalima","twitter_misc":{"Written by":"JJ Mas","Est. reading time":"4 minutes"},"schema":{"@context":"https:\/\/schema.org","@graph":[{"@type":"NewsArticle","@id":"https:\/\/canfali.com\/ca-es\/el-ple-dondara-adjudica-lexplotacio-del-bar-de-la-placa-de-bous\/#article","isPartOf":{"@id":"https:\/\/canfali.com\/ca-es\/el-ple-dondara-adjudica-lexplotacio-del-bar-de-la-placa-de-bous\/"},"author":{"name":"JJ Mas","@id":"https:\/\/canfali.com\/ca-es\/#\/schema\/person\/d834d2d4df17cac754d3c314d4c404ef"},"headline":"El ple d\u2019Ondara adjudica l\u2019explotaci\u00f3 del bar de la pla\u00e7a de bous","datePublished":"2025-05-30T12:14:26+00:00","dateModified":"2025-05-30T12:15:38+00:00","mainEntityOfPage":{"@id":"https:\/\/canfali.com\/ca-es\/el-ple-dondara-adjudica-lexplotacio-del-bar-de-la-placa-de-bous\/"},"wordCount":787,"publisher":{"@id":"https:\/\/canfali.com\/ca-es\/#organization"},"image":{"@id":"https:\/\/canfali.com\/ca-es\/el-ple-dondara-adjudica-lexplotacio-del-bar-de-la-placa-de-bous\/#primaryimage"},"thumbnailUrl":"https:\/\/canfali.com\/app\/uploads\/2025\/05\/bar-pla-bous-13-1.jpeg","keywords":["adjudicaci\u00f3","bar","concessi\u00f3","Ondara","pla\u00e7a bous"],"articleSection":["Sociedad"],"inLanguage":"va-ES","copyrightYear":"2025","copyrightHolder":{"@id":"https:\/\/canfali.com\/#organization"}},{"@type":"WebPage","@id":"https:\/\/canfali.com\/ca-es\/el-ple-dondara-adjudica-lexplotacio-del-bar-de-la-placa-de-bous\/","url":"https:\/\/canfali.com\/ca-es\/el-ple-dondara-adjudica-lexplotacio-del-bar-de-la-placa-de-bous\/","name":"El ple d\u2019Ondara adjudica l\u2019explotaci\u00f3 del bar de la pla\u00e7a de bous - Canfali","isPartOf":{"@id":"https:\/\/canfali.com\/ca-es\/#website"},"primaryImageOfPage":{"@id":"https:\/\/canfali.com\/ca-es\/el-ple-dondara-adjudica-lexplotacio-del-bar-de-la-placa-de-bous\/#primaryimage"},"image":{"@id":"https:\/\/canfali.com\/ca-es\/el-ple-dondara-adjudica-lexplotacio-del-bar-de-la-placa-de-bous\/#primaryimage"},"thumbnailUrl":"https:\/\/canfali.com\/app\/uploads\/2025\/05\/bar-pla-bous-13-1.jpeg","datePublished":"2025-05-30T12:14:26+00:00","dateModified":"2025-05-30T12:15:38+00:00","breadcrumb":{"@id":"https:\/\/canfali.com\/ca-es\/el-ple-dondara-adjudica-lexplotacio-del-bar-de-la-placa-de-bous\/#breadcrumb"},"inLanguage":"va-ES","potentialAction":[{"@type":"ReadAction","target":["https:\/\/canfali.com\/ca-es\/el-ple-dondara-adjudica-lexplotacio-del-bar-de-la-placa-de-bous\/"]}]},{"@type":"ImageObject","inLanguage":"va-ES","@id":"https:\/\/canfali.com\/ca-es\/el-ple-dondara-adjudica-lexplotacio-del-bar-de-la-placa-de-bous\/#primaryimage","url":"https:\/\/canfali.com\/app\/uploads\/2025\/05\/bar-pla-bous-13-1.jpeg","contentUrl":"https:\/\/canfali.com\/app\/uploads\/2025\/05\/bar-pla-bous-13-1.jpeg","width":1296,"height":631},{"@type":"BreadcrumbList","@id":"https:\/\/canfali.com\/ca-es\/el-ple-dondara-adjudica-lexplotacio-del-bar-de-la-placa-de-bous\/#breadcrumb","itemListElement":[{"@type":"ListItem","position":1,"name":"Portada","item":"https:\/\/canfali.com\/ca-es\/"},{"@type":"ListItem","position":2,"name":"El ple d\u2019Ondara adjudica l\u2019explotaci\u00f3 del bar de la pla\u00e7a de bous"}]},{"@type":"WebSite","@id":"https:\/\/canfali.com\/ca-es\/#website","url":"https:\/\/canfali.com\/ca-es\/","name":"Canfali","description":"","publisher":{"@id":"https:\/\/canfali.com\/ca-es\/#organization"},"potentialAction":[{"@type":"SearchAction","target":{"@type":"EntryPoint","urlTemplate":"https:\/\/canfali.com\/ca-es\/?s={search_term_string}"},"query-input":{"@type":"PropertyValueSpecification","valueRequired":true,"valueName":"search_term_string"}}],"inLanguage":"va-ES"},{"@type":"Organization","@id":"https:\/\/canfali.com\/ca-es\/#organization","name":"Canfali","url":"https:\/\/canfali.com\/ca-es\/","logo":{"@type":"ImageObject","inLanguage":"va-ES","@id":"https:\/\/canfali.com\/ca-es\/#\/schema\/logo\/image\/","url":"https:\/\/canfali.com\/app\/uploads\/2025\/12\/canfali_marina_alta_logo.png","contentUrl":"https:\/\/canfali.com\/app\/uploads\/2025\/12\/canfali_marina_alta_logo.png","width":225,"height":225,"caption":"Canfali"},"image":{"@id":"https:\/\/canfali.com\/ca-es\/#\/schema\/logo\/image\/"},"sameAs":["https:\/\/es-es.facebook.com\/CANFALIMarinaAlta","https:\/\/x.com\/canfalima","https:\/\/www.instagram.com\/canfalimarinaalta\/"]},{"@type":"Person","@id":"https:\/\/canfali.com\/ca-es\/#\/schema\/person\/d834d2d4df17cac754d3c314d4c404ef","name":"JJ Mas","image":{"@type":"ImageObject","inLanguage":"va-ES","@id":"https:\/\/secure.gravatar.com\/avatar\/65a5191f5438bf88c2394f6d1a625a6ff903c8785268e603c623a83bc15ba1ee?s=96&d=mm&r=g","url":"https:\/\/secure.gravatar.com\/avatar\/65a5191f5438bf88c2394f6d1a625a6ff903c8785268e603c623a83bc15ba1ee?s=96&d=mm&r=g","contentUrl":"https:\/\/secure.gravatar.com\/avatar\/65a5191f5438bf88c2394f6d1a625a6ff903c8785268e603c623a83bc15ba1ee?s=96&d=mm&r=g","caption":"JJ Mas"},"url":"https:\/\/canfali.com\/ca-es\/author\/jj\/"}]}},"_links":{"self":[{"href":"https:\/\/canfali.com\/ca-es\/wp-json\/wp\/v2\/posts\/64889","targetHints":{"allow":["GET"]}}],"collection":[{"href":"https:\/\/canfali.com\/ca-es\/wp-json\/wp\/v2\/posts"}],"about":[{"href":"https:\/\/canfali.com\/ca-es\/wp-json\/wp\/v2\/types\/post"}],"author":[{"embeddable":true,"href":"https:\/\/canfali.com\/ca-es\/wp-json\/wp\/v2\/users\/4"}],"replies":[{"embeddable":true,"href":"https:\/\/canfali.com\/ca-es\/wp-json\/wp\/v2\/comments?post=64889"}],"version-history":[{"count":1,"href":"https:\/\/canfali.com\/ca-es\/wp-json\/wp\/v2\/posts\/64889\/revisions"}],"predecessor-version":[{"id":64896,"href":"https:\/\/canfali.com\/ca-es\/wp-json\/wp\/v2\/posts\/64889\/revisions\/64896"}],"wp:featuredmedia":[{"embeddable":true,"href":"https:\/\/canfali.com\/ca-es\/wp-json\/wp\/v2\/media\/64890"}],"wp:attachment":[{"href":"https:\/\/canfali.com\/ca-es\/wp-json\/wp\/v2\/media?parent=64889"}],"wp:term":[{"taxonomy":"category","embeddable":true,"href":"https:\/\/canfali.com\/ca-es\/wp-json\/wp\/v2\/categories?post=64889"},{"taxonomy":"post_tag","embeddable":true,"href":"https:\/\/canfali.com\/ca-es\/wp-json\/wp\/v2\/tags?post=64889"}],"curies":[{"name":"wp","href":"https:\/\/api.w.org\/{rel}","templated":true}]}}