{"id":64887,"date":"2025-05-30T13:53:45","date_gmt":"2025-05-30T11:53:45","guid":{"rendered":"https:\/\/canfali.com\/lalumnat-de-la-universitat-dalacant-presenta-els-treballs-dinvestigacio-sobre-gastronomia\/"},"modified":"2025-05-30T16:21:20","modified_gmt":"2025-05-30T14:21:20","slug":"lalumnat-de-la-universitat-dalacant-presenta-els-treballs-dinvestigacio-sobre-gastronomia","status":"publish","type":"post","link":"https:\/\/canfali.com\/ca-es\/lalumnat-de-la-universitat-dalacant-presenta-els-treballs-dinvestigacio-sobre-gastronomia\/","title":{"rendered":"Treballs d\u2019investigaci\u00f3 sobre gastronomia en la UA"},"content":{"rendered":"\n<p><\/p>\n\n<p>L\u2019alumnat de 3r del grau de Gastronomia i Arts Culin\u00e0ries de la Universitat d&#8217;Alacant ha presentat a D\u00e9nia els treballs d&#8217;investigaci\u00f3 de final de curs. Han sigut onze projectes que aborden la gastronomia des de perspectives molt diverses, com la neurodiverg\u00e8ncia, el patrimoni, la nutrici\u00f3, la comunicaci\u00f3 o les migracions i la identitat cultural.<\/p>\n\n<figure class=\"wp-block-image size-large\"><img fetchpriority=\"high\" decoding=\"async\" width=\"1024\" height=\"683\" src=\"https:\/\/canfali.com\/app\/uploads\/2025\/05\/20250529_Gourmeet_Gasterra_10-1024x683.jpg\" alt=\"\" class=\"wp-image-64862\" srcset=\"https:\/\/canfali.com\/app\/uploads\/2025\/05\/20250529_Gourmeet_Gasterra_10-1024x683.jpg 1024w, https:\/\/canfali.com\/app\/uploads\/2025\/05\/20250529_Gourmeet_Gasterra_10-300x200.jpg 300w, https:\/\/canfali.com\/app\/uploads\/2025\/05\/20250529_Gourmeet_Gasterra_10-768x512.jpg 768w, https:\/\/canfali.com\/app\/uploads\/2025\/05\/20250529_Gourmeet_Gasterra_10-1536x1024.jpg 1536w, https:\/\/canfali.com\/app\/uploads\/2025\/05\/20250529_Gourmeet_Gasterra_10-2048x1365.jpg 2048w, https:\/\/canfali.com\/app\/uploads\/2025\/05\/20250529_Gourmeet_Gasterra_10-scaled.jpg 2560w\" sizes=\"(max-width: 1024px) 100vw, 1024px\" \/><\/figure>\n\n<p>Els treballs es van exhibir en format de p\u00f2sters informatius i van ser explicats al p\u00fablic per l&#8217;alumnat responsable de cadascun. Els t\u00edtols dels projectes presentats s\u00f3n els seg\u00fcents: <em>Estudi comparatiu exploratori dels aspectes nutricionals de la gastronomia de l&#8217;ahir i del hui<\/em>, per Ana Miralles, Luc\u00eda Corrals i Carla G\u00f3mez; <em>Migracions contempor\u00e0nies i identitat cultural gastron\u00f2mica<\/em>, per Isabo Salazar, David Mic\u00f3, Fiorella Perrone i Camilo Franco; <em>Fusi\u00f3 gastron\u00f2mica i art culin\u00e0ria inclusiva: tend\u00e8ncies i objectius<\/em>, per Pau Bernab\u00e9, Laura Aznar i Esperanza Ballesteros; <em>Innovaci\u00f3 i l&#8217;excel\u00b7l\u00e8ncia en alta cuina: llums i ombres de la gastronomia<\/em>, per Dar\u00edo Villaverde, Manuel S\u00e1nchez i Jorge Mar\u00ed; <em>La neurodiverg\u00e8ncia, un repte per a la gastronomia?<\/em>, per Andrea S\u00e1nchez, Tania Valero, Daniel Calbet, Samuel Santana i Lluna Gonz\u00e1lez; <em>Gastronomia i patrimoni<\/em>, per Diana Ayquipa, Rafael Anaya, Daniel Chen i Silvia Tar\u00ed; <em>El valor de la gastronomia: ci\u00e8ncia, cultura i tecnologia<\/em>, per Lucila Fasanello, Ksenia Yugas, Sara Cuarta i Marta Tom\u00e1s; <em>Ci\u00e8ncia darrere del forn i la rebosteria: import\u00e0ncia de les proporcions i els processos<\/em>, per Marta Clement i Luc\u00eda Gil; <em>Funci\u00f3 emocional de la gastronomia: descripci\u00f3 i possibilitats en el cas de l&#8217;Alzheimer<\/em>, per Valeria Vi\u00fadez, Luc\u00eda G\u00f3mez, Sandra Hern\u00e1ndez, Alexandra \u00c1lamo i V\u00edctor Costa; <em>Evoluci\u00f3 de la comunicaci\u00f3 en l&#8217;\u00e0mbit de la gastronomia: de la publicitat tradicional a les XXSS i els influencers<\/em>, per Ana Ballesta, Mar\u00eda Brandolini i Carmen Garc\u00eda; y <em>El valor de la transmissi\u00f3 de la gastronomia local<\/em>, per Paula Carrasco, Pau Sirera, Jaume Tortosa i Blanca Gallego.<\/p>\n\n<figure class=\"wp-block-image size-large\"><img decoding=\"async\" width=\"1024\" height=\"683\" src=\"https:\/\/canfali.com\/app\/uploads\/2025\/05\/20250529_Gourmeet_Gasterra_12-1024x683.jpg\" alt=\"\" class=\"wp-image-64864\" srcset=\"https:\/\/canfali.com\/app\/uploads\/2025\/05\/20250529_Gourmeet_Gasterra_12-1024x683.jpg 1024w, https:\/\/canfali.com\/app\/uploads\/2025\/05\/20250529_Gourmeet_Gasterra_12-300x200.jpg 300w, https:\/\/canfali.com\/app\/uploads\/2025\/05\/20250529_Gourmeet_Gasterra_12-768x512.jpg 768w, https:\/\/canfali.com\/app\/uploads\/2025\/05\/20250529_Gourmeet_Gasterra_12-1536x1024.jpg 1536w, https:\/\/canfali.com\/app\/uploads\/2025\/05\/20250529_Gourmeet_Gasterra_12-2048x1365.jpg 2048w, https:\/\/canfali.com\/app\/uploads\/2025\/05\/20250529_Gourmeet_Gasterra_12-scaled.jpg 2560w\" sizes=\"(max-width: 1024px) 100vw, 1024px\" \/><\/figure>\n\n<figure class=\"wp-block-image size-large\"><img decoding=\"async\" width=\"1024\" height=\"683\" src=\"https:\/\/canfali.com\/app\/uploads\/2025\/05\/20250529_Gourmeet_Gasterra_13-1024x683.jpg\" alt=\"\" class=\"wp-image-64866\" srcset=\"https:\/\/canfali.com\/app\/uploads\/2025\/05\/20250529_Gourmeet_Gasterra_13-1024x683.jpg 1024w, https:\/\/canfali.com\/app\/uploads\/2025\/05\/20250529_Gourmeet_Gasterra_13-300x200.jpg 300w, https:\/\/canfali.com\/app\/uploads\/2025\/05\/20250529_Gourmeet_Gasterra_13-768x512.jpg 768w, https:\/\/canfali.com\/app\/uploads\/2025\/05\/20250529_Gourmeet_Gasterra_13-1536x1024.jpg 1536w, https:\/\/canfali.com\/app\/uploads\/2025\/05\/20250529_Gourmeet_Gasterra_13-2048x1365.jpg 2048w, https:\/\/canfali.com\/app\/uploads\/2025\/05\/20250529_Gourmeet_Gasterra_13-scaled.jpg 2560w\" sizes=\"(max-width: 1024px) 100vw, 1024px\" \/><\/figure>\n\n<p>L&#8217;acte de presentaci\u00f3 dels treballs va estar organitzat per l&#8217;alumnat de l&#8217;assignatura de &#8216;Protocol i gesti\u00f3 d&#8217;esdeveniments en gastronomia&#8217;, que impartix la professora Rosa Torres, en col\u00b7laboraci\u00f3 amb GasterraUA- D\u00e9nia, la Facultat de Ci\u00e8ncies i l&#8217;Ajuntament de D\u00e9nia. L&#8217;alumnat de Protocol va apostar per fer un acte sostenible, que inclo\u00efa un programa de m\u00e0 elaborat amb paper plantable (tipus de paper ecol\u00f2gic i biodegradable que cont\u00e9 llavors en la composici\u00f3 que germinaran en plantar el paper despr\u00e9s d&#8217;usar-lo) o el c\u00e0tering responsable que es va servir als assistents.<\/p>\n\n<figure class=\"wp-block-image size-large\"><img loading=\"lazy\" decoding=\"async\" width=\"1024\" height=\"683\" src=\"https:\/\/canfali.com\/app\/uploads\/2025\/05\/20250529_Gourmeet_Gasterra_14-1024x683.jpg\" alt=\"\" class=\"wp-image-64868\" srcset=\"https:\/\/canfali.com\/app\/uploads\/2025\/05\/20250529_Gourmeet_Gasterra_14-1024x683.jpg 1024w, https:\/\/canfali.com\/app\/uploads\/2025\/05\/20250529_Gourmeet_Gasterra_14-300x200.jpg 300w, https:\/\/canfali.com\/app\/uploads\/2025\/05\/20250529_Gourmeet_Gasterra_14-768x512.jpg 768w, https:\/\/canfali.com\/app\/uploads\/2025\/05\/20250529_Gourmeet_Gasterra_14-1536x1024.jpg 1536w, https:\/\/canfali.com\/app\/uploads\/2025\/05\/20250529_Gourmeet_Gasterra_14-2048x1365.jpg 2048w, https:\/\/canfali.com\/app\/uploads\/2025\/05\/20250529_Gourmeet_Gasterra_14-scaled.jpg 2560w\" sizes=\"(max-width: 1024px) 100vw, 1024px\" \/><\/figure>\n\n<figure class=\"wp-block-gallery has-nested-images columns-default is-cropped wp-block-gallery-15 is-layout-flex wp-block-gallery-is-layout-flex\">\n<figure class=\"wp-block-image size-large\"><img loading=\"lazy\" decoding=\"async\" width=\"1024\" height=\"683\" data-id=\"64870\" src=\"https:\/\/canfali.com\/app\/uploads\/2025\/05\/20250529_Gourmeet_Gasterra_15-1024x683.jpg\" alt=\"\" class=\"wp-image-64870\" srcset=\"https:\/\/canfali.com\/app\/uploads\/2025\/05\/20250529_Gourmeet_Gasterra_15-1024x683.jpg 1024w, https:\/\/canfali.com\/app\/uploads\/2025\/05\/20250529_Gourmeet_Gasterra_15-300x200.jpg 300w, https:\/\/canfali.com\/app\/uploads\/2025\/05\/20250529_Gourmeet_Gasterra_15-768x512.jpg 768w, https:\/\/canfali.com\/app\/uploads\/2025\/05\/20250529_Gourmeet_Gasterra_15-1536x1024.jpg 1536w, https:\/\/canfali.com\/app\/uploads\/2025\/05\/20250529_Gourmeet_Gasterra_15-2048x1365.jpg 2048w, https:\/\/canfali.com\/app\/uploads\/2025\/05\/20250529_Gourmeet_Gasterra_15-scaled.jpg 2560w\" sizes=\"(max-width: 1024px) 100vw, 1024px\" \/><\/figure>\n<\/figure>\n\n<figure class=\"wp-block-gallery has-nested-images columns-default is-cropped wp-block-gallery-16 is-layout-flex wp-block-gallery-is-layout-flex\">\n<figure class=\"wp-block-image size-large\"><img loading=\"lazy\" decoding=\"async\" width=\"1024\" height=\"683\" data-id=\"64876\" src=\"https:\/\/canfali.com\/app\/uploads\/2025\/05\/20250529_Gourmeet_Gasterra_18-1024x683.jpg\" alt=\"\" class=\"wp-image-64876\" srcset=\"https:\/\/canfali.com\/app\/uploads\/2025\/05\/20250529_Gourmeet_Gasterra_18-1024x683.jpg 1024w, https:\/\/canfali.com\/app\/uploads\/2025\/05\/20250529_Gourmeet_Gasterra_18-300x200.jpg 300w, https:\/\/canfali.com\/app\/uploads\/2025\/05\/20250529_Gourmeet_Gasterra_18-768x512.jpg 768w, https:\/\/canfali.com\/app\/uploads\/2025\/05\/20250529_Gourmeet_Gasterra_18-1536x1024.jpg 1536w, https:\/\/canfali.com\/app\/uploads\/2025\/05\/20250529_Gourmeet_Gasterra_18-2048x1365.jpg 2048w, https:\/\/canfali.com\/app\/uploads\/2025\/05\/20250529_Gourmeet_Gasterra_18-scaled.jpg 2560w\" sizes=\"(max-width: 1024px) 100vw, 1024px\" \/><\/figure>\n\n\n\n<figure class=\"wp-block-image size-large\"><img loading=\"lazy\" decoding=\"async\" width=\"1024\" height=\"683\" data-id=\"64874\" src=\"https:\/\/canfali.com\/app\/uploads\/2025\/05\/20250529_Gourmeet_Gasterra_19-1024x683.jpg\" alt=\"\" class=\"wp-image-64874\" srcset=\"https:\/\/canfali.com\/app\/uploads\/2025\/05\/20250529_Gourmeet_Gasterra_19-1024x683.jpg 1024w, https:\/\/canfali.com\/app\/uploads\/2025\/05\/20250529_Gourmeet_Gasterra_19-300x200.jpg 300w, https:\/\/canfali.com\/app\/uploads\/2025\/05\/20250529_Gourmeet_Gasterra_19-768x512.jpg 768w, https:\/\/canfali.com\/app\/uploads\/2025\/05\/20250529_Gourmeet_Gasterra_19-1536x1024.jpg 1536w, https:\/\/canfali.com\/app\/uploads\/2025\/05\/20250529_Gourmeet_Gasterra_19-2048x1365.jpg 2048w, https:\/\/canfali.com\/app\/uploads\/2025\/05\/20250529_Gourmeet_Gasterra_19-scaled.jpg 2560w\" sizes=\"(max-width: 1024px) 100vw, 1024px\" \/><\/figure>\n<\/figure>\n\n<p>Hi van intervindre en els parlaments de benvinguda l&#8217;alcalde de D\u00e9nia, Vicent Grimalt, la degana de la Facultat de Ci\u00e8ncies de la Universitat d&#8217;Alacant, Magdalena Garc\u00eda Irles, el vicedeg\u00e0 d&#8217;estudis de la Facultat de Ci\u00e8ncies, Antonio S\u00e1nchez, la directora de Gasterra, Juana Jord\u00e1, i el director de l&#8217;Oficina de la Innovaci\u00f3 i la Creativitat de D\u00e9nia, Floren Terrades.<\/p>\n\n<figure class=\"wp-block-gallery has-nested-images columns-default is-cropped wp-block-gallery-17 is-layout-flex wp-block-gallery-is-layout-flex\">\n<figure class=\"wp-block-image size-large\"><img loading=\"lazy\" decoding=\"async\" width=\"1024\" height=\"683\" data-id=\"64878\" src=\"https:\/\/canfali.com\/app\/uploads\/2025\/05\/jorqandaua-1-1024x683.jpg\" alt=\"\" class=\"wp-image-64878\" srcset=\"https:\/\/canfali.com\/app\/uploads\/2025\/05\/jorqandaua-1-1024x683.jpg 1024w, https:\/\/canfali.com\/app\/uploads\/2025\/05\/jorqandaua-1-300x200.jpg 300w, https:\/\/canfali.com\/app\/uploads\/2025\/05\/jorqandaua-1-768x512.jpg 768w, https:\/\/canfali.com\/app\/uploads\/2025\/05\/jorqandaua-1-1536x1024.jpg 1536w, https:\/\/canfali.com\/app\/uploads\/2025\/05\/jorqandaua-1-2048x1365.jpg 2048w, https:\/\/canfali.com\/app\/uploads\/2025\/05\/jorqandaua-1-scaled.jpg 2560w\" sizes=\"(max-width: 1024px) 100vw, 1024px\" \/><\/figure>\n<\/figure>\n\n<figure class=\"wp-block-gallery has-nested-images columns-default is-cropped wp-block-gallery-18 is-layout-flex wp-block-gallery-is-layout-flex\">\n<figure class=\"wp-block-image size-large\"><img loading=\"lazy\" decoding=\"async\" width=\"1024\" height=\"683\" data-id=\"64880\" src=\"https:\/\/canfali.com\/app\/uploads\/2025\/05\/20250529_Gourmeet_Gasterra_07-1024x683.jpg\" alt=\"\" class=\"wp-image-64880\" srcset=\"https:\/\/canfali.com\/app\/uploads\/2025\/05\/20250529_Gourmeet_Gasterra_07-1024x683.jpg 1024w, https:\/\/canfali.com\/app\/uploads\/2025\/05\/20250529_Gourmeet_Gasterra_07-300x200.jpg 300w, https:\/\/canfali.com\/app\/uploads\/2025\/05\/20250529_Gourmeet_Gasterra_07-768x512.jpg 768w, https:\/\/canfali.com\/app\/uploads\/2025\/05\/20250529_Gourmeet_Gasterra_07-1536x1024.jpg 1536w, https:\/\/canfali.com\/app\/uploads\/2025\/05\/20250529_Gourmeet_Gasterra_07-2048x1365.jpg 2048w, https:\/\/canfali.com\/app\/uploads\/2025\/05\/20250529_Gourmeet_Gasterra_07-scaled.jpg 2560w\" sizes=\"(max-width: 1024px) 100vw, 1024px\" \/><\/figure>\n<\/figure>\n","protected":false},"excerpt":{"rendered":"L\u2019alumnat de 3r del grau de Gastronomia i Arts Culin\u00e0ries de la Universitat d&#8217;Alacant ha presentat a D\u00e9nia&hellip;","protected":false},"author":6,"featured_media":64873,"comment_status":"closed","ping_status":"closed","sticky":false,"template":"","format":"standard","meta":{"csco_display_header_overlay":false,"csco_singular_sidebar":"","csco_page_header_type":"","csco_page_load_nextpost":"","csco_post_video_location":[],"csco_post_video_location_hash":"","csco_post_video_url":"","csco_post_video_bg_start_time":0,"csco_post_video_bg_end_time":0,"footnotes":""},"categories":[589,1],"tags":[687,2496,692,2495],"class_list":{"0":"post-64887","1":"post","2":"type-post","3":"status-publish","4":"format-standard","5":"has-post-thumbnail","7":"category-gastronomia-ca-es","8":"category-sin-categorizar","9":"tag-denia-ca-es","10":"tag-gasterra-ca-es","11":"tag-gastronomia-ca-es","12":"tag-universidad-de-alicante-ca-es","13":"cs-entry","14":"cs-video-wrap"},"yoast_head":"<!-- This site is optimized with the Yoast SEO Premium plugin v26.6 (Yoast SEO v27.3) - https:\/\/yoast.com\/product\/yoast-seo-premium-wordpress\/ -->\n<title>Treballs d\u2019investigaci\u00f3 sobre gastronomia en la UA - Canfali<\/title>\n<meta name=\"robots\" content=\"index, follow, max-snippet:-1, max-image-preview:large, max-video-preview:-1\" \/>\n<link rel=\"canonical\" href=\"https:\/\/canfali.com\/ca-es\/lalumnat-de-la-universitat-dalacant-presenta-els-treballs-dinvestigacio-sobre-gastronomia\/\" \/>\n<meta property=\"og:locale\" content=\"en_US\" \/>\n<meta property=\"og:type\" content=\"article\" \/>\n<meta property=\"og:title\" content=\"Treballs d\u2019investigaci\u00f3 sobre gastronomia en la UA\" \/>\n<meta property=\"og:description\" content=\"L\u2019alumnat de 3r del grau de Gastronomia i Arts Culin\u00e0ries de la Universitat d&#8217;Alacant ha presentat a D\u00e9nia&hellip;\" \/>\n<meta property=\"og:url\" content=\"https:\/\/canfali.com\/ca-es\/lalumnat-de-la-universitat-dalacant-presenta-els-treballs-dinvestigacio-sobre-gastronomia\/\" \/>\n<meta property=\"og:site_name\" content=\"Canfali\" \/>\n<meta property=\"article:publisher\" content=\"https:\/\/es-es.facebook.com\/CANFALIMarinaAlta\" \/>\n<meta property=\"article:published_time\" content=\"2025-05-30T11:53:45+00:00\" \/>\n<meta property=\"article:modified_time\" content=\"2025-05-30T14:21:20+00:00\" \/>\n<meta property=\"og:image\" content=\"https:\/\/canfali.com\/app\/uploads\/2025\/05\/20250529_Gourmeet_Gasterra_16-scaled.jpg\" \/>\n\t<meta property=\"og:image:width\" content=\"2560\" \/>\n\t<meta property=\"og:image:height\" content=\"1707\" \/>\n\t<meta property=\"og:image:type\" content=\"image\/jpeg\" \/>\n<meta name=\"author\" content=\"Rosa\" \/>\n<meta name=\"twitter:card\" content=\"summary_large_image\" \/>\n<meta name=\"twitter:creator\" content=\"@canfalima\" \/>\n<meta name=\"twitter:site\" content=\"@canfalima\" \/>\n<meta name=\"twitter:label1\" content=\"Written by\" \/>\n\t<meta name=\"twitter:data1\" content=\"Rosa\" \/>\n\t<meta name=\"twitter:label2\" content=\"Est. reading time\" \/>\n\t<meta name=\"twitter:data2\" content=\"2 minutes\" \/>\n<script type=\"application\/ld+json\" class=\"yoast-schema-graph\">{\"@context\":\"https:\\\/\\\/schema.org\",\"@graph\":[{\"@type\":\"NewsArticle\",\"@id\":\"https:\\\/\\\/canfali.com\\\/ca-es\\\/lalumnat-de-la-universitat-dalacant-presenta-els-treballs-dinvestigacio-sobre-gastronomia\\\/#article\",\"isPartOf\":{\"@id\":\"https:\\\/\\\/canfali.com\\\/ca-es\\\/lalumnat-de-la-universitat-dalacant-presenta-els-treballs-dinvestigacio-sobre-gastronomia\\\/\"},\"author\":{\"name\":\"Rosa\",\"@id\":\"https:\\\/\\\/canfali.com\\\/ca-es\\\/#\\\/schema\\\/person\\\/c861a7aa2b2495357b95f35bd5d82f88\"},\"headline\":\"Treballs d\u2019investigaci\u00f3 sobre gastronomia en la UA\",\"datePublished\":\"2025-05-30T11:53:45+00:00\",\"dateModified\":\"2025-05-30T14:21:20+00:00\",\"mainEntityOfPage\":{\"@id\":\"https:\\\/\\\/canfali.com\\\/ca-es\\\/lalumnat-de-la-universitat-dalacant-presenta-els-treballs-dinvestigacio-sobre-gastronomia\\\/\"},\"wordCount\":523,\"publisher\":{\"@id\":\"https:\\\/\\\/canfali.com\\\/ca-es\\\/#organization\"},\"image\":{\"@id\":\"https:\\\/\\\/canfali.com\\\/ca-es\\\/lalumnat-de-la-universitat-dalacant-presenta-els-treballs-dinvestigacio-sobre-gastronomia\\\/#primaryimage\"},\"thumbnailUrl\":\"https:\\\/\\\/canfali.com\\\/app\\\/uploads\\\/2025\\\/05\\\/20250529_Gourmeet_Gasterra_16-scaled.jpg\",\"keywords\":[\"d\u00e9nia\",\"Gasterra\",\"gastronomia\",\"Universidad de Alicante\"],\"articleSection\":[\"Gastronomia\",\"Sin categorizar\"],\"inLanguage\":\"va-ES\",\"copyrightYear\":\"2025\",\"copyrightHolder\":{\"@id\":\"https:\\\/\\\/canfali.com\\\/#organization\"}},{\"@type\":\"WebPage\",\"@id\":\"https:\\\/\\\/canfali.com\\\/ca-es\\\/lalumnat-de-la-universitat-dalacant-presenta-els-treballs-dinvestigacio-sobre-gastronomia\\\/\",\"url\":\"https:\\\/\\\/canfali.com\\\/ca-es\\\/lalumnat-de-la-universitat-dalacant-presenta-els-treballs-dinvestigacio-sobre-gastronomia\\\/\",\"name\":\"Treballs d\u2019investigaci\u00f3 sobre gastronomia en la UA - Canfali\",\"isPartOf\":{\"@id\":\"https:\\\/\\\/canfali.com\\\/ca-es\\\/#website\"},\"primaryImageOfPage\":{\"@id\":\"https:\\\/\\\/canfali.com\\\/ca-es\\\/lalumnat-de-la-universitat-dalacant-presenta-els-treballs-dinvestigacio-sobre-gastronomia\\\/#primaryimage\"},\"image\":{\"@id\":\"https:\\\/\\\/canfali.com\\\/ca-es\\\/lalumnat-de-la-universitat-dalacant-presenta-els-treballs-dinvestigacio-sobre-gastronomia\\\/#primaryimage\"},\"thumbnailUrl\":\"https:\\\/\\\/canfali.com\\\/app\\\/uploads\\\/2025\\\/05\\\/20250529_Gourmeet_Gasterra_16-scaled.jpg\",\"datePublished\":\"2025-05-30T11:53:45+00:00\",\"dateModified\":\"2025-05-30T14:21:20+00:00\",\"breadcrumb\":{\"@id\":\"https:\\\/\\\/canfali.com\\\/ca-es\\\/lalumnat-de-la-universitat-dalacant-presenta-els-treballs-dinvestigacio-sobre-gastronomia\\\/#breadcrumb\"},\"inLanguage\":\"va-ES\",\"potentialAction\":[{\"@type\":\"ReadAction\",\"target\":[\"https:\\\/\\\/canfali.com\\\/ca-es\\\/lalumnat-de-la-universitat-dalacant-presenta-els-treballs-dinvestigacio-sobre-gastronomia\\\/\"]}]},{\"@type\":\"ImageObject\",\"inLanguage\":\"va-ES\",\"@id\":\"https:\\\/\\\/canfali.com\\\/ca-es\\\/lalumnat-de-la-universitat-dalacant-presenta-els-treballs-dinvestigacio-sobre-gastronomia\\\/#primaryimage\",\"url\":\"https:\\\/\\\/canfali.com\\\/app\\\/uploads\\\/2025\\\/05\\\/20250529_Gourmeet_Gasterra_16-scaled.jpg\",\"contentUrl\":\"https:\\\/\\\/canfali.com\\\/app\\\/uploads\\\/2025\\\/05\\\/20250529_Gourmeet_Gasterra_16-scaled.jpg\",\"width\":2560,\"height\":1707},{\"@type\":\"BreadcrumbList\",\"@id\":\"https:\\\/\\\/canfali.com\\\/ca-es\\\/lalumnat-de-la-universitat-dalacant-presenta-els-treballs-dinvestigacio-sobre-gastronomia\\\/#breadcrumb\",\"itemListElement\":[{\"@type\":\"ListItem\",\"position\":1,\"name\":\"Portada\",\"item\":\"https:\\\/\\\/canfali.com\\\/ca-es\\\/\"},{\"@type\":\"ListItem\",\"position\":2,\"name\":\"Treballs d\u2019investigaci\u00f3 sobre gastronomia en la UA\"}]},{\"@type\":\"WebSite\",\"@id\":\"https:\\\/\\\/canfali.com\\\/ca-es\\\/#website\",\"url\":\"https:\\\/\\\/canfali.com\\\/ca-es\\\/\",\"name\":\"Canfali\",\"description\":\"\",\"publisher\":{\"@id\":\"https:\\\/\\\/canfali.com\\\/ca-es\\\/#organization\"},\"potentialAction\":[{\"@type\":\"SearchAction\",\"target\":{\"@type\":\"EntryPoint\",\"urlTemplate\":\"https:\\\/\\\/canfali.com\\\/ca-es\\\/?s={search_term_string}\"},\"query-input\":{\"@type\":\"PropertyValueSpecification\",\"valueRequired\":true,\"valueName\":\"search_term_string\"}}],\"inLanguage\":\"va-ES\"},{\"@type\":\"Organization\",\"@id\":\"https:\\\/\\\/canfali.com\\\/ca-es\\\/#organization\",\"name\":\"Canfali\",\"url\":\"https:\\\/\\\/canfali.com\\\/ca-es\\\/\",\"logo\":{\"@type\":\"ImageObject\",\"inLanguage\":\"va-ES\",\"@id\":\"https:\\\/\\\/canfali.com\\\/ca-es\\\/#\\\/schema\\\/logo\\\/image\\\/\",\"url\":\"https:\\\/\\\/canfali.com\\\/app\\\/uploads\\\/2025\\\/12\\\/canfali_marina_alta_logo.png\",\"contentUrl\":\"https:\\\/\\\/canfali.com\\\/app\\\/uploads\\\/2025\\\/12\\\/canfali_marina_alta_logo.png\",\"width\":225,\"height\":225,\"caption\":\"Canfali\"},\"image\":{\"@id\":\"https:\\\/\\\/canfali.com\\\/ca-es\\\/#\\\/schema\\\/logo\\\/image\\\/\"},\"sameAs\":[\"https:\\\/\\\/es-es.facebook.com\\\/CANFALIMarinaAlta\",\"https:\\\/\\\/x.com\\\/canfalima\",\"https:\\\/\\\/www.instagram.com\\\/canfalimarinaalta\\\/\"]},{\"@type\":\"Person\",\"@id\":\"https:\\\/\\\/canfali.com\\\/ca-es\\\/#\\\/schema\\\/person\\\/c861a7aa2b2495357b95f35bd5d82f88\",\"name\":\"Rosa\",\"image\":{\"@type\":\"ImageObject\",\"inLanguage\":\"va-ES\",\"@id\":\"https:\\\/\\\/secure.gravatar.com\\\/avatar\\\/47fb83d99423a6ef1cf9f83f02a5e91366c671dec76c5c24badf1b0494e1d960?s=96&d=mm&r=g\",\"url\":\"https:\\\/\\\/secure.gravatar.com\\\/avatar\\\/47fb83d99423a6ef1cf9f83f02a5e91366c671dec76c5c24badf1b0494e1d960?s=96&d=mm&r=g\",\"contentUrl\":\"https:\\\/\\\/secure.gravatar.com\\\/avatar\\\/47fb83d99423a6ef1cf9f83f02a5e91366c671dec76c5c24badf1b0494e1d960?s=96&d=mm&r=g\",\"caption\":\"Rosa\"},\"url\":\"https:\\\/\\\/canfali.com\\\/ca-es\\\/author\\\/rosa\\\/\"}]}<\/script>\n<!-- \/ Yoast SEO Premium plugin. -->","yoast_head_json":{"title":"Treballs d\u2019investigaci\u00f3 sobre gastronomia en la UA - Canfali","robots":{"index":"index","follow":"follow","max-snippet":"max-snippet:-1","max-image-preview":"max-image-preview:large","max-video-preview":"max-video-preview:-1"},"canonical":"https:\/\/canfali.com\/ca-es\/lalumnat-de-la-universitat-dalacant-presenta-els-treballs-dinvestigacio-sobre-gastronomia\/","og_locale":"en_US","og_type":"article","og_title":"Treballs d\u2019investigaci\u00f3 sobre gastronomia en la UA","og_description":"L\u2019alumnat de 3r del grau de Gastronomia i Arts Culin\u00e0ries de la Universitat d&#8217;Alacant ha presentat a D\u00e9nia&hellip;","og_url":"https:\/\/canfali.com\/ca-es\/lalumnat-de-la-universitat-dalacant-presenta-els-treballs-dinvestigacio-sobre-gastronomia\/","og_site_name":"Canfali","article_publisher":"https:\/\/es-es.facebook.com\/CANFALIMarinaAlta","article_published_time":"2025-05-30T11:53:45+00:00","article_modified_time":"2025-05-30T14:21:20+00:00","og_image":[{"width":2560,"height":1707,"url":"https:\/\/canfali.com\/app\/uploads\/2025\/05\/20250529_Gourmeet_Gasterra_16-scaled.jpg","type":"image\/jpeg"}],"author":"Rosa","twitter_card":"summary_large_image","twitter_creator":"@canfalima","twitter_site":"@canfalima","twitter_misc":{"Written by":"Rosa","Est. reading time":"2 minutes"},"schema":{"@context":"https:\/\/schema.org","@graph":[{"@type":"NewsArticle","@id":"https:\/\/canfali.com\/ca-es\/lalumnat-de-la-universitat-dalacant-presenta-els-treballs-dinvestigacio-sobre-gastronomia\/#article","isPartOf":{"@id":"https:\/\/canfali.com\/ca-es\/lalumnat-de-la-universitat-dalacant-presenta-els-treballs-dinvestigacio-sobre-gastronomia\/"},"author":{"name":"Rosa","@id":"https:\/\/canfali.com\/ca-es\/#\/schema\/person\/c861a7aa2b2495357b95f35bd5d82f88"},"headline":"Treballs d\u2019investigaci\u00f3 sobre gastronomia en la UA","datePublished":"2025-05-30T11:53:45+00:00","dateModified":"2025-05-30T14:21:20+00:00","mainEntityOfPage":{"@id":"https:\/\/canfali.com\/ca-es\/lalumnat-de-la-universitat-dalacant-presenta-els-treballs-dinvestigacio-sobre-gastronomia\/"},"wordCount":523,"publisher":{"@id":"https:\/\/canfali.com\/ca-es\/#organization"},"image":{"@id":"https:\/\/canfali.com\/ca-es\/lalumnat-de-la-universitat-dalacant-presenta-els-treballs-dinvestigacio-sobre-gastronomia\/#primaryimage"},"thumbnailUrl":"https:\/\/canfali.com\/app\/uploads\/2025\/05\/20250529_Gourmeet_Gasterra_16-scaled.jpg","keywords":["d\u00e9nia","Gasterra","gastronomia","Universidad de Alicante"],"articleSection":["Gastronomia","Sin categorizar"],"inLanguage":"va-ES","copyrightYear":"2025","copyrightHolder":{"@id":"https:\/\/canfali.com\/#organization"}},{"@type":"WebPage","@id":"https:\/\/canfali.com\/ca-es\/lalumnat-de-la-universitat-dalacant-presenta-els-treballs-dinvestigacio-sobre-gastronomia\/","url":"https:\/\/canfali.com\/ca-es\/lalumnat-de-la-universitat-dalacant-presenta-els-treballs-dinvestigacio-sobre-gastronomia\/","name":"Treballs d\u2019investigaci\u00f3 sobre gastronomia en la UA - Canfali","isPartOf":{"@id":"https:\/\/canfali.com\/ca-es\/#website"},"primaryImageOfPage":{"@id":"https:\/\/canfali.com\/ca-es\/lalumnat-de-la-universitat-dalacant-presenta-els-treballs-dinvestigacio-sobre-gastronomia\/#primaryimage"},"image":{"@id":"https:\/\/canfali.com\/ca-es\/lalumnat-de-la-universitat-dalacant-presenta-els-treballs-dinvestigacio-sobre-gastronomia\/#primaryimage"},"thumbnailUrl":"https:\/\/canfali.com\/app\/uploads\/2025\/05\/20250529_Gourmeet_Gasterra_16-scaled.jpg","datePublished":"2025-05-30T11:53:45+00:00","dateModified":"2025-05-30T14:21:20+00:00","breadcrumb":{"@id":"https:\/\/canfali.com\/ca-es\/lalumnat-de-la-universitat-dalacant-presenta-els-treballs-dinvestigacio-sobre-gastronomia\/#breadcrumb"},"inLanguage":"va-ES","potentialAction":[{"@type":"ReadAction","target":["https:\/\/canfali.com\/ca-es\/lalumnat-de-la-universitat-dalacant-presenta-els-treballs-dinvestigacio-sobre-gastronomia\/"]}]},{"@type":"ImageObject","inLanguage":"va-ES","@id":"https:\/\/canfali.com\/ca-es\/lalumnat-de-la-universitat-dalacant-presenta-els-treballs-dinvestigacio-sobre-gastronomia\/#primaryimage","url":"https:\/\/canfali.com\/app\/uploads\/2025\/05\/20250529_Gourmeet_Gasterra_16-scaled.jpg","contentUrl":"https:\/\/canfali.com\/app\/uploads\/2025\/05\/20250529_Gourmeet_Gasterra_16-scaled.jpg","width":2560,"height":1707},{"@type":"BreadcrumbList","@id":"https:\/\/canfali.com\/ca-es\/lalumnat-de-la-universitat-dalacant-presenta-els-treballs-dinvestigacio-sobre-gastronomia\/#breadcrumb","itemListElement":[{"@type":"ListItem","position":1,"name":"Portada","item":"https:\/\/canfali.com\/ca-es\/"},{"@type":"ListItem","position":2,"name":"Treballs d\u2019investigaci\u00f3 sobre gastronomia en la UA"}]},{"@type":"WebSite","@id":"https:\/\/canfali.com\/ca-es\/#website","url":"https:\/\/canfali.com\/ca-es\/","name":"Canfali","description":"","publisher":{"@id":"https:\/\/canfali.com\/ca-es\/#organization"},"potentialAction":[{"@type":"SearchAction","target":{"@type":"EntryPoint","urlTemplate":"https:\/\/canfali.com\/ca-es\/?s={search_term_string}"},"query-input":{"@type":"PropertyValueSpecification","valueRequired":true,"valueName":"search_term_string"}}],"inLanguage":"va-ES"},{"@type":"Organization","@id":"https:\/\/canfali.com\/ca-es\/#organization","name":"Canfali","url":"https:\/\/canfali.com\/ca-es\/","logo":{"@type":"ImageObject","inLanguage":"va-ES","@id":"https:\/\/canfali.com\/ca-es\/#\/schema\/logo\/image\/","url":"https:\/\/canfali.com\/app\/uploads\/2025\/12\/canfali_marina_alta_logo.png","contentUrl":"https:\/\/canfali.com\/app\/uploads\/2025\/12\/canfali_marina_alta_logo.png","width":225,"height":225,"caption":"Canfali"},"image":{"@id":"https:\/\/canfali.com\/ca-es\/#\/schema\/logo\/image\/"},"sameAs":["https:\/\/es-es.facebook.com\/CANFALIMarinaAlta","https:\/\/x.com\/canfalima","https:\/\/www.instagram.com\/canfalimarinaalta\/"]},{"@type":"Person","@id":"https:\/\/canfali.com\/ca-es\/#\/schema\/person\/c861a7aa2b2495357b95f35bd5d82f88","name":"Rosa","image":{"@type":"ImageObject","inLanguage":"va-ES","@id":"https:\/\/secure.gravatar.com\/avatar\/47fb83d99423a6ef1cf9f83f02a5e91366c671dec76c5c24badf1b0494e1d960?s=96&d=mm&r=g","url":"https:\/\/secure.gravatar.com\/avatar\/47fb83d99423a6ef1cf9f83f02a5e91366c671dec76c5c24badf1b0494e1d960?s=96&d=mm&r=g","contentUrl":"https:\/\/secure.gravatar.com\/avatar\/47fb83d99423a6ef1cf9f83f02a5e91366c671dec76c5c24badf1b0494e1d960?s=96&d=mm&r=g","caption":"Rosa"},"url":"https:\/\/canfali.com\/ca-es\/author\/rosa\/"}]}},"_links":{"self":[{"href":"https:\/\/canfali.com\/ca-es\/wp-json\/wp\/v2\/posts\/64887","targetHints":{"allow":["GET"]}}],"collection":[{"href":"https:\/\/canfali.com\/ca-es\/wp-json\/wp\/v2\/posts"}],"about":[{"href":"https:\/\/canfali.com\/ca-es\/wp-json\/wp\/v2\/types\/post"}],"author":[{"embeddable":true,"href":"https:\/\/canfali.com\/ca-es\/wp-json\/wp\/v2\/users\/6"}],"replies":[{"embeddable":true,"href":"https:\/\/canfali.com\/ca-es\/wp-json\/wp\/v2\/comments?post=64887"}],"version-history":[{"count":2,"href":"https:\/\/canfali.com\/ca-es\/wp-json\/wp\/v2\/posts\/64887\/revisions"}],"predecessor-version":[{"id":64908,"href":"https:\/\/canfali.com\/ca-es\/wp-json\/wp\/v2\/posts\/64887\/revisions\/64908"}],"wp:featuredmedia":[{"embeddable":true,"href":"https:\/\/canfali.com\/ca-es\/wp-json\/wp\/v2\/media\/64873"}],"wp:attachment":[{"href":"https:\/\/canfali.com\/ca-es\/wp-json\/wp\/v2\/media?parent=64887"}],"wp:term":[{"taxonomy":"category","embeddable":true,"href":"https:\/\/canfali.com\/ca-es\/wp-json\/wp\/v2\/categories?post=64887"},{"taxonomy":"post_tag","embeddable":true,"href":"https:\/\/canfali.com\/ca-es\/wp-json\/wp\/v2\/tags?post=64887"}],"curies":[{"name":"wp","href":"https:\/\/api.w.org\/{rel}","templated":true}]}}