{"id":64852,"date":"2025-05-30T09:20:04","date_gmt":"2025-05-30T07:20:04","guid":{"rendered":"https:\/\/canfali.com\/calp-es-posiciona-com-a-destinacio-turistica-inclusiva\/"},"modified":"2025-05-30T09:22:21","modified_gmt":"2025-05-30T07:22:21","slug":"calp-es-posiciona-com-a-destinacio-turistica-inclusiva","status":"publish","type":"post","link":"https:\/\/canfali.com\/ca-es\/calp-es-posiciona-com-a-destinacio-turistica-inclusiva\/","title":{"rendered":"Calp es posiciona com a destinaci\u00f3 tur\u00edstica inclusiva"},"content":{"rendered":"\n<p>Calp aspira a posicionar-se en una destinaci\u00f3 tur\u00edstica accessible i, per aquest motiu, ha llan\u00e7at una campanya promocional amb la finalitat de fomentar l&#8217;arribada de visitants amb diversitat funcional i destacar les millores implementades en mat\u00e8ria d&#8217;accessibilitat en platges, espais p\u00fablics i recursos tur\u00edstics. La campanya de difusi\u00f3 es desenvolupar\u00e0 en xarxes socials, aix\u00ed com en mitjans de comunicaci\u00f3 en l\u00ednia i offline tant generalistes com tur\u00edstics.<\/p>\n\n<p>Es dur\u00e0 a terme en els principals mercats emissors de turistes de Calp tant a nivell nacional com internacional. Aquest \u00e9s el cas de la Comunitat Valenciana i les comunitats aut\u00f2nomes de Madrid, Castella-la Manxa, Castella i Lle\u00f3, Arag\u00f3, Navarra, La Rioja i Pa\u00eds Basc. I a l&#8217;estranger, Fran\u00e7a, Alemanya, Benelux i Pa\u00efsos Escandinaus<br\/><\/p>\n\n<p>La campanya tamb\u00e9 contemplar\u00e0 la celebraci\u00f3 d&#8217;esdeveniments i activitats inclusius i es convidar\u00e0 a associacions i persones amb discapacitat a con\u00e8ixer i provar diferents experi\u00e8ncies accessibles implantades a Calp. En aquest sentit, s&#8217;ha celebrat aquesta setmana la Marxa explorat\u00f2ria, un esdeveniment en la qual han participat usuaris del Centre ocupacional Maite Boronat aix\u00ed com integrants de l&#8217;associaci\u00f3 de Persones discapacitades de Calp i en la qual han tingut l&#8217;oportunitat de provar els nous vehicles adaptats adquirits per la Regidoria de Turisme.<\/p>\n\n<p>Aquesta campanya promocional s&#8217;uneix a altres iniciatives destinades a la consolidaci\u00f3 del turisme inclusiu contemplades en el PSTD. Aix\u00ed, s&#8217;estan duent a terme xerrades i cursos de formaci\u00f3 per a sensibilitzar a les empreses tur\u00edstiques locals i ciutadania de la import\u00e0ncia que suposa que la localitat sigui una destinaci\u00f3 tur\u00edstica accessible i adaptat a persones amb tota mena de diversitat funcional, a m\u00e9s de l&#8217;adquisici\u00f3 dels vehicles adaptats.<br\/><br\/><\/p>\n","protected":false},"excerpt":{"rendered":"Calp aspira a posicionar-se en una destinaci\u00f3 tur\u00edstica accessible i, per aquest motiu, ha llan\u00e7at una campanya promocional&hellip;","protected":false},"author":5,"featured_media":64850,"comment_status":"closed","ping_status":"closed","sticky":false,"template":"","format":"standard","meta":{"csco_display_header_overlay":false,"csco_singular_sidebar":"","csco_page_header_type":"","csco_page_load_nextpost":"","csco_post_video_location":[],"csco_post_video_location_hash":"","csco_post_video_url":"","csco_post_video_bg_start_time":0,"csco_post_video_bg_end_time":0,"footnotes":""},"categories":[574],"tags":[2467,1226],"class_list":{"0":"post-64852","1":"post","2":"type-post","3":"status-publish","4":"format-standard","5":"has-post-thumbnail","7":"category-sociedad-2","8":"tag-inclusio","9":"tag-turisme","10":"cs-entry","11":"cs-video-wrap"},"yoast_head":"<!-- This site is optimized with the Yoast SEO Premium plugin v26.6 (Yoast SEO v27.3) - https:\/\/yoast.com\/product\/yoast-seo-premium-wordpress\/ -->\n<title>Calp es posiciona com a destinaci\u00f3 tur\u00edstica inclusiva - Canfali<\/title>\n<meta name=\"robots\" content=\"index, follow, max-snippet:-1, max-image-preview:large, max-video-preview:-1\" \/>\n<link rel=\"canonical\" href=\"https:\/\/canfali.com\/ca-es\/calp-es-posiciona-com-a-destinacio-turistica-inclusiva\/\" \/>\n<meta property=\"og:locale\" content=\"en_US\" \/>\n<meta property=\"og:type\" content=\"article\" \/>\n<meta property=\"og:title\" content=\"Calp es posiciona com a destinaci\u00f3 tur\u00edstica inclusiva\" \/>\n<meta property=\"og:description\" content=\"Calp aspira a posicionar-se en una destinaci\u00f3 tur\u00edstica accessible i, per aquest motiu, ha llan\u00e7at una campanya promocional&hellip;\" \/>\n<meta property=\"og:url\" content=\"https:\/\/canfali.com\/ca-es\/calp-es-posiciona-com-a-destinacio-turistica-inclusiva\/\" \/>\n<meta property=\"og:site_name\" content=\"Canfali\" \/>\n<meta property=\"article:publisher\" content=\"https:\/\/es-es.facebook.com\/CANFALIMarinaAlta\" \/>\n<meta property=\"article:published_time\" content=\"2025-05-30T07:20:04+00:00\" \/>\n<meta property=\"article:modified_time\" content=\"2025-05-30T07:22:21+00:00\" \/>\n<meta property=\"og:image\" content=\"https:\/\/canfali.com\/app\/uploads\/2025\/05\/calp-inclusio.jpg\" \/>\n\t<meta property=\"og:image:width\" content=\"1200\" \/>\n\t<meta property=\"og:image:height\" content=\"1600\" \/>\n\t<meta property=\"og:image:type\" content=\"image\/jpeg\" \/>\n<meta name=\"author\" content=\"D\u00eddac\" \/>\n<meta name=\"twitter:card\" content=\"summary_large_image\" \/>\n<meta name=\"twitter:creator\" content=\"@canfalima\" \/>\n<meta name=\"twitter:site\" content=\"@canfalima\" \/>\n<meta name=\"twitter:label1\" content=\"Written by\" \/>\n\t<meta name=\"twitter:data1\" content=\"D\u00eddac\" \/>\n\t<meta name=\"twitter:label2\" content=\"Est. reading time\" \/>\n\t<meta name=\"twitter:data2\" content=\"1 minute\" \/>\n<script type=\"application\/ld+json\" class=\"yoast-schema-graph\">{\"@context\":\"https:\\\/\\\/schema.org\",\"@graph\":[{\"@type\":\"NewsArticle\",\"@id\":\"https:\\\/\\\/canfali.com\\\/ca-es\\\/calp-es-posiciona-com-a-destinacio-turistica-inclusiva\\\/#article\",\"isPartOf\":{\"@id\":\"https:\\\/\\\/canfali.com\\\/ca-es\\\/calp-es-posiciona-com-a-destinacio-turistica-inclusiva\\\/\"},\"author\":{\"name\":\"D\u00eddac\",\"@id\":\"https:\\\/\\\/canfali.com\\\/ca-es\\\/#\\\/schema\\\/person\\\/5211f51be1ed486a218e6a4f53355b6d\"},\"headline\":\"Calp es posiciona com a destinaci\u00f3 tur\u00edstica inclusiva\",\"datePublished\":\"2025-05-30T07:20:04+00:00\",\"dateModified\":\"2025-05-30T07:22:21+00:00\",\"mainEntityOfPage\":{\"@id\":\"https:\\\/\\\/canfali.com\\\/ca-es\\\/calp-es-posiciona-com-a-destinacio-turistica-inclusiva\\\/\"},\"wordCount\":307,\"publisher\":{\"@id\":\"https:\\\/\\\/canfali.com\\\/ca-es\\\/#organization\"},\"image\":{\"@id\":\"https:\\\/\\\/canfali.com\\\/ca-es\\\/calp-es-posiciona-com-a-destinacio-turistica-inclusiva\\\/#primaryimage\"},\"thumbnailUrl\":\"https:\\\/\\\/canfali.com\\\/app\\\/uploads\\\/2025\\\/05\\\/calp-inclusio.jpg\",\"keywords\":[\"inclusi\u00f3\",\"turisme\"],\"articleSection\":[\"Sociedad\"],\"inLanguage\":\"va-ES\",\"copyrightYear\":\"2025\",\"copyrightHolder\":{\"@id\":\"https:\\\/\\\/canfali.com\\\/#organization\"}},{\"@type\":\"WebPage\",\"@id\":\"https:\\\/\\\/canfali.com\\\/ca-es\\\/calp-es-posiciona-com-a-destinacio-turistica-inclusiva\\\/\",\"url\":\"https:\\\/\\\/canfali.com\\\/ca-es\\\/calp-es-posiciona-com-a-destinacio-turistica-inclusiva\\\/\",\"name\":\"Calp es posiciona com a destinaci\u00f3 tur\u00edstica inclusiva - Canfali\",\"isPartOf\":{\"@id\":\"https:\\\/\\\/canfali.com\\\/ca-es\\\/#website\"},\"primaryImageOfPage\":{\"@id\":\"https:\\\/\\\/canfali.com\\\/ca-es\\\/calp-es-posiciona-com-a-destinacio-turistica-inclusiva\\\/#primaryimage\"},\"image\":{\"@id\":\"https:\\\/\\\/canfali.com\\\/ca-es\\\/calp-es-posiciona-com-a-destinacio-turistica-inclusiva\\\/#primaryimage\"},\"thumbnailUrl\":\"https:\\\/\\\/canfali.com\\\/app\\\/uploads\\\/2025\\\/05\\\/calp-inclusio.jpg\",\"datePublished\":\"2025-05-30T07:20:04+00:00\",\"dateModified\":\"2025-05-30T07:22:21+00:00\",\"breadcrumb\":{\"@id\":\"https:\\\/\\\/canfali.com\\\/ca-es\\\/calp-es-posiciona-com-a-destinacio-turistica-inclusiva\\\/#breadcrumb\"},\"inLanguage\":\"va-ES\",\"potentialAction\":[{\"@type\":\"ReadAction\",\"target\":[\"https:\\\/\\\/canfali.com\\\/ca-es\\\/calp-es-posiciona-com-a-destinacio-turistica-inclusiva\\\/\"]}]},{\"@type\":\"ImageObject\",\"inLanguage\":\"va-ES\",\"@id\":\"https:\\\/\\\/canfali.com\\\/ca-es\\\/calp-es-posiciona-com-a-destinacio-turistica-inclusiva\\\/#primaryimage\",\"url\":\"https:\\\/\\\/canfali.com\\\/app\\\/uploads\\\/2025\\\/05\\\/calp-inclusio.jpg\",\"contentUrl\":\"https:\\\/\\\/canfali.com\\\/app\\\/uploads\\\/2025\\\/05\\\/calp-inclusio.jpg\",\"width\":1200,\"height\":1600},{\"@type\":\"BreadcrumbList\",\"@id\":\"https:\\\/\\\/canfali.com\\\/ca-es\\\/calp-es-posiciona-com-a-destinacio-turistica-inclusiva\\\/#breadcrumb\",\"itemListElement\":[{\"@type\":\"ListItem\",\"position\":1,\"name\":\"Portada\",\"item\":\"https:\\\/\\\/canfali.com\\\/ca-es\\\/\"},{\"@type\":\"ListItem\",\"position\":2,\"name\":\"Calp es posiciona com a destinaci\u00f3 tur\u00edstica inclusiva\"}]},{\"@type\":\"WebSite\",\"@id\":\"https:\\\/\\\/canfali.com\\\/ca-es\\\/#website\",\"url\":\"https:\\\/\\\/canfali.com\\\/ca-es\\\/\",\"name\":\"Canfali\",\"description\":\"\",\"publisher\":{\"@id\":\"https:\\\/\\\/canfali.com\\\/ca-es\\\/#organization\"},\"potentialAction\":[{\"@type\":\"SearchAction\",\"target\":{\"@type\":\"EntryPoint\",\"urlTemplate\":\"https:\\\/\\\/canfali.com\\\/ca-es\\\/?s={search_term_string}\"},\"query-input\":{\"@type\":\"PropertyValueSpecification\",\"valueRequired\":true,\"valueName\":\"search_term_string\"}}],\"inLanguage\":\"va-ES\"},{\"@type\":\"Organization\",\"@id\":\"https:\\\/\\\/canfali.com\\\/ca-es\\\/#organization\",\"name\":\"Canfali\",\"url\":\"https:\\\/\\\/canfali.com\\\/ca-es\\\/\",\"logo\":{\"@type\":\"ImageObject\",\"inLanguage\":\"va-ES\",\"@id\":\"https:\\\/\\\/canfali.com\\\/ca-es\\\/#\\\/schema\\\/logo\\\/image\\\/\",\"url\":\"https:\\\/\\\/canfali.com\\\/app\\\/uploads\\\/2025\\\/12\\\/canfali_marina_alta_logo.png\",\"contentUrl\":\"https:\\\/\\\/canfali.com\\\/app\\\/uploads\\\/2025\\\/12\\\/canfali_marina_alta_logo.png\",\"width\":225,\"height\":225,\"caption\":\"Canfali\"},\"image\":{\"@id\":\"https:\\\/\\\/canfali.com\\\/ca-es\\\/#\\\/schema\\\/logo\\\/image\\\/\"},\"sameAs\":[\"https:\\\/\\\/es-es.facebook.com\\\/CANFALIMarinaAlta\",\"https:\\\/\\\/x.com\\\/canfalima\",\"https:\\\/\\\/www.instagram.com\\\/canfalimarinaalta\\\/\"]},{\"@type\":\"Person\",\"@id\":\"https:\\\/\\\/canfali.com\\\/ca-es\\\/#\\\/schema\\\/person\\\/5211f51be1ed486a218e6a4f53355b6d\",\"name\":\"D\u00eddac\",\"image\":{\"@type\":\"ImageObject\",\"inLanguage\":\"va-ES\",\"@id\":\"https:\\\/\\\/secure.gravatar.com\\\/avatar\\\/a68a2078c12da8a6dd6cff4f3f3f69f7eb69a2d31ac1aac4da61c3761e4557f4?s=96&d=mm&r=g\",\"url\":\"https:\\\/\\\/secure.gravatar.com\\\/avatar\\\/a68a2078c12da8a6dd6cff4f3f3f69f7eb69a2d31ac1aac4da61c3761e4557f4?s=96&d=mm&r=g\",\"contentUrl\":\"https:\\\/\\\/secure.gravatar.com\\\/avatar\\\/a68a2078c12da8a6dd6cff4f3f3f69f7eb69a2d31ac1aac4da61c3761e4557f4?s=96&d=mm&r=g\",\"caption\":\"D\u00eddac\"},\"url\":\"https:\\\/\\\/canfali.com\\\/ca-es\\\/author\\\/didac\\\/\"}]}<\/script>\n<!-- \/ Yoast SEO Premium plugin. -->","yoast_head_json":{"title":"Calp es posiciona com a destinaci\u00f3 tur\u00edstica inclusiva - Canfali","robots":{"index":"index","follow":"follow","max-snippet":"max-snippet:-1","max-image-preview":"max-image-preview:large","max-video-preview":"max-video-preview:-1"},"canonical":"https:\/\/canfali.com\/ca-es\/calp-es-posiciona-com-a-destinacio-turistica-inclusiva\/","og_locale":"en_US","og_type":"article","og_title":"Calp es posiciona com a destinaci\u00f3 tur\u00edstica inclusiva","og_description":"Calp aspira a posicionar-se en una destinaci\u00f3 tur\u00edstica accessible i, per aquest motiu, ha llan\u00e7at una campanya promocional&hellip;","og_url":"https:\/\/canfali.com\/ca-es\/calp-es-posiciona-com-a-destinacio-turistica-inclusiva\/","og_site_name":"Canfali","article_publisher":"https:\/\/es-es.facebook.com\/CANFALIMarinaAlta","article_published_time":"2025-05-30T07:20:04+00:00","article_modified_time":"2025-05-30T07:22:21+00:00","og_image":[{"width":1200,"height":1600,"url":"https:\/\/canfali.com\/app\/uploads\/2025\/05\/calp-inclusio.jpg","type":"image\/jpeg"}],"author":"D\u00eddac","twitter_card":"summary_large_image","twitter_creator":"@canfalima","twitter_site":"@canfalima","twitter_misc":{"Written by":"D\u00eddac","Est. reading time":"1 minute"},"schema":{"@context":"https:\/\/schema.org","@graph":[{"@type":"NewsArticle","@id":"https:\/\/canfali.com\/ca-es\/calp-es-posiciona-com-a-destinacio-turistica-inclusiva\/#article","isPartOf":{"@id":"https:\/\/canfali.com\/ca-es\/calp-es-posiciona-com-a-destinacio-turistica-inclusiva\/"},"author":{"name":"D\u00eddac","@id":"https:\/\/canfali.com\/ca-es\/#\/schema\/person\/5211f51be1ed486a218e6a4f53355b6d"},"headline":"Calp es posiciona com a destinaci\u00f3 tur\u00edstica inclusiva","datePublished":"2025-05-30T07:20:04+00:00","dateModified":"2025-05-30T07:22:21+00:00","mainEntityOfPage":{"@id":"https:\/\/canfali.com\/ca-es\/calp-es-posiciona-com-a-destinacio-turistica-inclusiva\/"},"wordCount":307,"publisher":{"@id":"https:\/\/canfali.com\/ca-es\/#organization"},"image":{"@id":"https:\/\/canfali.com\/ca-es\/calp-es-posiciona-com-a-destinacio-turistica-inclusiva\/#primaryimage"},"thumbnailUrl":"https:\/\/canfali.com\/app\/uploads\/2025\/05\/calp-inclusio.jpg","keywords":["inclusi\u00f3","turisme"],"articleSection":["Sociedad"],"inLanguage":"va-ES","copyrightYear":"2025","copyrightHolder":{"@id":"https:\/\/canfali.com\/#organization"}},{"@type":"WebPage","@id":"https:\/\/canfali.com\/ca-es\/calp-es-posiciona-com-a-destinacio-turistica-inclusiva\/","url":"https:\/\/canfali.com\/ca-es\/calp-es-posiciona-com-a-destinacio-turistica-inclusiva\/","name":"Calp es posiciona com a destinaci\u00f3 tur\u00edstica inclusiva - Canfali","isPartOf":{"@id":"https:\/\/canfali.com\/ca-es\/#website"},"primaryImageOfPage":{"@id":"https:\/\/canfali.com\/ca-es\/calp-es-posiciona-com-a-destinacio-turistica-inclusiva\/#primaryimage"},"image":{"@id":"https:\/\/canfali.com\/ca-es\/calp-es-posiciona-com-a-destinacio-turistica-inclusiva\/#primaryimage"},"thumbnailUrl":"https:\/\/canfali.com\/app\/uploads\/2025\/05\/calp-inclusio.jpg","datePublished":"2025-05-30T07:20:04+00:00","dateModified":"2025-05-30T07:22:21+00:00","breadcrumb":{"@id":"https:\/\/canfali.com\/ca-es\/calp-es-posiciona-com-a-destinacio-turistica-inclusiva\/#breadcrumb"},"inLanguage":"va-ES","potentialAction":[{"@type":"ReadAction","target":["https:\/\/canfali.com\/ca-es\/calp-es-posiciona-com-a-destinacio-turistica-inclusiva\/"]}]},{"@type":"ImageObject","inLanguage":"va-ES","@id":"https:\/\/canfali.com\/ca-es\/calp-es-posiciona-com-a-destinacio-turistica-inclusiva\/#primaryimage","url":"https:\/\/canfali.com\/app\/uploads\/2025\/05\/calp-inclusio.jpg","contentUrl":"https:\/\/canfali.com\/app\/uploads\/2025\/05\/calp-inclusio.jpg","width":1200,"height":1600},{"@type":"BreadcrumbList","@id":"https:\/\/canfali.com\/ca-es\/calp-es-posiciona-com-a-destinacio-turistica-inclusiva\/#breadcrumb","itemListElement":[{"@type":"ListItem","position":1,"name":"Portada","item":"https:\/\/canfali.com\/ca-es\/"},{"@type":"ListItem","position":2,"name":"Calp es posiciona com a destinaci\u00f3 tur\u00edstica inclusiva"}]},{"@type":"WebSite","@id":"https:\/\/canfali.com\/ca-es\/#website","url":"https:\/\/canfali.com\/ca-es\/","name":"Canfali","description":"","publisher":{"@id":"https:\/\/canfali.com\/ca-es\/#organization"},"potentialAction":[{"@type":"SearchAction","target":{"@type":"EntryPoint","urlTemplate":"https:\/\/canfali.com\/ca-es\/?s={search_term_string}"},"query-input":{"@type":"PropertyValueSpecification","valueRequired":true,"valueName":"search_term_string"}}],"inLanguage":"va-ES"},{"@type":"Organization","@id":"https:\/\/canfali.com\/ca-es\/#organization","name":"Canfali","url":"https:\/\/canfali.com\/ca-es\/","logo":{"@type":"ImageObject","inLanguage":"va-ES","@id":"https:\/\/canfali.com\/ca-es\/#\/schema\/logo\/image\/","url":"https:\/\/canfali.com\/app\/uploads\/2025\/12\/canfali_marina_alta_logo.png","contentUrl":"https:\/\/canfali.com\/app\/uploads\/2025\/12\/canfali_marina_alta_logo.png","width":225,"height":225,"caption":"Canfali"},"image":{"@id":"https:\/\/canfali.com\/ca-es\/#\/schema\/logo\/image\/"},"sameAs":["https:\/\/es-es.facebook.com\/CANFALIMarinaAlta","https:\/\/x.com\/canfalima","https:\/\/www.instagram.com\/canfalimarinaalta\/"]},{"@type":"Person","@id":"https:\/\/canfali.com\/ca-es\/#\/schema\/person\/5211f51be1ed486a218e6a4f53355b6d","name":"D\u00eddac","image":{"@type":"ImageObject","inLanguage":"va-ES","@id":"https:\/\/secure.gravatar.com\/avatar\/a68a2078c12da8a6dd6cff4f3f3f69f7eb69a2d31ac1aac4da61c3761e4557f4?s=96&d=mm&r=g","url":"https:\/\/secure.gravatar.com\/avatar\/a68a2078c12da8a6dd6cff4f3f3f69f7eb69a2d31ac1aac4da61c3761e4557f4?s=96&d=mm&r=g","contentUrl":"https:\/\/secure.gravatar.com\/avatar\/a68a2078c12da8a6dd6cff4f3f3f69f7eb69a2d31ac1aac4da61c3761e4557f4?s=96&d=mm&r=g","caption":"D\u00eddac"},"url":"https:\/\/canfali.com\/ca-es\/author\/didac\/"}]}},"_links":{"self":[{"href":"https:\/\/canfali.com\/ca-es\/wp-json\/wp\/v2\/posts\/64852","targetHints":{"allow":["GET"]}}],"collection":[{"href":"https:\/\/canfali.com\/ca-es\/wp-json\/wp\/v2\/posts"}],"about":[{"href":"https:\/\/canfali.com\/ca-es\/wp-json\/wp\/v2\/types\/post"}],"author":[{"embeddable":true,"href":"https:\/\/canfali.com\/ca-es\/wp-json\/wp\/v2\/users\/5"}],"replies":[{"embeddable":true,"href":"https:\/\/canfali.com\/ca-es\/wp-json\/wp\/v2\/comments?post=64852"}],"version-history":[{"count":1,"href":"https:\/\/canfali.com\/ca-es\/wp-json\/wp\/v2\/posts\/64852\/revisions"}],"predecessor-version":[{"id":64853,"href":"https:\/\/canfali.com\/ca-es\/wp-json\/wp\/v2\/posts\/64852\/revisions\/64853"}],"wp:featuredmedia":[{"embeddable":true,"href":"https:\/\/canfali.com\/ca-es\/wp-json\/wp\/v2\/media\/64850"}],"wp:attachment":[{"href":"https:\/\/canfali.com\/ca-es\/wp-json\/wp\/v2\/media?parent=64852"}],"wp:term":[{"taxonomy":"category","embeddable":true,"href":"https:\/\/canfali.com\/ca-es\/wp-json\/wp\/v2\/categories?post=64852"},{"taxonomy":"post_tag","embeddable":true,"href":"https:\/\/canfali.com\/ca-es\/wp-json\/wp\/v2\/tags?post=64852"}],"curies":[{"name":"wp","href":"https:\/\/api.w.org\/{rel}","templated":true}]}}