{"id":64846,"date":"2025-05-30T09:14:40","date_gmt":"2025-05-30T07:14:40","guid":{"rendered":"https:\/\/canfali.com\/els-indexs-de-delinquencia-descendeixen-a-benitatxell\/"},"modified":"2025-05-30T09:17:41","modified_gmt":"2025-05-30T07:17:41","slug":"els-indexs-de-delinquencia-descendeixen-a-benitatxell","status":"publish","type":"post","link":"https:\/\/canfali.com\/ca-es\/els-indexs-de-delinquencia-descendeixen-a-benitatxell\/","title":{"rendered":"Els \u00edndexs de delinq\u00fc\u00e8ncia descendeixen a Benitatxell"},"content":{"rendered":"\n<p>En la Junta Local de Seguretat de Benitatxell s&#8217;ha parlat del descens del 12% de l&#8217;\u00edndex de delinq\u00fc\u00e8ncia i, segons dades oficials, la taxa est\u00e0 deu punts per sota de la mitjana provincial. Els delictes majoritaris s\u00f3n per robatoris en habitatges i contra el patrimoni i es resolen m\u00e9s del 80% dels casos.<\/p>\n\n<p>En la junta tamb\u00e9 es va incidir en mat\u00e8ria de viol\u00e8ncia de g\u00e8nere, i actualment hi ha actius 27 casos de dones v\u00edctimes, de les quals 12 realitza el seguiment la Gu\u00e0rdia Civil i 15 la Policia Local, segons el seu nivell de risc. L&#8217;agent Blanco, membre del Grup Lloren\u00e7a, unitat de la Policia Local especialitzada en viol\u00e8ncia de g\u00e8nere, va ressaltar que \u201cles dades es mantenen cada any, per\u00f2 es percep que les v\u00edctimes van tenint menys por de denunciar perqu\u00e8 es veuen protegides i acompanyades\u201d.<\/p>\n\n<p>\tL&#8217;any que ve s&#8217;incorporaran 15 nous agents en el lloc principal de la Gu\u00e0rdia Civil de X\u00e0bia. L&#8217;alcalde, Miguel \u00c1ngel Garc\u00eda, va comentar que \u201c\u00e9s una mica s\u00faper necessari, perqu\u00e8 des de la Policia Local es col\u00b7labora i s&#8217;ajuda en tot el que es pot, per\u00f2 tamb\u00e9 tenim unes limitacions quant a nombre d&#8217;agents\u201d.<\/p>\n\n<p>\tEl subdelegat de govern va insistir en la import\u00e0ncia de l&#8217;\u00fas de l&#8217;aplicaci\u00f3 AlertCops, una App per a m\u00f2bils amb funcions com un bot\u00f3 d&#8217;alerta SOS que envia instant\u00e0niament la ubicaci\u00f3 de la v\u00edctima a les forces policials m\u00e9s pr\u00f2ximes per a una atenci\u00f3 urgent. Aquesta funci\u00f3 \u00e9s especialment \u00fatil per a v\u00edctimes de viol\u00e8ncia de g\u00e8nere o sexual, ja que poden avisar a les forces de seguretat sense que s&#8217;adone el seu agressor.<\/p>\n","protected":false},"excerpt":{"rendered":"En la Junta Local de Seguretat de Benitatxell s&#8217;ha parlat del descens del 12% de l&#8217;\u00edndex de delinq\u00fc\u00e8ncia&hellip;","protected":false},"author":5,"featured_media":64844,"comment_status":"closed","ping_status":"closed","sticky":false,"template":"","format":"standard","meta":{"csco_display_header_overlay":false,"csco_singular_sidebar":"","csco_page_header_type":"","csco_page_load_nextpost":"","csco_post_video_location":[],"csco_post_video_location_hash":"","csco_post_video_url":"","csco_post_video_bg_start_time":0,"csco_post_video_bg_end_time":0,"footnotes":""},"categories":[614],"tags":[2488,1567],"class_list":{"0":"post-64846","1":"post","2":"type-post","3":"status-publish","4":"format-standard","5":"has-post-thumbnail","7":"category-municipal-ca-es","8":"tag-delinquencia","9":"tag-seguretat","10":"cs-entry","11":"cs-video-wrap"},"yoast_head":"<!-- This site is optimized with the Yoast SEO Premium plugin v26.6 (Yoast SEO v27.3) - https:\/\/yoast.com\/product\/yoast-seo-premium-wordpress\/ -->\n<title>Els \u00edndexs de delinq\u00fc\u00e8ncia descendeixen a Benitatxell - Canfali<\/title>\n<meta name=\"robots\" content=\"index, follow, max-snippet:-1, max-image-preview:large, max-video-preview:-1\" \/>\n<link rel=\"canonical\" href=\"https:\/\/canfali.com\/ca-es\/els-indexs-de-delinquencia-descendeixen-a-benitatxell\/\" \/>\n<meta property=\"og:locale\" content=\"en_US\" \/>\n<meta property=\"og:type\" content=\"article\" \/>\n<meta property=\"og:title\" content=\"Els \u00edndexs de delinq\u00fc\u00e8ncia descendeixen a Benitatxell\" \/>\n<meta property=\"og:description\" content=\"En la Junta Local de Seguretat de Benitatxell s&#8217;ha parlat del descens del 12% de l&#8217;\u00edndex de delinq\u00fc\u00e8ncia&hellip;\" \/>\n<meta property=\"og:url\" content=\"https:\/\/canfali.com\/ca-es\/els-indexs-de-delinquencia-descendeixen-a-benitatxell\/\" \/>\n<meta property=\"og:site_name\" content=\"Canfali\" \/>\n<meta property=\"article:publisher\" content=\"https:\/\/es-es.facebook.com\/CANFALIMarinaAlta\" \/>\n<meta property=\"article:published_time\" content=\"2025-05-30T07:14:40+00:00\" \/>\n<meta property=\"article:modified_time\" content=\"2025-05-30T07:17:41+00:00\" \/>\n<meta property=\"og:image\" content=\"https:\/\/canfali.com\/app\/uploads\/2025\/05\/segu-benitatxell-scaled.jpg\" \/>\n\t<meta property=\"og:image:width\" content=\"2560\" \/>\n\t<meta property=\"og:image:height\" content=\"1920\" \/>\n\t<meta property=\"og:image:type\" content=\"image\/jpeg\" \/>\n<meta name=\"author\" content=\"D\u00eddac\" \/>\n<meta name=\"twitter:card\" content=\"summary_large_image\" \/>\n<meta name=\"twitter:creator\" content=\"@canfalima\" \/>\n<meta name=\"twitter:site\" content=\"@canfalima\" \/>\n<meta name=\"twitter:label1\" content=\"Written by\" \/>\n\t<meta name=\"twitter:data1\" content=\"D\u00eddac\" \/>\n\t<meta name=\"twitter:label2\" content=\"Est. reading time\" \/>\n\t<meta name=\"twitter:data2\" content=\"1 minute\" \/>\n<script type=\"application\/ld+json\" class=\"yoast-schema-graph\">{\"@context\":\"https:\\\/\\\/schema.org\",\"@graph\":[{\"@type\":\"NewsArticle\",\"@id\":\"https:\\\/\\\/canfali.com\\\/ca-es\\\/els-indexs-de-delinquencia-descendeixen-a-benitatxell\\\/#article\",\"isPartOf\":{\"@id\":\"https:\\\/\\\/canfali.com\\\/ca-es\\\/els-indexs-de-delinquencia-descendeixen-a-benitatxell\\\/\"},\"author\":{\"name\":\"D\u00eddac\",\"@id\":\"https:\\\/\\\/canfali.com\\\/ca-es\\\/#\\\/schema\\\/person\\\/5211f51be1ed486a218e6a4f53355b6d\"},\"headline\":\"Els \u00edndexs de delinq\u00fc\u00e8ncia descendeixen a Benitatxell\",\"datePublished\":\"2025-05-30T07:14:40+00:00\",\"dateModified\":\"2025-05-30T07:17:41+00:00\",\"mainEntityOfPage\":{\"@id\":\"https:\\\/\\\/canfali.com\\\/ca-es\\\/els-indexs-de-delinquencia-descendeixen-a-benitatxell\\\/\"},\"wordCount\":308,\"publisher\":{\"@id\":\"https:\\\/\\\/canfali.com\\\/ca-es\\\/#organization\"},\"image\":{\"@id\":\"https:\\\/\\\/canfali.com\\\/ca-es\\\/els-indexs-de-delinquencia-descendeixen-a-benitatxell\\\/#primaryimage\"},\"thumbnailUrl\":\"https:\\\/\\\/canfali.com\\\/app\\\/uploads\\\/2025\\\/05\\\/segu-benitatxell-scaled.jpg\",\"keywords\":[\"delinq\u00fc\u00e8ncia\",\"seguretat\"],\"articleSection\":[\"Municipal\"],\"inLanguage\":\"va-ES\",\"copyrightYear\":\"2025\",\"copyrightHolder\":{\"@id\":\"https:\\\/\\\/canfali.com\\\/#organization\"}},{\"@type\":\"WebPage\",\"@id\":\"https:\\\/\\\/canfali.com\\\/ca-es\\\/els-indexs-de-delinquencia-descendeixen-a-benitatxell\\\/\",\"url\":\"https:\\\/\\\/canfali.com\\\/ca-es\\\/els-indexs-de-delinquencia-descendeixen-a-benitatxell\\\/\",\"name\":\"Els \u00edndexs de delinq\u00fc\u00e8ncia descendeixen a Benitatxell - Canfali\",\"isPartOf\":{\"@id\":\"https:\\\/\\\/canfali.com\\\/ca-es\\\/#website\"},\"primaryImageOfPage\":{\"@id\":\"https:\\\/\\\/canfali.com\\\/ca-es\\\/els-indexs-de-delinquencia-descendeixen-a-benitatxell\\\/#primaryimage\"},\"image\":{\"@id\":\"https:\\\/\\\/canfali.com\\\/ca-es\\\/els-indexs-de-delinquencia-descendeixen-a-benitatxell\\\/#primaryimage\"},\"thumbnailUrl\":\"https:\\\/\\\/canfali.com\\\/app\\\/uploads\\\/2025\\\/05\\\/segu-benitatxell-scaled.jpg\",\"datePublished\":\"2025-05-30T07:14:40+00:00\",\"dateModified\":\"2025-05-30T07:17:41+00:00\",\"breadcrumb\":{\"@id\":\"https:\\\/\\\/canfali.com\\\/ca-es\\\/els-indexs-de-delinquencia-descendeixen-a-benitatxell\\\/#breadcrumb\"},\"inLanguage\":\"va-ES\",\"potentialAction\":[{\"@type\":\"ReadAction\",\"target\":[\"https:\\\/\\\/canfali.com\\\/ca-es\\\/els-indexs-de-delinquencia-descendeixen-a-benitatxell\\\/\"]}]},{\"@type\":\"ImageObject\",\"inLanguage\":\"va-ES\",\"@id\":\"https:\\\/\\\/canfali.com\\\/ca-es\\\/els-indexs-de-delinquencia-descendeixen-a-benitatxell\\\/#primaryimage\",\"url\":\"https:\\\/\\\/canfali.com\\\/app\\\/uploads\\\/2025\\\/05\\\/segu-benitatxell-scaled.jpg\",\"contentUrl\":\"https:\\\/\\\/canfali.com\\\/app\\\/uploads\\\/2025\\\/05\\\/segu-benitatxell-scaled.jpg\",\"width\":2560,\"height\":1920},{\"@type\":\"BreadcrumbList\",\"@id\":\"https:\\\/\\\/canfali.com\\\/ca-es\\\/els-indexs-de-delinquencia-descendeixen-a-benitatxell\\\/#breadcrumb\",\"itemListElement\":[{\"@type\":\"ListItem\",\"position\":1,\"name\":\"Portada\",\"item\":\"https:\\\/\\\/canfali.com\\\/ca-es\\\/\"},{\"@type\":\"ListItem\",\"position\":2,\"name\":\"Els \u00edndexs de delinq\u00fc\u00e8ncia descendeixen a Benitatxell\"}]},{\"@type\":\"WebSite\",\"@id\":\"https:\\\/\\\/canfali.com\\\/ca-es\\\/#website\",\"url\":\"https:\\\/\\\/canfali.com\\\/ca-es\\\/\",\"name\":\"Canfali\",\"description\":\"\",\"publisher\":{\"@id\":\"https:\\\/\\\/canfali.com\\\/ca-es\\\/#organization\"},\"potentialAction\":[{\"@type\":\"SearchAction\",\"target\":{\"@type\":\"EntryPoint\",\"urlTemplate\":\"https:\\\/\\\/canfali.com\\\/ca-es\\\/?s={search_term_string}\"},\"query-input\":{\"@type\":\"PropertyValueSpecification\",\"valueRequired\":true,\"valueName\":\"search_term_string\"}}],\"inLanguage\":\"va-ES\"},{\"@type\":\"Organization\",\"@id\":\"https:\\\/\\\/canfali.com\\\/ca-es\\\/#organization\",\"name\":\"Canfali\",\"url\":\"https:\\\/\\\/canfali.com\\\/ca-es\\\/\",\"logo\":{\"@type\":\"ImageObject\",\"inLanguage\":\"va-ES\",\"@id\":\"https:\\\/\\\/canfali.com\\\/ca-es\\\/#\\\/schema\\\/logo\\\/image\\\/\",\"url\":\"https:\\\/\\\/canfali.com\\\/app\\\/uploads\\\/2025\\\/12\\\/canfali_marina_alta_logo.png\",\"contentUrl\":\"https:\\\/\\\/canfali.com\\\/app\\\/uploads\\\/2025\\\/12\\\/canfali_marina_alta_logo.png\",\"width\":225,\"height\":225,\"caption\":\"Canfali\"},\"image\":{\"@id\":\"https:\\\/\\\/canfali.com\\\/ca-es\\\/#\\\/schema\\\/logo\\\/image\\\/\"},\"sameAs\":[\"https:\\\/\\\/es-es.facebook.com\\\/CANFALIMarinaAlta\",\"https:\\\/\\\/x.com\\\/canfalima\",\"https:\\\/\\\/www.instagram.com\\\/canfalimarinaalta\\\/\"]},{\"@type\":\"Person\",\"@id\":\"https:\\\/\\\/canfali.com\\\/ca-es\\\/#\\\/schema\\\/person\\\/5211f51be1ed486a218e6a4f53355b6d\",\"name\":\"D\u00eddac\",\"image\":{\"@type\":\"ImageObject\",\"inLanguage\":\"va-ES\",\"@id\":\"https:\\\/\\\/secure.gravatar.com\\\/avatar\\\/a68a2078c12da8a6dd6cff4f3f3f69f7eb69a2d31ac1aac4da61c3761e4557f4?s=96&d=mm&r=g\",\"url\":\"https:\\\/\\\/secure.gravatar.com\\\/avatar\\\/a68a2078c12da8a6dd6cff4f3f3f69f7eb69a2d31ac1aac4da61c3761e4557f4?s=96&d=mm&r=g\",\"contentUrl\":\"https:\\\/\\\/secure.gravatar.com\\\/avatar\\\/a68a2078c12da8a6dd6cff4f3f3f69f7eb69a2d31ac1aac4da61c3761e4557f4?s=96&d=mm&r=g\",\"caption\":\"D\u00eddac\"},\"url\":\"https:\\\/\\\/canfali.com\\\/ca-es\\\/author\\\/didac\\\/\"}]}<\/script>\n<!-- \/ Yoast SEO Premium plugin. -->","yoast_head_json":{"title":"Els \u00edndexs de delinq\u00fc\u00e8ncia descendeixen a Benitatxell - Canfali","robots":{"index":"index","follow":"follow","max-snippet":"max-snippet:-1","max-image-preview":"max-image-preview:large","max-video-preview":"max-video-preview:-1"},"canonical":"https:\/\/canfali.com\/ca-es\/els-indexs-de-delinquencia-descendeixen-a-benitatxell\/","og_locale":"en_US","og_type":"article","og_title":"Els \u00edndexs de delinq\u00fc\u00e8ncia descendeixen a Benitatxell","og_description":"En la Junta Local de Seguretat de Benitatxell s&#8217;ha parlat del descens del 12% de l&#8217;\u00edndex de delinq\u00fc\u00e8ncia&hellip;","og_url":"https:\/\/canfali.com\/ca-es\/els-indexs-de-delinquencia-descendeixen-a-benitatxell\/","og_site_name":"Canfali","article_publisher":"https:\/\/es-es.facebook.com\/CANFALIMarinaAlta","article_published_time":"2025-05-30T07:14:40+00:00","article_modified_time":"2025-05-30T07:17:41+00:00","og_image":[{"width":2560,"height":1920,"url":"https:\/\/canfali.com\/app\/uploads\/2025\/05\/segu-benitatxell-scaled.jpg","type":"image\/jpeg"}],"author":"D\u00eddac","twitter_card":"summary_large_image","twitter_creator":"@canfalima","twitter_site":"@canfalima","twitter_misc":{"Written by":"D\u00eddac","Est. reading time":"1 minute"},"schema":{"@context":"https:\/\/schema.org","@graph":[{"@type":"NewsArticle","@id":"https:\/\/canfali.com\/ca-es\/els-indexs-de-delinquencia-descendeixen-a-benitatxell\/#article","isPartOf":{"@id":"https:\/\/canfali.com\/ca-es\/els-indexs-de-delinquencia-descendeixen-a-benitatxell\/"},"author":{"name":"D\u00eddac","@id":"https:\/\/canfali.com\/ca-es\/#\/schema\/person\/5211f51be1ed486a218e6a4f53355b6d"},"headline":"Els \u00edndexs de delinq\u00fc\u00e8ncia descendeixen a Benitatxell","datePublished":"2025-05-30T07:14:40+00:00","dateModified":"2025-05-30T07:17:41+00:00","mainEntityOfPage":{"@id":"https:\/\/canfali.com\/ca-es\/els-indexs-de-delinquencia-descendeixen-a-benitatxell\/"},"wordCount":308,"publisher":{"@id":"https:\/\/canfali.com\/ca-es\/#organization"},"image":{"@id":"https:\/\/canfali.com\/ca-es\/els-indexs-de-delinquencia-descendeixen-a-benitatxell\/#primaryimage"},"thumbnailUrl":"https:\/\/canfali.com\/app\/uploads\/2025\/05\/segu-benitatxell-scaled.jpg","keywords":["delinq\u00fc\u00e8ncia","seguretat"],"articleSection":["Municipal"],"inLanguage":"va-ES","copyrightYear":"2025","copyrightHolder":{"@id":"https:\/\/canfali.com\/#organization"}},{"@type":"WebPage","@id":"https:\/\/canfali.com\/ca-es\/els-indexs-de-delinquencia-descendeixen-a-benitatxell\/","url":"https:\/\/canfali.com\/ca-es\/els-indexs-de-delinquencia-descendeixen-a-benitatxell\/","name":"Els \u00edndexs de delinq\u00fc\u00e8ncia descendeixen a Benitatxell - Canfali","isPartOf":{"@id":"https:\/\/canfali.com\/ca-es\/#website"},"primaryImageOfPage":{"@id":"https:\/\/canfali.com\/ca-es\/els-indexs-de-delinquencia-descendeixen-a-benitatxell\/#primaryimage"},"image":{"@id":"https:\/\/canfali.com\/ca-es\/els-indexs-de-delinquencia-descendeixen-a-benitatxell\/#primaryimage"},"thumbnailUrl":"https:\/\/canfali.com\/app\/uploads\/2025\/05\/segu-benitatxell-scaled.jpg","datePublished":"2025-05-30T07:14:40+00:00","dateModified":"2025-05-30T07:17:41+00:00","breadcrumb":{"@id":"https:\/\/canfali.com\/ca-es\/els-indexs-de-delinquencia-descendeixen-a-benitatxell\/#breadcrumb"},"inLanguage":"va-ES","potentialAction":[{"@type":"ReadAction","target":["https:\/\/canfali.com\/ca-es\/els-indexs-de-delinquencia-descendeixen-a-benitatxell\/"]}]},{"@type":"ImageObject","inLanguage":"va-ES","@id":"https:\/\/canfali.com\/ca-es\/els-indexs-de-delinquencia-descendeixen-a-benitatxell\/#primaryimage","url":"https:\/\/canfali.com\/app\/uploads\/2025\/05\/segu-benitatxell-scaled.jpg","contentUrl":"https:\/\/canfali.com\/app\/uploads\/2025\/05\/segu-benitatxell-scaled.jpg","width":2560,"height":1920},{"@type":"BreadcrumbList","@id":"https:\/\/canfali.com\/ca-es\/els-indexs-de-delinquencia-descendeixen-a-benitatxell\/#breadcrumb","itemListElement":[{"@type":"ListItem","position":1,"name":"Portada","item":"https:\/\/canfali.com\/ca-es\/"},{"@type":"ListItem","position":2,"name":"Els \u00edndexs de delinq\u00fc\u00e8ncia descendeixen a Benitatxell"}]},{"@type":"WebSite","@id":"https:\/\/canfali.com\/ca-es\/#website","url":"https:\/\/canfali.com\/ca-es\/","name":"Canfali","description":"","publisher":{"@id":"https:\/\/canfali.com\/ca-es\/#organization"},"potentialAction":[{"@type":"SearchAction","target":{"@type":"EntryPoint","urlTemplate":"https:\/\/canfali.com\/ca-es\/?s={search_term_string}"},"query-input":{"@type":"PropertyValueSpecification","valueRequired":true,"valueName":"search_term_string"}}],"inLanguage":"va-ES"},{"@type":"Organization","@id":"https:\/\/canfali.com\/ca-es\/#organization","name":"Canfali","url":"https:\/\/canfali.com\/ca-es\/","logo":{"@type":"ImageObject","inLanguage":"va-ES","@id":"https:\/\/canfali.com\/ca-es\/#\/schema\/logo\/image\/","url":"https:\/\/canfali.com\/app\/uploads\/2025\/12\/canfali_marina_alta_logo.png","contentUrl":"https:\/\/canfali.com\/app\/uploads\/2025\/12\/canfali_marina_alta_logo.png","width":225,"height":225,"caption":"Canfali"},"image":{"@id":"https:\/\/canfali.com\/ca-es\/#\/schema\/logo\/image\/"},"sameAs":["https:\/\/es-es.facebook.com\/CANFALIMarinaAlta","https:\/\/x.com\/canfalima","https:\/\/www.instagram.com\/canfalimarinaalta\/"]},{"@type":"Person","@id":"https:\/\/canfali.com\/ca-es\/#\/schema\/person\/5211f51be1ed486a218e6a4f53355b6d","name":"D\u00eddac","image":{"@type":"ImageObject","inLanguage":"va-ES","@id":"https:\/\/secure.gravatar.com\/avatar\/a68a2078c12da8a6dd6cff4f3f3f69f7eb69a2d31ac1aac4da61c3761e4557f4?s=96&d=mm&r=g","url":"https:\/\/secure.gravatar.com\/avatar\/a68a2078c12da8a6dd6cff4f3f3f69f7eb69a2d31ac1aac4da61c3761e4557f4?s=96&d=mm&r=g","contentUrl":"https:\/\/secure.gravatar.com\/avatar\/a68a2078c12da8a6dd6cff4f3f3f69f7eb69a2d31ac1aac4da61c3761e4557f4?s=96&d=mm&r=g","caption":"D\u00eddac"},"url":"https:\/\/canfali.com\/ca-es\/author\/didac\/"}]}},"_links":{"self":[{"href":"https:\/\/canfali.com\/ca-es\/wp-json\/wp\/v2\/posts\/64846","targetHints":{"allow":["GET"]}}],"collection":[{"href":"https:\/\/canfali.com\/ca-es\/wp-json\/wp\/v2\/posts"}],"about":[{"href":"https:\/\/canfali.com\/ca-es\/wp-json\/wp\/v2\/types\/post"}],"author":[{"embeddable":true,"href":"https:\/\/canfali.com\/ca-es\/wp-json\/wp\/v2\/users\/5"}],"replies":[{"embeddable":true,"href":"https:\/\/canfali.com\/ca-es\/wp-json\/wp\/v2\/comments?post=64846"}],"version-history":[{"count":1,"href":"https:\/\/canfali.com\/ca-es\/wp-json\/wp\/v2\/posts\/64846\/revisions"}],"predecessor-version":[{"id":64847,"href":"https:\/\/canfali.com\/ca-es\/wp-json\/wp\/v2\/posts\/64846\/revisions\/64847"}],"wp:featuredmedia":[{"embeddable":true,"href":"https:\/\/canfali.com\/ca-es\/wp-json\/wp\/v2\/media\/64844"}],"wp:attachment":[{"href":"https:\/\/canfali.com\/ca-es\/wp-json\/wp\/v2\/media?parent=64846"}],"wp:term":[{"taxonomy":"category","embeddable":true,"href":"https:\/\/canfali.com\/ca-es\/wp-json\/wp\/v2\/categories?post=64846"},{"taxonomy":"post_tag","embeddable":true,"href":"https:\/\/canfali.com\/ca-es\/wp-json\/wp\/v2\/tags?post=64846"}],"curies":[{"name":"wp","href":"https:\/\/api.w.org\/{rel}","templated":true}]}}