{"id":64834,"date":"2025-05-29T17:19:35","date_gmt":"2025-05-29T15:19:35","guid":{"rendered":"https:\/\/canfali.com\/?p=64834"},"modified":"2025-05-29T17:19:36","modified_gmt":"2025-05-29T15:19:36","slug":"onze-actuacions-per-a-millorar-i-lhabitabilitat-a-pego","status":"publish","type":"post","link":"https:\/\/canfali.com\/ca-es\/onze-actuacions-per-a-millorar-i-lhabitabilitat-a-pego\/","title":{"rendered":"Onze actuacions per a millorar  i l\u2019habitabilitat a Pego"},"content":{"rendered":"\n<p><strong>L\u2019equip de govern socialista confirma que portar\u00e0 al pr\u00f2xim ple ordinari una modificaci\u00f3 de cr\u00e8dit de 451.715,35 euros<\/strong><\/p>\n\n\n\n<p>La millora en l\u2019habitabilitat i l\u2019accessibilitat del casc urb\u00e0 de Pego han motivat a l\u2019equip de govern socialista e elevar a ple una modificaci\u00f3 de cr\u00e8dit de 451.715,35 euros per a escometre les onze actuacions programades en eixe sentit.<\/p>\n\n\n\n<p>&nbsp;&nbsp;&nbsp;&nbsp;&nbsp;&nbsp; D\u2019aquestes, les m\u00e9s quantioses son les destinades a finalitzar el nou parc viari situat al costat del centre escolar Ambra al canvi i al canvi dels parc infantils de la pla\u00e7a del Convent i la zona pr\u00f2xima al pavell\u00f3 esportiu municipal Ausi\u00e0s March, amb 115.000 euros cadascuna.<\/p>\n\n\n\n<p>&nbsp;&nbsp;&nbsp;&nbsp;&nbsp;&nbsp; Altres intervencions destacables quantitativament son la reparaci\u00f3 de la xarxa de clavegueram en el pol\u00edgon industrial per 76.000 euros, &nbsp;de voreres en diferents punts de l\u2019entramat urb\u00e0 per 48.500, en els carrers del cementeri municipal per 24.000 i un sot en l\u2019avinguda d\u2019Oliva per 8.132,22 amb la finalitat d\u2019evitar i prevenir qualsevol incident.<\/p>\n\n\n\n<p>&nbsp;&nbsp;&nbsp;&nbsp;&nbsp;&nbsp; A banda, el paquet ha previst tamb\u00e9 18.083,13 euros per al canvi de bombes per a la piscina municipal La Trilladora, que , segons ressalten en una nota \u201ces tracta d&#8217;una actuaci\u00f3 imprescindible per al perfecte funcionament i manteniment d\u2019aquest recinte d&#8217;oci amb vistes a l\u2019obertura de portes que t\u00e9 previst produir-se en breu\u201d.<\/p>\n\n\n\n<p>&nbsp;&nbsp;&nbsp;&nbsp;&nbsp;&nbsp; Tamb\u00e9 es destinaran 13.000 euros per a la compra de maquin\u00e0ria d&#8217;\u00fas per a la brigada municipal i 6.000 euros per a facilitar i millora el treball dels operaris encarregats de la jardineria en el municipi.<\/p>\n\n\n\n<p>&nbsp;&nbsp;&nbsp;&nbsp;&nbsp;&nbsp; La seguretat ha estat tamb\u00e9 contemplada en la mesura al incloure 18.000 euros per a la instal\u00b7laci\u00f3 de c\u00e0meres de vigil\u00e0ncia en les entrades del municipi i la reguarda de la for\u00e7a de seguretat local. Iniciativa amb la que tracten de satisfer els requeriments formulats en eixe sentit pel departament de la Policia Local.<\/p>\n\n\n\n<p>&nbsp;&nbsp;&nbsp;&nbsp;&nbsp;&nbsp; Tot aix\u00f2 a m\u00e9s d\u2019augmentar la dotaci\u00f3 de la partida destinada al de manteniment dels CEIP\u2019s.<\/p>\n","protected":false},"excerpt":{"rendered":"L\u2019equip de govern socialista confirma que portar\u00e0 al pr\u00f2xim ple ordinari una modificaci\u00f3 de cr\u00e8dit de 451.715,35 euros&hellip;","protected":false},"author":4,"featured_media":64835,"comment_status":"closed","ping_status":"closed","sticky":false,"template":"","format":"standard","meta":{"csco_display_header_overlay":false,"csco_singular_sidebar":"","csco_page_header_type":"","csco_page_load_nextpost":"","csco_post_video_location":[],"csco_post_video_location_hash":"","csco_post_video_url":"","csco_post_video_bg_start_time":0,"csco_post_video_bg_end_time":0,"footnotes":""},"categories":[614],"tags":[2482,2481,642,2483],"class_list":{"0":"post-64834","1":"post","2":"type-post","3":"status-publish","4":"format-standard","5":"has-post-thumbnail","7":"category-municipal-ca-es","8":"tag-credit","9":"tag-modificacio","10":"tag-pego-2","11":"tag-plenari","12":"cs-entry","13":"cs-video-wrap"},"yoast_head":"<!-- This site is optimized with the Yoast SEO Premium plugin v26.6 (Yoast SEO v27.3) - https:\/\/yoast.com\/product\/yoast-seo-premium-wordpress\/ -->\n<title>Onze actuacions per a millorar i l\u2019habitabilitat a Pego - Canfali<\/title>\n<meta name=\"robots\" content=\"index, follow, max-snippet:-1, max-image-preview:large, max-video-preview:-1\" \/>\n<link rel=\"canonical\" href=\"https:\/\/canfali.com\/ca-es\/onze-actuacions-per-a-millorar-i-lhabitabilitat-a-pego\/\" \/>\n<meta property=\"og:locale\" content=\"en_US\" \/>\n<meta property=\"og:type\" content=\"article\" \/>\n<meta property=\"og:title\" content=\"Onze actuacions per a millorar i l\u2019habitabilitat a Pego\" \/>\n<meta property=\"og:description\" content=\"L\u2019equip de govern socialista confirma que portar\u00e0 al pr\u00f2xim ple ordinari una modificaci\u00f3 de cr\u00e8dit de 451.715,35 euros&hellip;\" \/>\n<meta property=\"og:url\" content=\"https:\/\/canfali.com\/ca-es\/onze-actuacions-per-a-millorar-i-lhabitabilitat-a-pego\/\" \/>\n<meta property=\"og:site_name\" content=\"Canfali\" \/>\n<meta property=\"article:publisher\" content=\"https:\/\/es-es.facebook.com\/CANFALIMarinaAlta\" \/>\n<meta property=\"article:published_time\" content=\"2025-05-29T15:19:35+00:00\" \/>\n<meta property=\"article:modified_time\" content=\"2025-05-29T15:19:36+00:00\" \/>\n<meta property=\"og:image\" content=\"https:\/\/canfali.com\/app\/uploads\/2025\/05\/plenopego-equipgobpspv.jpg\" \/>\n\t<meta property=\"og:image:width\" content=\"2168\" \/>\n\t<meta property=\"og:image:height\" content=\"1496\" \/>\n\t<meta property=\"og:image:type\" content=\"image\/jpeg\" \/>\n<meta name=\"author\" content=\"JJ Mas\" \/>\n<meta name=\"twitter:card\" content=\"summary_large_image\" \/>\n<meta name=\"twitter:creator\" content=\"@canfalima\" \/>\n<meta name=\"twitter:site\" content=\"@canfalima\" \/>\n<meta name=\"twitter:label1\" content=\"Written by\" \/>\n\t<meta name=\"twitter:data1\" content=\"JJ Mas\" \/>\n\t<meta name=\"twitter:label2\" content=\"Est. reading time\" \/>\n\t<meta name=\"twitter:data2\" content=\"2 minutes\" \/>\n<script type=\"application\/ld+json\" class=\"yoast-schema-graph\">{\"@context\":\"https:\\\/\\\/schema.org\",\"@graph\":[{\"@type\":\"NewsArticle\",\"@id\":\"https:\\\/\\\/canfali.com\\\/ca-es\\\/onze-actuacions-per-a-millorar-i-lhabitabilitat-a-pego\\\/#article\",\"isPartOf\":{\"@id\":\"https:\\\/\\\/canfali.com\\\/ca-es\\\/onze-actuacions-per-a-millorar-i-lhabitabilitat-a-pego\\\/\"},\"author\":{\"name\":\"JJ Mas\",\"@id\":\"https:\\\/\\\/canfali.com\\\/ca-es\\\/#\\\/schema\\\/person\\\/d834d2d4df17cac754d3c314d4c404ef\"},\"headline\":\"Onze actuacions per a millorar i l\u2019habitabilitat a Pego\",\"datePublished\":\"2025-05-29T15:19:35+00:00\",\"dateModified\":\"2025-05-29T15:19:36+00:00\",\"mainEntityOfPage\":{\"@id\":\"https:\\\/\\\/canfali.com\\\/ca-es\\\/onze-actuacions-per-a-millorar-i-lhabitabilitat-a-pego\\\/\"},\"wordCount\":382,\"publisher\":{\"@id\":\"https:\\\/\\\/canfali.com\\\/ca-es\\\/#organization\"},\"image\":{\"@id\":\"https:\\\/\\\/canfali.com\\\/ca-es\\\/onze-actuacions-per-a-millorar-i-lhabitabilitat-a-pego\\\/#primaryimage\"},\"thumbnailUrl\":\"https:\\\/\\\/canfali.com\\\/app\\\/uploads\\\/2025\\\/05\\\/plenopego-equipgobpspv.jpg\",\"keywords\":[\"cr\u00e9dit\",\"modificaci\u00f3\",\"Pego\",\"plenari\"],\"articleSection\":[\"Municipal\"],\"inLanguage\":\"va-ES\",\"copyrightYear\":\"2025\",\"copyrightHolder\":{\"@id\":\"https:\\\/\\\/canfali.com\\\/#organization\"}},{\"@type\":\"WebPage\",\"@id\":\"https:\\\/\\\/canfali.com\\\/ca-es\\\/onze-actuacions-per-a-millorar-i-lhabitabilitat-a-pego\\\/\",\"url\":\"https:\\\/\\\/canfali.com\\\/ca-es\\\/onze-actuacions-per-a-millorar-i-lhabitabilitat-a-pego\\\/\",\"name\":\"Onze actuacions per a millorar i l\u2019habitabilitat a Pego - Canfali\",\"isPartOf\":{\"@id\":\"https:\\\/\\\/canfali.com\\\/ca-es\\\/#website\"},\"primaryImageOfPage\":{\"@id\":\"https:\\\/\\\/canfali.com\\\/ca-es\\\/onze-actuacions-per-a-millorar-i-lhabitabilitat-a-pego\\\/#primaryimage\"},\"image\":{\"@id\":\"https:\\\/\\\/canfali.com\\\/ca-es\\\/onze-actuacions-per-a-millorar-i-lhabitabilitat-a-pego\\\/#primaryimage\"},\"thumbnailUrl\":\"https:\\\/\\\/canfali.com\\\/app\\\/uploads\\\/2025\\\/05\\\/plenopego-equipgobpspv.jpg\",\"datePublished\":\"2025-05-29T15:19:35+00:00\",\"dateModified\":\"2025-05-29T15:19:36+00:00\",\"breadcrumb\":{\"@id\":\"https:\\\/\\\/canfali.com\\\/ca-es\\\/onze-actuacions-per-a-millorar-i-lhabitabilitat-a-pego\\\/#breadcrumb\"},\"inLanguage\":\"va-ES\",\"potentialAction\":[{\"@type\":\"ReadAction\",\"target\":[\"https:\\\/\\\/canfali.com\\\/ca-es\\\/onze-actuacions-per-a-millorar-i-lhabitabilitat-a-pego\\\/\"]}]},{\"@type\":\"ImageObject\",\"inLanguage\":\"va-ES\",\"@id\":\"https:\\\/\\\/canfali.com\\\/ca-es\\\/onze-actuacions-per-a-millorar-i-lhabitabilitat-a-pego\\\/#primaryimage\",\"url\":\"https:\\\/\\\/canfali.com\\\/app\\\/uploads\\\/2025\\\/05\\\/plenopego-equipgobpspv.jpg\",\"contentUrl\":\"https:\\\/\\\/canfali.com\\\/app\\\/uploads\\\/2025\\\/05\\\/plenopego-equipgobpspv.jpg\",\"width\":2168,\"height\":1496},{\"@type\":\"BreadcrumbList\",\"@id\":\"https:\\\/\\\/canfali.com\\\/ca-es\\\/onze-actuacions-per-a-millorar-i-lhabitabilitat-a-pego\\\/#breadcrumb\",\"itemListElement\":[{\"@type\":\"ListItem\",\"position\":1,\"name\":\"Portada\",\"item\":\"https:\\\/\\\/canfali.com\\\/ca-es\\\/\"},{\"@type\":\"ListItem\",\"position\":2,\"name\":\"Onze actuacions per a millorar i l\u2019habitabilitat a Pego\"}]},{\"@type\":\"WebSite\",\"@id\":\"https:\\\/\\\/canfali.com\\\/ca-es\\\/#website\",\"url\":\"https:\\\/\\\/canfali.com\\\/ca-es\\\/\",\"name\":\"Canfali\",\"description\":\"\",\"publisher\":{\"@id\":\"https:\\\/\\\/canfali.com\\\/ca-es\\\/#organization\"},\"potentialAction\":[{\"@type\":\"SearchAction\",\"target\":{\"@type\":\"EntryPoint\",\"urlTemplate\":\"https:\\\/\\\/canfali.com\\\/ca-es\\\/?s={search_term_string}\"},\"query-input\":{\"@type\":\"PropertyValueSpecification\",\"valueRequired\":true,\"valueName\":\"search_term_string\"}}],\"inLanguage\":\"va-ES\"},{\"@type\":\"Organization\",\"@id\":\"https:\\\/\\\/canfali.com\\\/ca-es\\\/#organization\",\"name\":\"Canfali\",\"url\":\"https:\\\/\\\/canfali.com\\\/ca-es\\\/\",\"logo\":{\"@type\":\"ImageObject\",\"inLanguage\":\"va-ES\",\"@id\":\"https:\\\/\\\/canfali.com\\\/ca-es\\\/#\\\/schema\\\/logo\\\/image\\\/\",\"url\":\"https:\\\/\\\/canfali.com\\\/app\\\/uploads\\\/2025\\\/12\\\/canfali_marina_alta_logo.png\",\"contentUrl\":\"https:\\\/\\\/canfali.com\\\/app\\\/uploads\\\/2025\\\/12\\\/canfali_marina_alta_logo.png\",\"width\":225,\"height\":225,\"caption\":\"Canfali\"},\"image\":{\"@id\":\"https:\\\/\\\/canfali.com\\\/ca-es\\\/#\\\/schema\\\/logo\\\/image\\\/\"},\"sameAs\":[\"https:\\\/\\\/es-es.facebook.com\\\/CANFALIMarinaAlta\",\"https:\\\/\\\/x.com\\\/canfalima\",\"https:\\\/\\\/www.instagram.com\\\/canfalimarinaalta\\\/\"]},{\"@type\":\"Person\",\"@id\":\"https:\\\/\\\/canfali.com\\\/ca-es\\\/#\\\/schema\\\/person\\\/d834d2d4df17cac754d3c314d4c404ef\",\"name\":\"JJ Mas\",\"image\":{\"@type\":\"ImageObject\",\"inLanguage\":\"va-ES\",\"@id\":\"https:\\\/\\\/secure.gravatar.com\\\/avatar\\\/65a5191f5438bf88c2394f6d1a625a6ff903c8785268e603c623a83bc15ba1ee?s=96&d=mm&r=g\",\"url\":\"https:\\\/\\\/secure.gravatar.com\\\/avatar\\\/65a5191f5438bf88c2394f6d1a625a6ff903c8785268e603c623a83bc15ba1ee?s=96&d=mm&r=g\",\"contentUrl\":\"https:\\\/\\\/secure.gravatar.com\\\/avatar\\\/65a5191f5438bf88c2394f6d1a625a6ff903c8785268e603c623a83bc15ba1ee?s=96&d=mm&r=g\",\"caption\":\"JJ Mas\"},\"url\":\"https:\\\/\\\/canfali.com\\\/ca-es\\\/author\\\/jj\\\/\"}]}<\/script>\n<!-- \/ Yoast SEO Premium plugin. -->","yoast_head_json":{"title":"Onze actuacions per a millorar i l\u2019habitabilitat a Pego - Canfali","robots":{"index":"index","follow":"follow","max-snippet":"max-snippet:-1","max-image-preview":"max-image-preview:large","max-video-preview":"max-video-preview:-1"},"canonical":"https:\/\/canfali.com\/ca-es\/onze-actuacions-per-a-millorar-i-lhabitabilitat-a-pego\/","og_locale":"en_US","og_type":"article","og_title":"Onze actuacions per a millorar i l\u2019habitabilitat a Pego","og_description":"L\u2019equip de govern socialista confirma que portar\u00e0 al pr\u00f2xim ple ordinari una modificaci\u00f3 de cr\u00e8dit de 451.715,35 euros&hellip;","og_url":"https:\/\/canfali.com\/ca-es\/onze-actuacions-per-a-millorar-i-lhabitabilitat-a-pego\/","og_site_name":"Canfali","article_publisher":"https:\/\/es-es.facebook.com\/CANFALIMarinaAlta","article_published_time":"2025-05-29T15:19:35+00:00","article_modified_time":"2025-05-29T15:19:36+00:00","og_image":[{"width":2168,"height":1496,"url":"https:\/\/canfali.com\/app\/uploads\/2025\/05\/plenopego-equipgobpspv.jpg","type":"image\/jpeg"}],"author":"JJ Mas","twitter_card":"summary_large_image","twitter_creator":"@canfalima","twitter_site":"@canfalima","twitter_misc":{"Written by":"JJ Mas","Est. reading time":"2 minutes"},"schema":{"@context":"https:\/\/schema.org","@graph":[{"@type":"NewsArticle","@id":"https:\/\/canfali.com\/ca-es\/onze-actuacions-per-a-millorar-i-lhabitabilitat-a-pego\/#article","isPartOf":{"@id":"https:\/\/canfali.com\/ca-es\/onze-actuacions-per-a-millorar-i-lhabitabilitat-a-pego\/"},"author":{"name":"JJ Mas","@id":"https:\/\/canfali.com\/ca-es\/#\/schema\/person\/d834d2d4df17cac754d3c314d4c404ef"},"headline":"Onze actuacions per a millorar i l\u2019habitabilitat a Pego","datePublished":"2025-05-29T15:19:35+00:00","dateModified":"2025-05-29T15:19:36+00:00","mainEntityOfPage":{"@id":"https:\/\/canfali.com\/ca-es\/onze-actuacions-per-a-millorar-i-lhabitabilitat-a-pego\/"},"wordCount":382,"publisher":{"@id":"https:\/\/canfali.com\/ca-es\/#organization"},"image":{"@id":"https:\/\/canfali.com\/ca-es\/onze-actuacions-per-a-millorar-i-lhabitabilitat-a-pego\/#primaryimage"},"thumbnailUrl":"https:\/\/canfali.com\/app\/uploads\/2025\/05\/plenopego-equipgobpspv.jpg","keywords":["cr\u00e9dit","modificaci\u00f3","Pego","plenari"],"articleSection":["Municipal"],"inLanguage":"va-ES","copyrightYear":"2025","copyrightHolder":{"@id":"https:\/\/canfali.com\/#organization"}},{"@type":"WebPage","@id":"https:\/\/canfali.com\/ca-es\/onze-actuacions-per-a-millorar-i-lhabitabilitat-a-pego\/","url":"https:\/\/canfali.com\/ca-es\/onze-actuacions-per-a-millorar-i-lhabitabilitat-a-pego\/","name":"Onze actuacions per a millorar i l\u2019habitabilitat a Pego - Canfali","isPartOf":{"@id":"https:\/\/canfali.com\/ca-es\/#website"},"primaryImageOfPage":{"@id":"https:\/\/canfali.com\/ca-es\/onze-actuacions-per-a-millorar-i-lhabitabilitat-a-pego\/#primaryimage"},"image":{"@id":"https:\/\/canfali.com\/ca-es\/onze-actuacions-per-a-millorar-i-lhabitabilitat-a-pego\/#primaryimage"},"thumbnailUrl":"https:\/\/canfali.com\/app\/uploads\/2025\/05\/plenopego-equipgobpspv.jpg","datePublished":"2025-05-29T15:19:35+00:00","dateModified":"2025-05-29T15:19:36+00:00","breadcrumb":{"@id":"https:\/\/canfali.com\/ca-es\/onze-actuacions-per-a-millorar-i-lhabitabilitat-a-pego\/#breadcrumb"},"inLanguage":"va-ES","potentialAction":[{"@type":"ReadAction","target":["https:\/\/canfali.com\/ca-es\/onze-actuacions-per-a-millorar-i-lhabitabilitat-a-pego\/"]}]},{"@type":"ImageObject","inLanguage":"va-ES","@id":"https:\/\/canfali.com\/ca-es\/onze-actuacions-per-a-millorar-i-lhabitabilitat-a-pego\/#primaryimage","url":"https:\/\/canfali.com\/app\/uploads\/2025\/05\/plenopego-equipgobpspv.jpg","contentUrl":"https:\/\/canfali.com\/app\/uploads\/2025\/05\/plenopego-equipgobpspv.jpg","width":2168,"height":1496},{"@type":"BreadcrumbList","@id":"https:\/\/canfali.com\/ca-es\/onze-actuacions-per-a-millorar-i-lhabitabilitat-a-pego\/#breadcrumb","itemListElement":[{"@type":"ListItem","position":1,"name":"Portada","item":"https:\/\/canfali.com\/ca-es\/"},{"@type":"ListItem","position":2,"name":"Onze actuacions per a millorar i l\u2019habitabilitat a Pego"}]},{"@type":"WebSite","@id":"https:\/\/canfali.com\/ca-es\/#website","url":"https:\/\/canfali.com\/ca-es\/","name":"Canfali","description":"","publisher":{"@id":"https:\/\/canfali.com\/ca-es\/#organization"},"potentialAction":[{"@type":"SearchAction","target":{"@type":"EntryPoint","urlTemplate":"https:\/\/canfali.com\/ca-es\/?s={search_term_string}"},"query-input":{"@type":"PropertyValueSpecification","valueRequired":true,"valueName":"search_term_string"}}],"inLanguage":"va-ES"},{"@type":"Organization","@id":"https:\/\/canfali.com\/ca-es\/#organization","name":"Canfali","url":"https:\/\/canfali.com\/ca-es\/","logo":{"@type":"ImageObject","inLanguage":"va-ES","@id":"https:\/\/canfali.com\/ca-es\/#\/schema\/logo\/image\/","url":"https:\/\/canfali.com\/app\/uploads\/2025\/12\/canfali_marina_alta_logo.png","contentUrl":"https:\/\/canfali.com\/app\/uploads\/2025\/12\/canfali_marina_alta_logo.png","width":225,"height":225,"caption":"Canfali"},"image":{"@id":"https:\/\/canfali.com\/ca-es\/#\/schema\/logo\/image\/"},"sameAs":["https:\/\/es-es.facebook.com\/CANFALIMarinaAlta","https:\/\/x.com\/canfalima","https:\/\/www.instagram.com\/canfalimarinaalta\/"]},{"@type":"Person","@id":"https:\/\/canfali.com\/ca-es\/#\/schema\/person\/d834d2d4df17cac754d3c314d4c404ef","name":"JJ Mas","image":{"@type":"ImageObject","inLanguage":"va-ES","@id":"https:\/\/secure.gravatar.com\/avatar\/65a5191f5438bf88c2394f6d1a625a6ff903c8785268e603c623a83bc15ba1ee?s=96&d=mm&r=g","url":"https:\/\/secure.gravatar.com\/avatar\/65a5191f5438bf88c2394f6d1a625a6ff903c8785268e603c623a83bc15ba1ee?s=96&d=mm&r=g","contentUrl":"https:\/\/secure.gravatar.com\/avatar\/65a5191f5438bf88c2394f6d1a625a6ff903c8785268e603c623a83bc15ba1ee?s=96&d=mm&r=g","caption":"JJ Mas"},"url":"https:\/\/canfali.com\/ca-es\/author\/jj\/"}]}},"_links":{"self":[{"href":"https:\/\/canfali.com\/ca-es\/wp-json\/wp\/v2\/posts\/64834","targetHints":{"allow":["GET"]}}],"collection":[{"href":"https:\/\/canfali.com\/ca-es\/wp-json\/wp\/v2\/posts"}],"about":[{"href":"https:\/\/canfali.com\/ca-es\/wp-json\/wp\/v2\/types\/post"}],"author":[{"embeddable":true,"href":"https:\/\/canfali.com\/ca-es\/wp-json\/wp\/v2\/users\/4"}],"replies":[{"embeddable":true,"href":"https:\/\/canfali.com\/ca-es\/wp-json\/wp\/v2\/comments?post=64834"}],"version-history":[{"count":1,"href":"https:\/\/canfali.com\/ca-es\/wp-json\/wp\/v2\/posts\/64834\/revisions"}],"predecessor-version":[{"id":64837,"href":"https:\/\/canfali.com\/ca-es\/wp-json\/wp\/v2\/posts\/64834\/revisions\/64837"}],"wp:featuredmedia":[{"embeddable":true,"href":"https:\/\/canfali.com\/ca-es\/wp-json\/wp\/v2\/media\/64835"}],"wp:attachment":[{"href":"https:\/\/canfali.com\/ca-es\/wp-json\/wp\/v2\/media?parent=64834"}],"wp:term":[{"taxonomy":"category","embeddable":true,"href":"https:\/\/canfali.com\/ca-es\/wp-json\/wp\/v2\/categories?post=64834"},{"taxonomy":"post_tag","embeddable":true,"href":"https:\/\/canfali.com\/ca-es\/wp-json\/wp\/v2\/tags?post=64834"}],"curies":[{"name":"wp","href":"https:\/\/api.w.org\/{rel}","templated":true}]}}