{"id":64824,"date":"2025-05-29T11:46:56","date_gmt":"2025-05-29T09:46:56","guid":{"rendered":"https:\/\/canfali.com\/?p=64824"},"modified":"2025-05-29T11:52:22","modified_gmt":"2025-05-29T09:52:22","slug":"musica-de-plectre-per-presentar-el-vii-sonafilm-a-ondara","status":"publish","type":"post","link":"https:\/\/canfali.com\/ca-es\/musica-de-plectre-per-presentar-el-vii-sonafilm-a-ondara\/","title":{"rendered":"M\u00fasica de plectre per presentar el VII Sonafilm a Ondara"},"content":{"rendered":"\n<p><strong>L\u2019orquestra Valencia Pols I P\u00faa CIM Benimaclet reviu la m\u00e0gia de la m\u00fasica per a cinema a l\u2019Auditori<\/strong><\/p>\n\n\n\n<p>L\u2019Auditori Municipal <em>Valeri\u00e0 Gil<\/em> d\u2019Ondara ha estat l\u2019escenari del concert de presentaci\u00f3 del VII Sonafilm amb una original convocat\u00f2ria musical on l\u2019orquestra Valencia Pols I P\u00faa CIM Benimaclet ha reinterpretat diferents bandes sonores sota la batuta de Cristina Boj, despr\u00e9s d\u2019oficialitzar l\u2019esdeveniment la jornada abans en la seu de l\u2019SGAE de Madrid amb la pres\u00e8ncia dels representants dels municipis participants.<\/p>\n\n\n\n<p>&nbsp;&nbsp;&nbsp;&nbsp;&nbsp;&nbsp; Aix\u00ed, temes referencials de Indiana Jones, Jurassic Park, Els Pirates del Carib o Star Wars han estat adaptats a la instrumentaci\u00f3 t\u00edpica de plecte de les rondalles que ha suposat tota una experi\u00e8ncia de tonades populars que els assistents al concert gaudiren en identificar el ritme de cada banda sonora.<\/p>\n\n\n\n<p>&nbsp;&nbsp;&nbsp;&nbsp;&nbsp;&nbsp; D\u2019eixa manera, la centen\u00e0ria rondalla valenciana reivindicava una traject\u00f2ria que es remunta a 1918, quan naix sota la direcci\u00f3 d\u2019Estanislao Marco, qui en 1950 fou rellevat per Patricio Galindo i comen\u00e7a a assajar en el Centre Instructiu Musical (CIM) de Benimaclet, en que suposaria el canvi de nom original i l\u2019\u00e8poca d\u2019or d\u2019una formaci\u00f3 que deixaria l\u2019activitat fins a 1999, any en qu\u00e8 assumeix la direcci\u00f3 Carmen Monta\u00f1ana i es canvia el nom a Orquestra Val\u00e8ncia de Pols i Pua CIM Benimaclet.<\/p>\n","protected":false},"excerpt":{"rendered":"L\u2019orquestra Valencia Pols I P\u00faa CIM Benimaclet reviu la m\u00e0gia de la m\u00fasica per a cinema a l\u2019Auditori&hellip;","protected":false},"author":4,"featured_media":64822,"comment_status":"closed","ping_status":"closed","sticky":false,"template":"","format":"standard","meta":{"csco_display_header_overlay":false,"csco_singular_sidebar":"","csco_page_header_type":"","csco_page_load_nextpost":"","csco_post_video_location":[],"csco_post_video_location_hash":"","csco_post_video_url":"","csco_post_video_bg_start_time":0,"csco_post_video_bg_end_time":0,"footnotes":""},"categories":[597],"tags":[1957,1513,718,978,1216],"class_list":{"0":"post-64824","1":"post","2":"type-post","3":"status-publish","4":"format-standard","5":"has-post-thumbnail","7":"category-cultura-ca-es","8":"tag-cine-ca-es","9":"tag-festival","10":"tag-marina-alta","11":"tag-musica-2","12":"tag-presentacio","13":"cs-entry","14":"cs-video-wrap"},"yoast_head":"<!-- This site is optimized with the Yoast SEO Premium plugin v26.6 (Yoast SEO v27.3) - https:\/\/yoast.com\/product\/yoast-seo-premium-wordpress\/ -->\n<title>M\u00fasica de plectre per presentar el VII Sonafilm a Ondara - Canfali<\/title>\n<meta name=\"robots\" content=\"index, follow, max-snippet:-1, max-image-preview:large, max-video-preview:-1\" \/>\n<link rel=\"canonical\" href=\"https:\/\/canfali.com\/ca-es\/musica-de-plectre-per-presentar-el-vii-sonafilm-a-ondara\/\" \/>\n<meta property=\"og:locale\" content=\"en_US\" \/>\n<meta property=\"og:type\" content=\"article\" \/>\n<meta property=\"og:title\" content=\"M\u00fasica de plectre per presentar el VII Sonafilm a Ondara\" \/>\n<meta property=\"og:description\" content=\"L\u2019orquestra Valencia Pols I P\u00faa CIM Benimaclet reviu la m\u00e0gia de la m\u00fasica per a cinema a l\u2019Auditori&hellip;\" \/>\n<meta property=\"og:url\" content=\"https:\/\/canfali.com\/ca-es\/musica-de-plectre-per-presentar-el-vii-sonafilm-a-ondara\/\" \/>\n<meta property=\"og:site_name\" content=\"Canfali\" \/>\n<meta property=\"article:publisher\" content=\"https:\/\/es-es.facebook.com\/CANFALIMarinaAlta\" \/>\n<meta property=\"article:published_time\" content=\"2025-05-29T09:46:56+00:00\" \/>\n<meta property=\"article:modified_time\" content=\"2025-05-29T09:52:22+00:00\" \/>\n<meta property=\"og:image\" content=\"https:\/\/canfali.com\/app\/uploads\/2025\/05\/polsipuabenimaclet-scaled.jpg\" \/>\n\t<meta property=\"og:image:width\" content=\"2560\" \/>\n\t<meta property=\"og:image:height\" content=\"1183\" \/>\n\t<meta property=\"og:image:type\" content=\"image\/jpeg\" \/>\n<meta name=\"author\" content=\"JJ Mas\" \/>\n<meta name=\"twitter:card\" content=\"summary_large_image\" \/>\n<meta name=\"twitter:creator\" content=\"@canfalima\" \/>\n<meta name=\"twitter:site\" content=\"@canfalima\" \/>\n<meta name=\"twitter:label1\" content=\"Written by\" \/>\n\t<meta name=\"twitter:data1\" content=\"JJ Mas\" \/>\n\t<meta name=\"twitter:label2\" content=\"Est. reading time\" \/>\n\t<meta name=\"twitter:data2\" content=\"1 minute\" \/>\n<script type=\"application\/ld+json\" class=\"yoast-schema-graph\">{\"@context\":\"https:\\\/\\\/schema.org\",\"@graph\":[{\"@type\":\"NewsArticle\",\"@id\":\"https:\\\/\\\/canfali.com\\\/ca-es\\\/musica-de-plectre-per-presentar-el-vii-sonafilm-a-ondara\\\/#article\",\"isPartOf\":{\"@id\":\"https:\\\/\\\/canfali.com\\\/ca-es\\\/musica-de-plectre-per-presentar-el-vii-sonafilm-a-ondara\\\/\"},\"author\":{\"name\":\"JJ Mas\",\"@id\":\"https:\\\/\\\/canfali.com\\\/ca-es\\\/#\\\/schema\\\/person\\\/d834d2d4df17cac754d3c314d4c404ef\"},\"headline\":\"M\u00fasica de plectre per presentar el VII Sonafilm a Ondara\",\"datePublished\":\"2025-05-29T09:46:56+00:00\",\"dateModified\":\"2025-05-29T09:52:22+00:00\",\"mainEntityOfPage\":{\"@id\":\"https:\\\/\\\/canfali.com\\\/ca-es\\\/musica-de-plectre-per-presentar-el-vii-sonafilm-a-ondara\\\/\"},\"wordCount\":259,\"publisher\":{\"@id\":\"https:\\\/\\\/canfali.com\\\/ca-es\\\/#organization\"},\"image\":{\"@id\":\"https:\\\/\\\/canfali.com\\\/ca-es\\\/musica-de-plectre-per-presentar-el-vii-sonafilm-a-ondara\\\/#primaryimage\"},\"thumbnailUrl\":\"https:\\\/\\\/canfali.com\\\/app\\\/uploads\\\/2025\\\/05\\\/polsipuabenimaclet-scaled.jpg\",\"keywords\":[\"cine\",\"festival\",\"Marina Alta\",\"musica\",\"presentaci\u00f3\"],\"articleSection\":[\"Cultura\"],\"inLanguage\":\"va-ES\",\"copyrightYear\":\"2025\",\"copyrightHolder\":{\"@id\":\"https:\\\/\\\/canfali.com\\\/#organization\"}},{\"@type\":\"WebPage\",\"@id\":\"https:\\\/\\\/canfali.com\\\/ca-es\\\/musica-de-plectre-per-presentar-el-vii-sonafilm-a-ondara\\\/\",\"url\":\"https:\\\/\\\/canfali.com\\\/ca-es\\\/musica-de-plectre-per-presentar-el-vii-sonafilm-a-ondara\\\/\",\"name\":\"M\u00fasica de plectre per presentar el VII Sonafilm a Ondara - Canfali\",\"isPartOf\":{\"@id\":\"https:\\\/\\\/canfali.com\\\/ca-es\\\/#website\"},\"primaryImageOfPage\":{\"@id\":\"https:\\\/\\\/canfali.com\\\/ca-es\\\/musica-de-plectre-per-presentar-el-vii-sonafilm-a-ondara\\\/#primaryimage\"},\"image\":{\"@id\":\"https:\\\/\\\/canfali.com\\\/ca-es\\\/musica-de-plectre-per-presentar-el-vii-sonafilm-a-ondara\\\/#primaryimage\"},\"thumbnailUrl\":\"https:\\\/\\\/canfali.com\\\/app\\\/uploads\\\/2025\\\/05\\\/polsipuabenimaclet-scaled.jpg\",\"datePublished\":\"2025-05-29T09:46:56+00:00\",\"dateModified\":\"2025-05-29T09:52:22+00:00\",\"breadcrumb\":{\"@id\":\"https:\\\/\\\/canfali.com\\\/ca-es\\\/musica-de-plectre-per-presentar-el-vii-sonafilm-a-ondara\\\/#breadcrumb\"},\"inLanguage\":\"va-ES\",\"potentialAction\":[{\"@type\":\"ReadAction\",\"target\":[\"https:\\\/\\\/canfali.com\\\/ca-es\\\/musica-de-plectre-per-presentar-el-vii-sonafilm-a-ondara\\\/\"]}]},{\"@type\":\"ImageObject\",\"inLanguage\":\"va-ES\",\"@id\":\"https:\\\/\\\/canfali.com\\\/ca-es\\\/musica-de-plectre-per-presentar-el-vii-sonafilm-a-ondara\\\/#primaryimage\",\"url\":\"https:\\\/\\\/canfali.com\\\/app\\\/uploads\\\/2025\\\/05\\\/polsipuabenimaclet-scaled.jpg\",\"contentUrl\":\"https:\\\/\\\/canfali.com\\\/app\\\/uploads\\\/2025\\\/05\\\/polsipuabenimaclet-scaled.jpg\",\"width\":2560,\"height\":1183},{\"@type\":\"BreadcrumbList\",\"@id\":\"https:\\\/\\\/canfali.com\\\/ca-es\\\/musica-de-plectre-per-presentar-el-vii-sonafilm-a-ondara\\\/#breadcrumb\",\"itemListElement\":[{\"@type\":\"ListItem\",\"position\":1,\"name\":\"Portada\",\"item\":\"https:\\\/\\\/canfali.com\\\/ca-es\\\/\"},{\"@type\":\"ListItem\",\"position\":2,\"name\":\"M\u00fasica de plectre per presentar el VII Sonafilm a Ondara\"}]},{\"@type\":\"WebSite\",\"@id\":\"https:\\\/\\\/canfali.com\\\/ca-es\\\/#website\",\"url\":\"https:\\\/\\\/canfali.com\\\/ca-es\\\/\",\"name\":\"Canfali\",\"description\":\"\",\"publisher\":{\"@id\":\"https:\\\/\\\/canfali.com\\\/ca-es\\\/#organization\"},\"potentialAction\":[{\"@type\":\"SearchAction\",\"target\":{\"@type\":\"EntryPoint\",\"urlTemplate\":\"https:\\\/\\\/canfali.com\\\/ca-es\\\/?s={search_term_string}\"},\"query-input\":{\"@type\":\"PropertyValueSpecification\",\"valueRequired\":true,\"valueName\":\"search_term_string\"}}],\"inLanguage\":\"va-ES\"},{\"@type\":\"Organization\",\"@id\":\"https:\\\/\\\/canfali.com\\\/ca-es\\\/#organization\",\"name\":\"Canfali\",\"url\":\"https:\\\/\\\/canfali.com\\\/ca-es\\\/\",\"logo\":{\"@type\":\"ImageObject\",\"inLanguage\":\"va-ES\",\"@id\":\"https:\\\/\\\/canfali.com\\\/ca-es\\\/#\\\/schema\\\/logo\\\/image\\\/\",\"url\":\"https:\\\/\\\/canfali.com\\\/app\\\/uploads\\\/2025\\\/12\\\/canfali_marina_alta_logo.png\",\"contentUrl\":\"https:\\\/\\\/canfali.com\\\/app\\\/uploads\\\/2025\\\/12\\\/canfali_marina_alta_logo.png\",\"width\":225,\"height\":225,\"caption\":\"Canfali\"},\"image\":{\"@id\":\"https:\\\/\\\/canfali.com\\\/ca-es\\\/#\\\/schema\\\/logo\\\/image\\\/\"},\"sameAs\":[\"https:\\\/\\\/es-es.facebook.com\\\/CANFALIMarinaAlta\",\"https:\\\/\\\/x.com\\\/canfalima\",\"https:\\\/\\\/www.instagram.com\\\/canfalimarinaalta\\\/\"]},{\"@type\":\"Person\",\"@id\":\"https:\\\/\\\/canfali.com\\\/ca-es\\\/#\\\/schema\\\/person\\\/d834d2d4df17cac754d3c314d4c404ef\",\"name\":\"JJ Mas\",\"image\":{\"@type\":\"ImageObject\",\"inLanguage\":\"va-ES\",\"@id\":\"https:\\\/\\\/secure.gravatar.com\\\/avatar\\\/65a5191f5438bf88c2394f6d1a625a6ff903c8785268e603c623a83bc15ba1ee?s=96&d=mm&r=g\",\"url\":\"https:\\\/\\\/secure.gravatar.com\\\/avatar\\\/65a5191f5438bf88c2394f6d1a625a6ff903c8785268e603c623a83bc15ba1ee?s=96&d=mm&r=g\",\"contentUrl\":\"https:\\\/\\\/secure.gravatar.com\\\/avatar\\\/65a5191f5438bf88c2394f6d1a625a6ff903c8785268e603c623a83bc15ba1ee?s=96&d=mm&r=g\",\"caption\":\"JJ Mas\"},\"url\":\"https:\\\/\\\/canfali.com\\\/ca-es\\\/author\\\/jj\\\/\"}]}<\/script>\n<!-- \/ Yoast SEO Premium plugin. -->","yoast_head_json":{"title":"M\u00fasica de plectre per presentar el VII Sonafilm a Ondara - Canfali","robots":{"index":"index","follow":"follow","max-snippet":"max-snippet:-1","max-image-preview":"max-image-preview:large","max-video-preview":"max-video-preview:-1"},"canonical":"https:\/\/canfali.com\/ca-es\/musica-de-plectre-per-presentar-el-vii-sonafilm-a-ondara\/","og_locale":"en_US","og_type":"article","og_title":"M\u00fasica de plectre per presentar el VII Sonafilm a Ondara","og_description":"L\u2019orquestra Valencia Pols I P\u00faa CIM Benimaclet reviu la m\u00e0gia de la m\u00fasica per a cinema a l\u2019Auditori&hellip;","og_url":"https:\/\/canfali.com\/ca-es\/musica-de-plectre-per-presentar-el-vii-sonafilm-a-ondara\/","og_site_name":"Canfali","article_publisher":"https:\/\/es-es.facebook.com\/CANFALIMarinaAlta","article_published_time":"2025-05-29T09:46:56+00:00","article_modified_time":"2025-05-29T09:52:22+00:00","og_image":[{"width":2560,"height":1183,"url":"https:\/\/canfali.com\/app\/uploads\/2025\/05\/polsipuabenimaclet-scaled.jpg","type":"image\/jpeg"}],"author":"JJ Mas","twitter_card":"summary_large_image","twitter_creator":"@canfalima","twitter_site":"@canfalima","twitter_misc":{"Written by":"JJ Mas","Est. reading time":"1 minute"},"schema":{"@context":"https:\/\/schema.org","@graph":[{"@type":"NewsArticle","@id":"https:\/\/canfali.com\/ca-es\/musica-de-plectre-per-presentar-el-vii-sonafilm-a-ondara\/#article","isPartOf":{"@id":"https:\/\/canfali.com\/ca-es\/musica-de-plectre-per-presentar-el-vii-sonafilm-a-ondara\/"},"author":{"name":"JJ Mas","@id":"https:\/\/canfali.com\/ca-es\/#\/schema\/person\/d834d2d4df17cac754d3c314d4c404ef"},"headline":"M\u00fasica de plectre per presentar el VII Sonafilm a Ondara","datePublished":"2025-05-29T09:46:56+00:00","dateModified":"2025-05-29T09:52:22+00:00","mainEntityOfPage":{"@id":"https:\/\/canfali.com\/ca-es\/musica-de-plectre-per-presentar-el-vii-sonafilm-a-ondara\/"},"wordCount":259,"publisher":{"@id":"https:\/\/canfali.com\/ca-es\/#organization"},"image":{"@id":"https:\/\/canfali.com\/ca-es\/musica-de-plectre-per-presentar-el-vii-sonafilm-a-ondara\/#primaryimage"},"thumbnailUrl":"https:\/\/canfali.com\/app\/uploads\/2025\/05\/polsipuabenimaclet-scaled.jpg","keywords":["cine","festival","Marina Alta","musica","presentaci\u00f3"],"articleSection":["Cultura"],"inLanguage":"va-ES","copyrightYear":"2025","copyrightHolder":{"@id":"https:\/\/canfali.com\/#organization"}},{"@type":"WebPage","@id":"https:\/\/canfali.com\/ca-es\/musica-de-plectre-per-presentar-el-vii-sonafilm-a-ondara\/","url":"https:\/\/canfali.com\/ca-es\/musica-de-plectre-per-presentar-el-vii-sonafilm-a-ondara\/","name":"M\u00fasica de plectre per presentar el VII Sonafilm a Ondara - Canfali","isPartOf":{"@id":"https:\/\/canfali.com\/ca-es\/#website"},"primaryImageOfPage":{"@id":"https:\/\/canfali.com\/ca-es\/musica-de-plectre-per-presentar-el-vii-sonafilm-a-ondara\/#primaryimage"},"image":{"@id":"https:\/\/canfali.com\/ca-es\/musica-de-plectre-per-presentar-el-vii-sonafilm-a-ondara\/#primaryimage"},"thumbnailUrl":"https:\/\/canfali.com\/app\/uploads\/2025\/05\/polsipuabenimaclet-scaled.jpg","datePublished":"2025-05-29T09:46:56+00:00","dateModified":"2025-05-29T09:52:22+00:00","breadcrumb":{"@id":"https:\/\/canfali.com\/ca-es\/musica-de-plectre-per-presentar-el-vii-sonafilm-a-ondara\/#breadcrumb"},"inLanguage":"va-ES","potentialAction":[{"@type":"ReadAction","target":["https:\/\/canfali.com\/ca-es\/musica-de-plectre-per-presentar-el-vii-sonafilm-a-ondara\/"]}]},{"@type":"ImageObject","inLanguage":"va-ES","@id":"https:\/\/canfali.com\/ca-es\/musica-de-plectre-per-presentar-el-vii-sonafilm-a-ondara\/#primaryimage","url":"https:\/\/canfali.com\/app\/uploads\/2025\/05\/polsipuabenimaclet-scaled.jpg","contentUrl":"https:\/\/canfali.com\/app\/uploads\/2025\/05\/polsipuabenimaclet-scaled.jpg","width":2560,"height":1183},{"@type":"BreadcrumbList","@id":"https:\/\/canfali.com\/ca-es\/musica-de-plectre-per-presentar-el-vii-sonafilm-a-ondara\/#breadcrumb","itemListElement":[{"@type":"ListItem","position":1,"name":"Portada","item":"https:\/\/canfali.com\/ca-es\/"},{"@type":"ListItem","position":2,"name":"M\u00fasica de plectre per presentar el VII Sonafilm a Ondara"}]},{"@type":"WebSite","@id":"https:\/\/canfali.com\/ca-es\/#website","url":"https:\/\/canfali.com\/ca-es\/","name":"Canfali","description":"","publisher":{"@id":"https:\/\/canfali.com\/ca-es\/#organization"},"potentialAction":[{"@type":"SearchAction","target":{"@type":"EntryPoint","urlTemplate":"https:\/\/canfali.com\/ca-es\/?s={search_term_string}"},"query-input":{"@type":"PropertyValueSpecification","valueRequired":true,"valueName":"search_term_string"}}],"inLanguage":"va-ES"},{"@type":"Organization","@id":"https:\/\/canfali.com\/ca-es\/#organization","name":"Canfali","url":"https:\/\/canfali.com\/ca-es\/","logo":{"@type":"ImageObject","inLanguage":"va-ES","@id":"https:\/\/canfali.com\/ca-es\/#\/schema\/logo\/image\/","url":"https:\/\/canfali.com\/app\/uploads\/2025\/12\/canfali_marina_alta_logo.png","contentUrl":"https:\/\/canfali.com\/app\/uploads\/2025\/12\/canfali_marina_alta_logo.png","width":225,"height":225,"caption":"Canfali"},"image":{"@id":"https:\/\/canfali.com\/ca-es\/#\/schema\/logo\/image\/"},"sameAs":["https:\/\/es-es.facebook.com\/CANFALIMarinaAlta","https:\/\/x.com\/canfalima","https:\/\/www.instagram.com\/canfalimarinaalta\/"]},{"@type":"Person","@id":"https:\/\/canfali.com\/ca-es\/#\/schema\/person\/d834d2d4df17cac754d3c314d4c404ef","name":"JJ Mas","image":{"@type":"ImageObject","inLanguage":"va-ES","@id":"https:\/\/secure.gravatar.com\/avatar\/65a5191f5438bf88c2394f6d1a625a6ff903c8785268e603c623a83bc15ba1ee?s=96&d=mm&r=g","url":"https:\/\/secure.gravatar.com\/avatar\/65a5191f5438bf88c2394f6d1a625a6ff903c8785268e603c623a83bc15ba1ee?s=96&d=mm&r=g","contentUrl":"https:\/\/secure.gravatar.com\/avatar\/65a5191f5438bf88c2394f6d1a625a6ff903c8785268e603c623a83bc15ba1ee?s=96&d=mm&r=g","caption":"JJ Mas"},"url":"https:\/\/canfali.com\/ca-es\/author\/jj\/"}]}},"_links":{"self":[{"href":"https:\/\/canfali.com\/ca-es\/wp-json\/wp\/v2\/posts\/64824","targetHints":{"allow":["GET"]}}],"collection":[{"href":"https:\/\/canfali.com\/ca-es\/wp-json\/wp\/v2\/posts"}],"about":[{"href":"https:\/\/canfali.com\/ca-es\/wp-json\/wp\/v2\/types\/post"}],"author":[{"embeddable":true,"href":"https:\/\/canfali.com\/ca-es\/wp-json\/wp\/v2\/users\/4"}],"replies":[{"embeddable":true,"href":"https:\/\/canfali.com\/ca-es\/wp-json\/wp\/v2\/comments?post=64824"}],"version-history":[{"count":1,"href":"https:\/\/canfali.com\/ca-es\/wp-json\/wp\/v2\/posts\/64824\/revisions"}],"predecessor-version":[{"id":64825,"href":"https:\/\/canfali.com\/ca-es\/wp-json\/wp\/v2\/posts\/64824\/revisions\/64825"}],"wp:featuredmedia":[{"embeddable":true,"href":"https:\/\/canfali.com\/ca-es\/wp-json\/wp\/v2\/media\/64822"}],"wp:attachment":[{"href":"https:\/\/canfali.com\/ca-es\/wp-json\/wp\/v2\/media?parent=64824"}],"wp:term":[{"taxonomy":"category","embeddable":true,"href":"https:\/\/canfali.com\/ca-es\/wp-json\/wp\/v2\/categories?post=64824"},{"taxonomy":"post_tag","embeddable":true,"href":"https:\/\/canfali.com\/ca-es\/wp-json\/wp\/v2\/tags?post=64824"}],"curies":[{"name":"wp","href":"https:\/\/api.w.org\/{rel}","templated":true}]}}