{"id":64818,"date":"2025-05-29T10:45:48","date_gmt":"2025-05-29T08:45:48","guid":{"rendered":"https:\/\/canfali.com\/eulen-renova-el-contracte-de-les-platges-de-denia\/"},"modified":"2025-05-29T10:49:42","modified_gmt":"2025-05-29T08:49:42","slug":"eulen-renova-el-contracte-de-les-platges-de-denia","status":"publish","type":"post","link":"https:\/\/canfali.com\/ca-es\/eulen-renova-el-contracte-de-les-platges-de-denia\/","title":{"rendered":"Eulen renova el contracte de les platges de D\u00e9nia"},"content":{"rendered":"\n<p><\/p>\n\n<p>Una renyida licitaci\u00f3 ha acabat amb la decisi\u00f3 d&#8217;atorgar el nou contracte de vigil\u00e0ncia de les platges de D\u00e9nia a l&#8217;empresa Eulen, la mateixa que ha vingut prestant el servici. La firma ha aconseguit una puntuaci\u00f3 total de 90,12 punts, a penes dos m\u00e9s que la segona classificada, Sealand on Offshore Services SLU, que va aconseguir els 88,10 punts. Per part seua, la tercera aspirant, Consorci del Transport Sanitari Regi\u00f3 Girona SA, va quedar bastant m\u00e9s ressagada amb 56,82 punts.<\/p>\n\n<p>Eulen va presentar una oferta econ\u00f2mica d&#8217;1.973.752,19 euros (IVA incl\u00f2s), una xifra lleugerament inferior al preu base fixat per l&#8217;Ajuntament (1.981.094,34 euros) i un 5,24% per damunt de la mitjana de les propostes presentades. El nou contracte introdu\u00efx millores significatives tant en personal com en equipament. La vigil\u00e0ncia cobrir\u00e0 els 21 quil\u00f2metres de costa dianense, prestant especial atenci\u00f3 a les platges de major aflu\u00e8ncia i a les zones de bany adaptat com Bovetes, Les Marines, la Punta del Raset i la Marineta Cassiana.<\/p>\n\n<p>El servici s&#8217;oferir\u00e0 des de l&#8217;1 de juny fins al 12 d&#8217;octubre, amb desplegament complet diari al juliol i agost, i cobertura en caps de setmana i festius en els mesos de juny, setembre i octubre. Tamb\u00e9 es mant\u00e9 el bany assistit amb monitors especialitzats, disponible en ple estiu d&#8217;11 a 15 hores.<\/p>\n\n<p>El contracte tamb\u00e9 contempla una s\u00e8rie de protocols espec\u00edfics davant possibles situacions de risc, com l&#8217;aparici\u00f3 de meduses, fauna marina encallada o episodis de contaminaci\u00f3. S&#8217;inclouran simulacres peri\u00f2dics i campanyes d&#8217;educaci\u00f3 sanit\u00e0ria i mediambiental, dirigides als usuaris de les platges.<\/p>\n\n<p>Amb esta adjudicaci\u00f3, l&#8217;Ajuntament de D\u00e9nia busca mantindre el nivell d&#8217;excel\u00b7l\u00e8ncia en la gesti\u00f3 de les seues platges. La continu\u00eftat d&#8217;Eulen \u2014que ja va prestar el servici durant els anys 2023 i 2024\u2014 pret\u00e9n assegurar una transici\u00f3 sense sobresalts i un refor\u00e7 en l&#8217;atenci\u00f3 al ciutad\u00e0.<\/p>\n\n<p><\/p>\n","protected":false},"excerpt":{"rendered":"Una renyida licitaci\u00f3 ha acabat amb la decisi\u00f3 d&#8217;atorgar el nou contracte de vigil\u00e0ncia de les platges de&hellip;","protected":false},"author":7,"featured_media":64815,"comment_status":"closed","ping_status":"closed","sticky":false,"template":"","format":"standard","meta":{"csco_display_header_overlay":false,"csco_singular_sidebar":"","csco_page_header_type":"","csco_page_load_nextpost":"","csco_post_video_location":[],"csco_post_video_location_hash":"","csco_post_video_url":"","csco_post_video_bg_start_time":0,"csco_post_video_bg_end_time":0,"footnotes":""},"categories":[614,1],"tags":[1156,2477],"class_list":{"0":"post-64818","1":"post","2":"type-post","3":"status-publish","4":"format-standard","5":"has-post-thumbnail","7":"category-municipal-ca-es","8":"category-sin-categorizar","9":"tag-platges","10":"tag-socorrisme-ca-es","11":"cs-entry","12":"cs-video-wrap"},"yoast_head":"<!-- This site is optimized with the Yoast SEO Premium plugin v26.6 (Yoast SEO v27.3) - https:\/\/yoast.com\/product\/yoast-seo-premium-wordpress\/ -->\n<title>Eulen renova el contracte de les platges de D\u00e9nia - Canfali<\/title>\n<meta name=\"robots\" content=\"index, follow, max-snippet:-1, max-image-preview:large, max-video-preview:-1\" \/>\n<link rel=\"canonical\" href=\"https:\/\/canfali.com\/ca-es\/eulen-renova-el-contracte-de-les-platges-de-denia\/\" \/>\n<meta property=\"og:locale\" content=\"en_US\" \/>\n<meta property=\"og:type\" content=\"article\" \/>\n<meta property=\"og:title\" content=\"Eulen renova el contracte de les platges de D\u00e9nia\" \/>\n<meta property=\"og:description\" content=\"Una renyida licitaci\u00f3 ha acabat amb la decisi\u00f3 d&#8217;atorgar el nou contracte de vigil\u00e0ncia de les platges de&hellip;\" \/>\n<meta property=\"og:url\" content=\"https:\/\/canfali.com\/ca-es\/eulen-renova-el-contracte-de-les-platges-de-denia\/\" \/>\n<meta property=\"og:site_name\" content=\"Canfali\" \/>\n<meta property=\"article:publisher\" content=\"https:\/\/es-es.facebook.com\/CANFALIMarinaAlta\" \/>\n<meta property=\"article:published_time\" content=\"2025-05-29T08:45:48+00:00\" \/>\n<meta property=\"article:modified_time\" content=\"2025-05-29T08:49:42+00:00\" \/>\n<meta property=\"og:image\" content=\"https:\/\/canfali.com\/app\/uploads\/2025\/05\/playa-les-marines-denia-4-1615443821.jpg\" \/>\n\t<meta property=\"og:image:width\" content=\"1280\" \/>\n\t<meta property=\"og:image:height\" content=\"720\" \/>\n\t<meta property=\"og:image:type\" content=\"image\/jpeg\" \/>\n<meta name=\"author\" content=\"Bolta\" \/>\n<meta name=\"twitter:card\" content=\"summary_large_image\" \/>\n<meta name=\"twitter:creator\" content=\"@canfalima\" \/>\n<meta name=\"twitter:site\" content=\"@canfalima\" \/>\n<meta name=\"twitter:label1\" content=\"Written by\" \/>\n\t<meta name=\"twitter:data1\" content=\"Bolta\" \/>\n\t<meta name=\"twitter:label2\" content=\"Est. reading time\" \/>\n\t<meta name=\"twitter:data2\" content=\"2 minutes\" \/>\n<script type=\"application\/ld+json\" class=\"yoast-schema-graph\">{\"@context\":\"https:\\\/\\\/schema.org\",\"@graph\":[{\"@type\":\"NewsArticle\",\"@id\":\"https:\\\/\\\/canfali.com\\\/ca-es\\\/eulen-renova-el-contracte-de-les-platges-de-denia\\\/#article\",\"isPartOf\":{\"@id\":\"https:\\\/\\\/canfali.com\\\/ca-es\\\/eulen-renova-el-contracte-de-les-platges-de-denia\\\/\"},\"author\":{\"name\":\"Bolta\",\"@id\":\"https:\\\/\\\/canfali.com\\\/ca-es\\\/#\\\/schema\\\/person\\\/9c651adc904f3c4e0243f54407751557\"},\"headline\":\"Eulen renova el contracte de les platges de D\u00e9nia\",\"datePublished\":\"2025-05-29T08:45:48+00:00\",\"dateModified\":\"2025-05-29T08:49:42+00:00\",\"mainEntityOfPage\":{\"@id\":\"https:\\\/\\\/canfali.com\\\/ca-es\\\/eulen-renova-el-contracte-de-les-platges-de-denia\\\/\"},\"wordCount\":333,\"publisher\":{\"@id\":\"https:\\\/\\\/canfali.com\\\/ca-es\\\/#organization\"},\"image\":{\"@id\":\"https:\\\/\\\/canfali.com\\\/ca-es\\\/eulen-renova-el-contracte-de-les-platges-de-denia\\\/#primaryimage\"},\"thumbnailUrl\":\"https:\\\/\\\/canfali.com\\\/app\\\/uploads\\\/2025\\\/05\\\/playa-les-marines-denia-4-1615443821.jpg\",\"keywords\":[\"platges\",\"socorrisme\"],\"articleSection\":[\"Municipal\",\"Sin categorizar\"],\"inLanguage\":\"va-ES\",\"copyrightYear\":\"2025\",\"copyrightHolder\":{\"@id\":\"https:\\\/\\\/canfali.com\\\/#organization\"}},{\"@type\":\"WebPage\",\"@id\":\"https:\\\/\\\/canfali.com\\\/ca-es\\\/eulen-renova-el-contracte-de-les-platges-de-denia\\\/\",\"url\":\"https:\\\/\\\/canfali.com\\\/ca-es\\\/eulen-renova-el-contracte-de-les-platges-de-denia\\\/\",\"name\":\"Eulen renova el contracte de les platges de D\u00e9nia - Canfali\",\"isPartOf\":{\"@id\":\"https:\\\/\\\/canfali.com\\\/ca-es\\\/#website\"},\"primaryImageOfPage\":{\"@id\":\"https:\\\/\\\/canfali.com\\\/ca-es\\\/eulen-renova-el-contracte-de-les-platges-de-denia\\\/#primaryimage\"},\"image\":{\"@id\":\"https:\\\/\\\/canfali.com\\\/ca-es\\\/eulen-renova-el-contracte-de-les-platges-de-denia\\\/#primaryimage\"},\"thumbnailUrl\":\"https:\\\/\\\/canfali.com\\\/app\\\/uploads\\\/2025\\\/05\\\/playa-les-marines-denia-4-1615443821.jpg\",\"datePublished\":\"2025-05-29T08:45:48+00:00\",\"dateModified\":\"2025-05-29T08:49:42+00:00\",\"breadcrumb\":{\"@id\":\"https:\\\/\\\/canfali.com\\\/ca-es\\\/eulen-renova-el-contracte-de-les-platges-de-denia\\\/#breadcrumb\"},\"inLanguage\":\"va-ES\",\"potentialAction\":[{\"@type\":\"ReadAction\",\"target\":[\"https:\\\/\\\/canfali.com\\\/ca-es\\\/eulen-renova-el-contracte-de-les-platges-de-denia\\\/\"]}]},{\"@type\":\"ImageObject\",\"inLanguage\":\"va-ES\",\"@id\":\"https:\\\/\\\/canfali.com\\\/ca-es\\\/eulen-renova-el-contracte-de-les-platges-de-denia\\\/#primaryimage\",\"url\":\"https:\\\/\\\/canfali.com\\\/app\\\/uploads\\\/2025\\\/05\\\/playa-les-marines-denia-4-1615443821.jpg\",\"contentUrl\":\"https:\\\/\\\/canfali.com\\\/app\\\/uploads\\\/2025\\\/05\\\/playa-les-marines-denia-4-1615443821.jpg\",\"width\":1280,\"height\":720},{\"@type\":\"BreadcrumbList\",\"@id\":\"https:\\\/\\\/canfali.com\\\/ca-es\\\/eulen-renova-el-contracte-de-les-platges-de-denia\\\/#breadcrumb\",\"itemListElement\":[{\"@type\":\"ListItem\",\"position\":1,\"name\":\"Portada\",\"item\":\"https:\\\/\\\/canfali.com\\\/ca-es\\\/\"},{\"@type\":\"ListItem\",\"position\":2,\"name\":\"Eulen renova el contracte de les platges de D\u00e9nia\"}]},{\"@type\":\"WebSite\",\"@id\":\"https:\\\/\\\/canfali.com\\\/ca-es\\\/#website\",\"url\":\"https:\\\/\\\/canfali.com\\\/ca-es\\\/\",\"name\":\"Canfali\",\"description\":\"\",\"publisher\":{\"@id\":\"https:\\\/\\\/canfali.com\\\/ca-es\\\/#organization\"},\"potentialAction\":[{\"@type\":\"SearchAction\",\"target\":{\"@type\":\"EntryPoint\",\"urlTemplate\":\"https:\\\/\\\/canfali.com\\\/ca-es\\\/?s={search_term_string}\"},\"query-input\":{\"@type\":\"PropertyValueSpecification\",\"valueRequired\":true,\"valueName\":\"search_term_string\"}}],\"inLanguage\":\"va-ES\"},{\"@type\":\"Organization\",\"@id\":\"https:\\\/\\\/canfali.com\\\/ca-es\\\/#organization\",\"name\":\"Canfali\",\"url\":\"https:\\\/\\\/canfali.com\\\/ca-es\\\/\",\"logo\":{\"@type\":\"ImageObject\",\"inLanguage\":\"va-ES\",\"@id\":\"https:\\\/\\\/canfali.com\\\/ca-es\\\/#\\\/schema\\\/logo\\\/image\\\/\",\"url\":\"https:\\\/\\\/canfali.com\\\/app\\\/uploads\\\/2025\\\/12\\\/canfali_marina_alta_logo.png\",\"contentUrl\":\"https:\\\/\\\/canfali.com\\\/app\\\/uploads\\\/2025\\\/12\\\/canfali_marina_alta_logo.png\",\"width\":225,\"height\":225,\"caption\":\"Canfali\"},\"image\":{\"@id\":\"https:\\\/\\\/canfali.com\\\/ca-es\\\/#\\\/schema\\\/logo\\\/image\\\/\"},\"sameAs\":[\"https:\\\/\\\/es-es.facebook.com\\\/CANFALIMarinaAlta\",\"https:\\\/\\\/x.com\\\/canfalima\",\"https:\\\/\\\/www.instagram.com\\\/canfalimarinaalta\\\/\"]},{\"@type\":\"Person\",\"@id\":\"https:\\\/\\\/canfali.com\\\/ca-es\\\/#\\\/schema\\\/person\\\/9c651adc904f3c4e0243f54407751557\",\"name\":\"Bolta\",\"image\":{\"@type\":\"ImageObject\",\"inLanguage\":\"va-ES\",\"@id\":\"https:\\\/\\\/secure.gravatar.com\\\/avatar\\\/550a5d97fe3cfba5caf077b9600e46529e1977e9d14396836e775d6d9d895a81?s=96&d=mm&r=g\",\"url\":\"https:\\\/\\\/secure.gravatar.com\\\/avatar\\\/550a5d97fe3cfba5caf077b9600e46529e1977e9d14396836e775d6d9d895a81?s=96&d=mm&r=g\",\"contentUrl\":\"https:\\\/\\\/secure.gravatar.com\\\/avatar\\\/550a5d97fe3cfba5caf077b9600e46529e1977e9d14396836e775d6d9d895a81?s=96&d=mm&r=g\",\"caption\":\"Bolta\"},\"url\":\"https:\\\/\\\/canfali.com\\\/ca-es\\\/author\\\/bolta\\\/\"}]}<\/script>\n<!-- \/ Yoast SEO Premium plugin. -->","yoast_head_json":{"title":"Eulen renova el contracte de les platges de D\u00e9nia - Canfali","robots":{"index":"index","follow":"follow","max-snippet":"max-snippet:-1","max-image-preview":"max-image-preview:large","max-video-preview":"max-video-preview:-1"},"canonical":"https:\/\/canfali.com\/ca-es\/eulen-renova-el-contracte-de-les-platges-de-denia\/","og_locale":"en_US","og_type":"article","og_title":"Eulen renova el contracte de les platges de D\u00e9nia","og_description":"Una renyida licitaci\u00f3 ha acabat amb la decisi\u00f3 d&#8217;atorgar el nou contracte de vigil\u00e0ncia de les platges de&hellip;","og_url":"https:\/\/canfali.com\/ca-es\/eulen-renova-el-contracte-de-les-platges-de-denia\/","og_site_name":"Canfali","article_publisher":"https:\/\/es-es.facebook.com\/CANFALIMarinaAlta","article_published_time":"2025-05-29T08:45:48+00:00","article_modified_time":"2025-05-29T08:49:42+00:00","og_image":[{"width":1280,"height":720,"url":"https:\/\/canfali.com\/app\/uploads\/2025\/05\/playa-les-marines-denia-4-1615443821.jpg","type":"image\/jpeg"}],"author":"Bolta","twitter_card":"summary_large_image","twitter_creator":"@canfalima","twitter_site":"@canfalima","twitter_misc":{"Written by":"Bolta","Est. reading time":"2 minutes"},"schema":{"@context":"https:\/\/schema.org","@graph":[{"@type":"NewsArticle","@id":"https:\/\/canfali.com\/ca-es\/eulen-renova-el-contracte-de-les-platges-de-denia\/#article","isPartOf":{"@id":"https:\/\/canfali.com\/ca-es\/eulen-renova-el-contracte-de-les-platges-de-denia\/"},"author":{"name":"Bolta","@id":"https:\/\/canfali.com\/ca-es\/#\/schema\/person\/9c651adc904f3c4e0243f54407751557"},"headline":"Eulen renova el contracte de les platges de D\u00e9nia","datePublished":"2025-05-29T08:45:48+00:00","dateModified":"2025-05-29T08:49:42+00:00","mainEntityOfPage":{"@id":"https:\/\/canfali.com\/ca-es\/eulen-renova-el-contracte-de-les-platges-de-denia\/"},"wordCount":333,"publisher":{"@id":"https:\/\/canfali.com\/ca-es\/#organization"},"image":{"@id":"https:\/\/canfali.com\/ca-es\/eulen-renova-el-contracte-de-les-platges-de-denia\/#primaryimage"},"thumbnailUrl":"https:\/\/canfali.com\/app\/uploads\/2025\/05\/playa-les-marines-denia-4-1615443821.jpg","keywords":["platges","socorrisme"],"articleSection":["Municipal","Sin categorizar"],"inLanguage":"va-ES","copyrightYear":"2025","copyrightHolder":{"@id":"https:\/\/canfali.com\/#organization"}},{"@type":"WebPage","@id":"https:\/\/canfali.com\/ca-es\/eulen-renova-el-contracte-de-les-platges-de-denia\/","url":"https:\/\/canfali.com\/ca-es\/eulen-renova-el-contracte-de-les-platges-de-denia\/","name":"Eulen renova el contracte de les platges de D\u00e9nia - Canfali","isPartOf":{"@id":"https:\/\/canfali.com\/ca-es\/#website"},"primaryImageOfPage":{"@id":"https:\/\/canfali.com\/ca-es\/eulen-renova-el-contracte-de-les-platges-de-denia\/#primaryimage"},"image":{"@id":"https:\/\/canfali.com\/ca-es\/eulen-renova-el-contracte-de-les-platges-de-denia\/#primaryimage"},"thumbnailUrl":"https:\/\/canfali.com\/app\/uploads\/2025\/05\/playa-les-marines-denia-4-1615443821.jpg","datePublished":"2025-05-29T08:45:48+00:00","dateModified":"2025-05-29T08:49:42+00:00","breadcrumb":{"@id":"https:\/\/canfali.com\/ca-es\/eulen-renova-el-contracte-de-les-platges-de-denia\/#breadcrumb"},"inLanguage":"va-ES","potentialAction":[{"@type":"ReadAction","target":["https:\/\/canfali.com\/ca-es\/eulen-renova-el-contracte-de-les-platges-de-denia\/"]}]},{"@type":"ImageObject","inLanguage":"va-ES","@id":"https:\/\/canfali.com\/ca-es\/eulen-renova-el-contracte-de-les-platges-de-denia\/#primaryimage","url":"https:\/\/canfali.com\/app\/uploads\/2025\/05\/playa-les-marines-denia-4-1615443821.jpg","contentUrl":"https:\/\/canfali.com\/app\/uploads\/2025\/05\/playa-les-marines-denia-4-1615443821.jpg","width":1280,"height":720},{"@type":"BreadcrumbList","@id":"https:\/\/canfali.com\/ca-es\/eulen-renova-el-contracte-de-les-platges-de-denia\/#breadcrumb","itemListElement":[{"@type":"ListItem","position":1,"name":"Portada","item":"https:\/\/canfali.com\/ca-es\/"},{"@type":"ListItem","position":2,"name":"Eulen renova el contracte de les platges de D\u00e9nia"}]},{"@type":"WebSite","@id":"https:\/\/canfali.com\/ca-es\/#website","url":"https:\/\/canfali.com\/ca-es\/","name":"Canfali","description":"","publisher":{"@id":"https:\/\/canfali.com\/ca-es\/#organization"},"potentialAction":[{"@type":"SearchAction","target":{"@type":"EntryPoint","urlTemplate":"https:\/\/canfali.com\/ca-es\/?s={search_term_string}"},"query-input":{"@type":"PropertyValueSpecification","valueRequired":true,"valueName":"search_term_string"}}],"inLanguage":"va-ES"},{"@type":"Organization","@id":"https:\/\/canfali.com\/ca-es\/#organization","name":"Canfali","url":"https:\/\/canfali.com\/ca-es\/","logo":{"@type":"ImageObject","inLanguage":"va-ES","@id":"https:\/\/canfali.com\/ca-es\/#\/schema\/logo\/image\/","url":"https:\/\/canfali.com\/app\/uploads\/2025\/12\/canfali_marina_alta_logo.png","contentUrl":"https:\/\/canfali.com\/app\/uploads\/2025\/12\/canfali_marina_alta_logo.png","width":225,"height":225,"caption":"Canfali"},"image":{"@id":"https:\/\/canfali.com\/ca-es\/#\/schema\/logo\/image\/"},"sameAs":["https:\/\/es-es.facebook.com\/CANFALIMarinaAlta","https:\/\/x.com\/canfalima","https:\/\/www.instagram.com\/canfalimarinaalta\/"]},{"@type":"Person","@id":"https:\/\/canfali.com\/ca-es\/#\/schema\/person\/9c651adc904f3c4e0243f54407751557","name":"Bolta","image":{"@type":"ImageObject","inLanguage":"va-ES","@id":"https:\/\/secure.gravatar.com\/avatar\/550a5d97fe3cfba5caf077b9600e46529e1977e9d14396836e775d6d9d895a81?s=96&d=mm&r=g","url":"https:\/\/secure.gravatar.com\/avatar\/550a5d97fe3cfba5caf077b9600e46529e1977e9d14396836e775d6d9d895a81?s=96&d=mm&r=g","contentUrl":"https:\/\/secure.gravatar.com\/avatar\/550a5d97fe3cfba5caf077b9600e46529e1977e9d14396836e775d6d9d895a81?s=96&d=mm&r=g","caption":"Bolta"},"url":"https:\/\/canfali.com\/ca-es\/author\/bolta\/"}]}},"_links":{"self":[{"href":"https:\/\/canfali.com\/ca-es\/wp-json\/wp\/v2\/posts\/64818","targetHints":{"allow":["GET"]}}],"collection":[{"href":"https:\/\/canfali.com\/ca-es\/wp-json\/wp\/v2\/posts"}],"about":[{"href":"https:\/\/canfali.com\/ca-es\/wp-json\/wp\/v2\/types\/post"}],"author":[{"embeddable":true,"href":"https:\/\/canfali.com\/ca-es\/wp-json\/wp\/v2\/users\/7"}],"replies":[{"embeddable":true,"href":"https:\/\/canfali.com\/ca-es\/wp-json\/wp\/v2\/comments?post=64818"}],"version-history":[{"count":1,"href":"https:\/\/canfali.com\/ca-es\/wp-json\/wp\/v2\/posts\/64818\/revisions"}],"predecessor-version":[{"id":64819,"href":"https:\/\/canfali.com\/ca-es\/wp-json\/wp\/v2\/posts\/64818\/revisions\/64819"}],"wp:featuredmedia":[{"embeddable":true,"href":"https:\/\/canfali.com\/ca-es\/wp-json\/wp\/v2\/media\/64815"}],"wp:attachment":[{"href":"https:\/\/canfali.com\/ca-es\/wp-json\/wp\/v2\/media?parent=64818"}],"wp:term":[{"taxonomy":"category","embeddable":true,"href":"https:\/\/canfali.com\/ca-es\/wp-json\/wp\/v2\/categories?post=64818"},{"taxonomy":"post_tag","embeddable":true,"href":"https:\/\/canfali.com\/ca-es\/wp-json\/wp\/v2\/tags?post=64818"}],"curies":[{"name":"wp","href":"https:\/\/api.w.org\/{rel}","templated":true}]}}