{"id":64809,"date":"2025-05-29T08:16:53","date_gmt":"2025-05-29T06:16:53","guid":{"rendered":"https:\/\/canfali.com\/calp-retira-el-mobiliari-urba-de-les-salines\/"},"modified":"2025-05-29T08:18:22","modified_gmt":"2025-05-29T06:18:22","slug":"calp-retira-el-mobiliari-urba-de-les-salines","status":"publish","type":"post","link":"https:\/\/canfali.com\/ca-es\/calp-retira-el-mobiliari-urba-de-les-salines\/","title":{"rendered":"Calp retira el mobiliari urb\u00e0 de Les Salines"},"content":{"rendered":"\n<p>L&#8217;Ajuntament de Calp ha iniciat aquesta setmana la retirada del mobiliari urb\u00e0 i altres elements de Les Salines en compliment de la sent\u00e8ncia del Tribunal Superior de Just\u00edcia. La mercantil Deborja S.A. va interposar en el seu moment un recurs per l&#8217;ocupaci\u00f3 de terrenys en l&#8217;\u00e0rea de Les Salines amb la instal\u00b7laci\u00f3 d&#8217;elements com a pals de senyalitzaci\u00f3 amb cartell explicatiu, papereres, bancs, passarel\u00b7les i pantalla de fusta per a permetre l&#8217;observaci\u00f3 ornitol\u00f2gica.<\/p>\n\n<p>\tLa sent\u00e8ncia indica que cal retirar aquests elements en estar instal\u00b7lats en s\u00f2l rural de titularitat privada. En el 2004 es va considerar que existia ocupaci\u00f3 per la instal\u00b7laci\u00f3 d&#8217;una pantalla de fusta -que oculta l&#8217;observador dels ocells de la llacuna, un pal de senyalitzaci\u00f3 vertical, un cartell explicatiu, papereres, un banc i una passarel\u00b7la de fusta. Ara la sent\u00e8ncia ja \u00e9s ferma i per aix\u00f2 s&#8217;han retirat tots els elements.<\/p>\n","protected":false},"excerpt":{"rendered":"L&#8217;Ajuntament de Calp ha iniciat aquesta setmana la retirada del mobiliari urb\u00e0 i altres elements de Les Salines&hellip;","protected":false},"author":5,"featured_media":64807,"comment_status":"closed","ping_status":"closed","sticky":false,"template":"","format":"standard","meta":{"csco_display_header_overlay":false,"csco_singular_sidebar":"","csco_page_header_type":"","csco_page_load_nextpost":"","csco_post_video_location":[],"csco_post_video_location_hash":"","csco_post_video_url":"","csco_post_video_bg_start_time":0,"csco_post_video_bg_end_time":0,"footnotes":""},"categories":[614],"tags":[2475,2473,2472,2474],"class_list":{"0":"post-64809","1":"post","2":"type-post","3":"status-publish","4":"format-standard","5":"has-post-thumbnail","7":"category-municipal-ca-es","8":"tag-mobiliari","9":"tag-salines","10":"tag-sentencia-ca-es","11":"tag-tsj-ca-es","12":"cs-entry","13":"cs-video-wrap"},"yoast_head":"<!-- This site is optimized with the Yoast SEO Premium plugin v26.6 (Yoast SEO v27.3) - https:\/\/yoast.com\/product\/yoast-seo-premium-wordpress\/ -->\n<title>Calp retira el mobiliari urb\u00e0 de Les Salines - Canfali<\/title>\n<meta name=\"robots\" content=\"index, follow, max-snippet:-1, max-image-preview:large, max-video-preview:-1\" \/>\n<link rel=\"canonical\" href=\"https:\/\/canfali.com\/ca-es\/calp-retira-el-mobiliari-urba-de-les-salines\/\" \/>\n<meta property=\"og:locale\" content=\"en_US\" \/>\n<meta property=\"og:type\" content=\"article\" \/>\n<meta property=\"og:title\" content=\"Calp retira el mobiliari urb\u00e0 de Les Salines\" \/>\n<meta property=\"og:description\" content=\"L&#8217;Ajuntament de Calp ha iniciat aquesta setmana la retirada del mobiliari urb\u00e0 i altres elements de Les Salines&hellip;\" \/>\n<meta property=\"og:url\" content=\"https:\/\/canfali.com\/ca-es\/calp-retira-el-mobiliari-urba-de-les-salines\/\" \/>\n<meta property=\"og:site_name\" content=\"Canfali\" \/>\n<meta property=\"article:publisher\" content=\"https:\/\/es-es.facebook.com\/CANFALIMarinaAlta\" \/>\n<meta property=\"article:published_time\" content=\"2025-05-29T06:16:53+00:00\" \/>\n<meta property=\"article:modified_time\" content=\"2025-05-29T06:18:22+00:00\" \/>\n<meta property=\"og:image\" content=\"https:\/\/canfali.com\/app\/uploads\/2025\/05\/salinas-calp-1.jpg\" \/>\n\t<meta property=\"og:image:width\" content=\"2000\" \/>\n\t<meta property=\"og:image:height\" content=\"1500\" \/>\n\t<meta property=\"og:image:type\" content=\"image\/jpeg\" \/>\n<meta name=\"author\" content=\"D\u00eddac\" \/>\n<meta name=\"twitter:card\" content=\"summary_large_image\" \/>\n<meta name=\"twitter:creator\" content=\"@canfalima\" \/>\n<meta name=\"twitter:site\" content=\"@canfalima\" \/>\n<meta name=\"twitter:label1\" content=\"Written by\" \/>\n\t<meta name=\"twitter:data1\" content=\"D\u00eddac\" \/>\n\t<meta name=\"twitter:label2\" content=\"Est. reading time\" \/>\n\t<meta name=\"twitter:data2\" content=\"1 minute\" \/>\n<script type=\"application\/ld+json\" class=\"yoast-schema-graph\">{\"@context\":\"https:\\\/\\\/schema.org\",\"@graph\":[{\"@type\":\"NewsArticle\",\"@id\":\"https:\\\/\\\/canfali.com\\\/ca-es\\\/calp-retira-el-mobiliari-urba-de-les-salines\\\/#article\",\"isPartOf\":{\"@id\":\"https:\\\/\\\/canfali.com\\\/ca-es\\\/calp-retira-el-mobiliari-urba-de-les-salines\\\/\"},\"author\":{\"name\":\"D\u00eddac\",\"@id\":\"https:\\\/\\\/canfali.com\\\/ca-es\\\/#\\\/schema\\\/person\\\/5211f51be1ed486a218e6a4f53355b6d\"},\"headline\":\"Calp retira el mobiliari urb\u00e0 de Les Salines\",\"datePublished\":\"2025-05-29T06:16:53+00:00\",\"dateModified\":\"2025-05-29T06:18:22+00:00\",\"mainEntityOfPage\":{\"@id\":\"https:\\\/\\\/canfali.com\\\/ca-es\\\/calp-retira-el-mobiliari-urba-de-les-salines\\\/\"},\"wordCount\":171,\"publisher\":{\"@id\":\"https:\\\/\\\/canfali.com\\\/ca-es\\\/#organization\"},\"image\":{\"@id\":\"https:\\\/\\\/canfali.com\\\/ca-es\\\/calp-retira-el-mobiliari-urba-de-les-salines\\\/#primaryimage\"},\"thumbnailUrl\":\"https:\\\/\\\/canfali.com\\\/app\\\/uploads\\\/2025\\\/05\\\/salinas-calp-1.jpg\",\"keywords\":[\"mobiliari\",\"salines\",\"sent\u00e8ncia\",\"tsj\"],\"articleSection\":[\"Municipal\"],\"inLanguage\":\"va-ES\",\"copyrightYear\":\"2025\",\"copyrightHolder\":{\"@id\":\"https:\\\/\\\/canfali.com\\\/#organization\"}},{\"@type\":\"WebPage\",\"@id\":\"https:\\\/\\\/canfali.com\\\/ca-es\\\/calp-retira-el-mobiliari-urba-de-les-salines\\\/\",\"url\":\"https:\\\/\\\/canfali.com\\\/ca-es\\\/calp-retira-el-mobiliari-urba-de-les-salines\\\/\",\"name\":\"Calp retira el mobiliari urb\u00e0 de Les Salines - Canfali\",\"isPartOf\":{\"@id\":\"https:\\\/\\\/canfali.com\\\/ca-es\\\/#website\"},\"primaryImageOfPage\":{\"@id\":\"https:\\\/\\\/canfali.com\\\/ca-es\\\/calp-retira-el-mobiliari-urba-de-les-salines\\\/#primaryimage\"},\"image\":{\"@id\":\"https:\\\/\\\/canfali.com\\\/ca-es\\\/calp-retira-el-mobiliari-urba-de-les-salines\\\/#primaryimage\"},\"thumbnailUrl\":\"https:\\\/\\\/canfali.com\\\/app\\\/uploads\\\/2025\\\/05\\\/salinas-calp-1.jpg\",\"datePublished\":\"2025-05-29T06:16:53+00:00\",\"dateModified\":\"2025-05-29T06:18:22+00:00\",\"breadcrumb\":{\"@id\":\"https:\\\/\\\/canfali.com\\\/ca-es\\\/calp-retira-el-mobiliari-urba-de-les-salines\\\/#breadcrumb\"},\"inLanguage\":\"va-ES\",\"potentialAction\":[{\"@type\":\"ReadAction\",\"target\":[\"https:\\\/\\\/canfali.com\\\/ca-es\\\/calp-retira-el-mobiliari-urba-de-les-salines\\\/\"]}]},{\"@type\":\"ImageObject\",\"inLanguage\":\"va-ES\",\"@id\":\"https:\\\/\\\/canfali.com\\\/ca-es\\\/calp-retira-el-mobiliari-urba-de-les-salines\\\/#primaryimage\",\"url\":\"https:\\\/\\\/canfali.com\\\/app\\\/uploads\\\/2025\\\/05\\\/salinas-calp-1.jpg\",\"contentUrl\":\"https:\\\/\\\/canfali.com\\\/app\\\/uploads\\\/2025\\\/05\\\/salinas-calp-1.jpg\",\"width\":2000,\"height\":1500},{\"@type\":\"BreadcrumbList\",\"@id\":\"https:\\\/\\\/canfali.com\\\/ca-es\\\/calp-retira-el-mobiliari-urba-de-les-salines\\\/#breadcrumb\",\"itemListElement\":[{\"@type\":\"ListItem\",\"position\":1,\"name\":\"Portada\",\"item\":\"https:\\\/\\\/canfali.com\\\/ca-es\\\/\"},{\"@type\":\"ListItem\",\"position\":2,\"name\":\"Calp retira el mobiliari urb\u00e0 de Les Salines\"}]},{\"@type\":\"WebSite\",\"@id\":\"https:\\\/\\\/canfali.com\\\/ca-es\\\/#website\",\"url\":\"https:\\\/\\\/canfali.com\\\/ca-es\\\/\",\"name\":\"Canfali\",\"description\":\"\",\"publisher\":{\"@id\":\"https:\\\/\\\/canfali.com\\\/ca-es\\\/#organization\"},\"potentialAction\":[{\"@type\":\"SearchAction\",\"target\":{\"@type\":\"EntryPoint\",\"urlTemplate\":\"https:\\\/\\\/canfali.com\\\/ca-es\\\/?s={search_term_string}\"},\"query-input\":{\"@type\":\"PropertyValueSpecification\",\"valueRequired\":true,\"valueName\":\"search_term_string\"}}],\"inLanguage\":\"va-ES\"},{\"@type\":\"Organization\",\"@id\":\"https:\\\/\\\/canfali.com\\\/ca-es\\\/#organization\",\"name\":\"Canfali\",\"url\":\"https:\\\/\\\/canfali.com\\\/ca-es\\\/\",\"logo\":{\"@type\":\"ImageObject\",\"inLanguage\":\"va-ES\",\"@id\":\"https:\\\/\\\/canfali.com\\\/ca-es\\\/#\\\/schema\\\/logo\\\/image\\\/\",\"url\":\"https:\\\/\\\/canfali.com\\\/app\\\/uploads\\\/2025\\\/12\\\/canfali_marina_alta_logo.png\",\"contentUrl\":\"https:\\\/\\\/canfali.com\\\/app\\\/uploads\\\/2025\\\/12\\\/canfali_marina_alta_logo.png\",\"width\":225,\"height\":225,\"caption\":\"Canfali\"},\"image\":{\"@id\":\"https:\\\/\\\/canfali.com\\\/ca-es\\\/#\\\/schema\\\/logo\\\/image\\\/\"},\"sameAs\":[\"https:\\\/\\\/es-es.facebook.com\\\/CANFALIMarinaAlta\",\"https:\\\/\\\/x.com\\\/canfalima\",\"https:\\\/\\\/www.instagram.com\\\/canfalimarinaalta\\\/\"]},{\"@type\":\"Person\",\"@id\":\"https:\\\/\\\/canfali.com\\\/ca-es\\\/#\\\/schema\\\/person\\\/5211f51be1ed486a218e6a4f53355b6d\",\"name\":\"D\u00eddac\",\"image\":{\"@type\":\"ImageObject\",\"inLanguage\":\"va-ES\",\"@id\":\"https:\\\/\\\/secure.gravatar.com\\\/avatar\\\/a68a2078c12da8a6dd6cff4f3f3f69f7eb69a2d31ac1aac4da61c3761e4557f4?s=96&d=mm&r=g\",\"url\":\"https:\\\/\\\/secure.gravatar.com\\\/avatar\\\/a68a2078c12da8a6dd6cff4f3f3f69f7eb69a2d31ac1aac4da61c3761e4557f4?s=96&d=mm&r=g\",\"contentUrl\":\"https:\\\/\\\/secure.gravatar.com\\\/avatar\\\/a68a2078c12da8a6dd6cff4f3f3f69f7eb69a2d31ac1aac4da61c3761e4557f4?s=96&d=mm&r=g\",\"caption\":\"D\u00eddac\"},\"url\":\"https:\\\/\\\/canfali.com\\\/ca-es\\\/author\\\/didac\\\/\"}]}<\/script>\n<!-- \/ Yoast SEO Premium plugin. -->","yoast_head_json":{"title":"Calp retira el mobiliari urb\u00e0 de Les Salines - Canfali","robots":{"index":"index","follow":"follow","max-snippet":"max-snippet:-1","max-image-preview":"max-image-preview:large","max-video-preview":"max-video-preview:-1"},"canonical":"https:\/\/canfali.com\/ca-es\/calp-retira-el-mobiliari-urba-de-les-salines\/","og_locale":"en_US","og_type":"article","og_title":"Calp retira el mobiliari urb\u00e0 de Les Salines","og_description":"L&#8217;Ajuntament de Calp ha iniciat aquesta setmana la retirada del mobiliari urb\u00e0 i altres elements de Les Salines&hellip;","og_url":"https:\/\/canfali.com\/ca-es\/calp-retira-el-mobiliari-urba-de-les-salines\/","og_site_name":"Canfali","article_publisher":"https:\/\/es-es.facebook.com\/CANFALIMarinaAlta","article_published_time":"2025-05-29T06:16:53+00:00","article_modified_time":"2025-05-29T06:18:22+00:00","og_image":[{"width":2000,"height":1500,"url":"https:\/\/canfali.com\/app\/uploads\/2025\/05\/salinas-calp-1.jpg","type":"image\/jpeg"}],"author":"D\u00eddac","twitter_card":"summary_large_image","twitter_creator":"@canfalima","twitter_site":"@canfalima","twitter_misc":{"Written by":"D\u00eddac","Est. reading time":"1 minute"},"schema":{"@context":"https:\/\/schema.org","@graph":[{"@type":"NewsArticle","@id":"https:\/\/canfali.com\/ca-es\/calp-retira-el-mobiliari-urba-de-les-salines\/#article","isPartOf":{"@id":"https:\/\/canfali.com\/ca-es\/calp-retira-el-mobiliari-urba-de-les-salines\/"},"author":{"name":"D\u00eddac","@id":"https:\/\/canfali.com\/ca-es\/#\/schema\/person\/5211f51be1ed486a218e6a4f53355b6d"},"headline":"Calp retira el mobiliari urb\u00e0 de Les Salines","datePublished":"2025-05-29T06:16:53+00:00","dateModified":"2025-05-29T06:18:22+00:00","mainEntityOfPage":{"@id":"https:\/\/canfali.com\/ca-es\/calp-retira-el-mobiliari-urba-de-les-salines\/"},"wordCount":171,"publisher":{"@id":"https:\/\/canfali.com\/ca-es\/#organization"},"image":{"@id":"https:\/\/canfali.com\/ca-es\/calp-retira-el-mobiliari-urba-de-les-salines\/#primaryimage"},"thumbnailUrl":"https:\/\/canfali.com\/app\/uploads\/2025\/05\/salinas-calp-1.jpg","keywords":["mobiliari","salines","sent\u00e8ncia","tsj"],"articleSection":["Municipal"],"inLanguage":"va-ES","copyrightYear":"2025","copyrightHolder":{"@id":"https:\/\/canfali.com\/#organization"}},{"@type":"WebPage","@id":"https:\/\/canfali.com\/ca-es\/calp-retira-el-mobiliari-urba-de-les-salines\/","url":"https:\/\/canfali.com\/ca-es\/calp-retira-el-mobiliari-urba-de-les-salines\/","name":"Calp retira el mobiliari urb\u00e0 de Les Salines - Canfali","isPartOf":{"@id":"https:\/\/canfali.com\/ca-es\/#website"},"primaryImageOfPage":{"@id":"https:\/\/canfali.com\/ca-es\/calp-retira-el-mobiliari-urba-de-les-salines\/#primaryimage"},"image":{"@id":"https:\/\/canfali.com\/ca-es\/calp-retira-el-mobiliari-urba-de-les-salines\/#primaryimage"},"thumbnailUrl":"https:\/\/canfali.com\/app\/uploads\/2025\/05\/salinas-calp-1.jpg","datePublished":"2025-05-29T06:16:53+00:00","dateModified":"2025-05-29T06:18:22+00:00","breadcrumb":{"@id":"https:\/\/canfali.com\/ca-es\/calp-retira-el-mobiliari-urba-de-les-salines\/#breadcrumb"},"inLanguage":"va-ES","potentialAction":[{"@type":"ReadAction","target":["https:\/\/canfali.com\/ca-es\/calp-retira-el-mobiliari-urba-de-les-salines\/"]}]},{"@type":"ImageObject","inLanguage":"va-ES","@id":"https:\/\/canfali.com\/ca-es\/calp-retira-el-mobiliari-urba-de-les-salines\/#primaryimage","url":"https:\/\/canfali.com\/app\/uploads\/2025\/05\/salinas-calp-1.jpg","contentUrl":"https:\/\/canfali.com\/app\/uploads\/2025\/05\/salinas-calp-1.jpg","width":2000,"height":1500},{"@type":"BreadcrumbList","@id":"https:\/\/canfali.com\/ca-es\/calp-retira-el-mobiliari-urba-de-les-salines\/#breadcrumb","itemListElement":[{"@type":"ListItem","position":1,"name":"Portada","item":"https:\/\/canfali.com\/ca-es\/"},{"@type":"ListItem","position":2,"name":"Calp retira el mobiliari urb\u00e0 de Les Salines"}]},{"@type":"WebSite","@id":"https:\/\/canfali.com\/ca-es\/#website","url":"https:\/\/canfali.com\/ca-es\/","name":"Canfali","description":"","publisher":{"@id":"https:\/\/canfali.com\/ca-es\/#organization"},"potentialAction":[{"@type":"SearchAction","target":{"@type":"EntryPoint","urlTemplate":"https:\/\/canfali.com\/ca-es\/?s={search_term_string}"},"query-input":{"@type":"PropertyValueSpecification","valueRequired":true,"valueName":"search_term_string"}}],"inLanguage":"va-ES"},{"@type":"Organization","@id":"https:\/\/canfali.com\/ca-es\/#organization","name":"Canfali","url":"https:\/\/canfali.com\/ca-es\/","logo":{"@type":"ImageObject","inLanguage":"va-ES","@id":"https:\/\/canfali.com\/ca-es\/#\/schema\/logo\/image\/","url":"https:\/\/canfali.com\/app\/uploads\/2025\/12\/canfali_marina_alta_logo.png","contentUrl":"https:\/\/canfali.com\/app\/uploads\/2025\/12\/canfali_marina_alta_logo.png","width":225,"height":225,"caption":"Canfali"},"image":{"@id":"https:\/\/canfali.com\/ca-es\/#\/schema\/logo\/image\/"},"sameAs":["https:\/\/es-es.facebook.com\/CANFALIMarinaAlta","https:\/\/x.com\/canfalima","https:\/\/www.instagram.com\/canfalimarinaalta\/"]},{"@type":"Person","@id":"https:\/\/canfali.com\/ca-es\/#\/schema\/person\/5211f51be1ed486a218e6a4f53355b6d","name":"D\u00eddac","image":{"@type":"ImageObject","inLanguage":"va-ES","@id":"https:\/\/secure.gravatar.com\/avatar\/a68a2078c12da8a6dd6cff4f3f3f69f7eb69a2d31ac1aac4da61c3761e4557f4?s=96&d=mm&r=g","url":"https:\/\/secure.gravatar.com\/avatar\/a68a2078c12da8a6dd6cff4f3f3f69f7eb69a2d31ac1aac4da61c3761e4557f4?s=96&d=mm&r=g","contentUrl":"https:\/\/secure.gravatar.com\/avatar\/a68a2078c12da8a6dd6cff4f3f3f69f7eb69a2d31ac1aac4da61c3761e4557f4?s=96&d=mm&r=g","caption":"D\u00eddac"},"url":"https:\/\/canfali.com\/ca-es\/author\/didac\/"}]}},"_links":{"self":[{"href":"https:\/\/canfali.com\/ca-es\/wp-json\/wp\/v2\/posts\/64809","targetHints":{"allow":["GET"]}}],"collection":[{"href":"https:\/\/canfali.com\/ca-es\/wp-json\/wp\/v2\/posts"}],"about":[{"href":"https:\/\/canfali.com\/ca-es\/wp-json\/wp\/v2\/types\/post"}],"author":[{"embeddable":true,"href":"https:\/\/canfali.com\/ca-es\/wp-json\/wp\/v2\/users\/5"}],"replies":[{"embeddable":true,"href":"https:\/\/canfali.com\/ca-es\/wp-json\/wp\/v2\/comments?post=64809"}],"version-history":[{"count":1,"href":"https:\/\/canfali.com\/ca-es\/wp-json\/wp\/v2\/posts\/64809\/revisions"}],"predecessor-version":[{"id":64810,"href":"https:\/\/canfali.com\/ca-es\/wp-json\/wp\/v2\/posts\/64809\/revisions\/64810"}],"wp:featuredmedia":[{"embeddable":true,"href":"https:\/\/canfali.com\/ca-es\/wp-json\/wp\/v2\/media\/64807"}],"wp:attachment":[{"href":"https:\/\/canfali.com\/ca-es\/wp-json\/wp\/v2\/media?parent=64809"}],"wp:term":[{"taxonomy":"category","embeddable":true,"href":"https:\/\/canfali.com\/ca-es\/wp-json\/wp\/v2\/categories?post=64809"},{"taxonomy":"post_tag","embeddable":true,"href":"https:\/\/canfali.com\/ca-es\/wp-json\/wp\/v2\/tags?post=64809"}],"curies":[{"name":"wp","href":"https:\/\/api.w.org\/{rel}","templated":true}]}}