{"id":64783,"date":"2025-05-28T17:09:31","date_gmt":"2025-05-28T15:09:31","guid":{"rendered":"https:\/\/canfali.com\/el-futbol-mes-solidari-amb-aprosdeco\/"},"modified":"2025-05-28T17:18:53","modified_gmt":"2025-05-28T15:18:53","slug":"el-futbol-mes-solidari-amb-aprosdeco","status":"publish","type":"post","link":"https:\/\/canfali.com\/ca-es\/el-futbol-mes-solidari-amb-aprosdeco\/","title":{"rendered":"El futbol m\u00e9s solidari, amb Aprosdeco"},"content":{"rendered":"\n<blockquote class=\"wp-block-quote is-layout-flow wp-block-quote-is-layout-flow\">\n<p>La Fundaci\u00f3n Integralia organitza un torneig el 21 de juny a benefici de les persones amb discapacitat<\/p>\n<\/blockquote>\n\n<p>Fomentar la inclusi\u00f3 i crear consci\u00e8ncia sobre la discapacitat s\u00f3n dos dels objectius del I Torneig de Futbol Solidari D\u00e9nia, que organitza la Fundaci\u00f3 Integralia DKV per al pr\u00f2xim 21 de juny. S&#8217;ha plantejat com una jornada d&#8217;esport i solidaritat en la qual participaran jugadors de les escoles de futbol de la comarca, un equip de l&#8217;Acad\u00e8mia Gay\u00e1 i una selecci\u00f3 de veterans del CD D\u00e9nia, que s&#8217;enfrontar\u00e0 a un equip de l&#8217;Hospital de D\u00e9nia. Hi haur\u00e0 tamb\u00e9 un partit inclusiu i, sobretot, bon ambient. O aix\u00f2 \u00e9s almenys el que pret\u00e9n l&#8217;organitzaci\u00f3, que s&#8217;ha bolcat en una iniciativa que va dirigida a recaptar fons per a l&#8217;Associaci\u00f3 Aprosdeco, que at\u00e9n persones amb discapacitat cognitiva i a les seves fam\u00edlies.<br\/><br\/><\/p>\n\n<p>El Torneig de Futbol Solidari \u00e9s una de les iniciatives de car\u00e0cter social que organitza la Fundaci\u00f3 Integralia, que at\u00e9n el Call Center de l&#8217;Hospital de D\u00e9nia. \u201cSom la primera veu\u201d, assenyala Marisa P\u00e9rez, la seua responsable, \u201cel primer contacte entre els usuaris i l&#8217;hospital\u201d. L&#8217;entitat facilita la integraci\u00f3 laboral de persones amb diversitat funcional, a les quals se&#8217;ls ofereix una oportunitat de treball. Totes les persones que atenen la centraleta presenten algun tipus de discapacitat, b\u00e9 siga f\u00edsica, cr\u00f2nica o sensorial. Amb activitats com la competici\u00f3 de futbol solid\u00e0ria, pret\u00e9n enfortir lla\u00e7os amb la comunitat de D\u00e9nia i la Marina Alta, millorar la qualitat de vida dels usuaris d\u2019Aprosdeco i, al mateix temps, donar visibilitat a la labor que realitza.<\/p>\n\n<p>Per al dissabte 21 de juny s&#8217;ha preparat una gran festa de l&#8217;esport solidari en l&#8217;estadi Diego Mena. El torneig comen\u00e7ar\u00e0 a les 9 hores amb els enfrontaments entre els equips benjamins del FB D\u00e9nia, Bensissa, Gorgos, Futbol Base Verger, EMF Pedreguer, Calp, Pego i Acad\u00e8mia Gay\u00e1. A les 11 h. es disputar\u00e0 el partit de futbol 8 inclusiu i a les 12 h., els partits classificatoris per als quatre primers llocs. La cirereta al past\u00eds la posar\u00e0 el partit que enfrontar\u00e0 al conglomerat de l&#8217;hospital (infermers, administratius, metges) i als veterans del CD D\u00e9nia.<br\/><br\/><\/p>\n\n<p>Les entrades s&#8217;han posat a la venda al preu de 5 euros. Es podran adquirir en el mateix camp de futbol o, de forma anticipada, trucant al tel\u00e8fon 639941014. El tiquet donar\u00e0 dret a participar en una rifa en la qual se sortejaran, entre altres coses, les botes d&#8217;un jugador del Val\u00e8ncia CF.<\/p>\n\n<p>La presidenta d\u2019Aprosdeco, Ana Mar\u00eda Vadillo, ha agra\u00eft la iniciativa de la fundaci\u00f3 i ha animat a la ciutadania a acostar-se al camp de futbol. Entre el centre ocupacional i el de dia, l&#8217;associaci\u00f3 t\u00e9 en l&#8217;actualitat 105 usuaris. D&#8217;ella depenen tres habitatges tutelats, amb 6 usuaris en un d&#8217;ells i 7 en cadascun dels altres dos, i la bugaderia d&#8217;Ondara. Entre les seves necessitats m\u00e9s immediates est\u00e0 la de dotar d&#8217;una infermera el centre de dia, ja que entre els usuaris figuren persones molt dependents, ha indicat la presidenta.<\/p>\n\n<p>Les persones que estiguin interessades a patrocinar el Torneig de Futbol Solidari D\u00e9nia poden posar-se en contacte amb la Fundaci\u00f3 Integralia a trav\u00e9s del tel\u00e8fon indicat. Nascuda l&#8217;any 2000, l&#8217;entitat es va convertir en el primer Contact Center d&#8217;Europa at\u00e8s exclusivament per persones amb discapacitat.<\/p>\n","protected":false},"excerpt":{"rendered":"La Fundaci\u00f3n Integralia organitza un torneig el 21 de juny a benefici de les persones amb discapacitat Fomentar&hellip;","protected":false},"author":6,"featured_media":64781,"comment_status":"closed","ping_status":"closed","sticky":false,"template":"","format":"standard","meta":{"csco_display_header_overlay":false,"csco_singular_sidebar":"","csco_page_header_type":"","csco_page_load_nextpost":"","csco_post_video_location":[],"csco_post_video_location_hash":"","csco_post_video_url":"","csco_post_video_bg_start_time":0,"csco_post_video_bg_end_time":0,"footnotes":""},"categories":[574],"tags":[1678,2467,2466,2464,1126,2465],"class_list":{"0":"post-64783","1":"post","2":"type-post","3":"status-publish","4":"format-standard","5":"has-post-thumbnail","7":"category-sociedad-2","8":"tag-aprosdeco-ca-es","9":"tag-inclusio","10":"tag-integracio","11":"tag-integralia-dkv-ca-es","12":"tag-solidaritat","13":"tag-torneig-de-futbol","14":"cs-entry","15":"cs-video-wrap"},"yoast_head":"<!-- This site is optimized with the Yoast SEO Premium plugin v26.6 (Yoast SEO v27.3) - https:\/\/yoast.com\/product\/yoast-seo-premium-wordpress\/ -->\n<title>El futbol m\u00e9s solidari, amb Aprosdeco - Canfali<\/title>\n<meta name=\"robots\" content=\"index, follow, max-snippet:-1, max-image-preview:large, max-video-preview:-1\" \/>\n<link rel=\"canonical\" href=\"https:\/\/canfali.com\/ca-es\/el-futbol-mes-solidari-amb-aprosdeco\/\" \/>\n<meta property=\"og:locale\" content=\"en_US\" \/>\n<meta property=\"og:type\" content=\"article\" \/>\n<meta property=\"og:title\" content=\"El futbol m\u00e9s solidari, amb Aprosdeco\" \/>\n<meta property=\"og:description\" content=\"La Fundaci\u00f3n Integralia organitza un torneig el 21 de juny a benefici de les persones amb discapacitat Fomentar&hellip;\" \/>\n<meta property=\"og:url\" content=\"https:\/\/canfali.com\/ca-es\/el-futbol-mes-solidari-amb-aprosdeco\/\" \/>\n<meta property=\"og:site_name\" content=\"Canfali\" \/>\n<meta property=\"article:publisher\" content=\"https:\/\/es-es.facebook.com\/CANFALIMarinaAlta\" \/>\n<meta property=\"article:published_time\" content=\"2025-05-28T15:09:31+00:00\" \/>\n<meta property=\"article:modified_time\" content=\"2025-05-28T15:18:53+00:00\" \/>\n<meta property=\"og:image\" content=\"https:\/\/canfali.com\/app\/uploads\/2025\/05\/futbolaprosdeco-2-1-scaled.jpg\" \/>\n\t<meta property=\"og:image:width\" content=\"2560\" \/>\n\t<meta property=\"og:image:height\" content=\"1696\" \/>\n\t<meta property=\"og:image:type\" content=\"image\/jpeg\" \/>\n<meta name=\"author\" content=\"Rosa\" \/>\n<meta name=\"twitter:card\" content=\"summary_large_image\" \/>\n<meta name=\"twitter:creator\" content=\"@canfalima\" \/>\n<meta name=\"twitter:site\" content=\"@canfalima\" \/>\n<meta name=\"twitter:label1\" content=\"Written by\" \/>\n\t<meta name=\"twitter:data1\" content=\"Rosa\" \/>\n\t<meta name=\"twitter:label2\" content=\"Est. reading time\" \/>\n\t<meta name=\"twitter:data2\" content=\"3 minutes\" \/>\n<script type=\"application\/ld+json\" class=\"yoast-schema-graph\">{\"@context\":\"https:\\\/\\\/schema.org\",\"@graph\":[{\"@type\":\"NewsArticle\",\"@id\":\"https:\\\/\\\/canfali.com\\\/ca-es\\\/el-futbol-mes-solidari-amb-aprosdeco\\\/#article\",\"isPartOf\":{\"@id\":\"https:\\\/\\\/canfali.com\\\/ca-es\\\/el-futbol-mes-solidari-amb-aprosdeco\\\/\"},\"author\":{\"name\":\"Rosa\",\"@id\":\"https:\\\/\\\/canfali.com\\\/ca-es\\\/#\\\/schema\\\/person\\\/c861a7aa2b2495357b95f35bd5d82f88\"},\"headline\":\"El futbol m\u00e9s solidari, amb Aprosdeco\",\"datePublished\":\"2025-05-28T15:09:31+00:00\",\"dateModified\":\"2025-05-28T15:18:53+00:00\",\"mainEntityOfPage\":{\"@id\":\"https:\\\/\\\/canfali.com\\\/ca-es\\\/el-futbol-mes-solidari-amb-aprosdeco\\\/\"},\"wordCount\":599,\"publisher\":{\"@id\":\"https:\\\/\\\/canfali.com\\\/ca-es\\\/#organization\"},\"image\":{\"@id\":\"https:\\\/\\\/canfali.com\\\/ca-es\\\/el-futbol-mes-solidari-amb-aprosdeco\\\/#primaryimage\"},\"thumbnailUrl\":\"https:\\\/\\\/canfali.com\\\/app\\\/uploads\\\/2025\\\/05\\\/futbolaprosdeco-2-1-scaled.jpg\",\"keywords\":[\"Aprosdeco\",\"inclusi\u00f3\",\"integraci\u00f3\",\"Integralia DKV\",\"solidaritat\",\"torneig de futbol\"],\"articleSection\":[\"Sociedad\"],\"inLanguage\":\"va-ES\",\"copyrightYear\":\"2025\",\"copyrightHolder\":{\"@id\":\"https:\\\/\\\/canfali.com\\\/#organization\"}},{\"@type\":\"WebPage\",\"@id\":\"https:\\\/\\\/canfali.com\\\/ca-es\\\/el-futbol-mes-solidari-amb-aprosdeco\\\/\",\"url\":\"https:\\\/\\\/canfali.com\\\/ca-es\\\/el-futbol-mes-solidari-amb-aprosdeco\\\/\",\"name\":\"El futbol m\u00e9s solidari, amb Aprosdeco - Canfali\",\"isPartOf\":{\"@id\":\"https:\\\/\\\/canfali.com\\\/ca-es\\\/#website\"},\"primaryImageOfPage\":{\"@id\":\"https:\\\/\\\/canfali.com\\\/ca-es\\\/el-futbol-mes-solidari-amb-aprosdeco\\\/#primaryimage\"},\"image\":{\"@id\":\"https:\\\/\\\/canfali.com\\\/ca-es\\\/el-futbol-mes-solidari-amb-aprosdeco\\\/#primaryimage\"},\"thumbnailUrl\":\"https:\\\/\\\/canfali.com\\\/app\\\/uploads\\\/2025\\\/05\\\/futbolaprosdeco-2-1-scaled.jpg\",\"datePublished\":\"2025-05-28T15:09:31+00:00\",\"dateModified\":\"2025-05-28T15:18:53+00:00\",\"breadcrumb\":{\"@id\":\"https:\\\/\\\/canfali.com\\\/ca-es\\\/el-futbol-mes-solidari-amb-aprosdeco\\\/#breadcrumb\"},\"inLanguage\":\"va-ES\",\"potentialAction\":[{\"@type\":\"ReadAction\",\"target\":[\"https:\\\/\\\/canfali.com\\\/ca-es\\\/el-futbol-mes-solidari-amb-aprosdeco\\\/\"]}]},{\"@type\":\"ImageObject\",\"inLanguage\":\"va-ES\",\"@id\":\"https:\\\/\\\/canfali.com\\\/ca-es\\\/el-futbol-mes-solidari-amb-aprosdeco\\\/#primaryimage\",\"url\":\"https:\\\/\\\/canfali.com\\\/app\\\/uploads\\\/2025\\\/05\\\/futbolaprosdeco-2-1-scaled.jpg\",\"contentUrl\":\"https:\\\/\\\/canfali.com\\\/app\\\/uploads\\\/2025\\\/05\\\/futbolaprosdeco-2-1-scaled.jpg\",\"width\":2560,\"height\":1696},{\"@type\":\"BreadcrumbList\",\"@id\":\"https:\\\/\\\/canfali.com\\\/ca-es\\\/el-futbol-mes-solidari-amb-aprosdeco\\\/#breadcrumb\",\"itemListElement\":[{\"@type\":\"ListItem\",\"position\":1,\"name\":\"Portada\",\"item\":\"https:\\\/\\\/canfali.com\\\/ca-es\\\/\"},{\"@type\":\"ListItem\",\"position\":2,\"name\":\"El futbol m\u00e9s solidari, amb Aprosdeco\"}]},{\"@type\":\"WebSite\",\"@id\":\"https:\\\/\\\/canfali.com\\\/ca-es\\\/#website\",\"url\":\"https:\\\/\\\/canfali.com\\\/ca-es\\\/\",\"name\":\"Canfali\",\"description\":\"\",\"publisher\":{\"@id\":\"https:\\\/\\\/canfali.com\\\/ca-es\\\/#organization\"},\"potentialAction\":[{\"@type\":\"SearchAction\",\"target\":{\"@type\":\"EntryPoint\",\"urlTemplate\":\"https:\\\/\\\/canfali.com\\\/ca-es\\\/?s={search_term_string}\"},\"query-input\":{\"@type\":\"PropertyValueSpecification\",\"valueRequired\":true,\"valueName\":\"search_term_string\"}}],\"inLanguage\":\"va-ES\"},{\"@type\":\"Organization\",\"@id\":\"https:\\\/\\\/canfali.com\\\/ca-es\\\/#organization\",\"name\":\"Canfali\",\"url\":\"https:\\\/\\\/canfali.com\\\/ca-es\\\/\",\"logo\":{\"@type\":\"ImageObject\",\"inLanguage\":\"va-ES\",\"@id\":\"https:\\\/\\\/canfali.com\\\/ca-es\\\/#\\\/schema\\\/logo\\\/image\\\/\",\"url\":\"https:\\\/\\\/canfali.com\\\/app\\\/uploads\\\/2025\\\/12\\\/canfali_marina_alta_logo.png\",\"contentUrl\":\"https:\\\/\\\/canfali.com\\\/app\\\/uploads\\\/2025\\\/12\\\/canfali_marina_alta_logo.png\",\"width\":225,\"height\":225,\"caption\":\"Canfali\"},\"image\":{\"@id\":\"https:\\\/\\\/canfali.com\\\/ca-es\\\/#\\\/schema\\\/logo\\\/image\\\/\"},\"sameAs\":[\"https:\\\/\\\/es-es.facebook.com\\\/CANFALIMarinaAlta\",\"https:\\\/\\\/x.com\\\/canfalima\",\"https:\\\/\\\/www.instagram.com\\\/canfalimarinaalta\\\/\"]},{\"@type\":\"Person\",\"@id\":\"https:\\\/\\\/canfali.com\\\/ca-es\\\/#\\\/schema\\\/person\\\/c861a7aa2b2495357b95f35bd5d82f88\",\"name\":\"Rosa\",\"image\":{\"@type\":\"ImageObject\",\"inLanguage\":\"va-ES\",\"@id\":\"https:\\\/\\\/secure.gravatar.com\\\/avatar\\\/47fb83d99423a6ef1cf9f83f02a5e91366c671dec76c5c24badf1b0494e1d960?s=96&d=mm&r=g\",\"url\":\"https:\\\/\\\/secure.gravatar.com\\\/avatar\\\/47fb83d99423a6ef1cf9f83f02a5e91366c671dec76c5c24badf1b0494e1d960?s=96&d=mm&r=g\",\"contentUrl\":\"https:\\\/\\\/secure.gravatar.com\\\/avatar\\\/47fb83d99423a6ef1cf9f83f02a5e91366c671dec76c5c24badf1b0494e1d960?s=96&d=mm&r=g\",\"caption\":\"Rosa\"},\"url\":\"https:\\\/\\\/canfali.com\\\/ca-es\\\/author\\\/rosa\\\/\"}]}<\/script>\n<!-- \/ Yoast SEO Premium plugin. -->","yoast_head_json":{"title":"El futbol m\u00e9s solidari, amb Aprosdeco - Canfali","robots":{"index":"index","follow":"follow","max-snippet":"max-snippet:-1","max-image-preview":"max-image-preview:large","max-video-preview":"max-video-preview:-1"},"canonical":"https:\/\/canfali.com\/ca-es\/el-futbol-mes-solidari-amb-aprosdeco\/","og_locale":"en_US","og_type":"article","og_title":"El futbol m\u00e9s solidari, amb Aprosdeco","og_description":"La Fundaci\u00f3n Integralia organitza un torneig el 21 de juny a benefici de les persones amb discapacitat Fomentar&hellip;","og_url":"https:\/\/canfali.com\/ca-es\/el-futbol-mes-solidari-amb-aprosdeco\/","og_site_name":"Canfali","article_publisher":"https:\/\/es-es.facebook.com\/CANFALIMarinaAlta","article_published_time":"2025-05-28T15:09:31+00:00","article_modified_time":"2025-05-28T15:18:53+00:00","og_image":[{"width":2560,"height":1696,"url":"https:\/\/canfali.com\/app\/uploads\/2025\/05\/futbolaprosdeco-2-1-scaled.jpg","type":"image\/jpeg"}],"author":"Rosa","twitter_card":"summary_large_image","twitter_creator":"@canfalima","twitter_site":"@canfalima","twitter_misc":{"Written by":"Rosa","Est. reading time":"3 minutes"},"schema":{"@context":"https:\/\/schema.org","@graph":[{"@type":"NewsArticle","@id":"https:\/\/canfali.com\/ca-es\/el-futbol-mes-solidari-amb-aprosdeco\/#article","isPartOf":{"@id":"https:\/\/canfali.com\/ca-es\/el-futbol-mes-solidari-amb-aprosdeco\/"},"author":{"name":"Rosa","@id":"https:\/\/canfali.com\/ca-es\/#\/schema\/person\/c861a7aa2b2495357b95f35bd5d82f88"},"headline":"El futbol m\u00e9s solidari, amb Aprosdeco","datePublished":"2025-05-28T15:09:31+00:00","dateModified":"2025-05-28T15:18:53+00:00","mainEntityOfPage":{"@id":"https:\/\/canfali.com\/ca-es\/el-futbol-mes-solidari-amb-aprosdeco\/"},"wordCount":599,"publisher":{"@id":"https:\/\/canfali.com\/ca-es\/#organization"},"image":{"@id":"https:\/\/canfali.com\/ca-es\/el-futbol-mes-solidari-amb-aprosdeco\/#primaryimage"},"thumbnailUrl":"https:\/\/canfali.com\/app\/uploads\/2025\/05\/futbolaprosdeco-2-1-scaled.jpg","keywords":["Aprosdeco","inclusi\u00f3","integraci\u00f3","Integralia DKV","solidaritat","torneig de futbol"],"articleSection":["Sociedad"],"inLanguage":"va-ES","copyrightYear":"2025","copyrightHolder":{"@id":"https:\/\/canfali.com\/#organization"}},{"@type":"WebPage","@id":"https:\/\/canfali.com\/ca-es\/el-futbol-mes-solidari-amb-aprosdeco\/","url":"https:\/\/canfali.com\/ca-es\/el-futbol-mes-solidari-amb-aprosdeco\/","name":"El futbol m\u00e9s solidari, amb Aprosdeco - Canfali","isPartOf":{"@id":"https:\/\/canfali.com\/ca-es\/#website"},"primaryImageOfPage":{"@id":"https:\/\/canfali.com\/ca-es\/el-futbol-mes-solidari-amb-aprosdeco\/#primaryimage"},"image":{"@id":"https:\/\/canfali.com\/ca-es\/el-futbol-mes-solidari-amb-aprosdeco\/#primaryimage"},"thumbnailUrl":"https:\/\/canfali.com\/app\/uploads\/2025\/05\/futbolaprosdeco-2-1-scaled.jpg","datePublished":"2025-05-28T15:09:31+00:00","dateModified":"2025-05-28T15:18:53+00:00","breadcrumb":{"@id":"https:\/\/canfali.com\/ca-es\/el-futbol-mes-solidari-amb-aprosdeco\/#breadcrumb"},"inLanguage":"va-ES","potentialAction":[{"@type":"ReadAction","target":["https:\/\/canfali.com\/ca-es\/el-futbol-mes-solidari-amb-aprosdeco\/"]}]},{"@type":"ImageObject","inLanguage":"va-ES","@id":"https:\/\/canfali.com\/ca-es\/el-futbol-mes-solidari-amb-aprosdeco\/#primaryimage","url":"https:\/\/canfali.com\/app\/uploads\/2025\/05\/futbolaprosdeco-2-1-scaled.jpg","contentUrl":"https:\/\/canfali.com\/app\/uploads\/2025\/05\/futbolaprosdeco-2-1-scaled.jpg","width":2560,"height":1696},{"@type":"BreadcrumbList","@id":"https:\/\/canfali.com\/ca-es\/el-futbol-mes-solidari-amb-aprosdeco\/#breadcrumb","itemListElement":[{"@type":"ListItem","position":1,"name":"Portada","item":"https:\/\/canfali.com\/ca-es\/"},{"@type":"ListItem","position":2,"name":"El futbol m\u00e9s solidari, amb Aprosdeco"}]},{"@type":"WebSite","@id":"https:\/\/canfali.com\/ca-es\/#website","url":"https:\/\/canfali.com\/ca-es\/","name":"Canfali","description":"","publisher":{"@id":"https:\/\/canfali.com\/ca-es\/#organization"},"potentialAction":[{"@type":"SearchAction","target":{"@type":"EntryPoint","urlTemplate":"https:\/\/canfali.com\/ca-es\/?s={search_term_string}"},"query-input":{"@type":"PropertyValueSpecification","valueRequired":true,"valueName":"search_term_string"}}],"inLanguage":"va-ES"},{"@type":"Organization","@id":"https:\/\/canfali.com\/ca-es\/#organization","name":"Canfali","url":"https:\/\/canfali.com\/ca-es\/","logo":{"@type":"ImageObject","inLanguage":"va-ES","@id":"https:\/\/canfali.com\/ca-es\/#\/schema\/logo\/image\/","url":"https:\/\/canfali.com\/app\/uploads\/2025\/12\/canfali_marina_alta_logo.png","contentUrl":"https:\/\/canfali.com\/app\/uploads\/2025\/12\/canfali_marina_alta_logo.png","width":225,"height":225,"caption":"Canfali"},"image":{"@id":"https:\/\/canfali.com\/ca-es\/#\/schema\/logo\/image\/"},"sameAs":["https:\/\/es-es.facebook.com\/CANFALIMarinaAlta","https:\/\/x.com\/canfalima","https:\/\/www.instagram.com\/canfalimarinaalta\/"]},{"@type":"Person","@id":"https:\/\/canfali.com\/ca-es\/#\/schema\/person\/c861a7aa2b2495357b95f35bd5d82f88","name":"Rosa","image":{"@type":"ImageObject","inLanguage":"va-ES","@id":"https:\/\/secure.gravatar.com\/avatar\/47fb83d99423a6ef1cf9f83f02a5e91366c671dec76c5c24badf1b0494e1d960?s=96&d=mm&r=g","url":"https:\/\/secure.gravatar.com\/avatar\/47fb83d99423a6ef1cf9f83f02a5e91366c671dec76c5c24badf1b0494e1d960?s=96&d=mm&r=g","contentUrl":"https:\/\/secure.gravatar.com\/avatar\/47fb83d99423a6ef1cf9f83f02a5e91366c671dec76c5c24badf1b0494e1d960?s=96&d=mm&r=g","caption":"Rosa"},"url":"https:\/\/canfali.com\/ca-es\/author\/rosa\/"}]}},"_links":{"self":[{"href":"https:\/\/canfali.com\/ca-es\/wp-json\/wp\/v2\/posts\/64783","targetHints":{"allow":["GET"]}}],"collection":[{"href":"https:\/\/canfali.com\/ca-es\/wp-json\/wp\/v2\/posts"}],"about":[{"href":"https:\/\/canfali.com\/ca-es\/wp-json\/wp\/v2\/types\/post"}],"author":[{"embeddable":true,"href":"https:\/\/canfali.com\/ca-es\/wp-json\/wp\/v2\/users\/6"}],"replies":[{"embeddable":true,"href":"https:\/\/canfali.com\/ca-es\/wp-json\/wp\/v2\/comments?post=64783"}],"version-history":[{"count":1,"href":"https:\/\/canfali.com\/ca-es\/wp-json\/wp\/v2\/posts\/64783\/revisions"}],"predecessor-version":[{"id":64784,"href":"https:\/\/canfali.com\/ca-es\/wp-json\/wp\/v2\/posts\/64783\/revisions\/64784"}],"wp:featuredmedia":[{"embeddable":true,"href":"https:\/\/canfali.com\/ca-es\/wp-json\/wp\/v2\/media\/64781"}],"wp:attachment":[{"href":"https:\/\/canfali.com\/ca-es\/wp-json\/wp\/v2\/media?parent=64783"}],"wp:term":[{"taxonomy":"category","embeddable":true,"href":"https:\/\/canfali.com\/ca-es\/wp-json\/wp\/v2\/categories?post=64783"},{"taxonomy":"post_tag","embeddable":true,"href":"https:\/\/canfali.com\/ca-es\/wp-json\/wp\/v2\/tags?post=64783"}],"curies":[{"name":"wp","href":"https:\/\/api.w.org\/{rel}","templated":true}]}}