{"id":64678,"date":"2025-05-27T10:08:46","date_gmt":"2025-05-27T08:08:46","guid":{"rendered":"https:\/\/canfali.com\/creama-commemora-el-seu-30-aniversari-a-juliol-a-calp\/"},"modified":"2025-05-28T17:10:02","modified_gmt":"2025-05-28T15:10:02","slug":"creama-commemora-el-seu-30-aniversari-a-juliol-a-calp","status":"publish","type":"post","link":"https:\/\/canfali.com\/ca-es\/creama-commemora-el-seu-30-aniversari-a-juliol-a-calp\/","title":{"rendered":"Creama commemora el seu 30 aniversari a juliol a Calp"},"content":{"rendered":"\n<blockquote class=\"wp-block-quote is-layout-flow wp-block-quote-is-layout-flow\">\n<p>El Verger s&#8217;incorpora de nou al consorci<\/p>\n\n\n\n<p><\/p>\n<\/blockquote>\n\n<p>El Consorci per a la Recuperaci\u00f3 Econ\u00f2mica i l&#8217;Activitat de la Marina Alta (CREAMA) compleix 30 anys. Un aniversari que mereix una celebraci\u00f3 i ser\u00e0 el 3 de juliol a Calp, localitat que enguany ostenta la capitalitat. Una festa que comptar\u00e0 amb un nou soci, El Verger, que es reincorpora al consorci despr\u00e9s d&#8217;anys d&#8217;abs\u00e8ncia, i amb la participaci\u00f3 de c\u00e0rrecs hist\u00f2rics, t\u00e8cnics, prove\u00efdors i col\u00b7laboradors. Els detalls de l&#8217;acte institucional es van con\u00e8ixer el dilluns abans de la celebraci\u00f3 de l&#8217;assemblea general del Creama.<br\/>L&#8217;alcaldessa amfitriona, Ana Sala, va recordar que Creama es va constituir el 8 de novembre de 1994, data en la qual es va signar un conveni a D\u00e9nia per a materialitzar una iniciativa impulsada originalment per Benissa, Pego, l&#8217;INEM i la Diputaci\u00f3 d&#8217;Alacant. Calp es va incorporar l&#8217;any 1998 i despr\u00e9s ho farien X\u00e0bia, Pedreguer, Teulada, Gata de Gorgos, etc. Sala va dir que \u201cCreama ha sabut consolidar-se com un referent nacional i europeu en desenvolupament local\u201d i va esmentar els reconeixements rebuts per la Uni\u00f3 Europea i la Universitat de Val\u00e8ncia.<br\/><\/p>\n\n<p>\tL&#8217;alcaldessa amfitriona, Ana Sala, va recordar que Creama es va constituir el 8 de novembre de 1994, data en la qual es va signar un conveni a D\u00e9nia per a materialitzar una iniciativa impulsada originalment per Benissa, Pego, l&#8217;INEM i la Diputaci\u00f3 d&#8217;Alacant. Calp es va incorporar l&#8217;any 1998 i despr\u00e9s ho farien X\u00e0bia, Pedreguer, Teulada, Gata de Gorgos, etc. Sala va dir que \u201cCreama ha sabut consolidar-se com un referent nacional i europeu en desenvolupament local\u201d i va esmentar els reconeixements rebuts per la Uni\u00f3 Europea i la Universitat de Val\u00e8ncia.<\/p>\n\n<p>L&#8217;alcalde de Gata, Josep Francesc Signes i Costa, va destacar la pluralitat del consorci com un dels seus majors valors. \u201cCreama ha sabut teixir unitat en la diversitat, generar un sentiment de comarca, de pertinen\u00e7a compartida i d&#8217;interessos comuns que van all\u00e0 de les fronteres administratives\u201d.<\/p>\n\n<p>\tEnrique Moll, alcalde de Pego, va assenyalar l&#8217;impacte tangible dels prop de 20 projectes europeus gestionats per Creama que han beneficiat a m\u00e9s de 2.500 persones a la comarca. \u201cAquest consorci no s&#8217;ha constru\u00eft des de la imposici\u00f3 sin\u00f3 des de l&#8217;alian\u00e7a i la confian\u00e7a m\u00fatues. Creama \u00e9s una eina de vertebraci\u00f3 comarcal que demostra que junts som m\u00e9s forts\u201d, segons Moll.<\/p>\n\n<p>\tCarlos Pastor Ventura, president del Creama i diputat provincial de Desenvolupament Econ\u00f2mic i Projectes Europeus, va fer balan\u00e7 de les tres d\u00e8cades de traject\u00f2ria amb xifres significatives: m\u00e9s de 700.000 persones ateses, 73 milions d&#8217;euros gestionats \u2014m\u00e9s de 5 milions procedents de fons europeus\u2014, 85 projectes comarcals i una xarxa activa d&#8217;ag\u00e8ncies locals que torna a comptar amb nou seus despr\u00e9s de la reincorporaci\u00f3 del Verger. \u201cCreama \u00e9s un dels millors exemples de cooperaci\u00f3 territorial, efic\u00e0cia institucional i vocaci\u00f3 de servei p\u00fablic de tota la prov\u00edncia\u201d, en paraules de Pastor.<\/p>\n\n<p>Treinta a\u00f1os dan para mucho y, de hecho, seg\u00fan las estad\u00edsticas oficiales, Creama ha atendido 706.234 peticiones, ha impulsado la creaci\u00f3n de 5.256 empresas y ha realizado 100.451 acciones de orientaci\u00f3n laboral. Otro dato destacado es la captaci\u00f3n de 73.209.681 euros para llevar a cabo sus acciones de dinamizaci\u00f3n econ\u00f3mica.<\/p>\n","protected":false},"excerpt":{"rendered":"El Verger s&#8217;incorpora de nou al consorci El Consorci per a la Recuperaci\u00f3 Econ\u00f2mica i l&#8217;Activitat de la&hellip;","protected":false},"author":5,"featured_media":64675,"comment_status":"closed","ping_status":"closed","sticky":false,"template":"","format":"standard","meta":{"csco_display_header_overlay":false,"csco_singular_sidebar":"","csco_page_header_type":"","csco_page_load_nextpost":"","csco_post_video_location":[],"csco_post_video_location_hash":"","csco_post_video_url":"","csco_post_video_bg_start_time":0,"csco_post_video_bg_end_time":0,"footnotes":""},"categories":[574],"tags":[2429,2430,811],"class_list":{"0":"post-64678","1":"post","2":"type-post","3":"status-publish","4":"format-standard","5":"has-post-thumbnail","7":"category-sociedad-2","8":"tag-30-aniversari","9":"tag-consorci","10":"tag-creama-ca-es","11":"cs-entry","12":"cs-video-wrap"},"yoast_head":"<!-- This site is optimized with the Yoast SEO Premium plugin v26.6 (Yoast SEO v27.3) - https:\/\/yoast.com\/product\/yoast-seo-premium-wordpress\/ -->\n<title>Creama commemora el seu 30 aniversari a juliol a Calp - Canfali<\/title>\n<meta name=\"robots\" content=\"index, follow, max-snippet:-1, max-image-preview:large, max-video-preview:-1\" \/>\n<link rel=\"canonical\" href=\"https:\/\/canfali.com\/ca-es\/creama-commemora-el-seu-30-aniversari-a-juliol-a-calp\/\" \/>\n<meta property=\"og:locale\" content=\"en_US\" \/>\n<meta property=\"og:type\" content=\"article\" \/>\n<meta property=\"og:title\" content=\"Creama commemora el seu 30 aniversari a juliol a Calp\" \/>\n<meta property=\"og:description\" content=\"El Verger s&#8217;incorpora de nou al consorci El Consorci per a la Recuperaci\u00f3 Econ\u00f2mica i l&#8217;Activitat de la&hellip;\" \/>\n<meta property=\"og:url\" content=\"https:\/\/canfali.com\/ca-es\/creama-commemora-el-seu-30-aniversari-a-juliol-a-calp\/\" \/>\n<meta property=\"og:site_name\" content=\"Canfali\" \/>\n<meta property=\"article:publisher\" content=\"https:\/\/es-es.facebook.com\/CANFALIMarinaAlta\" \/>\n<meta property=\"article:published_time\" content=\"2025-05-27T08:08:46+00:00\" \/>\n<meta property=\"article:modified_time\" content=\"2025-05-28T15:10:02+00:00\" \/>\n<meta property=\"og:image\" content=\"https:\/\/canfali.com\/app\/uploads\/2025\/05\/creama.jpg\" \/>\n\t<meta property=\"og:image:width\" content=\"1600\" \/>\n\t<meta property=\"og:image:height\" content=\"1200\" \/>\n\t<meta property=\"og:image:type\" content=\"image\/jpeg\" \/>\n<meta name=\"author\" content=\"D\u00eddac\" \/>\n<meta name=\"twitter:card\" content=\"summary_large_image\" \/>\n<meta name=\"twitter:creator\" content=\"@canfalima\" \/>\n<meta name=\"twitter:site\" content=\"@canfalima\" \/>\n<meta name=\"twitter:label1\" content=\"Written by\" \/>\n\t<meta name=\"twitter:data1\" content=\"D\u00eddac\" \/>\n\t<meta name=\"twitter:label2\" content=\"Est. reading time\" \/>\n\t<meta name=\"twitter:data2\" content=\"3 minutes\" \/>\n<script type=\"application\/ld+json\" class=\"yoast-schema-graph\">{\"@context\":\"https:\\\/\\\/schema.org\",\"@graph\":[{\"@type\":\"NewsArticle\",\"@id\":\"https:\\\/\\\/canfali.com\\\/ca-es\\\/creama-commemora-el-seu-30-aniversari-a-juliol-a-calp\\\/#article\",\"isPartOf\":{\"@id\":\"https:\\\/\\\/canfali.com\\\/ca-es\\\/creama-commemora-el-seu-30-aniversari-a-juliol-a-calp\\\/\"},\"author\":{\"name\":\"D\u00eddac\",\"@id\":\"https:\\\/\\\/canfali.com\\\/ca-es\\\/#\\\/schema\\\/person\\\/5211f51be1ed486a218e6a4f53355b6d\"},\"headline\":\"Creama commemora el seu 30 aniversari a juliol a Calp\",\"datePublished\":\"2025-05-27T08:08:46+00:00\",\"dateModified\":\"2025-05-28T15:10:02+00:00\",\"mainEntityOfPage\":{\"@id\":\"https:\\\/\\\/canfali.com\\\/ca-es\\\/creama-commemora-el-seu-30-aniversari-a-juliol-a-calp\\\/\"},\"wordCount\":578,\"publisher\":{\"@id\":\"https:\\\/\\\/canfali.com\\\/ca-es\\\/#organization\"},\"image\":{\"@id\":\"https:\\\/\\\/canfali.com\\\/ca-es\\\/creama-commemora-el-seu-30-aniversari-a-juliol-a-calp\\\/#primaryimage\"},\"thumbnailUrl\":\"https:\\\/\\\/canfali.com\\\/app\\\/uploads\\\/2025\\\/05\\\/creama.jpg\",\"keywords\":[\"30 aniversari\",\"consorci\",\"Creama\"],\"articleSection\":[\"Sociedad\"],\"inLanguage\":\"va-ES\",\"copyrightYear\":\"2025\",\"copyrightHolder\":{\"@id\":\"https:\\\/\\\/canfali.com\\\/#organization\"}},{\"@type\":\"WebPage\",\"@id\":\"https:\\\/\\\/canfali.com\\\/ca-es\\\/creama-commemora-el-seu-30-aniversari-a-juliol-a-calp\\\/\",\"url\":\"https:\\\/\\\/canfali.com\\\/ca-es\\\/creama-commemora-el-seu-30-aniversari-a-juliol-a-calp\\\/\",\"name\":\"Creama commemora el seu 30 aniversari a juliol a Calp - Canfali\",\"isPartOf\":{\"@id\":\"https:\\\/\\\/canfali.com\\\/ca-es\\\/#website\"},\"primaryImageOfPage\":{\"@id\":\"https:\\\/\\\/canfali.com\\\/ca-es\\\/creama-commemora-el-seu-30-aniversari-a-juliol-a-calp\\\/#primaryimage\"},\"image\":{\"@id\":\"https:\\\/\\\/canfali.com\\\/ca-es\\\/creama-commemora-el-seu-30-aniversari-a-juliol-a-calp\\\/#primaryimage\"},\"thumbnailUrl\":\"https:\\\/\\\/canfali.com\\\/app\\\/uploads\\\/2025\\\/05\\\/creama.jpg\",\"datePublished\":\"2025-05-27T08:08:46+00:00\",\"dateModified\":\"2025-05-28T15:10:02+00:00\",\"breadcrumb\":{\"@id\":\"https:\\\/\\\/canfali.com\\\/ca-es\\\/creama-commemora-el-seu-30-aniversari-a-juliol-a-calp\\\/#breadcrumb\"},\"inLanguage\":\"va-ES\",\"potentialAction\":[{\"@type\":\"ReadAction\",\"target\":[\"https:\\\/\\\/canfali.com\\\/ca-es\\\/creama-commemora-el-seu-30-aniversari-a-juliol-a-calp\\\/\"]}]},{\"@type\":\"ImageObject\",\"inLanguage\":\"va-ES\",\"@id\":\"https:\\\/\\\/canfali.com\\\/ca-es\\\/creama-commemora-el-seu-30-aniversari-a-juliol-a-calp\\\/#primaryimage\",\"url\":\"https:\\\/\\\/canfali.com\\\/app\\\/uploads\\\/2025\\\/05\\\/creama.jpg\",\"contentUrl\":\"https:\\\/\\\/canfali.com\\\/app\\\/uploads\\\/2025\\\/05\\\/creama.jpg\",\"width\":1600,\"height\":1200},{\"@type\":\"BreadcrumbList\",\"@id\":\"https:\\\/\\\/canfali.com\\\/ca-es\\\/creama-commemora-el-seu-30-aniversari-a-juliol-a-calp\\\/#breadcrumb\",\"itemListElement\":[{\"@type\":\"ListItem\",\"position\":1,\"name\":\"Portada\",\"item\":\"https:\\\/\\\/canfali.com\\\/ca-es\\\/\"},{\"@type\":\"ListItem\",\"position\":2,\"name\":\"Creama commemora el seu 30 aniversari a juliol a Calp\"}]},{\"@type\":\"WebSite\",\"@id\":\"https:\\\/\\\/canfali.com\\\/ca-es\\\/#website\",\"url\":\"https:\\\/\\\/canfali.com\\\/ca-es\\\/\",\"name\":\"Canfali\",\"description\":\"\",\"publisher\":{\"@id\":\"https:\\\/\\\/canfali.com\\\/ca-es\\\/#organization\"},\"potentialAction\":[{\"@type\":\"SearchAction\",\"target\":{\"@type\":\"EntryPoint\",\"urlTemplate\":\"https:\\\/\\\/canfali.com\\\/ca-es\\\/?s={search_term_string}\"},\"query-input\":{\"@type\":\"PropertyValueSpecification\",\"valueRequired\":true,\"valueName\":\"search_term_string\"}}],\"inLanguage\":\"va-ES\"},{\"@type\":\"Organization\",\"@id\":\"https:\\\/\\\/canfali.com\\\/ca-es\\\/#organization\",\"name\":\"Canfali\",\"url\":\"https:\\\/\\\/canfali.com\\\/ca-es\\\/\",\"logo\":{\"@type\":\"ImageObject\",\"inLanguage\":\"va-ES\",\"@id\":\"https:\\\/\\\/canfali.com\\\/ca-es\\\/#\\\/schema\\\/logo\\\/image\\\/\",\"url\":\"https:\\\/\\\/canfali.com\\\/app\\\/uploads\\\/2025\\\/12\\\/canfali_marina_alta_logo.png\",\"contentUrl\":\"https:\\\/\\\/canfali.com\\\/app\\\/uploads\\\/2025\\\/12\\\/canfali_marina_alta_logo.png\",\"width\":225,\"height\":225,\"caption\":\"Canfali\"},\"image\":{\"@id\":\"https:\\\/\\\/canfali.com\\\/ca-es\\\/#\\\/schema\\\/logo\\\/image\\\/\"},\"sameAs\":[\"https:\\\/\\\/es-es.facebook.com\\\/CANFALIMarinaAlta\",\"https:\\\/\\\/x.com\\\/canfalima\",\"https:\\\/\\\/www.instagram.com\\\/canfalimarinaalta\\\/\"]},{\"@type\":\"Person\",\"@id\":\"https:\\\/\\\/canfali.com\\\/ca-es\\\/#\\\/schema\\\/person\\\/5211f51be1ed486a218e6a4f53355b6d\",\"name\":\"D\u00eddac\",\"image\":{\"@type\":\"ImageObject\",\"inLanguage\":\"va-ES\",\"@id\":\"https:\\\/\\\/secure.gravatar.com\\\/avatar\\\/a68a2078c12da8a6dd6cff4f3f3f69f7eb69a2d31ac1aac4da61c3761e4557f4?s=96&d=mm&r=g\",\"url\":\"https:\\\/\\\/secure.gravatar.com\\\/avatar\\\/a68a2078c12da8a6dd6cff4f3f3f69f7eb69a2d31ac1aac4da61c3761e4557f4?s=96&d=mm&r=g\",\"contentUrl\":\"https:\\\/\\\/secure.gravatar.com\\\/avatar\\\/a68a2078c12da8a6dd6cff4f3f3f69f7eb69a2d31ac1aac4da61c3761e4557f4?s=96&d=mm&r=g\",\"caption\":\"D\u00eddac\"},\"url\":\"https:\\\/\\\/canfali.com\\\/ca-es\\\/author\\\/didac\\\/\"}]}<\/script>\n<!-- \/ Yoast SEO Premium plugin. -->","yoast_head_json":{"title":"Creama commemora el seu 30 aniversari a juliol a Calp - Canfali","robots":{"index":"index","follow":"follow","max-snippet":"max-snippet:-1","max-image-preview":"max-image-preview:large","max-video-preview":"max-video-preview:-1"},"canonical":"https:\/\/canfali.com\/ca-es\/creama-commemora-el-seu-30-aniversari-a-juliol-a-calp\/","og_locale":"en_US","og_type":"article","og_title":"Creama commemora el seu 30 aniversari a juliol a Calp","og_description":"El Verger s&#8217;incorpora de nou al consorci El Consorci per a la Recuperaci\u00f3 Econ\u00f2mica i l&#8217;Activitat de la&hellip;","og_url":"https:\/\/canfali.com\/ca-es\/creama-commemora-el-seu-30-aniversari-a-juliol-a-calp\/","og_site_name":"Canfali","article_publisher":"https:\/\/es-es.facebook.com\/CANFALIMarinaAlta","article_published_time":"2025-05-27T08:08:46+00:00","article_modified_time":"2025-05-28T15:10:02+00:00","og_image":[{"width":1600,"height":1200,"url":"https:\/\/canfali.com\/app\/uploads\/2025\/05\/creama.jpg","type":"image\/jpeg"}],"author":"D\u00eddac","twitter_card":"summary_large_image","twitter_creator":"@canfalima","twitter_site":"@canfalima","twitter_misc":{"Written by":"D\u00eddac","Est. reading time":"3 minutes"},"schema":{"@context":"https:\/\/schema.org","@graph":[{"@type":"NewsArticle","@id":"https:\/\/canfali.com\/ca-es\/creama-commemora-el-seu-30-aniversari-a-juliol-a-calp\/#article","isPartOf":{"@id":"https:\/\/canfali.com\/ca-es\/creama-commemora-el-seu-30-aniversari-a-juliol-a-calp\/"},"author":{"name":"D\u00eddac","@id":"https:\/\/canfali.com\/ca-es\/#\/schema\/person\/5211f51be1ed486a218e6a4f53355b6d"},"headline":"Creama commemora el seu 30 aniversari a juliol a Calp","datePublished":"2025-05-27T08:08:46+00:00","dateModified":"2025-05-28T15:10:02+00:00","mainEntityOfPage":{"@id":"https:\/\/canfali.com\/ca-es\/creama-commemora-el-seu-30-aniversari-a-juliol-a-calp\/"},"wordCount":578,"publisher":{"@id":"https:\/\/canfali.com\/ca-es\/#organization"},"image":{"@id":"https:\/\/canfali.com\/ca-es\/creama-commemora-el-seu-30-aniversari-a-juliol-a-calp\/#primaryimage"},"thumbnailUrl":"https:\/\/canfali.com\/app\/uploads\/2025\/05\/creama.jpg","keywords":["30 aniversari","consorci","Creama"],"articleSection":["Sociedad"],"inLanguage":"va-ES","copyrightYear":"2025","copyrightHolder":{"@id":"https:\/\/canfali.com\/#organization"}},{"@type":"WebPage","@id":"https:\/\/canfali.com\/ca-es\/creama-commemora-el-seu-30-aniversari-a-juliol-a-calp\/","url":"https:\/\/canfali.com\/ca-es\/creama-commemora-el-seu-30-aniversari-a-juliol-a-calp\/","name":"Creama commemora el seu 30 aniversari a juliol a Calp - Canfali","isPartOf":{"@id":"https:\/\/canfali.com\/ca-es\/#website"},"primaryImageOfPage":{"@id":"https:\/\/canfali.com\/ca-es\/creama-commemora-el-seu-30-aniversari-a-juliol-a-calp\/#primaryimage"},"image":{"@id":"https:\/\/canfali.com\/ca-es\/creama-commemora-el-seu-30-aniversari-a-juliol-a-calp\/#primaryimage"},"thumbnailUrl":"https:\/\/canfali.com\/app\/uploads\/2025\/05\/creama.jpg","datePublished":"2025-05-27T08:08:46+00:00","dateModified":"2025-05-28T15:10:02+00:00","breadcrumb":{"@id":"https:\/\/canfali.com\/ca-es\/creama-commemora-el-seu-30-aniversari-a-juliol-a-calp\/#breadcrumb"},"inLanguage":"va-ES","potentialAction":[{"@type":"ReadAction","target":["https:\/\/canfali.com\/ca-es\/creama-commemora-el-seu-30-aniversari-a-juliol-a-calp\/"]}]},{"@type":"ImageObject","inLanguage":"va-ES","@id":"https:\/\/canfali.com\/ca-es\/creama-commemora-el-seu-30-aniversari-a-juliol-a-calp\/#primaryimage","url":"https:\/\/canfali.com\/app\/uploads\/2025\/05\/creama.jpg","contentUrl":"https:\/\/canfali.com\/app\/uploads\/2025\/05\/creama.jpg","width":1600,"height":1200},{"@type":"BreadcrumbList","@id":"https:\/\/canfali.com\/ca-es\/creama-commemora-el-seu-30-aniversari-a-juliol-a-calp\/#breadcrumb","itemListElement":[{"@type":"ListItem","position":1,"name":"Portada","item":"https:\/\/canfali.com\/ca-es\/"},{"@type":"ListItem","position":2,"name":"Creama commemora el seu 30 aniversari a juliol a Calp"}]},{"@type":"WebSite","@id":"https:\/\/canfali.com\/ca-es\/#website","url":"https:\/\/canfali.com\/ca-es\/","name":"Canfali","description":"","publisher":{"@id":"https:\/\/canfali.com\/ca-es\/#organization"},"potentialAction":[{"@type":"SearchAction","target":{"@type":"EntryPoint","urlTemplate":"https:\/\/canfali.com\/ca-es\/?s={search_term_string}"},"query-input":{"@type":"PropertyValueSpecification","valueRequired":true,"valueName":"search_term_string"}}],"inLanguage":"va-ES"},{"@type":"Organization","@id":"https:\/\/canfali.com\/ca-es\/#organization","name":"Canfali","url":"https:\/\/canfali.com\/ca-es\/","logo":{"@type":"ImageObject","inLanguage":"va-ES","@id":"https:\/\/canfali.com\/ca-es\/#\/schema\/logo\/image\/","url":"https:\/\/canfali.com\/app\/uploads\/2025\/12\/canfali_marina_alta_logo.png","contentUrl":"https:\/\/canfali.com\/app\/uploads\/2025\/12\/canfali_marina_alta_logo.png","width":225,"height":225,"caption":"Canfali"},"image":{"@id":"https:\/\/canfali.com\/ca-es\/#\/schema\/logo\/image\/"},"sameAs":["https:\/\/es-es.facebook.com\/CANFALIMarinaAlta","https:\/\/x.com\/canfalima","https:\/\/www.instagram.com\/canfalimarinaalta\/"]},{"@type":"Person","@id":"https:\/\/canfali.com\/ca-es\/#\/schema\/person\/5211f51be1ed486a218e6a4f53355b6d","name":"D\u00eddac","image":{"@type":"ImageObject","inLanguage":"va-ES","@id":"https:\/\/secure.gravatar.com\/avatar\/a68a2078c12da8a6dd6cff4f3f3f69f7eb69a2d31ac1aac4da61c3761e4557f4?s=96&d=mm&r=g","url":"https:\/\/secure.gravatar.com\/avatar\/a68a2078c12da8a6dd6cff4f3f3f69f7eb69a2d31ac1aac4da61c3761e4557f4?s=96&d=mm&r=g","contentUrl":"https:\/\/secure.gravatar.com\/avatar\/a68a2078c12da8a6dd6cff4f3f3f69f7eb69a2d31ac1aac4da61c3761e4557f4?s=96&d=mm&r=g","caption":"D\u00eddac"},"url":"https:\/\/canfali.com\/ca-es\/author\/didac\/"}]}},"_links":{"self":[{"href":"https:\/\/canfali.com\/ca-es\/wp-json\/wp\/v2\/posts\/64678","targetHints":{"allow":["GET"]}}],"collection":[{"href":"https:\/\/canfali.com\/ca-es\/wp-json\/wp\/v2\/posts"}],"about":[{"href":"https:\/\/canfali.com\/ca-es\/wp-json\/wp\/v2\/types\/post"}],"author":[{"embeddable":true,"href":"https:\/\/canfali.com\/ca-es\/wp-json\/wp\/v2\/users\/5"}],"replies":[{"embeddable":true,"href":"https:\/\/canfali.com\/ca-es\/wp-json\/wp\/v2\/comments?post=64678"}],"version-history":[{"count":1,"href":"https:\/\/canfali.com\/ca-es\/wp-json\/wp\/v2\/posts\/64678\/revisions"}],"predecessor-version":[{"id":64679,"href":"https:\/\/canfali.com\/ca-es\/wp-json\/wp\/v2\/posts\/64678\/revisions\/64679"}],"wp:featuredmedia":[{"embeddable":true,"href":"https:\/\/canfali.com\/ca-es\/wp-json\/wp\/v2\/media\/64675"}],"wp:attachment":[{"href":"https:\/\/canfali.com\/ca-es\/wp-json\/wp\/v2\/media?parent=64678"}],"wp:term":[{"taxonomy":"category","embeddable":true,"href":"https:\/\/canfali.com\/ca-es\/wp-json\/wp\/v2\/categories?post=64678"},{"taxonomy":"post_tag","embeddable":true,"href":"https:\/\/canfali.com\/ca-es\/wp-json\/wp\/v2\/tags?post=64678"}],"curies":[{"name":"wp","href":"https:\/\/api.w.org\/{rel}","templated":true}]}}