{"id":64107,"date":"2025-05-20T10:39:21","date_gmt":"2025-05-20T08:39:21","guid":{"rendered":"https:\/\/canfali.com\/?p=64107"},"modified":"2025-05-20T10:40:57","modified_gmt":"2025-05-20T08:40:57","slug":"oscar-garcia-montoro-nuevo-director-deportivo-del-cd-denia","status":"publish","type":"post","link":"https:\/\/canfali.com\/ca-es\/oscar-garcia-montoro-nuevo-director-deportivo-del-cd-denia\/","title":{"rendered":"\u00d3scar Garc\u00eda, nuevo director deportivo del CD D\u00e9nia"},"content":{"rendered":"\n<p>El Club Deportivo D\u00e9nia ha anunciado el regreso al club de \u00d3scar Garcia Montoro como nuevo director deportivo de la entidad, cubriendo la vacante que dej\u00f3 Toni Lled\u00f3. Garcia se ocupar\u00e1 por tanto de confeccionar la plantilla para la pr\u00f3xima temporada en la que se ha fijado el ascenso como primer objetivo.<\/p>\n\n\n\n<p>El club destaca la \u201cm\u00e1s que probada\u201d experiencia en el f\u00fatbol alicantino como jugador, preparador f\u00edsico del primer equipo y entrenador de equipos como el femenino y el juvenil del FB D\u00e9nia, \u00d3scar, de 38 a\u00f1os, llega \u201ccon la valent\u00eda de aceptar el reto y la convicci\u00f3n de que con ganas, tiempo y dedicaci\u00f3n, seguro que esto va a salir bien\u201d.<\/p>\n","protected":false},"excerpt":{"rendered":"El Club Deportivo D\u00e9nia ha anunciado el regreso al club de \u00d3scar Garcia Montoro como nuevo director deportivo&hellip;","protected":false},"author":8,"featured_media":64108,"comment_status":"closed","ping_status":"closed","sticky":false,"template":"","format":"standard","meta":{"csco_display_header_overlay":false,"csco_singular_sidebar":"","csco_page_header_type":"","csco_page_load_nextpost":"","csco_post_video_location":[],"csco_post_video_location_hash":"","csco_post_video_url":"","csco_post_video_bg_start_time":0,"csco_post_video_bg_end_time":0,"footnotes":""},"categories":[573,598,601],"tags":[],"class_list":{"0":"post-64107","1":"post","2":"type-post","3":"status-publish","4":"format-standard","5":"has-post-thumbnail","7":"category-deportes-2","8":"category-esports","9":"category-futbol-ca-es","10":"cs-entry","11":"cs-video-wrap"},"yoast_head":"<!-- This site is optimized with the Yoast SEO Premium plugin v26.6 (Yoast SEO v27.3) - https:\/\/yoast.com\/product\/yoast-seo-premium-wordpress\/ -->\n<title>\u00d3scar Garc\u00eda, nuevo director deportivo del CD D\u00e9nia - Canfali<\/title>\n<meta name=\"robots\" content=\"index, follow, max-snippet:-1, max-image-preview:large, max-video-preview:-1\" \/>\n<link rel=\"canonical\" href=\"https:\/\/canfali.com\/ca-es\/oscar-garcia-montoro-nuevo-director-deportivo-del-cd-denia\/\" \/>\n<meta property=\"og:locale\" content=\"en_US\" \/>\n<meta property=\"og:type\" content=\"article\" \/>\n<meta property=\"og:title\" content=\"\u00d3scar Garc\u00eda, nuevo director deportivo del CD D\u00e9nia\" \/>\n<meta property=\"og:description\" content=\"El Club Deportivo D\u00e9nia ha anunciado el regreso al club de \u00d3scar Garcia Montoro como nuevo director deportivo&hellip;\" \/>\n<meta property=\"og:url\" content=\"https:\/\/canfali.com\/ca-es\/oscar-garcia-montoro-nuevo-director-deportivo-del-cd-denia\/\" \/>\n<meta property=\"og:site_name\" content=\"Canfali\" \/>\n<meta property=\"article:publisher\" content=\"https:\/\/es-es.facebook.com\/CANFALIMarinaAlta\" \/>\n<meta property=\"article:published_time\" content=\"2025-05-20T08:39:21+00:00\" \/>\n<meta property=\"article:modified_time\" content=\"2025-05-20T08:40:57+00:00\" \/>\n<meta property=\"og:image\" content=\"https:\/\/canfali.com\/app\/uploads\/2025\/05\/8oscar.jpeg\" \/>\n\t<meta property=\"og:image:width\" content=\"750\" \/>\n\t<meta property=\"og:image:height\" content=\"618\" \/>\n\t<meta property=\"og:image:type\" content=\"image\/jpeg\" \/>\n<meta name=\"author\" content=\"Lluis\" \/>\n<meta name=\"twitter:card\" content=\"summary_large_image\" \/>\n<meta name=\"twitter:creator\" content=\"@canfalima\" \/>\n<meta name=\"twitter:site\" content=\"@canfalima\" \/>\n<meta name=\"twitter:label1\" content=\"Written by\" \/>\n\t<meta name=\"twitter:data1\" content=\"Lluis\" \/>\n\t<meta name=\"twitter:label2\" content=\"Est. reading time\" \/>\n\t<meta name=\"twitter:data2\" content=\"1 minute\" \/>\n<script type=\"application\/ld+json\" class=\"yoast-schema-graph\">{\"@context\":\"https:\\\/\\\/schema.org\",\"@graph\":[{\"@type\":\"NewsArticle\",\"@id\":\"https:\\\/\\\/canfali.com\\\/ca-es\\\/oscar-garcia-montoro-nuevo-director-deportivo-del-cd-denia\\\/#article\",\"isPartOf\":{\"@id\":\"https:\\\/\\\/canfali.com\\\/ca-es\\\/oscar-garcia-montoro-nuevo-director-deportivo-del-cd-denia\\\/\"},\"author\":{\"name\":\"Lluis\",\"@id\":\"https:\\\/\\\/canfali.com\\\/ca-es\\\/#\\\/schema\\\/person\\\/f540a86fb33e10daaae53c59ceaa1194\"},\"headline\":\"\u00d3scar Garc\u00eda, nuevo director deportivo del CD D\u00e9nia\",\"datePublished\":\"2025-05-20T08:39:21+00:00\",\"dateModified\":\"2025-05-20T08:40:57+00:00\",\"mainEntityOfPage\":{\"@id\":\"https:\\\/\\\/canfali.com\\\/ca-es\\\/oscar-garcia-montoro-nuevo-director-deportivo-del-cd-denia\\\/\"},\"wordCount\":132,\"publisher\":{\"@id\":\"https:\\\/\\\/canfali.com\\\/ca-es\\\/#organization\"},\"image\":{\"@id\":\"https:\\\/\\\/canfali.com\\\/ca-es\\\/oscar-garcia-montoro-nuevo-director-deportivo-del-cd-denia\\\/#primaryimage\"},\"thumbnailUrl\":\"https:\\\/\\\/canfali.com\\\/app\\\/uploads\\\/2025\\\/05\\\/8oscar.jpeg\",\"articleSection\":[\"Deportes\",\"Esports\",\"Futbol\"],\"inLanguage\":\"va-ES\",\"copyrightYear\":\"2025\",\"copyrightHolder\":{\"@id\":\"https:\\\/\\\/canfali.com\\\/#organization\"}},{\"@type\":\"WebPage\",\"@id\":\"https:\\\/\\\/canfali.com\\\/ca-es\\\/oscar-garcia-montoro-nuevo-director-deportivo-del-cd-denia\\\/\",\"url\":\"https:\\\/\\\/canfali.com\\\/ca-es\\\/oscar-garcia-montoro-nuevo-director-deportivo-del-cd-denia\\\/\",\"name\":\"\u00d3scar Garc\u00eda, nuevo director deportivo del CD D\u00e9nia - Canfali\",\"isPartOf\":{\"@id\":\"https:\\\/\\\/canfali.com\\\/ca-es\\\/#website\"},\"primaryImageOfPage\":{\"@id\":\"https:\\\/\\\/canfali.com\\\/ca-es\\\/oscar-garcia-montoro-nuevo-director-deportivo-del-cd-denia\\\/#primaryimage\"},\"image\":{\"@id\":\"https:\\\/\\\/canfali.com\\\/ca-es\\\/oscar-garcia-montoro-nuevo-director-deportivo-del-cd-denia\\\/#primaryimage\"},\"thumbnailUrl\":\"https:\\\/\\\/canfali.com\\\/app\\\/uploads\\\/2025\\\/05\\\/8oscar.jpeg\",\"datePublished\":\"2025-05-20T08:39:21+00:00\",\"dateModified\":\"2025-05-20T08:40:57+00:00\",\"breadcrumb\":{\"@id\":\"https:\\\/\\\/canfali.com\\\/ca-es\\\/oscar-garcia-montoro-nuevo-director-deportivo-del-cd-denia\\\/#breadcrumb\"},\"inLanguage\":\"va-ES\",\"potentialAction\":[{\"@type\":\"ReadAction\",\"target\":[\"https:\\\/\\\/canfali.com\\\/ca-es\\\/oscar-garcia-montoro-nuevo-director-deportivo-del-cd-denia\\\/\"]}]},{\"@type\":\"ImageObject\",\"inLanguage\":\"va-ES\",\"@id\":\"https:\\\/\\\/canfali.com\\\/ca-es\\\/oscar-garcia-montoro-nuevo-director-deportivo-del-cd-denia\\\/#primaryimage\",\"url\":\"https:\\\/\\\/canfali.com\\\/app\\\/uploads\\\/2025\\\/05\\\/8oscar.jpeg\",\"contentUrl\":\"https:\\\/\\\/canfali.com\\\/app\\\/uploads\\\/2025\\\/05\\\/8oscar.jpeg\",\"width\":750,\"height\":618},{\"@type\":\"BreadcrumbList\",\"@id\":\"https:\\\/\\\/canfali.com\\\/ca-es\\\/oscar-garcia-montoro-nuevo-director-deportivo-del-cd-denia\\\/#breadcrumb\",\"itemListElement\":[{\"@type\":\"ListItem\",\"position\":1,\"name\":\"Portada\",\"item\":\"https:\\\/\\\/canfali.com\\\/ca-es\\\/\"},{\"@type\":\"ListItem\",\"position\":2,\"name\":\"\u00d3scar Garc\u00eda, nuevo director deportivo del CD D\u00e9nia\"}]},{\"@type\":\"WebSite\",\"@id\":\"https:\\\/\\\/canfali.com\\\/ca-es\\\/#website\",\"url\":\"https:\\\/\\\/canfali.com\\\/ca-es\\\/\",\"name\":\"Canfali\",\"description\":\"\",\"publisher\":{\"@id\":\"https:\\\/\\\/canfali.com\\\/ca-es\\\/#organization\"},\"potentialAction\":[{\"@type\":\"SearchAction\",\"target\":{\"@type\":\"EntryPoint\",\"urlTemplate\":\"https:\\\/\\\/canfali.com\\\/ca-es\\\/?s={search_term_string}\"},\"query-input\":{\"@type\":\"PropertyValueSpecification\",\"valueRequired\":true,\"valueName\":\"search_term_string\"}}],\"inLanguage\":\"va-ES\"},{\"@type\":\"Organization\",\"@id\":\"https:\\\/\\\/canfali.com\\\/ca-es\\\/#organization\",\"name\":\"Canfali\",\"url\":\"https:\\\/\\\/canfali.com\\\/ca-es\\\/\",\"logo\":{\"@type\":\"ImageObject\",\"inLanguage\":\"va-ES\",\"@id\":\"https:\\\/\\\/canfali.com\\\/ca-es\\\/#\\\/schema\\\/logo\\\/image\\\/\",\"url\":\"https:\\\/\\\/canfali.com\\\/app\\\/uploads\\\/2025\\\/12\\\/canfali_marina_alta_logo.png\",\"contentUrl\":\"https:\\\/\\\/canfali.com\\\/app\\\/uploads\\\/2025\\\/12\\\/canfali_marina_alta_logo.png\",\"width\":225,\"height\":225,\"caption\":\"Canfali\"},\"image\":{\"@id\":\"https:\\\/\\\/canfali.com\\\/ca-es\\\/#\\\/schema\\\/logo\\\/image\\\/\"},\"sameAs\":[\"https:\\\/\\\/es-es.facebook.com\\\/CANFALIMarinaAlta\",\"https:\\\/\\\/x.com\\\/canfalima\",\"https:\\\/\\\/www.instagram.com\\\/canfalimarinaalta\\\/\"]},{\"@type\":\"Person\",\"@id\":\"https:\\\/\\\/canfali.com\\\/ca-es\\\/#\\\/schema\\\/person\\\/f540a86fb33e10daaae53c59ceaa1194\",\"name\":\"Lluis\",\"image\":{\"@type\":\"ImageObject\",\"inLanguage\":\"va-ES\",\"@id\":\"https:\\\/\\\/secure.gravatar.com\\\/avatar\\\/a21ec8835290e4e02ed0886b8cb327d807d0eb6ec8ccf25d4c2a0a415f506c0d?s=96&d=mm&r=g\",\"url\":\"https:\\\/\\\/secure.gravatar.com\\\/avatar\\\/a21ec8835290e4e02ed0886b8cb327d807d0eb6ec8ccf25d4c2a0a415f506c0d?s=96&d=mm&r=g\",\"contentUrl\":\"https:\\\/\\\/secure.gravatar.com\\\/avatar\\\/a21ec8835290e4e02ed0886b8cb327d807d0eb6ec8ccf25d4c2a0a415f506c0d?s=96&d=mm&r=g\",\"caption\":\"Lluis\"},\"url\":\"https:\\\/\\\/canfali.com\\\/ca-es\\\/author\\\/lluis\\\/\"}]}<\/script>\n<!-- \/ Yoast SEO Premium plugin. -->","yoast_head_json":{"title":"\u00d3scar Garc\u00eda, nuevo director deportivo del CD D\u00e9nia - Canfali","robots":{"index":"index","follow":"follow","max-snippet":"max-snippet:-1","max-image-preview":"max-image-preview:large","max-video-preview":"max-video-preview:-1"},"canonical":"https:\/\/canfali.com\/ca-es\/oscar-garcia-montoro-nuevo-director-deportivo-del-cd-denia\/","og_locale":"en_US","og_type":"article","og_title":"\u00d3scar Garc\u00eda, nuevo director deportivo del CD D\u00e9nia","og_description":"El Club Deportivo D\u00e9nia ha anunciado el regreso al club de \u00d3scar Garcia Montoro como nuevo director deportivo&hellip;","og_url":"https:\/\/canfali.com\/ca-es\/oscar-garcia-montoro-nuevo-director-deportivo-del-cd-denia\/","og_site_name":"Canfali","article_publisher":"https:\/\/es-es.facebook.com\/CANFALIMarinaAlta","article_published_time":"2025-05-20T08:39:21+00:00","article_modified_time":"2025-05-20T08:40:57+00:00","og_image":[{"width":750,"height":618,"url":"https:\/\/canfali.com\/app\/uploads\/2025\/05\/8oscar.jpeg","type":"image\/jpeg"}],"author":"Lluis","twitter_card":"summary_large_image","twitter_creator":"@canfalima","twitter_site":"@canfalima","twitter_misc":{"Written by":"Lluis","Est. reading time":"1 minute"},"schema":{"@context":"https:\/\/schema.org","@graph":[{"@type":"NewsArticle","@id":"https:\/\/canfali.com\/ca-es\/oscar-garcia-montoro-nuevo-director-deportivo-del-cd-denia\/#article","isPartOf":{"@id":"https:\/\/canfali.com\/ca-es\/oscar-garcia-montoro-nuevo-director-deportivo-del-cd-denia\/"},"author":{"name":"Lluis","@id":"https:\/\/canfali.com\/ca-es\/#\/schema\/person\/f540a86fb33e10daaae53c59ceaa1194"},"headline":"\u00d3scar Garc\u00eda, nuevo director deportivo del CD D\u00e9nia","datePublished":"2025-05-20T08:39:21+00:00","dateModified":"2025-05-20T08:40:57+00:00","mainEntityOfPage":{"@id":"https:\/\/canfali.com\/ca-es\/oscar-garcia-montoro-nuevo-director-deportivo-del-cd-denia\/"},"wordCount":132,"publisher":{"@id":"https:\/\/canfali.com\/ca-es\/#organization"},"image":{"@id":"https:\/\/canfali.com\/ca-es\/oscar-garcia-montoro-nuevo-director-deportivo-del-cd-denia\/#primaryimage"},"thumbnailUrl":"https:\/\/canfali.com\/app\/uploads\/2025\/05\/8oscar.jpeg","articleSection":["Deportes","Esports","Futbol"],"inLanguage":"va-ES","copyrightYear":"2025","copyrightHolder":{"@id":"https:\/\/canfali.com\/#organization"}},{"@type":"WebPage","@id":"https:\/\/canfali.com\/ca-es\/oscar-garcia-montoro-nuevo-director-deportivo-del-cd-denia\/","url":"https:\/\/canfali.com\/ca-es\/oscar-garcia-montoro-nuevo-director-deportivo-del-cd-denia\/","name":"\u00d3scar Garc\u00eda, nuevo director deportivo del CD D\u00e9nia - Canfali","isPartOf":{"@id":"https:\/\/canfali.com\/ca-es\/#website"},"primaryImageOfPage":{"@id":"https:\/\/canfali.com\/ca-es\/oscar-garcia-montoro-nuevo-director-deportivo-del-cd-denia\/#primaryimage"},"image":{"@id":"https:\/\/canfali.com\/ca-es\/oscar-garcia-montoro-nuevo-director-deportivo-del-cd-denia\/#primaryimage"},"thumbnailUrl":"https:\/\/canfali.com\/app\/uploads\/2025\/05\/8oscar.jpeg","datePublished":"2025-05-20T08:39:21+00:00","dateModified":"2025-05-20T08:40:57+00:00","breadcrumb":{"@id":"https:\/\/canfali.com\/ca-es\/oscar-garcia-montoro-nuevo-director-deportivo-del-cd-denia\/#breadcrumb"},"inLanguage":"va-ES","potentialAction":[{"@type":"ReadAction","target":["https:\/\/canfali.com\/ca-es\/oscar-garcia-montoro-nuevo-director-deportivo-del-cd-denia\/"]}]},{"@type":"ImageObject","inLanguage":"va-ES","@id":"https:\/\/canfali.com\/ca-es\/oscar-garcia-montoro-nuevo-director-deportivo-del-cd-denia\/#primaryimage","url":"https:\/\/canfali.com\/app\/uploads\/2025\/05\/8oscar.jpeg","contentUrl":"https:\/\/canfali.com\/app\/uploads\/2025\/05\/8oscar.jpeg","width":750,"height":618},{"@type":"BreadcrumbList","@id":"https:\/\/canfali.com\/ca-es\/oscar-garcia-montoro-nuevo-director-deportivo-del-cd-denia\/#breadcrumb","itemListElement":[{"@type":"ListItem","position":1,"name":"Portada","item":"https:\/\/canfali.com\/ca-es\/"},{"@type":"ListItem","position":2,"name":"\u00d3scar Garc\u00eda, nuevo director deportivo del CD D\u00e9nia"}]},{"@type":"WebSite","@id":"https:\/\/canfali.com\/ca-es\/#website","url":"https:\/\/canfali.com\/ca-es\/","name":"Canfali","description":"","publisher":{"@id":"https:\/\/canfali.com\/ca-es\/#organization"},"potentialAction":[{"@type":"SearchAction","target":{"@type":"EntryPoint","urlTemplate":"https:\/\/canfali.com\/ca-es\/?s={search_term_string}"},"query-input":{"@type":"PropertyValueSpecification","valueRequired":true,"valueName":"search_term_string"}}],"inLanguage":"va-ES"},{"@type":"Organization","@id":"https:\/\/canfali.com\/ca-es\/#organization","name":"Canfali","url":"https:\/\/canfali.com\/ca-es\/","logo":{"@type":"ImageObject","inLanguage":"va-ES","@id":"https:\/\/canfali.com\/ca-es\/#\/schema\/logo\/image\/","url":"https:\/\/canfali.com\/app\/uploads\/2025\/12\/canfali_marina_alta_logo.png","contentUrl":"https:\/\/canfali.com\/app\/uploads\/2025\/12\/canfali_marina_alta_logo.png","width":225,"height":225,"caption":"Canfali"},"image":{"@id":"https:\/\/canfali.com\/ca-es\/#\/schema\/logo\/image\/"},"sameAs":["https:\/\/es-es.facebook.com\/CANFALIMarinaAlta","https:\/\/x.com\/canfalima","https:\/\/www.instagram.com\/canfalimarinaalta\/"]},{"@type":"Person","@id":"https:\/\/canfali.com\/ca-es\/#\/schema\/person\/f540a86fb33e10daaae53c59ceaa1194","name":"Lluis","image":{"@type":"ImageObject","inLanguage":"va-ES","@id":"https:\/\/secure.gravatar.com\/avatar\/a21ec8835290e4e02ed0886b8cb327d807d0eb6ec8ccf25d4c2a0a415f506c0d?s=96&d=mm&r=g","url":"https:\/\/secure.gravatar.com\/avatar\/a21ec8835290e4e02ed0886b8cb327d807d0eb6ec8ccf25d4c2a0a415f506c0d?s=96&d=mm&r=g","contentUrl":"https:\/\/secure.gravatar.com\/avatar\/a21ec8835290e4e02ed0886b8cb327d807d0eb6ec8ccf25d4c2a0a415f506c0d?s=96&d=mm&r=g","caption":"Lluis"},"url":"https:\/\/canfali.com\/ca-es\/author\/lluis\/"}]}},"_links":{"self":[{"href":"https:\/\/canfali.com\/ca-es\/wp-json\/wp\/v2\/posts\/64107","targetHints":{"allow":["GET"]}}],"collection":[{"href":"https:\/\/canfali.com\/ca-es\/wp-json\/wp\/v2\/posts"}],"about":[{"href":"https:\/\/canfali.com\/ca-es\/wp-json\/wp\/v2\/types\/post"}],"author":[{"embeddable":true,"href":"https:\/\/canfali.com\/ca-es\/wp-json\/wp\/v2\/users\/8"}],"replies":[{"embeddable":true,"href":"https:\/\/canfali.com\/ca-es\/wp-json\/wp\/v2\/comments?post=64107"}],"version-history":[{"count":2,"href":"https:\/\/canfali.com\/ca-es\/wp-json\/wp\/v2\/posts\/64107\/revisions"}],"predecessor-version":[{"id":64111,"href":"https:\/\/canfali.com\/ca-es\/wp-json\/wp\/v2\/posts\/64107\/revisions\/64111"}],"wp:featuredmedia":[{"embeddable":true,"href":"https:\/\/canfali.com\/ca-es\/wp-json\/wp\/v2\/media\/64108"}],"wp:attachment":[{"href":"https:\/\/canfali.com\/ca-es\/wp-json\/wp\/v2\/media?parent=64107"}],"wp:term":[{"taxonomy":"category","embeddable":true,"href":"https:\/\/canfali.com\/ca-es\/wp-json\/wp\/v2\/categories?post=64107"},{"taxonomy":"post_tag","embeddable":true,"href":"https:\/\/canfali.com\/ca-es\/wp-json\/wp\/v2\/tags?post=64107"}],"curies":[{"name":"wp","href":"https:\/\/api.w.org\/{rel}","templated":true}]}}