{"id":63978,"date":"2025-05-19T12:51:49","date_gmt":"2025-05-19T10:51:49","guid":{"rendered":"https:\/\/canfali.com\/no-a-les-especies-invasores-en-el-quisi-i-el-pou-roig\/"},"modified":"2025-05-19T12:53:58","modified_gmt":"2025-05-19T10:53:58","slug":"no-a-les-especies-invasores-en-el-quisi-i-el-pou-roig","status":"publish","type":"post","link":"https:\/\/canfali.com\/ca-es\/no-a-les-especies-invasores-en-el-quisi-i-el-pou-roig\/","title":{"rendered":"No a les esp\u00e8cies invasores en el Quisi i el Pou Roig"},"content":{"rendered":"\n<p>L&#8217;Ajuntament de Calp traur\u00e0 a licitaci\u00f3 la redacci\u00f3 del projecte de renaturalitzaci\u00f3 del tram urb\u00e0 dels barrancs del Quisi i del Pou Roig. Aquesta actuaci\u00f3 suposar\u00e0 l&#8217;eliminaci\u00f3 de les esp\u00e8cies invasores per a substituir-les per vegetaci\u00f3 aut\u00f2ctona amb la finalitat d&#8217;augmentar la biodiversitat de l&#8217;entorn i millorar i garantir la seguretat del barranc.<\/p>\n\n<p>\tLa redacci\u00f3 del projecte t\u00e8cnic t\u00e9 un pressupost basi de 30.000 euros i es preveu que es dugui a terme en un termini de 9 a 11 mesos. El projecte haur\u00e0 de contemplar l&#8217;eliminaci\u00f3 de la canya Arundo Donax, una esp\u00e8cie invasora que prolifera en el llit del barranc amb la finalitat d&#8217;evitar possibles obstruccions que comportarien el desbordament del riu en cas de grans avingudes d&#8217;aigua. Per a aix\u00f2 s&#8217;utilitzar\u00e0 la t\u00e8cnica de solaritzaci\u00f3 mitjan\u00e7ant lones negres amb les quals s&#8217;aconsegueix una elevada temperatura que mata l&#8217;arrel de la planta.<\/p>\n\n<p>\tEl projecte abasta \u00fanicament el tram urb\u00e0 dels barrancs del Quisi i del Pou Roig. Ara l&#8217;objectiu e que s&#8217;apliqui en tot el recorregut. Per aquest motiu, els ajuntamientos de Calp i Benissa s&#8217;han constitu\u00eft en agrupaci\u00f3 per a sol\u00b7licitar ajudes en l&#8217;\u00faltima convocat\u00f2ria de la Fundaci\u00f3 Biodiversitat, del Ministeri de Transici\u00f3 Ecol\u00f2gica, cofinan\u00e7ada pel Fons Europeu de Desenvolupament Regional (FEDER) i s&#8217;han comprom\u00e8s a treballar conjuntament per a obtenir l&#8217;autoritzaci\u00f3 de la CHJ.<\/p>\n","protected":false},"excerpt":{"rendered":"L&#8217;Ajuntament de Calp traur\u00e0 a licitaci\u00f3 la redacci\u00f3 del projecte de renaturalitzaci\u00f3 del tram urb\u00e0 dels barrancs del&hellip;","protected":false},"author":5,"featured_media":63976,"comment_status":"closed","ping_status":"closed","sticky":false,"template":"","format":"standard","meta":{"csco_display_header_overlay":false,"csco_singular_sidebar":"","csco_page_header_type":"","csco_page_load_nextpost":"","csco_post_video_location":[],"csco_post_video_location_hash":"","csco_post_video_url":"","csco_post_video_bg_start_time":0,"csco_post_video_bg_end_time":0,"footnotes":""},"categories":[614],"tags":[2261,2262],"class_list":{"0":"post-63978","1":"post","2":"type-post","3":"status-publish","4":"format-standard","5":"has-post-thumbnail","7":"category-municipal-ca-es","8":"tag-barrancs","9":"tag-especies-invasores","10":"cs-entry","11":"cs-video-wrap"},"yoast_head":"<!-- This site is optimized with the Yoast SEO Premium plugin v26.6 (Yoast SEO v27.3) - https:\/\/yoast.com\/product\/yoast-seo-premium-wordpress\/ -->\n<title>No a les esp\u00e8cies invasores en el Quisi i el Pou Roig - Canfali<\/title>\n<meta name=\"robots\" content=\"index, follow, max-snippet:-1, max-image-preview:large, max-video-preview:-1\" \/>\n<link rel=\"canonical\" href=\"https:\/\/canfali.com\/ca-es\/no-a-les-especies-invasores-en-el-quisi-i-el-pou-roig\/\" \/>\n<meta property=\"og:locale\" content=\"en_US\" \/>\n<meta property=\"og:type\" content=\"article\" \/>\n<meta property=\"og:title\" content=\"No a les esp\u00e8cies invasores en el Quisi i el Pou Roig\" \/>\n<meta property=\"og:description\" content=\"L&#8217;Ajuntament de Calp traur\u00e0 a licitaci\u00f3 la redacci\u00f3 del projecte de renaturalitzaci\u00f3 del tram urb\u00e0 dels barrancs del&hellip;\" \/>\n<meta property=\"og:url\" content=\"https:\/\/canfali.com\/ca-es\/no-a-les-especies-invasores-en-el-quisi-i-el-pou-roig\/\" \/>\n<meta property=\"og:site_name\" content=\"Canfali\" \/>\n<meta property=\"article:publisher\" content=\"https:\/\/es-es.facebook.com\/CANFALIMarinaAlta\" \/>\n<meta property=\"article:published_time\" content=\"2025-05-19T10:51:49+00:00\" \/>\n<meta property=\"article:modified_time\" content=\"2025-05-19T10:53:58+00:00\" \/>\n<meta property=\"og:image\" content=\"https:\/\/canfali.com\/app\/uploads\/2025\/05\/barran-quisi.jpg\" \/>\n\t<meta property=\"og:image:width\" content=\"2000\" \/>\n\t<meta property=\"og:image:height\" content=\"1126\" \/>\n\t<meta property=\"og:image:type\" content=\"image\/jpeg\" \/>\n<meta name=\"author\" content=\"D\u00eddac\" \/>\n<meta name=\"twitter:card\" content=\"summary_large_image\" \/>\n<meta name=\"twitter:creator\" content=\"@canfalima\" \/>\n<meta name=\"twitter:site\" content=\"@canfalima\" \/>\n<meta name=\"twitter:label1\" content=\"Written by\" \/>\n\t<meta name=\"twitter:data1\" content=\"D\u00eddac\" \/>\n\t<meta name=\"twitter:label2\" content=\"Est. reading time\" \/>\n\t<meta name=\"twitter:data2\" content=\"1 minute\" \/>\n<script type=\"application\/ld+json\" class=\"yoast-schema-graph\">{\"@context\":\"https:\\\/\\\/schema.org\",\"@graph\":[{\"@type\":\"NewsArticle\",\"@id\":\"https:\\\/\\\/canfali.com\\\/ca-es\\\/no-a-les-especies-invasores-en-el-quisi-i-el-pou-roig\\\/#article\",\"isPartOf\":{\"@id\":\"https:\\\/\\\/canfali.com\\\/ca-es\\\/no-a-les-especies-invasores-en-el-quisi-i-el-pou-roig\\\/\"},\"author\":{\"name\":\"D\u00eddac\",\"@id\":\"https:\\\/\\\/canfali.com\\\/ca-es\\\/#\\\/schema\\\/person\\\/5211f51be1ed486a218e6a4f53355b6d\"},\"headline\":\"No a les esp\u00e8cies invasores en el Quisi i el Pou Roig\",\"datePublished\":\"2025-05-19T10:51:49+00:00\",\"dateModified\":\"2025-05-19T10:53:58+00:00\",\"mainEntityOfPage\":{\"@id\":\"https:\\\/\\\/canfali.com\\\/ca-es\\\/no-a-les-especies-invasores-en-el-quisi-i-el-pou-roig\\\/\"},\"wordCount\":256,\"publisher\":{\"@id\":\"https:\\\/\\\/canfali.com\\\/ca-es\\\/#organization\"},\"image\":{\"@id\":\"https:\\\/\\\/canfali.com\\\/ca-es\\\/no-a-les-especies-invasores-en-el-quisi-i-el-pou-roig\\\/#primaryimage\"},\"thumbnailUrl\":\"https:\\\/\\\/canfali.com\\\/app\\\/uploads\\\/2025\\\/05\\\/barran-quisi.jpg\",\"keywords\":[\"barrancs\",\"esp\u00e8cies invasores\"],\"articleSection\":[\"Municipal\"],\"inLanguage\":\"va-ES\",\"copyrightYear\":\"2025\",\"copyrightHolder\":{\"@id\":\"https:\\\/\\\/canfali.com\\\/#organization\"}},{\"@type\":\"WebPage\",\"@id\":\"https:\\\/\\\/canfali.com\\\/ca-es\\\/no-a-les-especies-invasores-en-el-quisi-i-el-pou-roig\\\/\",\"url\":\"https:\\\/\\\/canfali.com\\\/ca-es\\\/no-a-les-especies-invasores-en-el-quisi-i-el-pou-roig\\\/\",\"name\":\"No a les esp\u00e8cies invasores en el Quisi i el Pou Roig - Canfali\",\"isPartOf\":{\"@id\":\"https:\\\/\\\/canfali.com\\\/ca-es\\\/#website\"},\"primaryImageOfPage\":{\"@id\":\"https:\\\/\\\/canfali.com\\\/ca-es\\\/no-a-les-especies-invasores-en-el-quisi-i-el-pou-roig\\\/#primaryimage\"},\"image\":{\"@id\":\"https:\\\/\\\/canfali.com\\\/ca-es\\\/no-a-les-especies-invasores-en-el-quisi-i-el-pou-roig\\\/#primaryimage\"},\"thumbnailUrl\":\"https:\\\/\\\/canfali.com\\\/app\\\/uploads\\\/2025\\\/05\\\/barran-quisi.jpg\",\"datePublished\":\"2025-05-19T10:51:49+00:00\",\"dateModified\":\"2025-05-19T10:53:58+00:00\",\"breadcrumb\":{\"@id\":\"https:\\\/\\\/canfali.com\\\/ca-es\\\/no-a-les-especies-invasores-en-el-quisi-i-el-pou-roig\\\/#breadcrumb\"},\"inLanguage\":\"va-ES\",\"potentialAction\":[{\"@type\":\"ReadAction\",\"target\":[\"https:\\\/\\\/canfali.com\\\/ca-es\\\/no-a-les-especies-invasores-en-el-quisi-i-el-pou-roig\\\/\"]}]},{\"@type\":\"ImageObject\",\"inLanguage\":\"va-ES\",\"@id\":\"https:\\\/\\\/canfali.com\\\/ca-es\\\/no-a-les-especies-invasores-en-el-quisi-i-el-pou-roig\\\/#primaryimage\",\"url\":\"https:\\\/\\\/canfali.com\\\/app\\\/uploads\\\/2025\\\/05\\\/barran-quisi.jpg\",\"contentUrl\":\"https:\\\/\\\/canfali.com\\\/app\\\/uploads\\\/2025\\\/05\\\/barran-quisi.jpg\",\"width\":2000,\"height\":1126},{\"@type\":\"BreadcrumbList\",\"@id\":\"https:\\\/\\\/canfali.com\\\/ca-es\\\/no-a-les-especies-invasores-en-el-quisi-i-el-pou-roig\\\/#breadcrumb\",\"itemListElement\":[{\"@type\":\"ListItem\",\"position\":1,\"name\":\"Portada\",\"item\":\"https:\\\/\\\/canfali.com\\\/ca-es\\\/\"},{\"@type\":\"ListItem\",\"position\":2,\"name\":\"No a les esp\u00e8cies invasores en el Quisi i el Pou Roig\"}]},{\"@type\":\"WebSite\",\"@id\":\"https:\\\/\\\/canfali.com\\\/ca-es\\\/#website\",\"url\":\"https:\\\/\\\/canfali.com\\\/ca-es\\\/\",\"name\":\"Canfali\",\"description\":\"\",\"publisher\":{\"@id\":\"https:\\\/\\\/canfali.com\\\/ca-es\\\/#organization\"},\"potentialAction\":[{\"@type\":\"SearchAction\",\"target\":{\"@type\":\"EntryPoint\",\"urlTemplate\":\"https:\\\/\\\/canfali.com\\\/ca-es\\\/?s={search_term_string}\"},\"query-input\":{\"@type\":\"PropertyValueSpecification\",\"valueRequired\":true,\"valueName\":\"search_term_string\"}}],\"inLanguage\":\"va-ES\"},{\"@type\":\"Organization\",\"@id\":\"https:\\\/\\\/canfali.com\\\/ca-es\\\/#organization\",\"name\":\"Canfali\",\"url\":\"https:\\\/\\\/canfali.com\\\/ca-es\\\/\",\"logo\":{\"@type\":\"ImageObject\",\"inLanguage\":\"va-ES\",\"@id\":\"https:\\\/\\\/canfali.com\\\/ca-es\\\/#\\\/schema\\\/logo\\\/image\\\/\",\"url\":\"https:\\\/\\\/canfali.com\\\/app\\\/uploads\\\/2025\\\/12\\\/canfali_marina_alta_logo.png\",\"contentUrl\":\"https:\\\/\\\/canfali.com\\\/app\\\/uploads\\\/2025\\\/12\\\/canfali_marina_alta_logo.png\",\"width\":225,\"height\":225,\"caption\":\"Canfali\"},\"image\":{\"@id\":\"https:\\\/\\\/canfali.com\\\/ca-es\\\/#\\\/schema\\\/logo\\\/image\\\/\"},\"sameAs\":[\"https:\\\/\\\/es-es.facebook.com\\\/CANFALIMarinaAlta\",\"https:\\\/\\\/x.com\\\/canfalima\",\"https:\\\/\\\/www.instagram.com\\\/canfalimarinaalta\\\/\"]},{\"@type\":\"Person\",\"@id\":\"https:\\\/\\\/canfali.com\\\/ca-es\\\/#\\\/schema\\\/person\\\/5211f51be1ed486a218e6a4f53355b6d\",\"name\":\"D\u00eddac\",\"image\":{\"@type\":\"ImageObject\",\"inLanguage\":\"va-ES\",\"@id\":\"https:\\\/\\\/secure.gravatar.com\\\/avatar\\\/a68a2078c12da8a6dd6cff4f3f3f69f7eb69a2d31ac1aac4da61c3761e4557f4?s=96&d=mm&r=g\",\"url\":\"https:\\\/\\\/secure.gravatar.com\\\/avatar\\\/a68a2078c12da8a6dd6cff4f3f3f69f7eb69a2d31ac1aac4da61c3761e4557f4?s=96&d=mm&r=g\",\"contentUrl\":\"https:\\\/\\\/secure.gravatar.com\\\/avatar\\\/a68a2078c12da8a6dd6cff4f3f3f69f7eb69a2d31ac1aac4da61c3761e4557f4?s=96&d=mm&r=g\",\"caption\":\"D\u00eddac\"},\"url\":\"https:\\\/\\\/canfali.com\\\/ca-es\\\/author\\\/didac\\\/\"}]}<\/script>\n<!-- \/ Yoast SEO Premium plugin. -->","yoast_head_json":{"title":"No a les esp\u00e8cies invasores en el Quisi i el Pou Roig - Canfali","robots":{"index":"index","follow":"follow","max-snippet":"max-snippet:-1","max-image-preview":"max-image-preview:large","max-video-preview":"max-video-preview:-1"},"canonical":"https:\/\/canfali.com\/ca-es\/no-a-les-especies-invasores-en-el-quisi-i-el-pou-roig\/","og_locale":"en_US","og_type":"article","og_title":"No a les esp\u00e8cies invasores en el Quisi i el Pou Roig","og_description":"L&#8217;Ajuntament de Calp traur\u00e0 a licitaci\u00f3 la redacci\u00f3 del projecte de renaturalitzaci\u00f3 del tram urb\u00e0 dels barrancs del&hellip;","og_url":"https:\/\/canfali.com\/ca-es\/no-a-les-especies-invasores-en-el-quisi-i-el-pou-roig\/","og_site_name":"Canfali","article_publisher":"https:\/\/es-es.facebook.com\/CANFALIMarinaAlta","article_published_time":"2025-05-19T10:51:49+00:00","article_modified_time":"2025-05-19T10:53:58+00:00","og_image":[{"width":2000,"height":1126,"url":"https:\/\/canfali.com\/app\/uploads\/2025\/05\/barran-quisi.jpg","type":"image\/jpeg"}],"author":"D\u00eddac","twitter_card":"summary_large_image","twitter_creator":"@canfalima","twitter_site":"@canfalima","twitter_misc":{"Written by":"D\u00eddac","Est. reading time":"1 minute"},"schema":{"@context":"https:\/\/schema.org","@graph":[{"@type":"NewsArticle","@id":"https:\/\/canfali.com\/ca-es\/no-a-les-especies-invasores-en-el-quisi-i-el-pou-roig\/#article","isPartOf":{"@id":"https:\/\/canfali.com\/ca-es\/no-a-les-especies-invasores-en-el-quisi-i-el-pou-roig\/"},"author":{"name":"D\u00eddac","@id":"https:\/\/canfali.com\/ca-es\/#\/schema\/person\/5211f51be1ed486a218e6a4f53355b6d"},"headline":"No a les esp\u00e8cies invasores en el Quisi i el Pou Roig","datePublished":"2025-05-19T10:51:49+00:00","dateModified":"2025-05-19T10:53:58+00:00","mainEntityOfPage":{"@id":"https:\/\/canfali.com\/ca-es\/no-a-les-especies-invasores-en-el-quisi-i-el-pou-roig\/"},"wordCount":256,"publisher":{"@id":"https:\/\/canfali.com\/ca-es\/#organization"},"image":{"@id":"https:\/\/canfali.com\/ca-es\/no-a-les-especies-invasores-en-el-quisi-i-el-pou-roig\/#primaryimage"},"thumbnailUrl":"https:\/\/canfali.com\/app\/uploads\/2025\/05\/barran-quisi.jpg","keywords":["barrancs","esp\u00e8cies invasores"],"articleSection":["Municipal"],"inLanguage":"va-ES","copyrightYear":"2025","copyrightHolder":{"@id":"https:\/\/canfali.com\/#organization"}},{"@type":"WebPage","@id":"https:\/\/canfali.com\/ca-es\/no-a-les-especies-invasores-en-el-quisi-i-el-pou-roig\/","url":"https:\/\/canfali.com\/ca-es\/no-a-les-especies-invasores-en-el-quisi-i-el-pou-roig\/","name":"No a les esp\u00e8cies invasores en el Quisi i el Pou Roig - Canfali","isPartOf":{"@id":"https:\/\/canfali.com\/ca-es\/#website"},"primaryImageOfPage":{"@id":"https:\/\/canfali.com\/ca-es\/no-a-les-especies-invasores-en-el-quisi-i-el-pou-roig\/#primaryimage"},"image":{"@id":"https:\/\/canfali.com\/ca-es\/no-a-les-especies-invasores-en-el-quisi-i-el-pou-roig\/#primaryimage"},"thumbnailUrl":"https:\/\/canfali.com\/app\/uploads\/2025\/05\/barran-quisi.jpg","datePublished":"2025-05-19T10:51:49+00:00","dateModified":"2025-05-19T10:53:58+00:00","breadcrumb":{"@id":"https:\/\/canfali.com\/ca-es\/no-a-les-especies-invasores-en-el-quisi-i-el-pou-roig\/#breadcrumb"},"inLanguage":"va-ES","potentialAction":[{"@type":"ReadAction","target":["https:\/\/canfali.com\/ca-es\/no-a-les-especies-invasores-en-el-quisi-i-el-pou-roig\/"]}]},{"@type":"ImageObject","inLanguage":"va-ES","@id":"https:\/\/canfali.com\/ca-es\/no-a-les-especies-invasores-en-el-quisi-i-el-pou-roig\/#primaryimage","url":"https:\/\/canfali.com\/app\/uploads\/2025\/05\/barran-quisi.jpg","contentUrl":"https:\/\/canfali.com\/app\/uploads\/2025\/05\/barran-quisi.jpg","width":2000,"height":1126},{"@type":"BreadcrumbList","@id":"https:\/\/canfali.com\/ca-es\/no-a-les-especies-invasores-en-el-quisi-i-el-pou-roig\/#breadcrumb","itemListElement":[{"@type":"ListItem","position":1,"name":"Portada","item":"https:\/\/canfali.com\/ca-es\/"},{"@type":"ListItem","position":2,"name":"No a les esp\u00e8cies invasores en el Quisi i el Pou Roig"}]},{"@type":"WebSite","@id":"https:\/\/canfali.com\/ca-es\/#website","url":"https:\/\/canfali.com\/ca-es\/","name":"Canfali","description":"","publisher":{"@id":"https:\/\/canfali.com\/ca-es\/#organization"},"potentialAction":[{"@type":"SearchAction","target":{"@type":"EntryPoint","urlTemplate":"https:\/\/canfali.com\/ca-es\/?s={search_term_string}"},"query-input":{"@type":"PropertyValueSpecification","valueRequired":true,"valueName":"search_term_string"}}],"inLanguage":"va-ES"},{"@type":"Organization","@id":"https:\/\/canfali.com\/ca-es\/#organization","name":"Canfali","url":"https:\/\/canfali.com\/ca-es\/","logo":{"@type":"ImageObject","inLanguage":"va-ES","@id":"https:\/\/canfali.com\/ca-es\/#\/schema\/logo\/image\/","url":"https:\/\/canfali.com\/app\/uploads\/2025\/12\/canfali_marina_alta_logo.png","contentUrl":"https:\/\/canfali.com\/app\/uploads\/2025\/12\/canfali_marina_alta_logo.png","width":225,"height":225,"caption":"Canfali"},"image":{"@id":"https:\/\/canfali.com\/ca-es\/#\/schema\/logo\/image\/"},"sameAs":["https:\/\/es-es.facebook.com\/CANFALIMarinaAlta","https:\/\/x.com\/canfalima","https:\/\/www.instagram.com\/canfalimarinaalta\/"]},{"@type":"Person","@id":"https:\/\/canfali.com\/ca-es\/#\/schema\/person\/5211f51be1ed486a218e6a4f53355b6d","name":"D\u00eddac","image":{"@type":"ImageObject","inLanguage":"va-ES","@id":"https:\/\/secure.gravatar.com\/avatar\/a68a2078c12da8a6dd6cff4f3f3f69f7eb69a2d31ac1aac4da61c3761e4557f4?s=96&d=mm&r=g","url":"https:\/\/secure.gravatar.com\/avatar\/a68a2078c12da8a6dd6cff4f3f3f69f7eb69a2d31ac1aac4da61c3761e4557f4?s=96&d=mm&r=g","contentUrl":"https:\/\/secure.gravatar.com\/avatar\/a68a2078c12da8a6dd6cff4f3f3f69f7eb69a2d31ac1aac4da61c3761e4557f4?s=96&d=mm&r=g","caption":"D\u00eddac"},"url":"https:\/\/canfali.com\/ca-es\/author\/didac\/"}]}},"_links":{"self":[{"href":"https:\/\/canfali.com\/ca-es\/wp-json\/wp\/v2\/posts\/63978","targetHints":{"allow":["GET"]}}],"collection":[{"href":"https:\/\/canfali.com\/ca-es\/wp-json\/wp\/v2\/posts"}],"about":[{"href":"https:\/\/canfali.com\/ca-es\/wp-json\/wp\/v2\/types\/post"}],"author":[{"embeddable":true,"href":"https:\/\/canfali.com\/ca-es\/wp-json\/wp\/v2\/users\/5"}],"replies":[{"embeddable":true,"href":"https:\/\/canfali.com\/ca-es\/wp-json\/wp\/v2\/comments?post=63978"}],"version-history":[{"count":1,"href":"https:\/\/canfali.com\/ca-es\/wp-json\/wp\/v2\/posts\/63978\/revisions"}],"predecessor-version":[{"id":63979,"href":"https:\/\/canfali.com\/ca-es\/wp-json\/wp\/v2\/posts\/63978\/revisions\/63979"}],"wp:featuredmedia":[{"embeddable":true,"href":"https:\/\/canfali.com\/ca-es\/wp-json\/wp\/v2\/media\/63976"}],"wp:attachment":[{"href":"https:\/\/canfali.com\/ca-es\/wp-json\/wp\/v2\/media?parent=63978"}],"wp:term":[{"taxonomy":"category","embeddable":true,"href":"https:\/\/canfali.com\/ca-es\/wp-json\/wp\/v2\/categories?post=63978"},{"taxonomy":"post_tag","embeddable":true,"href":"https:\/\/canfali.com\/ca-es\/wp-json\/wp\/v2\/tags?post=63978"}],"curies":[{"name":"wp","href":"https:\/\/api.w.org\/{rel}","templated":true}]}}