{"id":63936,"date":"2025-05-18T23:02:13","date_gmt":"2025-05-18T21:02:13","guid":{"rendered":"https:\/\/canfali.com\/segona-ffcv-el-teulada-resisteix-a-per-el-titol\/"},"modified":"2025-05-19T14:34:26","modified_gmt":"2025-05-19T12:34:26","slug":"segona-ffcv-el-teulada-resisteix-a-per-el-titol","status":"publish","type":"post","link":"https:\/\/canfali.com\/ca-es\/segona-ffcv-el-teulada-resisteix-a-per-el-titol\/","title":{"rendered":"Segona FFCV: El Teulada resisteix a per el t\u00edtol"},"content":{"rendered":"\n<p>El Teulada resisteix, fins al final, en el seu afany per aconseguir la primera pla\u00e7a del Grup VI de la Segona FFCV. En esta jornada va tornar a guanyar, per 2-0 davant l\u2019Orba, i es va situar provisionalment al capdavant de la classificaci\u00f3, a l\u2019espera que el l\u00edder, el Simat, disputara posteriorment el seu partit. Per\u00f2 els de la Safor no van fallar en un duel complicat a Oliva, que van resoldre en la segona meitat amb un rotund 0-3.<br\/><\/p>\n\n<p>El Teulada va encarrilar prompte el seu encontre amb un gol de Ra\u00fal als 13 minuts, i Moreno va sentenciar en el 47, en un partit sense massa hist\u00f2ria. Amb la segona pla\u00e7a ja garantida, que dona dret al play-off d\u2019ascens, els de Cabe se la jugaran en l\u2019\u00faltima jornada al camp del Daim\u00fas per a aconseguir el lideratge, encara que amb poques opcions, ja que el Simat rep a casa un Almussafes que ja \u00e9s equip de Tercera FFCV, tot i que arriba en una din\u00e0mica positiva.<br\/><\/p>\n\n<p>En la resta de la jornada, el D\u00e9nia B es va donar una alegria amb un brillant triomf al camp de l\u2019Alginet per 1-4, amb gols de Dante, Adri\u00e1n (2) i Faye. Tots dos equips estan descendits des de fa diverses jornades, amb un D\u00e9nia condemnat a l\u2019\u00faltima pla\u00e7a.<br\/><\/p>\n\n<p>Per la seua banda, el Gorgos va jugar un gran partit contra el Cullera en el seu duel directe per la tercera pla\u00e7a (2-2). Es van avan\u00e7ar els locals per mitj\u00e0 d\u2019Axel als cinc minuts, per\u00f2 el Cullera va capgirar el marcador en l\u2019inici de la segona part. Andrei va posar l\u2019empat definitiu amb el temps complit. Les opcions del Gorgos per a ser tercer passen per guanyar a Orba i que el Benifair\u00f3 no guanye al camp del Safor Gandia.<br\/><\/p>\n","protected":false},"excerpt":{"rendered":"El Teulada resisteix, fins al final, en el seu afany per aconseguir la primera pla\u00e7a del Grup VI&hellip;","protected":false},"author":8,"featured_media":63934,"comment_status":"closed","ping_status":"closed","sticky":false,"template":"","format":"standard","meta":{"csco_display_header_overlay":false,"csco_singular_sidebar":"","csco_page_header_type":"","csco_page_load_nextpost":"","csco_post_video_location":[],"csco_post_video_location_hash":"","csco_post_video_url":"","csco_post_video_bg_start_time":0,"csco_post_video_bg_end_time":0,"footnotes":""},"categories":[573],"tags":[],"class_list":{"0":"post-63936","1":"post","2":"type-post","3":"status-publish","4":"format-standard","5":"has-post-thumbnail","7":"category-deportes-2","8":"cs-entry","9":"cs-video-wrap"},"yoast_head":"<!-- This site is optimized with the Yoast SEO Premium plugin v26.6 (Yoast SEO v27.3) - https:\/\/yoast.com\/product\/yoast-seo-premium-wordpress\/ -->\n<title>Segona FFCV: El Teulada resisteix a per el t\u00edtol - Canfali<\/title>\n<meta name=\"robots\" content=\"index, follow, max-snippet:-1, max-image-preview:large, max-video-preview:-1\" \/>\n<link rel=\"canonical\" href=\"https:\/\/canfali.com\/ca-es\/segona-ffcv-el-teulada-resisteix-a-per-el-titol\/\" \/>\n<meta property=\"og:locale\" content=\"en_US\" \/>\n<meta property=\"og:type\" content=\"article\" \/>\n<meta property=\"og:title\" content=\"Segona FFCV: El Teulada resisteix a per el t\u00edtol\" \/>\n<meta property=\"og:description\" content=\"El Teulada resisteix, fins al final, en el seu afany per aconseguir la primera pla\u00e7a del Grup VI&hellip;\" \/>\n<meta property=\"og:url\" content=\"https:\/\/canfali.com\/ca-es\/segona-ffcv-el-teulada-resisteix-a-per-el-titol\/\" \/>\n<meta property=\"og:site_name\" content=\"Canfali\" \/>\n<meta property=\"article:publisher\" content=\"https:\/\/es-es.facebook.com\/CANFALIMarinaAlta\" \/>\n<meta property=\"article:published_time\" content=\"2025-05-18T21:02:13+00:00\" \/>\n<meta property=\"article:modified_time\" content=\"2025-05-19T12:34:26+00:00\" \/>\n<meta property=\"og:image\" content=\"https:\/\/canfali.com\/app\/uploads\/2025\/05\/WhatsApp-Image-2025-05-12-at-11.42.13.jpeg\" \/>\n\t<meta property=\"og:image:width\" content=\"2048\" \/>\n\t<meta property=\"og:image:height\" content=\"1536\" \/>\n\t<meta property=\"og:image:type\" content=\"image\/jpeg\" \/>\n<meta name=\"author\" content=\"Lluis\" \/>\n<meta name=\"twitter:card\" content=\"summary_large_image\" \/>\n<meta name=\"twitter:creator\" content=\"@canfalima\" \/>\n<meta name=\"twitter:site\" content=\"@canfalima\" \/>\n<meta name=\"twitter:label1\" content=\"Written by\" \/>\n\t<meta name=\"twitter:data1\" content=\"Lluis\" \/>\n\t<meta name=\"twitter:label2\" content=\"Est. reading time\" \/>\n\t<meta name=\"twitter:data2\" content=\"2 minutes\" \/>\n<script type=\"application\/ld+json\" class=\"yoast-schema-graph\">{\"@context\":\"https:\\\/\\\/schema.org\",\"@graph\":[{\"@type\":\"NewsArticle\",\"@id\":\"https:\\\/\\\/canfali.com\\\/ca-es\\\/segona-ffcv-el-teulada-resisteix-a-per-el-titol\\\/#article\",\"isPartOf\":{\"@id\":\"https:\\\/\\\/canfali.com\\\/ca-es\\\/segona-ffcv-el-teulada-resisteix-a-per-el-titol\\\/\"},\"author\":{\"name\":\"Lluis\",\"@id\":\"https:\\\/\\\/canfali.com\\\/ca-es\\\/#\\\/schema\\\/person\\\/f540a86fb33e10daaae53c59ceaa1194\"},\"headline\":\"Segona FFCV: El Teulada resisteix a per el t\u00edtol\",\"datePublished\":\"2025-05-18T21:02:13+00:00\",\"dateModified\":\"2025-05-19T12:34:26+00:00\",\"mainEntityOfPage\":{\"@id\":\"https:\\\/\\\/canfali.com\\\/ca-es\\\/segona-ffcv-el-teulada-resisteix-a-per-el-titol\\\/\"},\"wordCount\":327,\"publisher\":{\"@id\":\"https:\\\/\\\/canfali.com\\\/ca-es\\\/#organization\"},\"image\":{\"@id\":\"https:\\\/\\\/canfali.com\\\/ca-es\\\/segona-ffcv-el-teulada-resisteix-a-per-el-titol\\\/#primaryimage\"},\"thumbnailUrl\":\"https:\\\/\\\/canfali.com\\\/app\\\/uploads\\\/2025\\\/05\\\/WhatsApp-Image-2025-05-12-at-11.42.13.jpeg\",\"articleSection\":[\"Deportes\"],\"inLanguage\":\"va-ES\",\"copyrightYear\":\"2025\",\"copyrightHolder\":{\"@id\":\"https:\\\/\\\/canfali.com\\\/#organization\"}},{\"@type\":\"WebPage\",\"@id\":\"https:\\\/\\\/canfali.com\\\/ca-es\\\/segona-ffcv-el-teulada-resisteix-a-per-el-titol\\\/\",\"url\":\"https:\\\/\\\/canfali.com\\\/ca-es\\\/segona-ffcv-el-teulada-resisteix-a-per-el-titol\\\/\",\"name\":\"Segona FFCV: El Teulada resisteix a per el t\u00edtol - Canfali\",\"isPartOf\":{\"@id\":\"https:\\\/\\\/canfali.com\\\/ca-es\\\/#website\"},\"primaryImageOfPage\":{\"@id\":\"https:\\\/\\\/canfali.com\\\/ca-es\\\/segona-ffcv-el-teulada-resisteix-a-per-el-titol\\\/#primaryimage\"},\"image\":{\"@id\":\"https:\\\/\\\/canfali.com\\\/ca-es\\\/segona-ffcv-el-teulada-resisteix-a-per-el-titol\\\/#primaryimage\"},\"thumbnailUrl\":\"https:\\\/\\\/canfali.com\\\/app\\\/uploads\\\/2025\\\/05\\\/WhatsApp-Image-2025-05-12-at-11.42.13.jpeg\",\"datePublished\":\"2025-05-18T21:02:13+00:00\",\"dateModified\":\"2025-05-19T12:34:26+00:00\",\"breadcrumb\":{\"@id\":\"https:\\\/\\\/canfali.com\\\/ca-es\\\/segona-ffcv-el-teulada-resisteix-a-per-el-titol\\\/#breadcrumb\"},\"inLanguage\":\"va-ES\",\"potentialAction\":[{\"@type\":\"ReadAction\",\"target\":[\"https:\\\/\\\/canfali.com\\\/ca-es\\\/segona-ffcv-el-teulada-resisteix-a-per-el-titol\\\/\"]}]},{\"@type\":\"ImageObject\",\"inLanguage\":\"va-ES\",\"@id\":\"https:\\\/\\\/canfali.com\\\/ca-es\\\/segona-ffcv-el-teulada-resisteix-a-per-el-titol\\\/#primaryimage\",\"url\":\"https:\\\/\\\/canfali.com\\\/app\\\/uploads\\\/2025\\\/05\\\/WhatsApp-Image-2025-05-12-at-11.42.13.jpeg\",\"contentUrl\":\"https:\\\/\\\/canfali.com\\\/app\\\/uploads\\\/2025\\\/05\\\/WhatsApp-Image-2025-05-12-at-11.42.13.jpeg\",\"width\":2048,\"height\":1536},{\"@type\":\"BreadcrumbList\",\"@id\":\"https:\\\/\\\/canfali.com\\\/ca-es\\\/segona-ffcv-el-teulada-resisteix-a-per-el-titol\\\/#breadcrumb\",\"itemListElement\":[{\"@type\":\"ListItem\",\"position\":1,\"name\":\"Portada\",\"item\":\"https:\\\/\\\/canfali.com\\\/ca-es\\\/\"},{\"@type\":\"ListItem\",\"position\":2,\"name\":\"Segona FFCV: El Teulada resisteix a per el t\u00edtol\"}]},{\"@type\":\"WebSite\",\"@id\":\"https:\\\/\\\/canfali.com\\\/ca-es\\\/#website\",\"url\":\"https:\\\/\\\/canfali.com\\\/ca-es\\\/\",\"name\":\"Canfali\",\"description\":\"\",\"publisher\":{\"@id\":\"https:\\\/\\\/canfali.com\\\/ca-es\\\/#organization\"},\"potentialAction\":[{\"@type\":\"SearchAction\",\"target\":{\"@type\":\"EntryPoint\",\"urlTemplate\":\"https:\\\/\\\/canfali.com\\\/ca-es\\\/?s={search_term_string}\"},\"query-input\":{\"@type\":\"PropertyValueSpecification\",\"valueRequired\":true,\"valueName\":\"search_term_string\"}}],\"inLanguage\":\"va-ES\"},{\"@type\":\"Organization\",\"@id\":\"https:\\\/\\\/canfali.com\\\/ca-es\\\/#organization\",\"name\":\"Canfali\",\"url\":\"https:\\\/\\\/canfali.com\\\/ca-es\\\/\",\"logo\":{\"@type\":\"ImageObject\",\"inLanguage\":\"va-ES\",\"@id\":\"https:\\\/\\\/canfali.com\\\/ca-es\\\/#\\\/schema\\\/logo\\\/image\\\/\",\"url\":\"https:\\\/\\\/canfali.com\\\/app\\\/uploads\\\/2025\\\/12\\\/canfali_marina_alta_logo.png\",\"contentUrl\":\"https:\\\/\\\/canfali.com\\\/app\\\/uploads\\\/2025\\\/12\\\/canfali_marina_alta_logo.png\",\"width\":225,\"height\":225,\"caption\":\"Canfali\"},\"image\":{\"@id\":\"https:\\\/\\\/canfali.com\\\/ca-es\\\/#\\\/schema\\\/logo\\\/image\\\/\"},\"sameAs\":[\"https:\\\/\\\/es-es.facebook.com\\\/CANFALIMarinaAlta\",\"https:\\\/\\\/x.com\\\/canfalima\",\"https:\\\/\\\/www.instagram.com\\\/canfalimarinaalta\\\/\"]},{\"@type\":\"Person\",\"@id\":\"https:\\\/\\\/canfali.com\\\/ca-es\\\/#\\\/schema\\\/person\\\/f540a86fb33e10daaae53c59ceaa1194\",\"name\":\"Lluis\",\"image\":{\"@type\":\"ImageObject\",\"inLanguage\":\"va-ES\",\"@id\":\"https:\\\/\\\/secure.gravatar.com\\\/avatar\\\/a21ec8835290e4e02ed0886b8cb327d807d0eb6ec8ccf25d4c2a0a415f506c0d?s=96&d=mm&r=g\",\"url\":\"https:\\\/\\\/secure.gravatar.com\\\/avatar\\\/a21ec8835290e4e02ed0886b8cb327d807d0eb6ec8ccf25d4c2a0a415f506c0d?s=96&d=mm&r=g\",\"contentUrl\":\"https:\\\/\\\/secure.gravatar.com\\\/avatar\\\/a21ec8835290e4e02ed0886b8cb327d807d0eb6ec8ccf25d4c2a0a415f506c0d?s=96&d=mm&r=g\",\"caption\":\"Lluis\"},\"url\":\"https:\\\/\\\/canfali.com\\\/ca-es\\\/author\\\/lluis\\\/\"}]}<\/script>\n<!-- \/ Yoast SEO Premium plugin. -->","yoast_head_json":{"title":"Segona FFCV: El Teulada resisteix a per el t\u00edtol - Canfali","robots":{"index":"index","follow":"follow","max-snippet":"max-snippet:-1","max-image-preview":"max-image-preview:large","max-video-preview":"max-video-preview:-1"},"canonical":"https:\/\/canfali.com\/ca-es\/segona-ffcv-el-teulada-resisteix-a-per-el-titol\/","og_locale":"en_US","og_type":"article","og_title":"Segona FFCV: El Teulada resisteix a per el t\u00edtol","og_description":"El Teulada resisteix, fins al final, en el seu afany per aconseguir la primera pla\u00e7a del Grup VI&hellip;","og_url":"https:\/\/canfali.com\/ca-es\/segona-ffcv-el-teulada-resisteix-a-per-el-titol\/","og_site_name":"Canfali","article_publisher":"https:\/\/es-es.facebook.com\/CANFALIMarinaAlta","article_published_time":"2025-05-18T21:02:13+00:00","article_modified_time":"2025-05-19T12:34:26+00:00","og_image":[{"width":2048,"height":1536,"url":"https:\/\/canfali.com\/app\/uploads\/2025\/05\/WhatsApp-Image-2025-05-12-at-11.42.13.jpeg","type":"image\/jpeg"}],"author":"Lluis","twitter_card":"summary_large_image","twitter_creator":"@canfalima","twitter_site":"@canfalima","twitter_misc":{"Written by":"Lluis","Est. reading time":"2 minutes"},"schema":{"@context":"https:\/\/schema.org","@graph":[{"@type":"NewsArticle","@id":"https:\/\/canfali.com\/ca-es\/segona-ffcv-el-teulada-resisteix-a-per-el-titol\/#article","isPartOf":{"@id":"https:\/\/canfali.com\/ca-es\/segona-ffcv-el-teulada-resisteix-a-per-el-titol\/"},"author":{"name":"Lluis","@id":"https:\/\/canfali.com\/ca-es\/#\/schema\/person\/f540a86fb33e10daaae53c59ceaa1194"},"headline":"Segona FFCV: El Teulada resisteix a per el t\u00edtol","datePublished":"2025-05-18T21:02:13+00:00","dateModified":"2025-05-19T12:34:26+00:00","mainEntityOfPage":{"@id":"https:\/\/canfali.com\/ca-es\/segona-ffcv-el-teulada-resisteix-a-per-el-titol\/"},"wordCount":327,"publisher":{"@id":"https:\/\/canfali.com\/ca-es\/#organization"},"image":{"@id":"https:\/\/canfali.com\/ca-es\/segona-ffcv-el-teulada-resisteix-a-per-el-titol\/#primaryimage"},"thumbnailUrl":"https:\/\/canfali.com\/app\/uploads\/2025\/05\/WhatsApp-Image-2025-05-12-at-11.42.13.jpeg","articleSection":["Deportes"],"inLanguage":"va-ES","copyrightYear":"2025","copyrightHolder":{"@id":"https:\/\/canfali.com\/#organization"}},{"@type":"WebPage","@id":"https:\/\/canfali.com\/ca-es\/segona-ffcv-el-teulada-resisteix-a-per-el-titol\/","url":"https:\/\/canfali.com\/ca-es\/segona-ffcv-el-teulada-resisteix-a-per-el-titol\/","name":"Segona FFCV: El Teulada resisteix a per el t\u00edtol - Canfali","isPartOf":{"@id":"https:\/\/canfali.com\/ca-es\/#website"},"primaryImageOfPage":{"@id":"https:\/\/canfali.com\/ca-es\/segona-ffcv-el-teulada-resisteix-a-per-el-titol\/#primaryimage"},"image":{"@id":"https:\/\/canfali.com\/ca-es\/segona-ffcv-el-teulada-resisteix-a-per-el-titol\/#primaryimage"},"thumbnailUrl":"https:\/\/canfali.com\/app\/uploads\/2025\/05\/WhatsApp-Image-2025-05-12-at-11.42.13.jpeg","datePublished":"2025-05-18T21:02:13+00:00","dateModified":"2025-05-19T12:34:26+00:00","breadcrumb":{"@id":"https:\/\/canfali.com\/ca-es\/segona-ffcv-el-teulada-resisteix-a-per-el-titol\/#breadcrumb"},"inLanguage":"va-ES","potentialAction":[{"@type":"ReadAction","target":["https:\/\/canfali.com\/ca-es\/segona-ffcv-el-teulada-resisteix-a-per-el-titol\/"]}]},{"@type":"ImageObject","inLanguage":"va-ES","@id":"https:\/\/canfali.com\/ca-es\/segona-ffcv-el-teulada-resisteix-a-per-el-titol\/#primaryimage","url":"https:\/\/canfali.com\/app\/uploads\/2025\/05\/WhatsApp-Image-2025-05-12-at-11.42.13.jpeg","contentUrl":"https:\/\/canfali.com\/app\/uploads\/2025\/05\/WhatsApp-Image-2025-05-12-at-11.42.13.jpeg","width":2048,"height":1536},{"@type":"BreadcrumbList","@id":"https:\/\/canfali.com\/ca-es\/segona-ffcv-el-teulada-resisteix-a-per-el-titol\/#breadcrumb","itemListElement":[{"@type":"ListItem","position":1,"name":"Portada","item":"https:\/\/canfali.com\/ca-es\/"},{"@type":"ListItem","position":2,"name":"Segona FFCV: El Teulada resisteix a per el t\u00edtol"}]},{"@type":"WebSite","@id":"https:\/\/canfali.com\/ca-es\/#website","url":"https:\/\/canfali.com\/ca-es\/","name":"Canfali","description":"","publisher":{"@id":"https:\/\/canfali.com\/ca-es\/#organization"},"potentialAction":[{"@type":"SearchAction","target":{"@type":"EntryPoint","urlTemplate":"https:\/\/canfali.com\/ca-es\/?s={search_term_string}"},"query-input":{"@type":"PropertyValueSpecification","valueRequired":true,"valueName":"search_term_string"}}],"inLanguage":"va-ES"},{"@type":"Organization","@id":"https:\/\/canfali.com\/ca-es\/#organization","name":"Canfali","url":"https:\/\/canfali.com\/ca-es\/","logo":{"@type":"ImageObject","inLanguage":"va-ES","@id":"https:\/\/canfali.com\/ca-es\/#\/schema\/logo\/image\/","url":"https:\/\/canfali.com\/app\/uploads\/2025\/12\/canfali_marina_alta_logo.png","contentUrl":"https:\/\/canfali.com\/app\/uploads\/2025\/12\/canfali_marina_alta_logo.png","width":225,"height":225,"caption":"Canfali"},"image":{"@id":"https:\/\/canfali.com\/ca-es\/#\/schema\/logo\/image\/"},"sameAs":["https:\/\/es-es.facebook.com\/CANFALIMarinaAlta","https:\/\/x.com\/canfalima","https:\/\/www.instagram.com\/canfalimarinaalta\/"]},{"@type":"Person","@id":"https:\/\/canfali.com\/ca-es\/#\/schema\/person\/f540a86fb33e10daaae53c59ceaa1194","name":"Lluis","image":{"@type":"ImageObject","inLanguage":"va-ES","@id":"https:\/\/secure.gravatar.com\/avatar\/a21ec8835290e4e02ed0886b8cb327d807d0eb6ec8ccf25d4c2a0a415f506c0d?s=96&d=mm&r=g","url":"https:\/\/secure.gravatar.com\/avatar\/a21ec8835290e4e02ed0886b8cb327d807d0eb6ec8ccf25d4c2a0a415f506c0d?s=96&d=mm&r=g","contentUrl":"https:\/\/secure.gravatar.com\/avatar\/a21ec8835290e4e02ed0886b8cb327d807d0eb6ec8ccf25d4c2a0a415f506c0d?s=96&d=mm&r=g","caption":"Lluis"},"url":"https:\/\/canfali.com\/ca-es\/author\/lluis\/"}]}},"_links":{"self":[{"href":"https:\/\/canfali.com\/ca-es\/wp-json\/wp\/v2\/posts\/63936","targetHints":{"allow":["GET"]}}],"collection":[{"href":"https:\/\/canfali.com\/ca-es\/wp-json\/wp\/v2\/posts"}],"about":[{"href":"https:\/\/canfali.com\/ca-es\/wp-json\/wp\/v2\/types\/post"}],"author":[{"embeddable":true,"href":"https:\/\/canfali.com\/ca-es\/wp-json\/wp\/v2\/users\/8"}],"replies":[{"embeddable":true,"href":"https:\/\/canfali.com\/ca-es\/wp-json\/wp\/v2\/comments?post=63936"}],"version-history":[{"count":1,"href":"https:\/\/canfali.com\/ca-es\/wp-json\/wp\/v2\/posts\/63936\/revisions"}],"predecessor-version":[{"id":63937,"href":"https:\/\/canfali.com\/ca-es\/wp-json\/wp\/v2\/posts\/63936\/revisions\/63937"}],"wp:featuredmedia":[{"embeddable":true,"href":"https:\/\/canfali.com\/ca-es\/wp-json\/wp\/v2\/media\/63934"}],"wp:attachment":[{"href":"https:\/\/canfali.com\/ca-es\/wp-json\/wp\/v2\/media?parent=63936"}],"wp:term":[{"taxonomy":"category","embeddable":true,"href":"https:\/\/canfali.com\/ca-es\/wp-json\/wp\/v2\/categories?post=63936"},{"taxonomy":"post_tag","embeddable":true,"href":"https:\/\/canfali.com\/ca-es\/wp-json\/wp\/v2\/tags?post=63936"}],"curies":[{"name":"wp","href":"https:\/\/api.w.org\/{rel}","templated":true}]}}