{"id":63930,"date":"2025-05-18T22:53:06","date_gmt":"2025-05-18T20:53:06","guid":{"rendered":"https:\/\/canfali.com\/tercera-ffcv-el-verger-jugara-el-play-off-dascens\/"},"modified":"2025-05-19T14:34:43","modified_gmt":"2025-05-19T12:34:43","slug":"tercera-ffcv-el-verger-jugara-el-play-off-dascens","status":"publish","type":"post","link":"https:\/\/canfali.com\/ca-es\/tercera-ffcv-el-verger-jugara-el-play-off-dascens\/","title":{"rendered":"Tercera FFCV: El Verger jugar\u00e0 el play-off d\u2019ascens"},"content":{"rendered":"\n<p>El Verger s\u2019ha assegurat la segona pla\u00e7a del grup XII de la Tercera FFCV, que dona dret a disputar el play-off d\u2019ascens. El conjunt que dirigeix Isaac va aconseguir un empat a casa davant un Calp que va demostrar ser un bon equip. Es van avan\u00e7ar els locals amb el gol de Paolo, quan tan sols faltaven 20 minuts per al final, per\u00f2 Ferran va posar l\u2019empat poc despr\u00e9s. Al Verger li valia l\u2019empat per a certificar la segona posici\u00f3.<br\/><\/p>\n\n<p>No li va fer falta, per tant, el triomf per golejada del Benitatxell al camp del Campello B, rival directe del Verger en la lluita per la pla\u00e7a de play-off. Encara que Rub\u00e9n Ortol\u00e0 va posar el 0-1 als 7 minuts, el conjunt del Buitre no va poder sentenciar fins ben avan\u00e7ada la segona part, quan al minut 75 hi hagu\u00e9 un gol en pr\u00f2pia porta, i despr\u00e9s arribaren els gols de Javi i Juan Vicente, quasi al final. El Benitatxell, gran campi\u00f3 del grup, avan\u00e7a en el seu prop\u00f2sit d\u2019acabar la lliga invicte.<br\/><\/p>\n\n<p>La setmana que ve conclou el campionat amb una jornada, per tant, intranscendent.<br\/><\/p>\n","protected":false},"excerpt":{"rendered":"El Verger s\u2019ha assegurat la segona pla\u00e7a del grup XII de la Tercera FFCV, que dona dret a&hellip;","protected":false},"author":8,"featured_media":63928,"comment_status":"closed","ping_status":"closed","sticky":false,"template":"","format":"standard","meta":{"csco_display_header_overlay":false,"csco_singular_sidebar":"","csco_page_header_type":"","csco_page_load_nextpost":"","csco_post_video_location":[],"csco_post_video_location_hash":"","csco_post_video_url":"","csco_post_video_bg_start_time":0,"csco_post_video_bg_end_time":0,"footnotes":""},"categories":[573],"tags":[],"class_list":{"0":"post-63930","1":"post","2":"type-post","3":"status-publish","4":"format-standard","5":"has-post-thumbnail","7":"category-deportes-2","8":"cs-entry","9":"cs-video-wrap"},"yoast_head":"<!-- This site is optimized with the Yoast SEO Premium plugin v26.6 (Yoast SEO v27.3) - https:\/\/yoast.com\/product\/yoast-seo-premium-wordpress\/ -->\n<title>Tercera FFCV: El Verger jugar\u00e0 el play-off d\u2019ascens - Canfali<\/title>\n<meta name=\"robots\" content=\"index, follow, max-snippet:-1, max-image-preview:large, max-video-preview:-1\" \/>\n<link rel=\"canonical\" href=\"https:\/\/canfali.com\/ca-es\/tercera-ffcv-el-verger-jugara-el-play-off-dascens\/\" \/>\n<meta property=\"og:locale\" content=\"en_US\" \/>\n<meta property=\"og:type\" content=\"article\" \/>\n<meta property=\"og:title\" content=\"Tercera FFCV: El Verger jugar\u00e0 el play-off d\u2019ascens\" \/>\n<meta property=\"og:description\" content=\"El Verger s\u2019ha assegurat la segona pla\u00e7a del grup XII de la Tercera FFCV, que dona dret a&hellip;\" \/>\n<meta property=\"og:url\" content=\"https:\/\/canfali.com\/ca-es\/tercera-ffcv-el-verger-jugara-el-play-off-dascens\/\" \/>\n<meta property=\"og:site_name\" content=\"Canfali\" \/>\n<meta property=\"article:publisher\" content=\"https:\/\/es-es.facebook.com\/CANFALIMarinaAlta\" \/>\n<meta property=\"article:published_time\" content=\"2025-05-18T20:53:06+00:00\" \/>\n<meta property=\"article:modified_time\" content=\"2025-05-19T12:34:43+00:00\" \/>\n<meta property=\"og:image\" content=\"https:\/\/canfali.com\/app\/uploads\/2025\/05\/5Q0A9777-scaled.jpg\" \/>\n\t<meta property=\"og:image:width\" content=\"2560\" \/>\n\t<meta property=\"og:image:height\" content=\"1866\" \/>\n\t<meta property=\"og:image:type\" content=\"image\/jpeg\" \/>\n<meta name=\"author\" content=\"Lluis\" \/>\n<meta name=\"twitter:card\" content=\"summary_large_image\" \/>\n<meta name=\"twitter:creator\" content=\"@canfalima\" \/>\n<meta name=\"twitter:site\" content=\"@canfalima\" \/>\n<meta name=\"twitter:label1\" content=\"Written by\" \/>\n\t<meta name=\"twitter:data1\" content=\"Lluis\" \/>\n\t<meta name=\"twitter:label2\" content=\"Est. reading time\" \/>\n\t<meta name=\"twitter:data2\" content=\"1 minute\" \/>\n<script type=\"application\/ld+json\" class=\"yoast-schema-graph\">{\"@context\":\"https:\\\/\\\/schema.org\",\"@graph\":[{\"@type\":\"NewsArticle\",\"@id\":\"https:\\\/\\\/canfali.com\\\/ca-es\\\/tercera-ffcv-el-verger-jugara-el-play-off-dascens\\\/#article\",\"isPartOf\":{\"@id\":\"https:\\\/\\\/canfali.com\\\/ca-es\\\/tercera-ffcv-el-verger-jugara-el-play-off-dascens\\\/\"},\"author\":{\"name\":\"Lluis\",\"@id\":\"https:\\\/\\\/canfali.com\\\/ca-es\\\/#\\\/schema\\\/person\\\/f540a86fb33e10daaae53c59ceaa1194\"},\"headline\":\"Tercera FFCV: El Verger jugar\u00e0 el play-off d\u2019ascens\",\"datePublished\":\"2025-05-18T20:53:06+00:00\",\"dateModified\":\"2025-05-19T12:34:43+00:00\",\"mainEntityOfPage\":{\"@id\":\"https:\\\/\\\/canfali.com\\\/ca-es\\\/tercera-ffcv-el-verger-jugara-el-play-off-dascens\\\/\"},\"wordCount\":208,\"publisher\":{\"@id\":\"https:\\\/\\\/canfali.com\\\/ca-es\\\/#organization\"},\"image\":{\"@id\":\"https:\\\/\\\/canfali.com\\\/ca-es\\\/tercera-ffcv-el-verger-jugara-el-play-off-dascens\\\/#primaryimage\"},\"thumbnailUrl\":\"https:\\\/\\\/canfali.com\\\/app\\\/uploads\\\/2025\\\/05\\\/5Q0A9777-scaled.jpg\",\"articleSection\":[\"Deportes\"],\"inLanguage\":\"va-ES\",\"copyrightYear\":\"2025\",\"copyrightHolder\":{\"@id\":\"https:\\\/\\\/canfali.com\\\/#organization\"}},{\"@type\":\"WebPage\",\"@id\":\"https:\\\/\\\/canfali.com\\\/ca-es\\\/tercera-ffcv-el-verger-jugara-el-play-off-dascens\\\/\",\"url\":\"https:\\\/\\\/canfali.com\\\/ca-es\\\/tercera-ffcv-el-verger-jugara-el-play-off-dascens\\\/\",\"name\":\"Tercera FFCV: El Verger jugar\u00e0 el play-off d\u2019ascens - Canfali\",\"isPartOf\":{\"@id\":\"https:\\\/\\\/canfali.com\\\/ca-es\\\/#website\"},\"primaryImageOfPage\":{\"@id\":\"https:\\\/\\\/canfali.com\\\/ca-es\\\/tercera-ffcv-el-verger-jugara-el-play-off-dascens\\\/#primaryimage\"},\"image\":{\"@id\":\"https:\\\/\\\/canfali.com\\\/ca-es\\\/tercera-ffcv-el-verger-jugara-el-play-off-dascens\\\/#primaryimage\"},\"thumbnailUrl\":\"https:\\\/\\\/canfali.com\\\/app\\\/uploads\\\/2025\\\/05\\\/5Q0A9777-scaled.jpg\",\"datePublished\":\"2025-05-18T20:53:06+00:00\",\"dateModified\":\"2025-05-19T12:34:43+00:00\",\"breadcrumb\":{\"@id\":\"https:\\\/\\\/canfali.com\\\/ca-es\\\/tercera-ffcv-el-verger-jugara-el-play-off-dascens\\\/#breadcrumb\"},\"inLanguage\":\"va-ES\",\"potentialAction\":[{\"@type\":\"ReadAction\",\"target\":[\"https:\\\/\\\/canfali.com\\\/ca-es\\\/tercera-ffcv-el-verger-jugara-el-play-off-dascens\\\/\"]}]},{\"@type\":\"ImageObject\",\"inLanguage\":\"va-ES\",\"@id\":\"https:\\\/\\\/canfali.com\\\/ca-es\\\/tercera-ffcv-el-verger-jugara-el-play-off-dascens\\\/#primaryimage\",\"url\":\"https:\\\/\\\/canfali.com\\\/app\\\/uploads\\\/2025\\\/05\\\/5Q0A9777-scaled.jpg\",\"contentUrl\":\"https:\\\/\\\/canfali.com\\\/app\\\/uploads\\\/2025\\\/05\\\/5Q0A9777-scaled.jpg\",\"width\":2560,\"height\":1866},{\"@type\":\"BreadcrumbList\",\"@id\":\"https:\\\/\\\/canfali.com\\\/ca-es\\\/tercera-ffcv-el-verger-jugara-el-play-off-dascens\\\/#breadcrumb\",\"itemListElement\":[{\"@type\":\"ListItem\",\"position\":1,\"name\":\"Portada\",\"item\":\"https:\\\/\\\/canfali.com\\\/ca-es\\\/\"},{\"@type\":\"ListItem\",\"position\":2,\"name\":\"Tercera FFCV: El Verger jugar\u00e0 el play-off d\u2019ascens\"}]},{\"@type\":\"WebSite\",\"@id\":\"https:\\\/\\\/canfali.com\\\/ca-es\\\/#website\",\"url\":\"https:\\\/\\\/canfali.com\\\/ca-es\\\/\",\"name\":\"Canfali\",\"description\":\"\",\"publisher\":{\"@id\":\"https:\\\/\\\/canfali.com\\\/ca-es\\\/#organization\"},\"potentialAction\":[{\"@type\":\"SearchAction\",\"target\":{\"@type\":\"EntryPoint\",\"urlTemplate\":\"https:\\\/\\\/canfali.com\\\/ca-es\\\/?s={search_term_string}\"},\"query-input\":{\"@type\":\"PropertyValueSpecification\",\"valueRequired\":true,\"valueName\":\"search_term_string\"}}],\"inLanguage\":\"va-ES\"},{\"@type\":\"Organization\",\"@id\":\"https:\\\/\\\/canfali.com\\\/ca-es\\\/#organization\",\"name\":\"Canfali\",\"url\":\"https:\\\/\\\/canfali.com\\\/ca-es\\\/\",\"logo\":{\"@type\":\"ImageObject\",\"inLanguage\":\"va-ES\",\"@id\":\"https:\\\/\\\/canfali.com\\\/ca-es\\\/#\\\/schema\\\/logo\\\/image\\\/\",\"url\":\"https:\\\/\\\/canfali.com\\\/app\\\/uploads\\\/2025\\\/12\\\/canfali_marina_alta_logo.png\",\"contentUrl\":\"https:\\\/\\\/canfali.com\\\/app\\\/uploads\\\/2025\\\/12\\\/canfali_marina_alta_logo.png\",\"width\":225,\"height\":225,\"caption\":\"Canfali\"},\"image\":{\"@id\":\"https:\\\/\\\/canfali.com\\\/ca-es\\\/#\\\/schema\\\/logo\\\/image\\\/\"},\"sameAs\":[\"https:\\\/\\\/es-es.facebook.com\\\/CANFALIMarinaAlta\",\"https:\\\/\\\/x.com\\\/canfalima\",\"https:\\\/\\\/www.instagram.com\\\/canfalimarinaalta\\\/\"]},{\"@type\":\"Person\",\"@id\":\"https:\\\/\\\/canfali.com\\\/ca-es\\\/#\\\/schema\\\/person\\\/f540a86fb33e10daaae53c59ceaa1194\",\"name\":\"Lluis\",\"image\":{\"@type\":\"ImageObject\",\"inLanguage\":\"va-ES\",\"@id\":\"https:\\\/\\\/secure.gravatar.com\\\/avatar\\\/a21ec8835290e4e02ed0886b8cb327d807d0eb6ec8ccf25d4c2a0a415f506c0d?s=96&d=mm&r=g\",\"url\":\"https:\\\/\\\/secure.gravatar.com\\\/avatar\\\/a21ec8835290e4e02ed0886b8cb327d807d0eb6ec8ccf25d4c2a0a415f506c0d?s=96&d=mm&r=g\",\"contentUrl\":\"https:\\\/\\\/secure.gravatar.com\\\/avatar\\\/a21ec8835290e4e02ed0886b8cb327d807d0eb6ec8ccf25d4c2a0a415f506c0d?s=96&d=mm&r=g\",\"caption\":\"Lluis\"},\"url\":\"https:\\\/\\\/canfali.com\\\/ca-es\\\/author\\\/lluis\\\/\"}]}<\/script>\n<!-- \/ Yoast SEO Premium plugin. -->","yoast_head_json":{"title":"Tercera FFCV: El Verger jugar\u00e0 el play-off d\u2019ascens - Canfali","robots":{"index":"index","follow":"follow","max-snippet":"max-snippet:-1","max-image-preview":"max-image-preview:large","max-video-preview":"max-video-preview:-1"},"canonical":"https:\/\/canfali.com\/ca-es\/tercera-ffcv-el-verger-jugara-el-play-off-dascens\/","og_locale":"en_US","og_type":"article","og_title":"Tercera FFCV: El Verger jugar\u00e0 el play-off d\u2019ascens","og_description":"El Verger s\u2019ha assegurat la segona pla\u00e7a del grup XII de la Tercera FFCV, que dona dret a&hellip;","og_url":"https:\/\/canfali.com\/ca-es\/tercera-ffcv-el-verger-jugara-el-play-off-dascens\/","og_site_name":"Canfali","article_publisher":"https:\/\/es-es.facebook.com\/CANFALIMarinaAlta","article_published_time":"2025-05-18T20:53:06+00:00","article_modified_time":"2025-05-19T12:34:43+00:00","og_image":[{"width":2560,"height":1866,"url":"https:\/\/canfali.com\/app\/uploads\/2025\/05\/5Q0A9777-scaled.jpg","type":"image\/jpeg"}],"author":"Lluis","twitter_card":"summary_large_image","twitter_creator":"@canfalima","twitter_site":"@canfalima","twitter_misc":{"Written by":"Lluis","Est. reading time":"1 minute"},"schema":{"@context":"https:\/\/schema.org","@graph":[{"@type":"NewsArticle","@id":"https:\/\/canfali.com\/ca-es\/tercera-ffcv-el-verger-jugara-el-play-off-dascens\/#article","isPartOf":{"@id":"https:\/\/canfali.com\/ca-es\/tercera-ffcv-el-verger-jugara-el-play-off-dascens\/"},"author":{"name":"Lluis","@id":"https:\/\/canfali.com\/ca-es\/#\/schema\/person\/f540a86fb33e10daaae53c59ceaa1194"},"headline":"Tercera FFCV: El Verger jugar\u00e0 el play-off d\u2019ascens","datePublished":"2025-05-18T20:53:06+00:00","dateModified":"2025-05-19T12:34:43+00:00","mainEntityOfPage":{"@id":"https:\/\/canfali.com\/ca-es\/tercera-ffcv-el-verger-jugara-el-play-off-dascens\/"},"wordCount":208,"publisher":{"@id":"https:\/\/canfali.com\/ca-es\/#organization"},"image":{"@id":"https:\/\/canfali.com\/ca-es\/tercera-ffcv-el-verger-jugara-el-play-off-dascens\/#primaryimage"},"thumbnailUrl":"https:\/\/canfali.com\/app\/uploads\/2025\/05\/5Q0A9777-scaled.jpg","articleSection":["Deportes"],"inLanguage":"va-ES","copyrightYear":"2025","copyrightHolder":{"@id":"https:\/\/canfali.com\/#organization"}},{"@type":"WebPage","@id":"https:\/\/canfali.com\/ca-es\/tercera-ffcv-el-verger-jugara-el-play-off-dascens\/","url":"https:\/\/canfali.com\/ca-es\/tercera-ffcv-el-verger-jugara-el-play-off-dascens\/","name":"Tercera FFCV: El Verger jugar\u00e0 el play-off d\u2019ascens - Canfali","isPartOf":{"@id":"https:\/\/canfali.com\/ca-es\/#website"},"primaryImageOfPage":{"@id":"https:\/\/canfali.com\/ca-es\/tercera-ffcv-el-verger-jugara-el-play-off-dascens\/#primaryimage"},"image":{"@id":"https:\/\/canfali.com\/ca-es\/tercera-ffcv-el-verger-jugara-el-play-off-dascens\/#primaryimage"},"thumbnailUrl":"https:\/\/canfali.com\/app\/uploads\/2025\/05\/5Q0A9777-scaled.jpg","datePublished":"2025-05-18T20:53:06+00:00","dateModified":"2025-05-19T12:34:43+00:00","breadcrumb":{"@id":"https:\/\/canfali.com\/ca-es\/tercera-ffcv-el-verger-jugara-el-play-off-dascens\/#breadcrumb"},"inLanguage":"va-ES","potentialAction":[{"@type":"ReadAction","target":["https:\/\/canfali.com\/ca-es\/tercera-ffcv-el-verger-jugara-el-play-off-dascens\/"]}]},{"@type":"ImageObject","inLanguage":"va-ES","@id":"https:\/\/canfali.com\/ca-es\/tercera-ffcv-el-verger-jugara-el-play-off-dascens\/#primaryimage","url":"https:\/\/canfali.com\/app\/uploads\/2025\/05\/5Q0A9777-scaled.jpg","contentUrl":"https:\/\/canfali.com\/app\/uploads\/2025\/05\/5Q0A9777-scaled.jpg","width":2560,"height":1866},{"@type":"BreadcrumbList","@id":"https:\/\/canfali.com\/ca-es\/tercera-ffcv-el-verger-jugara-el-play-off-dascens\/#breadcrumb","itemListElement":[{"@type":"ListItem","position":1,"name":"Portada","item":"https:\/\/canfali.com\/ca-es\/"},{"@type":"ListItem","position":2,"name":"Tercera FFCV: El Verger jugar\u00e0 el play-off d\u2019ascens"}]},{"@type":"WebSite","@id":"https:\/\/canfali.com\/ca-es\/#website","url":"https:\/\/canfali.com\/ca-es\/","name":"Canfali","description":"","publisher":{"@id":"https:\/\/canfali.com\/ca-es\/#organization"},"potentialAction":[{"@type":"SearchAction","target":{"@type":"EntryPoint","urlTemplate":"https:\/\/canfali.com\/ca-es\/?s={search_term_string}"},"query-input":{"@type":"PropertyValueSpecification","valueRequired":true,"valueName":"search_term_string"}}],"inLanguage":"va-ES"},{"@type":"Organization","@id":"https:\/\/canfali.com\/ca-es\/#organization","name":"Canfali","url":"https:\/\/canfali.com\/ca-es\/","logo":{"@type":"ImageObject","inLanguage":"va-ES","@id":"https:\/\/canfali.com\/ca-es\/#\/schema\/logo\/image\/","url":"https:\/\/canfali.com\/app\/uploads\/2025\/12\/canfali_marina_alta_logo.png","contentUrl":"https:\/\/canfali.com\/app\/uploads\/2025\/12\/canfali_marina_alta_logo.png","width":225,"height":225,"caption":"Canfali"},"image":{"@id":"https:\/\/canfali.com\/ca-es\/#\/schema\/logo\/image\/"},"sameAs":["https:\/\/es-es.facebook.com\/CANFALIMarinaAlta","https:\/\/x.com\/canfalima","https:\/\/www.instagram.com\/canfalimarinaalta\/"]},{"@type":"Person","@id":"https:\/\/canfali.com\/ca-es\/#\/schema\/person\/f540a86fb33e10daaae53c59ceaa1194","name":"Lluis","image":{"@type":"ImageObject","inLanguage":"va-ES","@id":"https:\/\/secure.gravatar.com\/avatar\/a21ec8835290e4e02ed0886b8cb327d807d0eb6ec8ccf25d4c2a0a415f506c0d?s=96&d=mm&r=g","url":"https:\/\/secure.gravatar.com\/avatar\/a21ec8835290e4e02ed0886b8cb327d807d0eb6ec8ccf25d4c2a0a415f506c0d?s=96&d=mm&r=g","contentUrl":"https:\/\/secure.gravatar.com\/avatar\/a21ec8835290e4e02ed0886b8cb327d807d0eb6ec8ccf25d4c2a0a415f506c0d?s=96&d=mm&r=g","caption":"Lluis"},"url":"https:\/\/canfali.com\/ca-es\/author\/lluis\/"}]}},"_links":{"self":[{"href":"https:\/\/canfali.com\/ca-es\/wp-json\/wp\/v2\/posts\/63930","targetHints":{"allow":["GET"]}}],"collection":[{"href":"https:\/\/canfali.com\/ca-es\/wp-json\/wp\/v2\/posts"}],"about":[{"href":"https:\/\/canfali.com\/ca-es\/wp-json\/wp\/v2\/types\/post"}],"author":[{"embeddable":true,"href":"https:\/\/canfali.com\/ca-es\/wp-json\/wp\/v2\/users\/8"}],"replies":[{"embeddable":true,"href":"https:\/\/canfali.com\/ca-es\/wp-json\/wp\/v2\/comments?post=63930"}],"version-history":[{"count":1,"href":"https:\/\/canfali.com\/ca-es\/wp-json\/wp\/v2\/posts\/63930\/revisions"}],"predecessor-version":[{"id":63931,"href":"https:\/\/canfali.com\/ca-es\/wp-json\/wp\/v2\/posts\/63930\/revisions\/63931"}],"wp:featuredmedia":[{"embeddable":true,"href":"https:\/\/canfali.com\/ca-es\/wp-json\/wp\/v2\/media\/63928"}],"wp:attachment":[{"href":"https:\/\/canfali.com\/ca-es\/wp-json\/wp\/v2\/media?parent=63930"}],"wp:term":[{"taxonomy":"category","embeddable":true,"href":"https:\/\/canfali.com\/ca-es\/wp-json\/wp\/v2\/categories?post=63930"},{"taxonomy":"post_tag","embeddable":true,"href":"https:\/\/canfali.com\/ca-es\/wp-json\/wp\/v2\/tags?post=63930"}],"curies":[{"name":"wp","href":"https:\/\/api.w.org\/{rel}","templated":true}]}}